{"id":8897,"date":"2019-04-24T19:14:49","date_gmt":"2019-04-24T17:14:49","guid":{"rendered":"http:\/\/www.radlobby.org\/noe\/?p=8897"},"modified":"2019-04-24T19:16:01","modified_gmt":"2019-04-24T17:16:01","slug":"27-april-2019-radboersen-in-neunkirchen-und-ternitz","status":"publish","type":"post","link":"https:\/\/www.radlobby.org\/noe\/27-april-2019-radboersen-in-neunkirchen-und-ternitz\/","title":{"rendered":"27. April 2019: Radb\u00f6rsen in Neunkirchen und Ternitz"},"content":{"rendered":"<p>Wer ein gebrauchtes Rad abgeben oder kaufen m\u00f6chte, sollte sich hier umsehen &#8230;<br \/>\nIn Ternitz gibts auch Infos von der Radlobby Schwarzatal<\/p>\n<p><a href=\"https:\/\/www.radlobby.org\/noe\/wp-content\/uploads\/20190427-Radb\u00f6rse-Neunkirchen.jpg\" data-src=\"https:\/\/www.radlobby.org\/noe\/wp-content\/uploads\/20190427-Radb\u00f6rse-Neunkirchen.jpg\" data-thumb=\"http:\/\/www.radlobby.org\/noe\/wp-content\/uploads\/20190427-Radb\u00f6rse-Neunkirchen-212x300.jpg\" class=\"ml-lightbox-enabled\"><img loading=\"lazy\" decoding=\"async\" class=\"alignnone size-medium wp-image-8894\" src=\"http:\/\/www.radlobby.org\/noe\/wp-content\/uploads\/20190427-Radb\u00f6rse-Neunkirchen-212x300.jpg\" alt=\"\" width=\"212\" height=\"300\" srcset=\"https:\/\/www.radlobby.org\/noe\/wp-content\/uploads\/20190427-Radb\u00f6rse-Neunkirchen-212x300.jpg 212w, https:\/\/www.radlobby.org\/noe\/wp-content\/uploads\/20190427-Radb\u00f6rse-Neunkirchen.jpg 600w\" sizes=\"auto, (max-width: 212px) 100vw, 212px\" \/><\/a> \u00a0<a href=\"https:\/\/www.radlobby.org\/noe\/wp-content\/uploads\/20190427-Radb\u00f6rse-Ternitz.jpg\" data-src=\"https:\/\/www.radlobby.org\/noe\/wp-content\/uploads\/20190427-Radb\u00f6rse-Ternitz.jpg\" data-thumb=\"http:\/\/www.radlobby.org\/noe\/wp-content\/uploads\/20190427-Radb\u00f6rse-Ternitz-212x300.jpg\" class=\"ml-lightbox-enabled\"><img loading=\"lazy\" decoding=\"async\" class=\"alignnone size-medium wp-image-8893\" src=\"http:\/\/www.radlobby.org\/noe\/wp-content\/uploads\/20190427-Radb\u00f6rse-Ternitz-212x300.jpg\" alt=\"\" width=\"212\" height=\"300\" srcset=\"https:\/\/www.radlobby.org\/noe\/wp-content\/uploads\/20190427-Radb\u00f6rse-Ternitz-212x300.jpg 212w, https:\/\/www.radlobby.org\/noe\/wp-content\/uploads\/20190427-Radb\u00f6rse-Ternitz.jpg 600w\" sizes=\"auto, (max-width: 212px) 100vw, 212px\" \/><\/a> \u00a0Bilder anklicken<\/p>\n","protected":false},"excerpt":{"rendered":"<p>Wer ein gebrauchtes Rad abgeben oder kaufen m\u00f6chte, sollte sich hier umsehen &#8230; In Ternitz gibts auch Infos von der Radlobby Schwarzatal \u00a0 \u00a0Bilder anklicken<\/p>\n","protected":false},"author":16,"featured_media":8898,"comment_status":"closed","ping_status":"closed","sticky":false,"template":"","format":"standard","meta":{"footnotes":""},"categories":[12],"tags":[194,69,41],"class_list":["post-8897","post","type-post","status-publish","format-standard","has-post-thumbnail","hentry","category-schwarzatal","tag-fahrradboerse","tag-radbazar","tag-radboerse"],"yoast_head":"<!-- This site is optimized with the Yoast SEO plugin v26.9 - https:\/\/yoast.com\/product\/yoast-seo-wordpress\/ -->\n<title>27. April 2019: Radb\u00f6rsen in Neunkirchen und Ternitz - Radlobby Nieder\u00f6sterreich<\/title>\n<meta name=\"robots\" content=\"index, follow, max-snippet:-1, max-image-preview:large, max-video-preview:-1\" \/>\n<link rel=\"canonical\" href=\"https:\/\/www.radlobby.org\/noe\/27-april-2019-radboersen-in-neunkirchen-und-ternitz\/\" \/>\n<meta property=\"og:locale\" content=\"de_DE\" \/>\n<meta property=\"og:type\" content=\"article\" \/>\n<meta property=\"og:title\" content=\"27. April 2019: Radb\u00f6rsen in Neunkirchen und Ternitz - Radlobby Nieder\u00f6sterreich\" \/>\n<meta property=\"og:description\" content=\"Wer ein gebrauchtes Rad abgeben oder kaufen m\u00f6chte, sollte sich hier umsehen &#8230; In Ternitz gibts auch Infos von der Radlobby Schwarzatal \u00a0 \u00a0Bilder anklicken\" \/>\n<meta property=\"og:url\" content=\"https:\/\/www.radlobby.org\/noe\/27-april-2019-radboersen-in-neunkirchen-und-ternitz\/\" \/>\n<meta property=\"og:site_name\" content=\"Radlobby Nieder\u00f6sterreich\" \/>\n<meta property=\"article:publisher\" content=\"https:\/\/www.facebook.com\/groups\/radfahren.in.noe\/\" \/>\n<meta property=\"article:published_time\" content=\"2019-04-24T17:14:49+00:00\" \/>\n<meta property=\"article:modified_time\" content=\"2019-04-24T17:16:01+00:00\" \/>\n<meta property=\"og:image\" content=\"https:\/\/www.radlobby.org\/noe\/wp-content\/uploads\/20190427-Radb\u00f6rse-Neunkirchen-Ternitz.jpg\" \/>\n\t<meta property=\"og:image:width\" content=\"431\" \/>\n\t<meta property=\"og:image:height\" content=\"300\" \/>\n\t<meta property=\"og:image:type\" content=\"image\/jpeg\" \/>\n<meta name=\"author\" content=\"Karl Zauner - Admin\" \/>\n<meta name=\"twitter:card\" content=\"summary_large_image\" \/>\n<meta name=\"twitter:label1\" content=\"Verfasst von\" \/>\n\t<meta name=\"twitter:data1\" content=\"Karl Zauner - Admin\" \/>\n<script type=\"application\/ld+json\" class=\"yoast-schema-graph\">{\"@context\":\"https:\/\/schema.org\",\"@graph\":[{\"@type\":\"Article\",\"@id\":\"https:\/\/www.radlobby.org\/noe\/27-april-2019-radboersen-in-neunkirchen-und-ternitz\/#article\",\"isPartOf\":{\"@id\":\"https:\/\/www.radlobby.org\/noe\/27-april-2019-radboersen-in-neunkirchen-und-ternitz\/\"},\"author\":{\"name\":\"Karl Zauner - Admin\",\"@id\":\"https:\/\/www.radlobby.org\/noe\/#\/schema\/person\/10547574c40a9e9ea65f92c73f3c516b\"},\"headline\":\"27. April 2019: Radb\u00f6rsen in Neunkirchen und Ternitz\",\"datePublished\":\"2019-04-24T17:14:49+00:00\",\"dateModified\":\"2019-04-24T17:16:01+00:00\",\"mainEntityOfPage\":{\"@id\":\"https:\/\/www.radlobby.org\/noe\/27-april-2019-radboersen-in-neunkirchen-und-ternitz\/\"},\"wordCount\":31,\"publisher\":{\"@id\":\"https:\/\/www.radlobby.org\/noe\/#organization\"},\"image\":{\"@id\":\"https:\/\/www.radlobby.org\/noe\/27-april-2019-radboersen-in-neunkirchen-und-ternitz\/#primaryimage\"},\"thumbnailUrl\":\"https:\/\/www.radlobby.org\/noe\/wp-content\/uploads\/20190427-Radb\u00f6rse-Neunkirchen-Ternitz.jpg\",\"keywords\":[\"Fahrradb\u00f6rse\",\"Radbazar\",\"Radb\u00f6rse\"],\"articleSection\":[\"Radlobby Schwarzatal\"],\"inLanguage\":\"de\"},{\"@type\":\"WebPage\",\"@id\":\"https:\/\/www.radlobby.org\/noe\/27-april-2019-radboersen-in-neunkirchen-und-ternitz\/\",\"url\":\"https:\/\/www.radlobby.org\/noe\/27-april-2019-radboersen-in-neunkirchen-und-ternitz\/\",\"name\":\"27. April 2019: Radb\u00f6rsen in Neunkirchen und Ternitz - Radlobby Nieder\u00f6sterreich\",\"isPartOf\":{\"@id\":\"https:\/\/www.radlobby.org\/noe\/#website\"},\"primaryImageOfPage\":{\"@id\":\"https:\/\/www.radlobby.org\/noe\/27-april-2019-radboersen-in-neunkirchen-und-ternitz\/#primaryimage\"},\"image\":{\"@id\":\"https:\/\/www.radlobby.org\/noe\/27-april-2019-radboersen-in-neunkirchen-und-ternitz\/#primaryimage\"},\"thumbnailUrl\":\"https:\/\/www.radlobby.org\/noe\/wp-content\/uploads\/20190427-Radb\u00f6rse-Neunkirchen-Ternitz.jpg\",\"datePublished\":\"2019-04-24T17:14:49+00:00\",\"dateModified\":\"2019-04-24T17:16:01+00:00\",\"breadcrumb\":{\"@id\":\"https:\/\/www.radlobby.org\/noe\/27-april-2019-radboersen-in-neunkirchen-und-ternitz\/#breadcrumb\"},\"inLanguage\":\"de\",\"potentialAction\":[{\"@type\":\"ReadAction\",\"target\":[\"https:\/\/www.radlobby.org\/noe\/27-april-2019-radboersen-in-neunkirchen-und-ternitz\/\"]}]},{\"@type\":\"ImageObject\",\"inLanguage\":\"de\",\"@id\":\"https:\/\/www.radlobby.org\/noe\/27-april-2019-radboersen-in-neunkirchen-und-ternitz\/#primaryimage\",\"url\":\"https:\/\/www.radlobby.org\/noe\/wp-content\/uploads\/20190427-Radb\u00f6rse-Neunkirchen-Ternitz.jpg\",\"contentUrl\":\"https:\/\/www.radlobby.org\/noe\/wp-content\/uploads\/20190427-Radb\u00f6rse-Neunkirchen-Ternitz.jpg\",\"width\":431,\"height\":300},{\"@type\":\"BreadcrumbList\",\"@id\":\"https:\/\/www.radlobby.org\/noe\/27-april-2019-radboersen-in-neunkirchen-und-ternitz\/#breadcrumb\",\"itemListElement\":[{\"@type\":\"ListItem\",\"position\":1,\"name\":\"Startseite\",\"item\":\"https:\/\/www.radlobby.org\/noe\/\"},{\"@type\":\"ListItem\",\"position\":2,\"name\":\"27. April 2019: Radb\u00f6rsen in Neunkirchen und Ternitz\"}]},{\"@type\":\"WebSite\",\"@id\":\"https:\/\/www.radlobby.org\/noe\/#website\",\"url\":\"https:\/\/www.radlobby.org\/noe\/\",\"name\":\"Radlobby Nieder\u00f6sterreich\",\"description\":\"Radverkehr, Fahrrad, Radfahren, Radreisen, Radtouren, Radweg\",\"publisher\":{\"@id\":\"https:\/\/www.radlobby.org\/noe\/#organization\"},\"potentialAction\":[{\"@type\":\"SearchAction\",\"target\":{\"@type\":\"EntryPoint\",\"urlTemplate\":\"https:\/\/www.radlobby.org\/noe\/?s={search_term_string}\"},\"query-input\":{\"@type\":\"PropertyValueSpecification\",\"valueRequired\":true,\"valueName\":\"search_term_string\"}}],\"inLanguage\":\"de\"},{\"@type\":\"Organization\",\"@id\":\"https:\/\/www.radlobby.org\/noe\/#organization\",\"name\":\"Radlobby Nieder\u00f6sterreich\",\"url\":\"https:\/\/www.radlobby.org\/noe\/\",\"logo\":{\"@type\":\"ImageObject\",\"inLanguage\":\"de\",\"@id\":\"https:\/\/www.radlobby.org\/noe\/#\/schema\/logo\/image\/\",\"url\":\"https:\/\/www.radlobby.org\/noe\/wp-content\/uploads\/2017\/01\/cropped-Logo_Radlobby_Niederoesterreich_50-400px_quer-1.jpg\",\"contentUrl\":\"https:\/\/www.radlobby.org\/noe\/wp-content\/uploads\/2017\/01\/cropped-Logo_Radlobby_Niederoesterreich_50-400px_quer-1.jpg\",\"width\":450,\"height\":124,\"caption\":\"Radlobby Nieder\u00f6sterreich\"},\"image\":{\"@id\":\"https:\/\/www.radlobby.org\/noe\/#\/schema\/logo\/image\/\"},\"sameAs\":[\"https:\/\/www.facebook.com\/groups\/radfahren.in.noe\/\"]},{\"@type\":\"Person\",\"@id\":\"https:\/\/www.radlobby.org\/noe\/#\/schema\/person\/10547574c40a9e9ea65f92c73f3c516b\",\"name\":\"Karl Zauner - Admin\",\"image\":{\"@type\":\"ImageObject\",\"inLanguage\":\"de\",\"@id\":\"https:\/\/www.radlobby.org\/noe\/#\/schema\/person\/image\/\",\"url\":\"https:\/\/secure.gravatar.com\/avatar\/c0be6303c1ffe16a7b1c79e07b12d4b29176a733c2a5e811b749965d4be12138?s=96&d=mm&r=g\",\"contentUrl\":\"https:\/\/secure.gravatar.com\/avatar\/c0be6303c1ffe16a7b1c79e07b12d4b29176a733c2a5e811b749965d4be12138?s=96&d=mm&r=g\",\"caption\":\"Karl Zauner - Admin\"},\"url\":\"https:\/\/www.radlobby.org\/noe\/author\/karlzauneradmin\/\"}]}<\/script>\n<!-- \/ Yoast SEO plugin. -->","yoast_head_json":{"title":"27. April 2019: Radb\u00f6rsen in Neunkirchen und Ternitz - Radlobby Nieder\u00f6sterreich","robots":{"index":"index","follow":"follow","max-snippet":"max-snippet:-1","max-image-preview":"max-image-preview:large","max-video-preview":"max-video-preview:-1"},"canonical":"https:\/\/www.radlobby.org\/noe\/27-april-2019-radboersen-in-neunkirchen-und-ternitz\/","og_locale":"de_DE","og_type":"article","og_title":"27. April 2019: Radb\u00f6rsen in Neunkirchen und Ternitz - Radlobby Nieder\u00f6sterreich","og_description":"Wer ein gebrauchtes Rad abgeben oder kaufen m\u00f6chte, sollte sich hier umsehen &#8230; In Ternitz gibts auch Infos von der Radlobby Schwarzatal \u00a0 \u00a0Bilder anklicken","og_url":"https:\/\/www.radlobby.org\/noe\/27-april-2019-radboersen-in-neunkirchen-und-ternitz\/","og_site_name":"Radlobby Nieder\u00f6sterreich","article_publisher":"https:\/\/www.facebook.com\/groups\/radfahren.in.noe\/","article_published_time":"2019-04-24T17:14:49+00:00","article_modified_time":"2019-04-24T17:16:01+00:00","og_image":[{"width":431,"height":300,"url":"https:\/\/www.radlobby.org\/noe\/wp-content\/uploads\/20190427-Radb\u00f6rse-Neunkirchen-Ternitz.jpg","type":"image\/jpeg"}],"author":"Karl Zauner - Admin","twitter_card":"summary_large_image","twitter_misc":{"Verfasst von":"Karl Zauner - Admin"},"schema":{"@context":"https:\/\/schema.org","@graph":[{"@type":"Article","@id":"https:\/\/www.radlobby.org\/noe\/27-april-2019-radboersen-in-neunkirchen-und-ternitz\/#article","isPartOf":{"@id":"https:\/\/www.radlobby.org\/noe\/27-april-2019-radboersen-in-neunkirchen-und-ternitz\/"},"author":{"name":"Karl Zauner - Admin","@id":"https:\/\/www.radlobby.org\/noe\/#\/schema\/person\/10547574c40a9e9ea65f92c73f3c516b"},"headline":"27. April 2019: Radb\u00f6rsen in Neunkirchen und Ternitz","datePublished":"2019-04-24T17:14:49+00:00","dateModified":"2019-04-24T17:16:01+00:00","mainEntityOfPage":{"@id":"https:\/\/www.radlobby.org\/noe\/27-april-2019-radboersen-in-neunkirchen-und-ternitz\/"},"wordCount":31,"publisher":{"@id":"https:\/\/www.radlobby.org\/noe\/#organization"},"image":{"@id":"https:\/\/www.radlobby.org\/noe\/27-april-2019-radboersen-in-neunkirchen-und-ternitz\/#primaryimage"},"thumbnailUrl":"https:\/\/www.radlobby.org\/noe\/wp-content\/uploads\/20190427-Radb\u00f6rse-Neunkirchen-Ternitz.jpg","keywords":["Fahrradb\u00f6rse","Radbazar","Radb\u00f6rse"],"articleSection":["Radlobby Schwarzatal"],"inLanguage":"de"},{"@type":"WebPage","@id":"https:\/\/www.radlobby.org\/noe\/27-april-2019-radboersen-in-neunkirchen-und-ternitz\/","url":"https:\/\/www.radlobby.org\/noe\/27-april-2019-radboersen-in-neunkirchen-und-ternitz\/","name":"27. April 2019: Radb\u00f6rsen in Neunkirchen und Ternitz - Radlobby Nieder\u00f6sterreich","isPartOf":{"@id":"https:\/\/www.radlobby.org\/noe\/#website"},"primaryImageOfPage":{"@id":"https:\/\/www.radlobby.org\/noe\/27-april-2019-radboersen-in-neunkirchen-und-ternitz\/#primaryimage"},"image":{"@id":"https:\/\/www.radlobby.org\/noe\/27-april-2019-radboersen-in-neunkirchen-und-ternitz\/#primaryimage"},"thumbnailUrl":"https:\/\/www.radlobby.org\/noe\/wp-content\/uploads\/20190427-Radb\u00f6rse-Neunkirchen-Ternitz.jpg","datePublished":"2019-04-24T17:14:49+00:00","dateModified":"2019-04-24T17:16:01+00:00","breadcrumb":{"@id":"https:\/\/www.radlobby.org\/noe\/27-april-2019-radboersen-in-neunkirchen-und-ternitz\/#breadcrumb"},"inLanguage":"de","potentialAction":[{"@type":"ReadAction","target":["https:\/\/www.radlobby.org\/noe\/27-april-2019-radboersen-in-neunkirchen-und-ternitz\/"]}]},{"@type":"ImageObject","inLanguage":"de","@id":"https:\/\/www.radlobby.org\/noe\/27-april-2019-radboersen-in-neunkirchen-und-ternitz\/#primaryimage","url":"https:\/\/www.radlobby.org\/noe\/wp-content\/uploads\/20190427-Radb\u00f6rse-Neunkirchen-Ternitz.jpg","contentUrl":"https:\/\/www.radlobby.org\/noe\/wp-content\/uploads\/20190427-Radb\u00f6rse-Neunkirchen-Ternitz.jpg","width":431,"height":300},{"@type":"BreadcrumbList","@id":"https:\/\/www.radlobby.org\/noe\/27-april-2019-radboersen-in-neunkirchen-und-ternitz\/#breadcrumb","itemListElement":[{"@type":"ListItem","position":1,"name":"Startseite","item":"https:\/\/www.radlobby.org\/noe\/"},{"@type":"ListItem","position":2,"name":"27. April 2019: Radb\u00f6rsen in Neunkirchen und Ternitz"}]},{"@type":"WebSite","@id":"https:\/\/www.radlobby.org\/noe\/#website","url":"https:\/\/www.radlobby.org\/noe\/","name":"Radlobby Nieder\u00f6sterreich","description":"Radverkehr, Fahrrad, Radfahren, Radreisen, Radtouren, Radweg","publisher":{"@id":"https:\/\/www.radlobby.org\/noe\/#organization"},"potentialAction":[{"@type":"SearchAction","target":{"@type":"EntryPoint","urlTemplate":"https:\/\/www.radlobby.org\/noe\/?s={search_term_string}"},"query-input":{"@type":"PropertyValueSpecification","valueRequired":true,"valueName":"search_term_string"}}],"inLanguage":"de"},{"@type":"Organization","@id":"https:\/\/www.radlobby.org\/noe\/#organization","name":"Radlobby Nieder\u00f6sterreich","url":"https:\/\/www.radlobby.org\/noe\/","logo":{"@type":"ImageObject","inLanguage":"de","@id":"https:\/\/www.radlobby.org\/noe\/#\/schema\/logo\/image\/","url":"https:\/\/www.radlobby.org\/noe\/wp-content\/uploads\/2017\/01\/cropped-Logo_Radlobby_Niederoesterreich_50-400px_quer-1.jpg","contentUrl":"https:\/\/www.radlobby.org\/noe\/wp-content\/uploads\/2017\/01\/cropped-Logo_Radlobby_Niederoesterreich_50-400px_quer-1.jpg","width":450,"height":124,"caption":"Radlobby Nieder\u00f6sterreich"},"image":{"@id":"https:\/\/www.radlobby.org\/noe\/#\/schema\/logo\/image\/"},"sameAs":["https:\/\/www.facebook.com\/groups\/radfahren.in.noe\/"]},{"@type":"Person","@id":"https:\/\/www.radlobby.org\/noe\/#\/schema\/person\/10547574c40a9e9ea65f92c73f3c516b","name":"Karl Zauner - Admin","image":{"@type":"ImageObject","inLanguage":"de","@id":"https:\/\/www.radlobby.org\/noe\/#\/schema\/person\/image\/","url":"https:\/\/secure.gravatar.com\/avatar\/c0be6303c1ffe16a7b1c79e07b12d4b29176a733c2a5e811b749965d4be12138?s=96&d=mm&r=g","contentUrl":"https:\/\/secure.gravatar.com\/avatar\/c0be6303c1ffe16a7b1c79e07b12d4b29176a733c2a5e811b749965d4be12138?s=96&d=mm&r=g","caption":"Karl Zauner - Admin"},"url":"https:\/\/www.radlobby.org\/noe\/author\/karlzauneradmin\/"}]}},"_links":{"self":[{"href":"https:\/\/www.radlobby.org\/noe\/wp-json\/wp\/v2\/posts\/8897","targetHints":{"allow":["GET"]}}],"collection":[{"href":"https:\/\/www.radlobby.org\/noe\/wp-json\/wp\/v2\/posts"}],"about":[{"href":"https:\/\/www.radlobby.org\/noe\/wp-json\/wp\/v2\/types\/post"}],"author":[{"embeddable":true,"href":"https:\/\/www.radlobby.org\/noe\/wp-json\/wp\/v2\/users\/16"}],"replies":[{"embeddable":true,"href":"https:\/\/www.radlobby.org\/noe\/wp-json\/wp\/v2\/comments?post=8897"}],"version-history":[{"count":0,"href":"https:\/\/www.radlobby.org\/noe\/wp-json\/wp\/v2\/posts\/8897\/revisions"}],"wp:featuredmedia":[{"embeddable":true,"href":"https:\/\/www.radlobby.org\/noe\/wp-json\/wp\/v2\/media\/8898"}],"wp:attachment":[{"href":"https:\/\/www.radlobby.org\/noe\/wp-json\/wp\/v2\/media?parent=8897"}],"wp:term":[{"taxonomy":"category","embeddable":true,"href":"https:\/\/www.radlobby.org\/noe\/wp-json\/wp\/v2\/categories?post=8897"},{"taxonomy":"post_tag","embeddable":true,"href":"https:\/\/www.radlobby.org\/noe\/wp-json\/wp\/v2\/tags?post=8897"}],"curies":[{"name":"wp","href":"https:\/\/api.w.org\/{rel}","templated":true}]}}