{"id":8783,"date":"2019-05-18T15:00:25","date_gmt":"2019-05-18T13:00:25","guid":{"rendered":"http:\/\/www.radlobby.org\/noe\/?p=8783"},"modified":"2019-05-20T21:15:16","modified_gmt":"2019-05-20T19:15:16","slug":"12-oesterreichischer-radgipfel-graz-27-bis-29-mai-2019","status":"publish","type":"post","link":"https:\/\/www.radlobby.org\/noe\/12-oesterreichischer-radgipfel-graz-27-bis-29-mai-2019\/","title":{"rendered":"12. \u00d6sterreichischer Radgipfel <br>Graz &#8211; 27. bis 29. Mai 2019"},"content":{"rendered":"<p><strong><a href=\"https:\/\/www.radlobby.org\/noe\/wp-content\/uploads\/Radgipfel2019-1.jpg\" data-src=\"https:\/\/www.radlobby.org\/noe\/wp-content\/uploads\/Radgipfel2019-1.jpg\" data-thumb=\"http:\/\/www.radlobby.org\/noe\/wp-content\/uploads\/Radgipfel2019-1-236x300.jpg\" class=\"ml-lightbox-enabled\"><img loading=\"lazy\" decoding=\"async\" class=\"size-medium wp-image-8782 alignleft\" src=\"http:\/\/www.radlobby.org\/noe\/wp-content\/uploads\/Radgipfel2019-1-236x300.jpg\" alt=\"\" width=\"236\" height=\"300\" srcset=\"https:\/\/www.radlobby.org\/noe\/wp-content\/uploads\/Radgipfel2019-1-236x300.jpg 236w, https:\/\/www.radlobby.org\/noe\/wp-content\/uploads\/Radgipfel2019-1.jpg 528w\" sizes=\"auto, (max-width: 236px) 100vw, 236px\" \/><\/a>radfahren.verbindet<\/strong><\/p>\n<p>\u2022 <a href=\"http:\/\/www.radlobby.org\/noe\/wp-content\/uploads\/Radgipfel2019.pdf\" target=\"_blank\" rel=\"noopener noreferrer\">PROGRAMM<\/a> (pdf)<br \/>\n\u2022 <a href=\"https:\/\/cyclingsummit.fgm.at\/\" target=\"_blank\" rel=\"noopener noreferrer\">ANMELDUNG<\/a><\/p>\n<p>Die Steirische Radfahrhauptstadt Graz l\u00e4dt die Besucherinnen und Besucher des Radgipfels drei Tage lang ein, in den Dialog mit nationalen und internationalen Expertinnen und Experten zu treten.<\/p>\n<p>Der 12. \u00d6sterreichische Radgipfel steht unter dem Leitmotiv radfahren.verbindet. Ein bewusst gew\u00e4hltes Leitthema, das eine sehr weit gefasste Interpretation zul\u00e4sst, denn das Thema Radverkehr kann sehr vielschichtig gesehen werden!<br \/>\nUm diese Vielseitigkeit auch in das\u00a0<a href=\"http:\/\/radgipfel2019.zgis.at\/programm\/\" target=\"_blank\" rel=\"noopener noreferrer\">Veranstaltungsprogramm<\/a>\u00a0zu \u00fcbertragen, fand heuer wieder ein offener Call for Contributions (Papers &amp; Posters) statt. Zahlreiche hochqualitative Einreichungen erm\u00f6glichen am Radgipfel in Graz \u00fcber 50 spannende Vortr\u00e4ge im Plenum und in Parallelsessions. Weiters bieten eine umfangreiche Aussteller-Expo, eine Poster- \/ Ballon-Session sowie ein Fahrraddiebstahlschutz-Workshop des Grazer Urban Mobility Labs, gute M\u00f6glichkeiten, Fachwissen auszutauschen und vertiefte Gespr\u00e4che zu f\u00fchren.<\/p>\n<h5>Die Keynotes: Was verbindet Graz, Ljubljana und Groningen?<\/h5>\n<p>Die diesj\u00e4hrigen Keynote-Vortr\u00e4ge legen den Fokus auf \u201eRadverkehr im urbanen Umfeld\u201c. Graz, Ljubljana und Groningen, drei St\u00e4dte mit \u00e4hnlicher Ausgangslage in Bezug auf Fl\u00e4che, Bev\u00f6lkerung und Topographie, haben auff\u00e4llige Unterschiede in der Zugangsweise, in der sie eine passende Ausgangslage f\u00fcr den Radverkehr schaffen wollen. Was verbindet diese St\u00e4dte, was unterscheidet sie, und welche Schl\u00fcsse lassen sich aus unterschiedlichen oder \u00e4hnlichen Zug\u00e4ngen zum Radverkehr ziehen? Ein Einblick in die Vergangenheit, Gegenwart und Zukunft dieser St\u00e4dte, kombiniert mit einem Ausflug in ihr Umland \u2013 die Stadtregionen.<\/p>\n<h5>Die Ausfahrten und Exkursionen<\/h5>\n<p>Ein weiterer H\u00f6hepunkt ist heuer die Kooperation mit dem \u201e<a href=\"https:\/\/www.graz.at\/cms\/ziel\/7760259\/DE\" target=\"_blank\" rel=\"noopener noreferrer\">CityRadeln Graz<\/a>\u201c, ein Radkorso durch die Grazer Innenstadt, der mit einer Radparty im \u201eDom im Berg\u201c endet. Zum Abschluss des Radgipfels laden spannende Exkursionen zur Entdeckung der lokalen Besonderheiten in Graz ein.<\/p>\n<p>Die\u00a0<a href=\"https:\/\/cyclingsummit.fgm.at\/\" target=\"_blank\" rel=\"noopener noreferrer\">Anmeldung<\/a>\u00a0zum 12. \u00d6sterreichischen Radgipfel ist ab sofort bis zum 17. Mai kostenfrei m\u00f6glich. Beachten Sie, dass die Anzahl der TeilnehmerInnen begrenzt ist und melden Sie sich zeitnah an. Wir freuen uns, Sie bald in Graz begr\u00fc\u00dfen zu d\u00fcrfen!<\/p>\n","protected":false},"excerpt":{"rendered":"<p>radfahren.verbindet \u2022 PROGRAMM (pdf) \u2022 ANMELDUNG Die Steirische Radfahrhauptstadt Graz l\u00e4dt die Besucherinnen und Besucher des Radgipfels drei Tage lang ein, in den Dialog mit nationalen und internationalen Expertinnen und Experten zu treten. Der 12. \u00d6sterreichische Radgipfel steht unter dem<\/p>\n","protected":false},"author":16,"featured_media":8782,"comment_status":"closed","ping_status":"closed","sticky":false,"template":"","format":"standard","meta":{"footnotes":""},"categories":[20],"tags":[261,260],"class_list":["post-8783","post","type-post","status-publish","format-standard","has-post-thumbnail","hentry","category-niederoesterreich","tag-radgipfel","tag-tagung"],"yoast_head":"<!-- This site is optimized with the Yoast SEO plugin v26.9 - https:\/\/yoast.com\/product\/yoast-seo-wordpress\/ -->\n<title>12. \u00d6sterreichischer Radgipfel Graz - 27. bis 29. Mai 2019 - Radlobby Nieder\u00f6sterreich<\/title>\n<meta name=\"robots\" content=\"index, follow, max-snippet:-1, max-image-preview:large, max-video-preview:-1\" \/>\n<link rel=\"canonical\" href=\"https:\/\/www.radlobby.org\/noe\/12-oesterreichischer-radgipfel-graz-27-bis-29-mai-2019\/\" \/>\n<meta property=\"og:locale\" content=\"de_DE\" \/>\n<meta property=\"og:type\" content=\"article\" \/>\n<meta property=\"og:title\" content=\"12. \u00d6sterreichischer Radgipfel Graz - 27. bis 29. Mai 2019 - Radlobby Nieder\u00f6sterreich\" \/>\n<meta property=\"og:description\" content=\"radfahren.verbindet \u2022 PROGRAMM (pdf) \u2022 ANMELDUNG Die Steirische Radfahrhauptstadt Graz l\u00e4dt die Besucherinnen und Besucher des Radgipfels drei Tage lang ein, in den Dialog mit nationalen und internationalen Expertinnen und Experten zu treten. Der 12. \u00d6sterreichische Radgipfel steht unter dem\" \/>\n<meta property=\"og:url\" content=\"https:\/\/www.radlobby.org\/noe\/12-oesterreichischer-radgipfel-graz-27-bis-29-mai-2019\/\" \/>\n<meta property=\"og:site_name\" content=\"Radlobby Nieder\u00f6sterreich\" \/>\n<meta property=\"article:publisher\" content=\"https:\/\/www.facebook.com\/groups\/radfahren.in.noe\/\" \/>\n<meta property=\"article:published_time\" content=\"2019-05-18T13:00:25+00:00\" \/>\n<meta property=\"article:modified_time\" content=\"2019-05-20T19:15:16+00:00\" \/>\n<meta property=\"og:image\" content=\"https:\/\/www.radlobby.org\/noe\/wp-content\/uploads\/Radgipfel2019-1.jpg\" \/>\n\t<meta property=\"og:image:width\" content=\"528\" \/>\n\t<meta property=\"og:image:height\" content=\"671\" \/>\n\t<meta property=\"og:image:type\" content=\"image\/jpeg\" \/>\n<meta name=\"author\" content=\"Karl Zauner - Admin\" \/>\n<meta name=\"twitter:card\" content=\"summary_large_image\" \/>\n<meta name=\"twitter:label1\" content=\"Verfasst von\" \/>\n\t<meta name=\"twitter:data1\" content=\"Karl Zauner - Admin\" \/>\n\t<meta name=\"twitter:label2\" content=\"Gesch\u00e4tzte Lesezeit\" \/>\n\t<meta name=\"twitter:data2\" content=\"2\u00a0Minuten\" \/>\n<script type=\"application\/ld+json\" class=\"yoast-schema-graph\">{\"@context\":\"https:\/\/schema.org\",\"@graph\":[{\"@type\":\"Article\",\"@id\":\"https:\/\/www.radlobby.org\/noe\/12-oesterreichischer-radgipfel-graz-27-bis-29-mai-2019\/#article\",\"isPartOf\":{\"@id\":\"https:\/\/www.radlobby.org\/noe\/12-oesterreichischer-radgipfel-graz-27-bis-29-mai-2019\/\"},\"author\":{\"name\":\"Karl Zauner - Admin\",\"@id\":\"https:\/\/www.radlobby.org\/noe\/#\/schema\/person\/10547574c40a9e9ea65f92c73f3c516b\"},\"headline\":\"12. \u00d6sterreichischer Radgipfel Graz &#8211; 27. bis 29. Mai 2019\",\"datePublished\":\"2019-05-18T13:00:25+00:00\",\"dateModified\":\"2019-05-20T19:15:16+00:00\",\"mainEntityOfPage\":{\"@id\":\"https:\/\/www.radlobby.org\/noe\/12-oesterreichischer-radgipfel-graz-27-bis-29-mai-2019\/\"},\"wordCount\":326,\"publisher\":{\"@id\":\"https:\/\/www.radlobby.org\/noe\/#organization\"},\"image\":{\"@id\":\"https:\/\/www.radlobby.org\/noe\/12-oesterreichischer-radgipfel-graz-27-bis-29-mai-2019\/#primaryimage\"},\"thumbnailUrl\":\"https:\/\/www.radlobby.org\/noe\/wp-content\/uploads\/Radgipfel2019-1.jpg\",\"keywords\":[\"Radgipfel\",\"Tagung\"],\"articleSection\":[\"Radlobby Nieder\u00f6sterreich\"],\"inLanguage\":\"de\"},{\"@type\":\"WebPage\",\"@id\":\"https:\/\/www.radlobby.org\/noe\/12-oesterreichischer-radgipfel-graz-27-bis-29-mai-2019\/\",\"url\":\"https:\/\/www.radlobby.org\/noe\/12-oesterreichischer-radgipfel-graz-27-bis-29-mai-2019\/\",\"name\":\"12. \u00d6sterreichischer Radgipfel Graz - 27. bis 29. Mai 2019 - Radlobby Nieder\u00f6sterreich\",\"isPartOf\":{\"@id\":\"https:\/\/www.radlobby.org\/noe\/#website\"},\"primaryImageOfPage\":{\"@id\":\"https:\/\/www.radlobby.org\/noe\/12-oesterreichischer-radgipfel-graz-27-bis-29-mai-2019\/#primaryimage\"},\"image\":{\"@id\":\"https:\/\/www.radlobby.org\/noe\/12-oesterreichischer-radgipfel-graz-27-bis-29-mai-2019\/#primaryimage\"},\"thumbnailUrl\":\"https:\/\/www.radlobby.org\/noe\/wp-content\/uploads\/Radgipfel2019-1.jpg\",\"datePublished\":\"2019-05-18T13:00:25+00:00\",\"dateModified\":\"2019-05-20T19:15:16+00:00\",\"breadcrumb\":{\"@id\":\"https:\/\/www.radlobby.org\/noe\/12-oesterreichischer-radgipfel-graz-27-bis-29-mai-2019\/#breadcrumb\"},\"inLanguage\":\"de\",\"potentialAction\":[{\"@type\":\"ReadAction\",\"target\":[\"https:\/\/www.radlobby.org\/noe\/12-oesterreichischer-radgipfel-graz-27-bis-29-mai-2019\/\"]}]},{\"@type\":\"ImageObject\",\"inLanguage\":\"de\",\"@id\":\"https:\/\/www.radlobby.org\/noe\/12-oesterreichischer-radgipfel-graz-27-bis-29-mai-2019\/#primaryimage\",\"url\":\"https:\/\/www.radlobby.org\/noe\/wp-content\/uploads\/Radgipfel2019-1.jpg\",\"contentUrl\":\"https:\/\/www.radlobby.org\/noe\/wp-content\/uploads\/Radgipfel2019-1.jpg\",\"width\":528,\"height\":671},{\"@type\":\"BreadcrumbList\",\"@id\":\"https:\/\/www.radlobby.org\/noe\/12-oesterreichischer-radgipfel-graz-27-bis-29-mai-2019\/#breadcrumb\",\"itemListElement\":[{\"@type\":\"ListItem\",\"position\":1,\"name\":\"Startseite\",\"item\":\"https:\/\/www.radlobby.org\/noe\/\"},{\"@type\":\"ListItem\",\"position\":2,\"name\":\"12. \u00d6sterreichischer Radgipfel Graz &#8211; 27. bis 29. Mai 2019\"}]},{\"@type\":\"WebSite\",\"@id\":\"https:\/\/www.radlobby.org\/noe\/#website\",\"url\":\"https:\/\/www.radlobby.org\/noe\/\",\"name\":\"Radlobby Nieder\u00f6sterreich\",\"description\":\"Radverkehr, Fahrrad, Radfahren, Radreisen, Radtouren, Radweg\",\"publisher\":{\"@id\":\"https:\/\/www.radlobby.org\/noe\/#organization\"},\"potentialAction\":[{\"@type\":\"SearchAction\",\"target\":{\"@type\":\"EntryPoint\",\"urlTemplate\":\"https:\/\/www.radlobby.org\/noe\/?s={search_term_string}\"},\"query-input\":{\"@type\":\"PropertyValueSpecification\",\"valueRequired\":true,\"valueName\":\"search_term_string\"}}],\"inLanguage\":\"de\"},{\"@type\":\"Organization\",\"@id\":\"https:\/\/www.radlobby.org\/noe\/#organization\",\"name\":\"Radlobby Nieder\u00f6sterreich\",\"url\":\"https:\/\/www.radlobby.org\/noe\/\",\"logo\":{\"@type\":\"ImageObject\",\"inLanguage\":\"de\",\"@id\":\"https:\/\/www.radlobby.org\/noe\/#\/schema\/logo\/image\/\",\"url\":\"https:\/\/www.radlobby.org\/noe\/wp-content\/uploads\/2017\/01\/cropped-Logo_Radlobby_Niederoesterreich_50-400px_quer-1.jpg\",\"contentUrl\":\"https:\/\/www.radlobby.org\/noe\/wp-content\/uploads\/2017\/01\/cropped-Logo_Radlobby_Niederoesterreich_50-400px_quer-1.jpg\",\"width\":450,\"height\":124,\"caption\":\"Radlobby Nieder\u00f6sterreich\"},\"image\":{\"@id\":\"https:\/\/www.radlobby.org\/noe\/#\/schema\/logo\/image\/\"},\"sameAs\":[\"https:\/\/www.facebook.com\/groups\/radfahren.in.noe\/\"]},{\"@type\":\"Person\",\"@id\":\"https:\/\/www.radlobby.org\/noe\/#\/schema\/person\/10547574c40a9e9ea65f92c73f3c516b\",\"name\":\"Karl Zauner - Admin\",\"image\":{\"@type\":\"ImageObject\",\"inLanguage\":\"de\",\"@id\":\"https:\/\/www.radlobby.org\/noe\/#\/schema\/person\/image\/\",\"url\":\"https:\/\/secure.gravatar.com\/avatar\/c0be6303c1ffe16a7b1c79e07b12d4b29176a733c2a5e811b749965d4be12138?s=96&d=mm&r=g\",\"contentUrl\":\"https:\/\/secure.gravatar.com\/avatar\/c0be6303c1ffe16a7b1c79e07b12d4b29176a733c2a5e811b749965d4be12138?s=96&d=mm&r=g\",\"caption\":\"Karl Zauner - Admin\"},\"url\":\"https:\/\/www.radlobby.org\/noe\/author\/karlzauneradmin\/\"}]}<\/script>\n<!-- \/ Yoast SEO plugin. -->","yoast_head_json":{"title":"12. \u00d6sterreichischer Radgipfel Graz - 27. bis 29. Mai 2019 - Radlobby Nieder\u00f6sterreich","robots":{"index":"index","follow":"follow","max-snippet":"max-snippet:-1","max-image-preview":"max-image-preview:large","max-video-preview":"max-video-preview:-1"},"canonical":"https:\/\/www.radlobby.org\/noe\/12-oesterreichischer-radgipfel-graz-27-bis-29-mai-2019\/","og_locale":"de_DE","og_type":"article","og_title":"12. \u00d6sterreichischer Radgipfel Graz - 27. bis 29. Mai 2019 - Radlobby Nieder\u00f6sterreich","og_description":"radfahren.verbindet \u2022 PROGRAMM (pdf) \u2022 ANMELDUNG Die Steirische Radfahrhauptstadt Graz l\u00e4dt die Besucherinnen und Besucher des Radgipfels drei Tage lang ein, in den Dialog mit nationalen und internationalen Expertinnen und Experten zu treten. Der 12. \u00d6sterreichische Radgipfel steht unter dem","og_url":"https:\/\/www.radlobby.org\/noe\/12-oesterreichischer-radgipfel-graz-27-bis-29-mai-2019\/","og_site_name":"Radlobby Nieder\u00f6sterreich","article_publisher":"https:\/\/www.facebook.com\/groups\/radfahren.in.noe\/","article_published_time":"2019-05-18T13:00:25+00:00","article_modified_time":"2019-05-20T19:15:16+00:00","og_image":[{"width":528,"height":671,"url":"https:\/\/www.radlobby.org\/noe\/wp-content\/uploads\/Radgipfel2019-1.jpg","type":"image\/jpeg"}],"author":"Karl Zauner - Admin","twitter_card":"summary_large_image","twitter_misc":{"Verfasst von":"Karl Zauner - Admin","Gesch\u00e4tzte Lesezeit":"2\u00a0Minuten"},"schema":{"@context":"https:\/\/schema.org","@graph":[{"@type":"Article","@id":"https:\/\/www.radlobby.org\/noe\/12-oesterreichischer-radgipfel-graz-27-bis-29-mai-2019\/#article","isPartOf":{"@id":"https:\/\/www.radlobby.org\/noe\/12-oesterreichischer-radgipfel-graz-27-bis-29-mai-2019\/"},"author":{"name":"Karl Zauner - Admin","@id":"https:\/\/www.radlobby.org\/noe\/#\/schema\/person\/10547574c40a9e9ea65f92c73f3c516b"},"headline":"12. \u00d6sterreichischer Radgipfel Graz &#8211; 27. bis 29. Mai 2019","datePublished":"2019-05-18T13:00:25+00:00","dateModified":"2019-05-20T19:15:16+00:00","mainEntityOfPage":{"@id":"https:\/\/www.radlobby.org\/noe\/12-oesterreichischer-radgipfel-graz-27-bis-29-mai-2019\/"},"wordCount":326,"publisher":{"@id":"https:\/\/www.radlobby.org\/noe\/#organization"},"image":{"@id":"https:\/\/www.radlobby.org\/noe\/12-oesterreichischer-radgipfel-graz-27-bis-29-mai-2019\/#primaryimage"},"thumbnailUrl":"https:\/\/www.radlobby.org\/noe\/wp-content\/uploads\/Radgipfel2019-1.jpg","keywords":["Radgipfel","Tagung"],"articleSection":["Radlobby Nieder\u00f6sterreich"],"inLanguage":"de"},{"@type":"WebPage","@id":"https:\/\/www.radlobby.org\/noe\/12-oesterreichischer-radgipfel-graz-27-bis-29-mai-2019\/","url":"https:\/\/www.radlobby.org\/noe\/12-oesterreichischer-radgipfel-graz-27-bis-29-mai-2019\/","name":"12. \u00d6sterreichischer Radgipfel Graz - 27. bis 29. Mai 2019 - Radlobby Nieder\u00f6sterreich","isPartOf":{"@id":"https:\/\/www.radlobby.org\/noe\/#website"},"primaryImageOfPage":{"@id":"https:\/\/www.radlobby.org\/noe\/12-oesterreichischer-radgipfel-graz-27-bis-29-mai-2019\/#primaryimage"},"image":{"@id":"https:\/\/www.radlobby.org\/noe\/12-oesterreichischer-radgipfel-graz-27-bis-29-mai-2019\/#primaryimage"},"thumbnailUrl":"https:\/\/www.radlobby.org\/noe\/wp-content\/uploads\/Radgipfel2019-1.jpg","datePublished":"2019-05-18T13:00:25+00:00","dateModified":"2019-05-20T19:15:16+00:00","breadcrumb":{"@id":"https:\/\/www.radlobby.org\/noe\/12-oesterreichischer-radgipfel-graz-27-bis-29-mai-2019\/#breadcrumb"},"inLanguage":"de","potentialAction":[{"@type":"ReadAction","target":["https:\/\/www.radlobby.org\/noe\/12-oesterreichischer-radgipfel-graz-27-bis-29-mai-2019\/"]}]},{"@type":"ImageObject","inLanguage":"de","@id":"https:\/\/www.radlobby.org\/noe\/12-oesterreichischer-radgipfel-graz-27-bis-29-mai-2019\/#primaryimage","url":"https:\/\/www.radlobby.org\/noe\/wp-content\/uploads\/Radgipfel2019-1.jpg","contentUrl":"https:\/\/www.radlobby.org\/noe\/wp-content\/uploads\/Radgipfel2019-1.jpg","width":528,"height":671},{"@type":"BreadcrumbList","@id":"https:\/\/www.radlobby.org\/noe\/12-oesterreichischer-radgipfel-graz-27-bis-29-mai-2019\/#breadcrumb","itemListElement":[{"@type":"ListItem","position":1,"name":"Startseite","item":"https:\/\/www.radlobby.org\/noe\/"},{"@type":"ListItem","position":2,"name":"12. \u00d6sterreichischer Radgipfel Graz &#8211; 27. bis 29. Mai 2019"}]},{"@type":"WebSite","@id":"https:\/\/www.radlobby.org\/noe\/#website","url":"https:\/\/www.radlobby.org\/noe\/","name":"Radlobby Nieder\u00f6sterreich","description":"Radverkehr, Fahrrad, Radfahren, Radreisen, Radtouren, Radweg","publisher":{"@id":"https:\/\/www.radlobby.org\/noe\/#organization"},"potentialAction":[{"@type":"SearchAction","target":{"@type":"EntryPoint","urlTemplate":"https:\/\/www.radlobby.org\/noe\/?s={search_term_string}"},"query-input":{"@type":"PropertyValueSpecification","valueRequired":true,"valueName":"search_term_string"}}],"inLanguage":"de"},{"@type":"Organization","@id":"https:\/\/www.radlobby.org\/noe\/#organization","name":"Radlobby Nieder\u00f6sterreich","url":"https:\/\/www.radlobby.org\/noe\/","logo":{"@type":"ImageObject","inLanguage":"de","@id":"https:\/\/www.radlobby.org\/noe\/#\/schema\/logo\/image\/","url":"https:\/\/www.radlobby.org\/noe\/wp-content\/uploads\/2017\/01\/cropped-Logo_Radlobby_Niederoesterreich_50-400px_quer-1.jpg","contentUrl":"https:\/\/www.radlobby.org\/noe\/wp-content\/uploads\/2017\/01\/cropped-Logo_Radlobby_Niederoesterreich_50-400px_quer-1.jpg","width":450,"height":124,"caption":"Radlobby Nieder\u00f6sterreich"},"image":{"@id":"https:\/\/www.radlobby.org\/noe\/#\/schema\/logo\/image\/"},"sameAs":["https:\/\/www.facebook.com\/groups\/radfahren.in.noe\/"]},{"@type":"Person","@id":"https:\/\/www.radlobby.org\/noe\/#\/schema\/person\/10547574c40a9e9ea65f92c73f3c516b","name":"Karl Zauner - Admin","image":{"@type":"ImageObject","inLanguage":"de","@id":"https:\/\/www.radlobby.org\/noe\/#\/schema\/person\/image\/","url":"https:\/\/secure.gravatar.com\/avatar\/c0be6303c1ffe16a7b1c79e07b12d4b29176a733c2a5e811b749965d4be12138?s=96&d=mm&r=g","contentUrl":"https:\/\/secure.gravatar.com\/avatar\/c0be6303c1ffe16a7b1c79e07b12d4b29176a733c2a5e811b749965d4be12138?s=96&d=mm&r=g","caption":"Karl Zauner - Admin"},"url":"https:\/\/www.radlobby.org\/noe\/author\/karlzauneradmin\/"}]}},"_links":{"self":[{"href":"https:\/\/www.radlobby.org\/noe\/wp-json\/wp\/v2\/posts\/8783","targetHints":{"allow":["GET"]}}],"collection":[{"href":"https:\/\/www.radlobby.org\/noe\/wp-json\/wp\/v2\/posts"}],"about":[{"href":"https:\/\/www.radlobby.org\/noe\/wp-json\/wp\/v2\/types\/post"}],"author":[{"embeddable":true,"href":"https:\/\/www.radlobby.org\/noe\/wp-json\/wp\/v2\/users\/16"}],"replies":[{"embeddable":true,"href":"https:\/\/www.radlobby.org\/noe\/wp-json\/wp\/v2\/comments?post=8783"}],"version-history":[{"count":0,"href":"https:\/\/www.radlobby.org\/noe\/wp-json\/wp\/v2\/posts\/8783\/revisions"}],"wp:featuredmedia":[{"embeddable":true,"href":"https:\/\/www.radlobby.org\/noe\/wp-json\/wp\/v2\/media\/8782"}],"wp:attachment":[{"href":"https:\/\/www.radlobby.org\/noe\/wp-json\/wp\/v2\/media?parent=8783"}],"wp:term":[{"taxonomy":"category","embeddable":true,"href":"https:\/\/www.radlobby.org\/noe\/wp-json\/wp\/v2\/categories?post=8783"},{"taxonomy":"post_tag","embeddable":true,"href":"https:\/\/www.radlobby.org\/noe\/wp-json\/wp\/v2\/tags?post=8783"}],"curies":[{"name":"wp","href":"https:\/\/api.w.org\/{rel}","templated":true}]}}