{"id":7791,"date":"2018-12-22T18:13:44","date_gmt":"2018-12-22T17:13:44","guid":{"rendered":"http:\/\/www.radlobby.org\/noe\/?p=7791"},"modified":"2018-12-22T18:52:47","modified_gmt":"2018-12-22T17:52:47","slug":"radlobby-noe-aktiv-2018-ein-kleiner-rueckblick","status":"publish","type":"post","link":"https:\/\/www.radlobby.org\/noe\/radlobby-noe-aktiv-2018-ein-kleiner-rueckblick\/","title":{"rendered":"Radlobby N\u00d6 aktiv 2018 &#8211; Ein kleiner R\u00fcckblick"},"content":{"rendered":"<h4><a href=\"http:\/\/www.radlobby.org\/noe\/wp-content\/uploads\/20181112-DE-4-2018-_01-A4Version.pdf\" target=\"_blank\" rel=\"noopener\"><img loading=\"lazy\" decoding=\"async\" class=\"alignright wp-image-7790 size-full\" src=\"http:\/\/www.radlobby.org\/noe\/wp-content\/uploads\/20181112-DE-4-2018-_01-A4Version-1-6.jpg\" alt=\"\" width=\"220\" height=\"1865\" \/><\/a>Aktivit\u00e4ten der Radlobby-Gruppen<br \/>\nin Nieder\u00f6sterreich 2018<\/h4>\n<p><a title=\"Radlobby N\u00d6 - R\u00fcckblick\" href=\"http:\/\/www.radlobby.org\/noe\/wp-content\/uploads\/20181112-DE-4-2018-_01-A4Version.pdf\" target=\"_blank\" rel=\"noopener\">R\u00fcckblick mit vielen Fotos hier \u00f6ffnen<\/a> (PDF)<\/p>\n<p><strong>Radausfl\u00fcge<\/strong><\/p>\n<ul>\n<li>Wolkersdorf: 7 Kellergassen Radtour &amp; Radtour zu den \u00adAlpakas in Traunfeld, Radtour nach Atzelsdorf<\/li>\n<li>Heurigentour nach Gro\u00dfengersdorf<\/li>\n<li>Teilnahme aus Korneuburg, Wolkersdorf, Deutsch-Wagram, Wiener Neustadt, M\u00f6dling an der gro\u00dfen Radparade in Wien<\/li>\n<li>Korneuburg: Michlfarm-Touren jeden 1. Sonntag im Monat<\/li>\n<li>5. Tweed Ride in Melk<\/li>\n<li>Radlobby M\u00f6dling: Radausflug nach Heiligenkreuz<\/li>\n<li>Er\u00f6ffnung Schwarzatal-Radroute und Radtour<\/li>\n<li>Radtour vom Leithaursprung bis Bruck\/Leitha<\/li>\n<li>Radparaden in Wiener Neustadt und 2x in St. P\u00f6lten<\/li>\n<li>Teilnahme an Radsternfahrt Tullnerfeld Ost<\/li>\n<li>Regionale Einkaufs Radtour Deutsch-Wagram<\/li>\n<\/ul>\n<p><strong>Kinder<\/strong><\/p>\n<ul>\n<li>Radl-R\u00e4tselralley: Deutsch-Wagram entdecken<\/li>\n<li>Fahrradb\u00fccher f\u00fcr Stadtbibliothek Weutsch-Wagram<\/li>\n<li>Kooperation mit Schulen: Radparade Ternitz<\/li>\n<li>Schul-Radausfug Neunkirchen &#8211; Ternitz<\/li>\n<\/ul>\n<p><strong>Radlobby Gruppenkultur<\/strong><\/p>\n<ul>\n<li>1. J\u00e4nner Radsaisoner\u00f6ffungen: Korneuburg, Melk, Wiener Neustadt, Wolkersdorf, Waidhofen\/Ybbs<\/li>\n<li>Fahrradstammtische Wolkersdorf, Melk, Deutsch Wagram, St. P\u00f6lten, Wiener Neustadt<\/li>\n<li>Radlpost in Deutsch Wagram<\/li>\n<li>Radlobby Radbazar\/Radb\u00f6rse Wolkersdorf, Melk<\/li>\n<li>3t\u00e4gige Radb\u00f6rse im Mariandel, Radflohm\u00e4rkte Krems<\/li>\n<li>E-Bike Test- und Beratungstag in Wolkersdorf<\/li>\n<li>2x Radl-Fit Service &amp; Radcheck in Krems<\/li>\n<li>Radwerkstatt und Reparatur-Caf\u00e9 in Krems und Tulln<\/li>\n<li>KlimaEntLaster Infotour und Lastenradtest in Krems, Tulln und Waidhofen\/Ybbs<\/li>\n<li>Zusammenarbeit, Gemeinwohl, Kultur, Projekte<\/li>\n<li>Viele Verbesserungen in den Radlobby Gemeinden und Regionen in Radinfrastruktur erreicht: Einbahn\u00f6ffnungen, Radwege, besser gestaltete Kreuzungen etc.<\/li>\n<li>Zusammenarbeit mit Attac Wiener Neustadt &amp; Krems und Samba Attac, IG Akademiepark Wiener Neustadt, VHS Krems, kulturGUTnatur, Klimab\u00fcndnis Thermengemeinden Pittental, Gr\u00fcne Radb\u00f6rsen<\/li>\n<li>Radlobby Radkonzept f\u00fcr den Stadtentwicklungsplan<\/li>\n<li>Statentwicklungsplan STEP 2030 Wiener Neustadt<\/li>\n<li>Intensive Pressearbeit aller Radlobby Gruppen<\/li>\n<li>Wenn Stra\u00dfen Orte trennen: Radrouten-Studie in Krems\/S\u00fcd<\/li>\n<li>Aktion \u201eEinkaufen mit dem Fahrrad\u201c in Melk<\/li>\n<li>Weinviertel &amp; S\u00fcdm\u00e4hren: Musik auf dem Fahrrad<\/li>\n<li>Radtag mit Stadt St. P\u00f6lten<\/li>\n<li>Radlobby beim Energiestammtisch St. Andr\u00e4-W\u00f6rdern<\/li>\n<li>KEM-Region Tullnerfeld Ost: Radnetz<\/li>\n<li>Thermengemeinden: Mobilit\u00e4t am Land<\/li>\n<li>Kampf gegen die Hitze \u2013 Umfrage in Wiener Neustadt<\/li>\n<li>WNTV \u2013 Stadtgespr\u00e4ch \u201eRadverkehr in Wiener Neustadt\u201c<\/li>\n<li>Schulwegbefahrungen N\u00d6N &amp; Radlobby \u201eMein Schulweg\u201c<\/li>\n<li>Laudato si! Vorstellung Papst Franziskus Rundschreiben \u00fcber unsere Verantwortung f\u00fcr eine lebenswerte Zukunft zusammen mit Welthaus Erzdi\u00f6zese Wien<\/li>\n<li>Infoabend \u201eSo geht B\u00fcrger.innen-Beteiligung\u201c\u00a0 Wiener Neustadt, Bildungszentrum St. Bernhard<\/li>\n<li>Analyse: Gef\u00e4hrlicher Weg ins neue Familienbad Wiener Neustadt und zur Nova City<\/li>\n<li>1. Wiener Neust\u00e4der Zukunftsfr\u00fchst\u00fcck<\/li>\n<li>Tag des Sports Deutsch Wagram<\/li>\n<li>Open Air Radlkino Deutsch Wagram<\/li>\n<li>Stadt Neunkirchen &amp; Radlobby: CycleCinema<\/li>\n<li>und vieles mehr und nat\u00fcrlich was vorher und nachher an Arbeit notwendig ist &#8230;<\/li>\n<\/ul>\n<h4>Radverkehrspolitik in N\u00d6<\/h4>\n<p>Radverkehr bekommt mehr Bedeutung, weil die Radlobby konsequent das Gespr\u00e4ch mit<br \/>\nder Politik und mit Verantwortlichen im Land sucht. Zudem ist die Pr\u00e4senz und die<br \/>\nVernetzung der Radlobby auffallend &#8211; wir sind \u00fcberall anzutreffen und wir sind in den Medien<br \/>\nvertreten &#8211; regional, landes- und bundesweit.<\/p>\n<p>Der Radverkehr ist auch in der Bundespolitik angekommen, nur mal in netten Worten und noch lange nicht, um starke notwendige Ver\u00e4nderungen in der Verkehrspolitik einzuleiten. Die Signale mit 140 km\/h auf der Autobahn sind das sinnlose Aufb\u00e4umen gegen die notwendige Verkehrswende.<br \/>\nIm April hatte die Landesverkehrsreferenten-Konferenz das Thema Radverkehr auf der Agenda. Best-Practice-Modelle aus \u00f6sterreichischen St\u00e4dten sollen aufbereitet werden und erfolgreiche Projekte in anderen L\u00e4ndern studiert werden.<br \/>\nAm 7. Juli hatten der Vorstand der Radlobby N\u00d6 ein \u00adTreffen mit Verkehrslandesrat Ludwig Schleritzko. Mit dabei waren auch einige \u00adseiner Mitarbeiter.innen, unter anderem der \u00adLeiter der Landesstra\u00dfen\u00adplanung Christoph Dauda.<\/p>\n<p>Es ging, wie derzeit bei allen Gespr\u00e4chen auf hoher Ebene um unsere Agenda:<\/p>\n<ol>\n<li>Zust\u00e4ndigkeit des Landes f\u00fcr den Radverkehr definieren<\/li>\n<li>Ein Mitglied der Landesregierung f\u00fcr den Radverkehr<\/li>\n<li>Fahrradbudget des Landes: 15 Mill. Euro<\/li>\n<li>F\u00fcr den Radverkehr qualifiziertes Fachpersonal:<br \/>\nPlanung, Beratung der Gemeinden, Finanzierung, \u00adMarketing<\/li>\n<\/ol>\n<p>Wir hatten vorher Gespr\u00e4che mit dem Vizepr\u00e4sidenten des N\u00d6 Gemeindebundes Hannes Pressel, mit dem damaligen Verkehrslandesrat Karl Wilfing, mit den leitenden Verantwortlichen des B\u00fcros von Landesr\u00e4tin Petra Bohuslav, Christian Neuwirth und mit dem Chef des Landestourismus N\u00d6 Werbung Christoph Madl. Weiters hatten wir einen Termin beim Vorsitzenden des Verkehrs\u00adausschusses des N\u00d6 Landtages J\u00fcrgen Maier, mit dem Leiter der Abteilung f\u00fcr Gesamtverkehrsangelegenheiten Werner Pracherstorfer sowie mit dem Gesch\u00e4ftsf\u00fchrer der N\u00d6VOG Gerhard Stindl und LH Stv. Franz Schnabl.<\/p>\n<p>N\u00e4chster Termin war mit LAbg. Helga Krismer von den \u00adGr\u00fcnen. In \u00adVorbereitung ist der leider verschobene Termin mit dem \u00adBereichsleiter Mobilit\u00e4t von n\u00f6.regional Franz Gausterer. Im Focus haben wir auch die SP\u00d6 mit dem \u00adPr\u00e4sidenten des Gemeindevertreterverbandes Rupert \u00adDworak, LAbg. Christian Samwald, BR Andrea Kahofer.<\/p>\n<p>Ziel der Gespr\u00e4che ist es, unsere konkreten Vorschl\u00e4ge f\u00fcr die Zust\u00e4ndigkeit des Landes bei Verantwortlichen zu \u00adverankern.<\/p>\n<p>Aktueller Stand<\/p>\n<p>Es gibt nun eine Arbeitsgruppe um LR Schleritzko, die sich mit der Frage \u201eRadverker &amp; Landesverantwortung\u201c befasst. Im Detail sind wir leider nicht informiert.<br \/>\nEs gibt immerhin auch von BM Elisabeth K\u00f6stinger den Wunsch und von LH Johanna Mikl-Leitner einen &#8211; leider \u00adallgemein gehaltenen &#8211; Arbeitsauftrag in diese Richtung.<\/p>\n<h5>Klare Struktur erforderlich!<\/h5>\n<p><strong>Seitens der Radlobby erwarten wir vom Land:<\/strong><\/p>\n<ul>\n<li>die \u00adZust\u00e4ndigkeit entlang von Landesstra\u00dfen<\/li>\n<li>die \u00adZust\u00e4ndigkeit bei Querungen von Landesstra\u00dfen<\/li>\n<li>die \u00adZust\u00e4ndigkeit f\u00fcr Radhighways<\/li>\n<li>verkehrsplanerische Beratung der Gemeinden<\/li>\n<li>deutliche finanzielle Unterst\u00fctzung der Gemeinden<\/li>\n<li>Marketing f\u00fcr den Alltagsradverkehr<\/li>\n<li>F\u00f6rderung von Lastenr\u00e4dern, E-Bikes, Radanh\u00e4ngern<\/li>\n<\/ul>\n<p>Derzeit liegt die Radinfrastruktur-Zust\u00e4ndigkeit bei den \u00adGemeinden, die inhaltlich und finanziell \u00fcberfordert sind.<br \/>\nDie vorhandene \u201eMinistruktur\u201c bei n\u00f6 regional und beim RADLand N\u00d6 ist zwar ehrenwert, kann aber die notwendigen \u00adAufgaben nicht erf\u00fcllen.<br \/>\nZur Erinnerung: F\u00fcr den Kfz-Verkehr hat das Land N\u00d6 3400 Mitarbeiter.innen!<\/p>\n<p>&nbsp;<\/p>\n","protected":false},"excerpt":{"rendered":"<p>Aktivit\u00e4ten der Radlobby-Gruppen in Nieder\u00f6sterreich 2018 R\u00fcckblick mit vielen Fotos hier \u00f6ffnen (PDF) Radausfl\u00fcge Wolkersdorf: 7 Kellergassen Radtour &amp; Radtour zu den \u00adAlpakas in Traunfeld, Radtour nach Atzelsdorf Heurigentour nach Gro\u00dfengersdorf Teilnahme aus Korneuburg, Wolkersdorf, Deutsch-Wagram, Wiener Neustadt, M\u00f6dling an<\/p>\n","protected":false},"author":16,"featured_media":7784,"comment_status":"closed","ping_status":"closed","sticky":false,"template":"","format":"standard","meta":{"footnotes":""},"categories":[14,195,80,11,15,9,6,5,20,185,184,12,28,13,8,7,16],"tags":[],"class_list":["post-7791","post","type-post","status-publish","format-standard","has-post-thumbnail","hentry","category-bad-sauerbrunn","category-baden","category-deutsch-wagram","category-korneuburg","category-krems","category-melk","category-mistelbach","category-moedling","category-niederoesterreich","category-poysdorf","category-retzer-land","category-schwarzatal","category-st-poelten","category-tulln","category-waidhofenybbs","category-wiener-neustadt","category-wolkersdorf"],"yoast_head":"<!-- This site is optimized with the Yoast SEO plugin v26.9 - https:\/\/yoast.com\/product\/yoast-seo-wordpress\/ -->\n<title>Radlobby N\u00d6 aktiv 2018 - Ein kleiner R\u00fcckblick - Radlobby Nieder\u00f6sterreich<\/title>\n<meta name=\"robots\" content=\"index, follow, max-snippet:-1, max-image-preview:large, max-video-preview:-1\" \/>\n<link rel=\"canonical\" href=\"https:\/\/www.radlobby.org\/noe\/radlobby-noe-aktiv-2018-ein-kleiner-rueckblick\/\" \/>\n<meta property=\"og:locale\" content=\"de_DE\" \/>\n<meta property=\"og:type\" content=\"article\" \/>\n<meta property=\"og:title\" content=\"Radlobby N\u00d6 aktiv 2018 - Ein kleiner R\u00fcckblick - Radlobby Nieder\u00f6sterreich\" \/>\n<meta property=\"og:description\" content=\"Aktivit\u00e4ten der Radlobby-Gruppen in Nieder\u00f6sterreich 2018 R\u00fcckblick mit vielen Fotos hier \u00f6ffnen (PDF) Radausfl\u00fcge Wolkersdorf: 7 Kellergassen Radtour &amp; Radtour zu den \u00adAlpakas in Traunfeld, Radtour nach Atzelsdorf Heurigentour nach Gro\u00dfengersdorf Teilnahme aus Korneuburg, Wolkersdorf, Deutsch-Wagram, Wiener Neustadt, M\u00f6dling an\" \/>\n<meta property=\"og:url\" content=\"https:\/\/www.radlobby.org\/noe\/radlobby-noe-aktiv-2018-ein-kleiner-rueckblick\/\" \/>\n<meta property=\"og:site_name\" content=\"Radlobby Nieder\u00f6sterreich\" \/>\n<meta property=\"article:publisher\" content=\"https:\/\/www.facebook.com\/groups\/radfahren.in.noe\/\" \/>\n<meta property=\"article:published_time\" content=\"2018-12-22T17:13:44+00:00\" \/>\n<meta property=\"article:modified_time\" content=\"2018-12-22T17:52:47+00:00\" \/>\n<meta property=\"og:image\" content=\"https:\/\/www.radlobby.org\/noe\/wp-content\/uploads\/RLN\u00d6-aktiv-2018-300px.jpg\" \/>\n\t<meta property=\"og:image:width\" content=\"300\" \/>\n\t<meta property=\"og:image:height\" content=\"224\" \/>\n\t<meta property=\"og:image:type\" content=\"image\/jpeg\" \/>\n<meta name=\"author\" content=\"Karl Zauner - Admin\" \/>\n<meta name=\"twitter:card\" content=\"summary_large_image\" \/>\n<meta name=\"twitter:label1\" content=\"Verfasst von\" \/>\n\t<meta name=\"twitter:data1\" content=\"Karl Zauner - Admin\" \/>\n\t<meta name=\"twitter:label2\" content=\"Gesch\u00e4tzte Lesezeit\" \/>\n\t<meta name=\"twitter:data2\" content=\"5\u00a0Minuten\" \/>\n<script type=\"application\/ld+json\" class=\"yoast-schema-graph\">{\"@context\":\"https:\/\/schema.org\",\"@graph\":[{\"@type\":\"Article\",\"@id\":\"https:\/\/www.radlobby.org\/noe\/radlobby-noe-aktiv-2018-ein-kleiner-rueckblick\/#article\",\"isPartOf\":{\"@id\":\"https:\/\/www.radlobby.org\/noe\/radlobby-noe-aktiv-2018-ein-kleiner-rueckblick\/\"},\"author\":{\"name\":\"Karl Zauner - Admin\",\"@id\":\"https:\/\/www.radlobby.org\/noe\/#\/schema\/person\/10547574c40a9e9ea65f92c73f3c516b\"},\"headline\":\"Radlobby N\u00d6 aktiv 2018 &#8211; Ein kleiner R\u00fcckblick\",\"datePublished\":\"2018-12-22T17:13:44+00:00\",\"dateModified\":\"2018-12-22T17:52:47+00:00\",\"mainEntityOfPage\":{\"@id\":\"https:\/\/www.radlobby.org\/noe\/radlobby-noe-aktiv-2018-ein-kleiner-rueckblick\/\"},\"wordCount\":920,\"publisher\":{\"@id\":\"https:\/\/www.radlobby.org\/noe\/#organization\"},\"image\":{\"@id\":\"https:\/\/www.radlobby.org\/noe\/radlobby-noe-aktiv-2018-ein-kleiner-rueckblick\/#primaryimage\"},\"thumbnailUrl\":\"https:\/\/www.radlobby.org\/noe\/wp-content\/uploads\/RLN\u00d6-aktiv-2018-300px.jpg\",\"articleSection\":[\"Radlobby Bad Sauerbrunn\",\"Radlobby Baden\",\"Radlobby Deutsch-Wagram\",\"Radlobby Korneuburg\",\"Radlobby Krems\",\"Radlobby Melk\",\"Radlobby Mistelbach\",\"Radlobby M\u00f6dling\",\"Radlobby Nieder\u00f6sterreich\",\"Radlobby Poysdorf\",\"Radlobby Retzer-Land\",\"Radlobby Schwarzatal\",\"Radlobby St. P\u00f6lten\",\"Radlobby Tulln\",\"Radlobby WaidhofenYbbs\",\"Radlobby Wiener Neustadt\",\"Radlobby Wolkersdorf\"],\"inLanguage\":\"de\"},{\"@type\":\"WebPage\",\"@id\":\"https:\/\/www.radlobby.org\/noe\/radlobby-noe-aktiv-2018-ein-kleiner-rueckblick\/\",\"url\":\"https:\/\/www.radlobby.org\/noe\/radlobby-noe-aktiv-2018-ein-kleiner-rueckblick\/\",\"name\":\"Radlobby N\u00d6 aktiv 2018 - Ein kleiner R\u00fcckblick - Radlobby Nieder\u00f6sterreich\",\"isPartOf\":{\"@id\":\"https:\/\/www.radlobby.org\/noe\/#website\"},\"primaryImageOfPage\":{\"@id\":\"https:\/\/www.radlobby.org\/noe\/radlobby-noe-aktiv-2018-ein-kleiner-rueckblick\/#primaryimage\"},\"image\":{\"@id\":\"https:\/\/www.radlobby.org\/noe\/radlobby-noe-aktiv-2018-ein-kleiner-rueckblick\/#primaryimage\"},\"thumbnailUrl\":\"https:\/\/www.radlobby.org\/noe\/wp-content\/uploads\/RLN\u00d6-aktiv-2018-300px.jpg\",\"datePublished\":\"2018-12-22T17:13:44+00:00\",\"dateModified\":\"2018-12-22T17:52:47+00:00\",\"breadcrumb\":{\"@id\":\"https:\/\/www.radlobby.org\/noe\/radlobby-noe-aktiv-2018-ein-kleiner-rueckblick\/#breadcrumb\"},\"inLanguage\":\"de\",\"potentialAction\":[{\"@type\":\"ReadAction\",\"target\":[\"https:\/\/www.radlobby.org\/noe\/radlobby-noe-aktiv-2018-ein-kleiner-rueckblick\/\"]}]},{\"@type\":\"ImageObject\",\"inLanguage\":\"de\",\"@id\":\"https:\/\/www.radlobby.org\/noe\/radlobby-noe-aktiv-2018-ein-kleiner-rueckblick\/#primaryimage\",\"url\":\"https:\/\/www.radlobby.org\/noe\/wp-content\/uploads\/RLN\u00d6-aktiv-2018-300px.jpg\",\"contentUrl\":\"https:\/\/www.radlobby.org\/noe\/wp-content\/uploads\/RLN\u00d6-aktiv-2018-300px.jpg\",\"width\":300,\"height\":224},{\"@type\":\"BreadcrumbList\",\"@id\":\"https:\/\/www.radlobby.org\/noe\/radlobby-noe-aktiv-2018-ein-kleiner-rueckblick\/#breadcrumb\",\"itemListElement\":[{\"@type\":\"ListItem\",\"position\":1,\"name\":\"Startseite\",\"item\":\"https:\/\/www.radlobby.org\/noe\/\"},{\"@type\":\"ListItem\",\"position\":2,\"name\":\"Radlobby N\u00d6 aktiv 2018 &#8211; Ein kleiner R\u00fcckblick\"}]},{\"@type\":\"WebSite\",\"@id\":\"https:\/\/www.radlobby.org\/noe\/#website\",\"url\":\"https:\/\/www.radlobby.org\/noe\/\",\"name\":\"Radlobby Nieder\u00f6sterreich\",\"description\":\"Radverkehr, Fahrrad, Radfahren, Radreisen, Radtouren, Radweg\",\"publisher\":{\"@id\":\"https:\/\/www.radlobby.org\/noe\/#organization\"},\"potentialAction\":[{\"@type\":\"SearchAction\",\"target\":{\"@type\":\"EntryPoint\",\"urlTemplate\":\"https:\/\/www.radlobby.org\/noe\/?s={search_term_string}\"},\"query-input\":{\"@type\":\"PropertyValueSpecification\",\"valueRequired\":true,\"valueName\":\"search_term_string\"}}],\"inLanguage\":\"de\"},{\"@type\":\"Organization\",\"@id\":\"https:\/\/www.radlobby.org\/noe\/#organization\",\"name\":\"Radlobby Nieder\u00f6sterreich\",\"url\":\"https:\/\/www.radlobby.org\/noe\/\",\"logo\":{\"@type\":\"ImageObject\",\"inLanguage\":\"de\",\"@id\":\"https:\/\/www.radlobby.org\/noe\/#\/schema\/logo\/image\/\",\"url\":\"https:\/\/www.radlobby.org\/noe\/wp-content\/uploads\/2017\/01\/cropped-Logo_Radlobby_Niederoesterreich_50-400px_quer-1.jpg\",\"contentUrl\":\"https:\/\/www.radlobby.org\/noe\/wp-content\/uploads\/2017\/01\/cropped-Logo_Radlobby_Niederoesterreich_50-400px_quer-1.jpg\",\"width\":450,\"height\":124,\"caption\":\"Radlobby Nieder\u00f6sterreich\"},\"image\":{\"@id\":\"https:\/\/www.radlobby.org\/noe\/#\/schema\/logo\/image\/\"},\"sameAs\":[\"https:\/\/www.facebook.com\/groups\/radfahren.in.noe\/\"]},{\"@type\":\"Person\",\"@id\":\"https:\/\/www.radlobby.org\/noe\/#\/schema\/person\/10547574c40a9e9ea65f92c73f3c516b\",\"name\":\"Karl Zauner - Admin\",\"image\":{\"@type\":\"ImageObject\",\"inLanguage\":\"de\",\"@id\":\"https:\/\/www.radlobby.org\/noe\/#\/schema\/person\/image\/\",\"url\":\"https:\/\/secure.gravatar.com\/avatar\/c0be6303c1ffe16a7b1c79e07b12d4b29176a733c2a5e811b749965d4be12138?s=96&d=mm&r=g\",\"contentUrl\":\"https:\/\/secure.gravatar.com\/avatar\/c0be6303c1ffe16a7b1c79e07b12d4b29176a733c2a5e811b749965d4be12138?s=96&d=mm&r=g\",\"caption\":\"Karl Zauner - Admin\"},\"url\":\"https:\/\/www.radlobby.org\/noe\/author\/karlzauneradmin\/\"}]}<\/script>\n<!-- \/ Yoast SEO plugin. -->","yoast_head_json":{"title":"Radlobby N\u00d6 aktiv 2018 - Ein kleiner R\u00fcckblick - Radlobby Nieder\u00f6sterreich","robots":{"index":"index","follow":"follow","max-snippet":"max-snippet:-1","max-image-preview":"max-image-preview:large","max-video-preview":"max-video-preview:-1"},"canonical":"https:\/\/www.radlobby.org\/noe\/radlobby-noe-aktiv-2018-ein-kleiner-rueckblick\/","og_locale":"de_DE","og_type":"article","og_title":"Radlobby N\u00d6 aktiv 2018 - Ein kleiner R\u00fcckblick - Radlobby Nieder\u00f6sterreich","og_description":"Aktivit\u00e4ten der Radlobby-Gruppen in Nieder\u00f6sterreich 2018 R\u00fcckblick mit vielen Fotos hier \u00f6ffnen (PDF) Radausfl\u00fcge Wolkersdorf: 7 Kellergassen Radtour &amp; Radtour zu den \u00adAlpakas in Traunfeld, Radtour nach Atzelsdorf Heurigentour nach Gro\u00dfengersdorf Teilnahme aus Korneuburg, Wolkersdorf, Deutsch-Wagram, Wiener Neustadt, M\u00f6dling an","og_url":"https:\/\/www.radlobby.org\/noe\/radlobby-noe-aktiv-2018-ein-kleiner-rueckblick\/","og_site_name":"Radlobby Nieder\u00f6sterreich","article_publisher":"https:\/\/www.facebook.com\/groups\/radfahren.in.noe\/","article_published_time":"2018-12-22T17:13:44+00:00","article_modified_time":"2018-12-22T17:52:47+00:00","og_image":[{"width":300,"height":224,"url":"https:\/\/www.radlobby.org\/noe\/wp-content\/uploads\/RLN\u00d6-aktiv-2018-300px.jpg","type":"image\/jpeg"}],"author":"Karl Zauner - Admin","twitter_card":"summary_large_image","twitter_misc":{"Verfasst von":"Karl Zauner - Admin","Gesch\u00e4tzte Lesezeit":"5\u00a0Minuten"},"schema":{"@context":"https:\/\/schema.org","@graph":[{"@type":"Article","@id":"https:\/\/www.radlobby.org\/noe\/radlobby-noe-aktiv-2018-ein-kleiner-rueckblick\/#article","isPartOf":{"@id":"https:\/\/www.radlobby.org\/noe\/radlobby-noe-aktiv-2018-ein-kleiner-rueckblick\/"},"author":{"name":"Karl Zauner - Admin","@id":"https:\/\/www.radlobby.org\/noe\/#\/schema\/person\/10547574c40a9e9ea65f92c73f3c516b"},"headline":"Radlobby N\u00d6 aktiv 2018 &#8211; Ein kleiner R\u00fcckblick","datePublished":"2018-12-22T17:13:44+00:00","dateModified":"2018-12-22T17:52:47+00:00","mainEntityOfPage":{"@id":"https:\/\/www.radlobby.org\/noe\/radlobby-noe-aktiv-2018-ein-kleiner-rueckblick\/"},"wordCount":920,"publisher":{"@id":"https:\/\/www.radlobby.org\/noe\/#organization"},"image":{"@id":"https:\/\/www.radlobby.org\/noe\/radlobby-noe-aktiv-2018-ein-kleiner-rueckblick\/#primaryimage"},"thumbnailUrl":"https:\/\/www.radlobby.org\/noe\/wp-content\/uploads\/RLN\u00d6-aktiv-2018-300px.jpg","articleSection":["Radlobby Bad Sauerbrunn","Radlobby Baden","Radlobby Deutsch-Wagram","Radlobby Korneuburg","Radlobby Krems","Radlobby Melk","Radlobby Mistelbach","Radlobby M\u00f6dling","Radlobby Nieder\u00f6sterreich","Radlobby Poysdorf","Radlobby Retzer-Land","Radlobby Schwarzatal","Radlobby St. P\u00f6lten","Radlobby Tulln","Radlobby WaidhofenYbbs","Radlobby Wiener Neustadt","Radlobby Wolkersdorf"],"inLanguage":"de"},{"@type":"WebPage","@id":"https:\/\/www.radlobby.org\/noe\/radlobby-noe-aktiv-2018-ein-kleiner-rueckblick\/","url":"https:\/\/www.radlobby.org\/noe\/radlobby-noe-aktiv-2018-ein-kleiner-rueckblick\/","name":"Radlobby N\u00d6 aktiv 2018 - Ein kleiner R\u00fcckblick - Radlobby Nieder\u00f6sterreich","isPartOf":{"@id":"https:\/\/www.radlobby.org\/noe\/#website"},"primaryImageOfPage":{"@id":"https:\/\/www.radlobby.org\/noe\/radlobby-noe-aktiv-2018-ein-kleiner-rueckblick\/#primaryimage"},"image":{"@id":"https:\/\/www.radlobby.org\/noe\/radlobby-noe-aktiv-2018-ein-kleiner-rueckblick\/#primaryimage"},"thumbnailUrl":"https:\/\/www.radlobby.org\/noe\/wp-content\/uploads\/RLN\u00d6-aktiv-2018-300px.jpg","datePublished":"2018-12-22T17:13:44+00:00","dateModified":"2018-12-22T17:52:47+00:00","breadcrumb":{"@id":"https:\/\/www.radlobby.org\/noe\/radlobby-noe-aktiv-2018-ein-kleiner-rueckblick\/#breadcrumb"},"inLanguage":"de","potentialAction":[{"@type":"ReadAction","target":["https:\/\/www.radlobby.org\/noe\/radlobby-noe-aktiv-2018-ein-kleiner-rueckblick\/"]}]},{"@type":"ImageObject","inLanguage":"de","@id":"https:\/\/www.radlobby.org\/noe\/radlobby-noe-aktiv-2018-ein-kleiner-rueckblick\/#primaryimage","url":"https:\/\/www.radlobby.org\/noe\/wp-content\/uploads\/RLN\u00d6-aktiv-2018-300px.jpg","contentUrl":"https:\/\/www.radlobby.org\/noe\/wp-content\/uploads\/RLN\u00d6-aktiv-2018-300px.jpg","width":300,"height":224},{"@type":"BreadcrumbList","@id":"https:\/\/www.radlobby.org\/noe\/radlobby-noe-aktiv-2018-ein-kleiner-rueckblick\/#breadcrumb","itemListElement":[{"@type":"ListItem","position":1,"name":"Startseite","item":"https:\/\/www.radlobby.org\/noe\/"},{"@type":"ListItem","position":2,"name":"Radlobby N\u00d6 aktiv 2018 &#8211; Ein kleiner R\u00fcckblick"}]},{"@type":"WebSite","@id":"https:\/\/www.radlobby.org\/noe\/#website","url":"https:\/\/www.radlobby.org\/noe\/","name":"Radlobby Nieder\u00f6sterreich","description":"Radverkehr, Fahrrad, Radfahren, Radreisen, Radtouren, Radweg","publisher":{"@id":"https:\/\/www.radlobby.org\/noe\/#organization"},"potentialAction":[{"@type":"SearchAction","target":{"@type":"EntryPoint","urlTemplate":"https:\/\/www.radlobby.org\/noe\/?s={search_term_string}"},"query-input":{"@type":"PropertyValueSpecification","valueRequired":true,"valueName":"search_term_string"}}],"inLanguage":"de"},{"@type":"Organization","@id":"https:\/\/www.radlobby.org\/noe\/#organization","name":"Radlobby Nieder\u00f6sterreich","url":"https:\/\/www.radlobby.org\/noe\/","logo":{"@type":"ImageObject","inLanguage":"de","@id":"https:\/\/www.radlobby.org\/noe\/#\/schema\/logo\/image\/","url":"https:\/\/www.radlobby.org\/noe\/wp-content\/uploads\/2017\/01\/cropped-Logo_Radlobby_Niederoesterreich_50-400px_quer-1.jpg","contentUrl":"https:\/\/www.radlobby.org\/noe\/wp-content\/uploads\/2017\/01\/cropped-Logo_Radlobby_Niederoesterreich_50-400px_quer-1.jpg","width":450,"height":124,"caption":"Radlobby Nieder\u00f6sterreich"},"image":{"@id":"https:\/\/www.radlobby.org\/noe\/#\/schema\/logo\/image\/"},"sameAs":["https:\/\/www.facebook.com\/groups\/radfahren.in.noe\/"]},{"@type":"Person","@id":"https:\/\/www.radlobby.org\/noe\/#\/schema\/person\/10547574c40a9e9ea65f92c73f3c516b","name":"Karl Zauner - Admin","image":{"@type":"ImageObject","inLanguage":"de","@id":"https:\/\/www.radlobby.org\/noe\/#\/schema\/person\/image\/","url":"https:\/\/secure.gravatar.com\/avatar\/c0be6303c1ffe16a7b1c79e07b12d4b29176a733c2a5e811b749965d4be12138?s=96&d=mm&r=g","contentUrl":"https:\/\/secure.gravatar.com\/avatar\/c0be6303c1ffe16a7b1c79e07b12d4b29176a733c2a5e811b749965d4be12138?s=96&d=mm&r=g","caption":"Karl Zauner - Admin"},"url":"https:\/\/www.radlobby.org\/noe\/author\/karlzauneradmin\/"}]}},"_links":{"self":[{"href":"https:\/\/www.radlobby.org\/noe\/wp-json\/wp\/v2\/posts\/7791","targetHints":{"allow":["GET"]}}],"collection":[{"href":"https:\/\/www.radlobby.org\/noe\/wp-json\/wp\/v2\/posts"}],"about":[{"href":"https:\/\/www.radlobby.org\/noe\/wp-json\/wp\/v2\/types\/post"}],"author":[{"embeddable":true,"href":"https:\/\/www.radlobby.org\/noe\/wp-json\/wp\/v2\/users\/16"}],"replies":[{"embeddable":true,"href":"https:\/\/www.radlobby.org\/noe\/wp-json\/wp\/v2\/comments?post=7791"}],"version-history":[{"count":0,"href":"https:\/\/www.radlobby.org\/noe\/wp-json\/wp\/v2\/posts\/7791\/revisions"}],"wp:featuredmedia":[{"embeddable":true,"href":"https:\/\/www.radlobby.org\/noe\/wp-json\/wp\/v2\/media\/7784"}],"wp:attachment":[{"href":"https:\/\/www.radlobby.org\/noe\/wp-json\/wp\/v2\/media?parent=7791"}],"wp:term":[{"taxonomy":"category","embeddable":true,"href":"https:\/\/www.radlobby.org\/noe\/wp-json\/wp\/v2\/categories?post=7791"},{"taxonomy":"post_tag","embeddable":true,"href":"https:\/\/www.radlobby.org\/noe\/wp-json\/wp\/v2\/tags?post=7791"}],"curies":[{"name":"wp","href":"https:\/\/api.w.org\/{rel}","templated":true}]}}