{"id":7332,"date":"2018-10-22T11:56:59","date_gmt":"2018-10-22T09:56:59","guid":{"rendered":"http:\/\/www.radlobby.org\/noe\/?p=7332"},"modified":"2018-10-22T11:57:50","modified_gmt":"2018-10-22T09:57:50","slug":"radlobby-radtour-wolkersdorf-alpakas-20181020","status":"publish","type":"post","link":"https:\/\/www.radlobby.org\/noe\/radlobby-radtour-wolkersdorf-alpakas-20181020\/","title":{"rendered":"Radtour Alpakas in Traunfeld am 20.10.2018"},"content":{"rendered":"<p>Bei schon etwas herbstlichen Wetter waren am Samstag, den 20.10.2018, sechzehn Radler.innen bei der Radtour zu <a href=\"https:\/\/achtersalpakas.webnode.at\/\">Achter\u00b4s Alpakas<\/a> in Traunfeld dabei.<\/p>\n<p>Wir wurden von der Familie Achter und f\u00fcnf zu Beginn noch etwas sch\u00fcchternen Alpakas herzlich empfangen.<br \/>\nW\u00e4hrend wir viel \u00fcber Alpakas erfuhren, wich die Scheu\u00a0von Janosch, Leo, Romeo, Carlos und El Condor sch\u00f6n langsam.<\/p>\n<p><a href=\"https:\/\/www.radlobby.org\/noe\/wp-content\/uploads\/IMG-20181020-WA0002.jpg\" data-src=\"https:\/\/www.radlobby.org\/noe\/wp-content\/uploads\/IMG-20181020-WA0002.jpg\" data-thumb=\"http:\/\/www.radlobby.org\/noe\/wp-content\/uploads\/IMG-20181020-WA0002-300x184.jpg\" class=\"ml-lightbox-enabled\"><img loading=\"lazy\" decoding=\"async\" class=\"alignnone size-medium wp-image-7345\" src=\"http:\/\/www.radlobby.org\/noe\/wp-content\/uploads\/IMG-20181020-WA0002-300x184.jpg\" alt=\"\" width=\"300\" height=\"184\" srcset=\"https:\/\/www.radlobby.org\/noe\/wp-content\/uploads\/IMG-20181020-WA0002-300x184.jpg 300w, https:\/\/www.radlobby.org\/noe\/wp-content\/uploads\/IMG-20181020-WA0002-768x472.jpg 768w, https:\/\/www.radlobby.org\/noe\/wp-content\/uploads\/IMG-20181020-WA0002.jpg 1453w\" sizes=\"auto, (max-width: 300px) 100vw, 300px\" \/>\u00a0 \u00a0 \u00a0 \u00a0 \u00a0 \u00a0 \u00a0\u00a0<\/a><a href=\"https:\/\/www.radlobby.org\/noe\/wp-content\/uploads\/P1290707-2.jpg\" data-src=\"https:\/\/www.radlobby.org\/noe\/wp-content\/uploads\/P1290707-2.jpg\" data-thumb=\"http:\/\/www.radlobby.org\/noe\/wp-content\/uploads\/P1290707-2-300x210.jpg\" class=\"ml-lightbox-enabled\"><img loading=\"lazy\" decoding=\"async\" class=\"alignnone size-medium wp-image-7346\" src=\"http:\/\/www.radlobby.org\/noe\/wp-content\/uploads\/P1290707-2-300x210.jpg\" alt=\"\" width=\"300\" height=\"210\" srcset=\"https:\/\/www.radlobby.org\/noe\/wp-content\/uploads\/P1290707-2-300x210.jpg 300w, https:\/\/www.radlobby.org\/noe\/wp-content\/uploads\/P1290707-2-768x537.jpg 768w, https:\/\/www.radlobby.org\/noe\/wp-content\/uploads\/P1290707-2.jpg 990w\" sizes=\"auto, (max-width: 300px) 100vw, 300px\" \/><\/a><\/p>\n<p>Alpakas sind Herdentiere, sie stammen aus S\u00fcdamerika und sie werden \u00fcberwiegend zur Wollgewinnung gehalten.<br \/>\nDiese liebenswerten\u00a0Tiere\u00a0eignen sich jedoch auch sehr gut als aufmerksame Weggef\u00e4hrten bei Wanderungen.<br \/>\nNicht zuletzt werden sie aufgrund ihres neugierigen und sensiblen Charakters gerne als Helfer in der tiergest\u00fctzten Therapie herangezogen.<\/p>\n<p>Die Alpakas der Familie Achter werden einmal im Jahr geschoren, ihre Wolle wird f\u00fcr\u00a0 Bettdecken verwendet.<br \/>\nBettdecken, P\u00f6lster und noch zahlreiche andere Produkte aus Alpakawolle kann man im kleinen aber feinen Hofladen bei den Achters (jeden Mittwoch von Oktober bis J\u00e4nner, 16:00 bis 19:00 Uhr) erstehen.<\/p>\n<p><a href=\"https:\/\/www.radlobby.org\/noe\/wp-content\/uploads\/P1290713.jpg\" data-src=\"https:\/\/www.radlobby.org\/noe\/wp-content\/uploads\/P1290713.jpg\" data-thumb=\"http:\/\/www.radlobby.org\/noe\/wp-content\/uploads\/P1290713-300x225.jpg\" class=\"ml-lightbox-enabled\"><img loading=\"lazy\" decoding=\"async\" class=\"alignnone size-medium wp-image-7349\" src=\"http:\/\/www.radlobby.org\/noe\/wp-content\/uploads\/P1290713-300x225.jpg\" alt=\"\" width=\"300\" height=\"225\" srcset=\"https:\/\/www.radlobby.org\/noe\/wp-content\/uploads\/P1290713-300x225.jpg 300w, https:\/\/www.radlobby.org\/noe\/wp-content\/uploads\/P1290713-768x576.jpg 768w, https:\/\/www.radlobby.org\/noe\/wp-content\/uploads\/P1290713.jpg 1080w\" sizes=\"auto, (max-width: 300px) 100vw, 300px\" \/><\/a>\u00a0 \u00a0 \u00a0\u00a0<a href=\"https:\/\/www.radlobby.org\/noe\/wp-content\/uploads\/P1290731.jpg\" data-src=\"https:\/\/www.radlobby.org\/noe\/wp-content\/uploads\/P1290731.jpg\" data-thumb=\"http:\/\/www.radlobby.org\/noe\/wp-content\/uploads\/P1290731-300x225.jpg\" class=\"ml-lightbox-enabled\"><img loading=\"lazy\" decoding=\"async\" class=\"alignnone size-medium wp-image-7353\" src=\"http:\/\/www.radlobby.org\/noe\/wp-content\/uploads\/P1290731-300x225.jpg\" alt=\"\" width=\"300\" height=\"225\" srcset=\"https:\/\/www.radlobby.org\/noe\/wp-content\/uploads\/P1290731-300x225.jpg 300w, https:\/\/www.radlobby.org\/noe\/wp-content\/uploads\/P1290731-768x576.jpg 768w, https:\/\/www.radlobby.org\/noe\/wp-content\/uploads\/P1290731.jpg 1080w\" sizes=\"auto, (max-width: 300px) 100vw, 300px\" \/><\/a><\/p>\n<p>Radtourenteilnehmer.innen haben die Gelegenheit gleich gen\u00fctzt, eine Haube, einen flauschigen Schal, w\u00e4rmende Socken oder anderes zu erstehen.<\/p>\n<p>Au\u00dferdem wurden wir von der Familie Achter noch mit Erfrischungsgetr\u00e4nken und herrlichen, selbst gemachten Kuchen verw\u00f6hnt. Daf\u00fcr ein herzliches Dankesch\u00f6n!<\/p>\n<p><a href=\"https:\/\/www.radlobby.org\/noe\/wp-content\/uploads\/P1290743.jpg\" data-src=\"https:\/\/www.radlobby.org\/noe\/wp-content\/uploads\/P1290743.jpg\" data-thumb=\"http:\/\/www.radlobby.org\/noe\/wp-content\/uploads\/P1290743-300x225.jpg\" class=\"ml-lightbox-enabled\"><img loading=\"lazy\" decoding=\"async\" class=\"alignnone size-medium wp-image-7359\" src=\"http:\/\/www.radlobby.org\/noe\/wp-content\/uploads\/P1290743-300x225.jpg\" alt=\"\" width=\"300\" height=\"225\" srcset=\"https:\/\/www.radlobby.org\/noe\/wp-content\/uploads\/P1290743-300x225.jpg 300w, https:\/\/www.radlobby.org\/noe\/wp-content\/uploads\/P1290743-768x576.jpg 768w, https:\/\/www.radlobby.org\/noe\/wp-content\/uploads\/P1290743.jpg 1080w\" sizes=\"auto, (max-width: 300px) 100vw, 300px\" \/><\/a>\u00a0 \u00a0 \u00a0<a href=\"https:\/\/www.radlobby.org\/noe\/wp-content\/uploads\/P1290740.jpg\" data-src=\"https:\/\/www.radlobby.org\/noe\/wp-content\/uploads\/P1290740.jpg\" data-thumb=\"http:\/\/www.radlobby.org\/noe\/wp-content\/uploads\/P1290740-300x225.jpg\" class=\"ml-lightbox-enabled\"><img loading=\"lazy\" decoding=\"async\" class=\"alignnone size-medium wp-image-7358\" src=\"http:\/\/www.radlobby.org\/noe\/wp-content\/uploads\/P1290740-300x225.jpg\" alt=\"\" width=\"300\" height=\"225\" srcset=\"https:\/\/www.radlobby.org\/noe\/wp-content\/uploads\/P1290740-300x225.jpg 300w, https:\/\/www.radlobby.org\/noe\/wp-content\/uploads\/P1290740-768x576.jpg 768w, https:\/\/www.radlobby.org\/noe\/wp-content\/uploads\/P1290740.jpg 1080w\" sizes=\"auto, (max-width: 300px) 100vw, 300px\" \/><\/a><a href=\"https:\/\/www.radlobby.org\/noe\/wp-content\/uploads\/P1290748.jpg\" data-src=\"https:\/\/www.radlobby.org\/noe\/wp-content\/uploads\/P1290748.jpg\" data-thumb=\"http:\/\/www.radlobby.org\/noe\/wp-content\/uploads\/P1290748-300x225.jpg\" class=\"ml-lightbox-enabled\"><img loading=\"lazy\" decoding=\"async\" class=\"alignnone wp-image-7342\" src=\"http:\/\/www.radlobby.org\/noe\/wp-content\/uploads\/P1290748-300x225.jpg\" alt=\"\" width=\"300\" height=\"225\" srcset=\"https:\/\/www.radlobby.org\/noe\/wp-content\/uploads\/P1290748-300x225.jpg 300w, https:\/\/www.radlobby.org\/noe\/wp-content\/uploads\/P1290748-768x577.jpg 768w, https:\/\/www.radlobby.org\/noe\/wp-content\/uploads\/P1290748.jpg 989w\" sizes=\"auto, (max-width: 300px) 100vw, 300px\" \/><\/a><\/p>\n<p>Und hier noch eine Fotostrecke:<\/p>\n<p><a href=\"https:\/\/www.radlobby.org\/noe\/wp-content\/uploads\/P1290733.jpg\" data-src=\"https:\/\/www.radlobby.org\/noe\/wp-content\/uploads\/P1290733.jpg\" data-thumb=\"http:\/\/www.radlobby.org\/noe\/wp-content\/uploads\/P1290733-300x215.jpg\" class=\"ml-lightbox-enabled\"><img loading=\"lazy\" decoding=\"async\" class=\"alignnone size-medium wp-image-7354\" src=\"http:\/\/www.radlobby.org\/noe\/wp-content\/uploads\/P1290733-300x215.jpg\" alt=\"\" width=\"300\" height=\"215\" srcset=\"https:\/\/www.radlobby.org\/noe\/wp-content\/uploads\/P1290733-300x215.jpg 300w, https:\/\/www.radlobby.org\/noe\/wp-content\/uploads\/P1290733-768x551.jpg 768w, https:\/\/www.radlobby.org\/noe\/wp-content\/uploads\/P1290733.jpg 1019w\" sizes=\"auto, (max-width: 300px) 100vw, 300px\" \/><\/a><a href=\"http:\/\/www.radlobby.org\/noe\/wp-content\/uploads\/P1290736.jpg\">\u00a0 \u00a0 \u00a0<\/a><a href=\"https:\/\/www.radlobby.org\/noe\/wp-content\/uploads\/P1290727.jpg\" data-src=\"https:\/\/www.radlobby.org\/noe\/wp-content\/uploads\/P1290727.jpg\" data-thumb=\"http:\/\/www.radlobby.org\/noe\/wp-content\/uploads\/P1290727-300x225.jpg\" class=\"ml-lightbox-enabled\"><img loading=\"lazy\" decoding=\"async\" class=\"alignnone size-medium wp-image-7351\" src=\"http:\/\/www.radlobby.org\/noe\/wp-content\/uploads\/P1290727-300x225.jpg\" alt=\"\" width=\"300\" height=\"225\" srcset=\"https:\/\/www.radlobby.org\/noe\/wp-content\/uploads\/P1290727-300x225.jpg 300w, https:\/\/www.radlobby.org\/noe\/wp-content\/uploads\/P1290727-768x576.jpg 768w, https:\/\/www.radlobby.org\/noe\/wp-content\/uploads\/P1290727.jpg 1080w\" sizes=\"auto, (max-width: 300px) 100vw, 300px\" \/><\/a><a href=\"https:\/\/www.radlobby.org\/noe\/wp-content\/uploads\/P1290730.jpg\" data-src=\"https:\/\/www.radlobby.org\/noe\/wp-content\/uploads\/P1290730.jpg\" data-thumb=\"http:\/\/www.radlobby.org\/noe\/wp-content\/uploads\/P1290730-300x251.jpg\" class=\"ml-lightbox-enabled\"><img loading=\"lazy\" decoding=\"async\" class=\"alignnone size-medium wp-image-7352\" src=\"http:\/\/www.radlobby.org\/noe\/wp-content\/uploads\/P1290730-300x251.jpg\" alt=\"\" width=\"300\" height=\"251\" srcset=\"https:\/\/www.radlobby.org\/noe\/wp-content\/uploads\/P1290730-300x251.jpg 300w, https:\/\/www.radlobby.org\/noe\/wp-content\/uploads\/P1290730-768x643.jpg 768w, https:\/\/www.radlobby.org\/noe\/wp-content\/uploads\/P1290730.jpg 895w\" sizes=\"auto, (max-width: 300px) 100vw, 300px\" \/><\/a><a href=\"http:\/\/www.radlobby.org\/noe\/wp-content\/uploads\/P1290736.jpg\">\u00a0 \u00a0 \u00a0<\/a><a href=\"https:\/\/www.radlobby.org\/noe\/wp-content\/uploads\/P1290721-2.jpg\" data-src=\"https:\/\/www.radlobby.org\/noe\/wp-content\/uploads\/P1290721-2.jpg\" data-thumb=\"http:\/\/www.radlobby.org\/noe\/wp-content\/uploads\/P1290721-2-300x225.jpg\" class=\"ml-lightbox-enabled\"><img loading=\"lazy\" decoding=\"async\" class=\"alignnone size-medium wp-image-7350\" src=\"http:\/\/www.radlobby.org\/noe\/wp-content\/uploads\/P1290721-2-300x225.jpg\" alt=\"\" width=\"300\" height=\"225\" srcset=\"https:\/\/www.radlobby.org\/noe\/wp-content\/uploads\/P1290721-2-300x225.jpg 300w, https:\/\/www.radlobby.org\/noe\/wp-content\/uploads\/P1290721-2-768x576.jpg 768w, https:\/\/www.radlobby.org\/noe\/wp-content\/uploads\/P1290721-2.jpg 1080w\" sizes=\"auto, (max-width: 300px) 100vw, 300px\" \/><\/a><a href=\"https:\/\/www.radlobby.org\/noe\/wp-content\/uploads\/P1290712-2.jpg\" data-src=\"https:\/\/www.radlobby.org\/noe\/wp-content\/uploads\/P1290712-2.jpg\" data-thumb=\"http:\/\/www.radlobby.org\/noe\/wp-content\/uploads\/P1290712-2-300x190.jpg\" class=\"ml-lightbox-enabled\"><img loading=\"lazy\" decoding=\"async\" class=\"alignnone size-medium wp-image-7348\" src=\"http:\/\/www.radlobby.org\/noe\/wp-content\/uploads\/P1290712-2-300x190.jpg\" alt=\"\" width=\"300\" height=\"190\" srcset=\"https:\/\/www.radlobby.org\/noe\/wp-content\/uploads\/P1290712-2-300x190.jpg 300w, https:\/\/www.radlobby.org\/noe\/wp-content\/uploads\/P1290712-2-768x486.jpg 768w, https:\/\/www.radlobby.org\/noe\/wp-content\/uploads\/P1290712-2.jpg 1080w\" sizes=\"auto, (max-width: 300px) 100vw, 300px\" \/><\/a><a href=\"http:\/\/www.radlobby.org\/noe\/wp-content\/uploads\/P1290736.jpg\">\u00a0 \u00a0 \u00a0<\/a><a href=\"https:\/\/www.radlobby.org\/noe\/wp-content\/uploads\/P1290738.jpg\" data-src=\"https:\/\/www.radlobby.org\/noe\/wp-content\/uploads\/P1290738.jpg\" data-thumb=\"http:\/\/www.radlobby.org\/noe\/wp-content\/uploads\/P1290738-300x224.jpg\" class=\"ml-lightbox-enabled\"><img loading=\"lazy\" decoding=\"async\" class=\"alignnone size-medium wp-image-7357\" src=\"http:\/\/www.radlobby.org\/noe\/wp-content\/uploads\/P1290738-300x224.jpg\" alt=\"\" width=\"300\" height=\"224\" srcset=\"https:\/\/www.radlobby.org\/noe\/wp-content\/uploads\/P1290738-300x224.jpg 300w, https:\/\/www.radlobby.org\/noe\/wp-content\/uploads\/P1290738-768x572.jpg 768w, https:\/\/www.radlobby.org\/noe\/wp-content\/uploads\/P1290738.jpg 931w\" sizes=\"auto, (max-width: 300px) 100vw, 300px\" \/><\/a><a href=\"https:\/\/www.radlobby.org\/noe\/wp-content\/uploads\/P1290736.jpg\" data-src=\"https:\/\/www.radlobby.org\/noe\/wp-content\/uploads\/P1290736.jpg\" data-thumb=\"http:\/\/www.radlobby.org\/noe\/wp-content\/uploads\/P1290736-295x300.jpg\" class=\"ml-lightbox-enabled\"><img loading=\"lazy\" decoding=\"async\" class=\"alignnone size-medium wp-image-7356\" src=\"http:\/\/www.radlobby.org\/noe\/wp-content\/uploads\/P1290736-295x300.jpg\" alt=\"\" width=\"295\" height=\"300\" srcset=\"https:\/\/www.radlobby.org\/noe\/wp-content\/uploads\/P1290736-295x300.jpg 295w, https:\/\/www.radlobby.org\/noe\/wp-content\/uploads\/P1290736-768x781.jpg 768w, https:\/\/www.radlobby.org\/noe\/wp-content\/uploads\/P1290736.jpg 797w\" sizes=\"auto, (max-width: 295px) 100vw, 295px\" \/>\u00a0 \u00a0 \u00a0<\/a><a href=\"https:\/\/www.radlobby.org\/noe\/wp-content\/uploads\/P1290734.jpg\" data-src=\"https:\/\/www.radlobby.org\/noe\/wp-content\/uploads\/P1290734.jpg\" data-thumb=\"http:\/\/www.radlobby.org\/noe\/wp-content\/uploads\/P1290734-300x201.jpg\" class=\"ml-lightbox-enabled\"><img loading=\"lazy\" decoding=\"async\" class=\"alignnone size-medium wp-image-7355\" src=\"http:\/\/www.radlobby.org\/noe\/wp-content\/uploads\/P1290734-300x201.jpg\" alt=\"\" width=\"300\" height=\"201\" srcset=\"https:\/\/www.radlobby.org\/noe\/wp-content\/uploads\/P1290734-300x201.jpg 300w, https:\/\/www.radlobby.org\/noe\/wp-content\/uploads\/P1290734-768x515.jpg 768w, https:\/\/www.radlobby.org\/noe\/wp-content\/uploads\/P1290734.jpg 1000w\" sizes=\"auto, (max-width: 300px) 100vw, 300px\" \/><\/a><a href=\"https:\/\/www.radlobby.org\/noe\/wp-content\/uploads\/P1290750.jpg\" data-src=\"https:\/\/www.radlobby.org\/noe\/wp-content\/uploads\/P1290750.jpg\" data-thumb=\"http:\/\/www.radlobby.org\/noe\/wp-content\/uploads\/P1290750-300x222.jpg\" class=\"ml-lightbox-enabled\"><img loading=\"lazy\" decoding=\"async\" class=\"alignnone size-medium wp-image-7365\" src=\"http:\/\/www.radlobby.org\/noe\/wp-content\/uploads\/P1290750-300x222.jpg\" alt=\"\" width=\"300\" height=\"222\" srcset=\"https:\/\/www.radlobby.org\/noe\/wp-content\/uploads\/P1290750-300x222.jpg 300w, https:\/\/www.radlobby.org\/noe\/wp-content\/uploads\/P1290750-768x567.jpg 768w, https:\/\/www.radlobby.org\/noe\/wp-content\/uploads\/P1290750.jpg 990w\" sizes=\"auto, (max-width: 300px) 100vw, 300px\" \/><\/a>\u00a0 \u00a0 \u00a0\u00a0 \u00a0 \u00a0\u00a0 \u00a0 \u00a0<a href=\"https:\/\/www.radlobby.org\/noe\/wp-content\/uploads\/IMG-20181020-WA0000.jpg\" data-src=\"https:\/\/www.radlobby.org\/noe\/wp-content\/uploads\/IMG-20181020-WA0000.jpg\" data-thumb=\"http:\/\/www.radlobby.org\/noe\/wp-content\/uploads\/IMG-20181020-WA0000-300x142.jpg\" class=\"ml-lightbox-enabled\"><img loading=\"lazy\" decoding=\"async\" class=\"size-medium wp-image-7343 alignleft\" src=\"http:\/\/www.radlobby.org\/noe\/wp-content\/uploads\/IMG-20181020-WA0000-300x142.jpg\" alt=\"\" width=\"300\" height=\"142\" srcset=\"https:\/\/www.radlobby.org\/noe\/wp-content\/uploads\/IMG-20181020-WA0000-300x142.jpg 300w, https:\/\/www.radlobby.org\/noe\/wp-content\/uploads\/IMG-20181020-WA0000-768x364.jpg 768w, https:\/\/www.radlobby.org\/noe\/wp-content\/uploads\/IMG-20181020-WA0000.jpg 1538w\" sizes=\"auto, (max-width: 300px) 100vw, 300px\" \/><\/a><\/p>\n","protected":false},"excerpt":{"rendered":"<p>Bei schon etwas herbstlichen Wetter waren am Samstag, den 20.10.2018, sechzehn Radler.innen bei der Radtour zu Achter\u00b4s Alpakas in Traunfeld dabei. Wir wurden von der Familie Achter und f\u00fcnf zu Beginn noch etwas sch\u00fcchternen Alpakas herzlich empfangen. W\u00e4hrend wir viel<\/p>\n","protected":false},"author":3,"featured_media":7345,"comment_status":"closed","ping_status":"closed","sticky":false,"template":"","format":"standard","meta":{"footnotes":""},"categories":[16],"tags":[227,214,39,228],"class_list":["post-7332","post","type-post","status-publish","format-standard","has-post-thumbnail","hentry","category-wolkersdorf","tag-achter","tag-alpaka","tag-radtouren","tag-traunfeld"],"yoast_head":"<!-- This site is optimized with the Yoast SEO plugin v26.9 - https:\/\/yoast.com\/product\/yoast-seo-wordpress\/ -->\n<title>Radtour Alpakas in Traunfeld am 20.10.2018 - Radlobby Nieder\u00f6sterreich<\/title>\n<meta name=\"robots\" content=\"index, follow, max-snippet:-1, max-image-preview:large, max-video-preview:-1\" \/>\n<link rel=\"canonical\" href=\"https:\/\/www.radlobby.org\/noe\/radlobby-radtour-wolkersdorf-alpakas-20181020\/\" \/>\n<meta property=\"og:locale\" content=\"de_DE\" \/>\n<meta property=\"og:type\" content=\"article\" \/>\n<meta property=\"og:title\" content=\"Radtour Alpakas in Traunfeld am 20.10.2018 - Radlobby Nieder\u00f6sterreich\" \/>\n<meta property=\"og:description\" content=\"Bei schon etwas herbstlichen Wetter waren am Samstag, den 20.10.2018, sechzehn Radler.innen bei der Radtour zu Achter\u00b4s Alpakas in Traunfeld dabei. Wir wurden von der Familie Achter und f\u00fcnf zu Beginn noch etwas sch\u00fcchternen Alpakas herzlich empfangen. W\u00e4hrend wir viel\" \/>\n<meta property=\"og:url\" content=\"https:\/\/www.radlobby.org\/noe\/radlobby-radtour-wolkersdorf-alpakas-20181020\/\" \/>\n<meta property=\"og:site_name\" content=\"Radlobby Nieder\u00f6sterreich\" \/>\n<meta property=\"article:publisher\" content=\"https:\/\/www.facebook.com\/groups\/radfahren.in.noe\/\" \/>\n<meta property=\"article:published_time\" content=\"2018-10-22T09:56:59+00:00\" \/>\n<meta property=\"article:modified_time\" content=\"2018-10-22T09:57:50+00:00\" \/>\n<meta property=\"og:image\" content=\"https:\/\/www.radlobby.org\/noe\/wp-content\/uploads\/IMG-20181020-WA0002.jpg\" \/>\n\t<meta property=\"og:image:width\" content=\"1453\" \/>\n\t<meta property=\"og:image:height\" content=\"893\" \/>\n\t<meta property=\"og:image:type\" content=\"image\/jpeg\" \/>\n<meta name=\"author\" content=\"Hermann Hiebner\" \/>\n<meta name=\"twitter:card\" content=\"summary_large_image\" \/>\n<meta name=\"twitter:label1\" content=\"Verfasst von\" \/>\n\t<meta name=\"twitter:data1\" content=\"Hermann Hiebner\" \/>\n\t<meta name=\"twitter:label2\" content=\"Gesch\u00e4tzte Lesezeit\" \/>\n\t<meta name=\"twitter:data2\" content=\"1\u00a0Minute\" \/>\n<script type=\"application\/ld+json\" class=\"yoast-schema-graph\">{\"@context\":\"https:\/\/schema.org\",\"@graph\":[{\"@type\":\"Article\",\"@id\":\"https:\/\/www.radlobby.org\/noe\/radlobby-radtour-wolkersdorf-alpakas-20181020\/#article\",\"isPartOf\":{\"@id\":\"https:\/\/www.radlobby.org\/noe\/radlobby-radtour-wolkersdorf-alpakas-20181020\/\"},\"author\":{\"name\":\"Hermann Hiebner\",\"@id\":\"https:\/\/www.radlobby.org\/noe\/#\/schema\/person\/c91605b70aca449bea4cb27190b0dbe2\"},\"headline\":\"Radtour Alpakas in Traunfeld am 20.10.2018\",\"datePublished\":\"2018-10-22T09:56:59+00:00\",\"dateModified\":\"2018-10-22T09:57:50+00:00\",\"mainEntityOfPage\":{\"@id\":\"https:\/\/www.radlobby.org\/noe\/radlobby-radtour-wolkersdorf-alpakas-20181020\/\"},\"wordCount\":212,\"publisher\":{\"@id\":\"https:\/\/www.radlobby.org\/noe\/#organization\"},\"image\":{\"@id\":\"https:\/\/www.radlobby.org\/noe\/radlobby-radtour-wolkersdorf-alpakas-20181020\/#primaryimage\"},\"thumbnailUrl\":\"https:\/\/www.radlobby.org\/noe\/wp-content\/uploads\/IMG-20181020-WA0002.jpg\",\"keywords\":[\"Achter\",\"Alpaka\",\"Radtouren\",\"Traunfeld\"],\"articleSection\":[\"Radlobby Wolkersdorf\"],\"inLanguage\":\"de\"},{\"@type\":\"WebPage\",\"@id\":\"https:\/\/www.radlobby.org\/noe\/radlobby-radtour-wolkersdorf-alpakas-20181020\/\",\"url\":\"https:\/\/www.radlobby.org\/noe\/radlobby-radtour-wolkersdorf-alpakas-20181020\/\",\"name\":\"Radtour Alpakas in Traunfeld am 20.10.2018 - Radlobby Nieder\u00f6sterreich\",\"isPartOf\":{\"@id\":\"https:\/\/www.radlobby.org\/noe\/#website\"},\"primaryImageOfPage\":{\"@id\":\"https:\/\/www.radlobby.org\/noe\/radlobby-radtour-wolkersdorf-alpakas-20181020\/#primaryimage\"},\"image\":{\"@id\":\"https:\/\/www.radlobby.org\/noe\/radlobby-radtour-wolkersdorf-alpakas-20181020\/#primaryimage\"},\"thumbnailUrl\":\"https:\/\/www.radlobby.org\/noe\/wp-content\/uploads\/IMG-20181020-WA0002.jpg\",\"datePublished\":\"2018-10-22T09:56:59+00:00\",\"dateModified\":\"2018-10-22T09:57:50+00:00\",\"breadcrumb\":{\"@id\":\"https:\/\/www.radlobby.org\/noe\/radlobby-radtour-wolkersdorf-alpakas-20181020\/#breadcrumb\"},\"inLanguage\":\"de\",\"potentialAction\":[{\"@type\":\"ReadAction\",\"target\":[\"https:\/\/www.radlobby.org\/noe\/radlobby-radtour-wolkersdorf-alpakas-20181020\/\"]}]},{\"@type\":\"ImageObject\",\"inLanguage\":\"de\",\"@id\":\"https:\/\/www.radlobby.org\/noe\/radlobby-radtour-wolkersdorf-alpakas-20181020\/#primaryimage\",\"url\":\"https:\/\/www.radlobby.org\/noe\/wp-content\/uploads\/IMG-20181020-WA0002.jpg\",\"contentUrl\":\"https:\/\/www.radlobby.org\/noe\/wp-content\/uploads\/IMG-20181020-WA0002.jpg\",\"width\":1453,\"height\":893},{\"@type\":\"BreadcrumbList\",\"@id\":\"https:\/\/www.radlobby.org\/noe\/radlobby-radtour-wolkersdorf-alpakas-20181020\/#breadcrumb\",\"itemListElement\":[{\"@type\":\"ListItem\",\"position\":1,\"name\":\"Startseite\",\"item\":\"https:\/\/www.radlobby.org\/noe\/\"},{\"@type\":\"ListItem\",\"position\":2,\"name\":\"Radtour Alpakas in Traunfeld am 20.10.2018\"}]},{\"@type\":\"WebSite\",\"@id\":\"https:\/\/www.radlobby.org\/noe\/#website\",\"url\":\"https:\/\/www.radlobby.org\/noe\/\",\"name\":\"Radlobby Nieder\u00f6sterreich\",\"description\":\"Radverkehr, Fahrrad, Radfahren, Radreisen, Radtouren, Radweg\",\"publisher\":{\"@id\":\"https:\/\/www.radlobby.org\/noe\/#organization\"},\"potentialAction\":[{\"@type\":\"SearchAction\",\"target\":{\"@type\":\"EntryPoint\",\"urlTemplate\":\"https:\/\/www.radlobby.org\/noe\/?s={search_term_string}\"},\"query-input\":{\"@type\":\"PropertyValueSpecification\",\"valueRequired\":true,\"valueName\":\"search_term_string\"}}],\"inLanguage\":\"de\"},{\"@type\":\"Organization\",\"@id\":\"https:\/\/www.radlobby.org\/noe\/#organization\",\"name\":\"Radlobby Nieder\u00f6sterreich\",\"url\":\"https:\/\/www.radlobby.org\/noe\/\",\"logo\":{\"@type\":\"ImageObject\",\"inLanguage\":\"de\",\"@id\":\"https:\/\/www.radlobby.org\/noe\/#\/schema\/logo\/image\/\",\"url\":\"https:\/\/www.radlobby.org\/noe\/wp-content\/uploads\/2017\/01\/cropped-Logo_Radlobby_Niederoesterreich_50-400px_quer-1.jpg\",\"contentUrl\":\"https:\/\/www.radlobby.org\/noe\/wp-content\/uploads\/2017\/01\/cropped-Logo_Radlobby_Niederoesterreich_50-400px_quer-1.jpg\",\"width\":450,\"height\":124,\"caption\":\"Radlobby Nieder\u00f6sterreich\"},\"image\":{\"@id\":\"https:\/\/www.radlobby.org\/noe\/#\/schema\/logo\/image\/\"},\"sameAs\":[\"https:\/\/www.facebook.com\/groups\/radfahren.in.noe\/\"]},{\"@type\":\"Person\",\"@id\":\"https:\/\/www.radlobby.org\/noe\/#\/schema\/person\/c91605b70aca449bea4cb27190b0dbe2\",\"name\":\"Hermann Hiebner\",\"image\":{\"@type\":\"ImageObject\",\"inLanguage\":\"de\",\"@id\":\"https:\/\/www.radlobby.org\/noe\/#\/schema\/person\/image\/\",\"url\":\"https:\/\/secure.gravatar.com\/avatar\/d9d442cd70d260be25a46bab5f85206043aabce00da594192c593e7d4fc65f72?s=96&d=mm&r=g\",\"contentUrl\":\"https:\/\/secure.gravatar.com\/avatar\/d9d442cd70d260be25a46bab5f85206043aabce00da594192c593e7d4fc65f72?s=96&d=mm&r=g\",\"caption\":\"Hermann Hiebner\"},\"url\":\"https:\/\/www.radlobby.org\/noe\/author\/hermannhiebner\/\"}]}<\/script>\n<!-- \/ Yoast SEO plugin. -->","yoast_head_json":{"title":"Radtour Alpakas in Traunfeld am 20.10.2018 - Radlobby Nieder\u00f6sterreich","robots":{"index":"index","follow":"follow","max-snippet":"max-snippet:-1","max-image-preview":"max-image-preview:large","max-video-preview":"max-video-preview:-1"},"canonical":"https:\/\/www.radlobby.org\/noe\/radlobby-radtour-wolkersdorf-alpakas-20181020\/","og_locale":"de_DE","og_type":"article","og_title":"Radtour Alpakas in Traunfeld am 20.10.2018 - Radlobby Nieder\u00f6sterreich","og_description":"Bei schon etwas herbstlichen Wetter waren am Samstag, den 20.10.2018, sechzehn Radler.innen bei der Radtour zu Achter\u00b4s Alpakas in Traunfeld dabei. Wir wurden von der Familie Achter und f\u00fcnf zu Beginn noch etwas sch\u00fcchternen Alpakas herzlich empfangen. W\u00e4hrend wir viel","og_url":"https:\/\/www.radlobby.org\/noe\/radlobby-radtour-wolkersdorf-alpakas-20181020\/","og_site_name":"Radlobby Nieder\u00f6sterreich","article_publisher":"https:\/\/www.facebook.com\/groups\/radfahren.in.noe\/","article_published_time":"2018-10-22T09:56:59+00:00","article_modified_time":"2018-10-22T09:57:50+00:00","og_image":[{"width":1453,"height":893,"url":"https:\/\/www.radlobby.org\/noe\/wp-content\/uploads\/IMG-20181020-WA0002.jpg","type":"image\/jpeg"}],"author":"Hermann Hiebner","twitter_card":"summary_large_image","twitter_misc":{"Verfasst von":"Hermann Hiebner","Gesch\u00e4tzte Lesezeit":"1\u00a0Minute"},"schema":{"@context":"https:\/\/schema.org","@graph":[{"@type":"Article","@id":"https:\/\/www.radlobby.org\/noe\/radlobby-radtour-wolkersdorf-alpakas-20181020\/#article","isPartOf":{"@id":"https:\/\/www.radlobby.org\/noe\/radlobby-radtour-wolkersdorf-alpakas-20181020\/"},"author":{"name":"Hermann Hiebner","@id":"https:\/\/www.radlobby.org\/noe\/#\/schema\/person\/c91605b70aca449bea4cb27190b0dbe2"},"headline":"Radtour Alpakas in Traunfeld am 20.10.2018","datePublished":"2018-10-22T09:56:59+00:00","dateModified":"2018-10-22T09:57:50+00:00","mainEntityOfPage":{"@id":"https:\/\/www.radlobby.org\/noe\/radlobby-radtour-wolkersdorf-alpakas-20181020\/"},"wordCount":212,"publisher":{"@id":"https:\/\/www.radlobby.org\/noe\/#organization"},"image":{"@id":"https:\/\/www.radlobby.org\/noe\/radlobby-radtour-wolkersdorf-alpakas-20181020\/#primaryimage"},"thumbnailUrl":"https:\/\/www.radlobby.org\/noe\/wp-content\/uploads\/IMG-20181020-WA0002.jpg","keywords":["Achter","Alpaka","Radtouren","Traunfeld"],"articleSection":["Radlobby Wolkersdorf"],"inLanguage":"de"},{"@type":"WebPage","@id":"https:\/\/www.radlobby.org\/noe\/radlobby-radtour-wolkersdorf-alpakas-20181020\/","url":"https:\/\/www.radlobby.org\/noe\/radlobby-radtour-wolkersdorf-alpakas-20181020\/","name":"Radtour Alpakas in Traunfeld am 20.10.2018 - Radlobby Nieder\u00f6sterreich","isPartOf":{"@id":"https:\/\/www.radlobby.org\/noe\/#website"},"primaryImageOfPage":{"@id":"https:\/\/www.radlobby.org\/noe\/radlobby-radtour-wolkersdorf-alpakas-20181020\/#primaryimage"},"image":{"@id":"https:\/\/www.radlobby.org\/noe\/radlobby-radtour-wolkersdorf-alpakas-20181020\/#primaryimage"},"thumbnailUrl":"https:\/\/www.radlobby.org\/noe\/wp-content\/uploads\/IMG-20181020-WA0002.jpg","datePublished":"2018-10-22T09:56:59+00:00","dateModified":"2018-10-22T09:57:50+00:00","breadcrumb":{"@id":"https:\/\/www.radlobby.org\/noe\/radlobby-radtour-wolkersdorf-alpakas-20181020\/#breadcrumb"},"inLanguage":"de","potentialAction":[{"@type":"ReadAction","target":["https:\/\/www.radlobby.org\/noe\/radlobby-radtour-wolkersdorf-alpakas-20181020\/"]}]},{"@type":"ImageObject","inLanguage":"de","@id":"https:\/\/www.radlobby.org\/noe\/radlobby-radtour-wolkersdorf-alpakas-20181020\/#primaryimage","url":"https:\/\/www.radlobby.org\/noe\/wp-content\/uploads\/IMG-20181020-WA0002.jpg","contentUrl":"https:\/\/www.radlobby.org\/noe\/wp-content\/uploads\/IMG-20181020-WA0002.jpg","width":1453,"height":893},{"@type":"BreadcrumbList","@id":"https:\/\/www.radlobby.org\/noe\/radlobby-radtour-wolkersdorf-alpakas-20181020\/#breadcrumb","itemListElement":[{"@type":"ListItem","position":1,"name":"Startseite","item":"https:\/\/www.radlobby.org\/noe\/"},{"@type":"ListItem","position":2,"name":"Radtour Alpakas in Traunfeld am 20.10.2018"}]},{"@type":"WebSite","@id":"https:\/\/www.radlobby.org\/noe\/#website","url":"https:\/\/www.radlobby.org\/noe\/","name":"Radlobby Nieder\u00f6sterreich","description":"Radverkehr, Fahrrad, Radfahren, Radreisen, Radtouren, Radweg","publisher":{"@id":"https:\/\/www.radlobby.org\/noe\/#organization"},"potentialAction":[{"@type":"SearchAction","target":{"@type":"EntryPoint","urlTemplate":"https:\/\/www.radlobby.org\/noe\/?s={search_term_string}"},"query-input":{"@type":"PropertyValueSpecification","valueRequired":true,"valueName":"search_term_string"}}],"inLanguage":"de"},{"@type":"Organization","@id":"https:\/\/www.radlobby.org\/noe\/#organization","name":"Radlobby Nieder\u00f6sterreich","url":"https:\/\/www.radlobby.org\/noe\/","logo":{"@type":"ImageObject","inLanguage":"de","@id":"https:\/\/www.radlobby.org\/noe\/#\/schema\/logo\/image\/","url":"https:\/\/www.radlobby.org\/noe\/wp-content\/uploads\/2017\/01\/cropped-Logo_Radlobby_Niederoesterreich_50-400px_quer-1.jpg","contentUrl":"https:\/\/www.radlobby.org\/noe\/wp-content\/uploads\/2017\/01\/cropped-Logo_Radlobby_Niederoesterreich_50-400px_quer-1.jpg","width":450,"height":124,"caption":"Radlobby Nieder\u00f6sterreich"},"image":{"@id":"https:\/\/www.radlobby.org\/noe\/#\/schema\/logo\/image\/"},"sameAs":["https:\/\/www.facebook.com\/groups\/radfahren.in.noe\/"]},{"@type":"Person","@id":"https:\/\/www.radlobby.org\/noe\/#\/schema\/person\/c91605b70aca449bea4cb27190b0dbe2","name":"Hermann Hiebner","image":{"@type":"ImageObject","inLanguage":"de","@id":"https:\/\/www.radlobby.org\/noe\/#\/schema\/person\/image\/","url":"https:\/\/secure.gravatar.com\/avatar\/d9d442cd70d260be25a46bab5f85206043aabce00da594192c593e7d4fc65f72?s=96&d=mm&r=g","contentUrl":"https:\/\/secure.gravatar.com\/avatar\/d9d442cd70d260be25a46bab5f85206043aabce00da594192c593e7d4fc65f72?s=96&d=mm&r=g","caption":"Hermann Hiebner"},"url":"https:\/\/www.radlobby.org\/noe\/author\/hermannhiebner\/"}]}},"_links":{"self":[{"href":"https:\/\/www.radlobby.org\/noe\/wp-json\/wp\/v2\/posts\/7332","targetHints":{"allow":["GET"]}}],"collection":[{"href":"https:\/\/www.radlobby.org\/noe\/wp-json\/wp\/v2\/posts"}],"about":[{"href":"https:\/\/www.radlobby.org\/noe\/wp-json\/wp\/v2\/types\/post"}],"author":[{"embeddable":true,"href":"https:\/\/www.radlobby.org\/noe\/wp-json\/wp\/v2\/users\/3"}],"replies":[{"embeddable":true,"href":"https:\/\/www.radlobby.org\/noe\/wp-json\/wp\/v2\/comments?post=7332"}],"version-history":[{"count":0,"href":"https:\/\/www.radlobby.org\/noe\/wp-json\/wp\/v2\/posts\/7332\/revisions"}],"wp:featuredmedia":[{"embeddable":true,"href":"https:\/\/www.radlobby.org\/noe\/wp-json\/wp\/v2\/media\/7345"}],"wp:attachment":[{"href":"https:\/\/www.radlobby.org\/noe\/wp-json\/wp\/v2\/media?parent=7332"}],"wp:term":[{"taxonomy":"category","embeddable":true,"href":"https:\/\/www.radlobby.org\/noe\/wp-json\/wp\/v2\/categories?post=7332"},{"taxonomy":"post_tag","embeddable":true,"href":"https:\/\/www.radlobby.org\/noe\/wp-json\/wp\/v2\/tags?post=7332"}],"curies":[{"name":"wp","href":"https:\/\/api.w.org\/{rel}","templated":true}]}}