{"id":5571,"date":"2016-11-02T19:30:45","date_gmt":"2016-11-02T18:30:45","guid":{"rendered":"http:\/\/www.radlobby.org\/noe\/?p=5571"},"modified":"2018-03-29T19:33:52","modified_gmt":"2018-03-29T17:33:52","slug":"wiener-neustadt-schulwegbefahrungen-noen-radlobby-4-befahrung","status":"publish","type":"post","link":"https:\/\/www.radlobby.org\/noe\/wiener-neustadt-schulwegbefahrungen-noen-radlobby-4-befahrung\/","title":{"rendered":"Wiener Neustadt: Schulwegbefahrungen N\u00d6N &#038; Radlobby<br>4. Befahrung"},"content":{"rendered":"<p><a href=\"https:\/\/www.radlobby.org\/noe\/wp-content\/uploads\/2017\/01\/NOEN_logo_100px.gif\" data-src=\"https:\/\/www.radlobby.org\/noe\/wp-content\/uploads\/2017\/01\/NOEN_logo_100px.gif\" data-thumb=\"http:\/\/www.radlobby.org\/noe\/wp-content\/uploads\/2017\/01\/NOEN_logo_100px.gif\" class=\"ml-lightbox-enabled\"><img loading=\"lazy\" decoding=\"async\" class=\"alignnone size-full wp-image-2060\" src=\"http:\/\/www.radlobby.org\/noe\/wp-content\/uploads\/2017\/01\/NOEN_logo_100px.gif\" alt=\"\" width=\"100\" height=\"75\" \/><\/a>\u00a0 \u00a0N\u00d6N 2. Nov. 2016<\/p>\n<h5><a href=\"https:\/\/www.radlobby.org\/noe\/wp-content\/uploads\/20161011-N\u00d6N-WN-Schulweg-4.Befahrung.jpg\" data-src=\"https:\/\/www.radlobby.org\/noe\/wp-content\/uploads\/20161011-N\u00d6N-WN-Schulweg-4.Befahrung.jpg\" data-thumb=\"http:\/\/www.radlobby.org\/noe\/wp-content\/uploads\/20161011-N\u00d6N-WN-Schulweg-4.Befahrung-295x300.jpg\" class=\"ml-lightbox-enabled\"><img loading=\"lazy\" decoding=\"async\" class=\" wp-image-5541 alignright\" src=\"http:\/\/www.radlobby.org\/noe\/wp-content\/uploads\/20161011-N\u00d6N-WN-Schulweg-4.Befahrung-295x300.jpg\" alt=\"\" width=\"302\" height=\"307\" srcset=\"https:\/\/www.radlobby.org\/noe\/wp-content\/uploads\/20161011-N\u00d6N-WN-Schulweg-4.Befahrung-295x300.jpg 295w, https:\/\/www.radlobby.org\/noe\/wp-content\/uploads\/20161011-N\u00d6N-WN-Schulweg-4.Befahrung-768x781.jpg 768w, https:\/\/www.radlobby.org\/noe\/wp-content\/uploads\/20161011-N\u00d6N-WN-Schulweg-4.Befahrung.jpg 1200w\" sizes=\"auto, (max-width: 302px) 100vw, 302px\" \/><\/a>Aktion \u201cMein Schulweg\u201d<\/h5>\n<p><b>Nachbericht 4. Befahrung<br \/>\nvom 29. Oktober 2016:<\/b><\/p>\n<p><b>VS Rudolf Wehrl &#8211; Pernerstorferstra\u00dfe &#8211; Mie\u00dflgasse &#8211; VS Josefstadt &#8211; Fischauer Gasse &#8211; Auge Gottes &#8211; Pottendorfer Stra\u00dfe &#8211; Europaschule\/Junior High School &#8211; VS Otto Gl\u00f6ckel.<\/b><\/p>\n<h6>Die Gefahrenstellen &amp; L\u00f6sungsvorschl\u00e4ge<\/h6>\n<ul>\n<li style=\"list-style-type: none;\">\n<ul>\n<li style=\"font-weight: 400;\"><b>Pernerstorferstra\u00dfe: <\/b><span style=\"font-weight: 400;\">Ostseitiger Radstreifen von der Bechtoldsheim Kaserne bis zur \u00c4u\u00dferen Bahnzeile ist mit 80 cm zu schmal &#8211; Umwandlung in Mehrzweckstreifen mit gesetzlicher Mindestbreite, Entfernung der Mittellinie.<\/span><\/li>\n<li style=\"font-weight: 400;\"><b>Mie\u00dflgasse 1: <\/b><span style=\"font-weight: 400;\">Holperradweg zwischen Pernerstorferstra\u00dfe und Wiener Stra\u00dfe &#8211; Aufhebung der Radwegben\u00fctzungspflicht, Sanierung.<\/span><\/li>\n<li style=\"font-weight: 400;\"><b>Mie\u00dflgasse 2:<\/b><span style=\"font-weight: 400;\"> Zu hohe Geschwindigkeiten des Kfz-Verkehrs, zu knappe \u00dcberholman\u00f6ver &#8211; Sharrows<\/span><\/li>\n<li style=\"font-weight: 400;\"><b>Fischauer Gasse:<\/b><span style=\"font-weight: 400;\"> fehlender Radweg auf beiden Seiten &#8211; Mehrzweckstreifen oder Radstreifen <\/span><\/li>\n<\/ul>\n<\/li>\n<\/ul>\n<p>&nbsp;<\/p>\n<ul>\n<li><b>Pottendorfer Stra\u00dfe 1: <span style=\"font-weight: 400;\">der neue Mehrzweckstreifen zwischen Auge Gottes und Stadionstra\u00dfe ist teilweise zu schmal und f\u00fchrt zu knapp an den parkenden Autos vorbei &#8211; farblich rot markieren, Bewusstseinsbildung bei Autofahrenden.<\/span><\/b><\/li>\n<\/ul>\n<p>&nbsp;<\/p>\n<ul>\n<li style=\"list-style-type: none;\">\n<ul>\n<li style=\"font-weight: 400;\"><b>Ecke Pottendorfer Stra\u00dfe\/Anna-Rieger-Gasse: <\/b><span style=\"font-weight: 400;\">Autos parken widerrechtlich im Kreuzungsbereich und nehmen ausfahrenden Radfahrenden und Kfz die Sicht &#8211; Sperrmarkierung<\/span><\/li>\n<\/ul>\n<\/li>\n<\/ul>\n<p>&nbsp;<\/p>\n<ul>\n<li><b>Zufahrt Bilingual High School: <span style=\"font-weight: 400;\">Radfahrverbot direkt vor der Schule &#8211; gemischter Rad\/Gehweg.<\/span><\/b><\/li>\n<\/ul>\n<p>&nbsp;<\/p>\n<ul>\n<li style=\"list-style-type: none;\">\n<ul>\n<li style=\"font-weight: 400;\"><b>Radabstellanlagen: <\/b><span style=\"font-weight: 400;\">fehlende \u00dcberdachung bei der Junior High School &amp; Felgenm\u00f6rder bei der Europaschule &#8211; Radabstellanlagen verbessern.<\/span><\/li>\n<li style=\"font-weight: 400;\"><b>Pottendorfer Stra\u00dfe 2:<\/b><span style=\"font-weight: 400;\"> teilweise zu schmaler und holpriger Radweg zwischen Stadionstra\u00dfe &amp; Ortsende &#8211; Sanierung und Verbreiterung.<\/span><\/li>\n<\/ul>\n<\/li>\n<\/ul>\n<p>&nbsp;<\/p>\n<ul>\n<li><b>VS Otto Gl\u00f6ckel: <span style=\"font-weight: 400;\">mangelhafte (beim Turnsaal) und fehlende (beim Eingang) Radabstellanlagen &#8211; neue Radabstellanlagen.<\/span><\/b><\/li>\n<\/ul>\n<p>&nbsp;<\/p>\n<h6>Wie geht es weiter?<\/h6>\n<p><span style=\"font-weight: 400;\">Im n\u00e4chsten Schritt geht diese Liste an das Verkehrsamt der Stadt Wiener Neustadt. Dieses soll die Vorschl\u00e4ge auf technische und rechtliche Umsetzbarkeit pr\u00fcfen. Das Ergebnis dieser Bewertung werden wir dann wieder allen Beteiligten zukommen lassen. Darauf aufbauend sollte dann ein Umsetzungsplan gemeinsam entwickelt werden. <\/span><span style=\"font-weight: 400;\">\u00a0<\/span><\/p>\n<p><b>&#8212;&#8212;&#8212;&#8212;&#8212;&#8212;&#8212;&#8212;&#8212;-<\/b><\/p>\n<p><b>Info: <\/b><span style=\"font-weight: 400;\">Hannes H\u00f6ller, Radlobby Wiener Neustadt, <a href=\"mailto:wn@radlobby.at\">wn@radlobby.at<\/a><\/span><span style=\"font-weight: 400;\"><br \/>\nRadlobby Wiener Neustadt &#8212; <a href=\"http:\/\/wn.radlobby.at\">http:\/\/wn.radlobby.at<br \/>\n<\/a>Radlobby Nieder\u00f6sterreich &#8212; <a href=\"http:\/\/noe.radlobby.at\">http:\/\/noe.radlobby.at<\/a><br \/>\n<\/span><span style=\"font-weight: 400;\">Radlobby \u00d6sterreich &#8212; <\/span><a href=\"http:\/\/www.radlobby.at\" target=\"_blank\" rel=\"noopener\"><span style=\"font-weight: 400;\">http:\/\/www.radlobby.at<\/span><\/a><\/p>\n<p>&nbsp;<\/p>\n","protected":false},"excerpt":{"rendered":"<p>\u00a0 \u00a0N\u00d6N 2. Nov. 2016 Aktion \u201cMein Schulweg\u201d Nachbericht 4. Befahrung vom 29. Oktober 2016: VS Rudolf Wehrl &#8211; Pernerstorferstra\u00dfe &#8211; Mie\u00dflgasse &#8211; VS Josefstadt &#8211; Fischauer Gasse &#8211; Auge Gottes &#8211; Pottendorfer Stra\u00dfe &#8211; Europaschule\/Junior High School &#8211; VS<\/p>\n","protected":false},"author":16,"featured_media":3453,"comment_status":"closed","ping_status":"closed","sticky":false,"template":"","format":"standard","meta":{"footnotes":""},"categories":[20,7],"tags":[23,137,22],"class_list":["post-5571","post","type-post","status-publish","format-standard","has-post-thumbnail","hentry","category-niederoesterreich","category-wiener-neustadt","tag-infrastruktur","tag-schulweg","tag-verkehrspolitik"],"yoast_head":"<!-- This site is optimized with the Yoast SEO plugin v26.9 - https:\/\/yoast.com\/product\/yoast-seo-wordpress\/ -->\n<title>Wiener Neustadt: Schulwegbefahrungen N\u00d6N &amp; Radlobby4. Befahrung - Radlobby Nieder\u00f6sterreich<\/title>\n<meta name=\"robots\" content=\"index, follow, max-snippet:-1, max-image-preview:large, max-video-preview:-1\" \/>\n<link rel=\"canonical\" href=\"https:\/\/www.radlobby.org\/noe\/wiener-neustadt-schulwegbefahrungen-noen-radlobby-4-befahrung\/\" \/>\n<meta property=\"og:locale\" content=\"de_DE\" \/>\n<meta property=\"og:type\" content=\"article\" \/>\n<meta property=\"og:title\" content=\"Wiener Neustadt: Schulwegbefahrungen N\u00d6N &amp; Radlobby4. Befahrung - Radlobby Nieder\u00f6sterreich\" \/>\n<meta property=\"og:description\" content=\"\u00a0 \u00a0N\u00d6N 2. Nov. 2016 Aktion \u201cMein Schulweg\u201d Nachbericht 4. Befahrung vom 29. Oktober 2016: VS Rudolf Wehrl &#8211; Pernerstorferstra\u00dfe &#8211; Mie\u00dflgasse &#8211; VS Josefstadt &#8211; Fischauer Gasse &#8211; Auge Gottes &#8211; Pottendorfer Stra\u00dfe &#8211; Europaschule\/Junior High School &#8211; VS\" \/>\n<meta property=\"og:url\" content=\"https:\/\/www.radlobby.org\/noe\/wiener-neustadt-schulwegbefahrungen-noen-radlobby-4-befahrung\/\" \/>\n<meta property=\"og:site_name\" content=\"Radlobby Nieder\u00f6sterreich\" \/>\n<meta property=\"article:publisher\" content=\"https:\/\/www.facebook.com\/groups\/radfahren.in.noe\/\" \/>\n<meta property=\"article:published_time\" content=\"2016-11-02T18:30:45+00:00\" \/>\n<meta property=\"article:modified_time\" content=\"2018-03-29T17:33:52+00:00\" \/>\n<meta property=\"og:image\" content=\"https:\/\/www.radlobby.org\/noe\/wp-content\/uploads\/Logo_Radlobby_WienerNeustadt_150px.jpg\" \/>\n\t<meta property=\"og:image:width\" content=\"160\" \/>\n\t<meta property=\"og:image:height\" content=\"114\" \/>\n\t<meta property=\"og:image:type\" content=\"image\/jpeg\" \/>\n<meta name=\"author\" content=\"Karl Zauner - Admin\" \/>\n<meta name=\"twitter:card\" content=\"summary_large_image\" \/>\n<meta name=\"twitter:label1\" content=\"Verfasst von\" \/>\n\t<meta name=\"twitter:data1\" content=\"Karl Zauner - Admin\" \/>\n\t<meta name=\"twitter:label2\" content=\"Gesch\u00e4tzte Lesezeit\" \/>\n\t<meta name=\"twitter:data2\" content=\"2\u00a0Minuten\" \/>\n<script type=\"application\/ld+json\" class=\"yoast-schema-graph\">{\"@context\":\"https:\/\/schema.org\",\"@graph\":[{\"@type\":\"Article\",\"@id\":\"https:\/\/www.radlobby.org\/noe\/wiener-neustadt-schulwegbefahrungen-noen-radlobby-4-befahrung\/#article\",\"isPartOf\":{\"@id\":\"https:\/\/www.radlobby.org\/noe\/wiener-neustadt-schulwegbefahrungen-noen-radlobby-4-befahrung\/\"},\"author\":{\"name\":\"Karl Zauner - Admin\",\"@id\":\"https:\/\/www.radlobby.org\/noe\/#\/schema\/person\/10547574c40a9e9ea65f92c73f3c516b\"},\"headline\":\"Wiener Neustadt: Schulwegbefahrungen N\u00d6N &#038; Radlobby 4. Befahrung\",\"datePublished\":\"2016-11-02T18:30:45+00:00\",\"dateModified\":\"2018-03-29T17:33:52+00:00\",\"mainEntityOfPage\":{\"@id\":\"https:\/\/www.radlobby.org\/noe\/wiener-neustadt-schulwegbefahrungen-noen-radlobby-4-befahrung\/\"},\"wordCount\":331,\"publisher\":{\"@id\":\"https:\/\/www.radlobby.org\/noe\/#organization\"},\"image\":{\"@id\":\"https:\/\/www.radlobby.org\/noe\/wiener-neustadt-schulwegbefahrungen-noen-radlobby-4-befahrung\/#primaryimage\"},\"thumbnailUrl\":\"https:\/\/www.radlobby.org\/noe\/wp-content\/uploads\/Logo_Radlobby_WienerNeustadt_150px.jpg\",\"keywords\":[\"Infrastruktur\",\"Schulweg\",\"Verkehrspolitik\"],\"articleSection\":[\"Radlobby Nieder\u00f6sterreich\",\"Radlobby Wiener Neustadt\"],\"inLanguage\":\"de\"},{\"@type\":\"WebPage\",\"@id\":\"https:\/\/www.radlobby.org\/noe\/wiener-neustadt-schulwegbefahrungen-noen-radlobby-4-befahrung\/\",\"url\":\"https:\/\/www.radlobby.org\/noe\/wiener-neustadt-schulwegbefahrungen-noen-radlobby-4-befahrung\/\",\"name\":\"Wiener Neustadt: Schulwegbefahrungen N\u00d6N & Radlobby 4. Befahrung - Radlobby Nieder\u00f6sterreich\",\"isPartOf\":{\"@id\":\"https:\/\/www.radlobby.org\/noe\/#website\"},\"primaryImageOfPage\":{\"@id\":\"https:\/\/www.radlobby.org\/noe\/wiener-neustadt-schulwegbefahrungen-noen-radlobby-4-befahrung\/#primaryimage\"},\"image\":{\"@id\":\"https:\/\/www.radlobby.org\/noe\/wiener-neustadt-schulwegbefahrungen-noen-radlobby-4-befahrung\/#primaryimage\"},\"thumbnailUrl\":\"https:\/\/www.radlobby.org\/noe\/wp-content\/uploads\/Logo_Radlobby_WienerNeustadt_150px.jpg\",\"datePublished\":\"2016-11-02T18:30:45+00:00\",\"dateModified\":\"2018-03-29T17:33:52+00:00\",\"breadcrumb\":{\"@id\":\"https:\/\/www.radlobby.org\/noe\/wiener-neustadt-schulwegbefahrungen-noen-radlobby-4-befahrung\/#breadcrumb\"},\"inLanguage\":\"de\",\"potentialAction\":[{\"@type\":\"ReadAction\",\"target\":[\"https:\/\/www.radlobby.org\/noe\/wiener-neustadt-schulwegbefahrungen-noen-radlobby-4-befahrung\/\"]}]},{\"@type\":\"ImageObject\",\"inLanguage\":\"de\",\"@id\":\"https:\/\/www.radlobby.org\/noe\/wiener-neustadt-schulwegbefahrungen-noen-radlobby-4-befahrung\/#primaryimage\",\"url\":\"https:\/\/www.radlobby.org\/noe\/wp-content\/uploads\/Logo_Radlobby_WienerNeustadt_150px.jpg\",\"contentUrl\":\"https:\/\/www.radlobby.org\/noe\/wp-content\/uploads\/Logo_Radlobby_WienerNeustadt_150px.jpg\",\"width\":160,\"height\":114},{\"@type\":\"BreadcrumbList\",\"@id\":\"https:\/\/www.radlobby.org\/noe\/wiener-neustadt-schulwegbefahrungen-noen-radlobby-4-befahrung\/#breadcrumb\",\"itemListElement\":[{\"@type\":\"ListItem\",\"position\":1,\"name\":\"Startseite\",\"item\":\"https:\/\/www.radlobby.org\/noe\/\"},{\"@type\":\"ListItem\",\"position\":2,\"name\":\"Wiener Neustadt: Schulwegbefahrungen N\u00d6N &#038; Radlobby4. Befahrung\"}]},{\"@type\":\"WebSite\",\"@id\":\"https:\/\/www.radlobby.org\/noe\/#website\",\"url\":\"https:\/\/www.radlobby.org\/noe\/\",\"name\":\"Radlobby Nieder\u00f6sterreich\",\"description\":\"Radverkehr, Fahrrad, Radfahren, Radreisen, Radtouren, Radweg\",\"publisher\":{\"@id\":\"https:\/\/www.radlobby.org\/noe\/#organization\"},\"potentialAction\":[{\"@type\":\"SearchAction\",\"target\":{\"@type\":\"EntryPoint\",\"urlTemplate\":\"https:\/\/www.radlobby.org\/noe\/?s={search_term_string}\"},\"query-input\":{\"@type\":\"PropertyValueSpecification\",\"valueRequired\":true,\"valueName\":\"search_term_string\"}}],\"inLanguage\":\"de\"},{\"@type\":\"Organization\",\"@id\":\"https:\/\/www.radlobby.org\/noe\/#organization\",\"name\":\"Radlobby Nieder\u00f6sterreich\",\"url\":\"https:\/\/www.radlobby.org\/noe\/\",\"logo\":{\"@type\":\"ImageObject\",\"inLanguage\":\"de\",\"@id\":\"https:\/\/www.radlobby.org\/noe\/#\/schema\/logo\/image\/\",\"url\":\"https:\/\/www.radlobby.org\/noe\/wp-content\/uploads\/2017\/01\/cropped-Logo_Radlobby_Niederoesterreich_50-400px_quer-1.jpg\",\"contentUrl\":\"https:\/\/www.radlobby.org\/noe\/wp-content\/uploads\/2017\/01\/cropped-Logo_Radlobby_Niederoesterreich_50-400px_quer-1.jpg\",\"width\":450,\"height\":124,\"caption\":\"Radlobby Nieder\u00f6sterreich\"},\"image\":{\"@id\":\"https:\/\/www.radlobby.org\/noe\/#\/schema\/logo\/image\/\"},\"sameAs\":[\"https:\/\/www.facebook.com\/groups\/radfahren.in.noe\/\"]},{\"@type\":\"Person\",\"@id\":\"https:\/\/www.radlobby.org\/noe\/#\/schema\/person\/10547574c40a9e9ea65f92c73f3c516b\",\"name\":\"Karl Zauner - Admin\",\"image\":{\"@type\":\"ImageObject\",\"inLanguage\":\"de\",\"@id\":\"https:\/\/www.radlobby.org\/noe\/#\/schema\/person\/image\/\",\"url\":\"https:\/\/secure.gravatar.com\/avatar\/c0be6303c1ffe16a7b1c79e07b12d4b29176a733c2a5e811b749965d4be12138?s=96&d=mm&r=g\",\"contentUrl\":\"https:\/\/secure.gravatar.com\/avatar\/c0be6303c1ffe16a7b1c79e07b12d4b29176a733c2a5e811b749965d4be12138?s=96&d=mm&r=g\",\"caption\":\"Karl Zauner - Admin\"},\"url\":\"https:\/\/www.radlobby.org\/noe\/author\/karlzauneradmin\/\"}]}<\/script>\n<!-- \/ Yoast SEO plugin. -->","yoast_head_json":{"title":"Wiener Neustadt: Schulwegbefahrungen N\u00d6N & Radlobby4. Befahrung - Radlobby Nieder\u00f6sterreich","robots":{"index":"index","follow":"follow","max-snippet":"max-snippet:-1","max-image-preview":"max-image-preview:large","max-video-preview":"max-video-preview:-1"},"canonical":"https:\/\/www.radlobby.org\/noe\/wiener-neustadt-schulwegbefahrungen-noen-radlobby-4-befahrung\/","og_locale":"de_DE","og_type":"article","og_title":"Wiener Neustadt: Schulwegbefahrungen N\u00d6N & Radlobby4. Befahrung - Radlobby Nieder\u00f6sterreich","og_description":"\u00a0 \u00a0N\u00d6N 2. Nov. 2016 Aktion \u201cMein Schulweg\u201d Nachbericht 4. Befahrung vom 29. Oktober 2016: VS Rudolf Wehrl &#8211; Pernerstorferstra\u00dfe &#8211; Mie\u00dflgasse &#8211; VS Josefstadt &#8211; Fischauer Gasse &#8211; Auge Gottes &#8211; Pottendorfer Stra\u00dfe &#8211; Europaschule\/Junior High School &#8211; VS","og_url":"https:\/\/www.radlobby.org\/noe\/wiener-neustadt-schulwegbefahrungen-noen-radlobby-4-befahrung\/","og_site_name":"Radlobby Nieder\u00f6sterreich","article_publisher":"https:\/\/www.facebook.com\/groups\/radfahren.in.noe\/","article_published_time":"2016-11-02T18:30:45+00:00","article_modified_time":"2018-03-29T17:33:52+00:00","og_image":[{"width":160,"height":114,"url":"https:\/\/www.radlobby.org\/noe\/wp-content\/uploads\/Logo_Radlobby_WienerNeustadt_150px.jpg","type":"image\/jpeg"}],"author":"Karl Zauner - Admin","twitter_card":"summary_large_image","twitter_misc":{"Verfasst von":"Karl Zauner - Admin","Gesch\u00e4tzte Lesezeit":"2\u00a0Minuten"},"schema":{"@context":"https:\/\/schema.org","@graph":[{"@type":"Article","@id":"https:\/\/www.radlobby.org\/noe\/wiener-neustadt-schulwegbefahrungen-noen-radlobby-4-befahrung\/#article","isPartOf":{"@id":"https:\/\/www.radlobby.org\/noe\/wiener-neustadt-schulwegbefahrungen-noen-radlobby-4-befahrung\/"},"author":{"name":"Karl Zauner - Admin","@id":"https:\/\/www.radlobby.org\/noe\/#\/schema\/person\/10547574c40a9e9ea65f92c73f3c516b"},"headline":"Wiener Neustadt: Schulwegbefahrungen N\u00d6N &#038; Radlobby 4. Befahrung","datePublished":"2016-11-02T18:30:45+00:00","dateModified":"2018-03-29T17:33:52+00:00","mainEntityOfPage":{"@id":"https:\/\/www.radlobby.org\/noe\/wiener-neustadt-schulwegbefahrungen-noen-radlobby-4-befahrung\/"},"wordCount":331,"publisher":{"@id":"https:\/\/www.radlobby.org\/noe\/#organization"},"image":{"@id":"https:\/\/www.radlobby.org\/noe\/wiener-neustadt-schulwegbefahrungen-noen-radlobby-4-befahrung\/#primaryimage"},"thumbnailUrl":"https:\/\/www.radlobby.org\/noe\/wp-content\/uploads\/Logo_Radlobby_WienerNeustadt_150px.jpg","keywords":["Infrastruktur","Schulweg","Verkehrspolitik"],"articleSection":["Radlobby Nieder\u00f6sterreich","Radlobby Wiener Neustadt"],"inLanguage":"de"},{"@type":"WebPage","@id":"https:\/\/www.radlobby.org\/noe\/wiener-neustadt-schulwegbefahrungen-noen-radlobby-4-befahrung\/","url":"https:\/\/www.radlobby.org\/noe\/wiener-neustadt-schulwegbefahrungen-noen-radlobby-4-befahrung\/","name":"Wiener Neustadt: Schulwegbefahrungen N\u00d6N & Radlobby 4. Befahrung - Radlobby Nieder\u00f6sterreich","isPartOf":{"@id":"https:\/\/www.radlobby.org\/noe\/#website"},"primaryImageOfPage":{"@id":"https:\/\/www.radlobby.org\/noe\/wiener-neustadt-schulwegbefahrungen-noen-radlobby-4-befahrung\/#primaryimage"},"image":{"@id":"https:\/\/www.radlobby.org\/noe\/wiener-neustadt-schulwegbefahrungen-noen-radlobby-4-befahrung\/#primaryimage"},"thumbnailUrl":"https:\/\/www.radlobby.org\/noe\/wp-content\/uploads\/Logo_Radlobby_WienerNeustadt_150px.jpg","datePublished":"2016-11-02T18:30:45+00:00","dateModified":"2018-03-29T17:33:52+00:00","breadcrumb":{"@id":"https:\/\/www.radlobby.org\/noe\/wiener-neustadt-schulwegbefahrungen-noen-radlobby-4-befahrung\/#breadcrumb"},"inLanguage":"de","potentialAction":[{"@type":"ReadAction","target":["https:\/\/www.radlobby.org\/noe\/wiener-neustadt-schulwegbefahrungen-noen-radlobby-4-befahrung\/"]}]},{"@type":"ImageObject","inLanguage":"de","@id":"https:\/\/www.radlobby.org\/noe\/wiener-neustadt-schulwegbefahrungen-noen-radlobby-4-befahrung\/#primaryimage","url":"https:\/\/www.radlobby.org\/noe\/wp-content\/uploads\/Logo_Radlobby_WienerNeustadt_150px.jpg","contentUrl":"https:\/\/www.radlobby.org\/noe\/wp-content\/uploads\/Logo_Radlobby_WienerNeustadt_150px.jpg","width":160,"height":114},{"@type":"BreadcrumbList","@id":"https:\/\/www.radlobby.org\/noe\/wiener-neustadt-schulwegbefahrungen-noen-radlobby-4-befahrung\/#breadcrumb","itemListElement":[{"@type":"ListItem","position":1,"name":"Startseite","item":"https:\/\/www.radlobby.org\/noe\/"},{"@type":"ListItem","position":2,"name":"Wiener Neustadt: Schulwegbefahrungen N\u00d6N &#038; Radlobby4. Befahrung"}]},{"@type":"WebSite","@id":"https:\/\/www.radlobby.org\/noe\/#website","url":"https:\/\/www.radlobby.org\/noe\/","name":"Radlobby Nieder\u00f6sterreich","description":"Radverkehr, Fahrrad, Radfahren, Radreisen, Radtouren, Radweg","publisher":{"@id":"https:\/\/www.radlobby.org\/noe\/#organization"},"potentialAction":[{"@type":"SearchAction","target":{"@type":"EntryPoint","urlTemplate":"https:\/\/www.radlobby.org\/noe\/?s={search_term_string}"},"query-input":{"@type":"PropertyValueSpecification","valueRequired":true,"valueName":"search_term_string"}}],"inLanguage":"de"},{"@type":"Organization","@id":"https:\/\/www.radlobby.org\/noe\/#organization","name":"Radlobby Nieder\u00f6sterreich","url":"https:\/\/www.radlobby.org\/noe\/","logo":{"@type":"ImageObject","inLanguage":"de","@id":"https:\/\/www.radlobby.org\/noe\/#\/schema\/logo\/image\/","url":"https:\/\/www.radlobby.org\/noe\/wp-content\/uploads\/2017\/01\/cropped-Logo_Radlobby_Niederoesterreich_50-400px_quer-1.jpg","contentUrl":"https:\/\/www.radlobby.org\/noe\/wp-content\/uploads\/2017\/01\/cropped-Logo_Radlobby_Niederoesterreich_50-400px_quer-1.jpg","width":450,"height":124,"caption":"Radlobby Nieder\u00f6sterreich"},"image":{"@id":"https:\/\/www.radlobby.org\/noe\/#\/schema\/logo\/image\/"},"sameAs":["https:\/\/www.facebook.com\/groups\/radfahren.in.noe\/"]},{"@type":"Person","@id":"https:\/\/www.radlobby.org\/noe\/#\/schema\/person\/10547574c40a9e9ea65f92c73f3c516b","name":"Karl Zauner - Admin","image":{"@type":"ImageObject","inLanguage":"de","@id":"https:\/\/www.radlobby.org\/noe\/#\/schema\/person\/image\/","url":"https:\/\/secure.gravatar.com\/avatar\/c0be6303c1ffe16a7b1c79e07b12d4b29176a733c2a5e811b749965d4be12138?s=96&d=mm&r=g","contentUrl":"https:\/\/secure.gravatar.com\/avatar\/c0be6303c1ffe16a7b1c79e07b12d4b29176a733c2a5e811b749965d4be12138?s=96&d=mm&r=g","caption":"Karl Zauner - Admin"},"url":"https:\/\/www.radlobby.org\/noe\/author\/karlzauneradmin\/"}]}},"_links":{"self":[{"href":"https:\/\/www.radlobby.org\/noe\/wp-json\/wp\/v2\/posts\/5571","targetHints":{"allow":["GET"]}}],"collection":[{"href":"https:\/\/www.radlobby.org\/noe\/wp-json\/wp\/v2\/posts"}],"about":[{"href":"https:\/\/www.radlobby.org\/noe\/wp-json\/wp\/v2\/types\/post"}],"author":[{"embeddable":true,"href":"https:\/\/www.radlobby.org\/noe\/wp-json\/wp\/v2\/users\/16"}],"replies":[{"embeddable":true,"href":"https:\/\/www.radlobby.org\/noe\/wp-json\/wp\/v2\/comments?post=5571"}],"version-history":[{"count":0,"href":"https:\/\/www.radlobby.org\/noe\/wp-json\/wp\/v2\/posts\/5571\/revisions"}],"wp:featuredmedia":[{"embeddable":true,"href":"https:\/\/www.radlobby.org\/noe\/wp-json\/wp\/v2\/media\/3453"}],"wp:attachment":[{"href":"https:\/\/www.radlobby.org\/noe\/wp-json\/wp\/v2\/media?parent=5571"}],"wp:term":[{"taxonomy":"category","embeddable":true,"href":"https:\/\/www.radlobby.org\/noe\/wp-json\/wp\/v2\/categories?post=5571"},{"taxonomy":"post_tag","embeddable":true,"href":"https:\/\/www.radlobby.org\/noe\/wp-json\/wp\/v2\/tags?post=5571"}],"curies":[{"name":"wp","href":"https:\/\/api.w.org\/{rel}","templated":true}]}}