{"id":5427,"date":"2018-03-04T17:40:00","date_gmt":"2018-03-04T16:40:00","guid":{"rendered":"http:\/\/www.radlobby.org\/noe\/?p=5427"},"modified":"2018-04-03T11:18:40","modified_gmt":"2018-04-03T09:18:40","slug":"wolkersdorf-e-bike-test","status":"publish","type":"post","link":"https:\/\/www.radlobby.org\/noe\/wolkersdorf-e-bike-test\/","title":{"rendered":"E-Bike-Test- und Beratungstag 2018"},"content":{"rendered":"<div style=\"float: left; height: 20%; width: 50%;\"><img loading=\"lazy\" decoding=\"async\" class=\"size-medium wp-image-5079 alignleft\" src=\"http:\/\/www.radlobby.org\/noe\/wp-content\/uploads\/Logo_Radlobby_Wolkersdorf_RGB_5cm_300dpi_hoch-1-300x218.jpg\" alt=\"\" width=\"300\" height=\"218\" srcset=\"https:\/\/www.radlobby.org\/noe\/wp-content\/uploads\/Logo_Radlobby_Wolkersdorf_RGB_5cm_300dpi_hoch-1-300x218.jpg 300w, https:\/\/www.radlobby.org\/noe\/wp-content\/uploads\/Logo_Radlobby_Wolkersdorf_RGB_5cm_300dpi_hoch-1.jpg 655w\" sizes=\"auto, (max-width: 300px) 100vw, 300px\" \/><\/div>\n<div style=\"margin-bottom: 5px; float: left; height: 20%; width: 50%; color: #ffffff; background-color: #086a87; font-family: 'Roboto Slab', serif; text-align: center; line-height: 130%; font-size: 200%;\">E-Bike-Test und Beratung<\/div>\n<div style=\"width: 100%;\">\n<h1><span style=\"float: left; line-height: 140%; background-color: #ffffff;\">E-Bike Beratungstag mit Testm\u00f6glichkeit in Wolkersdorf <\/span><\/h1>\n<\/div>\n<div style=\"width: 100%;\">\n<h2><span style=\"float: left; line-height: 120%; background-color: #ffffff;\">Samstag, 7.4.2018 am Hauptplatz in Wolkersdorf von 13:30 bis 16:00 Uhr<\/span><\/h2>\n<\/div>\n<div style=\"float: left;\">Der E-Bike Test- und Beratungstag findet am Samstag, den 7. April 2018 am Hauptplatz in Wolkersdorf von 13:30 bis 16:00 Uhr statt. Bei Schlechtwetter wird er auf den 14. April 2018 verschoben.<\/div>\n<div style=\"width: 100%;\">\n<h2><span style=\"float: left; line-height: 120%; background-color: #ffffff;\">Radlobby Wolkersdorf organisiert:<\/span><\/h2>\n<\/div>\n<div style=\"float: left;\">Um sich einen guten \u00dcberblick \u00fcber die neuen E-Bike-Modelle zu verschaffen, sich zu informieren oder gleich ein Rad auszuprobieren, organisiert die Radlobby Wolkersdorf heuer erstmals den E-Bike-Test- und Beratungstag.<\/div>\n<div style=\"width: 100%;\">\n<h2><span style=\"float: left; line-height: 120%; background-color: #ffffff;\">Drei regionale H\u00e4ndler realisieren:<\/span><\/h2>\n<\/div>\n<div style=\"width: 100%; float: left;\">\n<ul>\n<li style=\"width: 100%; float: left;\"><a href=\"https:\/\/www.zweirad-hrebenda.at\/\" target=\"_blank\" rel=\"noopener\">Zweirad Hrebenda aus Wolkersdorf<\/a>\n<div><a href=\"https:\/\/www.zweirad-hrebenda.at\/\" target=\"_blank\" rel=\"noopener\"><br \/>\n<img loading=\"lazy\" decoding=\"async\" class=\"alignleft size-medium wp-image-5305\" src=\"http:\/\/www.radlobby.org\/noe\/wp-content\/uploads\/Hrebenda-1-300x73.jpg\" alt=\"https:\/\/www.zweirad-hrebenda.at\" width=\"300\" height=\"73\" srcset=\"https:\/\/www.radlobby.org\/noe\/wp-content\/uploads\/Hrebenda-1-300x73.jpg 300w, https:\/\/www.radlobby.org\/noe\/wp-content\/uploads\/Hrebenda-1-768x188.jpg 768w, https:\/\/www.radlobby.org\/noe\/wp-content\/uploads\/Hrebenda-1.jpg 1519w\" sizes=\"auto, (max-width: 300px) 100vw, 300px\" \/><br \/>\n<\/a><\/div>\n<\/li>\n<li style=\"width: 100%; float: left;\"><a href=\"http:\/\/www.wenko.at\/e-bikes\/\" target=\"_blank\" rel=\"noopener\">E-Bike Wenko aus Pillichsdorf und<\/a>\n<div><a href=\"http:\/\/www.wenko.at\/e-bikes\/\" target=\"_blank\" rel=\"noopener\"><br \/>\n<img loading=\"lazy\" decoding=\"async\" class=\"alignleft size-medium wp-image-5412\" src=\"http:\/\/www.radlobby.org\/noe\/wp-content\/uploads\/Auto-Wenko-300x83.jpg\" alt=\"http:\/\/www.wenko.at\/e-bikes\/\" width=\"233\" height=\"21\" \/><br \/>\n<\/a><\/div>\n<\/li>\n<li style=\"width: 100%; float: left;\"><a href=\"http:\/\/www.sport-vollmann.at\/\" target=\"_blank\" rel=\"noopener\">Sport Vollmann aus Gerasdorf<\/a>\n<div><a href=\"http:\/\/www.sport-vollmann.at\/\" target=\"_blank\" rel=\"noopener\"><br \/>\n<img loading=\"lazy\" decoding=\"async\" class=\"alignleft wp-image-5411\" src=\"http:\/\/www.radlobby.org\/noe\/wp-content\/uploads\/LOGO-300x148.png\" alt=\"\" width=\"225\" height=\"111\" srcset=\"https:\/\/www.radlobby.org\/noe\/wp-content\/uploads\/LOGO-300x148.png 300w, https:\/\/www.radlobby.org\/noe\/wp-content\/uploads\/LOGO-768x380.png 768w, https:\/\/www.radlobby.org\/noe\/wp-content\/uploads\/LOGO.png 1649w\" sizes=\"auto, (max-width: 225px) 100vw, 225px\" \/><br \/>\n<\/a><\/div>\n<\/li>\n<\/ul>\n<\/div>\n<div style=\"width: 100%; float: left;\">Die fachliche Beratung f\u00fcr E-Bikes steht dabei im Vordergrund. Fragen wie: &#8220;Welche Motoren gibt es?&#8221;, &#8220;Welche Schaltungen funktionieren wie?&#8221;, &#8220;Welche Eigenschaften haben die unterschiedlichen Modelle?&#8221;, &#8220;Welches E-Bike f\u00fcr welches Terrain?&#8221;, &#8220;Welches E-Bike passt zu mir?&#8221;, usw. werden dabei beantwortet. Es besteht auch die M\u00f6glichkeit im Rahmen von gef\u00fchrten Touren &#8211; bergauf und bergab &#8211; die E-Bikes zu testen, sowie auch kurze Probefahrten am Hauptplatz zu absolvieren.<\/div>\n<div style=\"width: 100%; float: left;\">\n<pre><span style=\"color: #ffffff; background-color: #000000;\"><strong>WICHTIG f\u00fcr die E-Bike Tests:<\/strong><\/span><\/pre>\n<\/div>\n<div style=\"width: 100%; float: left;\">\n<ul>\n<li>Wir empfehlen einen Fahrradhelm zu tragen. Nehmen Sie daher gleich am besten Ihren eigenen Fahrradhelm mit (falls Sie keinen Fahrradhelm besitzen, k\u00f6nnen Sie sich gerne auch Vorort einen ausborgen).<\/li>\n<li>Alt und jung (ab vollendeten 15 Lebensjahr) k\u00f6nnen Probefahrten durchf\u00fchren.<\/li>\n<\/ul>\n<\/div>\n<div style=\"width: 100%;\">\n<h2><span style=\"float: left; line-height: 120%; background-color: #ffffff;\">Folgende Marken werden vertreten sein:<\/span><\/h2>\n<\/div>\n<div><img loading=\"lazy\" decoding=\"async\" class=\"alignleft size-full wp-image-5285\" src=\"http:\/\/www.radlobby.org\/noe\/wp-content\/uploads\/Victoria.jpg\" alt=\"\" width=\"189\" height=\"109\" \/><img loading=\"lazy\" decoding=\"async\" class=\"alignleft size-full wp-image-5284\" src=\"http:\/\/www.radlobby.org\/noe\/wp-content\/uploads\/merida.jpg\" alt=\"\" width=\"197\" height=\"48\" \/><img loading=\"lazy\" decoding=\"async\" class=\"alignleft size-medium wp-image-5283\" src=\"http:\/\/www.radlobby.org\/noe\/wp-content\/uploads\/KTM.jpg\" alt=\"\" width=\"119\" height=\"81\" \/><img loading=\"lazy\" decoding=\"async\" class=\"alignleft size-medium wp-image-5282\" src=\"http:\/\/www.radlobby.org\/noe\/wp-content\/uploads\/CONWAY.jpg\" alt=\"\" width=\"232\" height=\"50\" srcset=\"https:\/\/www.radlobby.org\/noe\/wp-content\/uploads\/CONWAY.jpg 232w, https:\/\/www.radlobby.org\/noe\/wp-content\/uploads\/CONWAY-230x50.jpg 230w\" sizes=\"auto, (max-width: 232px) 100vw, 232px\" \/><img loading=\"lazy\" decoding=\"async\" class=\"alignleft size-full wp-image-5281\" src=\"http:\/\/www.radlobby.org\/noe\/wp-content\/uploads\/BMC.jpg\" alt=\"\" width=\"187\" height=\"81\" \/><\/div>\n<div style=\"width: 100%;\">\n<h2><span style=\"float: left; line-height: 120%; background-color: #ffffff;\">E-Bike-Vorteile:<\/span><\/h2>\n<\/div>\n<div style=\"float: left;\">\n<p>Im h\u00fcgeligen Weinviertel gewinnen Sie mit einem E-Bike Dynamik und Unabh\u00e4ngigkeit und haben eine Vielzahl von Vorteilen:<\/p>\n<ul>\n<li><strong>Steigungen und Berge \u00fcberwinden Sie m\u00fchelos<\/strong>; die merken Sie gar nicht mehr.<\/li>\n<li><strong>Den Gegenwind \u00fcberlisten Sie einfach<\/strong>, ihr R\u00fcckenwind ist st\u00e4rker.<\/li>\n<li><strong>Lange Distanzen legen Sie locker zur\u00fcck<\/strong>, denn Sie haben \u00fcber 100 km Reichweite mit einer Batterieladung.<\/li>\n<li><strong>Ihre Fitness bringen Sie in Schwung<\/strong>, denn Ihr E-Bike ist ein idealer Fitnesstrainer, der Ihren Puls, Herz-Kreislauf, Muskeln und Gelenke immer im optimalen Bereich trainiert.<\/li>\n<li><strong>Ihr Gewicht relativieren und reduzieren Sie<\/strong>, denn Sie fahren mehr und dies immer mit optimalem Puls und Kalorienverbrennung.<\/li>\n<li><strong>Sie haben mehr Spa\u00df<\/strong>. Studien zeigen, dass E-Biker 3x mehr Fahrrad fahren, als normale Fahrradbesitzer.<\/li>\n<li><strong>Sie haben mehr Freizeitvergn\u00fcgen<\/strong>, da auch ungleich trainierte Paare durch E-Bikes wiederzusammen auf Tour gehen k\u00f6nnen.<\/li>\n<li><strong>Sie schonen die Umwelt.<\/strong> Das Auto k\u00f6nnen Sie immer \u00f6fter stehen lassen. Fahrten zum B\u00fcro, zu Freunden oder zum Einkauf machen Sie nun mit links und das, ohne zu schwitzen.<\/li>\n<\/ul>\n<\/div>\n","protected":false},"excerpt":{"rendered":"<p>E-Bike-Test und Beratung E-Bike Beratungstag mit Testm\u00f6glichkeit in Wolkersdorf Samstag, 7.4.2018 am Hauptplatz in Wolkersdorf von 13:30 bis 16:00 Uhr Der E-Bike Test- und Beratungstag findet am Samstag, den 7. April 2018 am Hauptplatz in Wolkersdorf von 13:30 bis 16:00<\/p>\n","protected":false},"author":4,"featured_media":3454,"comment_status":"closed","ping_status":"closed","sticky":false,"template":"","format":"standard","meta":{"footnotes":""},"categories":[80,11,6,185,13,16],"tags":[],"class_list":["post-5427","post","type-post","status-publish","format-standard","has-post-thumbnail","hentry","category-deutsch-wagram","category-korneuburg","category-mistelbach","category-poysdorf","category-tulln","category-wolkersdorf"],"yoast_head":"<!-- This site is optimized with the Yoast SEO plugin v26.9 - https:\/\/yoast.com\/product\/yoast-seo-wordpress\/ -->\n<title>E-Bike-Test- und Beratungstag 2018 - Radlobby Nieder\u00f6sterreich<\/title>\n<meta name=\"robots\" content=\"index, follow, max-snippet:-1, max-image-preview:large, max-video-preview:-1\" \/>\n<link rel=\"canonical\" href=\"https:\/\/www.radlobby.org\/noe\/wolkersdorf-e-bike-test\/\" \/>\n<meta property=\"og:locale\" content=\"de_DE\" \/>\n<meta property=\"og:type\" content=\"article\" \/>\n<meta property=\"og:title\" content=\"E-Bike-Test- und Beratungstag 2018 - Radlobby Nieder\u00f6sterreich\" \/>\n<meta property=\"og:description\" content=\"E-Bike-Test und Beratung E-Bike Beratungstag mit Testm\u00f6glichkeit in Wolkersdorf Samstag, 7.4.2018 am Hauptplatz in Wolkersdorf von 13:30 bis 16:00 Uhr Der E-Bike Test- und Beratungstag findet am Samstag, den 7. April 2018 am Hauptplatz in Wolkersdorf von 13:30 bis 16:00\" \/>\n<meta property=\"og:url\" content=\"https:\/\/www.radlobby.org\/noe\/wolkersdorf-e-bike-test\/\" \/>\n<meta property=\"og:site_name\" content=\"Radlobby Nieder\u00f6sterreich\" \/>\n<meta property=\"article:publisher\" content=\"https:\/\/www.facebook.com\/groups\/radfahren.in.noe\/\" \/>\n<meta property=\"article:published_time\" content=\"2018-03-04T16:40:00+00:00\" \/>\n<meta property=\"article:modified_time\" content=\"2018-04-03T09:18:40+00:00\" \/>\n<meta property=\"og:image\" content=\"https:\/\/www.radlobby.org\/noe\/wp-content\/uploads\/Logo_Radlobby_Wolkersdorf_150px.jpg\" \/>\n\t<meta property=\"og:image:width\" content=\"150\" \/>\n\t<meta property=\"og:image:height\" content=\"124\" \/>\n\t<meta property=\"og:image:type\" content=\"image\/jpeg\" \/>\n<meta name=\"author\" content=\"Johannes Flandorfer\" \/>\n<meta name=\"twitter:card\" content=\"summary_large_image\" \/>\n<meta name=\"twitter:label1\" content=\"Verfasst von\" \/>\n\t<meta name=\"twitter:data1\" content=\"Johannes Flandorfer\" \/>\n\t<meta name=\"twitter:label2\" content=\"Gesch\u00e4tzte Lesezeit\" \/>\n\t<meta name=\"twitter:data2\" content=\"2\u00a0Minuten\" \/>\n<script type=\"application\/ld+json\" class=\"yoast-schema-graph\">{\"@context\":\"https:\/\/schema.org\",\"@graph\":[{\"@type\":\"Article\",\"@id\":\"https:\/\/www.radlobby.org\/noe\/wolkersdorf-e-bike-test\/#article\",\"isPartOf\":{\"@id\":\"https:\/\/www.radlobby.org\/noe\/wolkersdorf-e-bike-test\/\"},\"author\":{\"name\":\"Johannes Flandorfer\",\"@id\":\"https:\/\/www.radlobby.org\/noe\/#\/schema\/person\/fa682db4fa29d61cbf86a83948efbd7f\"},\"headline\":\"E-Bike-Test- und Beratungstag 2018\",\"datePublished\":\"2018-03-04T16:40:00+00:00\",\"dateModified\":\"2018-04-03T09:18:40+00:00\",\"mainEntityOfPage\":{\"@id\":\"https:\/\/www.radlobby.org\/noe\/wolkersdorf-e-bike-test\/\"},\"wordCount\":381,\"publisher\":{\"@id\":\"https:\/\/www.radlobby.org\/noe\/#organization\"},\"image\":{\"@id\":\"https:\/\/www.radlobby.org\/noe\/wolkersdorf-e-bike-test\/#primaryimage\"},\"thumbnailUrl\":\"https:\/\/www.radlobby.org\/noe\/wp-content\/uploads\/Logo_Radlobby_Wolkersdorf_150px.jpg\",\"articleSection\":[\"Radlobby Deutsch-Wagram\",\"Radlobby Korneuburg\",\"Radlobby Mistelbach\",\"Radlobby Poysdorf\",\"Radlobby Tulln\",\"Radlobby Wolkersdorf\"],\"inLanguage\":\"de\"},{\"@type\":\"WebPage\",\"@id\":\"https:\/\/www.radlobby.org\/noe\/wolkersdorf-e-bike-test\/\",\"url\":\"https:\/\/www.radlobby.org\/noe\/wolkersdorf-e-bike-test\/\",\"name\":\"E-Bike-Test- und Beratungstag 2018 - Radlobby Nieder\u00f6sterreich\",\"isPartOf\":{\"@id\":\"https:\/\/www.radlobby.org\/noe\/#website\"},\"primaryImageOfPage\":{\"@id\":\"https:\/\/www.radlobby.org\/noe\/wolkersdorf-e-bike-test\/#primaryimage\"},\"image\":{\"@id\":\"https:\/\/www.radlobby.org\/noe\/wolkersdorf-e-bike-test\/#primaryimage\"},\"thumbnailUrl\":\"https:\/\/www.radlobby.org\/noe\/wp-content\/uploads\/Logo_Radlobby_Wolkersdorf_150px.jpg\",\"datePublished\":\"2018-03-04T16:40:00+00:00\",\"dateModified\":\"2018-04-03T09:18:40+00:00\",\"breadcrumb\":{\"@id\":\"https:\/\/www.radlobby.org\/noe\/wolkersdorf-e-bike-test\/#breadcrumb\"},\"inLanguage\":\"de\",\"potentialAction\":[{\"@type\":\"ReadAction\",\"target\":[\"https:\/\/www.radlobby.org\/noe\/wolkersdorf-e-bike-test\/\"]}]},{\"@type\":\"ImageObject\",\"inLanguage\":\"de\",\"@id\":\"https:\/\/www.radlobby.org\/noe\/wolkersdorf-e-bike-test\/#primaryimage\",\"url\":\"https:\/\/www.radlobby.org\/noe\/wp-content\/uploads\/Logo_Radlobby_Wolkersdorf_150px.jpg\",\"contentUrl\":\"https:\/\/www.radlobby.org\/noe\/wp-content\/uploads\/Logo_Radlobby_Wolkersdorf_150px.jpg\",\"width\":150,\"height\":124},{\"@type\":\"BreadcrumbList\",\"@id\":\"https:\/\/www.radlobby.org\/noe\/wolkersdorf-e-bike-test\/#breadcrumb\",\"itemListElement\":[{\"@type\":\"ListItem\",\"position\":1,\"name\":\"Startseite\",\"item\":\"https:\/\/www.radlobby.org\/noe\/\"},{\"@type\":\"ListItem\",\"position\":2,\"name\":\"E-Bike-Test- und Beratungstag 2018\"}]},{\"@type\":\"WebSite\",\"@id\":\"https:\/\/www.radlobby.org\/noe\/#website\",\"url\":\"https:\/\/www.radlobby.org\/noe\/\",\"name\":\"Radlobby Nieder\u00f6sterreich\",\"description\":\"Radverkehr, Fahrrad, Radfahren, Radreisen, Radtouren, Radweg\",\"publisher\":{\"@id\":\"https:\/\/www.radlobby.org\/noe\/#organization\"},\"potentialAction\":[{\"@type\":\"SearchAction\",\"target\":{\"@type\":\"EntryPoint\",\"urlTemplate\":\"https:\/\/www.radlobby.org\/noe\/?s={search_term_string}\"},\"query-input\":{\"@type\":\"PropertyValueSpecification\",\"valueRequired\":true,\"valueName\":\"search_term_string\"}}],\"inLanguage\":\"de\"},{\"@type\":\"Organization\",\"@id\":\"https:\/\/www.radlobby.org\/noe\/#organization\",\"name\":\"Radlobby Nieder\u00f6sterreich\",\"url\":\"https:\/\/www.radlobby.org\/noe\/\",\"logo\":{\"@type\":\"ImageObject\",\"inLanguage\":\"de\",\"@id\":\"https:\/\/www.radlobby.org\/noe\/#\/schema\/logo\/image\/\",\"url\":\"https:\/\/www.radlobby.org\/noe\/wp-content\/uploads\/2017\/01\/cropped-Logo_Radlobby_Niederoesterreich_50-400px_quer-1.jpg\",\"contentUrl\":\"https:\/\/www.radlobby.org\/noe\/wp-content\/uploads\/2017\/01\/cropped-Logo_Radlobby_Niederoesterreich_50-400px_quer-1.jpg\",\"width\":450,\"height\":124,\"caption\":\"Radlobby Nieder\u00f6sterreich\"},\"image\":{\"@id\":\"https:\/\/www.radlobby.org\/noe\/#\/schema\/logo\/image\/\"},\"sameAs\":[\"https:\/\/www.facebook.com\/groups\/radfahren.in.noe\/\"]},{\"@type\":\"Person\",\"@id\":\"https:\/\/www.radlobby.org\/noe\/#\/schema\/person\/fa682db4fa29d61cbf86a83948efbd7f\",\"name\":\"Johannes Flandorfer\",\"image\":{\"@type\":\"ImageObject\",\"inLanguage\":\"de\",\"@id\":\"https:\/\/www.radlobby.org\/noe\/#\/schema\/person\/image\/\",\"url\":\"https:\/\/secure.gravatar.com\/avatar\/aba90e9f06879b7e6523bcc1e82d9b8dc9b6b45ec73d77a01373e9e71c513ef7?s=96&d=mm&r=g\",\"contentUrl\":\"https:\/\/secure.gravatar.com\/avatar\/aba90e9f06879b7e6523bcc1e82d9b8dc9b6b45ec73d77a01373e9e71c513ef7?s=96&d=mm&r=g\",\"caption\":\"Johannes Flandorfer\"},\"url\":\"https:\/\/www.radlobby.org\/noe\/author\/johannesflandorfer\/\"}]}<\/script>\n<!-- \/ Yoast SEO plugin. -->","yoast_head_json":{"title":"E-Bike-Test- und Beratungstag 2018 - Radlobby Nieder\u00f6sterreich","robots":{"index":"index","follow":"follow","max-snippet":"max-snippet:-1","max-image-preview":"max-image-preview:large","max-video-preview":"max-video-preview:-1"},"canonical":"https:\/\/www.radlobby.org\/noe\/wolkersdorf-e-bike-test\/","og_locale":"de_DE","og_type":"article","og_title":"E-Bike-Test- und Beratungstag 2018 - Radlobby Nieder\u00f6sterreich","og_description":"E-Bike-Test und Beratung E-Bike Beratungstag mit Testm\u00f6glichkeit in Wolkersdorf Samstag, 7.4.2018 am Hauptplatz in Wolkersdorf von 13:30 bis 16:00 Uhr Der E-Bike Test- und Beratungstag findet am Samstag, den 7. April 2018 am Hauptplatz in Wolkersdorf von 13:30 bis 16:00","og_url":"https:\/\/www.radlobby.org\/noe\/wolkersdorf-e-bike-test\/","og_site_name":"Radlobby Nieder\u00f6sterreich","article_publisher":"https:\/\/www.facebook.com\/groups\/radfahren.in.noe\/","article_published_time":"2018-03-04T16:40:00+00:00","article_modified_time":"2018-04-03T09:18:40+00:00","og_image":[{"width":150,"height":124,"url":"https:\/\/www.radlobby.org\/noe\/wp-content\/uploads\/Logo_Radlobby_Wolkersdorf_150px.jpg","type":"image\/jpeg"}],"author":"Johannes Flandorfer","twitter_card":"summary_large_image","twitter_misc":{"Verfasst von":"Johannes Flandorfer","Gesch\u00e4tzte Lesezeit":"2\u00a0Minuten"},"schema":{"@context":"https:\/\/schema.org","@graph":[{"@type":"Article","@id":"https:\/\/www.radlobby.org\/noe\/wolkersdorf-e-bike-test\/#article","isPartOf":{"@id":"https:\/\/www.radlobby.org\/noe\/wolkersdorf-e-bike-test\/"},"author":{"name":"Johannes Flandorfer","@id":"https:\/\/www.radlobby.org\/noe\/#\/schema\/person\/fa682db4fa29d61cbf86a83948efbd7f"},"headline":"E-Bike-Test- und Beratungstag 2018","datePublished":"2018-03-04T16:40:00+00:00","dateModified":"2018-04-03T09:18:40+00:00","mainEntityOfPage":{"@id":"https:\/\/www.radlobby.org\/noe\/wolkersdorf-e-bike-test\/"},"wordCount":381,"publisher":{"@id":"https:\/\/www.radlobby.org\/noe\/#organization"},"image":{"@id":"https:\/\/www.radlobby.org\/noe\/wolkersdorf-e-bike-test\/#primaryimage"},"thumbnailUrl":"https:\/\/www.radlobby.org\/noe\/wp-content\/uploads\/Logo_Radlobby_Wolkersdorf_150px.jpg","articleSection":["Radlobby Deutsch-Wagram","Radlobby Korneuburg","Radlobby Mistelbach","Radlobby Poysdorf","Radlobby Tulln","Radlobby Wolkersdorf"],"inLanguage":"de"},{"@type":"WebPage","@id":"https:\/\/www.radlobby.org\/noe\/wolkersdorf-e-bike-test\/","url":"https:\/\/www.radlobby.org\/noe\/wolkersdorf-e-bike-test\/","name":"E-Bike-Test- und Beratungstag 2018 - Radlobby Nieder\u00f6sterreich","isPartOf":{"@id":"https:\/\/www.radlobby.org\/noe\/#website"},"primaryImageOfPage":{"@id":"https:\/\/www.radlobby.org\/noe\/wolkersdorf-e-bike-test\/#primaryimage"},"image":{"@id":"https:\/\/www.radlobby.org\/noe\/wolkersdorf-e-bike-test\/#primaryimage"},"thumbnailUrl":"https:\/\/www.radlobby.org\/noe\/wp-content\/uploads\/Logo_Radlobby_Wolkersdorf_150px.jpg","datePublished":"2018-03-04T16:40:00+00:00","dateModified":"2018-04-03T09:18:40+00:00","breadcrumb":{"@id":"https:\/\/www.radlobby.org\/noe\/wolkersdorf-e-bike-test\/#breadcrumb"},"inLanguage":"de","potentialAction":[{"@type":"ReadAction","target":["https:\/\/www.radlobby.org\/noe\/wolkersdorf-e-bike-test\/"]}]},{"@type":"ImageObject","inLanguage":"de","@id":"https:\/\/www.radlobby.org\/noe\/wolkersdorf-e-bike-test\/#primaryimage","url":"https:\/\/www.radlobby.org\/noe\/wp-content\/uploads\/Logo_Radlobby_Wolkersdorf_150px.jpg","contentUrl":"https:\/\/www.radlobby.org\/noe\/wp-content\/uploads\/Logo_Radlobby_Wolkersdorf_150px.jpg","width":150,"height":124},{"@type":"BreadcrumbList","@id":"https:\/\/www.radlobby.org\/noe\/wolkersdorf-e-bike-test\/#breadcrumb","itemListElement":[{"@type":"ListItem","position":1,"name":"Startseite","item":"https:\/\/www.radlobby.org\/noe\/"},{"@type":"ListItem","position":2,"name":"E-Bike-Test- und Beratungstag 2018"}]},{"@type":"WebSite","@id":"https:\/\/www.radlobby.org\/noe\/#website","url":"https:\/\/www.radlobby.org\/noe\/","name":"Radlobby Nieder\u00f6sterreich","description":"Radverkehr, Fahrrad, Radfahren, Radreisen, Radtouren, Radweg","publisher":{"@id":"https:\/\/www.radlobby.org\/noe\/#organization"},"potentialAction":[{"@type":"SearchAction","target":{"@type":"EntryPoint","urlTemplate":"https:\/\/www.radlobby.org\/noe\/?s={search_term_string}"},"query-input":{"@type":"PropertyValueSpecification","valueRequired":true,"valueName":"search_term_string"}}],"inLanguage":"de"},{"@type":"Organization","@id":"https:\/\/www.radlobby.org\/noe\/#organization","name":"Radlobby Nieder\u00f6sterreich","url":"https:\/\/www.radlobby.org\/noe\/","logo":{"@type":"ImageObject","inLanguage":"de","@id":"https:\/\/www.radlobby.org\/noe\/#\/schema\/logo\/image\/","url":"https:\/\/www.radlobby.org\/noe\/wp-content\/uploads\/2017\/01\/cropped-Logo_Radlobby_Niederoesterreich_50-400px_quer-1.jpg","contentUrl":"https:\/\/www.radlobby.org\/noe\/wp-content\/uploads\/2017\/01\/cropped-Logo_Radlobby_Niederoesterreich_50-400px_quer-1.jpg","width":450,"height":124,"caption":"Radlobby Nieder\u00f6sterreich"},"image":{"@id":"https:\/\/www.radlobby.org\/noe\/#\/schema\/logo\/image\/"},"sameAs":["https:\/\/www.facebook.com\/groups\/radfahren.in.noe\/"]},{"@type":"Person","@id":"https:\/\/www.radlobby.org\/noe\/#\/schema\/person\/fa682db4fa29d61cbf86a83948efbd7f","name":"Johannes Flandorfer","image":{"@type":"ImageObject","inLanguage":"de","@id":"https:\/\/www.radlobby.org\/noe\/#\/schema\/person\/image\/","url":"https:\/\/secure.gravatar.com\/avatar\/aba90e9f06879b7e6523bcc1e82d9b8dc9b6b45ec73d77a01373e9e71c513ef7?s=96&d=mm&r=g","contentUrl":"https:\/\/secure.gravatar.com\/avatar\/aba90e9f06879b7e6523bcc1e82d9b8dc9b6b45ec73d77a01373e9e71c513ef7?s=96&d=mm&r=g","caption":"Johannes Flandorfer"},"url":"https:\/\/www.radlobby.org\/noe\/author\/johannesflandorfer\/"}]}},"_links":{"self":[{"href":"https:\/\/www.radlobby.org\/noe\/wp-json\/wp\/v2\/posts\/5427","targetHints":{"allow":["GET"]}}],"collection":[{"href":"https:\/\/www.radlobby.org\/noe\/wp-json\/wp\/v2\/posts"}],"about":[{"href":"https:\/\/www.radlobby.org\/noe\/wp-json\/wp\/v2\/types\/post"}],"author":[{"embeddable":true,"href":"https:\/\/www.radlobby.org\/noe\/wp-json\/wp\/v2\/users\/4"}],"replies":[{"embeddable":true,"href":"https:\/\/www.radlobby.org\/noe\/wp-json\/wp\/v2\/comments?post=5427"}],"version-history":[{"count":0,"href":"https:\/\/www.radlobby.org\/noe\/wp-json\/wp\/v2\/posts\/5427\/revisions"}],"wp:featuredmedia":[{"embeddable":true,"href":"https:\/\/www.radlobby.org\/noe\/wp-json\/wp\/v2\/media\/3454"}],"wp:attachment":[{"href":"https:\/\/www.radlobby.org\/noe\/wp-json\/wp\/v2\/media?parent=5427"}],"wp:term":[{"taxonomy":"category","embeddable":true,"href":"https:\/\/www.radlobby.org\/noe\/wp-json\/wp\/v2\/categories?post=5427"},{"taxonomy":"post_tag","embeddable":true,"href":"https:\/\/www.radlobby.org\/noe\/wp-json\/wp\/v2\/tags?post=5427"}],"curies":[{"name":"wp","href":"https:\/\/api.w.org\/{rel}","templated":true}]}}