{"id":4902,"date":"2018-01-07T23:36:05","date_gmt":"2018-01-07T22:36:05","guid":{"rendered":"http:\/\/www.radlobby.org\/noe\/?p=4902"},"modified":"2018-01-18T23:45:29","modified_gmt":"2018-01-18T22:45:29","slug":"radausflug-der-radlobby-melk-zur-200-jahre-fahrradausstellungbicycles-eine-ausstellung-ueber-das-globale-glueck-fahrrad-zu-fahren-2","status":"publish","type":"post","link":"https:\/\/www.radlobby.org\/noe\/radausflug-der-radlobby-melk-zur-200-jahre-fahrradausstellungbicycles-eine-ausstellung-ueber-das-globale-glueck-fahrrad-zu-fahren-2\/","title":{"rendered":"Newsletter der Radlobby Melk<br>7. 1. 2018"},"content":{"rendered":"<h5>Melker Neujahrsradeln<br \/>\nDie Radlobby Melk hat die Radsaison 2018 er\u00f6ffnet!<\/h5>\n<p>Wir haben es ausprobiert \u2013 und k\u00f6nnen es best\u00e4tigen: das Jahr 2018 wird ein tolles Radfahrjahr!<\/p>\n<p>Traditionell fand am 1. J\u00e4nner auch heuer wieder in vielen St\u00e4dten und Gemeinden in \u00d6sterreich die Saisoner\u00f6ffnung der Radlobby statt. So fanden sich auch in Melk eine muntere Schar von Radfahrerinnen und Radfahren bei der Hubbr\u00fccke ein, radelte gemeinsam eine kleine Runde durch die Stadt und er\u00f6ffnete so w\u00fcrdig und zeitgerecht die Melker Radsaison. Der Auftakt zu einer erfreulichen Radsaison w\u00e4re damit gesetzt \u2013 danke an alle, die mitgemacht haben!<\/p>\n<p>Auch das fast fr\u00fchlingshafte Wetter hat uns best\u00e4tigt: Nicht nur das Jahr, auch die Radsaison beginnt am 1. J\u00e4nner!<br \/>\nRadfahren kann man das ganze Jahr \u00fcber.<br \/>\nEin paar Fotos vom Melker Neujahrsradeln sind auf der <a href=\"http:\/\/www.radlobby.org\/noe\/melker-neujahrsradeln-2018\/\" target=\"_blank\" rel=\"noopener\">Radlobby-Melk-Website<\/a> zu bewundern.<\/p>\n<p><strong>\u00a0<\/strong><\/p>\n<h5>Anl\u00e4sslich des Jahreswechsels sei auch<br \/>\nwieder mal darauf hingewiesen:<br \/>\nSie k\u00f6nnen die Radlobby auch durch eine Mitgliedschaft unterst\u00fctzen.<\/h5>\n<p><strong>Kurze Erkl\u00e4rung:<br \/>\n<\/strong>Die Radlobby Melk ist eine Gemeindegruppe der RADLOBBY Nieder\u00f6sterreich (und kein eigener Verein).<br \/>\nMit der Mitgliedschaft bei der Radlobby Nieder\u00f6sterreich st\u00e4rken Sie die Lobbyarbeit f\u00fcr bessere Radfahrm\u00f6glichkeiten in Nieder\u00f6sterreich. Und auch die Radlobby Melk \u2013 denn die Mitgliedsbeitr\u00e4ge erm\u00f6glichen der Radlobby Nieder\u00f6sterreich die Arbeit der Ortsgruppe Melk mit den n\u00f6tigen Materialien (Folder, Transparent etc.) zu unterst\u00fctzen.<\/p>\n<p>Die Mitgliedschaft kostet 30 Euro (f\u00fcr Anschlussmitglieder im selben Haushalt 16 Euro).<br \/>\nKontonummer: AT90 6000 0005 1006 8181<\/p>\n<p>Die Radlobby-Mitgliedschaft enth\u00e4lt auch diverse Leistungen, wie das Radmagazin DRAHTESEL (4 x j\u00e4hrlich).<br \/>\n<strong>Alle Details zur Radlobby Nieder\u00f6sterreich-Mitgliedschaft<\/strong> sind im <a href=\"http:\/\/www.radlobby.org\/noe\/wp-content\/uploads\/20171030-DE-4-2017-_01-_A4.pdf\" target=\"_blank\" rel=\"noopener\">aktuellen Folder<\/a>\u00a0nachzulesen.<br \/>\nDie Anmeldung <a href=\"http:\/\/www.radlobby.org\/noe\/mitglied-werden\/\" target=\"_blank\" rel=\"noopener\">geht hier einfach mit dem Anmeldeformular<\/a>.<\/p>\n<p>\u00dcbrigens: Unter Neumitgliedern, die bis 30. September 2018 ihren Mitgliedsbeitrag einzahlen, wird ein Fahrradanh\u00e4nger verlost!<\/p>\n<p>&nbsp;<\/p>\n","protected":false},"excerpt":{"rendered":"<p>Melker Neujahrsradeln Die Radlobby Melk hat die Radsaison 2018 er\u00f6ffnet! Wir haben es ausprobiert \u2013 und k\u00f6nnen es best\u00e4tigen: das Jahr 2018 wird ein tolles Radfahrjahr! Traditionell fand am 1. J\u00e4nner auch heuer wieder in vielen St\u00e4dten und Gemeinden in<\/p>\n","protected":false},"author":16,"featured_media":3459,"comment_status":"closed","ping_status":"closed","sticky":false,"template":"","format":"standard","meta":{"footnotes":""},"categories":[9],"tags":[19],"class_list":["post-4902","post","type-post","status-publish","format-standard","has-post-thumbnail","hentry","category-melk","tag-newsletter"],"yoast_head":"<!-- This site is optimized with the Yoast SEO plugin v26.9 - https:\/\/yoast.com\/product\/yoast-seo-wordpress\/ -->\n<title>Newsletter der Radlobby Melk7. 1. 2018 - Radlobby Nieder\u00f6sterreich<\/title>\n<meta name=\"robots\" content=\"index, follow, max-snippet:-1, max-image-preview:large, max-video-preview:-1\" \/>\n<link rel=\"canonical\" href=\"https:\/\/www.radlobby.org\/noe\/radausflug-der-radlobby-melk-zur-200-jahre-fahrradausstellungbicycles-eine-ausstellung-ueber-das-globale-glueck-fahrrad-zu-fahren-2\/\" \/>\n<meta property=\"og:locale\" content=\"de_DE\" \/>\n<meta property=\"og:type\" content=\"article\" \/>\n<meta property=\"og:title\" content=\"Newsletter der Radlobby Melk7. 1. 2018 - Radlobby Nieder\u00f6sterreich\" \/>\n<meta property=\"og:description\" content=\"Melker Neujahrsradeln Die Radlobby Melk hat die Radsaison 2018 er\u00f6ffnet! Wir haben es ausprobiert \u2013 und k\u00f6nnen es best\u00e4tigen: das Jahr 2018 wird ein tolles Radfahrjahr! Traditionell fand am 1. J\u00e4nner auch heuer wieder in vielen St\u00e4dten und Gemeinden in\" \/>\n<meta property=\"og:url\" content=\"https:\/\/www.radlobby.org\/noe\/radausflug-der-radlobby-melk-zur-200-jahre-fahrradausstellungbicycles-eine-ausstellung-ueber-das-globale-glueck-fahrrad-zu-fahren-2\/\" \/>\n<meta property=\"og:site_name\" content=\"Radlobby Nieder\u00f6sterreich\" \/>\n<meta property=\"article:publisher\" content=\"https:\/\/www.facebook.com\/groups\/radfahren.in.noe\/\" \/>\n<meta property=\"article:published_time\" content=\"2018-01-07T22:36:05+00:00\" \/>\n<meta property=\"article:modified_time\" content=\"2018-01-18T22:45:29+00:00\" \/>\n<meta property=\"og:image\" content=\"https:\/\/www.radlobby.org\/noe\/wp-content\/uploads\/Logo_Radlobby_Melk_150px.jpg\" \/>\n\t<meta property=\"og:image:width\" content=\"150\" \/>\n\t<meta property=\"og:image:height\" content=\"134\" \/>\n\t<meta property=\"og:image:type\" content=\"image\/jpeg\" \/>\n<meta name=\"author\" content=\"Karl Zauner - Admin\" \/>\n<meta name=\"twitter:card\" content=\"summary_large_image\" \/>\n<meta name=\"twitter:label1\" content=\"Verfasst von\" \/>\n\t<meta name=\"twitter:data1\" content=\"Karl Zauner - Admin\" \/>\n\t<meta name=\"twitter:label2\" content=\"Gesch\u00e4tzte Lesezeit\" \/>\n\t<meta name=\"twitter:data2\" content=\"1\u00a0Minute\" \/>\n<script type=\"application\/ld+json\" class=\"yoast-schema-graph\">{\"@context\":\"https:\/\/schema.org\",\"@graph\":[{\"@type\":\"Article\",\"@id\":\"https:\/\/www.radlobby.org\/noe\/radausflug-der-radlobby-melk-zur-200-jahre-fahrradausstellungbicycles-eine-ausstellung-ueber-das-globale-glueck-fahrrad-zu-fahren-2\/#article\",\"isPartOf\":{\"@id\":\"https:\/\/www.radlobby.org\/noe\/radausflug-der-radlobby-melk-zur-200-jahre-fahrradausstellungbicycles-eine-ausstellung-ueber-das-globale-glueck-fahrrad-zu-fahren-2\/\"},\"author\":{\"name\":\"Karl Zauner - Admin\",\"@id\":\"https:\/\/www.radlobby.org\/noe\/#\/schema\/person\/10547574c40a9e9ea65f92c73f3c516b\"},\"headline\":\"Newsletter der Radlobby Melk 7. 1. 2018\",\"datePublished\":\"2018-01-07T22:36:05+00:00\",\"dateModified\":\"2018-01-18T22:45:29+00:00\",\"mainEntityOfPage\":{\"@id\":\"https:\/\/www.radlobby.org\/noe\/radausflug-der-radlobby-melk-zur-200-jahre-fahrradausstellungbicycles-eine-ausstellung-ueber-das-globale-glueck-fahrrad-zu-fahren-2\/\"},\"wordCount\":296,\"publisher\":{\"@id\":\"https:\/\/www.radlobby.org\/noe\/#organization\"},\"image\":{\"@id\":\"https:\/\/www.radlobby.org\/noe\/radausflug-der-radlobby-melk-zur-200-jahre-fahrradausstellungbicycles-eine-ausstellung-ueber-das-globale-glueck-fahrrad-zu-fahren-2\/#primaryimage\"},\"thumbnailUrl\":\"https:\/\/www.radlobby.org\/noe\/wp-content\/uploads\/Logo_Radlobby_Melk_150px.jpg\",\"keywords\":[\"Newsletter\"],\"articleSection\":[\"Radlobby Melk\"],\"inLanguage\":\"de\"},{\"@type\":\"WebPage\",\"@id\":\"https:\/\/www.radlobby.org\/noe\/radausflug-der-radlobby-melk-zur-200-jahre-fahrradausstellungbicycles-eine-ausstellung-ueber-das-globale-glueck-fahrrad-zu-fahren-2\/\",\"url\":\"https:\/\/www.radlobby.org\/noe\/radausflug-der-radlobby-melk-zur-200-jahre-fahrradausstellungbicycles-eine-ausstellung-ueber-das-globale-glueck-fahrrad-zu-fahren-2\/\",\"name\":\"Newsletter der Radlobby Melk 7. 1. 2018 - Radlobby Nieder\u00f6sterreich\",\"isPartOf\":{\"@id\":\"https:\/\/www.radlobby.org\/noe\/#website\"},\"primaryImageOfPage\":{\"@id\":\"https:\/\/www.radlobby.org\/noe\/radausflug-der-radlobby-melk-zur-200-jahre-fahrradausstellungbicycles-eine-ausstellung-ueber-das-globale-glueck-fahrrad-zu-fahren-2\/#primaryimage\"},\"image\":{\"@id\":\"https:\/\/www.radlobby.org\/noe\/radausflug-der-radlobby-melk-zur-200-jahre-fahrradausstellungbicycles-eine-ausstellung-ueber-das-globale-glueck-fahrrad-zu-fahren-2\/#primaryimage\"},\"thumbnailUrl\":\"https:\/\/www.radlobby.org\/noe\/wp-content\/uploads\/Logo_Radlobby_Melk_150px.jpg\",\"datePublished\":\"2018-01-07T22:36:05+00:00\",\"dateModified\":\"2018-01-18T22:45:29+00:00\",\"breadcrumb\":{\"@id\":\"https:\/\/www.radlobby.org\/noe\/radausflug-der-radlobby-melk-zur-200-jahre-fahrradausstellungbicycles-eine-ausstellung-ueber-das-globale-glueck-fahrrad-zu-fahren-2\/#breadcrumb\"},\"inLanguage\":\"de\",\"potentialAction\":[{\"@type\":\"ReadAction\",\"target\":[\"https:\/\/www.radlobby.org\/noe\/radausflug-der-radlobby-melk-zur-200-jahre-fahrradausstellungbicycles-eine-ausstellung-ueber-das-globale-glueck-fahrrad-zu-fahren-2\/\"]}]},{\"@type\":\"ImageObject\",\"inLanguage\":\"de\",\"@id\":\"https:\/\/www.radlobby.org\/noe\/radausflug-der-radlobby-melk-zur-200-jahre-fahrradausstellungbicycles-eine-ausstellung-ueber-das-globale-glueck-fahrrad-zu-fahren-2\/#primaryimage\",\"url\":\"https:\/\/www.radlobby.org\/noe\/wp-content\/uploads\/Logo_Radlobby_Melk_150px.jpg\",\"contentUrl\":\"https:\/\/www.radlobby.org\/noe\/wp-content\/uploads\/Logo_Radlobby_Melk_150px.jpg\",\"width\":150,\"height\":134},{\"@type\":\"BreadcrumbList\",\"@id\":\"https:\/\/www.radlobby.org\/noe\/radausflug-der-radlobby-melk-zur-200-jahre-fahrradausstellungbicycles-eine-ausstellung-ueber-das-globale-glueck-fahrrad-zu-fahren-2\/#breadcrumb\",\"itemListElement\":[{\"@type\":\"ListItem\",\"position\":1,\"name\":\"Startseite\",\"item\":\"https:\/\/www.radlobby.org\/noe\/\"},{\"@type\":\"ListItem\",\"position\":2,\"name\":\"Newsletter der Radlobby Melk7. 1. 2018\"}]},{\"@type\":\"WebSite\",\"@id\":\"https:\/\/www.radlobby.org\/noe\/#website\",\"url\":\"https:\/\/www.radlobby.org\/noe\/\",\"name\":\"Radlobby Nieder\u00f6sterreich\",\"description\":\"Radverkehr, Fahrrad, Radfahren, Radreisen, Radtouren, Radweg\",\"publisher\":{\"@id\":\"https:\/\/www.radlobby.org\/noe\/#organization\"},\"potentialAction\":[{\"@type\":\"SearchAction\",\"target\":{\"@type\":\"EntryPoint\",\"urlTemplate\":\"https:\/\/www.radlobby.org\/noe\/?s={search_term_string}\"},\"query-input\":{\"@type\":\"PropertyValueSpecification\",\"valueRequired\":true,\"valueName\":\"search_term_string\"}}],\"inLanguage\":\"de\"},{\"@type\":\"Organization\",\"@id\":\"https:\/\/www.radlobby.org\/noe\/#organization\",\"name\":\"Radlobby Nieder\u00f6sterreich\",\"url\":\"https:\/\/www.radlobby.org\/noe\/\",\"logo\":{\"@type\":\"ImageObject\",\"inLanguage\":\"de\",\"@id\":\"https:\/\/www.radlobby.org\/noe\/#\/schema\/logo\/image\/\",\"url\":\"https:\/\/www.radlobby.org\/noe\/wp-content\/uploads\/2017\/01\/cropped-Logo_Radlobby_Niederoesterreich_50-400px_quer-1.jpg\",\"contentUrl\":\"https:\/\/www.radlobby.org\/noe\/wp-content\/uploads\/2017\/01\/cropped-Logo_Radlobby_Niederoesterreich_50-400px_quer-1.jpg\",\"width\":450,\"height\":124,\"caption\":\"Radlobby Nieder\u00f6sterreich\"},\"image\":{\"@id\":\"https:\/\/www.radlobby.org\/noe\/#\/schema\/logo\/image\/\"},\"sameAs\":[\"https:\/\/www.facebook.com\/groups\/radfahren.in.noe\/\"]},{\"@type\":\"Person\",\"@id\":\"https:\/\/www.radlobby.org\/noe\/#\/schema\/person\/10547574c40a9e9ea65f92c73f3c516b\",\"name\":\"Karl Zauner - Admin\",\"image\":{\"@type\":\"ImageObject\",\"inLanguage\":\"de\",\"@id\":\"https:\/\/www.radlobby.org\/noe\/#\/schema\/person\/image\/\",\"url\":\"https:\/\/secure.gravatar.com\/avatar\/c0be6303c1ffe16a7b1c79e07b12d4b29176a733c2a5e811b749965d4be12138?s=96&d=mm&r=g\",\"contentUrl\":\"https:\/\/secure.gravatar.com\/avatar\/c0be6303c1ffe16a7b1c79e07b12d4b29176a733c2a5e811b749965d4be12138?s=96&d=mm&r=g\",\"caption\":\"Karl Zauner - Admin\"},\"url\":\"https:\/\/www.radlobby.org\/noe\/author\/karlzauneradmin\/\"}]}<\/script>\n<!-- \/ Yoast SEO plugin. -->","yoast_head_json":{"title":"Newsletter der Radlobby Melk7. 1. 2018 - Radlobby Nieder\u00f6sterreich","robots":{"index":"index","follow":"follow","max-snippet":"max-snippet:-1","max-image-preview":"max-image-preview:large","max-video-preview":"max-video-preview:-1"},"canonical":"https:\/\/www.radlobby.org\/noe\/radausflug-der-radlobby-melk-zur-200-jahre-fahrradausstellungbicycles-eine-ausstellung-ueber-das-globale-glueck-fahrrad-zu-fahren-2\/","og_locale":"de_DE","og_type":"article","og_title":"Newsletter der Radlobby Melk7. 1. 2018 - Radlobby Nieder\u00f6sterreich","og_description":"Melker Neujahrsradeln Die Radlobby Melk hat die Radsaison 2018 er\u00f6ffnet! Wir haben es ausprobiert \u2013 und k\u00f6nnen es best\u00e4tigen: das Jahr 2018 wird ein tolles Radfahrjahr! Traditionell fand am 1. J\u00e4nner auch heuer wieder in vielen St\u00e4dten und Gemeinden in","og_url":"https:\/\/www.radlobby.org\/noe\/radausflug-der-radlobby-melk-zur-200-jahre-fahrradausstellungbicycles-eine-ausstellung-ueber-das-globale-glueck-fahrrad-zu-fahren-2\/","og_site_name":"Radlobby Nieder\u00f6sterreich","article_publisher":"https:\/\/www.facebook.com\/groups\/radfahren.in.noe\/","article_published_time":"2018-01-07T22:36:05+00:00","article_modified_time":"2018-01-18T22:45:29+00:00","og_image":[{"width":150,"height":134,"url":"https:\/\/www.radlobby.org\/noe\/wp-content\/uploads\/Logo_Radlobby_Melk_150px.jpg","type":"image\/jpeg"}],"author":"Karl Zauner - Admin","twitter_card":"summary_large_image","twitter_misc":{"Verfasst von":"Karl Zauner - Admin","Gesch\u00e4tzte Lesezeit":"1\u00a0Minute"},"schema":{"@context":"https:\/\/schema.org","@graph":[{"@type":"Article","@id":"https:\/\/www.radlobby.org\/noe\/radausflug-der-radlobby-melk-zur-200-jahre-fahrradausstellungbicycles-eine-ausstellung-ueber-das-globale-glueck-fahrrad-zu-fahren-2\/#article","isPartOf":{"@id":"https:\/\/www.radlobby.org\/noe\/radausflug-der-radlobby-melk-zur-200-jahre-fahrradausstellungbicycles-eine-ausstellung-ueber-das-globale-glueck-fahrrad-zu-fahren-2\/"},"author":{"name":"Karl Zauner - Admin","@id":"https:\/\/www.radlobby.org\/noe\/#\/schema\/person\/10547574c40a9e9ea65f92c73f3c516b"},"headline":"Newsletter der Radlobby Melk 7. 1. 2018","datePublished":"2018-01-07T22:36:05+00:00","dateModified":"2018-01-18T22:45:29+00:00","mainEntityOfPage":{"@id":"https:\/\/www.radlobby.org\/noe\/radausflug-der-radlobby-melk-zur-200-jahre-fahrradausstellungbicycles-eine-ausstellung-ueber-das-globale-glueck-fahrrad-zu-fahren-2\/"},"wordCount":296,"publisher":{"@id":"https:\/\/www.radlobby.org\/noe\/#organization"},"image":{"@id":"https:\/\/www.radlobby.org\/noe\/radausflug-der-radlobby-melk-zur-200-jahre-fahrradausstellungbicycles-eine-ausstellung-ueber-das-globale-glueck-fahrrad-zu-fahren-2\/#primaryimage"},"thumbnailUrl":"https:\/\/www.radlobby.org\/noe\/wp-content\/uploads\/Logo_Radlobby_Melk_150px.jpg","keywords":["Newsletter"],"articleSection":["Radlobby Melk"],"inLanguage":"de"},{"@type":"WebPage","@id":"https:\/\/www.radlobby.org\/noe\/radausflug-der-radlobby-melk-zur-200-jahre-fahrradausstellungbicycles-eine-ausstellung-ueber-das-globale-glueck-fahrrad-zu-fahren-2\/","url":"https:\/\/www.radlobby.org\/noe\/radausflug-der-radlobby-melk-zur-200-jahre-fahrradausstellungbicycles-eine-ausstellung-ueber-das-globale-glueck-fahrrad-zu-fahren-2\/","name":"Newsletter der Radlobby Melk 7. 1. 2018 - Radlobby Nieder\u00f6sterreich","isPartOf":{"@id":"https:\/\/www.radlobby.org\/noe\/#website"},"primaryImageOfPage":{"@id":"https:\/\/www.radlobby.org\/noe\/radausflug-der-radlobby-melk-zur-200-jahre-fahrradausstellungbicycles-eine-ausstellung-ueber-das-globale-glueck-fahrrad-zu-fahren-2\/#primaryimage"},"image":{"@id":"https:\/\/www.radlobby.org\/noe\/radausflug-der-radlobby-melk-zur-200-jahre-fahrradausstellungbicycles-eine-ausstellung-ueber-das-globale-glueck-fahrrad-zu-fahren-2\/#primaryimage"},"thumbnailUrl":"https:\/\/www.radlobby.org\/noe\/wp-content\/uploads\/Logo_Radlobby_Melk_150px.jpg","datePublished":"2018-01-07T22:36:05+00:00","dateModified":"2018-01-18T22:45:29+00:00","breadcrumb":{"@id":"https:\/\/www.radlobby.org\/noe\/radausflug-der-radlobby-melk-zur-200-jahre-fahrradausstellungbicycles-eine-ausstellung-ueber-das-globale-glueck-fahrrad-zu-fahren-2\/#breadcrumb"},"inLanguage":"de","potentialAction":[{"@type":"ReadAction","target":["https:\/\/www.radlobby.org\/noe\/radausflug-der-radlobby-melk-zur-200-jahre-fahrradausstellungbicycles-eine-ausstellung-ueber-das-globale-glueck-fahrrad-zu-fahren-2\/"]}]},{"@type":"ImageObject","inLanguage":"de","@id":"https:\/\/www.radlobby.org\/noe\/radausflug-der-radlobby-melk-zur-200-jahre-fahrradausstellungbicycles-eine-ausstellung-ueber-das-globale-glueck-fahrrad-zu-fahren-2\/#primaryimage","url":"https:\/\/www.radlobby.org\/noe\/wp-content\/uploads\/Logo_Radlobby_Melk_150px.jpg","contentUrl":"https:\/\/www.radlobby.org\/noe\/wp-content\/uploads\/Logo_Radlobby_Melk_150px.jpg","width":150,"height":134},{"@type":"BreadcrumbList","@id":"https:\/\/www.radlobby.org\/noe\/radausflug-der-radlobby-melk-zur-200-jahre-fahrradausstellungbicycles-eine-ausstellung-ueber-das-globale-glueck-fahrrad-zu-fahren-2\/#breadcrumb","itemListElement":[{"@type":"ListItem","position":1,"name":"Startseite","item":"https:\/\/www.radlobby.org\/noe\/"},{"@type":"ListItem","position":2,"name":"Newsletter der Radlobby Melk7. 1. 2018"}]},{"@type":"WebSite","@id":"https:\/\/www.radlobby.org\/noe\/#website","url":"https:\/\/www.radlobby.org\/noe\/","name":"Radlobby Nieder\u00f6sterreich","description":"Radverkehr, Fahrrad, Radfahren, Radreisen, Radtouren, Radweg","publisher":{"@id":"https:\/\/www.radlobby.org\/noe\/#organization"},"potentialAction":[{"@type":"SearchAction","target":{"@type":"EntryPoint","urlTemplate":"https:\/\/www.radlobby.org\/noe\/?s={search_term_string}"},"query-input":{"@type":"PropertyValueSpecification","valueRequired":true,"valueName":"search_term_string"}}],"inLanguage":"de"},{"@type":"Organization","@id":"https:\/\/www.radlobby.org\/noe\/#organization","name":"Radlobby Nieder\u00f6sterreich","url":"https:\/\/www.radlobby.org\/noe\/","logo":{"@type":"ImageObject","inLanguage":"de","@id":"https:\/\/www.radlobby.org\/noe\/#\/schema\/logo\/image\/","url":"https:\/\/www.radlobby.org\/noe\/wp-content\/uploads\/2017\/01\/cropped-Logo_Radlobby_Niederoesterreich_50-400px_quer-1.jpg","contentUrl":"https:\/\/www.radlobby.org\/noe\/wp-content\/uploads\/2017\/01\/cropped-Logo_Radlobby_Niederoesterreich_50-400px_quer-1.jpg","width":450,"height":124,"caption":"Radlobby Nieder\u00f6sterreich"},"image":{"@id":"https:\/\/www.radlobby.org\/noe\/#\/schema\/logo\/image\/"},"sameAs":["https:\/\/www.facebook.com\/groups\/radfahren.in.noe\/"]},{"@type":"Person","@id":"https:\/\/www.radlobby.org\/noe\/#\/schema\/person\/10547574c40a9e9ea65f92c73f3c516b","name":"Karl Zauner - Admin","image":{"@type":"ImageObject","inLanguage":"de","@id":"https:\/\/www.radlobby.org\/noe\/#\/schema\/person\/image\/","url":"https:\/\/secure.gravatar.com\/avatar\/c0be6303c1ffe16a7b1c79e07b12d4b29176a733c2a5e811b749965d4be12138?s=96&d=mm&r=g","contentUrl":"https:\/\/secure.gravatar.com\/avatar\/c0be6303c1ffe16a7b1c79e07b12d4b29176a733c2a5e811b749965d4be12138?s=96&d=mm&r=g","caption":"Karl Zauner - Admin"},"url":"https:\/\/www.radlobby.org\/noe\/author\/karlzauneradmin\/"}]}},"_links":{"self":[{"href":"https:\/\/www.radlobby.org\/noe\/wp-json\/wp\/v2\/posts\/4902","targetHints":{"allow":["GET"]}}],"collection":[{"href":"https:\/\/www.radlobby.org\/noe\/wp-json\/wp\/v2\/posts"}],"about":[{"href":"https:\/\/www.radlobby.org\/noe\/wp-json\/wp\/v2\/types\/post"}],"author":[{"embeddable":true,"href":"https:\/\/www.radlobby.org\/noe\/wp-json\/wp\/v2\/users\/16"}],"replies":[{"embeddable":true,"href":"https:\/\/www.radlobby.org\/noe\/wp-json\/wp\/v2\/comments?post=4902"}],"version-history":[{"count":0,"href":"https:\/\/www.radlobby.org\/noe\/wp-json\/wp\/v2\/posts\/4902\/revisions"}],"wp:featuredmedia":[{"embeddable":true,"href":"https:\/\/www.radlobby.org\/noe\/wp-json\/wp\/v2\/media\/3459"}],"wp:attachment":[{"href":"https:\/\/www.radlobby.org\/noe\/wp-json\/wp\/v2\/media?parent=4902"}],"wp:term":[{"taxonomy":"category","embeddable":true,"href":"https:\/\/www.radlobby.org\/noe\/wp-json\/wp\/v2\/categories?post=4902"},{"taxonomy":"post_tag","embeddable":true,"href":"https:\/\/www.radlobby.org\/noe\/wp-json\/wp\/v2\/tags?post=4902"}],"curies":[{"name":"wp","href":"https:\/\/api.w.org\/{rel}","templated":true}]}}