{"id":42751,"date":"2026-09-03T18:10:32","date_gmt":"2026-09-03T16:10:32","guid":{"rendered":"https:\/\/www.radlobby.org\/noe\/?p=42751"},"modified":"2026-09-03T19:55:33","modified_gmt":"2026-09-03T17:55:33","slug":"wiener-neustadt-fahrradweg-zum-wirtschaftspark-foehrenwald","status":"publish","type":"post","link":"https:\/\/www.radlobby.org\/noe\/wiener-neustadt-fahrradweg-zum-wirtschaftspark-foehrenwald\/","title":{"rendered":"Wiener Neustadt: Fahrradweg zum Wirtschaftspark F\u00f6hrenwald"},"content":{"rendered":"<p><a href=\"https:\/\/www.radlobby.org\/noe\/wp-content\/uploads\/20260829-Am-Heuweg-Radweg-und-Bruecke-zum-Gewerbepark-Foehrenwald-2-scaled.jpg\" data-src=\"https:\/\/www.radlobby.org\/noe\/wp-content\/uploads\/20260829-Am-Heuweg-Radweg-und-Bruecke-zum-Gewerbepark-Foehrenwald-2-scaled.jpg\" data-thumb=\"https:\/\/www.radlobby.org\/noe\/wp-content\/uploads\/20260829-Am-Heuweg-Radweg-und-Bruecke-zum-Gewerbepark-Foehrenwald-2-300x225.jpg\" class=\"ml-lightbox-enabled\"><img loading=\"lazy\" decoding=\"async\" class=\"alignright wp-image-42736 size-medium\" src=\"https:\/\/www.radlobby.org\/noe\/wp-content\/uploads\/20260829-Am-Heuweg-Radweg-und-Bruecke-zum-Gewerbepark-Foehrenwald-2-300x225.jpg\" alt=\"\" width=\"300\" height=\"225\" srcset=\"https:\/\/www.radlobby.org\/noe\/wp-content\/uploads\/20260829-Am-Heuweg-Radweg-und-Bruecke-zum-Gewerbepark-Foehrenwald-2-300x225.jpg 300w, https:\/\/www.radlobby.org\/noe\/wp-content\/uploads\/20260829-Am-Heuweg-Radweg-und-Bruecke-zum-Gewerbepark-Foehrenwald-2-768x576.jpg 768w, https:\/\/www.radlobby.org\/noe\/wp-content\/uploads\/20260829-Am-Heuweg-Radweg-und-Bruecke-zum-Gewerbepark-Foehrenwald-2-1536x1152.jpg 1536w, https:\/\/www.radlobby.org\/noe\/wp-content\/uploads\/20260829-Am-Heuweg-Radweg-und-Bruecke-zum-Gewerbepark-Foehrenwald-2-2048x1536.jpg 2048w\" sizes=\"auto, (max-width: 300px) 100vw, 300px\" \/><\/a><strong>Vor gut 7 Jahren wurde der ecoplus \u00d6koWirtschaftspark F\u00f6hrenwald in Wr. Neustadt als<em> &#8220;19 ha gro\u00dfes klimafittes und ressourcen\u00adschonendes Betriebs\u00adgebiet mit &#8230; klima\u00adfreundlichen Mobilit\u00e4ts\u00adangeboten&#8221;<\/em> angek\u00fcndigt.<\/strong><\/p>\n<p>&#8220;Investitionen in Fahrradwege&#8221; (siehe \u00bb <a href=\"https:\/\/www.klimafit-noe.at\/bp-foehrenwald\/\" target=\"_blank\" rel=\"noopener\">Klimafit N\u00d6-Homepage<\/a>) wurden versprochen.<br \/>\nNun ist laut Information der Stadt (siehe \u00bb <a href=\"https:\/\/www.wiener-neustadt.at\/de\/stadt\/aktuelles-detail\/radwegfoehrenwald\" target=\"_blank\" rel=\"noopener\">Stadthomepage<\/a>) ein Radweg <em>&#8220;fertig und befahrbar&#8221;<\/em>.<\/p>\n<p>Wir haben einen Reality-Check gestartet und trafen neben einer feinen Br\u00fccke leider auf einen groben Schotterweg, f\u00fcr den ein E-Mountainbike zu empfehlen ist.<br \/>\nDer Radweg sollte ein Alltagsradweg zum Gewerbegebiet sein. Er sollte bequem befahrbar sein.<br \/>\nDer Schotterweg ist v\u00f6llig ungeeignet. Au\u00dferdem kann er im Winter nicht vom Schnee befreit werden.<\/p>\n<p>Auch der Umweg k\u00f6nnte t\u00e4gliche Ben\u00fctzer abschrecken (siehe Karte unten).<\/p>\n<p><strong>Die Radlobby hat sich mit dem Verkehrsamt Wiener Neustadt in Verbindung gesetzt.<\/strong><br \/>\nWir hoffen auf eine starke Nutzung nach praxistauglichen Korrekturen!<br \/>\nDas mindeste ist der Ersatz des Schotters durch einen radwegtauglichen Sand.<br \/>\nDie beste L\u00f6sung ist eine holperfreie Asphaltoberfl\u00e4che f\u00fcr den Weg zur Arbeit.<br \/>\nEs w\u00e4re doch schade, wenn der Weg und die tolle Br\u00fccke wegen schlechter Qualit\u00e4t der Weggestaltung nicht benutzt w\u00fcrde.<\/p>\n<p><a href=\"https:\/\/www.radlobby.org\/noe\/wp-content\/uploads\/20260829-Am-Heuweg-Radweg-und-Bruecke-zum-Gewerbepark-Foehrenwald-3-scaled.jpg\" data-src=\"https:\/\/www.radlobby.org\/noe\/wp-content\/uploads\/20260829-Am-Heuweg-Radweg-und-Bruecke-zum-Gewerbepark-Foehrenwald-3-scaled.jpg\" data-thumb=\"https:\/\/www.radlobby.org\/noe\/wp-content\/uploads\/20260829-Am-Heuweg-Radweg-und-Bruecke-zum-Gewerbepark-Foehrenwald-3-300x225.jpg\" class=\"ml-lightbox-enabled\"><img loading=\"lazy\" decoding=\"async\" class=\"alignnone wp-image-42734 size-medium\" src=\"https:\/\/www.radlobby.org\/noe\/wp-content\/uploads\/20260829-Am-Heuweg-Radweg-und-Bruecke-zum-Gewerbepark-Foehrenwald-3-300x225.jpg\" alt=\"\" width=\"300\" height=\"225\" srcset=\"https:\/\/www.radlobby.org\/noe\/wp-content\/uploads\/20260829-Am-Heuweg-Radweg-und-Bruecke-zum-Gewerbepark-Foehrenwald-3-300x225.jpg 300w, https:\/\/www.radlobby.org\/noe\/wp-content\/uploads\/20260829-Am-Heuweg-Radweg-und-Bruecke-zum-Gewerbepark-Foehrenwald-3-768x576.jpg 768w, https:\/\/www.radlobby.org\/noe\/wp-content\/uploads\/20260829-Am-Heuweg-Radweg-und-Bruecke-zum-Gewerbepark-Foehrenwald-3-1536x1152.jpg 1536w, https:\/\/www.radlobby.org\/noe\/wp-content\/uploads\/20260829-Am-Heuweg-Radweg-und-Bruecke-zum-Gewerbepark-Foehrenwald-3-2048x1536.jpg 2048w\" sizes=\"auto, (max-width: 300px) 100vw, 300px\" \/><\/a> <a href=\"https:\/\/www.radlobby.org\/noe\/wp-content\/uploads\/20260829-Am-Heuweg-Radweg-und-Bruecke-zum-Gewerbepark-Foehrenwald-5-scaled.jpg\" data-src=\"https:\/\/www.radlobby.org\/noe\/wp-content\/uploads\/20260829-Am-Heuweg-Radweg-und-Bruecke-zum-Gewerbepark-Foehrenwald-5-scaled.jpg\" data-thumb=\"https:\/\/www.radlobby.org\/noe\/wp-content\/uploads\/20260829-Am-Heuweg-Radweg-und-Bruecke-zum-Gewerbepark-Foehrenwald-5-300x225.jpg\" class=\"ml-lightbox-enabled\"><img loading=\"lazy\" decoding=\"async\" class=\"alignnone wp-image-42735 size-medium\" src=\"https:\/\/www.radlobby.org\/noe\/wp-content\/uploads\/20260829-Am-Heuweg-Radweg-und-Bruecke-zum-Gewerbepark-Foehrenwald-5-300x225.jpg\" alt=\"\" width=\"300\" height=\"225\" srcset=\"https:\/\/www.radlobby.org\/noe\/wp-content\/uploads\/20260829-Am-Heuweg-Radweg-und-Bruecke-zum-Gewerbepark-Foehrenwald-5-300x225.jpg 300w, https:\/\/www.radlobby.org\/noe\/wp-content\/uploads\/20260829-Am-Heuweg-Radweg-und-Bruecke-zum-Gewerbepark-Foehrenwald-5-768x576.jpg 768w, https:\/\/www.radlobby.org\/noe\/wp-content\/uploads\/20260829-Am-Heuweg-Radweg-und-Bruecke-zum-Gewerbepark-Foehrenwald-5-1536x1152.jpg 1536w, https:\/\/www.radlobby.org\/noe\/wp-content\/uploads\/20260829-Am-Heuweg-Radweg-und-Bruecke-zum-Gewerbepark-Foehrenwald-5-2048x1536.jpg 2048w\" sizes=\"auto, (max-width: 300px) 100vw, 300px\" \/><\/a> <a href=\"https:\/\/www.radlobby.org\/noe\/wp-content\/uploads\/20260829-Am-Heuweg-Radweg-und-Bruecke-zum-Gewerbepark-Foehrenwald-12-scaled.jpg\" data-src=\"https:\/\/www.radlobby.org\/noe\/wp-content\/uploads\/20260829-Am-Heuweg-Radweg-und-Bruecke-zum-Gewerbepark-Foehrenwald-12-scaled.jpg\" data-thumb=\"https:\/\/www.radlobby.org\/noe\/wp-content\/uploads\/20260829-Am-Heuweg-Radweg-und-Bruecke-zum-Gewerbepark-Foehrenwald-12-300x225.jpg\" class=\"ml-lightbox-enabled\"><img loading=\"lazy\" decoding=\"async\" class=\"alignnone size-medium wp-image-42741\" src=\"https:\/\/www.radlobby.org\/noe\/wp-content\/uploads\/20260829-Am-Heuweg-Radweg-und-Bruecke-zum-Gewerbepark-Foehrenwald-12-300x225.jpg\" alt=\"\" width=\"300\" height=\"225\" srcset=\"https:\/\/www.radlobby.org\/noe\/wp-content\/uploads\/20260829-Am-Heuweg-Radweg-und-Bruecke-zum-Gewerbepark-Foehrenwald-12-300x225.jpg 300w, https:\/\/www.radlobby.org\/noe\/wp-content\/uploads\/20260829-Am-Heuweg-Radweg-und-Bruecke-zum-Gewerbepark-Foehrenwald-12-768x576.jpg 768w, https:\/\/www.radlobby.org\/noe\/wp-content\/uploads\/20260829-Am-Heuweg-Radweg-und-Bruecke-zum-Gewerbepark-Foehrenwald-12-1536x1152.jpg 1536w, https:\/\/www.radlobby.org\/noe\/wp-content\/uploads\/20260829-Am-Heuweg-Radweg-und-Bruecke-zum-Gewerbepark-Foehrenwald-12-2048x1536.jpg 2048w\" sizes=\"auto, (max-width: 300px) 100vw, 300px\" \/><\/a> <a href=\"https:\/\/www.radlobby.org\/noe\/wp-content\/uploads\/20260829-Am-Heuweg-Radweg-und-Bruecke-zum-Gewerbepark-Foehrenwald-11-scaled.jpg\" data-src=\"https:\/\/www.radlobby.org\/noe\/wp-content\/uploads\/20260829-Am-Heuweg-Radweg-und-Bruecke-zum-Gewerbepark-Foehrenwald-11-scaled.jpg\" data-thumb=\"https:\/\/www.radlobby.org\/noe\/wp-content\/uploads\/20260829-Am-Heuweg-Radweg-und-Bruecke-zum-Gewerbepark-Foehrenwald-11-300x225.jpg\" class=\"ml-lightbox-enabled\"><img loading=\"lazy\" decoding=\"async\" class=\"alignnone wp-image-42740 size-medium\" src=\"https:\/\/www.radlobby.org\/noe\/wp-content\/uploads\/20260829-Am-Heuweg-Radweg-und-Bruecke-zum-Gewerbepark-Foehrenwald-11-300x225.jpg\" alt=\"\" width=\"300\" height=\"225\" srcset=\"https:\/\/www.radlobby.org\/noe\/wp-content\/uploads\/20260829-Am-Heuweg-Radweg-und-Bruecke-zum-Gewerbepark-Foehrenwald-11-300x225.jpg 300w, https:\/\/www.radlobby.org\/noe\/wp-content\/uploads\/20260829-Am-Heuweg-Radweg-und-Bruecke-zum-Gewerbepark-Foehrenwald-11-768x576.jpg 768w, https:\/\/www.radlobby.org\/noe\/wp-content\/uploads\/20260829-Am-Heuweg-Radweg-und-Bruecke-zum-Gewerbepark-Foehrenwald-11-1536x1152.jpg 1536w, https:\/\/www.radlobby.org\/noe\/wp-content\/uploads\/20260829-Am-Heuweg-Radweg-und-Bruecke-zum-Gewerbepark-Foehrenwald-11-2048x1536.jpg 2048w\" sizes=\"auto, (max-width: 300px) 100vw, 300px\" \/><\/a> <a href=\"https:\/\/www.radlobby.org\/noe\/wp-content\/uploads\/20260829-Am-Heuweg-Radweg-und-Bruecke-zum-Gewerbepark-Foehrenwald-8-scaled.jpg\" data-src=\"https:\/\/www.radlobby.org\/noe\/wp-content\/uploads\/20260829-Am-Heuweg-Radweg-und-Bruecke-zum-Gewerbepark-Foehrenwald-8-scaled.jpg\" data-thumb=\"https:\/\/www.radlobby.org\/noe\/wp-content\/uploads\/20260829-Am-Heuweg-Radweg-und-Bruecke-zum-Gewerbepark-Foehrenwald-8-300x225.jpg\" class=\"ml-lightbox-enabled\"><img loading=\"lazy\" decoding=\"async\" class=\"alignnone wp-image-42739 size-medium\" src=\"https:\/\/www.radlobby.org\/noe\/wp-content\/uploads\/20260829-Am-Heuweg-Radweg-und-Bruecke-zum-Gewerbepark-Foehrenwald-8-300x225.jpg\" alt=\"\" width=\"300\" height=\"225\" srcset=\"https:\/\/www.radlobby.org\/noe\/wp-content\/uploads\/20260829-Am-Heuweg-Radweg-und-Bruecke-zum-Gewerbepark-Foehrenwald-8-300x225.jpg 300w, https:\/\/www.radlobby.org\/noe\/wp-content\/uploads\/20260829-Am-Heuweg-Radweg-und-Bruecke-zum-Gewerbepark-Foehrenwald-8-768x576.jpg 768w, https:\/\/www.radlobby.org\/noe\/wp-content\/uploads\/20260829-Am-Heuweg-Radweg-und-Bruecke-zum-Gewerbepark-Foehrenwald-8-1536x1152.jpg 1536w, https:\/\/www.radlobby.org\/noe\/wp-content\/uploads\/20260829-Am-Heuweg-Radweg-und-Bruecke-zum-Gewerbepark-Foehrenwald-8-2048x1536.jpg 2048w\" sizes=\"auto, (max-width: 300px) 100vw, 300px\" \/><\/a> <a href=\"https:\/\/www.radlobby.org\/noe\/wp-content\/uploads\/20260829-Am-Heuweg-Radweg-und-Bruecke-zum-Gewerbepark-Foehrenwald-7-scaled.jpg\" data-src=\"https:\/\/www.radlobby.org\/noe\/wp-content\/uploads\/20260829-Am-Heuweg-Radweg-und-Bruecke-zum-Gewerbepark-Foehrenwald-7-scaled.jpg\" data-thumb=\"https:\/\/www.radlobby.org\/noe\/wp-content\/uploads\/20260829-Am-Heuweg-Radweg-und-Bruecke-zum-Gewerbepark-Foehrenwald-7-300x225.jpg\" class=\"ml-lightbox-enabled\"><img loading=\"lazy\" decoding=\"async\" class=\"alignnone wp-image-42738 size-medium\" src=\"https:\/\/www.radlobby.org\/noe\/wp-content\/uploads\/20260829-Am-Heuweg-Radweg-und-Bruecke-zum-Gewerbepark-Foehrenwald-7-300x225.jpg\" alt=\"\" width=\"300\" height=\"225\" srcset=\"https:\/\/www.radlobby.org\/noe\/wp-content\/uploads\/20260829-Am-Heuweg-Radweg-und-Bruecke-zum-Gewerbepark-Foehrenwald-7-300x225.jpg 300w, https:\/\/www.radlobby.org\/noe\/wp-content\/uploads\/20260829-Am-Heuweg-Radweg-und-Bruecke-zum-Gewerbepark-Foehrenwald-7-768x576.jpg 768w, https:\/\/www.radlobby.org\/noe\/wp-content\/uploads\/20260829-Am-Heuweg-Radweg-und-Bruecke-zum-Gewerbepark-Foehrenwald-7-1536x1152.jpg 1536w, https:\/\/www.radlobby.org\/noe\/wp-content\/uploads\/20260829-Am-Heuweg-Radweg-und-Bruecke-zum-Gewerbepark-Foehrenwald-7-2048x1536.jpg 2048w\" sizes=\"auto, (max-width: 300px) 100vw, 300px\" \/><\/a> <a href=\"https:\/\/www.radlobby.org\/noe\/wp-content\/uploads\/20260829-Am-Heuweg-Radweg-und-Bruecke-zum-Gewerbepark-Foehrenwald-6-scaled.jpg\" data-src=\"https:\/\/www.radlobby.org\/noe\/wp-content\/uploads\/20260829-Am-Heuweg-Radweg-und-Bruecke-zum-Gewerbepark-Foehrenwald-6-scaled.jpg\" data-thumb=\"https:\/\/www.radlobby.org\/noe\/wp-content\/uploads\/20260829-Am-Heuweg-Radweg-und-Bruecke-zum-Gewerbepark-Foehrenwald-6-300x225.jpg\" class=\"ml-lightbox-enabled\"><img loading=\"lazy\" decoding=\"async\" class=\"alignnone wp-image-42737 size-medium\" src=\"https:\/\/www.radlobby.org\/noe\/wp-content\/uploads\/20260829-Am-Heuweg-Radweg-und-Bruecke-zum-Gewerbepark-Foehrenwald-6-300x225.jpg\" alt=\"\" width=\"300\" height=\"225\" srcset=\"https:\/\/www.radlobby.org\/noe\/wp-content\/uploads\/20260829-Am-Heuweg-Radweg-und-Bruecke-zum-Gewerbepark-Foehrenwald-6-300x225.jpg 300w, https:\/\/www.radlobby.org\/noe\/wp-content\/uploads\/20260829-Am-Heuweg-Radweg-und-Bruecke-zum-Gewerbepark-Foehrenwald-6-768x576.jpg 768w, https:\/\/www.radlobby.org\/noe\/wp-content\/uploads\/20260829-Am-Heuweg-Radweg-und-Bruecke-zum-Gewerbepark-Foehrenwald-6-1536x1152.jpg 1536w, https:\/\/www.radlobby.org\/noe\/wp-content\/uploads\/20260829-Am-Heuweg-Radweg-und-Bruecke-zum-Gewerbepark-Foehrenwald-6-2048x1536.jpg 2048w\" sizes=\"auto, (max-width: 300px) 100vw, 300px\" \/><\/a> <a href=\"https:\/\/www.radlobby.org\/noe\/wp-content\/uploads\/20260829-Am-Heuweg-Radweg-und-Bruecke-zum-Gewerbepark-Foehrenwald-2-scaled.jpg\" data-src=\"https:\/\/www.radlobby.org\/noe\/wp-content\/uploads\/20260829-Am-Heuweg-Radweg-und-Bruecke-zum-Gewerbepark-Foehrenwald-2-scaled.jpg\" data-thumb=\"https:\/\/www.radlobby.org\/noe\/wp-content\/uploads\/20260829-Am-Heuweg-Radweg-und-Bruecke-zum-Gewerbepark-Foehrenwald-2-300x225.jpg\" class=\"ml-lightbox-enabled\"><img loading=\"lazy\" decoding=\"async\" class=\"alignnone wp-image-42736 size-medium\" src=\"https:\/\/www.radlobby.org\/noe\/wp-content\/uploads\/20260829-Am-Heuweg-Radweg-und-Bruecke-zum-Gewerbepark-Foehrenwald-2-300x225.jpg\" alt=\"\" width=\"300\" height=\"225\" srcset=\"https:\/\/www.radlobby.org\/noe\/wp-content\/uploads\/20260829-Am-Heuweg-Radweg-und-Bruecke-zum-Gewerbepark-Foehrenwald-2-300x225.jpg 300w, https:\/\/www.radlobby.org\/noe\/wp-content\/uploads\/20260829-Am-Heuweg-Radweg-und-Bruecke-zum-Gewerbepark-Foehrenwald-2-768x576.jpg 768w, https:\/\/www.radlobby.org\/noe\/wp-content\/uploads\/20260829-Am-Heuweg-Radweg-und-Bruecke-zum-Gewerbepark-Foehrenwald-2-1536x1152.jpg 1536w, https:\/\/www.radlobby.org\/noe\/wp-content\/uploads\/20260829-Am-Heuweg-Radweg-und-Bruecke-zum-Gewerbepark-Foehrenwald-2-2048x1536.jpg 2048w\" sizes=\"auto, (max-width: 300px) 100vw, 300px\" \/><\/a><\/p>\n<p><iframe style=\"width: 100%; height: 700px; border: 0;\" src=\"\/\/umap.openstreetmap.de\/de\/map\/radweg-zum-wirtschaftspark-fohrenwald_153536?scaleControl=false&amp;miniMapControl=false&amp;scrollWheelZoom=false&amp;zoomControl=true&amp;editMode=disabled&amp;moreControl=true&amp;searchControl=null&amp;tilelayersControl=null&amp;embedControl=null&amp;datalayersControl=true&amp;onLoadPanel=none&amp;captionBar=false&amp;captionMenus=true\" allowfullscreen=\"allowfullscreen\"><span data-mce-type=\"bookmark\" style=\"display: inline-block; width: 0px; overflow: hidden; line-height: 0;\" class=\"mce_SELRES_start\">\ufeff<\/span><\/iframe><\/p>\n<p><a href=\"\/\/umap.openstreetmap.de\/de\/map\/radweg-zum-wirtschaftspark-fohrenwald_153536?scaleControl=false&amp;miniMapControl=false&amp;scrollWheelZoom=true&amp;zoomControl=true&amp;editMode=disabled&amp;moreControl=true&amp;searchControl=null&amp;tilelayersControl=null&amp;embedControl=null&amp;datalayersControl=true&amp;onLoadPanel=none&amp;captionBar=false&amp;captionMenus=true\">Vollbildanzeige<\/a><\/p>\n","protected":false},"excerpt":{"rendered":"<p>Vor gut 7 Jahren wurde der ecoplus \u00d6koWirtschaftspark F\u00f6hrenwald in Wr. Neustadt als &#8220;19 ha gro\u00dfes klimafittes und ressourcen\u00adschonendes Betriebs\u00adgebiet mit &#8230; klima\u00adfreundlichen Mobilit\u00e4ts\u00adangeboten&#8221; angek\u00fcndigt. &#8220;Investitionen in Fahrradwege&#8221; (siehe \u00bb Klimafit N\u00d6-Homepage) wurden versprochen. Nun ist laut Information der Stadt<\/p>\n","protected":false},"author":2,"featured_media":42736,"comment_status":"closed","ping_status":"closed","sticky":false,"template":"","format":"standard","meta":{"footnotes":""},"categories":[20,7],"tags":[],"class_list":["post-42751","post","type-post","status-publish","format-standard","has-post-thumbnail","hentry","category-niederoesterreich","category-wiener-neustadt"],"yoast_head":"<!-- This site is optimized with the Yoast SEO plugin v28.3 - https:\/\/yoast.com\/product\/yoast-seo-wordpress\/ -->\n<title>Wiener Neustadt: Fahrradweg zum Wirtschaftspark F\u00f6hrenwald - Radlobby Nieder\u00f6sterreich<\/title>\n<meta name=\"robots\" content=\"index, follow, max-snippet:-1, max-image-preview:large, max-video-preview:-1\" \/>\n<link rel=\"canonical\" href=\"https:\/\/www.radlobby.org\/noe\/wiener-neustadt-fahrradweg-zum-wirtschaftspark-foehrenwald\/\" \/>\n<meta property=\"og:locale\" content=\"de_DE\" \/>\n<meta property=\"og:type\" content=\"article\" \/>\n<meta property=\"og:title\" content=\"Wiener Neustadt: Fahrradweg zum Wirtschaftspark F\u00f6hrenwald - Radlobby Nieder\u00f6sterreich\" \/>\n<meta property=\"og:description\" content=\"Vor gut 7 Jahren wurde der ecoplus \u00d6koWirtschaftspark F\u00f6hrenwald in Wr. Neustadt als &#8220;19 ha gro\u00dfes klimafittes und ressourcen\u00adschonendes Betriebs\u00adgebiet mit &#8230; klima\u00adfreundlichen Mobilit\u00e4ts\u00adangeboten&#8221; angek\u00fcndigt. &#8220;Investitionen in Fahrradwege&#8221; (siehe \u00bb Klimafit N\u00d6-Homepage) wurden versprochen. Nun ist laut Information der Stadt\" \/>\n<meta property=\"og:url\" content=\"https:\/\/www.radlobby.org\/noe\/wiener-neustadt-fahrradweg-zum-wirtschaftspark-foehrenwald\/\" \/>\n<meta property=\"og:site_name\" content=\"Radlobby Nieder\u00f6sterreich\" \/>\n<meta property=\"article:publisher\" content=\"https:\/\/www.facebook.com\/groups\/radfahren.in.noe\/\" \/>\n<meta property=\"article:published_time\" content=\"2026-09-03T16:10:32+00:00\" \/>\n<meta property=\"article:modified_time\" content=\"2026-09-03T17:55:33+00:00\" \/>\n<meta property=\"og:image\" content=\"https:\/\/www.radlobby.org\/noe\/wp-content\/uploads\/20260829-Am-Heuweg-Radweg-und-Bruecke-zum-Gewerbepark-Foehrenwald-2-scaled.jpg\" \/>\n\t<meta property=\"og:image:width\" content=\"2560\" \/>\n\t<meta property=\"og:image:height\" content=\"1920\" \/>\n\t<meta property=\"og:image:type\" content=\"image\/jpeg\" \/>\n<meta name=\"author\" content=\"Karl Zauner\" \/>\n<meta name=\"twitter:card\" content=\"summary_large_image\" \/>\n<meta name=\"twitter:label1\" content=\"Verfasst von\" \/>\n\t<meta name=\"twitter:data1\" content=\"Karl Zauner\" \/>\n\t<meta name=\"twitter:label2\" content=\"Gesch\u00e4tzte Lesezeit\" \/>\n\t<meta name=\"twitter:data2\" content=\"3\u00a0Minuten\" \/>\n<script type=\"application\/ld+json\" class=\"yoast-schema-graph\">{\"@context\":\"https:\\\/\\\/schema.org\",\"@graph\":[{\"@type\":\"Article\",\"@id\":\"https:\\\/\\\/www.radlobby.org\\\/noe\\\/wiener-neustadt-fahrradweg-zum-wirtschaftspark-foehrenwald\\\/#article\",\"isPartOf\":{\"@id\":\"https:\\\/\\\/www.radlobby.org\\\/noe\\\/wiener-neustadt-fahrradweg-zum-wirtschaftspark-foehrenwald\\\/\"},\"author\":{\"name\":\"Karl Zauner\",\"@id\":\"https:\\\/\\\/www.radlobby.org\\\/noe\\\/#\\\/schema\\\/person\\\/9288f5d21436830e82180c4b00a2593f\"},\"headline\":\"Wiener Neustadt: Fahrradweg zum Wirtschaftspark F\u00f6hrenwald\",\"datePublished\":\"2026-09-03T16:10:32+00:00\",\"dateModified\":\"2026-09-03T17:55:33+00:00\",\"mainEntityOfPage\":{\"@id\":\"https:\\\/\\\/www.radlobby.org\\\/noe\\\/wiener-neustadt-fahrradweg-zum-wirtschaftspark-foehrenwald\\\/\"},\"wordCount\":198,\"publisher\":{\"@id\":\"https:\\\/\\\/www.radlobby.org\\\/noe\\\/#organization\"},\"image\":{\"@id\":\"https:\\\/\\\/www.radlobby.org\\\/noe\\\/wiener-neustadt-fahrradweg-zum-wirtschaftspark-foehrenwald\\\/#primaryimage\"},\"thumbnailUrl\":\"https:\\\/\\\/www.radlobby.org\\\/noe\\\/wp-content\\\/uploads\\\/20260829-Am-Heuweg-Radweg-und-Bruecke-zum-Gewerbepark-Foehrenwald-2-scaled.jpg\",\"articleSection\":[\"Radlobby Nieder\u00f6sterreich\",\"Radlobby Wiener Neustadt\"],\"inLanguage\":\"de\"},{\"@type\":\"WebPage\",\"@id\":\"https:\\\/\\\/www.radlobby.org\\\/noe\\\/wiener-neustadt-fahrradweg-zum-wirtschaftspark-foehrenwald\\\/\",\"url\":\"https:\\\/\\\/www.radlobby.org\\\/noe\\\/wiener-neustadt-fahrradweg-zum-wirtschaftspark-foehrenwald\\\/\",\"name\":\"Wiener Neustadt: Fahrradweg zum Wirtschaftspark F\u00f6hrenwald - Radlobby Nieder\u00f6sterreich\",\"isPartOf\":{\"@id\":\"https:\\\/\\\/www.radlobby.org\\\/noe\\\/#website\"},\"primaryImageOfPage\":{\"@id\":\"https:\\\/\\\/www.radlobby.org\\\/noe\\\/wiener-neustadt-fahrradweg-zum-wirtschaftspark-foehrenwald\\\/#primaryimage\"},\"image\":{\"@id\":\"https:\\\/\\\/www.radlobby.org\\\/noe\\\/wiener-neustadt-fahrradweg-zum-wirtschaftspark-foehrenwald\\\/#primaryimage\"},\"thumbnailUrl\":\"https:\\\/\\\/www.radlobby.org\\\/noe\\\/wp-content\\\/uploads\\\/20260829-Am-Heuweg-Radweg-und-Bruecke-zum-Gewerbepark-Foehrenwald-2-scaled.jpg\",\"datePublished\":\"2026-09-03T16:10:32+00:00\",\"dateModified\":\"2026-09-03T17:55:33+00:00\",\"breadcrumb\":{\"@id\":\"https:\\\/\\\/www.radlobby.org\\\/noe\\\/wiener-neustadt-fahrradweg-zum-wirtschaftspark-foehrenwald\\\/#breadcrumb\"},\"inLanguage\":\"de\",\"potentialAction\":[{\"@type\":\"ReadAction\",\"target\":[\"https:\\\/\\\/www.radlobby.org\\\/noe\\\/wiener-neustadt-fahrradweg-zum-wirtschaftspark-foehrenwald\\\/\"]}]},{\"@type\":\"ImageObject\",\"inLanguage\":\"de\",\"@id\":\"https:\\\/\\\/www.radlobby.org\\\/noe\\\/wiener-neustadt-fahrradweg-zum-wirtschaftspark-foehrenwald\\\/#primaryimage\",\"url\":\"https:\\\/\\\/www.radlobby.org\\\/noe\\\/wp-content\\\/uploads\\\/20260829-Am-Heuweg-Radweg-und-Bruecke-zum-Gewerbepark-Foehrenwald-2-scaled.jpg\",\"contentUrl\":\"https:\\\/\\\/www.radlobby.org\\\/noe\\\/wp-content\\\/uploads\\\/20260829-Am-Heuweg-Radweg-und-Bruecke-zum-Gewerbepark-Foehrenwald-2-scaled.jpg\",\"width\":2560,\"height\":1920},{\"@type\":\"BreadcrumbList\",\"@id\":\"https:\\\/\\\/www.radlobby.org\\\/noe\\\/wiener-neustadt-fahrradweg-zum-wirtschaftspark-foehrenwald\\\/#breadcrumb\",\"itemListElement\":[{\"@type\":\"ListItem\",\"position\":1,\"name\":\"Startseite\",\"item\":\"https:\\\/\\\/www.radlobby.org\\\/noe\\\/\"},{\"@type\":\"ListItem\",\"position\":2,\"name\":\"Wiener Neustadt: Fahrradweg zum Wirtschaftspark F\u00f6hrenwald\"}]},{\"@type\":\"WebSite\",\"@id\":\"https:\\\/\\\/www.radlobby.org\\\/noe\\\/#website\",\"url\":\"https:\\\/\\\/www.radlobby.org\\\/noe\\\/\",\"name\":\"Radlobby Nieder\u00f6sterreich\",\"description\":\"Radverkehr, Fahrrad, Radfahren, Radreisen, Radtouren, Radweg\",\"publisher\":{\"@id\":\"https:\\\/\\\/www.radlobby.org\\\/noe\\\/#organization\"},\"potentialAction\":[{\"@type\":\"SearchAction\",\"target\":{\"@type\":\"EntryPoint\",\"urlTemplate\":\"https:\\\/\\\/www.radlobby.org\\\/noe\\\/?s={search_term_string}\"},\"query-input\":{\"@type\":\"PropertyValueSpecification\",\"valueRequired\":true,\"valueName\":\"search_term_string\"}}],\"inLanguage\":\"de\"},{\"@type\":\"Organization\",\"@id\":\"https:\\\/\\\/www.radlobby.org\\\/noe\\\/#organization\",\"name\":\"Radlobby Nieder\u00f6sterreich\",\"url\":\"https:\\\/\\\/www.radlobby.org\\\/noe\\\/\",\"logo\":{\"@type\":\"ImageObject\",\"inLanguage\":\"de\",\"@id\":\"https:\\\/\\\/www.radlobby.org\\\/noe\\\/#\\\/schema\\\/logo\\\/image\\\/\",\"url\":\"https:\\\/\\\/www.radlobby.org\\\/noe\\\/wp-content\\\/uploads\\\/2017\\\/01\\\/cropped-Logo_Radlobby_Niederoesterreich_50-400px_quer-1.jpg\",\"contentUrl\":\"https:\\\/\\\/www.radlobby.org\\\/noe\\\/wp-content\\\/uploads\\\/2017\\\/01\\\/cropped-Logo_Radlobby_Niederoesterreich_50-400px_quer-1.jpg\",\"width\":450,\"height\":124,\"caption\":\"Radlobby Nieder\u00f6sterreich\"},\"image\":{\"@id\":\"https:\\\/\\\/www.radlobby.org\\\/noe\\\/#\\\/schema\\\/logo\\\/image\\\/\"},\"sameAs\":[\"https:\\\/\\\/www.facebook.com\\\/groups\\\/radfahren.in.noe\\\/\"]},{\"@type\":\"Person\",\"@id\":\"https:\\\/\\\/www.radlobby.org\\\/noe\\\/#\\\/schema\\\/person\\\/9288f5d21436830e82180c4b00a2593f\",\"name\":\"Karl Zauner\",\"image\":{\"@type\":\"ImageObject\",\"inLanguage\":\"de\",\"@id\":\"https:\\\/\\\/secure.gravatar.com\\\/avatar\\\/caa97b2b400b51988ae6176d068fec88ddae75cb02cc26e2fda958cc39dfc138?s=96&d=mm&r=g\",\"url\":\"https:\\\/\\\/secure.gravatar.com\\\/avatar\\\/caa97b2b400b51988ae6176d068fec88ddae75cb02cc26e2fda958cc39dfc138?s=96&d=mm&r=g\",\"contentUrl\":\"https:\\\/\\\/secure.gravatar.com\\\/avatar\\\/caa97b2b400b51988ae6176d068fec88ddae75cb02cc26e2fda958cc39dfc138?s=96&d=mm&r=g\",\"caption\":\"Karl Zauner\"},\"url\":\"https:\\\/\\\/www.radlobby.org\\\/noe\\\/author\\\/karlzauner\\\/\"}]}<\/script>\n<!-- \/ Yoast SEO plugin. -->","yoast_head_json":{"title":"Wiener Neustadt: Fahrradweg zum Wirtschaftspark F\u00f6hrenwald - Radlobby Nieder\u00f6sterreich","robots":{"index":"index","follow":"follow","max-snippet":"max-snippet:-1","max-image-preview":"max-image-preview:large","max-video-preview":"max-video-preview:-1"},"canonical":"https:\/\/www.radlobby.org\/noe\/wiener-neustadt-fahrradweg-zum-wirtschaftspark-foehrenwald\/","og_locale":"de_DE","og_type":"article","og_title":"Wiener Neustadt: Fahrradweg zum Wirtschaftspark F\u00f6hrenwald - Radlobby Nieder\u00f6sterreich","og_description":"Vor gut 7 Jahren wurde der ecoplus \u00d6koWirtschaftspark F\u00f6hrenwald in Wr. Neustadt als &#8220;19 ha gro\u00dfes klimafittes und ressourcen\u00adschonendes Betriebs\u00adgebiet mit &#8230; klima\u00adfreundlichen Mobilit\u00e4ts\u00adangeboten&#8221; angek\u00fcndigt. &#8220;Investitionen in Fahrradwege&#8221; (siehe \u00bb Klimafit N\u00d6-Homepage) wurden versprochen. Nun ist laut Information der Stadt","og_url":"https:\/\/www.radlobby.org\/noe\/wiener-neustadt-fahrradweg-zum-wirtschaftspark-foehrenwald\/","og_site_name":"Radlobby Nieder\u00f6sterreich","article_publisher":"https:\/\/www.facebook.com\/groups\/radfahren.in.noe\/","article_published_time":"2026-09-03T16:10:32+00:00","article_modified_time":"2026-09-03T17:55:33+00:00","og_image":[{"width":2560,"height":1920,"url":"https:\/\/www.radlobby.org\/noe\/wp-content\/uploads\/20260829-Am-Heuweg-Radweg-und-Bruecke-zum-Gewerbepark-Foehrenwald-2-scaled.jpg","type":"image\/jpeg"}],"author":"Karl Zauner","twitter_card":"summary_large_image","twitter_misc":{"Verfasst von":"Karl Zauner","Gesch\u00e4tzte Lesezeit":"3\u00a0Minuten"},"schema":{"@context":"https:\/\/schema.org","@graph":[{"@type":"Article","@id":"https:\/\/www.radlobby.org\/noe\/wiener-neustadt-fahrradweg-zum-wirtschaftspark-foehrenwald\/#article","isPartOf":{"@id":"https:\/\/www.radlobby.org\/noe\/wiener-neustadt-fahrradweg-zum-wirtschaftspark-foehrenwald\/"},"author":{"name":"Karl Zauner","@id":"https:\/\/www.radlobby.org\/noe\/#\/schema\/person\/9288f5d21436830e82180c4b00a2593f"},"headline":"Wiener Neustadt: Fahrradweg zum Wirtschaftspark F\u00f6hrenwald","datePublished":"2026-09-03T16:10:32+00:00","dateModified":"2026-09-03T17:55:33+00:00","mainEntityOfPage":{"@id":"https:\/\/www.radlobby.org\/noe\/wiener-neustadt-fahrradweg-zum-wirtschaftspark-foehrenwald\/"},"wordCount":198,"publisher":{"@id":"https:\/\/www.radlobby.org\/noe\/#organization"},"image":{"@id":"https:\/\/www.radlobby.org\/noe\/wiener-neustadt-fahrradweg-zum-wirtschaftspark-foehrenwald\/#primaryimage"},"thumbnailUrl":"https:\/\/www.radlobby.org\/noe\/wp-content\/uploads\/20260829-Am-Heuweg-Radweg-und-Bruecke-zum-Gewerbepark-Foehrenwald-2-scaled.jpg","articleSection":["Radlobby Nieder\u00f6sterreich","Radlobby Wiener Neustadt"],"inLanguage":"de"},{"@type":"WebPage","@id":"https:\/\/www.radlobby.org\/noe\/wiener-neustadt-fahrradweg-zum-wirtschaftspark-foehrenwald\/","url":"https:\/\/www.radlobby.org\/noe\/wiener-neustadt-fahrradweg-zum-wirtschaftspark-foehrenwald\/","name":"Wiener Neustadt: Fahrradweg zum Wirtschaftspark F\u00f6hrenwald - Radlobby Nieder\u00f6sterreich","isPartOf":{"@id":"https:\/\/www.radlobby.org\/noe\/#website"},"primaryImageOfPage":{"@id":"https:\/\/www.radlobby.org\/noe\/wiener-neustadt-fahrradweg-zum-wirtschaftspark-foehrenwald\/#primaryimage"},"image":{"@id":"https:\/\/www.radlobby.org\/noe\/wiener-neustadt-fahrradweg-zum-wirtschaftspark-foehrenwald\/#primaryimage"},"thumbnailUrl":"https:\/\/www.radlobby.org\/noe\/wp-content\/uploads\/20260829-Am-Heuweg-Radweg-und-Bruecke-zum-Gewerbepark-Foehrenwald-2-scaled.jpg","datePublished":"2026-09-03T16:10:32+00:00","dateModified":"2026-09-03T17:55:33+00:00","breadcrumb":{"@id":"https:\/\/www.radlobby.org\/noe\/wiener-neustadt-fahrradweg-zum-wirtschaftspark-foehrenwald\/#breadcrumb"},"inLanguage":"de","potentialAction":[{"@type":"ReadAction","target":["https:\/\/www.radlobby.org\/noe\/wiener-neustadt-fahrradweg-zum-wirtschaftspark-foehrenwald\/"]}]},{"@type":"ImageObject","inLanguage":"de","@id":"https:\/\/www.radlobby.org\/noe\/wiener-neustadt-fahrradweg-zum-wirtschaftspark-foehrenwald\/#primaryimage","url":"https:\/\/www.radlobby.org\/noe\/wp-content\/uploads\/20260829-Am-Heuweg-Radweg-und-Bruecke-zum-Gewerbepark-Foehrenwald-2-scaled.jpg","contentUrl":"https:\/\/www.radlobby.org\/noe\/wp-content\/uploads\/20260829-Am-Heuweg-Radweg-und-Bruecke-zum-Gewerbepark-Foehrenwald-2-scaled.jpg","width":2560,"height":1920},{"@type":"BreadcrumbList","@id":"https:\/\/www.radlobby.org\/noe\/wiener-neustadt-fahrradweg-zum-wirtschaftspark-foehrenwald\/#breadcrumb","itemListElement":[{"@type":"ListItem","position":1,"name":"Startseite","item":"https:\/\/www.radlobby.org\/noe\/"},{"@type":"ListItem","position":2,"name":"Wiener Neustadt: Fahrradweg zum Wirtschaftspark F\u00f6hrenwald"}]},{"@type":"WebSite","@id":"https:\/\/www.radlobby.org\/noe\/#website","url":"https:\/\/www.radlobby.org\/noe\/","name":"Radlobby Nieder\u00f6sterreich","description":"Radverkehr, Fahrrad, Radfahren, Radreisen, Radtouren, Radweg","publisher":{"@id":"https:\/\/www.radlobby.org\/noe\/#organization"},"potentialAction":[{"@type":"SearchAction","target":{"@type":"EntryPoint","urlTemplate":"https:\/\/www.radlobby.org\/noe\/?s={search_term_string}"},"query-input":{"@type":"PropertyValueSpecification","valueRequired":true,"valueName":"search_term_string"}}],"inLanguage":"de"},{"@type":"Organization","@id":"https:\/\/www.radlobby.org\/noe\/#organization","name":"Radlobby Nieder\u00f6sterreich","url":"https:\/\/www.radlobby.org\/noe\/","logo":{"@type":"ImageObject","inLanguage":"de","@id":"https:\/\/www.radlobby.org\/noe\/#\/schema\/logo\/image\/","url":"https:\/\/www.radlobby.org\/noe\/wp-content\/uploads\/2017\/01\/cropped-Logo_Radlobby_Niederoesterreich_50-400px_quer-1.jpg","contentUrl":"https:\/\/www.radlobby.org\/noe\/wp-content\/uploads\/2017\/01\/cropped-Logo_Radlobby_Niederoesterreich_50-400px_quer-1.jpg","width":450,"height":124,"caption":"Radlobby Nieder\u00f6sterreich"},"image":{"@id":"https:\/\/www.radlobby.org\/noe\/#\/schema\/logo\/image\/"},"sameAs":["https:\/\/www.facebook.com\/groups\/radfahren.in.noe\/"]},{"@type":"Person","@id":"https:\/\/www.radlobby.org\/noe\/#\/schema\/person\/9288f5d21436830e82180c4b00a2593f","name":"Karl Zauner","image":{"@type":"ImageObject","inLanguage":"de","@id":"https:\/\/secure.gravatar.com\/avatar\/caa97b2b400b51988ae6176d068fec88ddae75cb02cc26e2fda958cc39dfc138?s=96&d=mm&r=g","url":"https:\/\/secure.gravatar.com\/avatar\/caa97b2b400b51988ae6176d068fec88ddae75cb02cc26e2fda958cc39dfc138?s=96&d=mm&r=g","contentUrl":"https:\/\/secure.gravatar.com\/avatar\/caa97b2b400b51988ae6176d068fec88ddae75cb02cc26e2fda958cc39dfc138?s=96&d=mm&r=g","caption":"Karl Zauner"},"url":"https:\/\/www.radlobby.org\/noe\/author\/karlzauner\/"}]}},"_links":{"self":[{"href":"https:\/\/www.radlobby.org\/noe\/wp-json\/wp\/v2\/posts\/42751","targetHints":{"allow":["GET"]}}],"collection":[{"href":"https:\/\/www.radlobby.org\/noe\/wp-json\/wp\/v2\/posts"}],"about":[{"href":"https:\/\/www.radlobby.org\/noe\/wp-json\/wp\/v2\/types\/post"}],"author":[{"embeddable":true,"href":"https:\/\/www.radlobby.org\/noe\/wp-json\/wp\/v2\/users\/2"}],"replies":[{"embeddable":true,"href":"https:\/\/www.radlobby.org\/noe\/wp-json\/wp\/v2\/comments?post=42751"}],"version-history":[{"count":9,"href":"https:\/\/www.radlobby.org\/noe\/wp-json\/wp\/v2\/posts\/42751\/revisions"}],"predecessor-version":[{"id":42766,"href":"https:\/\/www.radlobby.org\/noe\/wp-json\/wp\/v2\/posts\/42751\/revisions\/42766"}],"wp:featuredmedia":[{"embeddable":true,"href":"https:\/\/www.radlobby.org\/noe\/wp-json\/wp\/v2\/media\/42736"}],"wp:attachment":[{"href":"https:\/\/www.radlobby.org\/noe\/wp-json\/wp\/v2\/media?parent=42751"}],"wp:term":[{"taxonomy":"category","embeddable":true,"href":"https:\/\/www.radlobby.org\/noe\/wp-json\/wp\/v2\/categories?post=42751"},{"taxonomy":"post_tag","embeddable":true,"href":"https:\/\/www.radlobby.org\/noe\/wp-json\/wp\/v2\/tags?post=42751"}],"curies":[{"name":"wp","href":"https:\/\/api.w.org\/{rel}","templated":true}]}}