{"id":42747,"date":"2026-08-31T21:40:34","date_gmt":"2026-08-31T19:40:34","guid":{"rendered":"https:\/\/www.radlobby.org\/noe\/?p=42747"},"modified":"2026-08-31T21:40:34","modified_gmt":"2026-08-31T19:40:34","slug":"samstag-19-09-2026einladung-kidical-mass-pressbaum","status":"publish","type":"post","link":"https:\/\/www.radlobby.org\/noe\/samstag-19-09-2026einladung-kidical-mass-pressbaum\/","title":{"rendered":"Samstag, 19.09.2026<br>Einladung Kidical Mass Pressbaum"},"content":{"rendered":"<p><a href=\"https:\/\/www.radlobby.org\/noe\/wp-content\/uploads\/Kidical-Mass-Pressbaum-P-19092026.png\" data-src=\"https:\/\/www.radlobby.org\/noe\/wp-content\/uploads\/Kidical-Mass-Pressbaum-P-19092026.png\" data-thumb=\"https:\/\/www.radlobby.org\/noe\/wp-content\/uploads\/Kidical-Mass-Pressbaum-P-19092026.png\" class=\"ml-lightbox-enabled\"><img loading=\"lazy\" decoding=\"async\" class=\"alignright size-full wp-image-42748\" src=\"https:\/\/www.radlobby.org\/noe\/wp-content\/uploads\/Kidical-Mass-Pressbaum-P-19092026.png\" alt=\"\" width=\"1414\" height=\"2000\" srcset=\"https:\/\/www.radlobby.org\/noe\/wp-content\/uploads\/Kidical-Mass-Pressbaum-P-19092026.png 1414w, https:\/\/www.radlobby.org\/noe\/wp-content\/uploads\/Kidical-Mass-Pressbaum-P-19092026-212x300.png 212w, https:\/\/www.radlobby.org\/noe\/wp-content\/uploads\/Kidical-Mass-Pressbaum-P-19092026-768x1086.png 768w, https:\/\/www.radlobby.org\/noe\/wp-content\/uploads\/Kidical-Mass-Pressbaum-P-19092026-1086x1536.png 1086w\" sizes=\"auto, (max-width: 1414px) 100vw, 1414px\" \/><\/a><\/p>\n","protected":false},"excerpt":{"rendered":"<p>Pressbaum braucht endlich multimodale Stra\u00dfen und einen baulich getrennten Radweg entlang der B44!<\/p>\n","protected":false},"author":56,"featured_media":42748,"comment_status":"closed","ping_status":"closed","sticky":false,"template":"","format":"standard","meta":{"footnotes":""},"categories":[266,636,616,20,374],"tags":[827,828,849,850,429,30],"class_list":["post-42747","post","type-post","status-publish","format-standard","has-post-thumbnail","hentry","category-eichgraben","category-mauerbach","category-neulengbach","category-niederoesterreich","category-pressbaum","tag-kidicalmass","tag-kidicalmasspressbaum","tag-kinderfreundlich","tag-klimafittestadt","tag-radfahren","tag-radparade"],"yoast_head":"<!-- This site is optimized with the Yoast SEO plugin v28.3 - https:\/\/yoast.com\/product\/yoast-seo-wordpress\/ -->\n<title>Samstag, 19.09.2026Einladung Kidical Mass Pressbaum - Radlobby Nieder\u00f6sterreich<\/title>\n<meta name=\"robots\" content=\"index, follow, max-snippet:-1, max-image-preview:large, max-video-preview:-1\" \/>\n<link rel=\"canonical\" href=\"https:\/\/www.radlobby.org\/noe\/samstag-19-09-2026einladung-kidical-mass-pressbaum\/\" \/>\n<meta property=\"og:locale\" content=\"de_DE\" \/>\n<meta property=\"og:type\" content=\"article\" \/>\n<meta property=\"og:title\" content=\"Samstag, 19.09.2026Einladung Kidical Mass Pressbaum - Radlobby Nieder\u00f6sterreich\" \/>\n<meta property=\"og:description\" content=\"Pressbaum braucht endlich multimodale Stra\u00dfen und einen baulich getrennten Radweg entlang der B44!\" \/>\n<meta property=\"og:url\" content=\"https:\/\/www.radlobby.org\/noe\/samstag-19-09-2026einladung-kidical-mass-pressbaum\/\" \/>\n<meta property=\"og:site_name\" content=\"Radlobby Nieder\u00f6sterreich\" \/>\n<meta property=\"article:publisher\" content=\"https:\/\/www.facebook.com\/groups\/radfahren.in.noe\/\" \/>\n<meta property=\"article:published_time\" content=\"2026-08-31T19:40:34+00:00\" \/>\n<meta property=\"og:image\" content=\"https:\/\/www.radlobby.org\/noe\/wp-content\/uploads\/Kidical-Mass-Pressbaum-P-19092026.png\" \/>\n\t<meta property=\"og:image:width\" content=\"1414\" \/>\n\t<meta property=\"og:image:height\" content=\"2000\" \/>\n\t<meta property=\"og:image:type\" content=\"image\/png\" \/>\n<meta name=\"author\" content=\"Katja Bohl\u00e4nder\" \/>\n<meta name=\"twitter:card\" content=\"summary_large_image\" \/>\n<meta name=\"twitter:label1\" content=\"Verfasst von\" \/>\n\t<meta name=\"twitter:data1\" content=\"Katja Bohl\u00e4nder\" \/>\n\t<meta name=\"twitter:label2\" content=\"Gesch\u00e4tzte Lesezeit\" \/>\n\t<meta name=\"twitter:data2\" content=\"1\u00a0Minute\" \/>\n<script type=\"application\/ld+json\" class=\"yoast-schema-graph\">{\"@context\":\"https:\\\/\\\/schema.org\",\"@graph\":[{\"@type\":\"Article\",\"@id\":\"https:\\\/\\\/www.radlobby.org\\\/noe\\\/samstag-19-09-2026einladung-kidical-mass-pressbaum\\\/#article\",\"isPartOf\":{\"@id\":\"https:\\\/\\\/www.radlobby.org\\\/noe\\\/samstag-19-09-2026einladung-kidical-mass-pressbaum\\\/\"},\"author\":{\"name\":\"Katja Bohl\u00e4nder\",\"@id\":\"https:\\\/\\\/www.radlobby.org\\\/noe\\\/#\\\/schema\\\/person\\\/79b7825e81e90ee0b2beae8813877296\"},\"headline\":\"Samstag, 19.09.2026 Einladung Kidical Mass Pressbaum\",\"datePublished\":\"2026-08-31T19:40:34+00:00\",\"mainEntityOfPage\":{\"@id\":\"https:\\\/\\\/www.radlobby.org\\\/noe\\\/samstag-19-09-2026einladung-kidical-mass-pressbaum\\\/\"},\"wordCount\":5,\"publisher\":{\"@id\":\"https:\\\/\\\/www.radlobby.org\\\/noe\\\/#organization\"},\"image\":{\"@id\":\"https:\\\/\\\/www.radlobby.org\\\/noe\\\/samstag-19-09-2026einladung-kidical-mass-pressbaum\\\/#primaryimage\"},\"thumbnailUrl\":\"https:\\\/\\\/www.radlobby.org\\\/noe\\\/wp-content\\\/uploads\\\/Kidical-Mass-Pressbaum-P-19092026.png\",\"keywords\":[\"#kidicalmass\",\"#kidicalmasspressbaum\",\"#kinderfreundlich\",\"#klimafittestadt\",\"Radfahren\",\"Radparade\"],\"articleSection\":[\"Radlobby Eichgraben\",\"Radlobby Mauerbach\",\"Radlobby Neulengbach\",\"Radlobby Nieder\u00f6sterreich\",\"Radlobby Pressbaum\"],\"inLanguage\":\"de\"},{\"@type\":\"WebPage\",\"@id\":\"https:\\\/\\\/www.radlobby.org\\\/noe\\\/samstag-19-09-2026einladung-kidical-mass-pressbaum\\\/\",\"url\":\"https:\\\/\\\/www.radlobby.org\\\/noe\\\/samstag-19-09-2026einladung-kidical-mass-pressbaum\\\/\",\"name\":\"Samstag, 19.09.2026 Einladung Kidical Mass Pressbaum - Radlobby Nieder\u00f6sterreich\",\"isPartOf\":{\"@id\":\"https:\\\/\\\/www.radlobby.org\\\/noe\\\/#website\"},\"primaryImageOfPage\":{\"@id\":\"https:\\\/\\\/www.radlobby.org\\\/noe\\\/samstag-19-09-2026einladung-kidical-mass-pressbaum\\\/#primaryimage\"},\"image\":{\"@id\":\"https:\\\/\\\/www.radlobby.org\\\/noe\\\/samstag-19-09-2026einladung-kidical-mass-pressbaum\\\/#primaryimage\"},\"thumbnailUrl\":\"https:\\\/\\\/www.radlobby.org\\\/noe\\\/wp-content\\\/uploads\\\/Kidical-Mass-Pressbaum-P-19092026.png\",\"datePublished\":\"2026-08-31T19:40:34+00:00\",\"breadcrumb\":{\"@id\":\"https:\\\/\\\/www.radlobby.org\\\/noe\\\/samstag-19-09-2026einladung-kidical-mass-pressbaum\\\/#breadcrumb\"},\"inLanguage\":\"de\",\"potentialAction\":[{\"@type\":\"ReadAction\",\"target\":[\"https:\\\/\\\/www.radlobby.org\\\/noe\\\/samstag-19-09-2026einladung-kidical-mass-pressbaum\\\/\"]}]},{\"@type\":\"ImageObject\",\"inLanguage\":\"de\",\"@id\":\"https:\\\/\\\/www.radlobby.org\\\/noe\\\/samstag-19-09-2026einladung-kidical-mass-pressbaum\\\/#primaryimage\",\"url\":\"https:\\\/\\\/www.radlobby.org\\\/noe\\\/wp-content\\\/uploads\\\/Kidical-Mass-Pressbaum-P-19092026.png\",\"contentUrl\":\"https:\\\/\\\/www.radlobby.org\\\/noe\\\/wp-content\\\/uploads\\\/Kidical-Mass-Pressbaum-P-19092026.png\",\"width\":1414,\"height\":2000},{\"@type\":\"BreadcrumbList\",\"@id\":\"https:\\\/\\\/www.radlobby.org\\\/noe\\\/samstag-19-09-2026einladung-kidical-mass-pressbaum\\\/#breadcrumb\",\"itemListElement\":[{\"@type\":\"ListItem\",\"position\":1,\"name\":\"Startseite\",\"item\":\"https:\\\/\\\/www.radlobby.org\\\/noe\\\/\"},{\"@type\":\"ListItem\",\"position\":2,\"name\":\"Samstag, 19.09.2026Einladung Kidical Mass Pressbaum\"}]},{\"@type\":\"WebSite\",\"@id\":\"https:\\\/\\\/www.radlobby.org\\\/noe\\\/#website\",\"url\":\"https:\\\/\\\/www.radlobby.org\\\/noe\\\/\",\"name\":\"Radlobby Nieder\u00f6sterreich\",\"description\":\"Radverkehr, Fahrrad, Radfahren, Radreisen, Radtouren, Radweg\",\"publisher\":{\"@id\":\"https:\\\/\\\/www.radlobby.org\\\/noe\\\/#organization\"},\"potentialAction\":[{\"@type\":\"SearchAction\",\"target\":{\"@type\":\"EntryPoint\",\"urlTemplate\":\"https:\\\/\\\/www.radlobby.org\\\/noe\\\/?s={search_term_string}\"},\"query-input\":{\"@type\":\"PropertyValueSpecification\",\"valueRequired\":true,\"valueName\":\"search_term_string\"}}],\"inLanguage\":\"de\"},{\"@type\":\"Organization\",\"@id\":\"https:\\\/\\\/www.radlobby.org\\\/noe\\\/#organization\",\"name\":\"Radlobby Nieder\u00f6sterreich\",\"url\":\"https:\\\/\\\/www.radlobby.org\\\/noe\\\/\",\"logo\":{\"@type\":\"ImageObject\",\"inLanguage\":\"de\",\"@id\":\"https:\\\/\\\/www.radlobby.org\\\/noe\\\/#\\\/schema\\\/logo\\\/image\\\/\",\"url\":\"https:\\\/\\\/www.radlobby.org\\\/noe\\\/wp-content\\\/uploads\\\/2017\\\/01\\\/cropped-Logo_Radlobby_Niederoesterreich_50-400px_quer-1.jpg\",\"contentUrl\":\"https:\\\/\\\/www.radlobby.org\\\/noe\\\/wp-content\\\/uploads\\\/2017\\\/01\\\/cropped-Logo_Radlobby_Niederoesterreich_50-400px_quer-1.jpg\",\"width\":450,\"height\":124,\"caption\":\"Radlobby Nieder\u00f6sterreich\"},\"image\":{\"@id\":\"https:\\\/\\\/www.radlobby.org\\\/noe\\\/#\\\/schema\\\/logo\\\/image\\\/\"},\"sameAs\":[\"https:\\\/\\\/www.facebook.com\\\/groups\\\/radfahren.in.noe\\\/\"]},{\"@type\":\"Person\",\"@id\":\"https:\\\/\\\/www.radlobby.org\\\/noe\\\/#\\\/schema\\\/person\\\/79b7825e81e90ee0b2beae8813877296\",\"name\":\"Katja Bohl\u00e4nder\",\"image\":{\"@type\":\"ImageObject\",\"inLanguage\":\"de\",\"@id\":\"https:\\\/\\\/secure.gravatar.com\\\/avatar\\\/6d55cfa0f372e3c65aaa3380a961aaccc1c6253947e434f43842be12a2e9b6ff?s=96&d=mm&r=g\",\"url\":\"https:\\\/\\\/secure.gravatar.com\\\/avatar\\\/6d55cfa0f372e3c65aaa3380a961aaccc1c6253947e434f43842be12a2e9b6ff?s=96&d=mm&r=g\",\"contentUrl\":\"https:\\\/\\\/secure.gravatar.com\\\/avatar\\\/6d55cfa0f372e3c65aaa3380a961aaccc1c6253947e434f43842be12a2e9b6ff?s=96&d=mm&r=g\",\"caption\":\"Katja Bohl\u00e4nder\"},\"sameAs\":[\"KarlZaunerADMIN\"],\"url\":\"https:\\\/\\\/www.radlobby.org\\\/noe\\\/author\\\/katja-bohlaender\\\/\"}]}<\/script>\n<!-- \/ Yoast SEO plugin. -->","yoast_head_json":{"title":"Samstag, 19.09.2026Einladung Kidical Mass Pressbaum - Radlobby Nieder\u00f6sterreich","robots":{"index":"index","follow":"follow","max-snippet":"max-snippet:-1","max-image-preview":"max-image-preview:large","max-video-preview":"max-video-preview:-1"},"canonical":"https:\/\/www.radlobby.org\/noe\/samstag-19-09-2026einladung-kidical-mass-pressbaum\/","og_locale":"de_DE","og_type":"article","og_title":"Samstag, 19.09.2026Einladung Kidical Mass Pressbaum - Radlobby Nieder\u00f6sterreich","og_description":"Pressbaum braucht endlich multimodale Stra\u00dfen und einen baulich getrennten Radweg entlang der B44!","og_url":"https:\/\/www.radlobby.org\/noe\/samstag-19-09-2026einladung-kidical-mass-pressbaum\/","og_site_name":"Radlobby Nieder\u00f6sterreich","article_publisher":"https:\/\/www.facebook.com\/groups\/radfahren.in.noe\/","article_published_time":"2026-08-31T19:40:34+00:00","og_image":[{"width":1414,"height":2000,"url":"https:\/\/www.radlobby.org\/noe\/wp-content\/uploads\/Kidical-Mass-Pressbaum-P-19092026.png","type":"image\/png"}],"author":"Katja Bohl\u00e4nder","twitter_card":"summary_large_image","twitter_misc":{"Verfasst von":"Katja Bohl\u00e4nder","Gesch\u00e4tzte Lesezeit":"1\u00a0Minute"},"schema":{"@context":"https:\/\/schema.org","@graph":[{"@type":"Article","@id":"https:\/\/www.radlobby.org\/noe\/samstag-19-09-2026einladung-kidical-mass-pressbaum\/#article","isPartOf":{"@id":"https:\/\/www.radlobby.org\/noe\/samstag-19-09-2026einladung-kidical-mass-pressbaum\/"},"author":{"name":"Katja Bohl\u00e4nder","@id":"https:\/\/www.radlobby.org\/noe\/#\/schema\/person\/79b7825e81e90ee0b2beae8813877296"},"headline":"Samstag, 19.09.2026 Einladung Kidical Mass Pressbaum","datePublished":"2026-08-31T19:40:34+00:00","mainEntityOfPage":{"@id":"https:\/\/www.radlobby.org\/noe\/samstag-19-09-2026einladung-kidical-mass-pressbaum\/"},"wordCount":5,"publisher":{"@id":"https:\/\/www.radlobby.org\/noe\/#organization"},"image":{"@id":"https:\/\/www.radlobby.org\/noe\/samstag-19-09-2026einladung-kidical-mass-pressbaum\/#primaryimage"},"thumbnailUrl":"https:\/\/www.radlobby.org\/noe\/wp-content\/uploads\/Kidical-Mass-Pressbaum-P-19092026.png","keywords":["#kidicalmass","#kidicalmasspressbaum","#kinderfreundlich","#klimafittestadt","Radfahren","Radparade"],"articleSection":["Radlobby Eichgraben","Radlobby Mauerbach","Radlobby Neulengbach","Radlobby Nieder\u00f6sterreich","Radlobby Pressbaum"],"inLanguage":"de"},{"@type":"WebPage","@id":"https:\/\/www.radlobby.org\/noe\/samstag-19-09-2026einladung-kidical-mass-pressbaum\/","url":"https:\/\/www.radlobby.org\/noe\/samstag-19-09-2026einladung-kidical-mass-pressbaum\/","name":"Samstag, 19.09.2026 Einladung Kidical Mass Pressbaum - Radlobby Nieder\u00f6sterreich","isPartOf":{"@id":"https:\/\/www.radlobby.org\/noe\/#website"},"primaryImageOfPage":{"@id":"https:\/\/www.radlobby.org\/noe\/samstag-19-09-2026einladung-kidical-mass-pressbaum\/#primaryimage"},"image":{"@id":"https:\/\/www.radlobby.org\/noe\/samstag-19-09-2026einladung-kidical-mass-pressbaum\/#primaryimage"},"thumbnailUrl":"https:\/\/www.radlobby.org\/noe\/wp-content\/uploads\/Kidical-Mass-Pressbaum-P-19092026.png","datePublished":"2026-08-31T19:40:34+00:00","breadcrumb":{"@id":"https:\/\/www.radlobby.org\/noe\/samstag-19-09-2026einladung-kidical-mass-pressbaum\/#breadcrumb"},"inLanguage":"de","potentialAction":[{"@type":"ReadAction","target":["https:\/\/www.radlobby.org\/noe\/samstag-19-09-2026einladung-kidical-mass-pressbaum\/"]}]},{"@type":"ImageObject","inLanguage":"de","@id":"https:\/\/www.radlobby.org\/noe\/samstag-19-09-2026einladung-kidical-mass-pressbaum\/#primaryimage","url":"https:\/\/www.radlobby.org\/noe\/wp-content\/uploads\/Kidical-Mass-Pressbaum-P-19092026.png","contentUrl":"https:\/\/www.radlobby.org\/noe\/wp-content\/uploads\/Kidical-Mass-Pressbaum-P-19092026.png","width":1414,"height":2000},{"@type":"BreadcrumbList","@id":"https:\/\/www.radlobby.org\/noe\/samstag-19-09-2026einladung-kidical-mass-pressbaum\/#breadcrumb","itemListElement":[{"@type":"ListItem","position":1,"name":"Startseite","item":"https:\/\/www.radlobby.org\/noe\/"},{"@type":"ListItem","position":2,"name":"Samstag, 19.09.2026Einladung Kidical Mass Pressbaum"}]},{"@type":"WebSite","@id":"https:\/\/www.radlobby.org\/noe\/#website","url":"https:\/\/www.radlobby.org\/noe\/","name":"Radlobby Nieder\u00f6sterreich","description":"Radverkehr, Fahrrad, Radfahren, Radreisen, Radtouren, Radweg","publisher":{"@id":"https:\/\/www.radlobby.org\/noe\/#organization"},"potentialAction":[{"@type":"SearchAction","target":{"@type":"EntryPoint","urlTemplate":"https:\/\/www.radlobby.org\/noe\/?s={search_term_string}"},"query-input":{"@type":"PropertyValueSpecification","valueRequired":true,"valueName":"search_term_string"}}],"inLanguage":"de"},{"@type":"Organization","@id":"https:\/\/www.radlobby.org\/noe\/#organization","name":"Radlobby Nieder\u00f6sterreich","url":"https:\/\/www.radlobby.org\/noe\/","logo":{"@type":"ImageObject","inLanguage":"de","@id":"https:\/\/www.radlobby.org\/noe\/#\/schema\/logo\/image\/","url":"https:\/\/www.radlobby.org\/noe\/wp-content\/uploads\/2017\/01\/cropped-Logo_Radlobby_Niederoesterreich_50-400px_quer-1.jpg","contentUrl":"https:\/\/www.radlobby.org\/noe\/wp-content\/uploads\/2017\/01\/cropped-Logo_Radlobby_Niederoesterreich_50-400px_quer-1.jpg","width":450,"height":124,"caption":"Radlobby Nieder\u00f6sterreich"},"image":{"@id":"https:\/\/www.radlobby.org\/noe\/#\/schema\/logo\/image\/"},"sameAs":["https:\/\/www.facebook.com\/groups\/radfahren.in.noe\/"]},{"@type":"Person","@id":"https:\/\/www.radlobby.org\/noe\/#\/schema\/person\/79b7825e81e90ee0b2beae8813877296","name":"Katja Bohl\u00e4nder","image":{"@type":"ImageObject","inLanguage":"de","@id":"https:\/\/secure.gravatar.com\/avatar\/6d55cfa0f372e3c65aaa3380a961aaccc1c6253947e434f43842be12a2e9b6ff?s=96&d=mm&r=g","url":"https:\/\/secure.gravatar.com\/avatar\/6d55cfa0f372e3c65aaa3380a961aaccc1c6253947e434f43842be12a2e9b6ff?s=96&d=mm&r=g","contentUrl":"https:\/\/secure.gravatar.com\/avatar\/6d55cfa0f372e3c65aaa3380a961aaccc1c6253947e434f43842be12a2e9b6ff?s=96&d=mm&r=g","caption":"Katja Bohl\u00e4nder"},"sameAs":["KarlZaunerADMIN"],"url":"https:\/\/www.radlobby.org\/noe\/author\/katja-bohlaender\/"}]}},"_links":{"self":[{"href":"https:\/\/www.radlobby.org\/noe\/wp-json\/wp\/v2\/posts\/42747","targetHints":{"allow":["GET"]}}],"collection":[{"href":"https:\/\/www.radlobby.org\/noe\/wp-json\/wp\/v2\/posts"}],"about":[{"href":"https:\/\/www.radlobby.org\/noe\/wp-json\/wp\/v2\/types\/post"}],"author":[{"embeddable":true,"href":"https:\/\/www.radlobby.org\/noe\/wp-json\/wp\/v2\/users\/56"}],"replies":[{"embeddable":true,"href":"https:\/\/www.radlobby.org\/noe\/wp-json\/wp\/v2\/comments?post=42747"}],"version-history":[{"count":1,"href":"https:\/\/www.radlobby.org\/noe\/wp-json\/wp\/v2\/posts\/42747\/revisions"}],"predecessor-version":[{"id":42749,"href":"https:\/\/www.radlobby.org\/noe\/wp-json\/wp\/v2\/posts\/42747\/revisions\/42749"}],"wp:featuredmedia":[{"embeddable":true,"href":"https:\/\/www.radlobby.org\/noe\/wp-json\/wp\/v2\/media\/42748"}],"wp:attachment":[{"href":"https:\/\/www.radlobby.org\/noe\/wp-json\/wp\/v2\/media?parent=42747"}],"wp:term":[{"taxonomy":"category","embeddable":true,"href":"https:\/\/www.radlobby.org\/noe\/wp-json\/wp\/v2\/categories?post=42747"},{"taxonomy":"post_tag","embeddable":true,"href":"https:\/\/www.radlobby.org\/noe\/wp-json\/wp\/v2\/tags?post=42747"}],"curies":[{"name":"wp","href":"https:\/\/api.w.org\/{rel}","templated":true}]}}