{"id":41886,"date":"2026-04-26T11:58:03","date_gmt":"2026-04-26T09:58:03","guid":{"rendered":"https:\/\/www.radlobby.org\/noe\/?p=41886"},"modified":"2026-04-26T12:04:23","modified_gmt":"2026-04-26T10:04:23","slug":"radreparaturworkshop-2026","status":"publish","type":"post","link":"https:\/\/www.radlobby.org\/noe\/radreparaturworkshop-2026\/","title":{"rendered":"Radreparaturworkshop"},"content":{"rendered":"<p>Die Radlobby Wolkersdorf veranstaltete mit Fahrradmechaniker Alfred Kratky am 25.4.2026 zwischen 10 und 12 Uhr einen Radreparaturworkshop.<\/p>\n<p>Da die Interessentinnen und Interessenten so nach und nach kamen, wurden diese mit ihren Anliegen und W\u00fcnschen individuell betreut.<\/p>\n<p>Zuerst wurde mit einer Schulung \u00fcber die verschiedenen Fahrradventile gestartet. Zum Aufpumpen empfiehlt Alfred eine gro\u00dfe Pumpe mit Manometeranzeige. Diese Pumpen sind f\u00fcr alle Ventile geeignet und man ben\u00f6tigt daher keine Adapter. Das ist praktisch und die Pumpen k\u00f6nnen mit relativ wenig Kraftaufwand betrieben werden.<\/p>\n<p><img loading=\"lazy\" decoding=\"async\" class=\"alignnone size-medium wp-image-41891\" src=\"https:\/\/www.radlobby.org\/noe\/wp-content\/uploads\/Reparaturworkshop_Schulung-225x300.jpg\" alt=\"\" width=\"225\" height=\"300\" srcset=\"https:\/\/www.radlobby.org\/noe\/wp-content\/uploads\/Reparaturworkshop_Schulung-225x300.jpg 225w, https:\/\/www.radlobby.org\/noe\/wp-content\/uploads\/Reparaturworkshop_Schulung-768x1024.jpg 768w, https:\/\/www.radlobby.org\/noe\/wp-content\/uploads\/Reparaturworkshop_Schulung-1152x1536.jpg 1152w, https:\/\/www.radlobby.org\/noe\/wp-content\/uploads\/Reparaturworkshop_Schulung-1536x2048.jpg 1536w, https:\/\/www.radlobby.org\/noe\/wp-content\/uploads\/Reparaturworkshop_Schulung.jpg 1920w\" sizes=\"auto, (max-width: 225px) 100vw, 225px\" \/> <img loading=\"lazy\" decoding=\"async\" class=\"alignnone size-medium wp-image-41887\" src=\"https:\/\/www.radlobby.org\/noe\/wp-content\/uploads\/Reparaturworkshop_Luftpumpe-225x300.jpg\" alt=\"\" width=\"225\" height=\"300\" srcset=\"https:\/\/www.radlobby.org\/noe\/wp-content\/uploads\/Reparaturworkshop_Luftpumpe-225x300.jpg 225w, https:\/\/www.radlobby.org\/noe\/wp-content\/uploads\/Reparaturworkshop_Luftpumpe-768x1024.jpg 768w, https:\/\/www.radlobby.org\/noe\/wp-content\/uploads\/Reparaturworkshop_Luftpumpe-1152x1536.jpg 1152w, https:\/\/www.radlobby.org\/noe\/wp-content\/uploads\/Reparaturworkshop_Luftpumpe-1536x2048.jpg 1536w, https:\/\/www.radlobby.org\/noe\/wp-content\/uploads\/Reparaturworkshop_Luftpumpe.jpg 1920w\" sizes=\"auto, (max-width: 225px) 100vw, 225px\" \/> <img loading=\"lazy\" decoding=\"async\" class=\"alignnone size-medium wp-image-41893\" src=\"https:\/\/www.radlobby.org\/noe\/wp-content\/uploads\/Reparaturworkshop_Ventile-300x225.jpg\" alt=\"\" width=\"300\" height=\"225\" srcset=\"https:\/\/www.radlobby.org\/noe\/wp-content\/uploads\/Reparaturworkshop_Ventile-300x225.jpg 300w, https:\/\/www.radlobby.org\/noe\/wp-content\/uploads\/Reparaturworkshop_Ventile-768x576.jpg 768w, https:\/\/www.radlobby.org\/noe\/wp-content\/uploads\/Reparaturworkshop_Ventile-1536x1152.jpg 1536w, https:\/\/www.radlobby.org\/noe\/wp-content\/uploads\/Reparaturworkshop_Ventile-2048x1536.jpg 2048w\" sizes=\"auto, (max-width: 300px) 100vw, 300px\" \/><\/p>\n<p>H\u00e4ufig wurde auch das Einstellen der Bremsen nachgefragt. Alfred demonstrierte, was an der Bremse selbst und am Hebel gemacht werden kann.<\/p>\n<p>Neue Fahrr\u00e4der haben meist schon Scheibenbremsen. Es wurde erkl\u00e4rt, wo die Bremskl\u00f6tze sitzen und bei welcher St\u00e4rke ein Wechsel empfohlen wird.<\/p>\n<p><img loading=\"lazy\" decoding=\"async\" class=\"alignnone size-medium wp-image-41894\" src=\"https:\/\/www.radlobby.org\/noe\/wp-content\/uploads\/Reparaturworkshop_Bremsen-225x300.jpg\" alt=\"\" width=\"225\" height=\"300\" srcset=\"https:\/\/www.radlobby.org\/noe\/wp-content\/uploads\/Reparaturworkshop_Bremsen-225x300.jpg 225w, https:\/\/www.radlobby.org\/noe\/wp-content\/uploads\/Reparaturworkshop_Bremsen-768x1024.jpg 768w, https:\/\/www.radlobby.org\/noe\/wp-content\/uploads\/Reparaturworkshop_Bremsen-1152x1536.jpg 1152w, https:\/\/www.radlobby.org\/noe\/wp-content\/uploads\/Reparaturworkshop_Bremsen-1536x2048.jpg 1536w, https:\/\/www.radlobby.org\/noe\/wp-content\/uploads\/Reparaturworkshop_Bremsen.jpg 1920w\" sizes=\"auto, (max-width: 225px) 100vw, 225px\" \/> <img loading=\"lazy\" decoding=\"async\" class=\"alignnone size-medium wp-image-41895\" src=\"https:\/\/www.radlobby.org\/noe\/wp-content\/uploads\/Reparaturworkshop_Bremshebel-300x225.jpg\" alt=\"\" width=\"300\" height=\"225\" srcset=\"https:\/\/www.radlobby.org\/noe\/wp-content\/uploads\/Reparaturworkshop_Bremshebel-300x225.jpg 300w, https:\/\/www.radlobby.org\/noe\/wp-content\/uploads\/Reparaturworkshop_Bremshebel-768x576.jpg 768w, https:\/\/www.radlobby.org\/noe\/wp-content\/uploads\/Reparaturworkshop_Bremshebel-1536x1152.jpg 1536w, https:\/\/www.radlobby.org\/noe\/wp-content\/uploads\/Reparaturworkshop_Bremshebel-2048x1536.jpg 2048w\" sizes=\"auto, (max-width: 300px) 100vw, 300px\" \/><\/p>\n<p>Spritzschutzvorrichtung und St\u00e4nder waren zu montieren oder deren Halterungen zu reparieren.<\/p>\n<p><img loading=\"lazy\" decoding=\"async\" class=\"alignnone size-medium wp-image-41892\" src=\"https:\/\/www.radlobby.org\/noe\/wp-content\/uploads\/Reparaturworkshop_Spritzschutz-225x300.jpg\" alt=\"\" width=\"225\" height=\"300\" srcset=\"https:\/\/www.radlobby.org\/noe\/wp-content\/uploads\/Reparaturworkshop_Spritzschutz-225x300.jpg 225w, https:\/\/www.radlobby.org\/noe\/wp-content\/uploads\/Reparaturworkshop_Spritzschutz-768x1024.jpg 768w, https:\/\/www.radlobby.org\/noe\/wp-content\/uploads\/Reparaturworkshop_Spritzschutz-1152x1536.jpg 1152w, https:\/\/www.radlobby.org\/noe\/wp-content\/uploads\/Reparaturworkshop_Spritzschutz-1536x2048.jpg 1536w, https:\/\/www.radlobby.org\/noe\/wp-content\/uploads\/Reparaturworkshop_Spritzschutz.jpg 1920w\" sizes=\"auto, (max-width: 225px) 100vw, 225px\" \/>\u00a0<a href=\"https:\/\/www.radlobby.org\/noe\/wp-content\/uploads\/Reparaturworkshop_14.jpg\" data-src=\"https:\/\/www.radlobby.org\/noe\/wp-content\/uploads\/Reparaturworkshop_14.jpg\" data-thumb=\"https:\/\/www.radlobby.org\/noe\/wp-content\/uploads\/Reparaturworkshop_14-300x225.jpg\" class=\"ml-lightbox-enabled\"><img loading=\"lazy\" decoding=\"async\" class=\"alignnone wp-image-40294 size-medium\" src=\"https:\/\/www.radlobby.org\/noe\/wp-content\/uploads\/Reparaturworkshop_14-300x225.jpg\" alt=\"\" width=\"300\" height=\"225\" srcset=\"https:\/\/www.radlobby.org\/noe\/wp-content\/uploads\/Reparaturworkshop_14-300x225.jpg 300w, https:\/\/www.radlobby.org\/noe\/wp-content\/uploads\/Reparaturworkshop_14-768x576.jpg 768w, https:\/\/www.radlobby.org\/noe\/wp-content\/uploads\/Reparaturworkshop_14-1536x1152.jpg 1536w, https:\/\/www.radlobby.org\/noe\/wp-content\/uploads\/Reparaturworkshop_14-2048x1536.jpg 2048w\" sizes=\"auto, (max-width: 300px) 100vw, 300px\" \/><\/a><\/p>\n<p>Und zu guter Letzt wurde auch ein Patschen gepickt.<\/p>\n<p><img loading=\"lazy\" decoding=\"async\" class=\"alignnone size-medium wp-image-41888\" src=\"https:\/\/www.radlobby.org\/noe\/wp-content\/uploads\/Reparaturworkshop_Patschenpicken_1-225x300.jpg\" alt=\"\" width=\"225\" height=\"300\" srcset=\"https:\/\/www.radlobby.org\/noe\/wp-content\/uploads\/Reparaturworkshop_Patschenpicken_1-225x300.jpg 225w, https:\/\/www.radlobby.org\/noe\/wp-content\/uploads\/Reparaturworkshop_Patschenpicken_1-768x1024.jpg 768w, https:\/\/www.radlobby.org\/noe\/wp-content\/uploads\/Reparaturworkshop_Patschenpicken_1-1152x1536.jpg 1152w, https:\/\/www.radlobby.org\/noe\/wp-content\/uploads\/Reparaturworkshop_Patschenpicken_1-1536x2048.jpg 1536w, https:\/\/www.radlobby.org\/noe\/wp-content\/uploads\/Reparaturworkshop_Patschenpicken_1.jpg 1920w\" sizes=\"auto, (max-width: 225px) 100vw, 225px\" \/> <img loading=\"lazy\" decoding=\"async\" class=\"alignnone size-medium wp-image-41890\" src=\"https:\/\/www.radlobby.org\/noe\/wp-content\/uploads\/Reparaturworkshop_Patschenpicken_3-225x300.jpg\" alt=\"\" width=\"225\" height=\"300\" srcset=\"https:\/\/www.radlobby.org\/noe\/wp-content\/uploads\/Reparaturworkshop_Patschenpicken_3-225x300.jpg 225w, https:\/\/www.radlobby.org\/noe\/wp-content\/uploads\/Reparaturworkshop_Patschenpicken_3-768x1025.jpg 768w, https:\/\/www.radlobby.org\/noe\/wp-content\/uploads\/Reparaturworkshop_Patschenpicken_3-1151x1536.jpg 1151w, https:\/\/www.radlobby.org\/noe\/wp-content\/uploads\/Reparaturworkshop_Patschenpicken_3-1534x2048.jpg 1534w, https:\/\/www.radlobby.org\/noe\/wp-content\/uploads\/Reparaturworkshop_Patschenpicken_3.jpg 1622w\" sizes=\"auto, (max-width: 225px) 100vw, 225px\" \/> <img loading=\"lazy\" decoding=\"async\" class=\"alignnone size-medium wp-image-41889\" src=\"https:\/\/www.radlobby.org\/noe\/wp-content\/uploads\/Reparaturworkshop_Patschenpicken_2-300x225.jpg\" alt=\"\" width=\"300\" height=\"225\" srcset=\"https:\/\/www.radlobby.org\/noe\/wp-content\/uploads\/Reparaturworkshop_Patschenpicken_2-300x225.jpg 300w, https:\/\/www.radlobby.org\/noe\/wp-content\/uploads\/Reparaturworkshop_Patschenpicken_2-768x576.jpg 768w, https:\/\/www.radlobby.org\/noe\/wp-content\/uploads\/Reparaturworkshop_Patschenpicken_2-1536x1152.jpg 1536w, https:\/\/www.radlobby.org\/noe\/wp-content\/uploads\/Reparaturworkshop_Patschenpicken_2-2048x1536.jpg 2048w\" sizes=\"auto, (max-width: 300px) 100vw, 300px\" \/><\/p>\n<p>Ein gro\u00dfes Dankesch\u00f6n an die Firma PFLANZ! garten &amp; freiraum OG, 2120 Obersdorf, Hauptstra\u00dfe 16, die ihre R\u00e4umlichkeiten kostenlos zur Verf\u00fcgung stellte und nat\u00fcrlich auch an Alfred mit seiner fahrenden Werkstatt.<\/p>\n<p><a href=\"https:\/\/www.radlobby.org\/noe\/wp-content\/uploads\/Reparaturworkshop_13.jpg\" data-src=\"https:\/\/www.radlobby.org\/noe\/wp-content\/uploads\/Reparaturworkshop_13.jpg\" data-thumb=\"https:\/\/www.radlobby.org\/noe\/wp-content\/uploads\/Reparaturworkshop_13-300x225.jpg\" class=\"ml-lightbox-enabled\"> <img loading=\"lazy\" decoding=\"async\" class=\"alignnone wp-image-40302 size-medium\" src=\"https:\/\/www.radlobby.org\/noe\/wp-content\/uploads\/Reparaturworkshop_13-300x225.jpg\" alt=\"\" width=\"300\" height=\"225\" srcset=\"https:\/\/www.radlobby.org\/noe\/wp-content\/uploads\/Reparaturworkshop_13-300x225.jpg 300w, https:\/\/www.radlobby.org\/noe\/wp-content\/uploads\/Reparaturworkshop_13-768x576.jpg 768w, https:\/\/www.radlobby.org\/noe\/wp-content\/uploads\/Reparaturworkshop_13-1536x1152.jpg 1536w, https:\/\/www.radlobby.org\/noe\/wp-content\/uploads\/Reparaturworkshop_13-2048x1536.jpg 2048w\" sizes=\"auto, (max-width: 300px) 100vw, 300px\" \/><\/a><\/p>\n<p>&nbsp;<\/p>\n","protected":false},"excerpt":{"rendered":"<p>Die Radlobby Wolkersdorf veranstaltete mit Fahrradmechaniker Alfred Kratky am 25.4.2026 zwischen 10 und 12 Uhr einen Radreparaturworkshop. Da die Interessentinnen und Interessenten so nach und nach kamen, wurden diese mit ihren Anliegen und W\u00fcnschen individuell betreut. Zuerst wurde mit einer<\/p>\n","protected":false},"author":3,"featured_media":0,"comment_status":"closed","ping_status":"closed","sticky":false,"template":"","format":"standard","meta":{"footnotes":""},"categories":[16],"tags":[825,796,826,782,780,340],"class_list":["post-41886","post","type-post","status-publish","format-standard","hentry","category-wolkersdorf","tag-alfred-kratky","tag-kratky","tag-patschen-picken","tag-reparaturworkshop","tag-rreparatur","tag-workshop"],"yoast_head":"<!-- This site is optimized with the Yoast SEO plugin v26.9 - https:\/\/yoast.com\/product\/yoast-seo-wordpress\/ -->\n<title>Radreparaturworkshop - Radlobby Nieder\u00f6sterreich<\/title>\n<meta name=\"robots\" content=\"index, follow, max-snippet:-1, max-image-preview:large, max-video-preview:-1\" \/>\n<link rel=\"canonical\" href=\"https:\/\/www.radlobby.org\/noe\/radreparaturworkshop-2026\/\" \/>\n<meta property=\"og:locale\" content=\"de_DE\" \/>\n<meta property=\"og:type\" content=\"article\" \/>\n<meta property=\"og:title\" content=\"Radreparaturworkshop - Radlobby Nieder\u00f6sterreich\" \/>\n<meta property=\"og:description\" content=\"Die Radlobby Wolkersdorf veranstaltete mit Fahrradmechaniker Alfred Kratky am 25.4.2026 zwischen 10 und 12 Uhr einen Radreparaturworkshop. Da die Interessentinnen und Interessenten so nach und nach kamen, wurden diese mit ihren Anliegen und W\u00fcnschen individuell betreut. Zuerst wurde mit einer\" \/>\n<meta property=\"og:url\" content=\"https:\/\/www.radlobby.org\/noe\/radreparaturworkshop-2026\/\" \/>\n<meta property=\"og:site_name\" content=\"Radlobby Nieder\u00f6sterreich\" \/>\n<meta property=\"article:publisher\" content=\"https:\/\/www.facebook.com\/groups\/radfahren.in.noe\/\" \/>\n<meta property=\"article:published_time\" content=\"2026-04-26T09:58:03+00:00\" \/>\n<meta property=\"article:modified_time\" content=\"2026-04-26T10:04:23+00:00\" \/>\n<meta property=\"og:image\" content=\"https:\/\/www.radlobby.org\/noe\/wp-content\/uploads\/Reparaturworkshop_Schulung.jpg\" \/>\n\t<meta property=\"og:image:width\" content=\"1920\" \/>\n\t<meta property=\"og:image:height\" content=\"2560\" \/>\n\t<meta property=\"og:image:type\" content=\"image\/jpeg\" \/>\n<meta name=\"author\" content=\"Hermann Hiebner\" \/>\n<meta name=\"twitter:card\" content=\"summary_large_image\" \/>\n<meta name=\"twitter:label1\" content=\"Verfasst von\" \/>\n\t<meta name=\"twitter:data1\" content=\"Hermann Hiebner\" \/>\n\t<meta name=\"twitter:label2\" content=\"Gesch\u00e4tzte Lesezeit\" \/>\n\t<meta name=\"twitter:data2\" content=\"4\u00a0Minuten\" \/>\n<script type=\"application\/ld+json\" class=\"yoast-schema-graph\">{\"@context\":\"https:\/\/schema.org\",\"@graph\":[{\"@type\":\"Article\",\"@id\":\"https:\/\/www.radlobby.org\/noe\/radreparaturworkshop-2026\/#article\",\"isPartOf\":{\"@id\":\"https:\/\/www.radlobby.org\/noe\/radreparaturworkshop-2026\/\"},\"author\":{\"name\":\"Hermann Hiebner\",\"@id\":\"https:\/\/www.radlobby.org\/noe\/#\/schema\/person\/c91605b70aca449bea4cb27190b0dbe2\"},\"headline\":\"Radreparaturworkshop\",\"datePublished\":\"2026-04-26T09:58:03+00:00\",\"dateModified\":\"2026-04-26T10:04:23+00:00\",\"mainEntityOfPage\":{\"@id\":\"https:\/\/www.radlobby.org\/noe\/radreparaturworkshop-2026\/\"},\"wordCount\":188,\"publisher\":{\"@id\":\"https:\/\/www.radlobby.org\/noe\/#organization\"},\"image\":{\"@id\":\"https:\/\/www.radlobby.org\/noe\/radreparaturworkshop-2026\/#primaryimage\"},\"thumbnailUrl\":\"https:\/\/www.radlobby.org\/noe\/wp-content\/uploads\/Reparaturworkshop_Schulung-225x300.jpg\",\"keywords\":[\"Alfred Kratky\",\"Kratky\",\"Patschen picken\",\"REparaturworkshop\",\"Rreparatur\",\"workshop\"],\"articleSection\":[\"Radlobby Wolkersdorf\"],\"inLanguage\":\"de\"},{\"@type\":\"WebPage\",\"@id\":\"https:\/\/www.radlobby.org\/noe\/radreparaturworkshop-2026\/\",\"url\":\"https:\/\/www.radlobby.org\/noe\/radreparaturworkshop-2026\/\",\"name\":\"Radreparaturworkshop - Radlobby Nieder\u00f6sterreich\",\"isPartOf\":{\"@id\":\"https:\/\/www.radlobby.org\/noe\/#website\"},\"primaryImageOfPage\":{\"@id\":\"https:\/\/www.radlobby.org\/noe\/radreparaturworkshop-2026\/#primaryimage\"},\"image\":{\"@id\":\"https:\/\/www.radlobby.org\/noe\/radreparaturworkshop-2026\/#primaryimage\"},\"thumbnailUrl\":\"https:\/\/www.radlobby.org\/noe\/wp-content\/uploads\/Reparaturworkshop_Schulung-225x300.jpg\",\"datePublished\":\"2026-04-26T09:58:03+00:00\",\"dateModified\":\"2026-04-26T10:04:23+00:00\",\"breadcrumb\":{\"@id\":\"https:\/\/www.radlobby.org\/noe\/radreparaturworkshop-2026\/#breadcrumb\"},\"inLanguage\":\"de\",\"potentialAction\":[{\"@type\":\"ReadAction\",\"target\":[\"https:\/\/www.radlobby.org\/noe\/radreparaturworkshop-2026\/\"]}]},{\"@type\":\"ImageObject\",\"inLanguage\":\"de\",\"@id\":\"https:\/\/www.radlobby.org\/noe\/radreparaturworkshop-2026\/#primaryimage\",\"url\":\"https:\/\/www.radlobby.org\/noe\/wp-content\/uploads\/Reparaturworkshop_Schulung.jpg\",\"contentUrl\":\"https:\/\/www.radlobby.org\/noe\/wp-content\/uploads\/Reparaturworkshop_Schulung.jpg\",\"width\":1920,\"height\":2560},{\"@type\":\"BreadcrumbList\",\"@id\":\"https:\/\/www.radlobby.org\/noe\/radreparaturworkshop-2026\/#breadcrumb\",\"itemListElement\":[{\"@type\":\"ListItem\",\"position\":1,\"name\":\"Startseite\",\"item\":\"https:\/\/www.radlobby.org\/noe\/\"},{\"@type\":\"ListItem\",\"position\":2,\"name\":\"Radreparaturworkshop\"}]},{\"@type\":\"WebSite\",\"@id\":\"https:\/\/www.radlobby.org\/noe\/#website\",\"url\":\"https:\/\/www.radlobby.org\/noe\/\",\"name\":\"Radlobby Nieder\u00f6sterreich\",\"description\":\"Radverkehr, Fahrrad, Radfahren, Radreisen, Radtouren, Radweg\",\"publisher\":{\"@id\":\"https:\/\/www.radlobby.org\/noe\/#organization\"},\"potentialAction\":[{\"@type\":\"SearchAction\",\"target\":{\"@type\":\"EntryPoint\",\"urlTemplate\":\"https:\/\/www.radlobby.org\/noe\/?s={search_term_string}\"},\"query-input\":{\"@type\":\"PropertyValueSpecification\",\"valueRequired\":true,\"valueName\":\"search_term_string\"}}],\"inLanguage\":\"de\"},{\"@type\":\"Organization\",\"@id\":\"https:\/\/www.radlobby.org\/noe\/#organization\",\"name\":\"Radlobby Nieder\u00f6sterreich\",\"url\":\"https:\/\/www.radlobby.org\/noe\/\",\"logo\":{\"@type\":\"ImageObject\",\"inLanguage\":\"de\",\"@id\":\"https:\/\/www.radlobby.org\/noe\/#\/schema\/logo\/image\/\",\"url\":\"https:\/\/www.radlobby.org\/noe\/wp-content\/uploads\/2017\/01\/cropped-Logo_Radlobby_Niederoesterreich_50-400px_quer-1.jpg\",\"contentUrl\":\"https:\/\/www.radlobby.org\/noe\/wp-content\/uploads\/2017\/01\/cropped-Logo_Radlobby_Niederoesterreich_50-400px_quer-1.jpg\",\"width\":450,\"height\":124,\"caption\":\"Radlobby Nieder\u00f6sterreich\"},\"image\":{\"@id\":\"https:\/\/www.radlobby.org\/noe\/#\/schema\/logo\/image\/\"},\"sameAs\":[\"https:\/\/www.facebook.com\/groups\/radfahren.in.noe\/\"]},{\"@type\":\"Person\",\"@id\":\"https:\/\/www.radlobby.org\/noe\/#\/schema\/person\/c91605b70aca449bea4cb27190b0dbe2\",\"name\":\"Hermann Hiebner\",\"image\":{\"@type\":\"ImageObject\",\"inLanguage\":\"de\",\"@id\":\"https:\/\/www.radlobby.org\/noe\/#\/schema\/person\/image\/\",\"url\":\"https:\/\/secure.gravatar.com\/avatar\/d9d442cd70d260be25a46bab5f85206043aabce00da594192c593e7d4fc65f72?s=96&d=mm&r=g\",\"contentUrl\":\"https:\/\/secure.gravatar.com\/avatar\/d9d442cd70d260be25a46bab5f85206043aabce00da594192c593e7d4fc65f72?s=96&d=mm&r=g\",\"caption\":\"Hermann Hiebner\"},\"url\":\"https:\/\/www.radlobby.org\/noe\/author\/hermannhiebner\/\"}]}<\/script>\n<!-- \/ Yoast SEO plugin. -->","yoast_head_json":{"title":"Radreparaturworkshop - Radlobby Nieder\u00f6sterreich","robots":{"index":"index","follow":"follow","max-snippet":"max-snippet:-1","max-image-preview":"max-image-preview:large","max-video-preview":"max-video-preview:-1"},"canonical":"https:\/\/www.radlobby.org\/noe\/radreparaturworkshop-2026\/","og_locale":"de_DE","og_type":"article","og_title":"Radreparaturworkshop - Radlobby Nieder\u00f6sterreich","og_description":"Die Radlobby Wolkersdorf veranstaltete mit Fahrradmechaniker Alfred Kratky am 25.4.2026 zwischen 10 und 12 Uhr einen Radreparaturworkshop. Da die Interessentinnen und Interessenten so nach und nach kamen, wurden diese mit ihren Anliegen und W\u00fcnschen individuell betreut. Zuerst wurde mit einer","og_url":"https:\/\/www.radlobby.org\/noe\/radreparaturworkshop-2026\/","og_site_name":"Radlobby Nieder\u00f6sterreich","article_publisher":"https:\/\/www.facebook.com\/groups\/radfahren.in.noe\/","article_published_time":"2026-04-26T09:58:03+00:00","article_modified_time":"2026-04-26T10:04:23+00:00","og_image":[{"width":1920,"height":2560,"url":"https:\/\/www.radlobby.org\/noe\/wp-content\/uploads\/Reparaturworkshop_Schulung.jpg","type":"image\/jpeg"}],"author":"Hermann Hiebner","twitter_card":"summary_large_image","twitter_misc":{"Verfasst von":"Hermann Hiebner","Gesch\u00e4tzte Lesezeit":"4\u00a0Minuten"},"schema":{"@context":"https:\/\/schema.org","@graph":[{"@type":"Article","@id":"https:\/\/www.radlobby.org\/noe\/radreparaturworkshop-2026\/#article","isPartOf":{"@id":"https:\/\/www.radlobby.org\/noe\/radreparaturworkshop-2026\/"},"author":{"name":"Hermann Hiebner","@id":"https:\/\/www.radlobby.org\/noe\/#\/schema\/person\/c91605b70aca449bea4cb27190b0dbe2"},"headline":"Radreparaturworkshop","datePublished":"2026-04-26T09:58:03+00:00","dateModified":"2026-04-26T10:04:23+00:00","mainEntityOfPage":{"@id":"https:\/\/www.radlobby.org\/noe\/radreparaturworkshop-2026\/"},"wordCount":188,"publisher":{"@id":"https:\/\/www.radlobby.org\/noe\/#organization"},"image":{"@id":"https:\/\/www.radlobby.org\/noe\/radreparaturworkshop-2026\/#primaryimage"},"thumbnailUrl":"https:\/\/www.radlobby.org\/noe\/wp-content\/uploads\/Reparaturworkshop_Schulung-225x300.jpg","keywords":["Alfred Kratky","Kratky","Patschen picken","REparaturworkshop","Rreparatur","workshop"],"articleSection":["Radlobby Wolkersdorf"],"inLanguage":"de"},{"@type":"WebPage","@id":"https:\/\/www.radlobby.org\/noe\/radreparaturworkshop-2026\/","url":"https:\/\/www.radlobby.org\/noe\/radreparaturworkshop-2026\/","name":"Radreparaturworkshop - Radlobby Nieder\u00f6sterreich","isPartOf":{"@id":"https:\/\/www.radlobby.org\/noe\/#website"},"primaryImageOfPage":{"@id":"https:\/\/www.radlobby.org\/noe\/radreparaturworkshop-2026\/#primaryimage"},"image":{"@id":"https:\/\/www.radlobby.org\/noe\/radreparaturworkshop-2026\/#primaryimage"},"thumbnailUrl":"https:\/\/www.radlobby.org\/noe\/wp-content\/uploads\/Reparaturworkshop_Schulung-225x300.jpg","datePublished":"2026-04-26T09:58:03+00:00","dateModified":"2026-04-26T10:04:23+00:00","breadcrumb":{"@id":"https:\/\/www.radlobby.org\/noe\/radreparaturworkshop-2026\/#breadcrumb"},"inLanguage":"de","potentialAction":[{"@type":"ReadAction","target":["https:\/\/www.radlobby.org\/noe\/radreparaturworkshop-2026\/"]}]},{"@type":"ImageObject","inLanguage":"de","@id":"https:\/\/www.radlobby.org\/noe\/radreparaturworkshop-2026\/#primaryimage","url":"https:\/\/www.radlobby.org\/noe\/wp-content\/uploads\/Reparaturworkshop_Schulung.jpg","contentUrl":"https:\/\/www.radlobby.org\/noe\/wp-content\/uploads\/Reparaturworkshop_Schulung.jpg","width":1920,"height":2560},{"@type":"BreadcrumbList","@id":"https:\/\/www.radlobby.org\/noe\/radreparaturworkshop-2026\/#breadcrumb","itemListElement":[{"@type":"ListItem","position":1,"name":"Startseite","item":"https:\/\/www.radlobby.org\/noe\/"},{"@type":"ListItem","position":2,"name":"Radreparaturworkshop"}]},{"@type":"WebSite","@id":"https:\/\/www.radlobby.org\/noe\/#website","url":"https:\/\/www.radlobby.org\/noe\/","name":"Radlobby Nieder\u00f6sterreich","description":"Radverkehr, Fahrrad, Radfahren, Radreisen, Radtouren, Radweg","publisher":{"@id":"https:\/\/www.radlobby.org\/noe\/#organization"},"potentialAction":[{"@type":"SearchAction","target":{"@type":"EntryPoint","urlTemplate":"https:\/\/www.radlobby.org\/noe\/?s={search_term_string}"},"query-input":{"@type":"PropertyValueSpecification","valueRequired":true,"valueName":"search_term_string"}}],"inLanguage":"de"},{"@type":"Organization","@id":"https:\/\/www.radlobby.org\/noe\/#organization","name":"Radlobby Nieder\u00f6sterreich","url":"https:\/\/www.radlobby.org\/noe\/","logo":{"@type":"ImageObject","inLanguage":"de","@id":"https:\/\/www.radlobby.org\/noe\/#\/schema\/logo\/image\/","url":"https:\/\/www.radlobby.org\/noe\/wp-content\/uploads\/2017\/01\/cropped-Logo_Radlobby_Niederoesterreich_50-400px_quer-1.jpg","contentUrl":"https:\/\/www.radlobby.org\/noe\/wp-content\/uploads\/2017\/01\/cropped-Logo_Radlobby_Niederoesterreich_50-400px_quer-1.jpg","width":450,"height":124,"caption":"Radlobby Nieder\u00f6sterreich"},"image":{"@id":"https:\/\/www.radlobby.org\/noe\/#\/schema\/logo\/image\/"},"sameAs":["https:\/\/www.facebook.com\/groups\/radfahren.in.noe\/"]},{"@type":"Person","@id":"https:\/\/www.radlobby.org\/noe\/#\/schema\/person\/c91605b70aca449bea4cb27190b0dbe2","name":"Hermann Hiebner","image":{"@type":"ImageObject","inLanguage":"de","@id":"https:\/\/www.radlobby.org\/noe\/#\/schema\/person\/image\/","url":"https:\/\/secure.gravatar.com\/avatar\/d9d442cd70d260be25a46bab5f85206043aabce00da594192c593e7d4fc65f72?s=96&d=mm&r=g","contentUrl":"https:\/\/secure.gravatar.com\/avatar\/d9d442cd70d260be25a46bab5f85206043aabce00da594192c593e7d4fc65f72?s=96&d=mm&r=g","caption":"Hermann Hiebner"},"url":"https:\/\/www.radlobby.org\/noe\/author\/hermannhiebner\/"}]}},"_links":{"self":[{"href":"https:\/\/www.radlobby.org\/noe\/wp-json\/wp\/v2\/posts\/41886","targetHints":{"allow":["GET"]}}],"collection":[{"href":"https:\/\/www.radlobby.org\/noe\/wp-json\/wp\/v2\/posts"}],"about":[{"href":"https:\/\/www.radlobby.org\/noe\/wp-json\/wp\/v2\/types\/post"}],"author":[{"embeddable":true,"href":"https:\/\/www.radlobby.org\/noe\/wp-json\/wp\/v2\/users\/3"}],"replies":[{"embeddable":true,"href":"https:\/\/www.radlobby.org\/noe\/wp-json\/wp\/v2\/comments?post=41886"}],"version-history":[{"count":6,"href":"https:\/\/www.radlobby.org\/noe\/wp-json\/wp\/v2\/posts\/41886\/revisions"}],"predecessor-version":[{"id":41902,"href":"https:\/\/www.radlobby.org\/noe\/wp-json\/wp\/v2\/posts\/41886\/revisions\/41902"}],"wp:attachment":[{"href":"https:\/\/www.radlobby.org\/noe\/wp-json\/wp\/v2\/media?parent=41886"}],"wp:term":[{"taxonomy":"category","embeddable":true,"href":"https:\/\/www.radlobby.org\/noe\/wp-json\/wp\/v2\/categories?post=41886"},{"taxonomy":"post_tag","embeddable":true,"href":"https:\/\/www.radlobby.org\/noe\/wp-json\/wp\/v2\/tags?post=41886"}],"curies":[{"name":"wp","href":"https:\/\/api.w.org\/{rel}","templated":true}]}}