{"id":41877,"date":"2026-04-21T21:03:02","date_gmt":"2026-04-21T19:03:02","guid":{"rendered":"https:\/\/www.radlobby.org\/noe\/?p=41877"},"modified":"2026-04-21T21:03:02","modified_gmt":"2026-04-21T19:03:02","slug":"kidical-mass-amstetten-2025-2","status":"publish","type":"post","link":"https:\/\/www.radlobby.org\/noe\/kidical-mass-amstetten-2025-2\/","title":{"rendered":"4. Kinderradparade &#8220;Kidical Mass&#8221; in Amstetten"},"content":{"rendered":"<h4>Kidical Mass &#8211; Kinder und Erwachsene treten f\u00fcr sichere Radwege in die Pedale<\/h4>\n<p>Am Samstag, den 09. Mai 2026, findet die 4. Kidical Mass (Kinder-Radparade) in Amstetten statt. Im Mittelpunkt stehen bei dieser Radparade Kinder und eine kindgerechte Mobilit\u00e4t. Abfahrt ist um 15:00 Uhr am Hauptplatz in Amstetten Bereits ab 14:00 Uhr findet ein Rahmenprogramm statt.<\/p>\n<p><img loading=\"lazy\" decoding=\"async\" class=\"alignright wp-image-35609 size-medium\" src=\"https:\/\/www.radlobby.org\/noe\/wp-content\/uploads\/IMG_20240504_154606-225x300.jpg\" alt=\"\" width=\"225\" height=\"300\" srcset=\"https:\/\/www.radlobby.org\/noe\/wp-content\/uploads\/IMG_20240504_154606-225x300.jpg 225w, https:\/\/www.radlobby.org\/noe\/wp-content\/uploads\/IMG_20240504_154606-768x1024.jpg 768w, https:\/\/www.radlobby.org\/noe\/wp-content\/uploads\/IMG_20240504_154606-1152x1536.jpg 1152w, https:\/\/www.radlobby.org\/noe\/wp-content\/uploads\/IMG_20240504_154606-1536x2048.jpg 1536w, https:\/\/www.radlobby.org\/noe\/wp-content\/uploads\/IMG_20240504_154606-scaled.jpg 1920w\" sizes=\"auto, (max-width: 225px) 100vw, 225px\" \/><\/p>\n<p>Eine sichere Radinfrastruktur und die Entschleunigung des motorisierten Individualverkehrs sind Voraussetzungen f\u00fcr ein sicheres Fortbewegen und Freude an der Bewegung. Radfahren ist gesund und klimaschonend und daher die Mobilit\u00e4tsform der Zukunft. Die Kidical Mass macht im Besonderen auf die Bed\u00fcrfnisse von Kindern im Stra\u00dfenverkehr aufmerksam &#8211; mit viel Freude, Spa\u00df und Musik werden dabei die Stra\u00dfen erobert.<\/p>\n<p>Bei der rund 5 Kilometer langen Fahrradparade sichert die Polizei die Wege. Mitmachen k\u00f6nnen alle Kinder, Eltern, Gro\u00dfeltern, Verwandte und Freund:innen. F\u00fcr alle teilnehmenden Kinder &#8211; egal ob mit dem eigenen Fahrrad, Laufrad, Tretroller, auf einem Kindersitz oder am Lastenrad mitfahrend &#8211; gibt es am Ende ein Eis. Gerne d\u00fcrfen die Kinder w\u00e4hrend der Fahrt durch Klingeln, Hupen und Tr\u00f6ten auf sich aufmerksam machen.<\/p>\n<p>Die Ortsgruppe Amstetten der Radlobby Amstetten N\u00d6 (&#8220;Radlobby Amstetten&#8221;) setzt sich f\u00fcr bessere Bedingungen der aktiven Mobilit\u00e4t in der Region ein. Monatlich findet ein Treffen zum Austausch zu Mobilit\u00e4tsthemen und zur Planung gemeinsamer Radausfl\u00fcge und weiterer Veranstaltungen statt.<\/p>\n<p><img loading=\"lazy\" decoding=\"async\" class=\"alignnone wp-image-41878 size-medium\" src=\"https:\/\/www.radlobby.org\/noe\/wp-content\/uploads\/1-1-213x300.png\" alt=\"\" width=\"213\" height=\"300\" srcset=\"https:\/\/www.radlobby.org\/noe\/wp-content\/uploads\/1-1-213x300.png 213w, https:\/\/www.radlobby.org\/noe\/wp-content\/uploads\/1-1-768x1083.png 768w, https:\/\/www.radlobby.org\/noe\/wp-content\/uploads\/1-1-1090x1536.png 1090w, https:\/\/www.radlobby.org\/noe\/wp-content\/uploads\/1-1.png 1240w\" sizes=\"auto, (max-width: 213px) 100vw, 213px\" \/> <img loading=\"lazy\" decoding=\"async\" class=\"alignnone wp-image-41879 size-medium\" src=\"https:\/\/www.radlobby.org\/noe\/wp-content\/uploads\/21-213x300.png\" alt=\"\" width=\"213\" height=\"300\" srcset=\"https:\/\/www.radlobby.org\/noe\/wp-content\/uploads\/21-213x300.png 213w, https:\/\/www.radlobby.org\/noe\/wp-content\/uploads\/21-768x1083.png 768w, https:\/\/www.radlobby.org\/noe\/wp-content\/uploads\/21-1090x1536.png 1090w, https:\/\/www.radlobby.org\/noe\/wp-content\/uploads\/21.png 1240w\" sizes=\"auto, (max-width: 213px) 100vw, 213px\" \/><\/p>\n","protected":false},"excerpt":{"rendered":"<p>Kidical Mass &#8211; Kinder und Erwachsene treten f\u00fcr sichere Radwege in die Pedale Am Samstag, den 09. Mai 2026, findet die 4. Kidical Mass (Kinder-Radparade) in Amstetten statt. Im Mittelpunkt stehen bei dieser Radparade Kinder und eine kindgerechte Mobilit\u00e4t. Abfahrt<\/p>\n","protected":false},"author":84,"featured_media":0,"comment_status":"closed","ping_status":"closed","sticky":false,"template":"","format":"standard","meta":{"footnotes":""},"categories":[579],"tags":[],"class_list":["post-41877","post","type-post","status-publish","format-standard","hentry","category-amstetten"],"yoast_head":"<!-- This site is optimized with the Yoast SEO plugin v26.9 - https:\/\/yoast.com\/product\/yoast-seo-wordpress\/ -->\n<title>4. Kinderradparade &quot;Kidical Mass&quot; in Amstetten - Radlobby Nieder\u00f6sterreich<\/title>\n<meta name=\"robots\" content=\"index, follow, max-snippet:-1, max-image-preview:large, max-video-preview:-1\" \/>\n<link rel=\"canonical\" href=\"https:\/\/www.radlobby.org\/noe\/kidical-mass-amstetten-2025-2\/\" \/>\n<meta property=\"og:locale\" content=\"de_DE\" \/>\n<meta property=\"og:type\" content=\"article\" \/>\n<meta property=\"og:title\" content=\"4. Kinderradparade &quot;Kidical Mass&quot; in Amstetten - Radlobby Nieder\u00f6sterreich\" \/>\n<meta property=\"og:description\" content=\"Kidical Mass &#8211; Kinder und Erwachsene treten f\u00fcr sichere Radwege in die Pedale Am Samstag, den 09. Mai 2026, findet die 4. Kidical Mass (Kinder-Radparade) in Amstetten statt. Im Mittelpunkt stehen bei dieser Radparade Kinder und eine kindgerechte Mobilit\u00e4t. Abfahrt\" \/>\n<meta property=\"og:url\" content=\"https:\/\/www.radlobby.org\/noe\/kidical-mass-amstetten-2025-2\/\" \/>\n<meta property=\"og:site_name\" content=\"Radlobby Nieder\u00f6sterreich\" \/>\n<meta property=\"article:publisher\" content=\"https:\/\/www.facebook.com\/groups\/radfahren.in.noe\/\" \/>\n<meta property=\"article:published_time\" content=\"2026-04-21T19:03:02+00:00\" \/>\n<meta property=\"og:image\" content=\"https:\/\/www.radlobby.org\/noe\/wp-content\/uploads\/IMG_20240504_154606-scaled.jpg\" \/>\n\t<meta property=\"og:image:width\" content=\"1920\" \/>\n\t<meta property=\"og:image:height\" content=\"2560\" \/>\n\t<meta property=\"og:image:type\" content=\"image\/jpeg\" \/>\n<meta name=\"author\" content=\"Gudrun Offenberger\" \/>\n<meta name=\"twitter:card\" content=\"summary_large_image\" \/>\n<meta name=\"twitter:label1\" content=\"Verfasst von\" \/>\n\t<meta name=\"twitter:data1\" content=\"Gudrun Offenberger\" \/>\n\t<meta name=\"twitter:label2\" content=\"Gesch\u00e4tzte Lesezeit\" \/>\n\t<meta name=\"twitter:data2\" content=\"2\u00a0Minuten\" \/>\n<script type=\"application\/ld+json\" class=\"yoast-schema-graph\">{\"@context\":\"https:\/\/schema.org\",\"@graph\":[{\"@type\":\"Article\",\"@id\":\"https:\/\/www.radlobby.org\/noe\/kidical-mass-amstetten-2025-2\/#article\",\"isPartOf\":{\"@id\":\"https:\/\/www.radlobby.org\/noe\/kidical-mass-amstetten-2025-2\/\"},\"author\":{\"name\":\"Gudrun Offenberger\",\"@id\":\"https:\/\/www.radlobby.org\/noe\/#\/schema\/person\/abe4cc057351c6dee4e8dbe4848395a9\"},\"headline\":\"4. Kinderradparade &#8220;Kidical Mass&#8221; in Amstetten\",\"datePublished\":\"2026-04-21T19:03:02+00:00\",\"mainEntityOfPage\":{\"@id\":\"https:\/\/www.radlobby.org\/noe\/kidical-mass-amstetten-2025-2\/\"},\"wordCount\":232,\"publisher\":{\"@id\":\"https:\/\/www.radlobby.org\/noe\/#organization\"},\"image\":{\"@id\":\"https:\/\/www.radlobby.org\/noe\/kidical-mass-amstetten-2025-2\/#primaryimage\"},\"thumbnailUrl\":\"https:\/\/www.radlobby.org\/noe\/wp-content\/uploads\/IMG_20240504_154606-225x300.jpg\",\"articleSection\":[\"Radlobby Amstetten\"],\"inLanguage\":\"de\"},{\"@type\":\"WebPage\",\"@id\":\"https:\/\/www.radlobby.org\/noe\/kidical-mass-amstetten-2025-2\/\",\"url\":\"https:\/\/www.radlobby.org\/noe\/kidical-mass-amstetten-2025-2\/\",\"name\":\"4. Kinderradparade \\\"Kidical Mass\\\" in Amstetten - Radlobby Nieder\u00f6sterreich\",\"isPartOf\":{\"@id\":\"https:\/\/www.radlobby.org\/noe\/#website\"},\"primaryImageOfPage\":{\"@id\":\"https:\/\/www.radlobby.org\/noe\/kidical-mass-amstetten-2025-2\/#primaryimage\"},\"image\":{\"@id\":\"https:\/\/www.radlobby.org\/noe\/kidical-mass-amstetten-2025-2\/#primaryimage\"},\"thumbnailUrl\":\"https:\/\/www.radlobby.org\/noe\/wp-content\/uploads\/IMG_20240504_154606-225x300.jpg\",\"datePublished\":\"2026-04-21T19:03:02+00:00\",\"breadcrumb\":{\"@id\":\"https:\/\/www.radlobby.org\/noe\/kidical-mass-amstetten-2025-2\/#breadcrumb\"},\"inLanguage\":\"de\",\"potentialAction\":[{\"@type\":\"ReadAction\",\"target\":[\"https:\/\/www.radlobby.org\/noe\/kidical-mass-amstetten-2025-2\/\"]}]},{\"@type\":\"ImageObject\",\"inLanguage\":\"de\",\"@id\":\"https:\/\/www.radlobby.org\/noe\/kidical-mass-amstetten-2025-2\/#primaryimage\",\"url\":\"https:\/\/www.radlobby.org\/noe\/wp-content\/uploads\/IMG_20240504_154606-scaled.jpg\",\"contentUrl\":\"https:\/\/www.radlobby.org\/noe\/wp-content\/uploads\/IMG_20240504_154606-scaled.jpg\",\"width\":1920,\"height\":2560},{\"@type\":\"BreadcrumbList\",\"@id\":\"https:\/\/www.radlobby.org\/noe\/kidical-mass-amstetten-2025-2\/#breadcrumb\",\"itemListElement\":[{\"@type\":\"ListItem\",\"position\":1,\"name\":\"Startseite\",\"item\":\"https:\/\/www.radlobby.org\/noe\/\"},{\"@type\":\"ListItem\",\"position\":2,\"name\":\"4. Kinderradparade &#8220;Kidical Mass&#8221; in Amstetten\"}]},{\"@type\":\"WebSite\",\"@id\":\"https:\/\/www.radlobby.org\/noe\/#website\",\"url\":\"https:\/\/www.radlobby.org\/noe\/\",\"name\":\"Radlobby Nieder\u00f6sterreich\",\"description\":\"Radverkehr, Fahrrad, Radfahren, Radreisen, Radtouren, Radweg\",\"publisher\":{\"@id\":\"https:\/\/www.radlobby.org\/noe\/#organization\"},\"potentialAction\":[{\"@type\":\"SearchAction\",\"target\":{\"@type\":\"EntryPoint\",\"urlTemplate\":\"https:\/\/www.radlobby.org\/noe\/?s={search_term_string}\"},\"query-input\":{\"@type\":\"PropertyValueSpecification\",\"valueRequired\":true,\"valueName\":\"search_term_string\"}}],\"inLanguage\":\"de\"},{\"@type\":\"Organization\",\"@id\":\"https:\/\/www.radlobby.org\/noe\/#organization\",\"name\":\"Radlobby Nieder\u00f6sterreich\",\"url\":\"https:\/\/www.radlobby.org\/noe\/\",\"logo\":{\"@type\":\"ImageObject\",\"inLanguage\":\"de\",\"@id\":\"https:\/\/www.radlobby.org\/noe\/#\/schema\/logo\/image\/\",\"url\":\"https:\/\/www.radlobby.org\/noe\/wp-content\/uploads\/2017\/01\/cropped-Logo_Radlobby_Niederoesterreich_50-400px_quer-1.jpg\",\"contentUrl\":\"https:\/\/www.radlobby.org\/noe\/wp-content\/uploads\/2017\/01\/cropped-Logo_Radlobby_Niederoesterreich_50-400px_quer-1.jpg\",\"width\":450,\"height\":124,\"caption\":\"Radlobby Nieder\u00f6sterreich\"},\"image\":{\"@id\":\"https:\/\/www.radlobby.org\/noe\/#\/schema\/logo\/image\/\"},\"sameAs\":[\"https:\/\/www.facebook.com\/groups\/radfahren.in.noe\/\"]},{\"@type\":\"Person\",\"@id\":\"https:\/\/www.radlobby.org\/noe\/#\/schema\/person\/abe4cc057351c6dee4e8dbe4848395a9\",\"name\":\"Gudrun Offenberger\",\"image\":{\"@type\":\"ImageObject\",\"inLanguage\":\"de\",\"@id\":\"https:\/\/www.radlobby.org\/noe\/#\/schema\/person\/image\/\",\"url\":\"https:\/\/secure.gravatar.com\/avatar\/c66bfe61fdccecc7f9751802016588863a245910730219992fd7a40edd2bf1db?s=96&d=mm&r=g\",\"contentUrl\":\"https:\/\/secure.gravatar.com\/avatar\/c66bfe61fdccecc7f9751802016588863a245910730219992fd7a40edd2bf1db?s=96&d=mm&r=g\",\"caption\":\"Gudrun Offenberger\"},\"url\":\"https:\/\/www.radlobby.org\/noe\/author\/gudrun-offenberger\/\"}]}<\/script>\n<!-- \/ Yoast SEO plugin. -->","yoast_head_json":{"title":"4. Kinderradparade \"Kidical Mass\" in Amstetten - Radlobby Nieder\u00f6sterreich","robots":{"index":"index","follow":"follow","max-snippet":"max-snippet:-1","max-image-preview":"max-image-preview:large","max-video-preview":"max-video-preview:-1"},"canonical":"https:\/\/www.radlobby.org\/noe\/kidical-mass-amstetten-2025-2\/","og_locale":"de_DE","og_type":"article","og_title":"4. Kinderradparade \"Kidical Mass\" in Amstetten - Radlobby Nieder\u00f6sterreich","og_description":"Kidical Mass &#8211; Kinder und Erwachsene treten f\u00fcr sichere Radwege in die Pedale Am Samstag, den 09. Mai 2026, findet die 4. Kidical Mass (Kinder-Radparade) in Amstetten statt. Im Mittelpunkt stehen bei dieser Radparade Kinder und eine kindgerechte Mobilit\u00e4t. Abfahrt","og_url":"https:\/\/www.radlobby.org\/noe\/kidical-mass-amstetten-2025-2\/","og_site_name":"Radlobby Nieder\u00f6sterreich","article_publisher":"https:\/\/www.facebook.com\/groups\/radfahren.in.noe\/","article_published_time":"2026-04-21T19:03:02+00:00","og_image":[{"width":1920,"height":2560,"url":"https:\/\/www.radlobby.org\/noe\/wp-content\/uploads\/IMG_20240504_154606-scaled.jpg","type":"image\/jpeg"}],"author":"Gudrun Offenberger","twitter_card":"summary_large_image","twitter_misc":{"Verfasst von":"Gudrun Offenberger","Gesch\u00e4tzte Lesezeit":"2\u00a0Minuten"},"schema":{"@context":"https:\/\/schema.org","@graph":[{"@type":"Article","@id":"https:\/\/www.radlobby.org\/noe\/kidical-mass-amstetten-2025-2\/#article","isPartOf":{"@id":"https:\/\/www.radlobby.org\/noe\/kidical-mass-amstetten-2025-2\/"},"author":{"name":"Gudrun Offenberger","@id":"https:\/\/www.radlobby.org\/noe\/#\/schema\/person\/abe4cc057351c6dee4e8dbe4848395a9"},"headline":"4. Kinderradparade &#8220;Kidical Mass&#8221; in Amstetten","datePublished":"2026-04-21T19:03:02+00:00","mainEntityOfPage":{"@id":"https:\/\/www.radlobby.org\/noe\/kidical-mass-amstetten-2025-2\/"},"wordCount":232,"publisher":{"@id":"https:\/\/www.radlobby.org\/noe\/#organization"},"image":{"@id":"https:\/\/www.radlobby.org\/noe\/kidical-mass-amstetten-2025-2\/#primaryimage"},"thumbnailUrl":"https:\/\/www.radlobby.org\/noe\/wp-content\/uploads\/IMG_20240504_154606-225x300.jpg","articleSection":["Radlobby Amstetten"],"inLanguage":"de"},{"@type":"WebPage","@id":"https:\/\/www.radlobby.org\/noe\/kidical-mass-amstetten-2025-2\/","url":"https:\/\/www.radlobby.org\/noe\/kidical-mass-amstetten-2025-2\/","name":"4. Kinderradparade \"Kidical Mass\" in Amstetten - Radlobby Nieder\u00f6sterreich","isPartOf":{"@id":"https:\/\/www.radlobby.org\/noe\/#website"},"primaryImageOfPage":{"@id":"https:\/\/www.radlobby.org\/noe\/kidical-mass-amstetten-2025-2\/#primaryimage"},"image":{"@id":"https:\/\/www.radlobby.org\/noe\/kidical-mass-amstetten-2025-2\/#primaryimage"},"thumbnailUrl":"https:\/\/www.radlobby.org\/noe\/wp-content\/uploads\/IMG_20240504_154606-225x300.jpg","datePublished":"2026-04-21T19:03:02+00:00","breadcrumb":{"@id":"https:\/\/www.radlobby.org\/noe\/kidical-mass-amstetten-2025-2\/#breadcrumb"},"inLanguage":"de","potentialAction":[{"@type":"ReadAction","target":["https:\/\/www.radlobby.org\/noe\/kidical-mass-amstetten-2025-2\/"]}]},{"@type":"ImageObject","inLanguage":"de","@id":"https:\/\/www.radlobby.org\/noe\/kidical-mass-amstetten-2025-2\/#primaryimage","url":"https:\/\/www.radlobby.org\/noe\/wp-content\/uploads\/IMG_20240504_154606-scaled.jpg","contentUrl":"https:\/\/www.radlobby.org\/noe\/wp-content\/uploads\/IMG_20240504_154606-scaled.jpg","width":1920,"height":2560},{"@type":"BreadcrumbList","@id":"https:\/\/www.radlobby.org\/noe\/kidical-mass-amstetten-2025-2\/#breadcrumb","itemListElement":[{"@type":"ListItem","position":1,"name":"Startseite","item":"https:\/\/www.radlobby.org\/noe\/"},{"@type":"ListItem","position":2,"name":"4. Kinderradparade &#8220;Kidical Mass&#8221; in Amstetten"}]},{"@type":"WebSite","@id":"https:\/\/www.radlobby.org\/noe\/#website","url":"https:\/\/www.radlobby.org\/noe\/","name":"Radlobby Nieder\u00f6sterreich","description":"Radverkehr, Fahrrad, Radfahren, Radreisen, Radtouren, Radweg","publisher":{"@id":"https:\/\/www.radlobby.org\/noe\/#organization"},"potentialAction":[{"@type":"SearchAction","target":{"@type":"EntryPoint","urlTemplate":"https:\/\/www.radlobby.org\/noe\/?s={search_term_string}"},"query-input":{"@type":"PropertyValueSpecification","valueRequired":true,"valueName":"search_term_string"}}],"inLanguage":"de"},{"@type":"Organization","@id":"https:\/\/www.radlobby.org\/noe\/#organization","name":"Radlobby Nieder\u00f6sterreich","url":"https:\/\/www.radlobby.org\/noe\/","logo":{"@type":"ImageObject","inLanguage":"de","@id":"https:\/\/www.radlobby.org\/noe\/#\/schema\/logo\/image\/","url":"https:\/\/www.radlobby.org\/noe\/wp-content\/uploads\/2017\/01\/cropped-Logo_Radlobby_Niederoesterreich_50-400px_quer-1.jpg","contentUrl":"https:\/\/www.radlobby.org\/noe\/wp-content\/uploads\/2017\/01\/cropped-Logo_Radlobby_Niederoesterreich_50-400px_quer-1.jpg","width":450,"height":124,"caption":"Radlobby Nieder\u00f6sterreich"},"image":{"@id":"https:\/\/www.radlobby.org\/noe\/#\/schema\/logo\/image\/"},"sameAs":["https:\/\/www.facebook.com\/groups\/radfahren.in.noe\/"]},{"@type":"Person","@id":"https:\/\/www.radlobby.org\/noe\/#\/schema\/person\/abe4cc057351c6dee4e8dbe4848395a9","name":"Gudrun Offenberger","image":{"@type":"ImageObject","inLanguage":"de","@id":"https:\/\/www.radlobby.org\/noe\/#\/schema\/person\/image\/","url":"https:\/\/secure.gravatar.com\/avatar\/c66bfe61fdccecc7f9751802016588863a245910730219992fd7a40edd2bf1db?s=96&d=mm&r=g","contentUrl":"https:\/\/secure.gravatar.com\/avatar\/c66bfe61fdccecc7f9751802016588863a245910730219992fd7a40edd2bf1db?s=96&d=mm&r=g","caption":"Gudrun Offenberger"},"url":"https:\/\/www.radlobby.org\/noe\/author\/gudrun-offenberger\/"}]}},"_links":{"self":[{"href":"https:\/\/www.radlobby.org\/noe\/wp-json\/wp\/v2\/posts\/41877","targetHints":{"allow":["GET"]}}],"collection":[{"href":"https:\/\/www.radlobby.org\/noe\/wp-json\/wp\/v2\/posts"}],"about":[{"href":"https:\/\/www.radlobby.org\/noe\/wp-json\/wp\/v2\/types\/post"}],"author":[{"embeddable":true,"href":"https:\/\/www.radlobby.org\/noe\/wp-json\/wp\/v2\/users\/84"}],"replies":[{"embeddable":true,"href":"https:\/\/www.radlobby.org\/noe\/wp-json\/wp\/v2\/comments?post=41877"}],"version-history":[{"count":1,"href":"https:\/\/www.radlobby.org\/noe\/wp-json\/wp\/v2\/posts\/41877\/revisions"}],"predecessor-version":[{"id":41880,"href":"https:\/\/www.radlobby.org\/noe\/wp-json\/wp\/v2\/posts\/41877\/revisions\/41880"}],"wp:attachment":[{"href":"https:\/\/www.radlobby.org\/noe\/wp-json\/wp\/v2\/media?parent=41877"}],"wp:term":[{"taxonomy":"category","embeddable":true,"href":"https:\/\/www.radlobby.org\/noe\/wp-json\/wp\/v2\/categories?post=41877"},{"taxonomy":"post_tag","embeddable":true,"href":"https:\/\/www.radlobby.org\/noe\/wp-json\/wp\/v2\/tags?post=41877"}],"curies":[{"name":"wp","href":"https:\/\/api.w.org\/{rel}","templated":true}]}}