{"id":41821,"date":"2026-04-19T16:28:37","date_gmt":"2026-04-19T14:28:37","guid":{"rendered":"https:\/\/www.radlobby.org\/noe\/?p=41821"},"modified":"2026-04-19T16:38:42","modified_gmt":"2026-04-19T14:38:42","slug":"kellergassenradtour-rund-um-wolkersdorf","status":"publish","type":"post","link":"https:\/\/www.radlobby.org\/noe\/kellergassenradtour-rund-um-wolkersdorf\/","title":{"rendered":"Kellergassenradtour rund um Wolkersdorf"},"content":{"rendered":"<h4>Weinviertler Kulturgut erfahren<\/h4>\n<p>Am Samstag, den 18. April 2026 haben 20 Teilnehmer*innen der Kellergassenradtour uriges Weinviertel im wahrsten Sinn des Wortes erfahren. Start war am Hauptplatz in Wolkersdorf.<\/p>\n<p><a href=\"https:\/\/www.radlobby.org\/noe\/wp-content\/uploads\/Kellergassenradtour_IMG-202604192.jpg\" data-src=\"https:\/\/www.radlobby.org\/noe\/wp-content\/uploads\/Kellergassenradtour_IMG-202604192.jpg\" data-thumb=\"https:\/\/www.radlobby.org\/noe\/wp-content\/uploads\/Kellergassenradtour_IMG-202604192-300x225.jpg\" class=\"ml-lightbox-enabled\"><img loading=\"lazy\" decoding=\"async\" class=\"alignnone wp-image-41844 size-medium\" src=\"https:\/\/www.radlobby.org\/noe\/wp-content\/uploads\/Kellergassenradtour_IMG-202604192-300x225.jpg\" alt=\"\" width=\"300\" height=\"225\" srcset=\"https:\/\/www.radlobby.org\/noe\/wp-content\/uploads\/Kellergassenradtour_IMG-202604192-300x225.jpg 300w, https:\/\/www.radlobby.org\/noe\/wp-content\/uploads\/Kellergassenradtour_IMG-202604192-768x576.jpg 768w, https:\/\/www.radlobby.org\/noe\/wp-content\/uploads\/Kellergassenradtour_IMG-202604192-1536x1153.jpg 1536w, https:\/\/www.radlobby.org\/noe\/wp-content\/uploads\/Kellergassenradtour_IMG-202604192.jpg 2048w\" sizes=\"auto, (max-width: 300px) 100vw, 300px\" \/><\/a> <a href=\"https:\/\/www.radlobby.org\/noe\/wp-content\/uploads\/Kellergassenradtour_IMG-20260419.jpg\" data-src=\"https:\/\/www.radlobby.org\/noe\/wp-content\/uploads\/Kellergassenradtour_IMG-20260419.jpg\" data-thumb=\"https:\/\/www.radlobby.org\/noe\/wp-content\/uploads\/Kellergassenradtour_IMG-20260419-300x225.jpg\" class=\"ml-lightbox-enabled\"><img loading=\"lazy\" decoding=\"async\" class=\"alignnone wp-image-41845 size-medium\" src=\"https:\/\/www.radlobby.org\/noe\/wp-content\/uploads\/Kellergassenradtour_IMG-20260419-300x225.jpg\" alt=\"\" width=\"300\" height=\"225\" srcset=\"https:\/\/www.radlobby.org\/noe\/wp-content\/uploads\/Kellergassenradtour_IMG-20260419-300x225.jpg 300w, https:\/\/www.radlobby.org\/noe\/wp-content\/uploads\/Kellergassenradtour_IMG-20260419-768x576.jpg 768w, https:\/\/www.radlobby.org\/noe\/wp-content\/uploads\/Kellergassenradtour_IMG-20260419-1536x1153.jpg 1536w, https:\/\/www.radlobby.org\/noe\/wp-content\/uploads\/Kellergassenradtour_IMG-20260419.jpg 2048w\" sizes=\"auto, (max-width: 300px) 100vw, 300px\" \/><\/a><\/p>\n<p>Gef\u00fchrt vom Kellergassenf\u00fchrer Herbert Kraus und begleitet von Hermann Hiebner und Jana Friedlmayer von der Radlobby Wolkersdorf hat die Gruppe <span class=\"gmail-il\">Kellergassen<\/span>\u00a0in Gro\u00dfebersdorf, Putzing und Eibesbrunn besucht.<\/p>\n<p>Bei einem kurzen Stopp am Dampfross-Drahtesel-Radweg erz\u00e4hlte Herbert Kraus lustige Geschichten aus seiner Zeit als Eisenbahnbediensteter sowie \u00fcber die letzten Jahre der Stammersdorfer Lokalbahn, die bis Dobermannsdorf f\u00fchrte.<\/p>\n<p><a href=\"https:\/\/www.radlobby.org\/noe\/wp-content\/uploads\/Kellergassenradtour_20260418_141043.jpg\" data-src=\"https:\/\/www.radlobby.org\/noe\/wp-content\/uploads\/Kellergassenradtour_20260418_141043.jpg\" data-thumb=\"https:\/\/www.radlobby.org\/noe\/wp-content\/uploads\/Kellergassenradtour_20260418_141043-300x225.jpg\" class=\"ml-lightbox-enabled\"><img loading=\"lazy\" decoding=\"async\" class=\"alignnone wp-image-41832 size-medium\" src=\"https:\/\/www.radlobby.org\/noe\/wp-content\/uploads\/Kellergassenradtour_20260418_141043-300x225.jpg\" alt=\"\" width=\"300\" height=\"225\" srcset=\"https:\/\/www.radlobby.org\/noe\/wp-content\/uploads\/Kellergassenradtour_20260418_141043-300x225.jpg 300w, https:\/\/www.radlobby.org\/noe\/wp-content\/uploads\/Kellergassenradtour_20260418_141043-768x576.jpg 768w, https:\/\/www.radlobby.org\/noe\/wp-content\/uploads\/Kellergassenradtour_20260418_141043-1536x1152.jpg 1536w, https:\/\/www.radlobby.org\/noe\/wp-content\/uploads\/Kellergassenradtour_20260418_141043.jpg 2000w\" sizes=\"auto, (max-width: 300px) 100vw, 300px\" \/><\/a> <a href=\"https:\/\/www.radlobby.org\/noe\/wp-content\/uploads\/Kellergassenradtour_20260418_141356.jpg\" data-src=\"https:\/\/www.radlobby.org\/noe\/wp-content\/uploads\/Kellergassenradtour_20260418_141356.jpg\" data-thumb=\"https:\/\/www.radlobby.org\/noe\/wp-content\/uploads\/Kellergassenradtour_20260418_141356-300x225.jpg\" class=\"ml-lightbox-enabled\"><img loading=\"lazy\" decoding=\"async\" class=\"alignnone wp-image-41833 size-medium\" src=\"https:\/\/www.radlobby.org\/noe\/wp-content\/uploads\/Kellergassenradtour_20260418_141356-300x225.jpg\" alt=\"\" width=\"300\" height=\"225\" srcset=\"https:\/\/www.radlobby.org\/noe\/wp-content\/uploads\/Kellergassenradtour_20260418_141356-300x225.jpg 300w, https:\/\/www.radlobby.org\/noe\/wp-content\/uploads\/Kellergassenradtour_20260418_141356-768x576.jpg 768w, https:\/\/www.radlobby.org\/noe\/wp-content\/uploads\/Kellergassenradtour_20260418_141356-1536x1152.jpg 1536w, https:\/\/www.radlobby.org\/noe\/wp-content\/uploads\/Kellergassenradtour_20260418_141356.jpg 2000w\" sizes=\"auto, (max-width: 300px) 100vw, 300px\" \/><\/a> <a href=\"https:\/\/www.radlobby.org\/noe\/wp-content\/uploads\/Kellergassenradtour_20260418_141639.jpg\" data-src=\"https:\/\/www.radlobby.org\/noe\/wp-content\/uploads\/Kellergassenradtour_20260418_141639.jpg\" data-thumb=\"https:\/\/www.radlobby.org\/noe\/wp-content\/uploads\/Kellergassenradtour_20260418_141639-300x238.jpg\" class=\"ml-lightbox-enabled\"><img loading=\"lazy\" decoding=\"async\" class=\"alignnone wp-image-41834 size-medium\" src=\"https:\/\/www.radlobby.org\/noe\/wp-content\/uploads\/Kellergassenradtour_20260418_141639-300x238.jpg\" alt=\"\" width=\"300\" height=\"238\" srcset=\"https:\/\/www.radlobby.org\/noe\/wp-content\/uploads\/Kellergassenradtour_20260418_141639-300x238.jpg 300w, https:\/\/www.radlobby.org\/noe\/wp-content\/uploads\/Kellergassenradtour_20260418_141639-768x610.jpg 768w, https:\/\/www.radlobby.org\/noe\/wp-content\/uploads\/Kellergassenradtour_20260418_141639-1536x1219.jpg 1536w, https:\/\/www.radlobby.org\/noe\/wp-content\/uploads\/Kellergassenradtour_20260418_141639.jpg 1890w\" sizes=\"auto, (max-width: 300px) 100vw, 300px\" \/><\/a><\/p>\n<p>Herbert Kraus hat die Besonderheiten der Weinviertler <span class=\"gmail-il\">Keller<\/span>\u00a0und Pressh\u00e4user erkl\u00e4rt:<\/p>\n<p>Dabei erfuhren die Teilnehmer*innen, dass die Kellergassen mit der Bauernbefreiung im 18. und 19. Jahrhundert\u00a0 entstanden. Die Bauernbefreiung ist die mehr als hundert Jahre dauernde Abl\u00f6sung der pers\u00f6nlichen Verpflichtungen der Bauern gegen\u00fcber ihren und Grund- und Leibherren. Typische Weinviertler Keller sind Pressh\u00e4user mit Kellerr\u00f6hren. In den Pressh\u00e4usern wurden die Trauben gepresst und dann in Holzf\u00e4ssern in den Kellerr\u00f6hren gelagert. Die Pressh\u00e4user sind typischerweise patschokiert, das hei\u00dft mit einer Mischung von Kalk und M\u00f6rtel oder Lehm bestrichen und wei\u00df gekalkt D\u00e4cher waren fr\u00fcher aus Stroh, sp\u00e4ter aus Tondachziegeln, wobei im Weinviertel die Wiener Tasche vorherrschend war. Sie hatten keine Dachrinnen. Einfache Bauern hatten nur eine Kellerr\u00f6hre mit einer sogenannten Vorkappe. Sie lie\u00dfen die Trauben bei anderen Bauern pressen und lagerten den Wein dann im eigenen Keller.<\/p>\n<p><a href=\"https:\/\/www.radlobby.org\/noe\/wp-content\/uploads\/20211002_Kellergassentour_30.jpg\" data-src=\"https:\/\/www.radlobby.org\/noe\/wp-content\/uploads\/20211002_Kellergassentour_30.jpg\" data-thumb=\"https:\/\/www.radlobby.org\/noe\/wp-content\/uploads\/20211002_Kellergassentour_30-300x225.jpg\" class=\"ml-lightbox-enabled\"><img loading=\"lazy\" decoding=\"async\" class=\"alignnone wp-image-20583 size-medium\" src=\"https:\/\/www.radlobby.org\/noe\/wp-content\/uploads\/20211002_Kellergassentour_30-300x225.jpg\" alt=\"\" width=\"300\" height=\"225\" srcset=\"https:\/\/www.radlobby.org\/noe\/wp-content\/uploads\/20211002_Kellergassentour_30-300x225.jpg 300w, https:\/\/www.radlobby.org\/noe\/wp-content\/uploads\/20211002_Kellergassentour_30-768x576.jpg 768w, https:\/\/www.radlobby.org\/noe\/wp-content\/uploads\/20211002_Kellergassentour_30-1536x1152.jpg 1536w, https:\/\/www.radlobby.org\/noe\/wp-content\/uploads\/20211002_Kellergassentour_30.jpg 2016w\" sizes=\"auto, (max-width: 300px) 100vw, 300px\" \/>\u00a0<\/a><\/p>\n<p>In Nieder\u00f6sterreich gibt es rund 1.300 Kellergassen, davon ca.1.000 alleine im Weinviertel. F\u00fcr die n\u00e4chste Kellergassenradtour bleiben somit noch einige \u00fcbrig.\u00a0<img decoding=\"async\" class=\"an1\" draggable=\"false\" src=\"https:\/\/fonts.gstatic.com\/s\/e\/notoemoji\/17.0\/1f609\/32.png\" alt=\"&#x1f609;\" data-emoji=\"&#x1f609;\" aria-label=\"&#x1f609;\" \/><\/p>\n<p>In manchen Orten gab es mehr Keller als H\u00e4user, weil in einem Bauernhaus meist mehrere Generationen lebten aber die einzelnen Familien eigene Keller besa\u00dfen.<\/p>\n<p><a href=\"https:\/\/www.radlobby.org\/noe\/wp-content\/uploads\/Kellergassenradtour_20260418_131958878.jpg\" data-src=\"https:\/\/www.radlobby.org\/noe\/wp-content\/uploads\/Kellergassenradtour_20260418_131958878.jpg\" data-thumb=\"https:\/\/www.radlobby.org\/noe\/wp-content\/uploads\/Kellergassenradtour_20260418_131958878-300x225.jpg\" class=\"ml-lightbox-enabled\"><img loading=\"lazy\" decoding=\"async\" class=\"alignnone wp-image-41831 size-medium\" src=\"https:\/\/www.radlobby.org\/noe\/wp-content\/uploads\/Kellergassenradtour_20260418_131958878-300x225.jpg\" alt=\"\" width=\"300\" height=\"225\" srcset=\"https:\/\/www.radlobby.org\/noe\/wp-content\/uploads\/Kellergassenradtour_20260418_131958878-300x225.jpg 300w, https:\/\/www.radlobby.org\/noe\/wp-content\/uploads\/Kellergassenradtour_20260418_131958878-768x576.jpg 768w, https:\/\/www.radlobby.org\/noe\/wp-content\/uploads\/Kellergassenradtour_20260418_131958878-1536x1153.jpg 1536w, https:\/\/www.radlobby.org\/noe\/wp-content\/uploads\/Kellergassenradtour_20260418_131958878.jpg 1936w\" sizes=\"auto, (max-width: 300px) 100vw, 300px\" \/><\/a> <a href=\"https:\/\/www.radlobby.org\/noe\/wp-content\/uploads\/Kellergassenradtour_20260418_155754.jpg\" data-src=\"https:\/\/www.radlobby.org\/noe\/wp-content\/uploads\/Kellergassenradtour_20260418_155754.jpg\" data-thumb=\"https:\/\/www.radlobby.org\/noe\/wp-content\/uploads\/Kellergassenradtour_20260418_155754-300x225.jpg\" class=\"ml-lightbox-enabled\"><img loading=\"lazy\" decoding=\"async\" class=\"alignnone wp-image-41842 size-medium\" src=\"https:\/\/www.radlobby.org\/noe\/wp-content\/uploads\/Kellergassenradtour_20260418_155754-300x225.jpg\" alt=\"\" width=\"300\" height=\"225\" srcset=\"https:\/\/www.radlobby.org\/noe\/wp-content\/uploads\/Kellergassenradtour_20260418_155754-300x225.jpg 300w, https:\/\/www.radlobby.org\/noe\/wp-content\/uploads\/Kellergassenradtour_20260418_155754-768x576.jpg 768w, https:\/\/www.radlobby.org\/noe\/wp-content\/uploads\/Kellergassenradtour_20260418_155754-1536x1152.jpg 1536w, https:\/\/www.radlobby.org\/noe\/wp-content\/uploads\/Kellergassenradtour_20260418_155754.jpg 2000w\" sizes=\"auto, (max-width: 300px) 100vw, 300px\" \/><\/a><\/p>\n<h4>Ein Herz f\u00fcr einen\u00a0<span class=\"gmail-il\">Keller<\/span><\/h4>\n<p>Hatten fr\u00fcher die meisten Bauern einen\u00a0<span class=\"gmail-il\">Keller<\/span>, hat man f\u00fcr sie heute kaum noch Verwendung. Die verbliebenen Winzer keltern die Trauben und lagern die Weine aus praktischen und technischen Gr\u00fcnden, die eine hohe und gleichm\u00e4\u00dfige Weinqualit\u00e4t gew\u00e4hrleisten, in eigens daf\u00fcr errichteten Kellerbetrieben. Daher werden die\u00a0<span class=\"gmail-il\">Keller<\/span>\u00a0kaum mehr f\u00fcr Ihren urspr\u00fcnglichen Zweck gebraucht. Einzelne werden ihrem Schicksal \u00fcberlassen. Doch zahlreiche Pressh\u00e4user wurden von Liebhabern gerettet, die ein Herz f\u00fcr die Weinviertler Kultur haben und die\u00a0<span class=\"gmail-il\">Keller<\/span>\u00a0m\u00f6glichst originalgetreu renovieren und erhalten.<\/p>\n<p>Davon konnten sich die Radler*innen \u00fcberzeugen.<\/p>\n<p>Bei einem Zwischenstopp in Gro\u00dfebersdorf gab es eine Erfrischung und am Ende der Tour wurden die Radler*innen von den K\u00f6llamaunan und &#8211; weiban mit k\u00f6stlichen Aufstrichbroten und ausgezeichneten Weinen von Wolkersdorfer Winzern verw\u00f6hnt.<\/p>\n<p><a href=\"https:\/\/www.radlobby.org\/noe\/wp-content\/uploads\/Kellergassenradtour_20260418_144512.jpg\" data-src=\"https:\/\/www.radlobby.org\/noe\/wp-content\/uploads\/Kellergassenradtour_20260418_144512.jpg\" data-thumb=\"https:\/\/www.radlobby.org\/noe\/wp-content\/uploads\/Kellergassenradtour_20260418_144512-300x225.jpg\" class=\"ml-lightbox-enabled\"><img loading=\"lazy\" decoding=\"async\" class=\"alignnone wp-image-41835 size-medium\" src=\"https:\/\/www.radlobby.org\/noe\/wp-content\/uploads\/Kellergassenradtour_20260418_144512-300x225.jpg\" alt=\"\" width=\"300\" height=\"225\" srcset=\"https:\/\/www.radlobby.org\/noe\/wp-content\/uploads\/Kellergassenradtour_20260418_144512-300x225.jpg 300w, https:\/\/www.radlobby.org\/noe\/wp-content\/uploads\/Kellergassenradtour_20260418_144512-768x576.jpg 768w, https:\/\/www.radlobby.org\/noe\/wp-content\/uploads\/Kellergassenradtour_20260418_144512-1536x1152.jpg 1536w, https:\/\/www.radlobby.org\/noe\/wp-content\/uploads\/Kellergassenradtour_20260418_144512.jpg 2000w\" sizes=\"auto, (max-width: 300px) 100vw, 300px\" \/><\/a> <a href=\"https:\/\/www.radlobby.org\/noe\/wp-content\/uploads\/Kellergassenradtour_20260418_144754.jpg\" data-src=\"https:\/\/www.radlobby.org\/noe\/wp-content\/uploads\/Kellergassenradtour_20260418_144754.jpg\" data-thumb=\"https:\/\/www.radlobby.org\/noe\/wp-content\/uploads\/Kellergassenradtour_20260418_144754-300x225.jpg\" class=\"ml-lightbox-enabled\"><img loading=\"lazy\" decoding=\"async\" class=\"alignnone wp-image-41836 size-medium\" src=\"https:\/\/www.radlobby.org\/noe\/wp-content\/uploads\/Kellergassenradtour_20260418_144754-300x225.jpg\" alt=\"\" width=\"300\" height=\"225\" srcset=\"https:\/\/www.radlobby.org\/noe\/wp-content\/uploads\/Kellergassenradtour_20260418_144754-300x225.jpg 300w, https:\/\/www.radlobby.org\/noe\/wp-content\/uploads\/Kellergassenradtour_20260418_144754-768x576.jpg 768w, https:\/\/www.radlobby.org\/noe\/wp-content\/uploads\/Kellergassenradtour_20260418_144754-1536x1152.jpg 1536w, https:\/\/www.radlobby.org\/noe\/wp-content\/uploads\/Kellergassenradtour_20260418_144754.jpg 2000w\" sizes=\"auto, (max-width: 300px) 100vw, 300px\" \/><\/a> <a href=\"https:\/\/www.radlobby.org\/noe\/wp-content\/uploads\/Kellergassenradtour_20260418_144923.jpg\" data-src=\"https:\/\/www.radlobby.org\/noe\/wp-content\/uploads\/Kellergassenradtour_20260418_144923.jpg\" data-thumb=\"https:\/\/www.radlobby.org\/noe\/wp-content\/uploads\/Kellergassenradtour_20260418_144923-300x225.jpg\" class=\"ml-lightbox-enabled\"><img loading=\"lazy\" decoding=\"async\" class=\"alignnone wp-image-41837 size-medium\" src=\"https:\/\/www.radlobby.org\/noe\/wp-content\/uploads\/Kellergassenradtour_20260418_144923-300x225.jpg\" alt=\"\" width=\"300\" height=\"225\" srcset=\"https:\/\/www.radlobby.org\/noe\/wp-content\/uploads\/Kellergassenradtour_20260418_144923-300x225.jpg 300w, https:\/\/www.radlobby.org\/noe\/wp-content\/uploads\/Kellergassenradtour_20260418_144923-768x576.jpg 768w, https:\/\/www.radlobby.org\/noe\/wp-content\/uploads\/Kellergassenradtour_20260418_144923-1536x1152.jpg 1536w, https:\/\/www.radlobby.org\/noe\/wp-content\/uploads\/Kellergassenradtour_20260418_144923.jpg 2000w\" sizes=\"auto, (max-width: 300px) 100vw, 300px\" \/><\/a> <a href=\"https:\/\/www.radlobby.org\/noe\/wp-content\/uploads\/Kellergassenradtour_20260418_145054.jpg\" data-src=\"https:\/\/www.radlobby.org\/noe\/wp-content\/uploads\/Kellergassenradtour_20260418_145054.jpg\" data-thumb=\"https:\/\/www.radlobby.org\/noe\/wp-content\/uploads\/Kellergassenradtour_20260418_145054-300x225.jpg\" class=\"ml-lightbox-enabled\"><img loading=\"lazy\" decoding=\"async\" class=\"alignnone wp-image-41839 size-medium\" src=\"https:\/\/www.radlobby.org\/noe\/wp-content\/uploads\/Kellergassenradtour_20260418_145054-300x225.jpg\" alt=\"\" width=\"300\" height=\"225\" srcset=\"https:\/\/www.radlobby.org\/noe\/wp-content\/uploads\/Kellergassenradtour_20260418_145054-300x225.jpg 300w, https:\/\/www.radlobby.org\/noe\/wp-content\/uploads\/Kellergassenradtour_20260418_145054-768x576.jpg 768w, https:\/\/www.radlobby.org\/noe\/wp-content\/uploads\/Kellergassenradtour_20260418_145054-1536x1152.jpg 1536w, https:\/\/www.radlobby.org\/noe\/wp-content\/uploads\/Kellergassenradtour_20260418_145054.jpg 2000w\" sizes=\"auto, (max-width: 300px) 100vw, 300px\" \/><\/a> <a href=\"https:\/\/www.radlobby.org\/noe\/wp-content\/uploads\/Kellergassenradtour_20260418_144936.jpg\" data-src=\"https:\/\/www.radlobby.org\/noe\/wp-content\/uploads\/Kellergassenradtour_20260418_144936.jpg\" data-thumb=\"https:\/\/www.radlobby.org\/noe\/wp-content\/uploads\/Kellergassenradtour_20260418_144936-300x225.jpg\" class=\"ml-lightbox-enabled\"><img loading=\"lazy\" decoding=\"async\" class=\"alignnone wp-image-41838 size-medium\" src=\"https:\/\/www.radlobby.org\/noe\/wp-content\/uploads\/Kellergassenradtour_20260418_144936-300x225.jpg\" alt=\"\" width=\"300\" height=\"225\" srcset=\"https:\/\/www.radlobby.org\/noe\/wp-content\/uploads\/Kellergassenradtour_20260418_144936-300x225.jpg 300w, https:\/\/www.radlobby.org\/noe\/wp-content\/uploads\/Kellergassenradtour_20260418_144936-768x576.jpg 768w, https:\/\/www.radlobby.org\/noe\/wp-content\/uploads\/Kellergassenradtour_20260418_144936-1536x1152.jpg 1536w, https:\/\/www.radlobby.org\/noe\/wp-content\/uploads\/Kellergassenradtour_20260418_144936.jpg 2000w\" sizes=\"auto, (max-width: 300px) 100vw, 300px\" \/><\/a> <a href=\"https:\/\/www.radlobby.org\/noe\/wp-content\/uploads\/Kellergassenradtour_20260418_155511.jpg\" data-src=\"https:\/\/www.radlobby.org\/noe\/wp-content\/uploads\/Kellergassenradtour_20260418_155511.jpg\" data-thumb=\"https:\/\/www.radlobby.org\/noe\/wp-content\/uploads\/Kellergassenradtour_20260418_155511-300x225.jpg\" class=\"ml-lightbox-enabled\"><img loading=\"lazy\" decoding=\"async\" class=\"alignnone wp-image-41840 size-medium\" src=\"https:\/\/www.radlobby.org\/noe\/wp-content\/uploads\/Kellergassenradtour_20260418_155511-300x225.jpg\" alt=\"\" width=\"300\" height=\"225\" srcset=\"https:\/\/www.radlobby.org\/noe\/wp-content\/uploads\/Kellergassenradtour_20260418_155511-300x225.jpg 300w, https:\/\/www.radlobby.org\/noe\/wp-content\/uploads\/Kellergassenradtour_20260418_155511-768x576.jpg 768w, https:\/\/www.radlobby.org\/noe\/wp-content\/uploads\/Kellergassenradtour_20260418_155511-1536x1152.jpg 1536w, https:\/\/www.radlobby.org\/noe\/wp-content\/uploads\/Kellergassenradtour_20260418_155511.jpg 1584w\" sizes=\"auto, (max-width: 300px) 100vw, 300px\" \/><\/a> <a href=\"https:\/\/www.radlobby.org\/noe\/wp-content\/uploads\/Kellergassenradtour_20260418_155530.jpg\" data-src=\"https:\/\/www.radlobby.org\/noe\/wp-content\/uploads\/Kellergassenradtour_20260418_155530.jpg\" data-thumb=\"https:\/\/www.radlobby.org\/noe\/wp-content\/uploads\/Kellergassenradtour_20260418_155530-300x225.jpg\" class=\"ml-lightbox-enabled\"><img loading=\"lazy\" decoding=\"async\" class=\"alignnone wp-image-41841 size-medium\" src=\"https:\/\/www.radlobby.org\/noe\/wp-content\/uploads\/Kellergassenradtour_20260418_155530-300x225.jpg\" alt=\"\" width=\"300\" height=\"225\" srcset=\"https:\/\/www.radlobby.org\/noe\/wp-content\/uploads\/Kellergassenradtour_20260418_155530-300x225.jpg 300w, https:\/\/www.radlobby.org\/noe\/wp-content\/uploads\/Kellergassenradtour_20260418_155530-768x576.jpg 768w, https:\/\/www.radlobby.org\/noe\/wp-content\/uploads\/Kellergassenradtour_20260418_155530-1536x1152.jpg 1536w, https:\/\/www.radlobby.org\/noe\/wp-content\/uploads\/Kellergassenradtour_20260418_155530.jpg 2000w\" sizes=\"auto, (max-width: 300px) 100vw, 300px\" \/><\/a> <a href=\"https:\/\/www.radlobby.org\/noe\/wp-content\/uploads\/Kellergassenradtour_20260418_155811.jpg\" data-src=\"https:\/\/www.radlobby.org\/noe\/wp-content\/uploads\/Kellergassenradtour_20260418_155811.jpg\" data-thumb=\"https:\/\/www.radlobby.org\/noe\/wp-content\/uploads\/Kellergassenradtour_20260418_155811-300x225.jpg\" class=\"ml-lightbox-enabled\"><img loading=\"lazy\" decoding=\"async\" class=\"alignnone wp-image-41843 size-medium\" src=\"https:\/\/www.radlobby.org\/noe\/wp-content\/uploads\/Kellergassenradtour_20260418_155811-300x225.jpg\" alt=\"\" width=\"300\" height=\"225\" srcset=\"https:\/\/www.radlobby.org\/noe\/wp-content\/uploads\/Kellergassenradtour_20260418_155811-300x225.jpg 300w, https:\/\/www.radlobby.org\/noe\/wp-content\/uploads\/Kellergassenradtour_20260418_155811-768x576.jpg 768w, https:\/\/www.radlobby.org\/noe\/wp-content\/uploads\/Kellergassenradtour_20260418_155811-1536x1152.jpg 1536w, https:\/\/www.radlobby.org\/noe\/wp-content\/uploads\/Kellergassenradtour_20260418_155811.jpg 2000w\" sizes=\"auto, (max-width: 300px) 100vw, 300px\" \/><\/a><\/p>\n","protected":false},"excerpt":{"rendered":"<p>Weinviertler Kulturgut erfahren Am Samstag, den 18. April 2026 haben 20 Teilnehmer*innen der Kellergassenradtour uriges Weinviertel im wahrsten Sinn des Wortes erfahren. Start war am Hauptplatz in Wolkersdorf. Gef\u00fchrt vom Kellergassenf\u00fchrer Herbert Kraus und begleitet von Hermann Hiebner und Jana<\/p>\n","protected":false},"author":3,"featured_media":41841,"comment_status":"closed","ping_status":"closed","sticky":false,"template":"","format":"standard","meta":{"footnotes":""},"categories":[16],"tags":[822,821,519],"class_list":["post-41821","post","type-post","status-publish","format-standard","has-post-thumbnail","hentry","category-wolkersdorf","tag-herbert-kraus","tag-kellergassenfuehrer","tag-kellergassenradtour"],"yoast_head":"<!-- This site is optimized with the Yoast SEO plugin v26.9 - https:\/\/yoast.com\/product\/yoast-seo-wordpress\/ -->\n<title>Kellergassenradtour rund um Wolkersdorf - Radlobby Nieder\u00f6sterreich<\/title>\n<meta name=\"robots\" content=\"index, follow, max-snippet:-1, max-image-preview:large, max-video-preview:-1\" \/>\n<link rel=\"canonical\" href=\"https:\/\/www.radlobby.org\/noe\/kellergassenradtour-rund-um-wolkersdorf\/\" \/>\n<meta property=\"og:locale\" content=\"de_DE\" \/>\n<meta property=\"og:type\" content=\"article\" \/>\n<meta property=\"og:title\" content=\"Kellergassenradtour rund um Wolkersdorf - Radlobby Nieder\u00f6sterreich\" \/>\n<meta property=\"og:description\" content=\"Weinviertler Kulturgut erfahren Am Samstag, den 18. April 2026 haben 20 Teilnehmer*innen der Kellergassenradtour uriges Weinviertel im wahrsten Sinn des Wortes erfahren. Start war am Hauptplatz in Wolkersdorf. Gef\u00fchrt vom Kellergassenf\u00fchrer Herbert Kraus und begleitet von Hermann Hiebner und Jana\" \/>\n<meta property=\"og:url\" content=\"https:\/\/www.radlobby.org\/noe\/kellergassenradtour-rund-um-wolkersdorf\/\" \/>\n<meta property=\"og:site_name\" content=\"Radlobby Nieder\u00f6sterreich\" \/>\n<meta property=\"article:publisher\" content=\"https:\/\/www.facebook.com\/groups\/radfahren.in.noe\/\" \/>\n<meta property=\"article:published_time\" content=\"2026-04-19T14:28:37+00:00\" \/>\n<meta property=\"article:modified_time\" content=\"2026-04-19T14:38:42+00:00\" \/>\n<meta property=\"og:image\" content=\"https:\/\/www.radlobby.org\/noe\/wp-content\/uploads\/Kellergassenradtour_20260418_155530.jpg\" \/>\n\t<meta property=\"og:image:width\" content=\"2000\" \/>\n\t<meta property=\"og:image:height\" content=\"1500\" \/>\n\t<meta property=\"og:image:type\" content=\"image\/jpeg\" \/>\n<meta name=\"author\" content=\"Hermann Hiebner\" \/>\n<meta name=\"twitter:card\" content=\"summary_large_image\" \/>\n<meta name=\"twitter:label1\" content=\"Verfasst von\" \/>\n\t<meta name=\"twitter:data1\" content=\"Hermann Hiebner\" \/>\n\t<meta name=\"twitter:label2\" content=\"Gesch\u00e4tzte Lesezeit\" \/>\n\t<meta name=\"twitter:data2\" content=\"6\u00a0Minuten\" \/>\n<script type=\"application\/ld+json\" class=\"yoast-schema-graph\">{\"@context\":\"https:\/\/schema.org\",\"@graph\":[{\"@type\":\"Article\",\"@id\":\"https:\/\/www.radlobby.org\/noe\/kellergassenradtour-rund-um-wolkersdorf\/#article\",\"isPartOf\":{\"@id\":\"https:\/\/www.radlobby.org\/noe\/kellergassenradtour-rund-um-wolkersdorf\/\"},\"author\":{\"name\":\"Hermann Hiebner\",\"@id\":\"https:\/\/www.radlobby.org\/noe\/#\/schema\/person\/c91605b70aca449bea4cb27190b0dbe2\"},\"headline\":\"Kellergassenradtour rund um Wolkersdorf\",\"datePublished\":\"2026-04-19T14:28:37+00:00\",\"dateModified\":\"2026-04-19T14:38:42+00:00\",\"mainEntityOfPage\":{\"@id\":\"https:\/\/www.radlobby.org\/noe\/kellergassenradtour-rund-um-wolkersdorf\/\"},\"wordCount\":436,\"publisher\":{\"@id\":\"https:\/\/www.radlobby.org\/noe\/#organization\"},\"image\":{\"@id\":\"https:\/\/www.radlobby.org\/noe\/kellergassenradtour-rund-um-wolkersdorf\/#primaryimage\"},\"thumbnailUrl\":\"https:\/\/www.radlobby.org\/noe\/wp-content\/uploads\/Kellergassenradtour_20260418_155530.jpg\",\"keywords\":[\"Herbert Kraus\",\"Kellergassenf\u00fchrer\",\"Kellergassenradtour\"],\"articleSection\":[\"Radlobby Wolkersdorf\"],\"inLanguage\":\"de\"},{\"@type\":\"WebPage\",\"@id\":\"https:\/\/www.radlobby.org\/noe\/kellergassenradtour-rund-um-wolkersdorf\/\",\"url\":\"https:\/\/www.radlobby.org\/noe\/kellergassenradtour-rund-um-wolkersdorf\/\",\"name\":\"Kellergassenradtour rund um Wolkersdorf - Radlobby Nieder\u00f6sterreich\",\"isPartOf\":{\"@id\":\"https:\/\/www.radlobby.org\/noe\/#website\"},\"primaryImageOfPage\":{\"@id\":\"https:\/\/www.radlobby.org\/noe\/kellergassenradtour-rund-um-wolkersdorf\/#primaryimage\"},\"image\":{\"@id\":\"https:\/\/www.radlobby.org\/noe\/kellergassenradtour-rund-um-wolkersdorf\/#primaryimage\"},\"thumbnailUrl\":\"https:\/\/www.radlobby.org\/noe\/wp-content\/uploads\/Kellergassenradtour_20260418_155530.jpg\",\"datePublished\":\"2026-04-19T14:28:37+00:00\",\"dateModified\":\"2026-04-19T14:38:42+00:00\",\"breadcrumb\":{\"@id\":\"https:\/\/www.radlobby.org\/noe\/kellergassenradtour-rund-um-wolkersdorf\/#breadcrumb\"},\"inLanguage\":\"de\",\"potentialAction\":[{\"@type\":\"ReadAction\",\"target\":[\"https:\/\/www.radlobby.org\/noe\/kellergassenradtour-rund-um-wolkersdorf\/\"]}]},{\"@type\":\"ImageObject\",\"inLanguage\":\"de\",\"@id\":\"https:\/\/www.radlobby.org\/noe\/kellergassenradtour-rund-um-wolkersdorf\/#primaryimage\",\"url\":\"https:\/\/www.radlobby.org\/noe\/wp-content\/uploads\/Kellergassenradtour_20260418_155530.jpg\",\"contentUrl\":\"https:\/\/www.radlobby.org\/noe\/wp-content\/uploads\/Kellergassenradtour_20260418_155530.jpg\",\"width\":2000,\"height\":1500},{\"@type\":\"BreadcrumbList\",\"@id\":\"https:\/\/www.radlobby.org\/noe\/kellergassenradtour-rund-um-wolkersdorf\/#breadcrumb\",\"itemListElement\":[{\"@type\":\"ListItem\",\"position\":1,\"name\":\"Startseite\",\"item\":\"https:\/\/www.radlobby.org\/noe\/\"},{\"@type\":\"ListItem\",\"position\":2,\"name\":\"Kellergassenradtour rund um Wolkersdorf\"}]},{\"@type\":\"WebSite\",\"@id\":\"https:\/\/www.radlobby.org\/noe\/#website\",\"url\":\"https:\/\/www.radlobby.org\/noe\/\",\"name\":\"Radlobby Nieder\u00f6sterreich\",\"description\":\"Radverkehr, Fahrrad, Radfahren, Radreisen, Radtouren, Radweg\",\"publisher\":{\"@id\":\"https:\/\/www.radlobby.org\/noe\/#organization\"},\"potentialAction\":[{\"@type\":\"SearchAction\",\"target\":{\"@type\":\"EntryPoint\",\"urlTemplate\":\"https:\/\/www.radlobby.org\/noe\/?s={search_term_string}\"},\"query-input\":{\"@type\":\"PropertyValueSpecification\",\"valueRequired\":true,\"valueName\":\"search_term_string\"}}],\"inLanguage\":\"de\"},{\"@type\":\"Organization\",\"@id\":\"https:\/\/www.radlobby.org\/noe\/#organization\",\"name\":\"Radlobby Nieder\u00f6sterreich\",\"url\":\"https:\/\/www.radlobby.org\/noe\/\",\"logo\":{\"@type\":\"ImageObject\",\"inLanguage\":\"de\",\"@id\":\"https:\/\/www.radlobby.org\/noe\/#\/schema\/logo\/image\/\",\"url\":\"https:\/\/www.radlobby.org\/noe\/wp-content\/uploads\/2017\/01\/cropped-Logo_Radlobby_Niederoesterreich_50-400px_quer-1.jpg\",\"contentUrl\":\"https:\/\/www.radlobby.org\/noe\/wp-content\/uploads\/2017\/01\/cropped-Logo_Radlobby_Niederoesterreich_50-400px_quer-1.jpg\",\"width\":450,\"height\":124,\"caption\":\"Radlobby Nieder\u00f6sterreich\"},\"image\":{\"@id\":\"https:\/\/www.radlobby.org\/noe\/#\/schema\/logo\/image\/\"},\"sameAs\":[\"https:\/\/www.facebook.com\/groups\/radfahren.in.noe\/\"]},{\"@type\":\"Person\",\"@id\":\"https:\/\/www.radlobby.org\/noe\/#\/schema\/person\/c91605b70aca449bea4cb27190b0dbe2\",\"name\":\"Hermann Hiebner\",\"image\":{\"@type\":\"ImageObject\",\"inLanguage\":\"de\",\"@id\":\"https:\/\/www.radlobby.org\/noe\/#\/schema\/person\/image\/\",\"url\":\"https:\/\/secure.gravatar.com\/avatar\/d9d442cd70d260be25a46bab5f85206043aabce00da594192c593e7d4fc65f72?s=96&d=mm&r=g\",\"contentUrl\":\"https:\/\/secure.gravatar.com\/avatar\/d9d442cd70d260be25a46bab5f85206043aabce00da594192c593e7d4fc65f72?s=96&d=mm&r=g\",\"caption\":\"Hermann Hiebner\"},\"url\":\"https:\/\/www.radlobby.org\/noe\/author\/hermannhiebner\/\"}]}<\/script>\n<!-- \/ Yoast SEO plugin. -->","yoast_head_json":{"title":"Kellergassenradtour rund um Wolkersdorf - Radlobby Nieder\u00f6sterreich","robots":{"index":"index","follow":"follow","max-snippet":"max-snippet:-1","max-image-preview":"max-image-preview:large","max-video-preview":"max-video-preview:-1"},"canonical":"https:\/\/www.radlobby.org\/noe\/kellergassenradtour-rund-um-wolkersdorf\/","og_locale":"de_DE","og_type":"article","og_title":"Kellergassenradtour rund um Wolkersdorf - Radlobby Nieder\u00f6sterreich","og_description":"Weinviertler Kulturgut erfahren Am Samstag, den 18. April 2026 haben 20 Teilnehmer*innen der Kellergassenradtour uriges Weinviertel im wahrsten Sinn des Wortes erfahren. Start war am Hauptplatz in Wolkersdorf. Gef\u00fchrt vom Kellergassenf\u00fchrer Herbert Kraus und begleitet von Hermann Hiebner und Jana","og_url":"https:\/\/www.radlobby.org\/noe\/kellergassenradtour-rund-um-wolkersdorf\/","og_site_name":"Radlobby Nieder\u00f6sterreich","article_publisher":"https:\/\/www.facebook.com\/groups\/radfahren.in.noe\/","article_published_time":"2026-04-19T14:28:37+00:00","article_modified_time":"2026-04-19T14:38:42+00:00","og_image":[{"width":2000,"height":1500,"url":"https:\/\/www.radlobby.org\/noe\/wp-content\/uploads\/Kellergassenradtour_20260418_155530.jpg","type":"image\/jpeg"}],"author":"Hermann Hiebner","twitter_card":"summary_large_image","twitter_misc":{"Verfasst von":"Hermann Hiebner","Gesch\u00e4tzte Lesezeit":"6\u00a0Minuten"},"schema":{"@context":"https:\/\/schema.org","@graph":[{"@type":"Article","@id":"https:\/\/www.radlobby.org\/noe\/kellergassenradtour-rund-um-wolkersdorf\/#article","isPartOf":{"@id":"https:\/\/www.radlobby.org\/noe\/kellergassenradtour-rund-um-wolkersdorf\/"},"author":{"name":"Hermann Hiebner","@id":"https:\/\/www.radlobby.org\/noe\/#\/schema\/person\/c91605b70aca449bea4cb27190b0dbe2"},"headline":"Kellergassenradtour rund um Wolkersdorf","datePublished":"2026-04-19T14:28:37+00:00","dateModified":"2026-04-19T14:38:42+00:00","mainEntityOfPage":{"@id":"https:\/\/www.radlobby.org\/noe\/kellergassenradtour-rund-um-wolkersdorf\/"},"wordCount":436,"publisher":{"@id":"https:\/\/www.radlobby.org\/noe\/#organization"},"image":{"@id":"https:\/\/www.radlobby.org\/noe\/kellergassenradtour-rund-um-wolkersdorf\/#primaryimage"},"thumbnailUrl":"https:\/\/www.radlobby.org\/noe\/wp-content\/uploads\/Kellergassenradtour_20260418_155530.jpg","keywords":["Herbert Kraus","Kellergassenf\u00fchrer","Kellergassenradtour"],"articleSection":["Radlobby Wolkersdorf"],"inLanguage":"de"},{"@type":"WebPage","@id":"https:\/\/www.radlobby.org\/noe\/kellergassenradtour-rund-um-wolkersdorf\/","url":"https:\/\/www.radlobby.org\/noe\/kellergassenradtour-rund-um-wolkersdorf\/","name":"Kellergassenradtour rund um Wolkersdorf - Radlobby Nieder\u00f6sterreich","isPartOf":{"@id":"https:\/\/www.radlobby.org\/noe\/#website"},"primaryImageOfPage":{"@id":"https:\/\/www.radlobby.org\/noe\/kellergassenradtour-rund-um-wolkersdorf\/#primaryimage"},"image":{"@id":"https:\/\/www.radlobby.org\/noe\/kellergassenradtour-rund-um-wolkersdorf\/#primaryimage"},"thumbnailUrl":"https:\/\/www.radlobby.org\/noe\/wp-content\/uploads\/Kellergassenradtour_20260418_155530.jpg","datePublished":"2026-04-19T14:28:37+00:00","dateModified":"2026-04-19T14:38:42+00:00","breadcrumb":{"@id":"https:\/\/www.radlobby.org\/noe\/kellergassenradtour-rund-um-wolkersdorf\/#breadcrumb"},"inLanguage":"de","potentialAction":[{"@type":"ReadAction","target":["https:\/\/www.radlobby.org\/noe\/kellergassenradtour-rund-um-wolkersdorf\/"]}]},{"@type":"ImageObject","inLanguage":"de","@id":"https:\/\/www.radlobby.org\/noe\/kellergassenradtour-rund-um-wolkersdorf\/#primaryimage","url":"https:\/\/www.radlobby.org\/noe\/wp-content\/uploads\/Kellergassenradtour_20260418_155530.jpg","contentUrl":"https:\/\/www.radlobby.org\/noe\/wp-content\/uploads\/Kellergassenradtour_20260418_155530.jpg","width":2000,"height":1500},{"@type":"BreadcrumbList","@id":"https:\/\/www.radlobby.org\/noe\/kellergassenradtour-rund-um-wolkersdorf\/#breadcrumb","itemListElement":[{"@type":"ListItem","position":1,"name":"Startseite","item":"https:\/\/www.radlobby.org\/noe\/"},{"@type":"ListItem","position":2,"name":"Kellergassenradtour rund um Wolkersdorf"}]},{"@type":"WebSite","@id":"https:\/\/www.radlobby.org\/noe\/#website","url":"https:\/\/www.radlobby.org\/noe\/","name":"Radlobby Nieder\u00f6sterreich","description":"Radverkehr, Fahrrad, Radfahren, Radreisen, Radtouren, Radweg","publisher":{"@id":"https:\/\/www.radlobby.org\/noe\/#organization"},"potentialAction":[{"@type":"SearchAction","target":{"@type":"EntryPoint","urlTemplate":"https:\/\/www.radlobby.org\/noe\/?s={search_term_string}"},"query-input":{"@type":"PropertyValueSpecification","valueRequired":true,"valueName":"search_term_string"}}],"inLanguage":"de"},{"@type":"Organization","@id":"https:\/\/www.radlobby.org\/noe\/#organization","name":"Radlobby Nieder\u00f6sterreich","url":"https:\/\/www.radlobby.org\/noe\/","logo":{"@type":"ImageObject","inLanguage":"de","@id":"https:\/\/www.radlobby.org\/noe\/#\/schema\/logo\/image\/","url":"https:\/\/www.radlobby.org\/noe\/wp-content\/uploads\/2017\/01\/cropped-Logo_Radlobby_Niederoesterreich_50-400px_quer-1.jpg","contentUrl":"https:\/\/www.radlobby.org\/noe\/wp-content\/uploads\/2017\/01\/cropped-Logo_Radlobby_Niederoesterreich_50-400px_quer-1.jpg","width":450,"height":124,"caption":"Radlobby Nieder\u00f6sterreich"},"image":{"@id":"https:\/\/www.radlobby.org\/noe\/#\/schema\/logo\/image\/"},"sameAs":["https:\/\/www.facebook.com\/groups\/radfahren.in.noe\/"]},{"@type":"Person","@id":"https:\/\/www.radlobby.org\/noe\/#\/schema\/person\/c91605b70aca449bea4cb27190b0dbe2","name":"Hermann Hiebner","image":{"@type":"ImageObject","inLanguage":"de","@id":"https:\/\/www.radlobby.org\/noe\/#\/schema\/person\/image\/","url":"https:\/\/secure.gravatar.com\/avatar\/d9d442cd70d260be25a46bab5f85206043aabce00da594192c593e7d4fc65f72?s=96&d=mm&r=g","contentUrl":"https:\/\/secure.gravatar.com\/avatar\/d9d442cd70d260be25a46bab5f85206043aabce00da594192c593e7d4fc65f72?s=96&d=mm&r=g","caption":"Hermann Hiebner"},"url":"https:\/\/www.radlobby.org\/noe\/author\/hermannhiebner\/"}]}},"_links":{"self":[{"href":"https:\/\/www.radlobby.org\/noe\/wp-json\/wp\/v2\/posts\/41821","targetHints":{"allow":["GET"]}}],"collection":[{"href":"https:\/\/www.radlobby.org\/noe\/wp-json\/wp\/v2\/posts"}],"about":[{"href":"https:\/\/www.radlobby.org\/noe\/wp-json\/wp\/v2\/types\/post"}],"author":[{"embeddable":true,"href":"https:\/\/www.radlobby.org\/noe\/wp-json\/wp\/v2\/users\/3"}],"replies":[{"embeddable":true,"href":"https:\/\/www.radlobby.org\/noe\/wp-json\/wp\/v2\/comments?post=41821"}],"version-history":[{"count":5,"href":"https:\/\/www.radlobby.org\/noe\/wp-json\/wp\/v2\/posts\/41821\/revisions"}],"predecessor-version":[{"id":41850,"href":"https:\/\/www.radlobby.org\/noe\/wp-json\/wp\/v2\/posts\/41821\/revisions\/41850"}],"wp:featuredmedia":[{"embeddable":true,"href":"https:\/\/www.radlobby.org\/noe\/wp-json\/wp\/v2\/media\/41841"}],"wp:attachment":[{"href":"https:\/\/www.radlobby.org\/noe\/wp-json\/wp\/v2\/media?parent=41821"}],"wp:term":[{"taxonomy":"category","embeddable":true,"href":"https:\/\/www.radlobby.org\/noe\/wp-json\/wp\/v2\/categories?post=41821"},{"taxonomy":"post_tag","embeddable":true,"href":"https:\/\/www.radlobby.org\/noe\/wp-json\/wp\/v2\/tags?post=41821"}],"curies":[{"name":"wp","href":"https:\/\/api.w.org\/{rel}","templated":true}]}}