{"id":41814,"date":"2026-04-25T16:08:20","date_gmt":"2026-04-25T14:08:20","guid":{"rendered":"https:\/\/www.radlobby.org\/noe\/?p=41814"},"modified":"2026-04-25T16:11:52","modified_gmt":"2026-04-25T14:11:52","slug":"bericht-kinder-eis-anradeln-2026","status":"publish","type":"post","link":"https:\/\/www.radlobby.org\/noe\/bericht-kinder-eis-anradeln-2026\/","title":{"rendered":"Bericht Kinder-Eis-Anradeln 2026"},"content":{"rendered":"<h2>Kinder-Eis-Anradeln mit 300 Teilnehmer*innen<\/h2>\n<p>Zum f\u00fcnften Mal lud die Radlobby Klosterneuburg zum Kinder-Eis-Anradeln, um Radsaison und Eissaison feierlich einzul\u00e4uten. Von <a href=\"https:\/\/www.radlobby.org\/noe\/kinder-eis-anradeln-2026\/\">sieben Startpunkten<\/a> wurde losgeradelt. 150 Kinder wurden schlie\u00dflich im Aupark mit Gratis-Eis von <a href=\"https:\/\/www.zuckero.at\/\" target=\"_blank\" rel=\"noopener\">Zuckero<\/a> belohnt. Auch der Radlobby-Drache erwachte wie jedes Jahr aus seinem Winterschlaf, um die Kinder zu begr\u00fc\u00dfen. Wer nicht gerade mit Eisschlecken oder Drache-Streicheln besch\u00e4ftigt war, konnte sich im BMX-Rennen messen oder den gro\u00dfen Radparcours ausprobieren.<\/p>\n<p><img loading=\"lazy\" decoding=\"async\" class=\"alignnone size-medium wp-image-41858\" src=\"https:\/\/www.radlobby.org\/noe\/wp-content\/uploads\/Eisanradeln-Klosterneuburg-2026-4-300x225.jpeg\" alt=\"\" width=\"300\" height=\"225\" srcset=\"https:\/\/www.radlobby.org\/noe\/wp-content\/uploads\/Eisanradeln-Klosterneuburg-2026-4-300x225.jpeg 300w, https:\/\/www.radlobby.org\/noe\/wp-content\/uploads\/Eisanradeln-Klosterneuburg-2026-4-768x576.jpeg 768w, https:\/\/www.radlobby.org\/noe\/wp-content\/uploads\/Eisanradeln-Klosterneuburg-2026-4-1536x1152.jpeg 1536w, https:\/\/www.radlobby.org\/noe\/wp-content\/uploads\/Eisanradeln-Klosterneuburg-2026-4.jpeg 1600w\" sizes=\"auto, (max-width: 300px) 100vw, 300px\" \/><img loading=\"lazy\" decoding=\"async\" class=\"alignnone size-medium wp-image-41856\" src=\"https:\/\/www.radlobby.org\/noe\/wp-content\/uploads\/Eisanradeln-Klosterneuburg-2026-2-300x225.jpeg\" alt=\"\" width=\"300\" height=\"225\" srcset=\"https:\/\/www.radlobby.org\/noe\/wp-content\/uploads\/Eisanradeln-Klosterneuburg-2026-2-300x225.jpeg 300w, https:\/\/www.radlobby.org\/noe\/wp-content\/uploads\/Eisanradeln-Klosterneuburg-2026-2-768x576.jpeg 768w, https:\/\/www.radlobby.org\/noe\/wp-content\/uploads\/Eisanradeln-Klosterneuburg-2026-2-1536x1152.jpeg 1536w, https:\/\/www.radlobby.org\/noe\/wp-content\/uploads\/Eisanradeln-Klosterneuburg-2026-2.jpeg 1600w\" sizes=\"auto, (max-width: 300px) 100vw, 300px\" \/><img loading=\"lazy\" decoding=\"async\" class=\"alignnone size-medium wp-image-41863\" src=\"https:\/\/www.radlobby.org\/noe\/wp-content\/uploads\/Eisanradeln-Klosterneuburg-2026-9-300x225.jpeg\" alt=\"\" width=\"300\" height=\"225\" srcset=\"https:\/\/www.radlobby.org\/noe\/wp-content\/uploads\/Eisanradeln-Klosterneuburg-2026-9-300x225.jpeg 300w, https:\/\/www.radlobby.org\/noe\/wp-content\/uploads\/Eisanradeln-Klosterneuburg-2026-9-768x576.jpeg 768w, https:\/\/www.radlobby.org\/noe\/wp-content\/uploads\/Eisanradeln-Klosterneuburg-2026-9-1536x1152.jpeg 1536w, https:\/\/www.radlobby.org\/noe\/wp-content\/uploads\/Eisanradeln-Klosterneuburg-2026-9.jpeg 1600w\" sizes=\"auto, (max-width: 300px) 100vw, 300px\" \/><img loading=\"lazy\" decoding=\"async\" class=\"alignnone size-medium wp-image-41862\" src=\"https:\/\/www.radlobby.org\/noe\/wp-content\/uploads\/Eisanradeln-Klosterneuburg-2026-8-300x225.jpeg\" alt=\"\" width=\"300\" height=\"225\" srcset=\"https:\/\/www.radlobby.org\/noe\/wp-content\/uploads\/Eisanradeln-Klosterneuburg-2026-8-300x225.jpeg 300w, https:\/\/www.radlobby.org\/noe\/wp-content\/uploads\/Eisanradeln-Klosterneuburg-2026-8-768x576.jpeg 768w, https:\/\/www.radlobby.org\/noe\/wp-content\/uploads\/Eisanradeln-Klosterneuburg-2026-8-1536x1152.jpeg 1536w, https:\/\/www.radlobby.org\/noe\/wp-content\/uploads\/Eisanradeln-Klosterneuburg-2026-8.jpeg 1600w\" sizes=\"auto, (max-width: 300px) 100vw, 300px\" \/><img loading=\"lazy\" decoding=\"async\" class=\"alignnone size-medium wp-image-41855\" src=\"https:\/\/www.radlobby.org\/noe\/wp-content\/uploads\/Eisanradeln-Klosterneuburg-2026-1-300x225.jpg\" alt=\"\" width=\"300\" height=\"225\" srcset=\"https:\/\/www.radlobby.org\/noe\/wp-content\/uploads\/Eisanradeln-Klosterneuburg-2026-1-300x225.jpg 300w, https:\/\/www.radlobby.org\/noe\/wp-content\/uploads\/Eisanradeln-Klosterneuburg-2026-1-768x576.jpg 768w, https:\/\/www.radlobby.org\/noe\/wp-content\/uploads\/Eisanradeln-Klosterneuburg-2026-1-1536x1152.jpg 1536w, https:\/\/www.radlobby.org\/noe\/wp-content\/uploads\/Eisanradeln-Klosterneuburg-2026-1.jpg 1600w\" sizes=\"auto, (max-width: 300px) 100vw, 300px\" \/><img loading=\"lazy\" decoding=\"async\" class=\"alignnone size-medium wp-image-41861\" src=\"https:\/\/www.radlobby.org\/noe\/wp-content\/uploads\/Eisanradeln-Klosterneuburg-2026-7-221x300.jpeg\" alt=\"\" width=\"221\" height=\"300\" srcset=\"https:\/\/www.radlobby.org\/noe\/wp-content\/uploads\/Eisanradeln-Klosterneuburg-2026-7-221x300.jpeg 221w, https:\/\/www.radlobby.org\/noe\/wp-content\/uploads\/Eisanradeln-Klosterneuburg-2026-7-768x1041.jpeg 768w, https:\/\/www.radlobby.org\/noe\/wp-content\/uploads\/Eisanradeln-Klosterneuburg-2026-7-1133x1536.jpeg 1133w, https:\/\/www.radlobby.org\/noe\/wp-content\/uploads\/Eisanradeln-Klosterneuburg-2026-7.jpeg 1180w\" sizes=\"auto, (max-width: 221px) 100vw, 221px\" \/> \u00a0\u00a0<img loading=\"lazy\" decoding=\"async\" class=\"alignnone size-medium wp-image-41860\" src=\"https:\/\/www.radlobby.org\/noe\/wp-content\/uploads\/Eisanradeln-Klosterneuburg-2026-6-300x225.jpeg\" alt=\"\" width=\"300\" height=\"225\" srcset=\"https:\/\/www.radlobby.org\/noe\/wp-content\/uploads\/Eisanradeln-Klosterneuburg-2026-6-300x225.jpeg 300w, https:\/\/www.radlobby.org\/noe\/wp-content\/uploads\/Eisanradeln-Klosterneuburg-2026-6-768x576.jpeg 768w, https:\/\/www.radlobby.org\/noe\/wp-content\/uploads\/Eisanradeln-Klosterneuburg-2026-6-1536x1152.jpeg 1536w, https:\/\/www.radlobby.org\/noe\/wp-content\/uploads\/Eisanradeln-Klosterneuburg-2026-6.jpeg 1600w\" sizes=\"auto, (max-width: 300px) 100vw, 300px\" \/> \u00a0\u00a0<img loading=\"lazy\" decoding=\"async\" class=\"alignnone size-medium wp-image-41857\" src=\"https:\/\/www.radlobby.org\/noe\/wp-content\/uploads\/Eisanradeln-Klosterneuburg-2026-3-300x225.jpeg\" alt=\"\" width=\"300\" height=\"225\" srcset=\"https:\/\/www.radlobby.org\/noe\/wp-content\/uploads\/Eisanradeln-Klosterneuburg-2026-3-300x225.jpeg 300w, https:\/\/www.radlobby.org\/noe\/wp-content\/uploads\/Eisanradeln-Klosterneuburg-2026-3-768x576.jpeg 768w, https:\/\/www.radlobby.org\/noe\/wp-content\/uploads\/Eisanradeln-Klosterneuburg-2026-3-1536x1152.jpeg 1536w, https:\/\/www.radlobby.org\/noe\/wp-content\/uploads\/Eisanradeln-Klosterneuburg-2026-3.jpeg 1600w\" sizes=\"auto, (max-width: 300px) 100vw, 300px\" \/><\/p>\n","protected":false},"excerpt":{"rendered":"<p>Kinder-Eis-Anradeln mit 300 Teilnehmer*innen Zum f\u00fcnften Mal lud die Radlobby Klosterneuburg zum Kinder-Eis-Anradeln, um Radsaison und Eissaison feierlich einzul\u00e4uten. Von sieben Startpunkten wurde losgeradelt. 150 Kinder wurden schlie\u00dflich im Aupark mit Gratis-Eis von Zuckero belohnt. Auch der Radlobby-Drache erwachte wie<\/p>\n","protected":false},"author":28,"featured_media":41858,"comment_status":"closed","ping_status":"closed","sticky":false,"template":"","format":"standard","meta":{"footnotes":""},"categories":[20],"tags":[],"class_list":["post-41814","post","type-post","status-publish","format-standard","has-post-thumbnail","hentry","category-niederoesterreich"],"yoast_head":"<!-- This site is optimized with the Yoast SEO plugin v26.9 - https:\/\/yoast.com\/product\/yoast-seo-wordpress\/ -->\n<title>Bericht Kinder-Eis-Anradeln 2026 - Radlobby Nieder\u00f6sterreich<\/title>\n<meta name=\"robots\" content=\"index, follow, max-snippet:-1, max-image-preview:large, max-video-preview:-1\" \/>\n<link rel=\"canonical\" href=\"https:\/\/www.radlobby.org\/noe\/bericht-kinder-eis-anradeln-2026\/\" \/>\n<meta property=\"og:locale\" content=\"de_DE\" \/>\n<meta property=\"og:type\" content=\"article\" \/>\n<meta property=\"og:title\" content=\"Bericht Kinder-Eis-Anradeln 2026 - Radlobby Nieder\u00f6sterreich\" \/>\n<meta property=\"og:description\" content=\"Kinder-Eis-Anradeln mit 300 Teilnehmer*innen Zum f\u00fcnften Mal lud die Radlobby Klosterneuburg zum Kinder-Eis-Anradeln, um Radsaison und Eissaison feierlich einzul\u00e4uten. Von sieben Startpunkten wurde losgeradelt. 150 Kinder wurden schlie\u00dflich im Aupark mit Gratis-Eis von Zuckero belohnt. Auch der Radlobby-Drache erwachte wie\" \/>\n<meta property=\"og:url\" content=\"https:\/\/www.radlobby.org\/noe\/bericht-kinder-eis-anradeln-2026\/\" \/>\n<meta property=\"og:site_name\" content=\"Radlobby Nieder\u00f6sterreich\" \/>\n<meta property=\"article:publisher\" content=\"https:\/\/www.facebook.com\/groups\/radfahren.in.noe\/\" \/>\n<meta property=\"article:published_time\" content=\"2026-04-25T14:08:20+00:00\" \/>\n<meta property=\"article:modified_time\" content=\"2026-04-25T14:11:52+00:00\" \/>\n<meta property=\"og:image\" content=\"https:\/\/www.radlobby.org\/noe\/wp-content\/uploads\/Eisanradeln-Klosterneuburg-2026-4.jpeg\" \/>\n\t<meta property=\"og:image:width\" content=\"1600\" \/>\n\t<meta property=\"og:image:height\" content=\"1200\" \/>\n\t<meta property=\"og:image:type\" content=\"image\/jpeg\" \/>\n<meta name=\"author\" content=\"Werner Palfinger\" \/>\n<meta name=\"twitter:card\" content=\"summary_large_image\" \/>\n<meta name=\"twitter:label1\" content=\"Verfasst von\" \/>\n\t<meta name=\"twitter:data1\" content=\"Werner Palfinger\" \/>\n\t<meta name=\"twitter:label2\" content=\"Gesch\u00e4tzte Lesezeit\" \/>\n\t<meta name=\"twitter:data2\" content=\"3\u00a0Minuten\" \/>\n<script type=\"application\/ld+json\" class=\"yoast-schema-graph\">{\"@context\":\"https:\/\/schema.org\",\"@graph\":[{\"@type\":\"Article\",\"@id\":\"https:\/\/www.radlobby.org\/noe\/bericht-kinder-eis-anradeln-2026\/#article\",\"isPartOf\":{\"@id\":\"https:\/\/www.radlobby.org\/noe\/bericht-kinder-eis-anradeln-2026\/\"},\"author\":{\"name\":\"Werner Palfinger\",\"@id\":\"https:\/\/www.radlobby.org\/noe\/#\/schema\/person\/5a3b80d94c8748900f26aa4ca4326673\"},\"headline\":\"Bericht Kinder-Eis-Anradeln 2026\",\"datePublished\":\"2026-04-25T14:08:20+00:00\",\"dateModified\":\"2026-04-25T14:11:52+00:00\",\"mainEntityOfPage\":{\"@id\":\"https:\/\/www.radlobby.org\/noe\/bericht-kinder-eis-anradeln-2026\/\"},\"wordCount\":76,\"publisher\":{\"@id\":\"https:\/\/www.radlobby.org\/noe\/#organization\"},\"image\":{\"@id\":\"https:\/\/www.radlobby.org\/noe\/bericht-kinder-eis-anradeln-2026\/#primaryimage\"},\"thumbnailUrl\":\"https:\/\/www.radlobby.org\/noe\/wp-content\/uploads\/Eisanradeln-Klosterneuburg-2026-4.jpeg\",\"articleSection\":[\"Radlobby Nieder\u00f6sterreich\"],\"inLanguage\":\"de\"},{\"@type\":\"WebPage\",\"@id\":\"https:\/\/www.radlobby.org\/noe\/bericht-kinder-eis-anradeln-2026\/\",\"url\":\"https:\/\/www.radlobby.org\/noe\/bericht-kinder-eis-anradeln-2026\/\",\"name\":\"Bericht Kinder-Eis-Anradeln 2026 - Radlobby Nieder\u00f6sterreich\",\"isPartOf\":{\"@id\":\"https:\/\/www.radlobby.org\/noe\/#website\"},\"primaryImageOfPage\":{\"@id\":\"https:\/\/www.radlobby.org\/noe\/bericht-kinder-eis-anradeln-2026\/#primaryimage\"},\"image\":{\"@id\":\"https:\/\/www.radlobby.org\/noe\/bericht-kinder-eis-anradeln-2026\/#primaryimage\"},\"thumbnailUrl\":\"https:\/\/www.radlobby.org\/noe\/wp-content\/uploads\/Eisanradeln-Klosterneuburg-2026-4.jpeg\",\"datePublished\":\"2026-04-25T14:08:20+00:00\",\"dateModified\":\"2026-04-25T14:11:52+00:00\",\"breadcrumb\":{\"@id\":\"https:\/\/www.radlobby.org\/noe\/bericht-kinder-eis-anradeln-2026\/#breadcrumb\"},\"inLanguage\":\"de\",\"potentialAction\":[{\"@type\":\"ReadAction\",\"target\":[\"https:\/\/www.radlobby.org\/noe\/bericht-kinder-eis-anradeln-2026\/\"]}]},{\"@type\":\"ImageObject\",\"inLanguage\":\"de\",\"@id\":\"https:\/\/www.radlobby.org\/noe\/bericht-kinder-eis-anradeln-2026\/#primaryimage\",\"url\":\"https:\/\/www.radlobby.org\/noe\/wp-content\/uploads\/Eisanradeln-Klosterneuburg-2026-4.jpeg\",\"contentUrl\":\"https:\/\/www.radlobby.org\/noe\/wp-content\/uploads\/Eisanradeln-Klosterneuburg-2026-4.jpeg\",\"width\":1600,\"height\":1200},{\"@type\":\"BreadcrumbList\",\"@id\":\"https:\/\/www.radlobby.org\/noe\/bericht-kinder-eis-anradeln-2026\/#breadcrumb\",\"itemListElement\":[{\"@type\":\"ListItem\",\"position\":1,\"name\":\"Startseite\",\"item\":\"https:\/\/www.radlobby.org\/noe\/\"},{\"@type\":\"ListItem\",\"position\":2,\"name\":\"Bericht Kinder-Eis-Anradeln 2026\"}]},{\"@type\":\"WebSite\",\"@id\":\"https:\/\/www.radlobby.org\/noe\/#website\",\"url\":\"https:\/\/www.radlobby.org\/noe\/\",\"name\":\"Radlobby Nieder\u00f6sterreich\",\"description\":\"Radverkehr, Fahrrad, Radfahren, Radreisen, Radtouren, Radweg\",\"publisher\":{\"@id\":\"https:\/\/www.radlobby.org\/noe\/#organization\"},\"potentialAction\":[{\"@type\":\"SearchAction\",\"target\":{\"@type\":\"EntryPoint\",\"urlTemplate\":\"https:\/\/www.radlobby.org\/noe\/?s={search_term_string}\"},\"query-input\":{\"@type\":\"PropertyValueSpecification\",\"valueRequired\":true,\"valueName\":\"search_term_string\"}}],\"inLanguage\":\"de\"},{\"@type\":\"Organization\",\"@id\":\"https:\/\/www.radlobby.org\/noe\/#organization\",\"name\":\"Radlobby Nieder\u00f6sterreich\",\"url\":\"https:\/\/www.radlobby.org\/noe\/\",\"logo\":{\"@type\":\"ImageObject\",\"inLanguage\":\"de\",\"@id\":\"https:\/\/www.radlobby.org\/noe\/#\/schema\/logo\/image\/\",\"url\":\"https:\/\/www.radlobby.org\/noe\/wp-content\/uploads\/2017\/01\/cropped-Logo_Radlobby_Niederoesterreich_50-400px_quer-1.jpg\",\"contentUrl\":\"https:\/\/www.radlobby.org\/noe\/wp-content\/uploads\/2017\/01\/cropped-Logo_Radlobby_Niederoesterreich_50-400px_quer-1.jpg\",\"width\":450,\"height\":124,\"caption\":\"Radlobby Nieder\u00f6sterreich\"},\"image\":{\"@id\":\"https:\/\/www.radlobby.org\/noe\/#\/schema\/logo\/image\/\"},\"sameAs\":[\"https:\/\/www.facebook.com\/groups\/radfahren.in.noe\/\"]},{\"@type\":\"Person\",\"@id\":\"https:\/\/www.radlobby.org\/noe\/#\/schema\/person\/5a3b80d94c8748900f26aa4ca4326673\",\"name\":\"Werner Palfinger\",\"image\":{\"@type\":\"ImageObject\",\"inLanguage\":\"de\",\"@id\":\"https:\/\/www.radlobby.org\/noe\/#\/schema\/person\/image\/\",\"url\":\"https:\/\/secure.gravatar.com\/avatar\/155cfbe28f1c1f04b8f9814b373cdb8906867ba73f092ee062f94289f00af149?s=96&d=mm&r=g\",\"contentUrl\":\"https:\/\/secure.gravatar.com\/avatar\/155cfbe28f1c1f04b8f9814b373cdb8906867ba73f092ee062f94289f00af149?s=96&d=mm&r=g\",\"caption\":\"Werner Palfinger\"},\"url\":\"https:\/\/www.radlobby.org\/noe\/author\/wernerpalfinger\/\"}]}<\/script>\n<!-- \/ Yoast SEO plugin. -->","yoast_head_json":{"title":"Bericht Kinder-Eis-Anradeln 2026 - Radlobby Nieder\u00f6sterreich","robots":{"index":"index","follow":"follow","max-snippet":"max-snippet:-1","max-image-preview":"max-image-preview:large","max-video-preview":"max-video-preview:-1"},"canonical":"https:\/\/www.radlobby.org\/noe\/bericht-kinder-eis-anradeln-2026\/","og_locale":"de_DE","og_type":"article","og_title":"Bericht Kinder-Eis-Anradeln 2026 - Radlobby Nieder\u00f6sterreich","og_description":"Kinder-Eis-Anradeln mit 300 Teilnehmer*innen Zum f\u00fcnften Mal lud die Radlobby Klosterneuburg zum Kinder-Eis-Anradeln, um Radsaison und Eissaison feierlich einzul\u00e4uten. Von sieben Startpunkten wurde losgeradelt. 150 Kinder wurden schlie\u00dflich im Aupark mit Gratis-Eis von Zuckero belohnt. Auch der Radlobby-Drache erwachte wie","og_url":"https:\/\/www.radlobby.org\/noe\/bericht-kinder-eis-anradeln-2026\/","og_site_name":"Radlobby Nieder\u00f6sterreich","article_publisher":"https:\/\/www.facebook.com\/groups\/radfahren.in.noe\/","article_published_time":"2026-04-25T14:08:20+00:00","article_modified_time":"2026-04-25T14:11:52+00:00","og_image":[{"width":1600,"height":1200,"url":"https:\/\/www.radlobby.org\/noe\/wp-content\/uploads\/Eisanradeln-Klosterneuburg-2026-4.jpeg","type":"image\/jpeg"}],"author":"Werner Palfinger","twitter_card":"summary_large_image","twitter_misc":{"Verfasst von":"Werner Palfinger","Gesch\u00e4tzte Lesezeit":"3\u00a0Minuten"},"schema":{"@context":"https:\/\/schema.org","@graph":[{"@type":"Article","@id":"https:\/\/www.radlobby.org\/noe\/bericht-kinder-eis-anradeln-2026\/#article","isPartOf":{"@id":"https:\/\/www.radlobby.org\/noe\/bericht-kinder-eis-anradeln-2026\/"},"author":{"name":"Werner Palfinger","@id":"https:\/\/www.radlobby.org\/noe\/#\/schema\/person\/5a3b80d94c8748900f26aa4ca4326673"},"headline":"Bericht Kinder-Eis-Anradeln 2026","datePublished":"2026-04-25T14:08:20+00:00","dateModified":"2026-04-25T14:11:52+00:00","mainEntityOfPage":{"@id":"https:\/\/www.radlobby.org\/noe\/bericht-kinder-eis-anradeln-2026\/"},"wordCount":76,"publisher":{"@id":"https:\/\/www.radlobby.org\/noe\/#organization"},"image":{"@id":"https:\/\/www.radlobby.org\/noe\/bericht-kinder-eis-anradeln-2026\/#primaryimage"},"thumbnailUrl":"https:\/\/www.radlobby.org\/noe\/wp-content\/uploads\/Eisanradeln-Klosterneuburg-2026-4.jpeg","articleSection":["Radlobby Nieder\u00f6sterreich"],"inLanguage":"de"},{"@type":"WebPage","@id":"https:\/\/www.radlobby.org\/noe\/bericht-kinder-eis-anradeln-2026\/","url":"https:\/\/www.radlobby.org\/noe\/bericht-kinder-eis-anradeln-2026\/","name":"Bericht Kinder-Eis-Anradeln 2026 - Radlobby Nieder\u00f6sterreich","isPartOf":{"@id":"https:\/\/www.radlobby.org\/noe\/#website"},"primaryImageOfPage":{"@id":"https:\/\/www.radlobby.org\/noe\/bericht-kinder-eis-anradeln-2026\/#primaryimage"},"image":{"@id":"https:\/\/www.radlobby.org\/noe\/bericht-kinder-eis-anradeln-2026\/#primaryimage"},"thumbnailUrl":"https:\/\/www.radlobby.org\/noe\/wp-content\/uploads\/Eisanradeln-Klosterneuburg-2026-4.jpeg","datePublished":"2026-04-25T14:08:20+00:00","dateModified":"2026-04-25T14:11:52+00:00","breadcrumb":{"@id":"https:\/\/www.radlobby.org\/noe\/bericht-kinder-eis-anradeln-2026\/#breadcrumb"},"inLanguage":"de","potentialAction":[{"@type":"ReadAction","target":["https:\/\/www.radlobby.org\/noe\/bericht-kinder-eis-anradeln-2026\/"]}]},{"@type":"ImageObject","inLanguage":"de","@id":"https:\/\/www.radlobby.org\/noe\/bericht-kinder-eis-anradeln-2026\/#primaryimage","url":"https:\/\/www.radlobby.org\/noe\/wp-content\/uploads\/Eisanradeln-Klosterneuburg-2026-4.jpeg","contentUrl":"https:\/\/www.radlobby.org\/noe\/wp-content\/uploads\/Eisanradeln-Klosterneuburg-2026-4.jpeg","width":1600,"height":1200},{"@type":"BreadcrumbList","@id":"https:\/\/www.radlobby.org\/noe\/bericht-kinder-eis-anradeln-2026\/#breadcrumb","itemListElement":[{"@type":"ListItem","position":1,"name":"Startseite","item":"https:\/\/www.radlobby.org\/noe\/"},{"@type":"ListItem","position":2,"name":"Bericht Kinder-Eis-Anradeln 2026"}]},{"@type":"WebSite","@id":"https:\/\/www.radlobby.org\/noe\/#website","url":"https:\/\/www.radlobby.org\/noe\/","name":"Radlobby Nieder\u00f6sterreich","description":"Radverkehr, Fahrrad, Radfahren, Radreisen, Radtouren, Radweg","publisher":{"@id":"https:\/\/www.radlobby.org\/noe\/#organization"},"potentialAction":[{"@type":"SearchAction","target":{"@type":"EntryPoint","urlTemplate":"https:\/\/www.radlobby.org\/noe\/?s={search_term_string}"},"query-input":{"@type":"PropertyValueSpecification","valueRequired":true,"valueName":"search_term_string"}}],"inLanguage":"de"},{"@type":"Organization","@id":"https:\/\/www.radlobby.org\/noe\/#organization","name":"Radlobby Nieder\u00f6sterreich","url":"https:\/\/www.radlobby.org\/noe\/","logo":{"@type":"ImageObject","inLanguage":"de","@id":"https:\/\/www.radlobby.org\/noe\/#\/schema\/logo\/image\/","url":"https:\/\/www.radlobby.org\/noe\/wp-content\/uploads\/2017\/01\/cropped-Logo_Radlobby_Niederoesterreich_50-400px_quer-1.jpg","contentUrl":"https:\/\/www.radlobby.org\/noe\/wp-content\/uploads\/2017\/01\/cropped-Logo_Radlobby_Niederoesterreich_50-400px_quer-1.jpg","width":450,"height":124,"caption":"Radlobby Nieder\u00f6sterreich"},"image":{"@id":"https:\/\/www.radlobby.org\/noe\/#\/schema\/logo\/image\/"},"sameAs":["https:\/\/www.facebook.com\/groups\/radfahren.in.noe\/"]},{"@type":"Person","@id":"https:\/\/www.radlobby.org\/noe\/#\/schema\/person\/5a3b80d94c8748900f26aa4ca4326673","name":"Werner Palfinger","image":{"@type":"ImageObject","inLanguage":"de","@id":"https:\/\/www.radlobby.org\/noe\/#\/schema\/person\/image\/","url":"https:\/\/secure.gravatar.com\/avatar\/155cfbe28f1c1f04b8f9814b373cdb8906867ba73f092ee062f94289f00af149?s=96&d=mm&r=g","contentUrl":"https:\/\/secure.gravatar.com\/avatar\/155cfbe28f1c1f04b8f9814b373cdb8906867ba73f092ee062f94289f00af149?s=96&d=mm&r=g","caption":"Werner Palfinger"},"url":"https:\/\/www.radlobby.org\/noe\/author\/wernerpalfinger\/"}]}},"_links":{"self":[{"href":"https:\/\/www.radlobby.org\/noe\/wp-json\/wp\/v2\/posts\/41814","targetHints":{"allow":["GET"]}}],"collection":[{"href":"https:\/\/www.radlobby.org\/noe\/wp-json\/wp\/v2\/posts"}],"about":[{"href":"https:\/\/www.radlobby.org\/noe\/wp-json\/wp\/v2\/types\/post"}],"author":[{"embeddable":true,"href":"https:\/\/www.radlobby.org\/noe\/wp-json\/wp\/v2\/users\/28"}],"replies":[{"embeddable":true,"href":"https:\/\/www.radlobby.org\/noe\/wp-json\/wp\/v2\/comments?post=41814"}],"version-history":[{"count":3,"href":"https:\/\/www.radlobby.org\/noe\/wp-json\/wp\/v2\/posts\/41814\/revisions"}],"predecessor-version":[{"id":41882,"href":"https:\/\/www.radlobby.org\/noe\/wp-json\/wp\/v2\/posts\/41814\/revisions\/41882"}],"wp:featuredmedia":[{"embeddable":true,"href":"https:\/\/www.radlobby.org\/noe\/wp-json\/wp\/v2\/media\/41858"}],"wp:attachment":[{"href":"https:\/\/www.radlobby.org\/noe\/wp-json\/wp\/v2\/media?parent=41814"}],"wp:term":[{"taxonomy":"category","embeddable":true,"href":"https:\/\/www.radlobby.org\/noe\/wp-json\/wp\/v2\/categories?post=41814"},{"taxonomy":"post_tag","embeddable":true,"href":"https:\/\/www.radlobby.org\/noe\/wp-json\/wp\/v2\/tags?post=41814"}],"curies":[{"name":"wp","href":"https:\/\/api.w.org\/{rel}","templated":true}]}}