{"id":4174,"date":"2017-09-12T18:33:48","date_gmt":"2017-09-12T16:33:48","guid":{"rendered":"http:\/\/www.radlobby.org\/noe\/?p=4174"},"modified":"2017-09-21T12:36:25","modified_gmt":"2017-09-21T10:36:25","slug":"wiener-neustaedter-fussgaengerzone-herzog-leopold-strasseab-sofort-fuer-den-radverkehr-geoeffnet","status":"publish","type":"post","link":"https:\/\/www.radlobby.org\/noe\/wiener-neustaedter-fussgaengerzone-herzog-leopold-strasseab-sofort-fuer-den-radverkehr-geoeffnet\/","title":{"rendered":"Wiener Neust\u00e4dter Fu\u00dfg\u00e4ngerzone Herzog Leopold-Stra\u00dfe<br>ab sofort\u00a0f\u00fcr den Radverkehr ge\u00f6ffnet"},"content":{"rendered":"<p><strong>Die\u00a0Fu\u00dfg\u00e4ngerzone Herzog Leopold-Stra\u00dfe\u00a0sowie die\u00a0wichtigsten Querungen in der Wiener Neust\u00e4dter Innenstadt\u00a0sind ab sofort\u00a0f\u00fcr den Radverkehr im Schritttempo ge\u00f6ffnet. Radfahrerinnen und Radfahrer sollen ihre Ziele dadurch besser erreichen und die Innenstadt auf kurzem Weg durchqueren k\u00f6nnen.<\/strong><\/p>\n<p><a href=\"https:\/\/www.radlobby.org\/noe\/wp-content\/uploads\/20170900_Oeffnung_FUZO_WienerNeustadt_Pressefoto.jpg\" data-src=\"https:\/\/www.radlobby.org\/noe\/wp-content\/uploads\/20170900_Oeffnung_FUZO_WienerNeustadt_Pressefoto.jpg\" data-thumb=\"http:\/\/www.radlobby.org\/noe\/wp-content\/uploads\/20170900_Oeffnung_FUZO_WienerNeustadt_Pressefoto-300x227.jpg\" class=\"ml-lightbox-enabled\"><img loading=\"lazy\" decoding=\"async\" class=\"size-medium wp-image-4175 alignleft\" src=\"http:\/\/www.radlobby.org\/noe\/wp-content\/uploads\/20170900_Oeffnung_FUZO_WienerNeustadt_Pressefoto-300x227.jpg\" alt=\"\" width=\"300\" height=\"227\" srcset=\"https:\/\/www.radlobby.org\/noe\/wp-content\/uploads\/20170900_Oeffnung_FUZO_WienerNeustadt_Pressefoto-300x227.jpg 300w, https:\/\/www.radlobby.org\/noe\/wp-content\/uploads\/20170900_Oeffnung_FUZO_WienerNeustadt_Pressefoto-768x580.jpg 768w\" sizes=\"auto, (max-width: 300px) 100vw, 300px\" \/><\/a> \u201e<em>Mit der Installation zus\u00e4tzlicher Fahrradabstellanlagen auf dem Hauptplatz konnten wir bereits im Sommer ein weiteres Service f\u00fcr die Kundinnen und Kunden der Innenstadt setzen<\/em>\u201c, so B\u00fcrgermeister Mag. Klaus Schneeberger und der zust\u00e4ndige Stadtrat DI Franz Dinhobl, \u201e<em>mit der \u00d6ffnung der Fu\u00dfg\u00e4ngerzonen m\u00f6chten wir nun eine weitere Ma\u00dfnahme einerseits zur Attraktivierung des Radverkehrs, andererseits zur Belebung der Innenstadt setzen. Die Betonung liegt aber auf \u201aim Schritttempo\u2018 \u2013 wir appellieren an alle Radfahrerinnen und Radfahrer, sich r\u00fccksichtsvoll gegen\u00fcber den Fu\u00dfg\u00e4ngerinnen und Fu\u00dfg\u00e4ngern zu verhalten und speziell auf Kinder zu achten, sodass ein friedliches Miteinander m\u00f6glich ist<\/em>.\u201c<\/p>\n<p><strong>\u00a0<\/strong><strong>Folgende Fu\u00dfg\u00e4ngerzonen sind f\u00fcr den Radverkehr im Schritttempo ge\u00f6ffnet:<\/strong><\/p>\n<ul>\n<li>Herzog Leopold-Stra\u00dfe ab Ferdinand Porsche-Ring bis Hauptplatz<\/li>\n<li>Reyergasse ab Herrengasse und Singergasse bis Haggenm\u00fcllergasse<\/li>\n<li>Friedrichsgasse ab Herrengasse bis Herzog Leopold-Stra\u00dfe und weiter bis Hauptplatz<\/li>\n<li>Herrengasse ab Friedrichsgasse und Adlergasse bis Gr\u00fcbelgasse<\/li>\n<li>Domgasse ab Domplatz und Rosengasse bis Grazer Stra\u00dfe<\/li>\n<li>Augustingasse ab Domplatz und Deutschgasse<\/li>\n<li>Petersgasse ab\u00a0<span class=\"skimlinks-unlinked\">St.Peter\/Sperr<\/span>\u00a0und Wiener Stra\u00dfe von Petersgasse bis Baumkirchnerring; Gr\u00fcnangergasse: Einbahn in Richtung Westen<\/li>\n<li>Sparkassengasse und Schulgasse bis Kesslergasse und Kesslergasse von Hauptplatz bis Schulgasse<\/li>\n<li>Neunkirchner Stra\u00dfe ab Hauptplatz bis Bahngasse<\/li>\n<li>Allerheiligengasse ab Herzog Leopold-Stra\u00dfe bis Haggenm\u00fcllergasse<\/li>\n<li>Hauptplatz Westseite<\/li>\n<li>Nach der Neugestaltung der Fu\u00dfg\u00e4ngerzone Wiener Stra\u00dfe ca. ab Mitte 2018: Wiener Stra\u00dfe ab Hauptplatz bis Eyerspergring<\/li>\n<\/ul>\n<p>Gemeinsam mit der Radlobby Wiener Neustadt wurde auch ein\u00a0<strong>Info-Folder<\/strong>\u00a0zum Thema gestaltet, der in den beiden Rath\u00e4usern aufgelegt wird:<\/p>\n<p><a href=\"https:\/\/www.radlobby.org\/noe\/wp-content\/uploads\/20170900_Folder_FUZO_WienerNeustadt-1900px.2.jpg\" data-src=\"https:\/\/www.radlobby.org\/noe\/wp-content\/uploads\/20170900_Folder_FUZO_WienerNeustadt-1900px.2.jpg\" data-thumb=\"http:\/\/www.radlobby.org\/noe\/wp-content\/uploads\/20170900_Folder_FUZO_WienerNeustadt-1900px.2.jpg\" class=\"ml-lightbox-enabled\"><img loading=\"lazy\" decoding=\"async\" class=\"alignnone wp-image-4173 size-full\" src=\"http:\/\/www.radlobby.org\/noe\/wp-content\/uploads\/20170900_Folder_FUZO_WienerNeustadt-1900px.2.jpg\" alt=\"\" width=\"1899\" height=\"1343\" srcset=\"https:\/\/www.radlobby.org\/noe\/wp-content\/uploads\/20170900_Folder_FUZO_WienerNeustadt-1900px.2.jpg 1899w, https:\/\/www.radlobby.org\/noe\/wp-content\/uploads\/20170900_Folder_FUZO_WienerNeustadt-1900px.2-300x212.jpg 300w, https:\/\/www.radlobby.org\/noe\/wp-content\/uploads\/20170900_Folder_FUZO_WienerNeustadt-1900px.2-768x543.jpg 768w\" sizes=\"auto, (max-width: 1899px) 100vw, 1899px\" \/><\/a><\/p>\n<p><a href=\"https:\/\/www.radlobby.org\/noe\/wp-content\/uploads\/20170900_Folder_FUZO_WienerNeustadt-1900px.1.jpg\" data-src=\"https:\/\/www.radlobby.org\/noe\/wp-content\/uploads\/20170900_Folder_FUZO_WienerNeustadt-1900px.1.jpg\" data-thumb=\"http:\/\/www.radlobby.org\/noe\/wp-content\/uploads\/20170900_Folder_FUZO_WienerNeustadt-1900px.1.jpg\" class=\"ml-lightbox-enabled\"><img loading=\"lazy\" decoding=\"async\" class=\"alignnone size-full wp-image-4172\" src=\"http:\/\/www.radlobby.org\/noe\/wp-content\/uploads\/20170900_Folder_FUZO_WienerNeustadt-1900px.1.jpg\" alt=\"\" width=\"1899\" height=\"1343\" srcset=\"https:\/\/www.radlobby.org\/noe\/wp-content\/uploads\/20170900_Folder_FUZO_WienerNeustadt-1900px.1.jpg 1899w, https:\/\/www.radlobby.org\/noe\/wp-content\/uploads\/20170900_Folder_FUZO_WienerNeustadt-1900px.1-300x212.jpg 300w, https:\/\/www.radlobby.org\/noe\/wp-content\/uploads\/20170900_Folder_FUZO_WienerNeustadt-1900px.1-768x543.jpg 768w\" sizes=\"auto, (max-width: 1899px) 100vw, 1899px\" \/><\/a><\/p>\n","protected":false},"excerpt":{"rendered":"<p>Die\u00a0Fu\u00dfg\u00e4ngerzone Herzog Leopold-Stra\u00dfe\u00a0sowie die\u00a0wichtigsten Querungen in der Wiener Neust\u00e4dter Innenstadt\u00a0sind ab sofort\u00a0f\u00fcr den Radverkehr im Schritttempo ge\u00f6ffnet. Radfahrerinnen und Radfahrer sollen ihre Ziele dadurch besser erreichen und die Innenstadt auf kurzem Weg durchqueren k\u00f6nnen. \u201eMit der Installation zus\u00e4tzlicher Fahrradabstellanlagen auf<\/p>\n","protected":false},"author":16,"featured_media":3453,"comment_status":"closed","ping_status":"closed","sticky":false,"template":"","format":"standard","meta":{"footnotes":""},"categories":[20,7],"tags":[130],"class_list":["post-4174","post","type-post","status-publish","format-standard","has-post-thumbnail","hentry","category-niederoesterreich","category-wiener-neustadt","tag-kirche"],"yoast_head":"<!-- This site is optimized with the Yoast SEO plugin v26.9 - https:\/\/yoast.com\/product\/yoast-seo-wordpress\/ -->\n<title>Wiener Neust\u00e4dter Fu\u00dfg\u00e4ngerzone Herzog Leopold-Stra\u00dfeab sofort\u00a0f\u00fcr den Radverkehr ge\u00f6ffnet - Radlobby Nieder\u00f6sterreich<\/title>\n<meta name=\"robots\" content=\"index, follow, max-snippet:-1, max-image-preview:large, max-video-preview:-1\" \/>\n<link rel=\"canonical\" href=\"https:\/\/www.radlobby.org\/noe\/wiener-neustaedter-fussgaengerzone-herzog-leopold-strasseab-sofort-fuer-den-radverkehr-geoeffnet\/\" \/>\n<meta property=\"og:locale\" content=\"de_DE\" \/>\n<meta property=\"og:type\" content=\"article\" \/>\n<meta property=\"og:title\" content=\"Wiener Neust\u00e4dter Fu\u00dfg\u00e4ngerzone Herzog Leopold-Stra\u00dfeab sofort\u00a0f\u00fcr den Radverkehr ge\u00f6ffnet - Radlobby Nieder\u00f6sterreich\" \/>\n<meta property=\"og:description\" content=\"Die\u00a0Fu\u00dfg\u00e4ngerzone Herzog Leopold-Stra\u00dfe\u00a0sowie die\u00a0wichtigsten Querungen in der Wiener Neust\u00e4dter Innenstadt\u00a0sind ab sofort\u00a0f\u00fcr den Radverkehr im Schritttempo ge\u00f6ffnet. Radfahrerinnen und Radfahrer sollen ihre Ziele dadurch besser erreichen und die Innenstadt auf kurzem Weg durchqueren k\u00f6nnen. \u201eMit der Installation zus\u00e4tzlicher Fahrradabstellanlagen auf\" \/>\n<meta property=\"og:url\" content=\"https:\/\/www.radlobby.org\/noe\/wiener-neustaedter-fussgaengerzone-herzog-leopold-strasseab-sofort-fuer-den-radverkehr-geoeffnet\/\" \/>\n<meta property=\"og:site_name\" content=\"Radlobby Nieder\u00f6sterreich\" \/>\n<meta property=\"article:publisher\" content=\"https:\/\/www.facebook.com\/groups\/radfahren.in.noe\/\" \/>\n<meta property=\"article:published_time\" content=\"2017-09-12T16:33:48+00:00\" \/>\n<meta property=\"article:modified_time\" content=\"2017-09-21T10:36:25+00:00\" \/>\n<meta property=\"og:image\" content=\"https:\/\/www.radlobby.org\/noe\/wp-content\/uploads\/Logo_Radlobby_WienerNeustadt_150px.jpg\" \/>\n\t<meta property=\"og:image:width\" content=\"160\" \/>\n\t<meta property=\"og:image:height\" content=\"114\" \/>\n\t<meta property=\"og:image:type\" content=\"image\/jpeg\" \/>\n<meta name=\"author\" content=\"Karl Zauner - Admin\" \/>\n<meta name=\"twitter:card\" content=\"summary_large_image\" \/>\n<meta name=\"twitter:label1\" content=\"Verfasst von\" \/>\n\t<meta name=\"twitter:data1\" content=\"Karl Zauner - Admin\" \/>\n\t<meta name=\"twitter:label2\" content=\"Gesch\u00e4tzte Lesezeit\" \/>\n\t<meta name=\"twitter:data2\" content=\"2\u00a0Minuten\" \/>\n<script type=\"application\/ld+json\" class=\"yoast-schema-graph\">{\"@context\":\"https:\/\/schema.org\",\"@graph\":[{\"@type\":\"Article\",\"@id\":\"https:\/\/www.radlobby.org\/noe\/wiener-neustaedter-fussgaengerzone-herzog-leopold-strasseab-sofort-fuer-den-radverkehr-geoeffnet\/#article\",\"isPartOf\":{\"@id\":\"https:\/\/www.radlobby.org\/noe\/wiener-neustaedter-fussgaengerzone-herzog-leopold-strasseab-sofort-fuer-den-radverkehr-geoeffnet\/\"},\"author\":{\"name\":\"Karl Zauner - Admin\",\"@id\":\"https:\/\/www.radlobby.org\/noe\/#\/schema\/person\/10547574c40a9e9ea65f92c73f3c516b\"},\"headline\":\"Wiener Neust\u00e4dter Fu\u00dfg\u00e4ngerzone Herzog Leopold-Stra\u00dfe ab sofort\u00a0f\u00fcr den Radverkehr ge\u00f6ffnet\",\"datePublished\":\"2017-09-12T16:33:48+00:00\",\"dateModified\":\"2017-09-21T10:36:25+00:00\",\"mainEntityOfPage\":{\"@id\":\"https:\/\/www.radlobby.org\/noe\/wiener-neustaedter-fussgaengerzone-herzog-leopold-strasseab-sofort-fuer-den-radverkehr-geoeffnet\/\"},\"wordCount\":320,\"publisher\":{\"@id\":\"https:\/\/www.radlobby.org\/noe\/#organization\"},\"image\":{\"@id\":\"https:\/\/www.radlobby.org\/noe\/wiener-neustaedter-fussgaengerzone-herzog-leopold-strasseab-sofort-fuer-den-radverkehr-geoeffnet\/#primaryimage\"},\"thumbnailUrl\":\"https:\/\/www.radlobby.org\/noe\/wp-content\/uploads\/Logo_Radlobby_WienerNeustadt_150px.jpg\",\"keywords\":[\"Kirche\"],\"articleSection\":[\"Radlobby Nieder\u00f6sterreich\",\"Radlobby Wiener Neustadt\"],\"inLanguage\":\"de\"},{\"@type\":\"WebPage\",\"@id\":\"https:\/\/www.radlobby.org\/noe\/wiener-neustaedter-fussgaengerzone-herzog-leopold-strasseab-sofort-fuer-den-radverkehr-geoeffnet\/\",\"url\":\"https:\/\/www.radlobby.org\/noe\/wiener-neustaedter-fussgaengerzone-herzog-leopold-strasseab-sofort-fuer-den-radverkehr-geoeffnet\/\",\"name\":\"Wiener Neust\u00e4dter Fu\u00dfg\u00e4ngerzone Herzog Leopold-Stra\u00dfe ab sofort\u00a0f\u00fcr den Radverkehr ge\u00f6ffnet - Radlobby Nieder\u00f6sterreich\",\"isPartOf\":{\"@id\":\"https:\/\/www.radlobby.org\/noe\/#website\"},\"primaryImageOfPage\":{\"@id\":\"https:\/\/www.radlobby.org\/noe\/wiener-neustaedter-fussgaengerzone-herzog-leopold-strasseab-sofort-fuer-den-radverkehr-geoeffnet\/#primaryimage\"},\"image\":{\"@id\":\"https:\/\/www.radlobby.org\/noe\/wiener-neustaedter-fussgaengerzone-herzog-leopold-strasseab-sofort-fuer-den-radverkehr-geoeffnet\/#primaryimage\"},\"thumbnailUrl\":\"https:\/\/www.radlobby.org\/noe\/wp-content\/uploads\/Logo_Radlobby_WienerNeustadt_150px.jpg\",\"datePublished\":\"2017-09-12T16:33:48+00:00\",\"dateModified\":\"2017-09-21T10:36:25+00:00\",\"breadcrumb\":{\"@id\":\"https:\/\/www.radlobby.org\/noe\/wiener-neustaedter-fussgaengerzone-herzog-leopold-strasseab-sofort-fuer-den-radverkehr-geoeffnet\/#breadcrumb\"},\"inLanguage\":\"de\",\"potentialAction\":[{\"@type\":\"ReadAction\",\"target\":[\"https:\/\/www.radlobby.org\/noe\/wiener-neustaedter-fussgaengerzone-herzog-leopold-strasseab-sofort-fuer-den-radverkehr-geoeffnet\/\"]}]},{\"@type\":\"ImageObject\",\"inLanguage\":\"de\",\"@id\":\"https:\/\/www.radlobby.org\/noe\/wiener-neustaedter-fussgaengerzone-herzog-leopold-strasseab-sofort-fuer-den-radverkehr-geoeffnet\/#primaryimage\",\"url\":\"https:\/\/www.radlobby.org\/noe\/wp-content\/uploads\/Logo_Radlobby_WienerNeustadt_150px.jpg\",\"contentUrl\":\"https:\/\/www.radlobby.org\/noe\/wp-content\/uploads\/Logo_Radlobby_WienerNeustadt_150px.jpg\",\"width\":160,\"height\":114},{\"@type\":\"BreadcrumbList\",\"@id\":\"https:\/\/www.radlobby.org\/noe\/wiener-neustaedter-fussgaengerzone-herzog-leopold-strasseab-sofort-fuer-den-radverkehr-geoeffnet\/#breadcrumb\",\"itemListElement\":[{\"@type\":\"ListItem\",\"position\":1,\"name\":\"Startseite\",\"item\":\"https:\/\/www.radlobby.org\/noe\/\"},{\"@type\":\"ListItem\",\"position\":2,\"name\":\"Wiener Neust\u00e4dter Fu\u00dfg\u00e4ngerzone Herzog Leopold-Stra\u00dfeab sofort\u00a0f\u00fcr den Radverkehr ge\u00f6ffnet\"}]},{\"@type\":\"WebSite\",\"@id\":\"https:\/\/www.radlobby.org\/noe\/#website\",\"url\":\"https:\/\/www.radlobby.org\/noe\/\",\"name\":\"Radlobby Nieder\u00f6sterreich\",\"description\":\"Radverkehr, Fahrrad, Radfahren, Radreisen, Radtouren, Radweg\",\"publisher\":{\"@id\":\"https:\/\/www.radlobby.org\/noe\/#organization\"},\"potentialAction\":[{\"@type\":\"SearchAction\",\"target\":{\"@type\":\"EntryPoint\",\"urlTemplate\":\"https:\/\/www.radlobby.org\/noe\/?s={search_term_string}\"},\"query-input\":{\"@type\":\"PropertyValueSpecification\",\"valueRequired\":true,\"valueName\":\"search_term_string\"}}],\"inLanguage\":\"de\"},{\"@type\":\"Organization\",\"@id\":\"https:\/\/www.radlobby.org\/noe\/#organization\",\"name\":\"Radlobby Nieder\u00f6sterreich\",\"url\":\"https:\/\/www.radlobby.org\/noe\/\",\"logo\":{\"@type\":\"ImageObject\",\"inLanguage\":\"de\",\"@id\":\"https:\/\/www.radlobby.org\/noe\/#\/schema\/logo\/image\/\",\"url\":\"https:\/\/www.radlobby.org\/noe\/wp-content\/uploads\/2017\/01\/cropped-Logo_Radlobby_Niederoesterreich_50-400px_quer-1.jpg\",\"contentUrl\":\"https:\/\/www.radlobby.org\/noe\/wp-content\/uploads\/2017\/01\/cropped-Logo_Radlobby_Niederoesterreich_50-400px_quer-1.jpg\",\"width\":450,\"height\":124,\"caption\":\"Radlobby Nieder\u00f6sterreich\"},\"image\":{\"@id\":\"https:\/\/www.radlobby.org\/noe\/#\/schema\/logo\/image\/\"},\"sameAs\":[\"https:\/\/www.facebook.com\/groups\/radfahren.in.noe\/\"]},{\"@type\":\"Person\",\"@id\":\"https:\/\/www.radlobby.org\/noe\/#\/schema\/person\/10547574c40a9e9ea65f92c73f3c516b\",\"name\":\"Karl Zauner - Admin\",\"image\":{\"@type\":\"ImageObject\",\"inLanguage\":\"de\",\"@id\":\"https:\/\/www.radlobby.org\/noe\/#\/schema\/person\/image\/\",\"url\":\"https:\/\/secure.gravatar.com\/avatar\/c0be6303c1ffe16a7b1c79e07b12d4b29176a733c2a5e811b749965d4be12138?s=96&d=mm&r=g\",\"contentUrl\":\"https:\/\/secure.gravatar.com\/avatar\/c0be6303c1ffe16a7b1c79e07b12d4b29176a733c2a5e811b749965d4be12138?s=96&d=mm&r=g\",\"caption\":\"Karl Zauner - Admin\"},\"url\":\"https:\/\/www.radlobby.org\/noe\/author\/karlzauneradmin\/\"}]}<\/script>\n<!-- \/ Yoast SEO plugin. -->","yoast_head_json":{"title":"Wiener Neust\u00e4dter Fu\u00dfg\u00e4ngerzone Herzog Leopold-Stra\u00dfeab sofort\u00a0f\u00fcr den Radverkehr ge\u00f6ffnet - Radlobby Nieder\u00f6sterreich","robots":{"index":"index","follow":"follow","max-snippet":"max-snippet:-1","max-image-preview":"max-image-preview:large","max-video-preview":"max-video-preview:-1"},"canonical":"https:\/\/www.radlobby.org\/noe\/wiener-neustaedter-fussgaengerzone-herzog-leopold-strasseab-sofort-fuer-den-radverkehr-geoeffnet\/","og_locale":"de_DE","og_type":"article","og_title":"Wiener Neust\u00e4dter Fu\u00dfg\u00e4ngerzone Herzog Leopold-Stra\u00dfeab sofort\u00a0f\u00fcr den Radverkehr ge\u00f6ffnet - Radlobby Nieder\u00f6sterreich","og_description":"Die\u00a0Fu\u00dfg\u00e4ngerzone Herzog Leopold-Stra\u00dfe\u00a0sowie die\u00a0wichtigsten Querungen in der Wiener Neust\u00e4dter Innenstadt\u00a0sind ab sofort\u00a0f\u00fcr den Radverkehr im Schritttempo ge\u00f6ffnet. Radfahrerinnen und Radfahrer sollen ihre Ziele dadurch besser erreichen und die Innenstadt auf kurzem Weg durchqueren k\u00f6nnen. \u201eMit der Installation zus\u00e4tzlicher Fahrradabstellanlagen auf","og_url":"https:\/\/www.radlobby.org\/noe\/wiener-neustaedter-fussgaengerzone-herzog-leopold-strasseab-sofort-fuer-den-radverkehr-geoeffnet\/","og_site_name":"Radlobby Nieder\u00f6sterreich","article_publisher":"https:\/\/www.facebook.com\/groups\/radfahren.in.noe\/","article_published_time":"2017-09-12T16:33:48+00:00","article_modified_time":"2017-09-21T10:36:25+00:00","og_image":[{"width":160,"height":114,"url":"https:\/\/www.radlobby.org\/noe\/wp-content\/uploads\/Logo_Radlobby_WienerNeustadt_150px.jpg","type":"image\/jpeg"}],"author":"Karl Zauner - Admin","twitter_card":"summary_large_image","twitter_misc":{"Verfasst von":"Karl Zauner - Admin","Gesch\u00e4tzte Lesezeit":"2\u00a0Minuten"},"schema":{"@context":"https:\/\/schema.org","@graph":[{"@type":"Article","@id":"https:\/\/www.radlobby.org\/noe\/wiener-neustaedter-fussgaengerzone-herzog-leopold-strasseab-sofort-fuer-den-radverkehr-geoeffnet\/#article","isPartOf":{"@id":"https:\/\/www.radlobby.org\/noe\/wiener-neustaedter-fussgaengerzone-herzog-leopold-strasseab-sofort-fuer-den-radverkehr-geoeffnet\/"},"author":{"name":"Karl Zauner - Admin","@id":"https:\/\/www.radlobby.org\/noe\/#\/schema\/person\/10547574c40a9e9ea65f92c73f3c516b"},"headline":"Wiener Neust\u00e4dter Fu\u00dfg\u00e4ngerzone Herzog Leopold-Stra\u00dfe ab sofort\u00a0f\u00fcr den Radverkehr ge\u00f6ffnet","datePublished":"2017-09-12T16:33:48+00:00","dateModified":"2017-09-21T10:36:25+00:00","mainEntityOfPage":{"@id":"https:\/\/www.radlobby.org\/noe\/wiener-neustaedter-fussgaengerzone-herzog-leopold-strasseab-sofort-fuer-den-radverkehr-geoeffnet\/"},"wordCount":320,"publisher":{"@id":"https:\/\/www.radlobby.org\/noe\/#organization"},"image":{"@id":"https:\/\/www.radlobby.org\/noe\/wiener-neustaedter-fussgaengerzone-herzog-leopold-strasseab-sofort-fuer-den-radverkehr-geoeffnet\/#primaryimage"},"thumbnailUrl":"https:\/\/www.radlobby.org\/noe\/wp-content\/uploads\/Logo_Radlobby_WienerNeustadt_150px.jpg","keywords":["Kirche"],"articleSection":["Radlobby Nieder\u00f6sterreich","Radlobby Wiener Neustadt"],"inLanguage":"de"},{"@type":"WebPage","@id":"https:\/\/www.radlobby.org\/noe\/wiener-neustaedter-fussgaengerzone-herzog-leopold-strasseab-sofort-fuer-den-radverkehr-geoeffnet\/","url":"https:\/\/www.radlobby.org\/noe\/wiener-neustaedter-fussgaengerzone-herzog-leopold-strasseab-sofort-fuer-den-radverkehr-geoeffnet\/","name":"Wiener Neust\u00e4dter Fu\u00dfg\u00e4ngerzone Herzog Leopold-Stra\u00dfe ab sofort\u00a0f\u00fcr den Radverkehr ge\u00f6ffnet - Radlobby Nieder\u00f6sterreich","isPartOf":{"@id":"https:\/\/www.radlobby.org\/noe\/#website"},"primaryImageOfPage":{"@id":"https:\/\/www.radlobby.org\/noe\/wiener-neustaedter-fussgaengerzone-herzog-leopold-strasseab-sofort-fuer-den-radverkehr-geoeffnet\/#primaryimage"},"image":{"@id":"https:\/\/www.radlobby.org\/noe\/wiener-neustaedter-fussgaengerzone-herzog-leopold-strasseab-sofort-fuer-den-radverkehr-geoeffnet\/#primaryimage"},"thumbnailUrl":"https:\/\/www.radlobby.org\/noe\/wp-content\/uploads\/Logo_Radlobby_WienerNeustadt_150px.jpg","datePublished":"2017-09-12T16:33:48+00:00","dateModified":"2017-09-21T10:36:25+00:00","breadcrumb":{"@id":"https:\/\/www.radlobby.org\/noe\/wiener-neustaedter-fussgaengerzone-herzog-leopold-strasseab-sofort-fuer-den-radverkehr-geoeffnet\/#breadcrumb"},"inLanguage":"de","potentialAction":[{"@type":"ReadAction","target":["https:\/\/www.radlobby.org\/noe\/wiener-neustaedter-fussgaengerzone-herzog-leopold-strasseab-sofort-fuer-den-radverkehr-geoeffnet\/"]}]},{"@type":"ImageObject","inLanguage":"de","@id":"https:\/\/www.radlobby.org\/noe\/wiener-neustaedter-fussgaengerzone-herzog-leopold-strasseab-sofort-fuer-den-radverkehr-geoeffnet\/#primaryimage","url":"https:\/\/www.radlobby.org\/noe\/wp-content\/uploads\/Logo_Radlobby_WienerNeustadt_150px.jpg","contentUrl":"https:\/\/www.radlobby.org\/noe\/wp-content\/uploads\/Logo_Radlobby_WienerNeustadt_150px.jpg","width":160,"height":114},{"@type":"BreadcrumbList","@id":"https:\/\/www.radlobby.org\/noe\/wiener-neustaedter-fussgaengerzone-herzog-leopold-strasseab-sofort-fuer-den-radverkehr-geoeffnet\/#breadcrumb","itemListElement":[{"@type":"ListItem","position":1,"name":"Startseite","item":"https:\/\/www.radlobby.org\/noe\/"},{"@type":"ListItem","position":2,"name":"Wiener Neust\u00e4dter Fu\u00dfg\u00e4ngerzone Herzog Leopold-Stra\u00dfeab sofort\u00a0f\u00fcr den Radverkehr ge\u00f6ffnet"}]},{"@type":"WebSite","@id":"https:\/\/www.radlobby.org\/noe\/#website","url":"https:\/\/www.radlobby.org\/noe\/","name":"Radlobby Nieder\u00f6sterreich","description":"Radverkehr, Fahrrad, Radfahren, Radreisen, Radtouren, Radweg","publisher":{"@id":"https:\/\/www.radlobby.org\/noe\/#organization"},"potentialAction":[{"@type":"SearchAction","target":{"@type":"EntryPoint","urlTemplate":"https:\/\/www.radlobby.org\/noe\/?s={search_term_string}"},"query-input":{"@type":"PropertyValueSpecification","valueRequired":true,"valueName":"search_term_string"}}],"inLanguage":"de"},{"@type":"Organization","@id":"https:\/\/www.radlobby.org\/noe\/#organization","name":"Radlobby Nieder\u00f6sterreich","url":"https:\/\/www.radlobby.org\/noe\/","logo":{"@type":"ImageObject","inLanguage":"de","@id":"https:\/\/www.radlobby.org\/noe\/#\/schema\/logo\/image\/","url":"https:\/\/www.radlobby.org\/noe\/wp-content\/uploads\/2017\/01\/cropped-Logo_Radlobby_Niederoesterreich_50-400px_quer-1.jpg","contentUrl":"https:\/\/www.radlobby.org\/noe\/wp-content\/uploads\/2017\/01\/cropped-Logo_Radlobby_Niederoesterreich_50-400px_quer-1.jpg","width":450,"height":124,"caption":"Radlobby Nieder\u00f6sterreich"},"image":{"@id":"https:\/\/www.radlobby.org\/noe\/#\/schema\/logo\/image\/"},"sameAs":["https:\/\/www.facebook.com\/groups\/radfahren.in.noe\/"]},{"@type":"Person","@id":"https:\/\/www.radlobby.org\/noe\/#\/schema\/person\/10547574c40a9e9ea65f92c73f3c516b","name":"Karl Zauner - Admin","image":{"@type":"ImageObject","inLanguage":"de","@id":"https:\/\/www.radlobby.org\/noe\/#\/schema\/person\/image\/","url":"https:\/\/secure.gravatar.com\/avatar\/c0be6303c1ffe16a7b1c79e07b12d4b29176a733c2a5e811b749965d4be12138?s=96&d=mm&r=g","contentUrl":"https:\/\/secure.gravatar.com\/avatar\/c0be6303c1ffe16a7b1c79e07b12d4b29176a733c2a5e811b749965d4be12138?s=96&d=mm&r=g","caption":"Karl Zauner - Admin"},"url":"https:\/\/www.radlobby.org\/noe\/author\/karlzauneradmin\/"}]}},"_links":{"self":[{"href":"https:\/\/www.radlobby.org\/noe\/wp-json\/wp\/v2\/posts\/4174","targetHints":{"allow":["GET"]}}],"collection":[{"href":"https:\/\/www.radlobby.org\/noe\/wp-json\/wp\/v2\/posts"}],"about":[{"href":"https:\/\/www.radlobby.org\/noe\/wp-json\/wp\/v2\/types\/post"}],"author":[{"embeddable":true,"href":"https:\/\/www.radlobby.org\/noe\/wp-json\/wp\/v2\/users\/16"}],"replies":[{"embeddable":true,"href":"https:\/\/www.radlobby.org\/noe\/wp-json\/wp\/v2\/comments?post=4174"}],"version-history":[{"count":0,"href":"https:\/\/www.radlobby.org\/noe\/wp-json\/wp\/v2\/posts\/4174\/revisions"}],"wp:featuredmedia":[{"embeddable":true,"href":"https:\/\/www.radlobby.org\/noe\/wp-json\/wp\/v2\/media\/3453"}],"wp:attachment":[{"href":"https:\/\/www.radlobby.org\/noe\/wp-json\/wp\/v2\/media?parent=4174"}],"wp:term":[{"taxonomy":"category","embeddable":true,"href":"https:\/\/www.radlobby.org\/noe\/wp-json\/wp\/v2\/categories?post=4174"},{"taxonomy":"post_tag","embeddable":true,"href":"https:\/\/www.radlobby.org\/noe\/wp-json\/wp\/v2\/tags?post=4174"}],"curies":[{"name":"wp","href":"https:\/\/api.w.org\/{rel}","templated":true}]}}