{"id":41703,"date":"2026-04-09T20:54:05","date_gmt":"2026-04-09T18:54:05","guid":{"rendered":"https:\/\/www.radlobby.org\/noe\/?p=41703"},"modified":"2026-04-10T14:39:02","modified_gmt":"2026-04-10T12:39:02","slug":"herzliche-einladung-zum-naechsten-treffen-der-radlobby-amstetten-4","status":"publish","type":"post","link":"https:\/\/www.radlobby.org\/noe\/herzliche-einladung-zum-naechsten-treffen-der-radlobby-amstetten-4\/","title":{"rendered":"Herzliche Einladung zum n\u00e4chsten Radausflug"},"content":{"rendered":"\n<ul class=\"wp-block-list\">\n<li>Donnerstag, 11. 4.&nbsp; 2026, 14 Uhr<\/li>\n<\/ul>\n\n\n\n<figure class=\"wp-block-image size-full\"><img loading=\"lazy\" decoding=\"async\" width=\"1080\" height=\"1080\" src=\"https:\/\/www.radlobby.org\/noe\/wp-content\/uploads\/April.png\" alt=\"\" class=\"wp-image-41704\" srcset=\"https:\/\/www.radlobby.org\/noe\/wp-content\/uploads\/April.png 1080w, https:\/\/www.radlobby.org\/noe\/wp-content\/uploads\/April-300x300.png 300w, https:\/\/www.radlobby.org\/noe\/wp-content\/uploads\/April-150x150.png 150w, https:\/\/www.radlobby.org\/noe\/wp-content\/uploads\/April-768x768.png 768w, https:\/\/www.radlobby.org\/noe\/wp-content\/uploads\/April-270x270.png 270w, https:\/\/www.radlobby.org\/noe\/wp-content\/uploads\/April-230x230.png 230w\" sizes=\"auto, (max-width: 1080px) 100vw, 1080px\" \/><\/figure>\n\n\n\n<p>Wir treffen uns um 14 Uhr am Hauptplatz in Amstetten und fahren ca. 30 km \u00fcber Euratsfeld nach Ferschnitz und weiter von Hermannsdorf zur\u00fcck nach Amstetten. Wir freuen uns auf euch!<\/p>\n\n\n\n<p><a href=\"https:\/\/www.facebook.com\/events\/1269461868021929?acontext=%7B%22event_action_history%22%3A[%7B%22mechanism%22%3A%22attachment%22%2C%22surface%22%3A%22newsfeed%22%7D]%2C%22ref_notif_type%22%3Anull%7D\" type=\"link\" id=\"https:\/\/www.facebook.com\/events\/1269461868021929?acontext=%7B%22event_action_history%22%3A[%7B%22mechanism%22%3A%22attachment%22%2C%22surface%22%3A%22newsfeed%22%7D]%2C%22ref_notif_type%22%3Anull%7D\">https:\/\/www.facebook.com\/events\/1269461868021929?acontext=%7B%22event_action_history%22%3A[%7B%22mechanism%22%3A%22attachment%22%2C%22surface%22%3A%22newsfeed%22%7D]%2C%22ref_notif_type%22%3Anull%7D<\/a>&nbsp;<\/p>\n\n\n\n<p><\/p>\n","protected":false},"excerpt":{"rendered":"<p>Wir treffen uns um 14 Uhr am Hauptplatz in Amstetten und fahren ca. 30 km \u00fcber Euratsfeld nach Ferschnitz und weiter von Hermannsdorf zur\u00fcck nach Amstetten. Wir freuen uns auf euch! https:\/\/www.facebook.com\/events\/1269461868021929?acontext=%7B%22event_action_history%22%3A[%7B%22mechanism%22%3A%22attachment%22%2C%22surface%22%3A%22newsfeed%22%7D]%2C%22ref_notif_type%22%3Anull%7D&nbsp;<\/p>\n","protected":false},"author":84,"featured_media":0,"comment_status":"closed","ping_status":"closed","sticky":false,"template":"","format":"standard","meta":{"footnotes":""},"categories":[579],"tags":[],"class_list":["post-41703","post","type-post","status-publish","format-standard","hentry","category-amstetten"],"yoast_head":"<!-- This site is optimized with the Yoast SEO plugin v26.9 - https:\/\/yoast.com\/product\/yoast-seo-wordpress\/ -->\n<title>Herzliche Einladung zum n\u00e4chsten Radausflug - Radlobby Nieder\u00f6sterreich<\/title>\n<meta name=\"robots\" content=\"index, follow, max-snippet:-1, max-image-preview:large, max-video-preview:-1\" \/>\n<link rel=\"canonical\" href=\"https:\/\/www.radlobby.org\/noe\/herzliche-einladung-zum-naechsten-treffen-der-radlobby-amstetten-4\/\" \/>\n<meta property=\"og:locale\" content=\"de_DE\" \/>\n<meta property=\"og:type\" content=\"article\" \/>\n<meta property=\"og:title\" content=\"Herzliche Einladung zum n\u00e4chsten Radausflug - Radlobby Nieder\u00f6sterreich\" \/>\n<meta property=\"og:description\" content=\"Wir treffen uns um 14 Uhr am Hauptplatz in Amstetten und fahren ca. 30 km \u00fcber Euratsfeld nach Ferschnitz und weiter von Hermannsdorf zur\u00fcck nach Amstetten. Wir freuen uns auf euch! https:\/\/www.facebook.com\/events\/1269461868021929?acontext=%7B%22event_action_history%22%3A[%7B%22mechanism%22%3A%22attachment%22%2C%22surface%22%3A%22newsfeed%22%7D]%2C%22ref_notif_type%22%3Anull%7D&nbsp;\" \/>\n<meta property=\"og:url\" content=\"https:\/\/www.radlobby.org\/noe\/herzliche-einladung-zum-naechsten-treffen-der-radlobby-amstetten-4\/\" \/>\n<meta property=\"og:site_name\" content=\"Radlobby Nieder\u00f6sterreich\" \/>\n<meta property=\"article:publisher\" content=\"https:\/\/www.facebook.com\/groups\/radfahren.in.noe\/\" \/>\n<meta property=\"article:published_time\" content=\"2026-04-09T18:54:05+00:00\" \/>\n<meta property=\"article:modified_time\" content=\"2026-04-10T12:39:02+00:00\" \/>\n<meta property=\"og:image\" content=\"https:\/\/www.radlobby.org\/noe\/wp-content\/uploads\/April.png\" \/>\n\t<meta property=\"og:image:width\" content=\"1080\" \/>\n\t<meta property=\"og:image:height\" content=\"1080\" \/>\n\t<meta property=\"og:image:type\" content=\"image\/png\" \/>\n<meta name=\"author\" content=\"Gudrun Offenberger\" \/>\n<meta name=\"twitter:card\" content=\"summary_large_image\" \/>\n<meta name=\"twitter:label1\" content=\"Verfasst von\" \/>\n\t<meta name=\"twitter:data1\" content=\"Gudrun Offenberger\" \/>\n\t<meta name=\"twitter:label2\" content=\"Gesch\u00e4tzte Lesezeit\" \/>\n\t<meta name=\"twitter:data2\" content=\"1\u00a0Minute\" \/>\n<script type=\"application\/ld+json\" class=\"yoast-schema-graph\">{\"@context\":\"https:\/\/schema.org\",\"@graph\":[{\"@type\":\"Article\",\"@id\":\"https:\/\/www.radlobby.org\/noe\/herzliche-einladung-zum-naechsten-treffen-der-radlobby-amstetten-4\/#article\",\"isPartOf\":{\"@id\":\"https:\/\/www.radlobby.org\/noe\/herzliche-einladung-zum-naechsten-treffen-der-radlobby-amstetten-4\/\"},\"author\":{\"name\":\"Gudrun Offenberger\",\"@id\":\"https:\/\/www.radlobby.org\/noe\/#\/schema\/person\/abe4cc057351c6dee4e8dbe4848395a9\"},\"headline\":\"Herzliche Einladung zum n\u00e4chsten Radausflug\",\"datePublished\":\"2026-04-09T18:54:05+00:00\",\"dateModified\":\"2026-04-10T12:39:02+00:00\",\"mainEntityOfPage\":{\"@id\":\"https:\/\/www.radlobby.org\/noe\/herzliche-einladung-zum-naechsten-treffen-der-radlobby-amstetten-4\/\"},\"wordCount\":66,\"publisher\":{\"@id\":\"https:\/\/www.radlobby.org\/noe\/#organization\"},\"image\":{\"@id\":\"https:\/\/www.radlobby.org\/noe\/herzliche-einladung-zum-naechsten-treffen-der-radlobby-amstetten-4\/#primaryimage\"},\"thumbnailUrl\":\"https:\/\/www.radlobby.org\/noe\/wp-content\/uploads\/April.png\",\"articleSection\":[\"Radlobby Amstetten\"],\"inLanguage\":\"de\"},{\"@type\":\"WebPage\",\"@id\":\"https:\/\/www.radlobby.org\/noe\/herzliche-einladung-zum-naechsten-treffen-der-radlobby-amstetten-4\/\",\"url\":\"https:\/\/www.radlobby.org\/noe\/herzliche-einladung-zum-naechsten-treffen-der-radlobby-amstetten-4\/\",\"name\":\"Herzliche Einladung zum n\u00e4chsten Radausflug - Radlobby Nieder\u00f6sterreich\",\"isPartOf\":{\"@id\":\"https:\/\/www.radlobby.org\/noe\/#website\"},\"primaryImageOfPage\":{\"@id\":\"https:\/\/www.radlobby.org\/noe\/herzliche-einladung-zum-naechsten-treffen-der-radlobby-amstetten-4\/#primaryimage\"},\"image\":{\"@id\":\"https:\/\/www.radlobby.org\/noe\/herzliche-einladung-zum-naechsten-treffen-der-radlobby-amstetten-4\/#primaryimage\"},\"thumbnailUrl\":\"https:\/\/www.radlobby.org\/noe\/wp-content\/uploads\/April.png\",\"datePublished\":\"2026-04-09T18:54:05+00:00\",\"dateModified\":\"2026-04-10T12:39:02+00:00\",\"breadcrumb\":{\"@id\":\"https:\/\/www.radlobby.org\/noe\/herzliche-einladung-zum-naechsten-treffen-der-radlobby-amstetten-4\/#breadcrumb\"},\"inLanguage\":\"de\",\"potentialAction\":[{\"@type\":\"ReadAction\",\"target\":[\"https:\/\/www.radlobby.org\/noe\/herzliche-einladung-zum-naechsten-treffen-der-radlobby-amstetten-4\/\"]}]},{\"@type\":\"ImageObject\",\"inLanguage\":\"de\",\"@id\":\"https:\/\/www.radlobby.org\/noe\/herzliche-einladung-zum-naechsten-treffen-der-radlobby-amstetten-4\/#primaryimage\",\"url\":\"https:\/\/www.radlobby.org\/noe\/wp-content\/uploads\/April.png\",\"contentUrl\":\"https:\/\/www.radlobby.org\/noe\/wp-content\/uploads\/April.png\",\"width\":1080,\"height\":1080},{\"@type\":\"BreadcrumbList\",\"@id\":\"https:\/\/www.radlobby.org\/noe\/herzliche-einladung-zum-naechsten-treffen-der-radlobby-amstetten-4\/#breadcrumb\",\"itemListElement\":[{\"@type\":\"ListItem\",\"position\":1,\"name\":\"Startseite\",\"item\":\"https:\/\/www.radlobby.org\/noe\/\"},{\"@type\":\"ListItem\",\"position\":2,\"name\":\"Herzliche Einladung zum n\u00e4chsten Radausflug\"}]},{\"@type\":\"WebSite\",\"@id\":\"https:\/\/www.radlobby.org\/noe\/#website\",\"url\":\"https:\/\/www.radlobby.org\/noe\/\",\"name\":\"Radlobby Nieder\u00f6sterreich\",\"description\":\"Radverkehr, Fahrrad, Radfahren, Radreisen, Radtouren, Radweg\",\"publisher\":{\"@id\":\"https:\/\/www.radlobby.org\/noe\/#organization\"},\"potentialAction\":[{\"@type\":\"SearchAction\",\"target\":{\"@type\":\"EntryPoint\",\"urlTemplate\":\"https:\/\/www.radlobby.org\/noe\/?s={search_term_string}\"},\"query-input\":{\"@type\":\"PropertyValueSpecification\",\"valueRequired\":true,\"valueName\":\"search_term_string\"}}],\"inLanguage\":\"de\"},{\"@type\":\"Organization\",\"@id\":\"https:\/\/www.radlobby.org\/noe\/#organization\",\"name\":\"Radlobby Nieder\u00f6sterreich\",\"url\":\"https:\/\/www.radlobby.org\/noe\/\",\"logo\":{\"@type\":\"ImageObject\",\"inLanguage\":\"de\",\"@id\":\"https:\/\/www.radlobby.org\/noe\/#\/schema\/logo\/image\/\",\"url\":\"https:\/\/www.radlobby.org\/noe\/wp-content\/uploads\/2017\/01\/cropped-Logo_Radlobby_Niederoesterreich_50-400px_quer-1.jpg\",\"contentUrl\":\"https:\/\/www.radlobby.org\/noe\/wp-content\/uploads\/2017\/01\/cropped-Logo_Radlobby_Niederoesterreich_50-400px_quer-1.jpg\",\"width\":450,\"height\":124,\"caption\":\"Radlobby Nieder\u00f6sterreich\"},\"image\":{\"@id\":\"https:\/\/www.radlobby.org\/noe\/#\/schema\/logo\/image\/\"},\"sameAs\":[\"https:\/\/www.facebook.com\/groups\/radfahren.in.noe\/\"]},{\"@type\":\"Person\",\"@id\":\"https:\/\/www.radlobby.org\/noe\/#\/schema\/person\/abe4cc057351c6dee4e8dbe4848395a9\",\"name\":\"Gudrun Offenberger\",\"image\":{\"@type\":\"ImageObject\",\"inLanguage\":\"de\",\"@id\":\"https:\/\/www.radlobby.org\/noe\/#\/schema\/person\/image\/\",\"url\":\"https:\/\/secure.gravatar.com\/avatar\/c66bfe61fdccecc7f9751802016588863a245910730219992fd7a40edd2bf1db?s=96&d=mm&r=g\",\"contentUrl\":\"https:\/\/secure.gravatar.com\/avatar\/c66bfe61fdccecc7f9751802016588863a245910730219992fd7a40edd2bf1db?s=96&d=mm&r=g\",\"caption\":\"Gudrun Offenberger\"},\"url\":\"https:\/\/www.radlobby.org\/noe\/author\/gudrun-offenberger\/\"}]}<\/script>\n<!-- \/ Yoast SEO plugin. -->","yoast_head_json":{"title":"Herzliche Einladung zum n\u00e4chsten Radausflug - Radlobby Nieder\u00f6sterreich","robots":{"index":"index","follow":"follow","max-snippet":"max-snippet:-1","max-image-preview":"max-image-preview:large","max-video-preview":"max-video-preview:-1"},"canonical":"https:\/\/www.radlobby.org\/noe\/herzliche-einladung-zum-naechsten-treffen-der-radlobby-amstetten-4\/","og_locale":"de_DE","og_type":"article","og_title":"Herzliche Einladung zum n\u00e4chsten Radausflug - Radlobby Nieder\u00f6sterreich","og_description":"Wir treffen uns um 14 Uhr am Hauptplatz in Amstetten und fahren ca. 30 km \u00fcber Euratsfeld nach Ferschnitz und weiter von Hermannsdorf zur\u00fcck nach Amstetten. Wir freuen uns auf euch! https:\/\/www.facebook.com\/events\/1269461868021929?acontext=%7B%22event_action_history%22%3A[%7B%22mechanism%22%3A%22attachment%22%2C%22surface%22%3A%22newsfeed%22%7D]%2C%22ref_notif_type%22%3Anull%7D&nbsp;","og_url":"https:\/\/www.radlobby.org\/noe\/herzliche-einladung-zum-naechsten-treffen-der-radlobby-amstetten-4\/","og_site_name":"Radlobby Nieder\u00f6sterreich","article_publisher":"https:\/\/www.facebook.com\/groups\/radfahren.in.noe\/","article_published_time":"2026-04-09T18:54:05+00:00","article_modified_time":"2026-04-10T12:39:02+00:00","og_image":[{"width":1080,"height":1080,"url":"https:\/\/www.radlobby.org\/noe\/wp-content\/uploads\/April.png","type":"image\/png"}],"author":"Gudrun Offenberger","twitter_card":"summary_large_image","twitter_misc":{"Verfasst von":"Gudrun Offenberger","Gesch\u00e4tzte Lesezeit":"1\u00a0Minute"},"schema":{"@context":"https:\/\/schema.org","@graph":[{"@type":"Article","@id":"https:\/\/www.radlobby.org\/noe\/herzliche-einladung-zum-naechsten-treffen-der-radlobby-amstetten-4\/#article","isPartOf":{"@id":"https:\/\/www.radlobby.org\/noe\/herzliche-einladung-zum-naechsten-treffen-der-radlobby-amstetten-4\/"},"author":{"name":"Gudrun Offenberger","@id":"https:\/\/www.radlobby.org\/noe\/#\/schema\/person\/abe4cc057351c6dee4e8dbe4848395a9"},"headline":"Herzliche Einladung zum n\u00e4chsten Radausflug","datePublished":"2026-04-09T18:54:05+00:00","dateModified":"2026-04-10T12:39:02+00:00","mainEntityOfPage":{"@id":"https:\/\/www.radlobby.org\/noe\/herzliche-einladung-zum-naechsten-treffen-der-radlobby-amstetten-4\/"},"wordCount":66,"publisher":{"@id":"https:\/\/www.radlobby.org\/noe\/#organization"},"image":{"@id":"https:\/\/www.radlobby.org\/noe\/herzliche-einladung-zum-naechsten-treffen-der-radlobby-amstetten-4\/#primaryimage"},"thumbnailUrl":"https:\/\/www.radlobby.org\/noe\/wp-content\/uploads\/April.png","articleSection":["Radlobby Amstetten"],"inLanguage":"de"},{"@type":"WebPage","@id":"https:\/\/www.radlobby.org\/noe\/herzliche-einladung-zum-naechsten-treffen-der-radlobby-amstetten-4\/","url":"https:\/\/www.radlobby.org\/noe\/herzliche-einladung-zum-naechsten-treffen-der-radlobby-amstetten-4\/","name":"Herzliche Einladung zum n\u00e4chsten Radausflug - Radlobby Nieder\u00f6sterreich","isPartOf":{"@id":"https:\/\/www.radlobby.org\/noe\/#website"},"primaryImageOfPage":{"@id":"https:\/\/www.radlobby.org\/noe\/herzliche-einladung-zum-naechsten-treffen-der-radlobby-amstetten-4\/#primaryimage"},"image":{"@id":"https:\/\/www.radlobby.org\/noe\/herzliche-einladung-zum-naechsten-treffen-der-radlobby-amstetten-4\/#primaryimage"},"thumbnailUrl":"https:\/\/www.radlobby.org\/noe\/wp-content\/uploads\/April.png","datePublished":"2026-04-09T18:54:05+00:00","dateModified":"2026-04-10T12:39:02+00:00","breadcrumb":{"@id":"https:\/\/www.radlobby.org\/noe\/herzliche-einladung-zum-naechsten-treffen-der-radlobby-amstetten-4\/#breadcrumb"},"inLanguage":"de","potentialAction":[{"@type":"ReadAction","target":["https:\/\/www.radlobby.org\/noe\/herzliche-einladung-zum-naechsten-treffen-der-radlobby-amstetten-4\/"]}]},{"@type":"ImageObject","inLanguage":"de","@id":"https:\/\/www.radlobby.org\/noe\/herzliche-einladung-zum-naechsten-treffen-der-radlobby-amstetten-4\/#primaryimage","url":"https:\/\/www.radlobby.org\/noe\/wp-content\/uploads\/April.png","contentUrl":"https:\/\/www.radlobby.org\/noe\/wp-content\/uploads\/April.png","width":1080,"height":1080},{"@type":"BreadcrumbList","@id":"https:\/\/www.radlobby.org\/noe\/herzliche-einladung-zum-naechsten-treffen-der-radlobby-amstetten-4\/#breadcrumb","itemListElement":[{"@type":"ListItem","position":1,"name":"Startseite","item":"https:\/\/www.radlobby.org\/noe\/"},{"@type":"ListItem","position":2,"name":"Herzliche Einladung zum n\u00e4chsten Radausflug"}]},{"@type":"WebSite","@id":"https:\/\/www.radlobby.org\/noe\/#website","url":"https:\/\/www.radlobby.org\/noe\/","name":"Radlobby Nieder\u00f6sterreich","description":"Radverkehr, Fahrrad, Radfahren, Radreisen, Radtouren, Radweg","publisher":{"@id":"https:\/\/www.radlobby.org\/noe\/#organization"},"potentialAction":[{"@type":"SearchAction","target":{"@type":"EntryPoint","urlTemplate":"https:\/\/www.radlobby.org\/noe\/?s={search_term_string}"},"query-input":{"@type":"PropertyValueSpecification","valueRequired":true,"valueName":"search_term_string"}}],"inLanguage":"de"},{"@type":"Organization","@id":"https:\/\/www.radlobby.org\/noe\/#organization","name":"Radlobby Nieder\u00f6sterreich","url":"https:\/\/www.radlobby.org\/noe\/","logo":{"@type":"ImageObject","inLanguage":"de","@id":"https:\/\/www.radlobby.org\/noe\/#\/schema\/logo\/image\/","url":"https:\/\/www.radlobby.org\/noe\/wp-content\/uploads\/2017\/01\/cropped-Logo_Radlobby_Niederoesterreich_50-400px_quer-1.jpg","contentUrl":"https:\/\/www.radlobby.org\/noe\/wp-content\/uploads\/2017\/01\/cropped-Logo_Radlobby_Niederoesterreich_50-400px_quer-1.jpg","width":450,"height":124,"caption":"Radlobby Nieder\u00f6sterreich"},"image":{"@id":"https:\/\/www.radlobby.org\/noe\/#\/schema\/logo\/image\/"},"sameAs":["https:\/\/www.facebook.com\/groups\/radfahren.in.noe\/"]},{"@type":"Person","@id":"https:\/\/www.radlobby.org\/noe\/#\/schema\/person\/abe4cc057351c6dee4e8dbe4848395a9","name":"Gudrun Offenberger","image":{"@type":"ImageObject","inLanguage":"de","@id":"https:\/\/www.radlobby.org\/noe\/#\/schema\/person\/image\/","url":"https:\/\/secure.gravatar.com\/avatar\/c66bfe61fdccecc7f9751802016588863a245910730219992fd7a40edd2bf1db?s=96&d=mm&r=g","contentUrl":"https:\/\/secure.gravatar.com\/avatar\/c66bfe61fdccecc7f9751802016588863a245910730219992fd7a40edd2bf1db?s=96&d=mm&r=g","caption":"Gudrun Offenberger"},"url":"https:\/\/www.radlobby.org\/noe\/author\/gudrun-offenberger\/"}]}},"_links":{"self":[{"href":"https:\/\/www.radlobby.org\/noe\/wp-json\/wp\/v2\/posts\/41703","targetHints":{"allow":["GET"]}}],"collection":[{"href":"https:\/\/www.radlobby.org\/noe\/wp-json\/wp\/v2\/posts"}],"about":[{"href":"https:\/\/www.radlobby.org\/noe\/wp-json\/wp\/v2\/types\/post"}],"author":[{"embeddable":true,"href":"https:\/\/www.radlobby.org\/noe\/wp-json\/wp\/v2\/users\/84"}],"replies":[{"embeddable":true,"href":"https:\/\/www.radlobby.org\/noe\/wp-json\/wp\/v2\/comments?post=41703"}],"version-history":[{"count":3,"href":"https:\/\/www.radlobby.org\/noe\/wp-json\/wp\/v2\/posts\/41703\/revisions"}],"predecessor-version":[{"id":41709,"href":"https:\/\/www.radlobby.org\/noe\/wp-json\/wp\/v2\/posts\/41703\/revisions\/41709"}],"wp:attachment":[{"href":"https:\/\/www.radlobby.org\/noe\/wp-json\/wp\/v2\/media?parent=41703"}],"wp:term":[{"taxonomy":"category","embeddable":true,"href":"https:\/\/www.radlobby.org\/noe\/wp-json\/wp\/v2\/categories?post=41703"},{"taxonomy":"post_tag","embeddable":true,"href":"https:\/\/www.radlobby.org\/noe\/wp-json\/wp\/v2\/tags?post=41703"}],"curies":[{"name":"wp","href":"https:\/\/api.w.org\/{rel}","templated":true}]}}