{"id":41449,"date":"2026-03-18T14:22:58","date_gmt":"2026-03-18T13:22:58","guid":{"rendered":"https:\/\/www.radlobby.org\/noe\/?p=41449"},"modified":"2026-04-01T13:29:44","modified_gmt":"2026-04-01T11:29:44","slug":"bikefilmtour_season2","status":"publish","type":"post","link":"https:\/\/www.radlobby.org\/noe\/bikefilmtour_season2\/","title":{"rendered":"Bad V\u00f6slau | Bike Filmtour \u2013 Season 2 im Cinema Paradiso Baden am 19.4.2026"},"content":{"rendered":"<h2 class=\"\" data-start=\"171\" data-end=\"243\">Bike Filmtour \u2013 Season 2 im Cinema Paradiso Baden am 19.4.2026<\/h2>\n<div>\n<p data-start=\"403\" data-end=\"579\">heuer d\u00fcrfen wir die Bike Filmtour &#8211; Season 2 im Cinema Paradiso als Kooperationspartner unterst\u00fctzen.<\/p>\n<h3 data-start=\"403\" data-end=\"579\">Der Ablauf:<\/h3>\n<p data-start=\"403\" data-end=\"579\"><strong>19.4.2026, 19.30 Uhr,<\/strong> nach einer kurzen Begr\u00fc\u00dfung von uns werden sechs verschiedene Kurzfilme zu diversen radbezogenen Themen gezeigt.<\/p>\n<p data-start=\"403\" data-end=\"579\"><strong><span style=\"color: #99cc00;\">Achtung:<\/span> <\/strong>Als Radlobby-Mitglied gibt es die M\u00f6glichkeit auf verg\u00fcnstigte Tickets. Einfach per Mail schreiben: <a href=\"mailto:badvoeslau@radlobby.at\">badvoeslau@radlobby.at<\/a> und wir setzen dich auf die Liste.<\/p>\n<\/div>\n<figure id=\"attachment_41450\" aria-describedby=\"caption-attachment-41450\" style=\"width: 169px\" class=\"wp-caption alignright\"><a href=\"https:\/\/www.radlobby.org\/noe\/wp-content\/uploads\/bikefilmtour_season-02_poster_1080x1920-graphql.jpg\" data-src=\"https:\/\/www.radlobby.org\/noe\/wp-content\/uploads\/bikefilmtour_season-02_poster_1080x1920-graphql.jpg\" data-thumb=\"https:\/\/www.radlobby.org\/noe\/wp-content\/uploads\/bikefilmtour_season-02_poster_1080x1920-graphql-169x300.jpg\" class=\"ml-lightbox-enabled\"><img loading=\"lazy\" decoding=\"async\" class=\"wp-image-41450 size-medium\" src=\"https:\/\/www.radlobby.org\/noe\/wp-content\/uploads\/bikefilmtour_season-02_poster_1080x1920-graphql-169x300.jpg\" alt=\"bike filmtour season 2\" width=\"169\" height=\"300\" srcset=\"https:\/\/www.radlobby.org\/noe\/wp-content\/uploads\/bikefilmtour_season-02_poster_1080x1920-graphql-169x300.jpg 169w, https:\/\/www.radlobby.org\/noe\/wp-content\/uploads\/bikefilmtour_season-02_poster_1080x1920-graphql-768x1365.jpg 768w, https:\/\/www.radlobby.org\/noe\/wp-content\/uploads\/bikefilmtour_season-02_poster_1080x1920-graphql-864x1536.jpg 864w, https:\/\/www.radlobby.org\/noe\/wp-content\/uploads\/bikefilmtour_season-02_poster_1080x1920-graphql.jpg 1080w\" sizes=\"auto, (max-width: 169px) 100vw, 169px\" \/><\/a><figcaption id=\"caption-attachment-41450\" class=\"wp-caption-text\">Bildrechte: moving medien adventures<\/figcaption><\/figure>\n<h3 data-start=\"403\" data-end=\"579\">Zum Inhalt:<\/h3>\n<div>\n<p data-start=\"403\" data-end=\"579\">Schotter oder Asphalt, im Peloton oder allein \u2013 Radsport hat viele Facetten, und die sechs neuen Filme der BIKE FILM TOUR Season 2 zeigen sie (fast) alle.<\/p>\n<div>\n<p>Wir feiern die vergessenen Tour-de-France-Athletinnen der 1980er, treffen charismatische Helden des Alltags wie den D\u00fcsseldorfer Fahrradkurier Albert Rabaev und den Lehrer und Flatland-BMXer Mr. Omari Cato, der die n\u00e4chste Generation f\u00fcr seinen Sport begeistern m\u00f6chte. Au\u00dferdem geht es auf einen kulinarischen Bikepacking-Trip durch Japan, zum Mountainbiken nach Nepal und in die mysteri\u00f6se Welt des Lost-Place Urban Cyclocross.<\/p>\n<p>MR. CATO<br \/>\nLehrer, Trainer, Vorbild: Omari Cato will die n\u00e4chste Generation f\u00fcr Flatland BMX begeistern.<\/p>\n<p>WIE DER HASE L\u00c4UFT<br \/>\nUnterwegs in D\u00fcsseldorf mit Fahrradkurier Albert Rabaev<\/p>\n<p>BREAKAWAY FEMMES<br \/>\nZeitreise: Radsport-Pionierinnnen der Achtziger lassen ihre Tour-de-France-Jahre von 1984 bis 1989 Revue passieren.<\/p>\n<p>OKAWARI, PLEASE!<br \/>\nBikepacking in Japan: Zwei Freunde erkunden das Land der aufgehenden Sonne und die japanissche K\u00fcche.<\/p>\n<p>UCX<br \/>\nEine mysteri\u00f6se Einladung lockt einen Haufen von RennradlerInnen in ein verlassenes Footballstadion.<\/p>\n<\/div>\n<p class=\"mt-4 md:mt-6\">Freigegeben ab k.A.<\/p>\n<h3><\/h3>\n<h3>Tickets:<\/h3>\n<p><a href=\"https:\/\/www.cinema-paradiso.at\/baden\/film\/8606162\">https:\/\/www.cinema-paradiso.at\/baden\/film\/8606162<\/a><\/p>\n<p>&nbsp;<\/p>\n<p>[BadV\u00f6slau_Radparaden]<\/p>\n<\/div>\n","protected":false},"excerpt":{"rendered":"<p>Bike Filmtour \u2013 Season 2 im Cinema Paradiso Baden am 19.4.2026 heuer d\u00fcrfen wir die Bike Filmtour &#8211; Season 2 im Cinema Paradiso als Kooperationspartner unterst\u00fctzen. Der Ablauf: 19.4.2026, 19.30 Uhr, nach einer kurzen Begr\u00fc\u00dfung von uns werden sechs verschiedene<\/p>\n","protected":false},"author":65,"featured_media":41450,"comment_status":"closed","ping_status":"closed","sticky":false,"template":"","format":"standard","meta":{"footnotes":""},"categories":[547,195],"tags":[],"class_list":["post-41449","post","type-post","status-publish","format-standard","has-post-thumbnail","hentry","category-badvoeslau","category-baden"],"yoast_head":"<!-- This site is optimized with the Yoast SEO plugin v26.9 - https:\/\/yoast.com\/product\/yoast-seo-wordpress\/ -->\n<title>Bad V\u00f6slau | Bike Filmtour \u2013 Season 2 im Cinema Paradiso Baden am 19.4.2026 - Radlobby Nieder\u00f6sterreich<\/title>\n<meta name=\"robots\" content=\"index, follow, max-snippet:-1, max-image-preview:large, max-video-preview:-1\" \/>\n<link rel=\"canonical\" href=\"https:\/\/www.radlobby.org\/noe\/bikefilmtour_season2\/\" \/>\n<meta property=\"og:locale\" content=\"de_DE\" \/>\n<meta property=\"og:type\" content=\"article\" \/>\n<meta property=\"og:title\" content=\"Bad V\u00f6slau | Bike Filmtour \u2013 Season 2 im Cinema Paradiso Baden am 19.4.2026 - Radlobby Nieder\u00f6sterreich\" \/>\n<meta property=\"og:description\" content=\"Bike Filmtour \u2013 Season 2 im Cinema Paradiso Baden am 19.4.2026 heuer d\u00fcrfen wir die Bike Filmtour &#8211; Season 2 im Cinema Paradiso als Kooperationspartner unterst\u00fctzen. Der Ablauf: 19.4.2026, 19.30 Uhr, nach einer kurzen Begr\u00fc\u00dfung von uns werden sechs verschiedene\" \/>\n<meta property=\"og:url\" content=\"https:\/\/www.radlobby.org\/noe\/bikefilmtour_season2\/\" \/>\n<meta property=\"og:site_name\" content=\"Radlobby Nieder\u00f6sterreich\" \/>\n<meta property=\"article:publisher\" content=\"https:\/\/www.facebook.com\/groups\/radfahren.in.noe\/\" \/>\n<meta property=\"article:published_time\" content=\"2026-03-18T13:22:58+00:00\" \/>\n<meta property=\"article:modified_time\" content=\"2026-04-01T11:29:44+00:00\" \/>\n<meta property=\"og:image\" content=\"https:\/\/www.radlobby.org\/noe\/wp-content\/uploads\/bikefilmtour_season-02_poster_1080x1920-graphql.jpg\" \/>\n\t<meta property=\"og:image:width\" content=\"1080\" \/>\n\t<meta property=\"og:image:height\" content=\"1920\" \/>\n\t<meta property=\"og:image:type\" content=\"image\/jpeg\" \/>\n<meta name=\"author\" content=\"Laura Kafka\" \/>\n<meta name=\"twitter:card\" content=\"summary_large_image\" \/>\n<meta name=\"twitter:label1\" content=\"Verfasst von\" \/>\n\t<meta name=\"twitter:data1\" content=\"Laura Kafka\" \/>\n\t<meta name=\"twitter:label2\" content=\"Gesch\u00e4tzte Lesezeit\" \/>\n\t<meta name=\"twitter:data2\" content=\"2\u00a0Minuten\" \/>\n<script type=\"application\/ld+json\" class=\"yoast-schema-graph\">{\"@context\":\"https:\/\/schema.org\",\"@graph\":[{\"@type\":\"Article\",\"@id\":\"https:\/\/www.radlobby.org\/noe\/bikefilmtour_season2\/#article\",\"isPartOf\":{\"@id\":\"https:\/\/www.radlobby.org\/noe\/bikefilmtour_season2\/\"},\"author\":{\"name\":\"Laura Kafka\",\"@id\":\"https:\/\/www.radlobby.org\/noe\/#\/schema\/person\/3d46d5baaa32e9fab65201812c570448\"},\"headline\":\"Bad V\u00f6slau | Bike Filmtour \u2013 Season 2 im Cinema Paradiso Baden am 19.4.2026\",\"datePublished\":\"2026-03-18T13:22:58+00:00\",\"dateModified\":\"2026-04-01T11:29:44+00:00\",\"mainEntityOfPage\":{\"@id\":\"https:\/\/www.radlobby.org\/noe\/bikefilmtour_season2\/\"},\"wordCount\":271,\"publisher\":{\"@id\":\"https:\/\/www.radlobby.org\/noe\/#organization\"},\"image\":{\"@id\":\"https:\/\/www.radlobby.org\/noe\/bikefilmtour_season2\/#primaryimage\"},\"thumbnailUrl\":\"https:\/\/www.radlobby.org\/noe\/wp-content\/uploads\/bikefilmtour_season-02_poster_1080x1920-graphql.jpg\",\"articleSection\":[\"Radlobby Bad V\u00f6slau\",\"Radlobby Baden\"],\"inLanguage\":\"de\"},{\"@type\":\"WebPage\",\"@id\":\"https:\/\/www.radlobby.org\/noe\/bikefilmtour_season2\/\",\"url\":\"https:\/\/www.radlobby.org\/noe\/bikefilmtour_season2\/\",\"name\":\"Bad V\u00f6slau | Bike Filmtour \u2013 Season 2 im Cinema Paradiso Baden am 19.4.2026 - Radlobby Nieder\u00f6sterreich\",\"isPartOf\":{\"@id\":\"https:\/\/www.radlobby.org\/noe\/#website\"},\"primaryImageOfPage\":{\"@id\":\"https:\/\/www.radlobby.org\/noe\/bikefilmtour_season2\/#primaryimage\"},\"image\":{\"@id\":\"https:\/\/www.radlobby.org\/noe\/bikefilmtour_season2\/#primaryimage\"},\"thumbnailUrl\":\"https:\/\/www.radlobby.org\/noe\/wp-content\/uploads\/bikefilmtour_season-02_poster_1080x1920-graphql.jpg\",\"datePublished\":\"2026-03-18T13:22:58+00:00\",\"dateModified\":\"2026-04-01T11:29:44+00:00\",\"breadcrumb\":{\"@id\":\"https:\/\/www.radlobby.org\/noe\/bikefilmtour_season2\/#breadcrumb\"},\"inLanguage\":\"de\",\"potentialAction\":[{\"@type\":\"ReadAction\",\"target\":[\"https:\/\/www.radlobby.org\/noe\/bikefilmtour_season2\/\"]}]},{\"@type\":\"ImageObject\",\"inLanguage\":\"de\",\"@id\":\"https:\/\/www.radlobby.org\/noe\/bikefilmtour_season2\/#primaryimage\",\"url\":\"https:\/\/www.radlobby.org\/noe\/wp-content\/uploads\/bikefilmtour_season-02_poster_1080x1920-graphql.jpg\",\"contentUrl\":\"https:\/\/www.radlobby.org\/noe\/wp-content\/uploads\/bikefilmtour_season-02_poster_1080x1920-graphql.jpg\",\"width\":1080,\"height\":1920,\"caption\":\"bike filmtour season 2\"},{\"@type\":\"BreadcrumbList\",\"@id\":\"https:\/\/www.radlobby.org\/noe\/bikefilmtour_season2\/#breadcrumb\",\"itemListElement\":[{\"@type\":\"ListItem\",\"position\":1,\"name\":\"Startseite\",\"item\":\"https:\/\/www.radlobby.org\/noe\/\"},{\"@type\":\"ListItem\",\"position\":2,\"name\":\"Bad V\u00f6slau | Bike Filmtour \u2013 Season 2 im Cinema Paradiso Baden am 19.4.2026\"}]},{\"@type\":\"WebSite\",\"@id\":\"https:\/\/www.radlobby.org\/noe\/#website\",\"url\":\"https:\/\/www.radlobby.org\/noe\/\",\"name\":\"Radlobby Nieder\u00f6sterreich\",\"description\":\"Radverkehr, Fahrrad, Radfahren, Radreisen, Radtouren, Radweg\",\"publisher\":{\"@id\":\"https:\/\/www.radlobby.org\/noe\/#organization\"},\"potentialAction\":[{\"@type\":\"SearchAction\",\"target\":{\"@type\":\"EntryPoint\",\"urlTemplate\":\"https:\/\/www.radlobby.org\/noe\/?s={search_term_string}\"},\"query-input\":{\"@type\":\"PropertyValueSpecification\",\"valueRequired\":true,\"valueName\":\"search_term_string\"}}],\"inLanguage\":\"de\"},{\"@type\":\"Organization\",\"@id\":\"https:\/\/www.radlobby.org\/noe\/#organization\",\"name\":\"Radlobby Nieder\u00f6sterreich\",\"url\":\"https:\/\/www.radlobby.org\/noe\/\",\"logo\":{\"@type\":\"ImageObject\",\"inLanguage\":\"de\",\"@id\":\"https:\/\/www.radlobby.org\/noe\/#\/schema\/logo\/image\/\",\"url\":\"https:\/\/www.radlobby.org\/noe\/wp-content\/uploads\/2017\/01\/cropped-Logo_Radlobby_Niederoesterreich_50-400px_quer-1.jpg\",\"contentUrl\":\"https:\/\/www.radlobby.org\/noe\/wp-content\/uploads\/2017\/01\/cropped-Logo_Radlobby_Niederoesterreich_50-400px_quer-1.jpg\",\"width\":450,\"height\":124,\"caption\":\"Radlobby Nieder\u00f6sterreich\"},\"image\":{\"@id\":\"https:\/\/www.radlobby.org\/noe\/#\/schema\/logo\/image\/\"},\"sameAs\":[\"https:\/\/www.facebook.com\/groups\/radfahren.in.noe\/\"]},{\"@type\":\"Person\",\"@id\":\"https:\/\/www.radlobby.org\/noe\/#\/schema\/person\/3d46d5baaa32e9fab65201812c570448\",\"name\":\"Laura Kafka\",\"image\":{\"@type\":\"ImageObject\",\"inLanguage\":\"de\",\"@id\":\"https:\/\/www.radlobby.org\/noe\/#\/schema\/person\/image\/\",\"url\":\"https:\/\/secure.gravatar.com\/avatar\/141ec437f27b3084bc6c91857d881288555812a76d2e9c6af9f4ba5f626465e7?s=96&d=mm&r=g\",\"contentUrl\":\"https:\/\/secure.gravatar.com\/avatar\/141ec437f27b3084bc6c91857d881288555812a76d2e9c6af9f4ba5f626465e7?s=96&d=mm&r=g\",\"caption\":\"Laura Kafka\"},\"url\":\"https:\/\/www.radlobby.org\/noe\/author\/laura-kafka\/\"}]}<\/script>\n<!-- \/ Yoast SEO plugin. -->","yoast_head_json":{"title":"Bad V\u00f6slau | Bike Filmtour \u2013 Season 2 im Cinema Paradiso Baden am 19.4.2026 - Radlobby Nieder\u00f6sterreich","robots":{"index":"index","follow":"follow","max-snippet":"max-snippet:-1","max-image-preview":"max-image-preview:large","max-video-preview":"max-video-preview:-1"},"canonical":"https:\/\/www.radlobby.org\/noe\/bikefilmtour_season2\/","og_locale":"de_DE","og_type":"article","og_title":"Bad V\u00f6slau | Bike Filmtour \u2013 Season 2 im Cinema Paradiso Baden am 19.4.2026 - Radlobby Nieder\u00f6sterreich","og_description":"Bike Filmtour \u2013 Season 2 im Cinema Paradiso Baden am 19.4.2026 heuer d\u00fcrfen wir die Bike Filmtour &#8211; Season 2 im Cinema Paradiso als Kooperationspartner unterst\u00fctzen. Der Ablauf: 19.4.2026, 19.30 Uhr, nach einer kurzen Begr\u00fc\u00dfung von uns werden sechs verschiedene","og_url":"https:\/\/www.radlobby.org\/noe\/bikefilmtour_season2\/","og_site_name":"Radlobby Nieder\u00f6sterreich","article_publisher":"https:\/\/www.facebook.com\/groups\/radfahren.in.noe\/","article_published_time":"2026-03-18T13:22:58+00:00","article_modified_time":"2026-04-01T11:29:44+00:00","og_image":[{"width":1080,"height":1920,"url":"https:\/\/www.radlobby.org\/noe\/wp-content\/uploads\/bikefilmtour_season-02_poster_1080x1920-graphql.jpg","type":"image\/jpeg"}],"author":"Laura Kafka","twitter_card":"summary_large_image","twitter_misc":{"Verfasst von":"Laura Kafka","Gesch\u00e4tzte Lesezeit":"2\u00a0Minuten"},"schema":{"@context":"https:\/\/schema.org","@graph":[{"@type":"Article","@id":"https:\/\/www.radlobby.org\/noe\/bikefilmtour_season2\/#article","isPartOf":{"@id":"https:\/\/www.radlobby.org\/noe\/bikefilmtour_season2\/"},"author":{"name":"Laura Kafka","@id":"https:\/\/www.radlobby.org\/noe\/#\/schema\/person\/3d46d5baaa32e9fab65201812c570448"},"headline":"Bad V\u00f6slau | Bike Filmtour \u2013 Season 2 im Cinema Paradiso Baden am 19.4.2026","datePublished":"2026-03-18T13:22:58+00:00","dateModified":"2026-04-01T11:29:44+00:00","mainEntityOfPage":{"@id":"https:\/\/www.radlobby.org\/noe\/bikefilmtour_season2\/"},"wordCount":271,"publisher":{"@id":"https:\/\/www.radlobby.org\/noe\/#organization"},"image":{"@id":"https:\/\/www.radlobby.org\/noe\/bikefilmtour_season2\/#primaryimage"},"thumbnailUrl":"https:\/\/www.radlobby.org\/noe\/wp-content\/uploads\/bikefilmtour_season-02_poster_1080x1920-graphql.jpg","articleSection":["Radlobby Bad V\u00f6slau","Radlobby Baden"],"inLanguage":"de"},{"@type":"WebPage","@id":"https:\/\/www.radlobby.org\/noe\/bikefilmtour_season2\/","url":"https:\/\/www.radlobby.org\/noe\/bikefilmtour_season2\/","name":"Bad V\u00f6slau | Bike Filmtour \u2013 Season 2 im Cinema Paradiso Baden am 19.4.2026 - Radlobby Nieder\u00f6sterreich","isPartOf":{"@id":"https:\/\/www.radlobby.org\/noe\/#website"},"primaryImageOfPage":{"@id":"https:\/\/www.radlobby.org\/noe\/bikefilmtour_season2\/#primaryimage"},"image":{"@id":"https:\/\/www.radlobby.org\/noe\/bikefilmtour_season2\/#primaryimage"},"thumbnailUrl":"https:\/\/www.radlobby.org\/noe\/wp-content\/uploads\/bikefilmtour_season-02_poster_1080x1920-graphql.jpg","datePublished":"2026-03-18T13:22:58+00:00","dateModified":"2026-04-01T11:29:44+00:00","breadcrumb":{"@id":"https:\/\/www.radlobby.org\/noe\/bikefilmtour_season2\/#breadcrumb"},"inLanguage":"de","potentialAction":[{"@type":"ReadAction","target":["https:\/\/www.radlobby.org\/noe\/bikefilmtour_season2\/"]}]},{"@type":"ImageObject","inLanguage":"de","@id":"https:\/\/www.radlobby.org\/noe\/bikefilmtour_season2\/#primaryimage","url":"https:\/\/www.radlobby.org\/noe\/wp-content\/uploads\/bikefilmtour_season-02_poster_1080x1920-graphql.jpg","contentUrl":"https:\/\/www.radlobby.org\/noe\/wp-content\/uploads\/bikefilmtour_season-02_poster_1080x1920-graphql.jpg","width":1080,"height":1920,"caption":"bike filmtour season 2"},{"@type":"BreadcrumbList","@id":"https:\/\/www.radlobby.org\/noe\/bikefilmtour_season2\/#breadcrumb","itemListElement":[{"@type":"ListItem","position":1,"name":"Startseite","item":"https:\/\/www.radlobby.org\/noe\/"},{"@type":"ListItem","position":2,"name":"Bad V\u00f6slau | Bike Filmtour \u2013 Season 2 im Cinema Paradiso Baden am 19.4.2026"}]},{"@type":"WebSite","@id":"https:\/\/www.radlobby.org\/noe\/#website","url":"https:\/\/www.radlobby.org\/noe\/","name":"Radlobby Nieder\u00f6sterreich","description":"Radverkehr, Fahrrad, Radfahren, Radreisen, Radtouren, Radweg","publisher":{"@id":"https:\/\/www.radlobby.org\/noe\/#organization"},"potentialAction":[{"@type":"SearchAction","target":{"@type":"EntryPoint","urlTemplate":"https:\/\/www.radlobby.org\/noe\/?s={search_term_string}"},"query-input":{"@type":"PropertyValueSpecification","valueRequired":true,"valueName":"search_term_string"}}],"inLanguage":"de"},{"@type":"Organization","@id":"https:\/\/www.radlobby.org\/noe\/#organization","name":"Radlobby Nieder\u00f6sterreich","url":"https:\/\/www.radlobby.org\/noe\/","logo":{"@type":"ImageObject","inLanguage":"de","@id":"https:\/\/www.radlobby.org\/noe\/#\/schema\/logo\/image\/","url":"https:\/\/www.radlobby.org\/noe\/wp-content\/uploads\/2017\/01\/cropped-Logo_Radlobby_Niederoesterreich_50-400px_quer-1.jpg","contentUrl":"https:\/\/www.radlobby.org\/noe\/wp-content\/uploads\/2017\/01\/cropped-Logo_Radlobby_Niederoesterreich_50-400px_quer-1.jpg","width":450,"height":124,"caption":"Radlobby Nieder\u00f6sterreich"},"image":{"@id":"https:\/\/www.radlobby.org\/noe\/#\/schema\/logo\/image\/"},"sameAs":["https:\/\/www.facebook.com\/groups\/radfahren.in.noe\/"]},{"@type":"Person","@id":"https:\/\/www.radlobby.org\/noe\/#\/schema\/person\/3d46d5baaa32e9fab65201812c570448","name":"Laura Kafka","image":{"@type":"ImageObject","inLanguage":"de","@id":"https:\/\/www.radlobby.org\/noe\/#\/schema\/person\/image\/","url":"https:\/\/secure.gravatar.com\/avatar\/141ec437f27b3084bc6c91857d881288555812a76d2e9c6af9f4ba5f626465e7?s=96&d=mm&r=g","contentUrl":"https:\/\/secure.gravatar.com\/avatar\/141ec437f27b3084bc6c91857d881288555812a76d2e9c6af9f4ba5f626465e7?s=96&d=mm&r=g","caption":"Laura Kafka"},"url":"https:\/\/www.radlobby.org\/noe\/author\/laura-kafka\/"}]}},"_links":{"self":[{"href":"https:\/\/www.radlobby.org\/noe\/wp-json\/wp\/v2\/posts\/41449","targetHints":{"allow":["GET"]}}],"collection":[{"href":"https:\/\/www.radlobby.org\/noe\/wp-json\/wp\/v2\/posts"}],"about":[{"href":"https:\/\/www.radlobby.org\/noe\/wp-json\/wp\/v2\/types\/post"}],"author":[{"embeddable":true,"href":"https:\/\/www.radlobby.org\/noe\/wp-json\/wp\/v2\/users\/65"}],"replies":[{"embeddable":true,"href":"https:\/\/www.radlobby.org\/noe\/wp-json\/wp\/v2\/comments?post=41449"}],"version-history":[{"count":7,"href":"https:\/\/www.radlobby.org\/noe\/wp-json\/wp\/v2\/posts\/41449\/revisions"}],"predecessor-version":[{"id":41659,"href":"https:\/\/www.radlobby.org\/noe\/wp-json\/wp\/v2\/posts\/41449\/revisions\/41659"}],"wp:featuredmedia":[{"embeddable":true,"href":"https:\/\/www.radlobby.org\/noe\/wp-json\/wp\/v2\/media\/41450"}],"wp:attachment":[{"href":"https:\/\/www.radlobby.org\/noe\/wp-json\/wp\/v2\/media?parent=41449"}],"wp:term":[{"taxonomy":"category","embeddable":true,"href":"https:\/\/www.radlobby.org\/noe\/wp-json\/wp\/v2\/categories?post=41449"},{"taxonomy":"post_tag","embeddable":true,"href":"https:\/\/www.radlobby.org\/noe\/wp-json\/wp\/v2\/tags?post=41449"}],"curies":[{"name":"wp","href":"https:\/\/api.w.org\/{rel}","templated":true}]}}