{"id":41432,"date":"2026-03-17T19:38:55","date_gmt":"2026-03-17T18:38:55","guid":{"rendered":"https:\/\/www.radlobby.org\/noe\/?p=41432"},"modified":"2026-03-17T19:44:26","modified_gmt":"2026-03-17T18:44:26","slug":"talk-im-club-nachhaltige-mobilitaet-im-laendlichen-raum","status":"publish","type":"post","link":"https:\/\/www.radlobby.org\/noe\/talk-im-club-nachhaltige-mobilitaet-im-laendlichen-raum\/","title":{"rendered":"Talk im Club: \u201eNachhaltige Mobilit\u00e4t im l\u00e4ndlichen Raum\u201c"},"content":{"rendered":"<div class=\"tribe-events-schedule tribe-clearfix\">\n<div><span class=\"tribe-event-date-start\">18. M\u00e4rz 2026 18:00<\/span>\u00a0&#8211;\u00a0<span class=\"tribe-event-time\">20:00<\/span><\/div>\n<\/div>\n<div id=\"post-16080\" class=\"post-16080 tribe_events type-tribe_events status-publish hentry tribe_events_cat-talk-im-club cat_talk-im-club\">\n<div class=\"tribe-events-single-event-description tribe-events-content\">\n<p><strong>Talk im Club: \u201eNachhaltige Mobilit\u00e4t im l\u00e4ndlichen Raum\u201c<\/strong><\/p>\n<\/div>\n<p><strong>DI Dr. Harald Frey, TU Wien<\/strong><\/p>\n<p><img loading=\"lazy\" decoding=\"async\" class=\" wp-image-16089 alignleft\" src=\"https:\/\/www.clubofrome-carnuntum.at\/wp-content\/uploads\/2026\/01\/Frey_C_Stephan_Huger-1-scaled.jpg\" sizes=\"auto, (max-width: 198px) 100vw, 198px\" srcset=\"https:\/\/www.clubofrome-carnuntum.at\/wp-content\/uploads\/2026\/01\/Frey_C_Stephan_Huger-1-scaled.jpg 857w, https:\/\/www.clubofrome-carnuntum.at\/wp-content\/uploads\/2026\/01\/Frey_C_Stephan_Huger-1-214x300.jpg 214w, https:\/\/www.clubofrome-carnuntum.at\/wp-content\/uploads\/2026\/01\/Frey_C_Stephan_Huger-1-731x1024.jpg 731w, https:\/\/www.clubofrome-carnuntum.at\/wp-content\/uploads\/2026\/01\/Frey_C_Stephan_Huger-1-768x1075.jpg 768w, https:\/\/www.clubofrome-carnuntum.at\/wp-content\/uploads\/2026\/01\/Frey_C_Stephan_Huger-1-1097x1536.jpg 1097w, https:\/\/www.clubofrome-carnuntum.at\/wp-content\/uploads\/2026\/01\/Frey_C_Stephan_Huger-1-1463x2048.jpg 1463w\" alt=\"\" width=\"198\" height=\"277\" \/><\/p>\n<p><strong>Herzst\u00fcck vom Petznek, Hauptplatz 3, 2460 Bruck an der Leitha<\/strong><\/p>\n<p><a href=\"https:\/\/www.clubofrome-carnuntum.at\/wp-content\/uploads\/2026\/02\/EINLADUNG-Nachhaltige-Mobilitaet-18.3.2026.pdf\" target=\"_blank\" rel=\"noopener\" data-wpel-link=\"internal\"><strong><u>E I N L A D U N G<\/u><\/strong>\u00a0<\/a><\/p>\n<p><strong>\u00a0<\/strong><\/p>\n<p><strong>Freier Eintritt<\/strong>\u00a0f\u00fcr Club-Mitglieder; 12 Euro f\u00fcr G\u00e4ste (exkl. Konsumation)<\/p>\n<p><strong>Anmeldung hier:<\/strong>\u00a0<a href=\"https:\/\/kulturon.at\/event-archiv\/nachhaltig-am-land\/?occurrence=2026-03-18\" target=\"_blank\" rel=\"external noopener noreferrer\" data-wpel-link=\"external\">https:\/\/kulturon.at\/event-archiv\/nachhaltig-am-land\/?occurrence=2026-03-18<\/a><\/p>\n<p>&nbsp;<\/p>\n<p><strong>\u00a0<\/strong>Gemeinsam mit der\u00a0<strong><u>Radlobby Bruck\/Leitha<\/u><\/strong>\u00a0und deren Sprecher\u00a0<strong>DI Wolfgang Hohenauer,<\/strong>\u00a0laden wir zu einem Club-Abend ein, der zeigt, wie alltagstaugliche, klimafreundliche Mobilit\u00e4t au\u00dferhalb der Gro\u00dfstadt gelingen kann. Die\u00a0<u>Radlobby<\/u>\u00a0setzt sich seit Jahren engagiert f\u00fcr sichere, faire und attraktive Bedingungen f\u00fcr Radfahrende ein \u2013 als Erg\u00e4nzung zu \u00f6ffentlichem Verkehr, zu Fu\u00df gehen und neuen Mobilit\u00e4tsformen.<\/p>\n<p><a href=\"https:\/\/www.radlobby.org\/noe\/\" target=\"_blank\" rel=\"external noopener noreferrer\" data-wpel-link=\"external\">https:\/\/www.radlobby.org\/noe\/<\/a><\/p>\n<p>&nbsp;<\/p>\n<p>Als Referent d\u00fcrfen wir\u00a0<a href=\"https:\/\/www.clubofrome-carnuntum.at\/wp-content\/uploads\/2026\/01\/CV-Harald-Frey.pdf\" target=\"_blank\" rel=\"noopener\" data-wpel-link=\"internal\"><strong><u>Harald Frey<\/u><\/strong><\/a>\u00a0begr\u00fc\u00dfen, einen der profiliertesten Mobilit\u00e4tsforscher \u00d6sterreichs. Er verbindet wissenschaftliche Tiefe mit einem klaren Blick auf die Praxis und zeigt anhand konkreter Beispiele, wie nachhaltige Mobilit\u00e4t Lebensqualit\u00e4t schafft \u2013 f\u00fcr Einzelne, Gemeinden und ganze Regionen.<\/p>\n<p><a href=\"https:\/\/www.tuwien.at\/cee\/transport\/planning\/ueber-uns\/team\/frey\" target=\"_blank\" rel=\"external noopener noreferrer\" data-wpel-link=\"external\">https:\/\/www.tuwien.at\/cee\/transport\/planning\/ueber-uns\/team\/frey<\/a><\/p>\n<p>&nbsp;<\/p>\n<p>Der Abend l\u00e4dt ein zum Zuh\u00f6ren, Mitdenken und Austauschen: \u00fcber neue Chancen f\u00fcr den Alltag, \u00fcber realistische L\u00f6sungen f\u00fcr unsere Region und dar\u00fcber, wie Mobilit\u00e4t Freude machen kann \u2013 leise, gesund und gemeinschaftlich.<\/p>\n<p>&nbsp;<\/p>\n<p>Wir freuen uns auf einen inspirierenden Club-Abend und auf viele Perspektiven aus der Region \u2013 f\u00fcr die Region.<\/p>\n<\/div>\n","protected":false},"excerpt":{"rendered":"<p>18. M\u00e4rz 2026 18:00\u00a0&#8211;\u00a020:00 Uhr \u201eNachhaltige Mobilit\u00e4t im l\u00e4ndlichen Raum\u201c<br \/>\nDI Dr. Harald Frey, TU Wien<\/p>\n","protected":false},"author":33,"featured_media":41434,"comment_status":"closed","ping_status":"closed","sticky":false,"template":"","format":"standard","meta":{"footnotes":""},"categories":[668,1,407,375,392,20],"tags":[],"class_list":["post-41432","post","type-post","status-publish","format-standard","has-post-thumbnail","hentry","category-aktion","category-allgemein","category-radlobby-akademie-webinare-vortraege","category-bruck-an-der-leitha","category-carnuntum","category-niederoesterreich"],"yoast_head":"<!-- This site is optimized with the Yoast SEO plugin v26.9 - https:\/\/yoast.com\/product\/yoast-seo-wordpress\/ -->\n<title>Talk im Club: \u201eNachhaltige Mobilit\u00e4t im l\u00e4ndlichen Raum\u201c - Radlobby Nieder\u00f6sterreich<\/title>\n<meta name=\"description\" content=\"Als Referent d\u00fcrfen wir Harald Frey begr\u00fc\u00dfen, einen der profiliertesten Mobilit\u00e4tsforscher \u00d6sterreichs. Er verbindet wissenschaftliche Tiefe mit einem klaren Blick auf die Praxis und zeigt anhand konkreter Beispiele, wie nachhaltige Mobilit\u00e4t Lebensqualit\u00e4t schafft \u2013 f\u00fcr Einzelne, Gemeinden und ganze Regionen.\" \/>\n<meta name=\"robots\" content=\"index, follow, max-snippet:-1, max-image-preview:large, max-video-preview:-1\" \/>\n<link rel=\"canonical\" href=\"https:\/\/www.radlobby.org\/noe\/talk-im-club-nachhaltige-mobilitaet-im-laendlichen-raum\/\" \/>\n<meta property=\"og:locale\" content=\"de_DE\" \/>\n<meta property=\"og:type\" content=\"article\" \/>\n<meta property=\"og:title\" content=\"Talk im Club: \u201eNachhaltige Mobilit\u00e4t im l\u00e4ndlichen Raum\u201c - Radlobby Nieder\u00f6sterreich\" \/>\n<meta property=\"og:description\" content=\"Als Referent d\u00fcrfen wir Harald Frey begr\u00fc\u00dfen, einen der profiliertesten Mobilit\u00e4tsforscher \u00d6sterreichs. Er verbindet wissenschaftliche Tiefe mit einem klaren Blick auf die Praxis und zeigt anhand konkreter Beispiele, wie nachhaltige Mobilit\u00e4t Lebensqualit\u00e4t schafft \u2013 f\u00fcr Einzelne, Gemeinden und ganze Regionen.\" \/>\n<meta property=\"og:url\" content=\"https:\/\/www.radlobby.org\/noe\/talk-im-club-nachhaltige-mobilitaet-im-laendlichen-raum\/\" \/>\n<meta property=\"og:site_name\" content=\"Radlobby Nieder\u00f6sterreich\" \/>\n<meta property=\"article:publisher\" content=\"https:\/\/www.facebook.com\/groups\/radfahren.in.noe\/\" \/>\n<meta property=\"article:published_time\" content=\"2026-03-17T18:38:55+00:00\" \/>\n<meta property=\"article:modified_time\" content=\"2026-03-17T18:44:26+00:00\" \/>\n<meta property=\"og:image\" content=\"https:\/\/www.radlobby.org\/noe\/wp-content\/uploads\/Frey_C_Stephan_Huger-1-214x300-1.jpg\" \/>\n\t<meta property=\"og:image:width\" content=\"214\" \/>\n\t<meta property=\"og:image:height\" content=\"300\" \/>\n\t<meta property=\"og:image:type\" content=\"image\/jpeg\" \/>\n<meta name=\"author\" content=\"Maria Z\u00f6gernitz\" \/>\n<meta name=\"twitter:card\" content=\"summary_large_image\" \/>\n<meta name=\"twitter:label1\" content=\"Verfasst von\" \/>\n\t<meta name=\"twitter:data1\" content=\"Maria Z\u00f6gernitz\" \/>\n\t<meta name=\"twitter:label2\" content=\"Gesch\u00e4tzte Lesezeit\" \/>\n\t<meta name=\"twitter:data2\" content=\"2\u00a0Minuten\" \/>\n<script type=\"application\/ld+json\" class=\"yoast-schema-graph\">{\"@context\":\"https:\/\/schema.org\",\"@graph\":[{\"@type\":\"Article\",\"@id\":\"https:\/\/www.radlobby.org\/noe\/talk-im-club-nachhaltige-mobilitaet-im-laendlichen-raum\/#article\",\"isPartOf\":{\"@id\":\"https:\/\/www.radlobby.org\/noe\/talk-im-club-nachhaltige-mobilitaet-im-laendlichen-raum\/\"},\"author\":{\"name\":\"Maria Z\u00f6gernitz\",\"@id\":\"https:\/\/www.radlobby.org\/noe\/#\/schema\/person\/d1ad6d77ec2ff1837830735b5f074c95\"},\"headline\":\"Talk im Club: \u201eNachhaltige Mobilit\u00e4t im l\u00e4ndlichen Raum\u201c\",\"datePublished\":\"2026-03-17T18:38:55+00:00\",\"dateModified\":\"2026-03-17T18:44:26+00:00\",\"mainEntityOfPage\":{\"@id\":\"https:\/\/www.radlobby.org\/noe\/talk-im-club-nachhaltige-mobilitaet-im-laendlichen-raum\/\"},\"wordCount\":253,\"publisher\":{\"@id\":\"https:\/\/www.radlobby.org\/noe\/#organization\"},\"image\":{\"@id\":\"https:\/\/www.radlobby.org\/noe\/talk-im-club-nachhaltige-mobilitaet-im-laendlichen-raum\/#primaryimage\"},\"thumbnailUrl\":\"https:\/\/www.radlobby.org\/noe\/wp-content\/uploads\/Frey_C_Stephan_Huger-1-214x300-1.jpg\",\"articleSection\":{\"0\":\"Aktion\",\"2\":\"Radlobby Akademie Webinare Vortr\u00e4ge\",\"3\":\"Radlobby Bruck an der Leitha\",\"4\":\"Radlobby Carnuntum\",\"5\":\"Radlobby Nieder\u00f6sterreich\"},\"inLanguage\":\"de\"},{\"@type\":\"WebPage\",\"@id\":\"https:\/\/www.radlobby.org\/noe\/talk-im-club-nachhaltige-mobilitaet-im-laendlichen-raum\/\",\"url\":\"https:\/\/www.radlobby.org\/noe\/talk-im-club-nachhaltige-mobilitaet-im-laendlichen-raum\/\",\"name\":\"Talk im Club: \u201eNachhaltige Mobilit\u00e4t im l\u00e4ndlichen Raum\u201c - Radlobby Nieder\u00f6sterreich\",\"isPartOf\":{\"@id\":\"https:\/\/www.radlobby.org\/noe\/#website\"},\"primaryImageOfPage\":{\"@id\":\"https:\/\/www.radlobby.org\/noe\/talk-im-club-nachhaltige-mobilitaet-im-laendlichen-raum\/#primaryimage\"},\"image\":{\"@id\":\"https:\/\/www.radlobby.org\/noe\/talk-im-club-nachhaltige-mobilitaet-im-laendlichen-raum\/#primaryimage\"},\"thumbnailUrl\":\"https:\/\/www.radlobby.org\/noe\/wp-content\/uploads\/Frey_C_Stephan_Huger-1-214x300-1.jpg\",\"datePublished\":\"2026-03-17T18:38:55+00:00\",\"dateModified\":\"2026-03-17T18:44:26+00:00\",\"description\":\"Als Referent d\u00fcrfen wir Harald Frey begr\u00fc\u00dfen, einen der profiliertesten Mobilit\u00e4tsforscher \u00d6sterreichs. Er verbindet wissenschaftliche Tiefe mit einem klaren Blick auf die Praxis und zeigt anhand konkreter Beispiele, wie nachhaltige Mobilit\u00e4t Lebensqualit\u00e4t schafft \u2013 f\u00fcr Einzelne, Gemeinden und ganze Regionen.\",\"breadcrumb\":{\"@id\":\"https:\/\/www.radlobby.org\/noe\/talk-im-club-nachhaltige-mobilitaet-im-laendlichen-raum\/#breadcrumb\"},\"inLanguage\":\"de\",\"potentialAction\":[{\"@type\":\"ReadAction\",\"target\":[\"https:\/\/www.radlobby.org\/noe\/talk-im-club-nachhaltige-mobilitaet-im-laendlichen-raum\/\"]}]},{\"@type\":\"ImageObject\",\"inLanguage\":\"de\",\"@id\":\"https:\/\/www.radlobby.org\/noe\/talk-im-club-nachhaltige-mobilitaet-im-laendlichen-raum\/#primaryimage\",\"url\":\"https:\/\/www.radlobby.org\/noe\/wp-content\/uploads\/Frey_C_Stephan_Huger-1-214x300-1.jpg\",\"contentUrl\":\"https:\/\/www.radlobby.org\/noe\/wp-content\/uploads\/Frey_C_Stephan_Huger-1-214x300-1.jpg\",\"width\":214,\"height\":300,\"caption\":\"Fotocredit: Stephan Huger\"},{\"@type\":\"BreadcrumbList\",\"@id\":\"https:\/\/www.radlobby.org\/noe\/talk-im-club-nachhaltige-mobilitaet-im-laendlichen-raum\/#breadcrumb\",\"itemListElement\":[{\"@type\":\"ListItem\",\"position\":1,\"name\":\"Startseite\",\"item\":\"https:\/\/www.radlobby.org\/noe\/\"},{\"@type\":\"ListItem\",\"position\":2,\"name\":\"Talk im Club: \u201eNachhaltige Mobilit\u00e4t im l\u00e4ndlichen Raum\u201c\"}]},{\"@type\":\"WebSite\",\"@id\":\"https:\/\/www.radlobby.org\/noe\/#website\",\"url\":\"https:\/\/www.radlobby.org\/noe\/\",\"name\":\"Radlobby Nieder\u00f6sterreich\",\"description\":\"Radverkehr, Fahrrad, Radfahren, Radreisen, Radtouren, Radweg\",\"publisher\":{\"@id\":\"https:\/\/www.radlobby.org\/noe\/#organization\"},\"potentialAction\":[{\"@type\":\"SearchAction\",\"target\":{\"@type\":\"EntryPoint\",\"urlTemplate\":\"https:\/\/www.radlobby.org\/noe\/?s={search_term_string}\"},\"query-input\":{\"@type\":\"PropertyValueSpecification\",\"valueRequired\":true,\"valueName\":\"search_term_string\"}}],\"inLanguage\":\"de\"},{\"@type\":\"Organization\",\"@id\":\"https:\/\/www.radlobby.org\/noe\/#organization\",\"name\":\"Radlobby Nieder\u00f6sterreich\",\"url\":\"https:\/\/www.radlobby.org\/noe\/\",\"logo\":{\"@type\":\"ImageObject\",\"inLanguage\":\"de\",\"@id\":\"https:\/\/www.radlobby.org\/noe\/#\/schema\/logo\/image\/\",\"url\":\"https:\/\/www.radlobby.org\/noe\/wp-content\/uploads\/2017\/01\/cropped-Logo_Radlobby_Niederoesterreich_50-400px_quer-1.jpg\",\"contentUrl\":\"https:\/\/www.radlobby.org\/noe\/wp-content\/uploads\/2017\/01\/cropped-Logo_Radlobby_Niederoesterreich_50-400px_quer-1.jpg\",\"width\":450,\"height\":124,\"caption\":\"Radlobby Nieder\u00f6sterreich\"},\"image\":{\"@id\":\"https:\/\/www.radlobby.org\/noe\/#\/schema\/logo\/image\/\"},\"sameAs\":[\"https:\/\/www.facebook.com\/groups\/radfahren.in.noe\/\"]},{\"@type\":\"Person\",\"@id\":\"https:\/\/www.radlobby.org\/noe\/#\/schema\/person\/d1ad6d77ec2ff1837830735b5f074c95\",\"name\":\"Maria Z\u00f6gernitz\",\"image\":{\"@type\":\"ImageObject\",\"inLanguage\":\"de\",\"@id\":\"https:\/\/www.radlobby.org\/noe\/#\/schema\/person\/image\/\",\"url\":\"https:\/\/secure.gravatar.com\/avatar\/f0ec056831cd418e44e25a41becb89b06234dc4c32d644fddd8329785f26d862?s=96&d=mm&r=g\",\"contentUrl\":\"https:\/\/secure.gravatar.com\/avatar\/f0ec056831cd418e44e25a41becb89b06234dc4c32d644fddd8329785f26d862?s=96&d=mm&r=g\",\"caption\":\"Maria Z\u00f6gernitz\"},\"description\":\"Ortsgruppe St. P\u00f6lten\",\"url\":\"https:\/\/www.radlobby.org\/noe\/author\/maria-zoegernitz\/\"}]}<\/script>\n<!-- \/ Yoast SEO plugin. -->","yoast_head_json":{"title":"Talk im Club: \u201eNachhaltige Mobilit\u00e4t im l\u00e4ndlichen Raum\u201c - Radlobby Nieder\u00f6sterreich","description":"Als Referent d\u00fcrfen wir Harald Frey begr\u00fc\u00dfen, einen der profiliertesten Mobilit\u00e4tsforscher \u00d6sterreichs. Er verbindet wissenschaftliche Tiefe mit einem klaren Blick auf die Praxis und zeigt anhand konkreter Beispiele, wie nachhaltige Mobilit\u00e4t Lebensqualit\u00e4t schafft \u2013 f\u00fcr Einzelne, Gemeinden und ganze Regionen.","robots":{"index":"index","follow":"follow","max-snippet":"max-snippet:-1","max-image-preview":"max-image-preview:large","max-video-preview":"max-video-preview:-1"},"canonical":"https:\/\/www.radlobby.org\/noe\/talk-im-club-nachhaltige-mobilitaet-im-laendlichen-raum\/","og_locale":"de_DE","og_type":"article","og_title":"Talk im Club: \u201eNachhaltige Mobilit\u00e4t im l\u00e4ndlichen Raum\u201c - Radlobby Nieder\u00f6sterreich","og_description":"Als Referent d\u00fcrfen wir Harald Frey begr\u00fc\u00dfen, einen der profiliertesten Mobilit\u00e4tsforscher \u00d6sterreichs. Er verbindet wissenschaftliche Tiefe mit einem klaren Blick auf die Praxis und zeigt anhand konkreter Beispiele, wie nachhaltige Mobilit\u00e4t Lebensqualit\u00e4t schafft \u2013 f\u00fcr Einzelne, Gemeinden und ganze Regionen.","og_url":"https:\/\/www.radlobby.org\/noe\/talk-im-club-nachhaltige-mobilitaet-im-laendlichen-raum\/","og_site_name":"Radlobby Nieder\u00f6sterreich","article_publisher":"https:\/\/www.facebook.com\/groups\/radfahren.in.noe\/","article_published_time":"2026-03-17T18:38:55+00:00","article_modified_time":"2026-03-17T18:44:26+00:00","og_image":[{"width":214,"height":300,"url":"https:\/\/www.radlobby.org\/noe\/wp-content\/uploads\/Frey_C_Stephan_Huger-1-214x300-1.jpg","type":"image\/jpeg"}],"author":"Maria Z\u00f6gernitz","twitter_card":"summary_large_image","twitter_misc":{"Verfasst von":"Maria Z\u00f6gernitz","Gesch\u00e4tzte Lesezeit":"2\u00a0Minuten"},"schema":{"@context":"https:\/\/schema.org","@graph":[{"@type":"Article","@id":"https:\/\/www.radlobby.org\/noe\/talk-im-club-nachhaltige-mobilitaet-im-laendlichen-raum\/#article","isPartOf":{"@id":"https:\/\/www.radlobby.org\/noe\/talk-im-club-nachhaltige-mobilitaet-im-laendlichen-raum\/"},"author":{"name":"Maria Z\u00f6gernitz","@id":"https:\/\/www.radlobby.org\/noe\/#\/schema\/person\/d1ad6d77ec2ff1837830735b5f074c95"},"headline":"Talk im Club: \u201eNachhaltige Mobilit\u00e4t im l\u00e4ndlichen Raum\u201c","datePublished":"2026-03-17T18:38:55+00:00","dateModified":"2026-03-17T18:44:26+00:00","mainEntityOfPage":{"@id":"https:\/\/www.radlobby.org\/noe\/talk-im-club-nachhaltige-mobilitaet-im-laendlichen-raum\/"},"wordCount":253,"publisher":{"@id":"https:\/\/www.radlobby.org\/noe\/#organization"},"image":{"@id":"https:\/\/www.radlobby.org\/noe\/talk-im-club-nachhaltige-mobilitaet-im-laendlichen-raum\/#primaryimage"},"thumbnailUrl":"https:\/\/www.radlobby.org\/noe\/wp-content\/uploads\/Frey_C_Stephan_Huger-1-214x300-1.jpg","articleSection":{"0":"Aktion","2":"Radlobby Akademie Webinare Vortr\u00e4ge","3":"Radlobby Bruck an der Leitha","4":"Radlobby Carnuntum","5":"Radlobby Nieder\u00f6sterreich"},"inLanguage":"de"},{"@type":"WebPage","@id":"https:\/\/www.radlobby.org\/noe\/talk-im-club-nachhaltige-mobilitaet-im-laendlichen-raum\/","url":"https:\/\/www.radlobby.org\/noe\/talk-im-club-nachhaltige-mobilitaet-im-laendlichen-raum\/","name":"Talk im Club: \u201eNachhaltige Mobilit\u00e4t im l\u00e4ndlichen Raum\u201c - Radlobby Nieder\u00f6sterreich","isPartOf":{"@id":"https:\/\/www.radlobby.org\/noe\/#website"},"primaryImageOfPage":{"@id":"https:\/\/www.radlobby.org\/noe\/talk-im-club-nachhaltige-mobilitaet-im-laendlichen-raum\/#primaryimage"},"image":{"@id":"https:\/\/www.radlobby.org\/noe\/talk-im-club-nachhaltige-mobilitaet-im-laendlichen-raum\/#primaryimage"},"thumbnailUrl":"https:\/\/www.radlobby.org\/noe\/wp-content\/uploads\/Frey_C_Stephan_Huger-1-214x300-1.jpg","datePublished":"2026-03-17T18:38:55+00:00","dateModified":"2026-03-17T18:44:26+00:00","description":"Als Referent d\u00fcrfen wir Harald Frey begr\u00fc\u00dfen, einen der profiliertesten Mobilit\u00e4tsforscher \u00d6sterreichs. Er verbindet wissenschaftliche Tiefe mit einem klaren Blick auf die Praxis und zeigt anhand konkreter Beispiele, wie nachhaltige Mobilit\u00e4t Lebensqualit\u00e4t schafft \u2013 f\u00fcr Einzelne, Gemeinden und ganze Regionen.","breadcrumb":{"@id":"https:\/\/www.radlobby.org\/noe\/talk-im-club-nachhaltige-mobilitaet-im-laendlichen-raum\/#breadcrumb"},"inLanguage":"de","potentialAction":[{"@type":"ReadAction","target":["https:\/\/www.radlobby.org\/noe\/talk-im-club-nachhaltige-mobilitaet-im-laendlichen-raum\/"]}]},{"@type":"ImageObject","inLanguage":"de","@id":"https:\/\/www.radlobby.org\/noe\/talk-im-club-nachhaltige-mobilitaet-im-laendlichen-raum\/#primaryimage","url":"https:\/\/www.radlobby.org\/noe\/wp-content\/uploads\/Frey_C_Stephan_Huger-1-214x300-1.jpg","contentUrl":"https:\/\/www.radlobby.org\/noe\/wp-content\/uploads\/Frey_C_Stephan_Huger-1-214x300-1.jpg","width":214,"height":300,"caption":"Fotocredit: Stephan Huger"},{"@type":"BreadcrumbList","@id":"https:\/\/www.radlobby.org\/noe\/talk-im-club-nachhaltige-mobilitaet-im-laendlichen-raum\/#breadcrumb","itemListElement":[{"@type":"ListItem","position":1,"name":"Startseite","item":"https:\/\/www.radlobby.org\/noe\/"},{"@type":"ListItem","position":2,"name":"Talk im Club: \u201eNachhaltige Mobilit\u00e4t im l\u00e4ndlichen Raum\u201c"}]},{"@type":"WebSite","@id":"https:\/\/www.radlobby.org\/noe\/#website","url":"https:\/\/www.radlobby.org\/noe\/","name":"Radlobby Nieder\u00f6sterreich","description":"Radverkehr, Fahrrad, Radfahren, Radreisen, Radtouren, Radweg","publisher":{"@id":"https:\/\/www.radlobby.org\/noe\/#organization"},"potentialAction":[{"@type":"SearchAction","target":{"@type":"EntryPoint","urlTemplate":"https:\/\/www.radlobby.org\/noe\/?s={search_term_string}"},"query-input":{"@type":"PropertyValueSpecification","valueRequired":true,"valueName":"search_term_string"}}],"inLanguage":"de"},{"@type":"Organization","@id":"https:\/\/www.radlobby.org\/noe\/#organization","name":"Radlobby Nieder\u00f6sterreich","url":"https:\/\/www.radlobby.org\/noe\/","logo":{"@type":"ImageObject","inLanguage":"de","@id":"https:\/\/www.radlobby.org\/noe\/#\/schema\/logo\/image\/","url":"https:\/\/www.radlobby.org\/noe\/wp-content\/uploads\/2017\/01\/cropped-Logo_Radlobby_Niederoesterreich_50-400px_quer-1.jpg","contentUrl":"https:\/\/www.radlobby.org\/noe\/wp-content\/uploads\/2017\/01\/cropped-Logo_Radlobby_Niederoesterreich_50-400px_quer-1.jpg","width":450,"height":124,"caption":"Radlobby Nieder\u00f6sterreich"},"image":{"@id":"https:\/\/www.radlobby.org\/noe\/#\/schema\/logo\/image\/"},"sameAs":["https:\/\/www.facebook.com\/groups\/radfahren.in.noe\/"]},{"@type":"Person","@id":"https:\/\/www.radlobby.org\/noe\/#\/schema\/person\/d1ad6d77ec2ff1837830735b5f074c95","name":"Maria Z\u00f6gernitz","image":{"@type":"ImageObject","inLanguage":"de","@id":"https:\/\/www.radlobby.org\/noe\/#\/schema\/person\/image\/","url":"https:\/\/secure.gravatar.com\/avatar\/f0ec056831cd418e44e25a41becb89b06234dc4c32d644fddd8329785f26d862?s=96&d=mm&r=g","contentUrl":"https:\/\/secure.gravatar.com\/avatar\/f0ec056831cd418e44e25a41becb89b06234dc4c32d644fddd8329785f26d862?s=96&d=mm&r=g","caption":"Maria Z\u00f6gernitz"},"description":"Ortsgruppe St. P\u00f6lten","url":"https:\/\/www.radlobby.org\/noe\/author\/maria-zoegernitz\/"}]}},"_links":{"self":[{"href":"https:\/\/www.radlobby.org\/noe\/wp-json\/wp\/v2\/posts\/41432","targetHints":{"allow":["GET"]}}],"collection":[{"href":"https:\/\/www.radlobby.org\/noe\/wp-json\/wp\/v2\/posts"}],"about":[{"href":"https:\/\/www.radlobby.org\/noe\/wp-json\/wp\/v2\/types\/post"}],"author":[{"embeddable":true,"href":"https:\/\/www.radlobby.org\/noe\/wp-json\/wp\/v2\/users\/33"}],"replies":[{"embeddable":true,"href":"https:\/\/www.radlobby.org\/noe\/wp-json\/wp\/v2\/comments?post=41432"}],"version-history":[{"count":4,"href":"https:\/\/www.radlobby.org\/noe\/wp-json\/wp\/v2\/posts\/41432\/revisions"}],"predecessor-version":[{"id":41438,"href":"https:\/\/www.radlobby.org\/noe\/wp-json\/wp\/v2\/posts\/41432\/revisions\/41438"}],"wp:featuredmedia":[{"embeddable":true,"href":"https:\/\/www.radlobby.org\/noe\/wp-json\/wp\/v2\/media\/41434"}],"wp:attachment":[{"href":"https:\/\/www.radlobby.org\/noe\/wp-json\/wp\/v2\/media?parent=41432"}],"wp:term":[{"taxonomy":"category","embeddable":true,"href":"https:\/\/www.radlobby.org\/noe\/wp-json\/wp\/v2\/categories?post=41432"},{"taxonomy":"post_tag","embeddable":true,"href":"https:\/\/www.radlobby.org\/noe\/wp-json\/wp\/v2\/tags?post=41432"}],"curies":[{"name":"wp","href":"https:\/\/api.w.org\/{rel}","templated":true}]}}