{"id":41418,"date":"2026-03-14T15:52:30","date_gmt":"2026-03-14T14:52:30","guid":{"rendered":"https:\/\/www.radlobby.org\/noe\/?p=41418"},"modified":"2026-03-14T16:03:49","modified_gmt":"2026-03-14T15:03:49","slug":"kidical-mass-purkersdorf-31-mai-2026","status":"publish","type":"post","link":"https:\/\/www.radlobby.org\/noe\/kidical-mass-purkersdorf-31-mai-2026\/","title":{"rendered":"Kidical Mass Purkersdorf \u2013 Kinderfahrraddemo am 31. Mai 2026"},"content":{"rendered":"<h2 id=\"h.x144vjgwpdoe_l\" class=\"zfr3Q JYVBee CDt4Ke \" dir=\"ltr\"><span class=\"ZA9Nm C9DxTc \">\u00dcberall in \u00d6sterreich: Sichere Fahrradwege f\u00fcr Kinder<\/span><\/h2>\n<p class=\"zfr3Q CDt4Ke \" dir=\"ltr\"><span class=\"jgG6ef C9DxTc \">Damit sich Kinder sicher und selbstst\u00e4ndig mit dem Fahrrad bewegen k\u00f6nnen, ben\u00f6tigt es bessere und sicherere Radwege. Denn Radfahren soll keinen Dauerstress f\u00fcr Eltern und Kinder bedeuten. Um daf\u00fcr ein Zeichen zu setzen, erobern wir mit viel Freude und Musik die Stra\u00dfen.\u00a0<\/span><span class=\"jgG6ef C9DxTc \">Sei dabei und bring die Dinge ins Rollen!<\/span><\/p>\n<p dir=\"ltr\"><strong>Termin in Purkersdorf (Treffpunkt Hauptplatz): 31. Mai 2026 um 13:45, Abfahrt um 14:00<br \/>\nEnde: ca. 17:00<\/strong><\/p>\n<section id=\"h.522cfc20308001ef_17\" class=\"yaqOZd\">\n<div class=\"mYVXT\">\n<div class=\"LS81yb VICjCf j5pSsc db35Fc\">\n<div class=\"hJDwNd-AhqUyc-uQSCkd Ft7HRd-AhqUyc-uQSCkd purZT-AhqUyc-II5mzb ZcASvf-AhqUyc-II5mzb pSzOP-AhqUyc-qWD73c Ktthjf-AhqUyc-qWD73c JNdkSc SQVYQc\">\n<div class=\"JNdkSc-SmKAyb LkDMRd\">\n<div class=\"\">\n<div class=\"oKdM2c ZZyype Kzv0Me\">\n<div id=\"h.522cfc20308001ef_13\" class=\"hJDwNd-AhqUyc-uQSCkd Ft7HRd-AhqUyc-uQSCkd jXK9ad D2fZ2 zu5uec OjCsFc dmUFtb wHaque g5GTcb\">\n<div class=\"jXK9ad-SmKAyb\">\n<div class=\"tyJCtd mGzaTb Depvyb baZpAe\">\n<h3 id=\"h.t8pwpjltlzcn_l\" class=\"zfr3Q duRjpb CDt4Ke \" dir=\"ltr\"><span class=\"CGqCRe C9DxTc \">Kleine Pedale,<\/span><span class=\"CGqCRe C9DxTc \">\u00a0<\/span><span class=\"CGqCRe C9DxTc \">gro\u00dfe Wirkung\u00a0<\/span><\/h3>\n<\/div>\n<\/div>\n<\/div>\n<\/div>\n<\/div>\n<\/div>\n<\/div>\n<\/div>\n<\/div>\n<\/section>\n<section id=\"h.4ae15d6a1bf96c4e_52\" class=\"yaqOZd\">\n<div class=\"mYVXT\">\n<div class=\"LS81yb VICjCf j5pSsc db35Fc\">\n<div class=\"hJDwNd-AhqUyc-qWD73c Ft7HRd-AhqUyc-qWD73c purZT-AhqUyc-II5mzb ZcASvf-AhqUyc-II5mzb pSzOP-AhqUyc-qWD73c Ktthjf-AhqUyc-qWD73c JNdkSc SQVYQc\">\n<div class=\"JNdkSc-SmKAyb LkDMRd\">\n<div class=\"\">\n<div class=\"oKdM2c ZZyype Kzv0Me\">\n<div id=\"h.4ae15d6a1bf96c4e_28\" class=\"hJDwNd-AhqUyc-qWD73c Ft7HRd-AhqUyc-qWD73c jXK9ad D2fZ2 zu5uec OjCsFc dmUFtb wHaque g5GTcb\">\n<div class=\"jXK9ad-SmKAyb\">\n<div class=\"tyJCtd mGzaTb Depvyb baZpAe\">\n<p class=\"zfr3Q CDt4Ke \" dir=\"ltr\"><span class=\"C9DxTc \">Radfahren macht Spa\u00df, besonders f\u00fcr Kinder. Aber im Verkehr sicher Rad zu fahren, ist oft eine Herausforderung. Deshalb kommen wir bei der Kidical Mass zusammen, um gesch\u00fctzt und gemeinschaftlich durch die Stra\u00dfen zu radeln.<\/span><\/p>\n<p class=\"zfr3Q CDt4Ke \" dir=\"ltr\"><span class=\"C9DxTc \">Unser Konzept lehnt sich an die\u00a0<\/span><a class=\"XqQF9c\" href=\"https:\/\/www.criticalmass.at\/\" target=\"_blank\" rel=\"noopener\"><span class=\"C9DxTc aw5Odc \">Critical Mass<\/span><\/a><span class=\"C9DxTc \">\u00a0an, mit einem besonderen Augenmerk auf Kinder. Wir schaffen ein sicheres Umfeld, das es allen erlaubt, ihre Freude am Radfahren auszuleben. Erwachsene sind nicht nur willkommen, sondern spielen als Ordner*innen eine wichtige Rolle, um unsere gemeinsamen Ausfahrten sicher zu gestalten. Trete mit uns in die Pedale, f\u00fcr mehr Sicherheit und Spa\u00df auf zwei R\u00e4dern!<\/span><\/p>\n<p dir=\"ltr\"><span class=\"C9DxTc \">Was verbindet uns?<\/span><span class=\"C9DxTc \"><br \/>\n<\/span><span class=\"C9DxTc \">Die Kidical Mass ist weit mehr als eine gemeinsame Fahrradtour von radbegeisterten Kindern und Eltern. Unser Engagement gilt dem Einsatz f\u00fcr kinderfreundliche und lebenswerte St\u00e4dte. Kinder sollen sich sicher und selbstst\u00e4ndig mit dem Fahrrad bewegen k\u00f6nnen. Jedoch sind die Bedingungen f\u00fcr Radfahrende in \u00f6sterreichischen St\u00e4dten und Gemeinden hinsichtlich Sicherheit und Komfort oft unzureichend \u2013 ein Zustand, der f\u00fcr radelnde Eltern und ihre Kinder zu Dauerstress f\u00fchrt.<\/span><\/p>\n<\/div>\n<p dir=\"ltr\">Mehr unter<a href=\"https:\/\/www.kidicalmass.at\/\">\u00a0kidicalmass.at\u00a0<\/a><\/p>\n<\/div>\n<\/div>\n<\/div>\n<\/div>\n<\/div>\n<\/div>\n<\/div>\n<\/div>\n<\/section>\n","protected":false},"excerpt":{"rendered":"<p>\u00dcberall in \u00d6sterreich: Sichere Fahrradwege f\u00fcr Kinder Damit sich Kinder sicher und selbstst\u00e4ndig mit dem Fahrrad bewegen k\u00f6nnen, ben\u00f6tigt es bessere und sicherere Radwege. Denn Radfahren soll keinen Dauerstress f\u00fcr Eltern und Kinder bedeuten. Um daf\u00fcr ein Zeichen zu setzen,<\/p>\n","protected":false},"author":89,"featured_media":38875,"comment_status":"closed","ping_status":"closed","sticky":false,"template":"","format":"standard","meta":{"footnotes":""},"categories":[668,20,374,283],"tags":[],"class_list":["post-41418","post","type-post","status-publish","format-standard","has-post-thumbnail","hentry","category-aktion","category-niederoesterreich","category-pressbaum","category-purkersdorf"],"yoast_head":"<!-- This site is optimized with the Yoast SEO plugin v26.9 - https:\/\/yoast.com\/product\/yoast-seo-wordpress\/ -->\n<title>Kidical Mass Purkersdorf \u2013 Kinderfahrraddemo am 31. Mai 2026 - Radlobby Nieder\u00f6sterreich<\/title>\n<meta name=\"robots\" content=\"index, follow, max-snippet:-1, max-image-preview:large, max-video-preview:-1\" \/>\n<link rel=\"canonical\" href=\"https:\/\/www.radlobby.org\/noe\/kidical-mass-purkersdorf-31-mai-2026\/\" \/>\n<meta property=\"og:locale\" content=\"de_DE\" \/>\n<meta property=\"og:type\" content=\"article\" \/>\n<meta property=\"og:title\" content=\"Kidical Mass Purkersdorf \u2013 Kinderfahrraddemo am 31. Mai 2026 - Radlobby Nieder\u00f6sterreich\" \/>\n<meta property=\"og:description\" content=\"\u00dcberall in \u00d6sterreich: Sichere Fahrradwege f\u00fcr Kinder Damit sich Kinder sicher und selbstst\u00e4ndig mit dem Fahrrad bewegen k\u00f6nnen, ben\u00f6tigt es bessere und sicherere Radwege. Denn Radfahren soll keinen Dauerstress f\u00fcr Eltern und Kinder bedeuten. Um daf\u00fcr ein Zeichen zu setzen,\" \/>\n<meta property=\"og:url\" content=\"https:\/\/www.radlobby.org\/noe\/kidical-mass-purkersdorf-31-mai-2026\/\" \/>\n<meta property=\"og:site_name\" content=\"Radlobby Nieder\u00f6sterreich\" \/>\n<meta property=\"article:publisher\" content=\"https:\/\/www.facebook.com\/groups\/radfahren.in.noe\/\" \/>\n<meta property=\"article:published_time\" content=\"2026-03-14T14:52:30+00:00\" \/>\n<meta property=\"article:modified_time\" content=\"2026-03-14T15:03:49+00:00\" \/>\n<meta property=\"og:image\" content=\"https:\/\/www.radlobby.org\/noe\/wp-content\/uploads\/Kidical-Mass-Logo.jpg\" \/>\n\t<meta property=\"og:image:width\" content=\"960\" \/>\n\t<meta property=\"og:image:height\" content=\"594\" \/>\n\t<meta property=\"og:image:type\" content=\"image\/jpeg\" \/>\n<meta name=\"author\" content=\"Elias Stahl\" \/>\n<meta name=\"twitter:card\" content=\"summary_large_image\" \/>\n<meta name=\"twitter:label1\" content=\"Verfasst von\" \/>\n\t<meta name=\"twitter:data1\" content=\"Elias Stahl\" \/>\n\t<meta name=\"twitter:label2\" content=\"Gesch\u00e4tzte Lesezeit\" \/>\n\t<meta name=\"twitter:data2\" content=\"2\u00a0Minuten\" \/>\n<script type=\"application\/ld+json\" class=\"yoast-schema-graph\">{\"@context\":\"https:\/\/schema.org\",\"@graph\":[{\"@type\":\"Article\",\"@id\":\"https:\/\/www.radlobby.org\/noe\/kidical-mass-purkersdorf-31-mai-2026\/#article\",\"isPartOf\":{\"@id\":\"https:\/\/www.radlobby.org\/noe\/kidical-mass-purkersdorf-31-mai-2026\/\"},\"author\":{\"name\":\"Elias Stahl\",\"@id\":\"https:\/\/www.radlobby.org\/noe\/#\/schema\/person\/281e504fb02b5338063d2ad611bdaa87\"},\"headline\":\"Kidical Mass Purkersdorf \u2013 Kinderfahrraddemo am 31. Mai 2026\",\"datePublished\":\"2026-03-14T14:52:30+00:00\",\"dateModified\":\"2026-03-14T15:03:49+00:00\",\"mainEntityOfPage\":{\"@id\":\"https:\/\/www.radlobby.org\/noe\/kidical-mass-purkersdorf-31-mai-2026\/\"},\"wordCount\":268,\"publisher\":{\"@id\":\"https:\/\/www.radlobby.org\/noe\/#organization\"},\"image\":{\"@id\":\"https:\/\/www.radlobby.org\/noe\/kidical-mass-purkersdorf-31-mai-2026\/#primaryimage\"},\"thumbnailUrl\":\"https:\/\/www.radlobby.org\/noe\/wp-content\/uploads\/Kidical-Mass-Logo.jpg\",\"articleSection\":[\"Aktion\",\"Radlobby Nieder\u00f6sterreich\",\"Radlobby Pressbaum\",\"Radlobby Purkersdorf\"],\"inLanguage\":\"de\"},{\"@type\":\"WebPage\",\"@id\":\"https:\/\/www.radlobby.org\/noe\/kidical-mass-purkersdorf-31-mai-2026\/\",\"url\":\"https:\/\/www.radlobby.org\/noe\/kidical-mass-purkersdorf-31-mai-2026\/\",\"name\":\"Kidical Mass Purkersdorf \u2013 Kinderfahrraddemo am 31. Mai 2026 - Radlobby Nieder\u00f6sterreich\",\"isPartOf\":{\"@id\":\"https:\/\/www.radlobby.org\/noe\/#website\"},\"primaryImageOfPage\":{\"@id\":\"https:\/\/www.radlobby.org\/noe\/kidical-mass-purkersdorf-31-mai-2026\/#primaryimage\"},\"image\":{\"@id\":\"https:\/\/www.radlobby.org\/noe\/kidical-mass-purkersdorf-31-mai-2026\/#primaryimage\"},\"thumbnailUrl\":\"https:\/\/www.radlobby.org\/noe\/wp-content\/uploads\/Kidical-Mass-Logo.jpg\",\"datePublished\":\"2026-03-14T14:52:30+00:00\",\"dateModified\":\"2026-03-14T15:03:49+00:00\",\"breadcrumb\":{\"@id\":\"https:\/\/www.radlobby.org\/noe\/kidical-mass-purkersdorf-31-mai-2026\/#breadcrumb\"},\"inLanguage\":\"de\",\"potentialAction\":[{\"@type\":\"ReadAction\",\"target\":[\"https:\/\/www.radlobby.org\/noe\/kidical-mass-purkersdorf-31-mai-2026\/\"]}]},{\"@type\":\"ImageObject\",\"inLanguage\":\"de\",\"@id\":\"https:\/\/www.radlobby.org\/noe\/kidical-mass-purkersdorf-31-mai-2026\/#primaryimage\",\"url\":\"https:\/\/www.radlobby.org\/noe\/wp-content\/uploads\/Kidical-Mass-Logo.jpg\",\"contentUrl\":\"https:\/\/www.radlobby.org\/noe\/wp-content\/uploads\/Kidical-Mass-Logo.jpg\",\"width\":960,\"height\":594},{\"@type\":\"BreadcrumbList\",\"@id\":\"https:\/\/www.radlobby.org\/noe\/kidical-mass-purkersdorf-31-mai-2026\/#breadcrumb\",\"itemListElement\":[{\"@type\":\"ListItem\",\"position\":1,\"name\":\"Startseite\",\"item\":\"https:\/\/www.radlobby.org\/noe\/\"},{\"@type\":\"ListItem\",\"position\":2,\"name\":\"Kidical Mass Purkersdorf \u2013 Kinderfahrraddemo am 31. Mai 2026\"}]},{\"@type\":\"WebSite\",\"@id\":\"https:\/\/www.radlobby.org\/noe\/#website\",\"url\":\"https:\/\/www.radlobby.org\/noe\/\",\"name\":\"Radlobby Nieder\u00f6sterreich\",\"description\":\"Radverkehr, Fahrrad, Radfahren, Radreisen, Radtouren, Radweg\",\"publisher\":{\"@id\":\"https:\/\/www.radlobby.org\/noe\/#organization\"},\"potentialAction\":[{\"@type\":\"SearchAction\",\"target\":{\"@type\":\"EntryPoint\",\"urlTemplate\":\"https:\/\/www.radlobby.org\/noe\/?s={search_term_string}\"},\"query-input\":{\"@type\":\"PropertyValueSpecification\",\"valueRequired\":true,\"valueName\":\"search_term_string\"}}],\"inLanguage\":\"de\"},{\"@type\":\"Organization\",\"@id\":\"https:\/\/www.radlobby.org\/noe\/#organization\",\"name\":\"Radlobby Nieder\u00f6sterreich\",\"url\":\"https:\/\/www.radlobby.org\/noe\/\",\"logo\":{\"@type\":\"ImageObject\",\"inLanguage\":\"de\",\"@id\":\"https:\/\/www.radlobby.org\/noe\/#\/schema\/logo\/image\/\",\"url\":\"https:\/\/www.radlobby.org\/noe\/wp-content\/uploads\/2017\/01\/cropped-Logo_Radlobby_Niederoesterreich_50-400px_quer-1.jpg\",\"contentUrl\":\"https:\/\/www.radlobby.org\/noe\/wp-content\/uploads\/2017\/01\/cropped-Logo_Radlobby_Niederoesterreich_50-400px_quer-1.jpg\",\"width\":450,\"height\":124,\"caption\":\"Radlobby Nieder\u00f6sterreich\"},\"image\":{\"@id\":\"https:\/\/www.radlobby.org\/noe\/#\/schema\/logo\/image\/\"},\"sameAs\":[\"https:\/\/www.facebook.com\/groups\/radfahren.in.noe\/\"]},{\"@type\":\"Person\",\"@id\":\"https:\/\/www.radlobby.org\/noe\/#\/schema\/person\/281e504fb02b5338063d2ad611bdaa87\",\"name\":\"Elias Stahl\",\"image\":{\"@type\":\"ImageObject\",\"inLanguage\":\"de\",\"@id\":\"https:\/\/www.radlobby.org\/noe\/#\/schema\/person\/image\/\",\"url\":\"https:\/\/secure.gravatar.com\/avatar\/582e097fa246cb9c1a447dc94bd0e03e79c4b706594f1d02bf5d82329c087863?s=96&d=mm&r=g\",\"contentUrl\":\"https:\/\/secure.gravatar.com\/avatar\/582e097fa246cb9c1a447dc94bd0e03e79c4b706594f1d02bf5d82329c087863?s=96&d=mm&r=g\",\"caption\":\"Elias Stahl\"},\"url\":\"https:\/\/www.radlobby.org\/noe\/author\/elias\/\"}]}<\/script>\n<!-- \/ Yoast SEO plugin. -->","yoast_head_json":{"title":"Kidical Mass Purkersdorf \u2013 Kinderfahrraddemo am 31. Mai 2026 - Radlobby Nieder\u00f6sterreich","robots":{"index":"index","follow":"follow","max-snippet":"max-snippet:-1","max-image-preview":"max-image-preview:large","max-video-preview":"max-video-preview:-1"},"canonical":"https:\/\/www.radlobby.org\/noe\/kidical-mass-purkersdorf-31-mai-2026\/","og_locale":"de_DE","og_type":"article","og_title":"Kidical Mass Purkersdorf \u2013 Kinderfahrraddemo am 31. Mai 2026 - Radlobby Nieder\u00f6sterreich","og_description":"\u00dcberall in \u00d6sterreich: Sichere Fahrradwege f\u00fcr Kinder Damit sich Kinder sicher und selbstst\u00e4ndig mit dem Fahrrad bewegen k\u00f6nnen, ben\u00f6tigt es bessere und sicherere Radwege. Denn Radfahren soll keinen Dauerstress f\u00fcr Eltern und Kinder bedeuten. Um daf\u00fcr ein Zeichen zu setzen,","og_url":"https:\/\/www.radlobby.org\/noe\/kidical-mass-purkersdorf-31-mai-2026\/","og_site_name":"Radlobby Nieder\u00f6sterreich","article_publisher":"https:\/\/www.facebook.com\/groups\/radfahren.in.noe\/","article_published_time":"2026-03-14T14:52:30+00:00","article_modified_time":"2026-03-14T15:03:49+00:00","og_image":[{"width":960,"height":594,"url":"https:\/\/www.radlobby.org\/noe\/wp-content\/uploads\/Kidical-Mass-Logo.jpg","type":"image\/jpeg"}],"author":"Elias Stahl","twitter_card":"summary_large_image","twitter_misc":{"Verfasst von":"Elias Stahl","Gesch\u00e4tzte Lesezeit":"2\u00a0Minuten"},"schema":{"@context":"https:\/\/schema.org","@graph":[{"@type":"Article","@id":"https:\/\/www.radlobby.org\/noe\/kidical-mass-purkersdorf-31-mai-2026\/#article","isPartOf":{"@id":"https:\/\/www.radlobby.org\/noe\/kidical-mass-purkersdorf-31-mai-2026\/"},"author":{"name":"Elias Stahl","@id":"https:\/\/www.radlobby.org\/noe\/#\/schema\/person\/281e504fb02b5338063d2ad611bdaa87"},"headline":"Kidical Mass Purkersdorf \u2013 Kinderfahrraddemo am 31. Mai 2026","datePublished":"2026-03-14T14:52:30+00:00","dateModified":"2026-03-14T15:03:49+00:00","mainEntityOfPage":{"@id":"https:\/\/www.radlobby.org\/noe\/kidical-mass-purkersdorf-31-mai-2026\/"},"wordCount":268,"publisher":{"@id":"https:\/\/www.radlobby.org\/noe\/#organization"},"image":{"@id":"https:\/\/www.radlobby.org\/noe\/kidical-mass-purkersdorf-31-mai-2026\/#primaryimage"},"thumbnailUrl":"https:\/\/www.radlobby.org\/noe\/wp-content\/uploads\/Kidical-Mass-Logo.jpg","articleSection":["Aktion","Radlobby Nieder\u00f6sterreich","Radlobby Pressbaum","Radlobby Purkersdorf"],"inLanguage":"de"},{"@type":"WebPage","@id":"https:\/\/www.radlobby.org\/noe\/kidical-mass-purkersdorf-31-mai-2026\/","url":"https:\/\/www.radlobby.org\/noe\/kidical-mass-purkersdorf-31-mai-2026\/","name":"Kidical Mass Purkersdorf \u2013 Kinderfahrraddemo am 31. Mai 2026 - Radlobby Nieder\u00f6sterreich","isPartOf":{"@id":"https:\/\/www.radlobby.org\/noe\/#website"},"primaryImageOfPage":{"@id":"https:\/\/www.radlobby.org\/noe\/kidical-mass-purkersdorf-31-mai-2026\/#primaryimage"},"image":{"@id":"https:\/\/www.radlobby.org\/noe\/kidical-mass-purkersdorf-31-mai-2026\/#primaryimage"},"thumbnailUrl":"https:\/\/www.radlobby.org\/noe\/wp-content\/uploads\/Kidical-Mass-Logo.jpg","datePublished":"2026-03-14T14:52:30+00:00","dateModified":"2026-03-14T15:03:49+00:00","breadcrumb":{"@id":"https:\/\/www.radlobby.org\/noe\/kidical-mass-purkersdorf-31-mai-2026\/#breadcrumb"},"inLanguage":"de","potentialAction":[{"@type":"ReadAction","target":["https:\/\/www.radlobby.org\/noe\/kidical-mass-purkersdorf-31-mai-2026\/"]}]},{"@type":"ImageObject","inLanguage":"de","@id":"https:\/\/www.radlobby.org\/noe\/kidical-mass-purkersdorf-31-mai-2026\/#primaryimage","url":"https:\/\/www.radlobby.org\/noe\/wp-content\/uploads\/Kidical-Mass-Logo.jpg","contentUrl":"https:\/\/www.radlobby.org\/noe\/wp-content\/uploads\/Kidical-Mass-Logo.jpg","width":960,"height":594},{"@type":"BreadcrumbList","@id":"https:\/\/www.radlobby.org\/noe\/kidical-mass-purkersdorf-31-mai-2026\/#breadcrumb","itemListElement":[{"@type":"ListItem","position":1,"name":"Startseite","item":"https:\/\/www.radlobby.org\/noe\/"},{"@type":"ListItem","position":2,"name":"Kidical Mass Purkersdorf \u2013 Kinderfahrraddemo am 31. Mai 2026"}]},{"@type":"WebSite","@id":"https:\/\/www.radlobby.org\/noe\/#website","url":"https:\/\/www.radlobby.org\/noe\/","name":"Radlobby Nieder\u00f6sterreich","description":"Radverkehr, Fahrrad, Radfahren, Radreisen, Radtouren, Radweg","publisher":{"@id":"https:\/\/www.radlobby.org\/noe\/#organization"},"potentialAction":[{"@type":"SearchAction","target":{"@type":"EntryPoint","urlTemplate":"https:\/\/www.radlobby.org\/noe\/?s={search_term_string}"},"query-input":{"@type":"PropertyValueSpecification","valueRequired":true,"valueName":"search_term_string"}}],"inLanguage":"de"},{"@type":"Organization","@id":"https:\/\/www.radlobby.org\/noe\/#organization","name":"Radlobby Nieder\u00f6sterreich","url":"https:\/\/www.radlobby.org\/noe\/","logo":{"@type":"ImageObject","inLanguage":"de","@id":"https:\/\/www.radlobby.org\/noe\/#\/schema\/logo\/image\/","url":"https:\/\/www.radlobby.org\/noe\/wp-content\/uploads\/2017\/01\/cropped-Logo_Radlobby_Niederoesterreich_50-400px_quer-1.jpg","contentUrl":"https:\/\/www.radlobby.org\/noe\/wp-content\/uploads\/2017\/01\/cropped-Logo_Radlobby_Niederoesterreich_50-400px_quer-1.jpg","width":450,"height":124,"caption":"Radlobby Nieder\u00f6sterreich"},"image":{"@id":"https:\/\/www.radlobby.org\/noe\/#\/schema\/logo\/image\/"},"sameAs":["https:\/\/www.facebook.com\/groups\/radfahren.in.noe\/"]},{"@type":"Person","@id":"https:\/\/www.radlobby.org\/noe\/#\/schema\/person\/281e504fb02b5338063d2ad611bdaa87","name":"Elias Stahl","image":{"@type":"ImageObject","inLanguage":"de","@id":"https:\/\/www.radlobby.org\/noe\/#\/schema\/person\/image\/","url":"https:\/\/secure.gravatar.com\/avatar\/582e097fa246cb9c1a447dc94bd0e03e79c4b706594f1d02bf5d82329c087863?s=96&d=mm&r=g","contentUrl":"https:\/\/secure.gravatar.com\/avatar\/582e097fa246cb9c1a447dc94bd0e03e79c4b706594f1d02bf5d82329c087863?s=96&d=mm&r=g","caption":"Elias Stahl"},"url":"https:\/\/www.radlobby.org\/noe\/author\/elias\/"}]}},"_links":{"self":[{"href":"https:\/\/www.radlobby.org\/noe\/wp-json\/wp\/v2\/posts\/41418","targetHints":{"allow":["GET"]}}],"collection":[{"href":"https:\/\/www.radlobby.org\/noe\/wp-json\/wp\/v2\/posts"}],"about":[{"href":"https:\/\/www.radlobby.org\/noe\/wp-json\/wp\/v2\/types\/post"}],"author":[{"embeddable":true,"href":"https:\/\/www.radlobby.org\/noe\/wp-json\/wp\/v2\/users\/89"}],"replies":[{"embeddable":true,"href":"https:\/\/www.radlobby.org\/noe\/wp-json\/wp\/v2\/comments?post=41418"}],"version-history":[{"count":1,"href":"https:\/\/www.radlobby.org\/noe\/wp-json\/wp\/v2\/posts\/41418\/revisions"}],"predecessor-version":[{"id":41419,"href":"https:\/\/www.radlobby.org\/noe\/wp-json\/wp\/v2\/posts\/41418\/revisions\/41419"}],"wp:featuredmedia":[{"embeddable":true,"href":"https:\/\/www.radlobby.org\/noe\/wp-json\/wp\/v2\/media\/38875"}],"wp:attachment":[{"href":"https:\/\/www.radlobby.org\/noe\/wp-json\/wp\/v2\/media?parent=41418"}],"wp:term":[{"taxonomy":"category","embeddable":true,"href":"https:\/\/www.radlobby.org\/noe\/wp-json\/wp\/v2\/categories?post=41418"},{"taxonomy":"post_tag","embeddable":true,"href":"https:\/\/www.radlobby.org\/noe\/wp-json\/wp\/v2\/tags?post=41418"}],"curies":[{"name":"wp","href":"https:\/\/api.w.org\/{rel}","templated":true}]}}