{"id":41416,"date":"2026-04-11T14:36:10","date_gmt":"2026-04-11T12:36:10","guid":{"rendered":"https:\/\/www.radlobby.org\/noe\/?p=41416"},"modified":"2026-04-14T13:12:31","modified_gmt":"2026-04-14T11:12:31","slug":"stammtisch_purkersdorf_april_2026","status":"publish","type":"post","link":"https:\/\/www.radlobby.org\/noe\/stammtisch_purkersdorf_april_2026\/","title":{"rendered":"Radl-Stammtisch in Purkersdorf am 15.04.2026"},"content":{"rendered":"<p><img loading=\"lazy\" decoding=\"async\" class=\"alignleft\" src=\"https:\/\/www.radlobby.org\/noe\/wp-content\/uploads\/Radl-Stammtisch-Purkersdorf_4.png\" alt=\"\" width=\"271\" height=\"177\" \/>Am\u00a0<strong>Mittwoch den 15.04.2026<\/strong> findet in Purkersdorf der n\u00e4chste <strong>Radl-Stammtisch<\/strong> der Radlobby statt \u2013 <strong>OFFEN F\u00dcR ALLE!<\/strong><\/p>\n<p>Eagl ob Sie sich gemeinsam mit uns f\u00fcr eine Verbesserung der Radinfrastruktur in Purkersdorf und Umgebung einsetzen wollen oder einfach nur mitdiskutieren und sich ein wenig austauschen m\u00f6chten. J<strong>eder und jede ist willkommen und gerne gesehen<\/strong>!<\/p>\n<p>Diesmal auf der Agenda: Geplante Online-Umfrage, geplante bauliche Ma\u00dfnahmen im Fr\u00fchjahr, wichtige Dauerthemen sowie schnell und g\u00fcnstig umsetzbare Ma\u00dfnahmen zur Verbesserung der Verkehrssicherheit und Attraktivit\u00e4t des Fahrradfahrens.<br \/>\nFerner gibt es einen Bericht von der Infoveranstaltung &#8220;Lernen von \u00d6sterreichs Fahrradgemeinde Nr. 1&#8221; am 28. M\u00e4rz in Klosterneuburg. Hier berichtete der ehemalige, langj\u00e4hrige B\u00fcrgermeister Dr. Kurt Fischer, wie es gelang, einen Radverkehrsanteil von 34% zu erreichen.<\/p>\n<p>Wie immer tauschen wir Tipps und Erfahrungen f\u00fcr entspanntes Radeln in und um Purkersdorf aus!<\/p>\n<p><strong>Treffpunkt: 19:00 im <a href=\"https:\/\/www.klugmayer.com\/\">Gasthaus Klugmayer<\/a> in der Deutschwaldstra\u00dfe 1, 3002 Purkersdorf<\/strong><\/p>\n","protected":false},"excerpt":{"rendered":"<p>Am\u00a0Mittwoch den 15.04.2026 findet in Purkersdorf der n\u00e4chste Radl-Stammtisch der Radlobby statt \u2013 OFFEN F\u00dcR ALLE! Eagl ob Sie sich gemeinsam mit uns f\u00fcr eine Verbesserung der Radinfrastruktur in Purkersdorf und Umgebung einsetzen wollen oder einfach nur mitdiskutieren und sich<\/p>\n","protected":false},"author":89,"featured_media":41788,"comment_status":"closed","ping_status":"closed","sticky":false,"template":"","format":"standard","meta":{"footnotes":""},"categories":[374,283],"tags":[],"class_list":["post-41416","post","type-post","status-publish","format-standard","has-post-thumbnail","hentry","category-pressbaum","category-purkersdorf"],"yoast_head":"<!-- This site is optimized with the Yoast SEO plugin v26.9 - https:\/\/yoast.com\/product\/yoast-seo-wordpress\/ -->\n<title>Radl-Stammtisch in Purkersdorf am 15.04.2026<\/title>\n<meta name=\"robots\" content=\"index, follow, max-snippet:-1, max-image-preview:large, max-video-preview:-1\" \/>\n<link rel=\"canonical\" href=\"https:\/\/www.radlobby.org\/noe\/stammtisch_purkersdorf_april_2026\/\" \/>\n<meta property=\"og:locale\" content=\"de_DE\" \/>\n<meta property=\"og:type\" content=\"article\" \/>\n<meta property=\"og:title\" content=\"Radl-Stammtisch in Purkersdorf am 15.04.2026\" \/>\n<meta property=\"og:description\" content=\"Am\u00a0Mittwoch den 15.04.2026 findet in Purkersdorf der n\u00e4chste Radl-Stammtisch der Radlobby statt \u2013 OFFEN F\u00dcR ALLE! Eagl ob Sie sich gemeinsam mit uns f\u00fcr eine Verbesserung der Radinfrastruktur in Purkersdorf und Umgebung einsetzen wollen oder einfach nur mitdiskutieren und sich\" \/>\n<meta property=\"og:url\" content=\"https:\/\/www.radlobby.org\/noe\/stammtisch_purkersdorf_april_2026\/\" \/>\n<meta property=\"og:site_name\" content=\"Radlobby Nieder\u00f6sterreich\" \/>\n<meta property=\"article:publisher\" content=\"https:\/\/www.facebook.com\/groups\/radfahren.in.noe\/\" \/>\n<meta property=\"article:published_time\" content=\"2026-04-11T12:36:10+00:00\" \/>\n<meta property=\"article:modified_time\" content=\"2026-04-14T11:12:31+00:00\" \/>\n<meta property=\"og:image\" content=\"https:\/\/www.radlobby.org\/noe\/wp-content\/uploads\/Radl-Stammtisch-Purkersdorf_4.png\" \/>\n\t<meta property=\"og:image:width\" content=\"1285\" \/>\n\t<meta property=\"og:image:height\" content=\"839\" \/>\n\t<meta property=\"og:image:type\" content=\"image\/png\" \/>\n<meta name=\"author\" content=\"Elias Stahl\" \/>\n<meta name=\"twitter:card\" content=\"summary_large_image\" \/>\n<meta name=\"twitter:label1\" content=\"Verfasst von\" \/>\n\t<meta name=\"twitter:data1\" content=\"Elias Stahl\" \/>\n\t<meta name=\"twitter:label2\" content=\"Gesch\u00e4tzte Lesezeit\" \/>\n\t<meta name=\"twitter:data2\" content=\"2\u00a0Minuten\" \/>\n<script type=\"application\/ld+json\" class=\"yoast-schema-graph\">{\"@context\":\"https:\/\/schema.org\",\"@graph\":[{\"@type\":\"Article\",\"@id\":\"https:\/\/www.radlobby.org\/noe\/stammtisch_purkersdorf_april_2026\/#article\",\"isPartOf\":{\"@id\":\"https:\/\/www.radlobby.org\/noe\/stammtisch_purkersdorf_april_2026\/\"},\"author\":{\"name\":\"Elias Stahl\",\"@id\":\"https:\/\/www.radlobby.org\/noe\/#\/schema\/person\/281e504fb02b5338063d2ad611bdaa87\"},\"headline\":\"Radl-Stammtisch in Purkersdorf am 15.04.2026\",\"datePublished\":\"2026-04-11T12:36:10+00:00\",\"dateModified\":\"2026-04-14T11:12:31+00:00\",\"mainEntityOfPage\":{\"@id\":\"https:\/\/www.radlobby.org\/noe\/stammtisch_purkersdorf_april_2026\/\"},\"wordCount\":153,\"publisher\":{\"@id\":\"https:\/\/www.radlobby.org\/noe\/#organization\"},\"image\":{\"@id\":\"https:\/\/www.radlobby.org\/noe\/stammtisch_purkersdorf_april_2026\/#primaryimage\"},\"thumbnailUrl\":\"https:\/\/www.radlobby.org\/noe\/wp-content\/uploads\/Radl-Stammtisch-Purkersdorf_4.png\",\"articleSection\":[\"Radlobby Pressbaum\",\"Radlobby Purkersdorf\"],\"inLanguage\":\"de\"},{\"@type\":\"WebPage\",\"@id\":\"https:\/\/www.radlobby.org\/noe\/stammtisch_purkersdorf_april_2026\/\",\"url\":\"https:\/\/www.radlobby.org\/noe\/stammtisch_purkersdorf_april_2026\/\",\"name\":\"Radl-Stammtisch in Purkersdorf am 15.04.2026\",\"isPartOf\":{\"@id\":\"https:\/\/www.radlobby.org\/noe\/#website\"},\"primaryImageOfPage\":{\"@id\":\"https:\/\/www.radlobby.org\/noe\/stammtisch_purkersdorf_april_2026\/#primaryimage\"},\"image\":{\"@id\":\"https:\/\/www.radlobby.org\/noe\/stammtisch_purkersdorf_april_2026\/#primaryimage\"},\"thumbnailUrl\":\"https:\/\/www.radlobby.org\/noe\/wp-content\/uploads\/Radl-Stammtisch-Purkersdorf_4.png\",\"datePublished\":\"2026-04-11T12:36:10+00:00\",\"dateModified\":\"2026-04-14T11:12:31+00:00\",\"breadcrumb\":{\"@id\":\"https:\/\/www.radlobby.org\/noe\/stammtisch_purkersdorf_april_2026\/#breadcrumb\"},\"inLanguage\":\"de\",\"potentialAction\":[{\"@type\":\"ReadAction\",\"target\":[\"https:\/\/www.radlobby.org\/noe\/stammtisch_purkersdorf_april_2026\/\"]}]},{\"@type\":\"ImageObject\",\"inLanguage\":\"de\",\"@id\":\"https:\/\/www.radlobby.org\/noe\/stammtisch_purkersdorf_april_2026\/#primaryimage\",\"url\":\"https:\/\/www.radlobby.org\/noe\/wp-content\/uploads\/Radl-Stammtisch-Purkersdorf_4.png\",\"contentUrl\":\"https:\/\/www.radlobby.org\/noe\/wp-content\/uploads\/Radl-Stammtisch-Purkersdorf_4.png\",\"width\":1285,\"height\":839},{\"@type\":\"BreadcrumbList\",\"@id\":\"https:\/\/www.radlobby.org\/noe\/stammtisch_purkersdorf_april_2026\/#breadcrumb\",\"itemListElement\":[{\"@type\":\"ListItem\",\"position\":1,\"name\":\"Startseite\",\"item\":\"https:\/\/www.radlobby.org\/noe\/\"},{\"@type\":\"ListItem\",\"position\":2,\"name\":\"Radl-Stammtisch in Purkersdorf am 15.04.2026\"}]},{\"@type\":\"WebSite\",\"@id\":\"https:\/\/www.radlobby.org\/noe\/#website\",\"url\":\"https:\/\/www.radlobby.org\/noe\/\",\"name\":\"Radlobby Nieder\u00f6sterreich\",\"description\":\"Radverkehr, Fahrrad, Radfahren, Radreisen, Radtouren, Radweg\",\"publisher\":{\"@id\":\"https:\/\/www.radlobby.org\/noe\/#organization\"},\"potentialAction\":[{\"@type\":\"SearchAction\",\"target\":{\"@type\":\"EntryPoint\",\"urlTemplate\":\"https:\/\/www.radlobby.org\/noe\/?s={search_term_string}\"},\"query-input\":{\"@type\":\"PropertyValueSpecification\",\"valueRequired\":true,\"valueName\":\"search_term_string\"}}],\"inLanguage\":\"de\"},{\"@type\":\"Organization\",\"@id\":\"https:\/\/www.radlobby.org\/noe\/#organization\",\"name\":\"Radlobby Nieder\u00f6sterreich\",\"url\":\"https:\/\/www.radlobby.org\/noe\/\",\"logo\":{\"@type\":\"ImageObject\",\"inLanguage\":\"de\",\"@id\":\"https:\/\/www.radlobby.org\/noe\/#\/schema\/logo\/image\/\",\"url\":\"https:\/\/www.radlobby.org\/noe\/wp-content\/uploads\/2017\/01\/cropped-Logo_Radlobby_Niederoesterreich_50-400px_quer-1.jpg\",\"contentUrl\":\"https:\/\/www.radlobby.org\/noe\/wp-content\/uploads\/2017\/01\/cropped-Logo_Radlobby_Niederoesterreich_50-400px_quer-1.jpg\",\"width\":450,\"height\":124,\"caption\":\"Radlobby Nieder\u00f6sterreich\"},\"image\":{\"@id\":\"https:\/\/www.radlobby.org\/noe\/#\/schema\/logo\/image\/\"},\"sameAs\":[\"https:\/\/www.facebook.com\/groups\/radfahren.in.noe\/\"]},{\"@type\":\"Person\",\"@id\":\"https:\/\/www.radlobby.org\/noe\/#\/schema\/person\/281e504fb02b5338063d2ad611bdaa87\",\"name\":\"Elias Stahl\",\"image\":{\"@type\":\"ImageObject\",\"inLanguage\":\"de\",\"@id\":\"https:\/\/www.radlobby.org\/noe\/#\/schema\/person\/image\/\",\"url\":\"https:\/\/secure.gravatar.com\/avatar\/582e097fa246cb9c1a447dc94bd0e03e79c4b706594f1d02bf5d82329c087863?s=96&d=mm&r=g\",\"contentUrl\":\"https:\/\/secure.gravatar.com\/avatar\/582e097fa246cb9c1a447dc94bd0e03e79c4b706594f1d02bf5d82329c087863?s=96&d=mm&r=g\",\"caption\":\"Elias Stahl\"},\"url\":\"https:\/\/www.radlobby.org\/noe\/author\/elias\/\"}]}<\/script>\n<!-- \/ Yoast SEO plugin. -->","yoast_head_json":{"title":"Radl-Stammtisch in Purkersdorf am 15.04.2026","robots":{"index":"index","follow":"follow","max-snippet":"max-snippet:-1","max-image-preview":"max-image-preview:large","max-video-preview":"max-video-preview:-1"},"canonical":"https:\/\/www.radlobby.org\/noe\/stammtisch_purkersdorf_april_2026\/","og_locale":"de_DE","og_type":"article","og_title":"Radl-Stammtisch in Purkersdorf am 15.04.2026","og_description":"Am\u00a0Mittwoch den 15.04.2026 findet in Purkersdorf der n\u00e4chste Radl-Stammtisch der Radlobby statt \u2013 OFFEN F\u00dcR ALLE! Eagl ob Sie sich gemeinsam mit uns f\u00fcr eine Verbesserung der Radinfrastruktur in Purkersdorf und Umgebung einsetzen wollen oder einfach nur mitdiskutieren und sich","og_url":"https:\/\/www.radlobby.org\/noe\/stammtisch_purkersdorf_april_2026\/","og_site_name":"Radlobby Nieder\u00f6sterreich","article_publisher":"https:\/\/www.facebook.com\/groups\/radfahren.in.noe\/","article_published_time":"2026-04-11T12:36:10+00:00","article_modified_time":"2026-04-14T11:12:31+00:00","og_image":[{"width":1285,"height":839,"url":"https:\/\/www.radlobby.org\/noe\/wp-content\/uploads\/Radl-Stammtisch-Purkersdorf_4.png","type":"image\/png"}],"author":"Elias Stahl","twitter_card":"summary_large_image","twitter_misc":{"Verfasst von":"Elias Stahl","Gesch\u00e4tzte Lesezeit":"2\u00a0Minuten"},"schema":{"@context":"https:\/\/schema.org","@graph":[{"@type":"Article","@id":"https:\/\/www.radlobby.org\/noe\/stammtisch_purkersdorf_april_2026\/#article","isPartOf":{"@id":"https:\/\/www.radlobby.org\/noe\/stammtisch_purkersdorf_april_2026\/"},"author":{"name":"Elias Stahl","@id":"https:\/\/www.radlobby.org\/noe\/#\/schema\/person\/281e504fb02b5338063d2ad611bdaa87"},"headline":"Radl-Stammtisch in Purkersdorf am 15.04.2026","datePublished":"2026-04-11T12:36:10+00:00","dateModified":"2026-04-14T11:12:31+00:00","mainEntityOfPage":{"@id":"https:\/\/www.radlobby.org\/noe\/stammtisch_purkersdorf_april_2026\/"},"wordCount":153,"publisher":{"@id":"https:\/\/www.radlobby.org\/noe\/#organization"},"image":{"@id":"https:\/\/www.radlobby.org\/noe\/stammtisch_purkersdorf_april_2026\/#primaryimage"},"thumbnailUrl":"https:\/\/www.radlobby.org\/noe\/wp-content\/uploads\/Radl-Stammtisch-Purkersdorf_4.png","articleSection":["Radlobby Pressbaum","Radlobby Purkersdorf"],"inLanguage":"de"},{"@type":"WebPage","@id":"https:\/\/www.radlobby.org\/noe\/stammtisch_purkersdorf_april_2026\/","url":"https:\/\/www.radlobby.org\/noe\/stammtisch_purkersdorf_april_2026\/","name":"Radl-Stammtisch in Purkersdorf am 15.04.2026","isPartOf":{"@id":"https:\/\/www.radlobby.org\/noe\/#website"},"primaryImageOfPage":{"@id":"https:\/\/www.radlobby.org\/noe\/stammtisch_purkersdorf_april_2026\/#primaryimage"},"image":{"@id":"https:\/\/www.radlobby.org\/noe\/stammtisch_purkersdorf_april_2026\/#primaryimage"},"thumbnailUrl":"https:\/\/www.radlobby.org\/noe\/wp-content\/uploads\/Radl-Stammtisch-Purkersdorf_4.png","datePublished":"2026-04-11T12:36:10+00:00","dateModified":"2026-04-14T11:12:31+00:00","breadcrumb":{"@id":"https:\/\/www.radlobby.org\/noe\/stammtisch_purkersdorf_april_2026\/#breadcrumb"},"inLanguage":"de","potentialAction":[{"@type":"ReadAction","target":["https:\/\/www.radlobby.org\/noe\/stammtisch_purkersdorf_april_2026\/"]}]},{"@type":"ImageObject","inLanguage":"de","@id":"https:\/\/www.radlobby.org\/noe\/stammtisch_purkersdorf_april_2026\/#primaryimage","url":"https:\/\/www.radlobby.org\/noe\/wp-content\/uploads\/Radl-Stammtisch-Purkersdorf_4.png","contentUrl":"https:\/\/www.radlobby.org\/noe\/wp-content\/uploads\/Radl-Stammtisch-Purkersdorf_4.png","width":1285,"height":839},{"@type":"BreadcrumbList","@id":"https:\/\/www.radlobby.org\/noe\/stammtisch_purkersdorf_april_2026\/#breadcrumb","itemListElement":[{"@type":"ListItem","position":1,"name":"Startseite","item":"https:\/\/www.radlobby.org\/noe\/"},{"@type":"ListItem","position":2,"name":"Radl-Stammtisch in Purkersdorf am 15.04.2026"}]},{"@type":"WebSite","@id":"https:\/\/www.radlobby.org\/noe\/#website","url":"https:\/\/www.radlobby.org\/noe\/","name":"Radlobby Nieder\u00f6sterreich","description":"Radverkehr, Fahrrad, Radfahren, Radreisen, Radtouren, Radweg","publisher":{"@id":"https:\/\/www.radlobby.org\/noe\/#organization"},"potentialAction":[{"@type":"SearchAction","target":{"@type":"EntryPoint","urlTemplate":"https:\/\/www.radlobby.org\/noe\/?s={search_term_string}"},"query-input":{"@type":"PropertyValueSpecification","valueRequired":true,"valueName":"search_term_string"}}],"inLanguage":"de"},{"@type":"Organization","@id":"https:\/\/www.radlobby.org\/noe\/#organization","name":"Radlobby Nieder\u00f6sterreich","url":"https:\/\/www.radlobby.org\/noe\/","logo":{"@type":"ImageObject","inLanguage":"de","@id":"https:\/\/www.radlobby.org\/noe\/#\/schema\/logo\/image\/","url":"https:\/\/www.radlobby.org\/noe\/wp-content\/uploads\/2017\/01\/cropped-Logo_Radlobby_Niederoesterreich_50-400px_quer-1.jpg","contentUrl":"https:\/\/www.radlobby.org\/noe\/wp-content\/uploads\/2017\/01\/cropped-Logo_Radlobby_Niederoesterreich_50-400px_quer-1.jpg","width":450,"height":124,"caption":"Radlobby Nieder\u00f6sterreich"},"image":{"@id":"https:\/\/www.radlobby.org\/noe\/#\/schema\/logo\/image\/"},"sameAs":["https:\/\/www.facebook.com\/groups\/radfahren.in.noe\/"]},{"@type":"Person","@id":"https:\/\/www.radlobby.org\/noe\/#\/schema\/person\/281e504fb02b5338063d2ad611bdaa87","name":"Elias Stahl","image":{"@type":"ImageObject","inLanguage":"de","@id":"https:\/\/www.radlobby.org\/noe\/#\/schema\/person\/image\/","url":"https:\/\/secure.gravatar.com\/avatar\/582e097fa246cb9c1a447dc94bd0e03e79c4b706594f1d02bf5d82329c087863?s=96&d=mm&r=g","contentUrl":"https:\/\/secure.gravatar.com\/avatar\/582e097fa246cb9c1a447dc94bd0e03e79c4b706594f1d02bf5d82329c087863?s=96&d=mm&r=g","caption":"Elias Stahl"},"url":"https:\/\/www.radlobby.org\/noe\/author\/elias\/"}]}},"_links":{"self":[{"href":"https:\/\/www.radlobby.org\/noe\/wp-json\/wp\/v2\/posts\/41416","targetHints":{"allow":["GET"]}}],"collection":[{"href":"https:\/\/www.radlobby.org\/noe\/wp-json\/wp\/v2\/posts"}],"about":[{"href":"https:\/\/www.radlobby.org\/noe\/wp-json\/wp\/v2\/types\/post"}],"author":[{"embeddable":true,"href":"https:\/\/www.radlobby.org\/noe\/wp-json\/wp\/v2\/users\/89"}],"replies":[{"embeddable":true,"href":"https:\/\/www.radlobby.org\/noe\/wp-json\/wp\/v2\/comments?post=41416"}],"version-history":[{"count":6,"href":"https:\/\/www.radlobby.org\/noe\/wp-json\/wp\/v2\/posts\/41416\/revisions"}],"predecessor-version":[{"id":41789,"href":"https:\/\/www.radlobby.org\/noe\/wp-json\/wp\/v2\/posts\/41416\/revisions\/41789"}],"wp:featuredmedia":[{"embeddable":true,"href":"https:\/\/www.radlobby.org\/noe\/wp-json\/wp\/v2\/media\/41788"}],"wp:attachment":[{"href":"https:\/\/www.radlobby.org\/noe\/wp-json\/wp\/v2\/media?parent=41416"}],"wp:term":[{"taxonomy":"category","embeddable":true,"href":"https:\/\/www.radlobby.org\/noe\/wp-json\/wp\/v2\/categories?post=41416"},{"taxonomy":"post_tag","embeddable":true,"href":"https:\/\/www.radlobby.org\/noe\/wp-json\/wp\/v2\/tags?post=41416"}],"curies":[{"name":"wp","href":"https:\/\/api.w.org\/{rel}","templated":true}]}}