{"id":41406,"date":"2026-03-13T12:19:45","date_gmt":"2026-03-13T11:19:45","guid":{"rendered":"https:\/\/www.radlobby.org\/noe\/?p=41406"},"modified":"2026-03-13T12:19:45","modified_gmt":"2026-03-13T11:19:45","slug":"radfahren-als-klimaanpassung","status":"publish","type":"post","link":"https:\/\/www.radlobby.org\/noe\/radfahren-als-klimaanpassung\/","title":{"rendered":"Auch Gehen und Radfahren ist Klimaanpassung"},"content":{"rendered":"<p>Die Radlobby Melk hat bereits im Dezember 2024 ihre Vorschl\u00e4ge f\u00fcr m\u00f6gliche Klimaanpassungsma\u00dfnahmen zur <strong>KL<\/strong>imawandel-<strong>A<\/strong>npassungsmodell<strong>R<\/strong>egion KLAR! (Melk ist Mitglied) in den Diskussionsprozess eingebracht.<\/p>\n<p><strong>Was ist<\/strong><strong> \u201eKlimaanpassung\u201c \u00fcberhaupt?<\/strong><\/p>\n<p>Bei Ma\u00dfnahmen zur Klimawandelanpassung sind K\u00fchlungs-, Gr\u00fcn- und Wassermanagement zentrale Themen. Dies hat gute Gr\u00fcnde, um den Aufenthalt (in- und outdoor) ertr\u00e4glich zu gestalten\/erhalten, Biodiversit\u00e4t zu erhalten etc. Und das tr\u00e4gt auch dazu bei, das Zur\u00fccklegen von Wegen zu Fu\u00df und per Fahrrad attraktiv zu machen\/zu erhalten und so in Summe hohe Lebensqualit\u00e4t zu sichern. Das hei\u00dft daher auch, dass attraktive Geh- und Radwege Teil der Klimawandelanpassung sind (versickerungsf\u00e4hige Parkplatze sind wichtig, Verlagerung der Mobilit\u00e4t auf aktive Mobilit\u00e4t ist wichtig \u2013 dann kann statt eines Parkplatzes leichter ein Baum gepflanzt werden). Die Bedeutung und das positive Potenzial der aktiven Mobilit\u00e4t und des \u00f6ffentlichen Verkehrs f\u00fcr das Klima sollte nicht durch eine zu enge Fassung des Begriffs Klimawandelanpassung ausgeklammert werden. Denn viele Klimawandelanpassungsma\u00dfnahmen setzen auch Anreize, die kurzen Wege in der Kleinstadt Melk \u00f6fter zu gehen und mit dem Rad zu fahren. Klimavertr\u00e4gliche Mobilit\u00e4t sollte daher auch als Teil einer Klimawandelanpassungsstrategie verstanden und mitgedacht werden \u2013 im Sinne der oben genannten Synergieeffekte.<\/p>\n<p><strong>\u00a0<\/strong><strong>Vorschl\u00e4ge m\u00f6glicher Klimaanpassungsma\u00dfnahmen: <\/strong><\/p>\n<p>* <strong>beschattete Sitzgelegenheiten im \u00f6ffentlichen Raum<\/strong> in bestimmten Abst\u00e4nden (alle 5, alle 10 Gehminuten) fl\u00e4chendeckend vorsehen.<\/p>\n<p>* <strong>\u00dcberdachte Radabstellanlagen planen<\/strong>: an viel frequentierten Stellen in der Innenstadt schaffen, mit Sitzgelegenheiten kombinieren (Regenschutz, Schattenspender); daf\u00fcr kann auch nat\u00fcrlicher H\u00e4userschatten gezielt genutzt werden.<\/p>\n<p>* die sich rasch vermehrenden <strong>Beton-\/Schotterfl\u00e4chen\/Schotterinseln im \u00f6ffentlichen Raum<\/strong> durch Gr\u00fcnfl\u00e4chen ersetzen, z.B. \u00c4rztezentrum, Arbeiterkammer, \u00d6VP Clubhaus, neue \u00c4rztezentrum \u2026 negative Vorbildwirkung!<\/p>\n<p>* <strong>Ungenutzte \u00f6ffentliche Fl\u00e4chen<\/strong> im Stadtgebiet f\u00fcr kleine Klimaw\u00e4lder oder zumindest Blumenwiesen nutzen \u2013 statt energie- und arbeitsintensive Pflege durch h\u00e4ufiges M\u00e4hen<\/p>\n<p>* Der Trend zur Urnenbestattung f\u00fchrt dazu, dass, mangels Bedarf immer mehr Grabstellen unbelegt bleiben.\u00a0 Das bietet die Chance und den Platz <strong>am Friedhof Wiesenflecken mit Sitzb\u00e4nken samt schattenspendenden B\u00e4umen<\/strong> zu schaffen. F\u00fcr das in hohem Ma\u00dfe alte Publikum am Friedhof sicher eine Erleichterung.<\/p>\n<p>* <strong>Klimaanpassung nicht nur auf \u00f6ffentliche Fl\u00e4chen beschr\u00e4nken<\/strong> &#8211; auch in Richtung <strong>Privatgrundst\u00fccke\/-g\u00e4rten<\/strong> Bewusstseinsbildung, Anreize, Anleitung f\u00fcr zur\u00fcckhaltende Bodenversiegelung \u2013 um von der \u201eNormalit\u00e4t\u201c der asphaltierten\/betonierten Zufahrts- und Vorbereiche, Gehwegen im Garten und Aufstellfl\u00e4chen f\u00fcr Gartengarnituren auf Privatgrundst\u00fccken etc. wegzukommen.<\/p>\n","protected":false},"excerpt":{"rendered":"<p>Die Radlobby Melk hat bereits im Dezember 2024 ihre Vorschl\u00e4ge f\u00fcr m\u00f6gliche Klimaanpassungsma\u00dfnahmen zur KLimawandel-AnpassungsmodellRegion KLAR! (Melk ist Mitglied) in den Diskussionsprozess eingebracht. Was ist \u201eKlimaanpassung\u201c \u00fcberhaupt? Bei Ma\u00dfnahmen zur Klimawandelanpassung sind K\u00fchlungs-, Gr\u00fcn- und Wassermanagement zentrale Themen. Dies hat<\/p>\n","protected":false},"author":10,"featured_media":41407,"comment_status":"closed","ping_status":"closed","sticky":false,"template":"","format":"standard","meta":{"footnotes":""},"categories":[9,20],"tags":[26],"class_list":["post-41406","post","type-post","status-publish","format-standard","has-post-thumbnail","hentry","category-melk","category-niederoesterreich","tag-aktionen"],"yoast_head":"<!-- This site is optimized with the Yoast SEO plugin v26.9 - https:\/\/yoast.com\/product\/yoast-seo-wordpress\/ -->\n<title>Auch Gehen und Radfahren ist Klimaanpassung - Radlobby Nieder\u00f6sterreich<\/title>\n<meta name=\"robots\" content=\"index, follow, max-snippet:-1, max-image-preview:large, max-video-preview:-1\" \/>\n<link rel=\"canonical\" href=\"https:\/\/www.radlobby.org\/noe\/radfahren-als-klimaanpassung\/\" \/>\n<meta property=\"og:locale\" content=\"de_DE\" \/>\n<meta property=\"og:type\" content=\"article\" \/>\n<meta property=\"og:title\" content=\"Auch Gehen und Radfahren ist Klimaanpassung - Radlobby Nieder\u00f6sterreich\" \/>\n<meta property=\"og:description\" content=\"Die Radlobby Melk hat bereits im Dezember 2024 ihre Vorschl\u00e4ge f\u00fcr m\u00f6gliche Klimaanpassungsma\u00dfnahmen zur KLimawandel-AnpassungsmodellRegion KLAR! (Melk ist Mitglied) in den Diskussionsprozess eingebracht. Was ist \u201eKlimaanpassung\u201c \u00fcberhaupt? Bei Ma\u00dfnahmen zur Klimawandelanpassung sind K\u00fchlungs-, Gr\u00fcn- und Wassermanagement zentrale Themen. Dies hat\" \/>\n<meta property=\"og:url\" content=\"https:\/\/www.radlobby.org\/noe\/radfahren-als-klimaanpassung\/\" \/>\n<meta property=\"og:site_name\" content=\"Radlobby Nieder\u00f6sterreich\" \/>\n<meta property=\"article:publisher\" content=\"https:\/\/www.facebook.com\/groups\/radfahren.in.noe\/\" \/>\n<meta property=\"article:published_time\" content=\"2026-03-13T11:19:45+00:00\" \/>\n<meta property=\"og:image\" content=\"https:\/\/www.radlobby.org\/noe\/wp-content\/uploads\/20190228_113127-scaled.jpg\" \/>\n\t<meta property=\"og:image:width\" content=\"2560\" \/>\n\t<meta property=\"og:image:height\" content=\"1440\" \/>\n\t<meta property=\"og:image:type\" content=\"image\/jpeg\" \/>\n<meta name=\"author\" content=\"Christian H\u00f6ller\" \/>\n<meta name=\"twitter:card\" content=\"summary_large_image\" \/>\n<meta name=\"twitter:label1\" content=\"Verfasst von\" \/>\n\t<meta name=\"twitter:data1\" content=\"Christian H\u00f6ller\" \/>\n\t<meta name=\"twitter:label2\" content=\"Gesch\u00e4tzte Lesezeit\" \/>\n\t<meta name=\"twitter:data2\" content=\"3\u00a0Minuten\" \/>\n<script type=\"application\/ld+json\" class=\"yoast-schema-graph\">{\"@context\":\"https:\/\/schema.org\",\"@graph\":[{\"@type\":\"Article\",\"@id\":\"https:\/\/www.radlobby.org\/noe\/radfahren-als-klimaanpassung\/#article\",\"isPartOf\":{\"@id\":\"https:\/\/www.radlobby.org\/noe\/radfahren-als-klimaanpassung\/\"},\"author\":{\"name\":\"Christian H\u00f6ller\",\"@id\":\"https:\/\/www.radlobby.org\/noe\/#\/schema\/person\/9edd0d27788b22085d15e9b4dad58751\"},\"headline\":\"Auch Gehen und Radfahren ist Klimaanpassung\",\"datePublished\":\"2026-03-13T11:19:45+00:00\",\"mainEntityOfPage\":{\"@id\":\"https:\/\/www.radlobby.org\/noe\/radfahren-als-klimaanpassung\/\"},\"wordCount\":412,\"publisher\":{\"@id\":\"https:\/\/www.radlobby.org\/noe\/#organization\"},\"image\":{\"@id\":\"https:\/\/www.radlobby.org\/noe\/radfahren-als-klimaanpassung\/#primaryimage\"},\"thumbnailUrl\":\"https:\/\/www.radlobby.org\/noe\/wp-content\/uploads\/20190228_113127-scaled.jpg\",\"keywords\":[\"Aktionen\"],\"articleSection\":[\"Radlobby Melk\",\"Radlobby Nieder\u00f6sterreich\"],\"inLanguage\":\"de\"},{\"@type\":\"WebPage\",\"@id\":\"https:\/\/www.radlobby.org\/noe\/radfahren-als-klimaanpassung\/\",\"url\":\"https:\/\/www.radlobby.org\/noe\/radfahren-als-klimaanpassung\/\",\"name\":\"Auch Gehen und Radfahren ist Klimaanpassung - Radlobby Nieder\u00f6sterreich\",\"isPartOf\":{\"@id\":\"https:\/\/www.radlobby.org\/noe\/#website\"},\"primaryImageOfPage\":{\"@id\":\"https:\/\/www.radlobby.org\/noe\/radfahren-als-klimaanpassung\/#primaryimage\"},\"image\":{\"@id\":\"https:\/\/www.radlobby.org\/noe\/radfahren-als-klimaanpassung\/#primaryimage\"},\"thumbnailUrl\":\"https:\/\/www.radlobby.org\/noe\/wp-content\/uploads\/20190228_113127-scaled.jpg\",\"datePublished\":\"2026-03-13T11:19:45+00:00\",\"breadcrumb\":{\"@id\":\"https:\/\/www.radlobby.org\/noe\/radfahren-als-klimaanpassung\/#breadcrumb\"},\"inLanguage\":\"de\",\"potentialAction\":[{\"@type\":\"ReadAction\",\"target\":[\"https:\/\/www.radlobby.org\/noe\/radfahren-als-klimaanpassung\/\"]}]},{\"@type\":\"ImageObject\",\"inLanguage\":\"de\",\"@id\":\"https:\/\/www.radlobby.org\/noe\/radfahren-als-klimaanpassung\/#primaryimage\",\"url\":\"https:\/\/www.radlobby.org\/noe\/wp-content\/uploads\/20190228_113127-scaled.jpg\",\"contentUrl\":\"https:\/\/www.radlobby.org\/noe\/wp-content\/uploads\/20190228_113127-scaled.jpg\",\"width\":2560,\"height\":1440,\"caption\":\"METADATA-START\"},{\"@type\":\"BreadcrumbList\",\"@id\":\"https:\/\/www.radlobby.org\/noe\/radfahren-als-klimaanpassung\/#breadcrumb\",\"itemListElement\":[{\"@type\":\"ListItem\",\"position\":1,\"name\":\"Startseite\",\"item\":\"https:\/\/www.radlobby.org\/noe\/\"},{\"@type\":\"ListItem\",\"position\":2,\"name\":\"Auch Gehen und Radfahren ist Klimaanpassung\"}]},{\"@type\":\"WebSite\",\"@id\":\"https:\/\/www.radlobby.org\/noe\/#website\",\"url\":\"https:\/\/www.radlobby.org\/noe\/\",\"name\":\"Radlobby Nieder\u00f6sterreich\",\"description\":\"Radverkehr, Fahrrad, Radfahren, Radreisen, Radtouren, Radweg\",\"publisher\":{\"@id\":\"https:\/\/www.radlobby.org\/noe\/#organization\"},\"potentialAction\":[{\"@type\":\"SearchAction\",\"target\":{\"@type\":\"EntryPoint\",\"urlTemplate\":\"https:\/\/www.radlobby.org\/noe\/?s={search_term_string}\"},\"query-input\":{\"@type\":\"PropertyValueSpecification\",\"valueRequired\":true,\"valueName\":\"search_term_string\"}}],\"inLanguage\":\"de\"},{\"@type\":\"Organization\",\"@id\":\"https:\/\/www.radlobby.org\/noe\/#organization\",\"name\":\"Radlobby Nieder\u00f6sterreich\",\"url\":\"https:\/\/www.radlobby.org\/noe\/\",\"logo\":{\"@type\":\"ImageObject\",\"inLanguage\":\"de\",\"@id\":\"https:\/\/www.radlobby.org\/noe\/#\/schema\/logo\/image\/\",\"url\":\"https:\/\/www.radlobby.org\/noe\/wp-content\/uploads\/2017\/01\/cropped-Logo_Radlobby_Niederoesterreich_50-400px_quer-1.jpg\",\"contentUrl\":\"https:\/\/www.radlobby.org\/noe\/wp-content\/uploads\/2017\/01\/cropped-Logo_Radlobby_Niederoesterreich_50-400px_quer-1.jpg\",\"width\":450,\"height\":124,\"caption\":\"Radlobby Nieder\u00f6sterreich\"},\"image\":{\"@id\":\"https:\/\/www.radlobby.org\/noe\/#\/schema\/logo\/image\/\"},\"sameAs\":[\"https:\/\/www.facebook.com\/groups\/radfahren.in.noe\/\"]},{\"@type\":\"Person\",\"@id\":\"https:\/\/www.radlobby.org\/noe\/#\/schema\/person\/9edd0d27788b22085d15e9b4dad58751\",\"name\":\"Christian H\u00f6ller\",\"image\":{\"@type\":\"ImageObject\",\"inLanguage\":\"de\",\"@id\":\"https:\/\/www.radlobby.org\/noe\/#\/schema\/person\/image\/\",\"url\":\"https:\/\/secure.gravatar.com\/avatar\/7d22484a7ff001a2124b9145038af080348d51ac7e445cb4831a25cbdc57e0b9?s=96&d=mm&r=g\",\"contentUrl\":\"https:\/\/secure.gravatar.com\/avatar\/7d22484a7ff001a2124b9145038af080348d51ac7e445cb4831a25cbdc57e0b9?s=96&d=mm&r=g\",\"caption\":\"Christian H\u00f6ller\"},\"url\":\"https:\/\/www.radlobby.org\/noe\/author\/christianhoeller\/\"}]}<\/script>\n<!-- \/ Yoast SEO plugin. -->","yoast_head_json":{"title":"Auch Gehen und Radfahren ist Klimaanpassung - Radlobby Nieder\u00f6sterreich","robots":{"index":"index","follow":"follow","max-snippet":"max-snippet:-1","max-image-preview":"max-image-preview:large","max-video-preview":"max-video-preview:-1"},"canonical":"https:\/\/www.radlobby.org\/noe\/radfahren-als-klimaanpassung\/","og_locale":"de_DE","og_type":"article","og_title":"Auch Gehen und Radfahren ist Klimaanpassung - Radlobby Nieder\u00f6sterreich","og_description":"Die Radlobby Melk hat bereits im Dezember 2024 ihre Vorschl\u00e4ge f\u00fcr m\u00f6gliche Klimaanpassungsma\u00dfnahmen zur KLimawandel-AnpassungsmodellRegion KLAR! (Melk ist Mitglied) in den Diskussionsprozess eingebracht. Was ist \u201eKlimaanpassung\u201c \u00fcberhaupt? Bei Ma\u00dfnahmen zur Klimawandelanpassung sind K\u00fchlungs-, Gr\u00fcn- und Wassermanagement zentrale Themen. Dies hat","og_url":"https:\/\/www.radlobby.org\/noe\/radfahren-als-klimaanpassung\/","og_site_name":"Radlobby Nieder\u00f6sterreich","article_publisher":"https:\/\/www.facebook.com\/groups\/radfahren.in.noe\/","article_published_time":"2026-03-13T11:19:45+00:00","og_image":[{"width":2560,"height":1440,"url":"https:\/\/www.radlobby.org\/noe\/wp-content\/uploads\/20190228_113127-scaled.jpg","type":"image\/jpeg"}],"author":"Christian H\u00f6ller","twitter_card":"summary_large_image","twitter_misc":{"Verfasst von":"Christian H\u00f6ller","Gesch\u00e4tzte Lesezeit":"3\u00a0Minuten"},"schema":{"@context":"https:\/\/schema.org","@graph":[{"@type":"Article","@id":"https:\/\/www.radlobby.org\/noe\/radfahren-als-klimaanpassung\/#article","isPartOf":{"@id":"https:\/\/www.radlobby.org\/noe\/radfahren-als-klimaanpassung\/"},"author":{"name":"Christian H\u00f6ller","@id":"https:\/\/www.radlobby.org\/noe\/#\/schema\/person\/9edd0d27788b22085d15e9b4dad58751"},"headline":"Auch Gehen und Radfahren ist Klimaanpassung","datePublished":"2026-03-13T11:19:45+00:00","mainEntityOfPage":{"@id":"https:\/\/www.radlobby.org\/noe\/radfahren-als-klimaanpassung\/"},"wordCount":412,"publisher":{"@id":"https:\/\/www.radlobby.org\/noe\/#organization"},"image":{"@id":"https:\/\/www.radlobby.org\/noe\/radfahren-als-klimaanpassung\/#primaryimage"},"thumbnailUrl":"https:\/\/www.radlobby.org\/noe\/wp-content\/uploads\/20190228_113127-scaled.jpg","keywords":["Aktionen"],"articleSection":["Radlobby Melk","Radlobby Nieder\u00f6sterreich"],"inLanguage":"de"},{"@type":"WebPage","@id":"https:\/\/www.radlobby.org\/noe\/radfahren-als-klimaanpassung\/","url":"https:\/\/www.radlobby.org\/noe\/radfahren-als-klimaanpassung\/","name":"Auch Gehen und Radfahren ist Klimaanpassung - Radlobby Nieder\u00f6sterreich","isPartOf":{"@id":"https:\/\/www.radlobby.org\/noe\/#website"},"primaryImageOfPage":{"@id":"https:\/\/www.radlobby.org\/noe\/radfahren-als-klimaanpassung\/#primaryimage"},"image":{"@id":"https:\/\/www.radlobby.org\/noe\/radfahren-als-klimaanpassung\/#primaryimage"},"thumbnailUrl":"https:\/\/www.radlobby.org\/noe\/wp-content\/uploads\/20190228_113127-scaled.jpg","datePublished":"2026-03-13T11:19:45+00:00","breadcrumb":{"@id":"https:\/\/www.radlobby.org\/noe\/radfahren-als-klimaanpassung\/#breadcrumb"},"inLanguage":"de","potentialAction":[{"@type":"ReadAction","target":["https:\/\/www.radlobby.org\/noe\/radfahren-als-klimaanpassung\/"]}]},{"@type":"ImageObject","inLanguage":"de","@id":"https:\/\/www.radlobby.org\/noe\/radfahren-als-klimaanpassung\/#primaryimage","url":"https:\/\/www.radlobby.org\/noe\/wp-content\/uploads\/20190228_113127-scaled.jpg","contentUrl":"https:\/\/www.radlobby.org\/noe\/wp-content\/uploads\/20190228_113127-scaled.jpg","width":2560,"height":1440,"caption":"METADATA-START"},{"@type":"BreadcrumbList","@id":"https:\/\/www.radlobby.org\/noe\/radfahren-als-klimaanpassung\/#breadcrumb","itemListElement":[{"@type":"ListItem","position":1,"name":"Startseite","item":"https:\/\/www.radlobby.org\/noe\/"},{"@type":"ListItem","position":2,"name":"Auch Gehen und Radfahren ist Klimaanpassung"}]},{"@type":"WebSite","@id":"https:\/\/www.radlobby.org\/noe\/#website","url":"https:\/\/www.radlobby.org\/noe\/","name":"Radlobby Nieder\u00f6sterreich","description":"Radverkehr, Fahrrad, Radfahren, Radreisen, Radtouren, Radweg","publisher":{"@id":"https:\/\/www.radlobby.org\/noe\/#organization"},"potentialAction":[{"@type":"SearchAction","target":{"@type":"EntryPoint","urlTemplate":"https:\/\/www.radlobby.org\/noe\/?s={search_term_string}"},"query-input":{"@type":"PropertyValueSpecification","valueRequired":true,"valueName":"search_term_string"}}],"inLanguage":"de"},{"@type":"Organization","@id":"https:\/\/www.radlobby.org\/noe\/#organization","name":"Radlobby Nieder\u00f6sterreich","url":"https:\/\/www.radlobby.org\/noe\/","logo":{"@type":"ImageObject","inLanguage":"de","@id":"https:\/\/www.radlobby.org\/noe\/#\/schema\/logo\/image\/","url":"https:\/\/www.radlobby.org\/noe\/wp-content\/uploads\/2017\/01\/cropped-Logo_Radlobby_Niederoesterreich_50-400px_quer-1.jpg","contentUrl":"https:\/\/www.radlobby.org\/noe\/wp-content\/uploads\/2017\/01\/cropped-Logo_Radlobby_Niederoesterreich_50-400px_quer-1.jpg","width":450,"height":124,"caption":"Radlobby Nieder\u00f6sterreich"},"image":{"@id":"https:\/\/www.radlobby.org\/noe\/#\/schema\/logo\/image\/"},"sameAs":["https:\/\/www.facebook.com\/groups\/radfahren.in.noe\/"]},{"@type":"Person","@id":"https:\/\/www.radlobby.org\/noe\/#\/schema\/person\/9edd0d27788b22085d15e9b4dad58751","name":"Christian H\u00f6ller","image":{"@type":"ImageObject","inLanguage":"de","@id":"https:\/\/www.radlobby.org\/noe\/#\/schema\/person\/image\/","url":"https:\/\/secure.gravatar.com\/avatar\/7d22484a7ff001a2124b9145038af080348d51ac7e445cb4831a25cbdc57e0b9?s=96&d=mm&r=g","contentUrl":"https:\/\/secure.gravatar.com\/avatar\/7d22484a7ff001a2124b9145038af080348d51ac7e445cb4831a25cbdc57e0b9?s=96&d=mm&r=g","caption":"Christian H\u00f6ller"},"url":"https:\/\/www.radlobby.org\/noe\/author\/christianhoeller\/"}]}},"_links":{"self":[{"href":"https:\/\/www.radlobby.org\/noe\/wp-json\/wp\/v2\/posts\/41406","targetHints":{"allow":["GET"]}}],"collection":[{"href":"https:\/\/www.radlobby.org\/noe\/wp-json\/wp\/v2\/posts"}],"about":[{"href":"https:\/\/www.radlobby.org\/noe\/wp-json\/wp\/v2\/types\/post"}],"author":[{"embeddable":true,"href":"https:\/\/www.radlobby.org\/noe\/wp-json\/wp\/v2\/users\/10"}],"replies":[{"embeddable":true,"href":"https:\/\/www.radlobby.org\/noe\/wp-json\/wp\/v2\/comments?post=41406"}],"version-history":[{"count":1,"href":"https:\/\/www.radlobby.org\/noe\/wp-json\/wp\/v2\/posts\/41406\/revisions"}],"predecessor-version":[{"id":41408,"href":"https:\/\/www.radlobby.org\/noe\/wp-json\/wp\/v2\/posts\/41406\/revisions\/41408"}],"wp:featuredmedia":[{"embeddable":true,"href":"https:\/\/www.radlobby.org\/noe\/wp-json\/wp\/v2\/media\/41407"}],"wp:attachment":[{"href":"https:\/\/www.radlobby.org\/noe\/wp-json\/wp\/v2\/media?parent=41406"}],"wp:term":[{"taxonomy":"category","embeddable":true,"href":"https:\/\/www.radlobby.org\/noe\/wp-json\/wp\/v2\/categories?post=41406"},{"taxonomy":"post_tag","embeddable":true,"href":"https:\/\/www.radlobby.org\/noe\/wp-json\/wp\/v2\/tags?post=41406"}],"curies":[{"name":"wp","href":"https:\/\/api.w.org\/{rel}","templated":true}]}}