{"id":41398,"date":"2026-03-12T09:12:00","date_gmt":"2026-03-12T08:12:00","guid":{"rendered":"https:\/\/www.radlobby.org\/noe\/?p=41398"},"modified":"2026-03-12T09:12:59","modified_gmt":"2026-03-12T08:12:59","slug":"schwarzatal-kidical-mass-2026-gemeinsam-fuer-ein-sicheres-radwegenetz-im-tal","status":"publish","type":"post","link":"https:\/\/www.radlobby.org\/noe\/schwarzatal-kidical-mass-2026-gemeinsam-fuer-ein-sicheres-radwegenetz-im-tal\/","title":{"rendered":"Schwarzatal Kidical Mass 2026 \u2013 Gemeinsam f\u00fcr ein sicheres Radwegenetz im Tal"},"content":{"rendered":"<p>Am <strong>9. Mai 2026<\/strong> findet die <strong>2. Schwarzatal Kidical Mass<\/strong> statt. Nach dem gro\u00dfartigen Erfolg im vergangenen Jahr l\u00e4dt die Veranstaltung erneut Familien, Kinder und Radbegeisterte aus der Region ein, gemeinsam f\u00fcr sichere Radwege im Schwarzatal zu radeln.<\/p>\n<p>Die diesj\u00e4hrige Kidical Mass startet beim <a href=\"https:\/\/maps.app.goo.gl\/eEYr8AjAJrmUXYru7\"><strong>\u00d6BB Parkplatz in Pottschach<\/strong><\/a> <strong>14 Uhr<\/strong> und f\u00fchrt anschlie\u00dfend gemeinsam nach <strong>Ternitz<\/strong>.<\/p>\n<p><a href=\"https:\/\/www.radlobby.org\/noe\/wp-content\/uploads\/Kidical-Mass-2026.pdf\"><img loading=\"lazy\" decoding=\"async\" class=\"aligncenter wp-image-41401 size-medium\" src=\"https:\/\/www.radlobby.org\/noe\/wp-content\/uploads\/Kidical-Mass-2026-300x211.jpg\" alt=\"\" width=\"300\" height=\"211\" srcset=\"https:\/\/www.radlobby.org\/noe\/wp-content\/uploads\/Kidical-Mass-2026-300x211.jpg 300w, https:\/\/www.radlobby.org\/noe\/wp-content\/uploads\/Kidical-Mass-2026-768x541.jpg 768w, https:\/\/www.radlobby.org\/noe\/wp-content\/uploads\/Kidical-Mass-2026-1536x1081.jpg 1536w, https:\/\/www.radlobby.org\/noe\/wp-content\/uploads\/Kidical-Mass-2026-2048x1442.jpg 2048w\" sizes=\"auto, (max-width: 300px) 100vw, 300px\" \/><\/a><\/p>\n<h2>Ein erfolgreicher Auftakt<\/h2>\n<p>Die <a href=\"https:\/\/www.radlobby.org\/noe\/erfolgreiche-erste-kidical-mass-im-schwarzatal-gemeinsam-fuer-sichere-schulwege\/\"><strong>erste Schwarzatal Kidical Mass<\/strong><\/a> war ein voller Erfolg: Rund <strong>100 Radfahrerinnen und Radfahrer<\/strong> nahmen teil und setzten gemeinsam ein starkes Zeichen f\u00fcr eine kinderfreundliche und sichere Radinfrastruktur. Die positive Stimmung, viele Familien auf Fahrr\u00e4dern und die gemeinsame Fahrt durch das Tal haben gezeigt, wie gro\u00df das Interesse an sicherem Radfahren in der Region ist.<\/p>\n<p>Mit der zweiten Ausgabe m\u00f6chten wir diesen Schwung mitnehmen und die Aufmerksamkeit f\u00fcr das Thema <strong>Radverkehr im Schwarzatal<\/strong> weiter steigern.<\/p>\n<p><img loading=\"lazy\" decoding=\"async\" class=\"aligncenter size-medium wp-image-39084\" src=\"https:\/\/www.radlobby.org\/noe\/wp-content\/uploads\/KJC_0549-300x200.jpg\" alt=\"\" width=\"300\" height=\"200\" srcset=\"https:\/\/www.radlobby.org\/noe\/wp-content\/uploads\/KJC_0549-300x200.jpg 300w, https:\/\/www.radlobby.org\/noe\/wp-content\/uploads\/KJC_0549-768x512.jpg 768w, https:\/\/www.radlobby.org\/noe\/wp-content\/uploads\/KJC_0549-1536x1024.jpg 1536w, https:\/\/www.radlobby.org\/noe\/wp-content\/uploads\/KJC_0549-2048x1365.jpg 2048w\" sizes=\"auto, (max-width: 300px) 100vw, 300px\" \/><\/p>\n<h2>Radfahren als Teil der klimafreundlichen Zukunft<\/h2>\n<p>Mobilit\u00e4t spielt eine wichtige Rolle im <a href=\"https:\/\/www.kem-schwarzatal.at\/2026\/abschluss-und-auftakt-zur-umsetzung-klimaneutralitaetsfahrplan-ternitz-2040-wurde-praesentiert\/\"><strong>Klimaneutralit\u00e4tsfahrplan \u201eTernitz 2040\u201c<\/strong><\/a>. Gerade hier bietet das Fahrrad enorme Chancen.<\/p>\n<p>Radverkehr ist:<\/p>\n<ul>\n<li><strong>einfach umzusetzen<\/strong><\/li>\n<li><strong>kosteng\u00fcnstig<\/strong><\/li>\n<li><strong>gesund<\/strong><\/li>\n<li><strong>klimafreundlich<\/strong><\/li>\n<li>und macht einfach <strong>Spa\u00df<\/strong><\/li>\n<\/ul>\n<p>Eine gute Radinfrastruktur erm\u00f6glicht es Kindern und Erwachsenen, allt\u00e4gliche Wege sicher mit dem Fahrrad zur\u00fcckzulegen \u2013 zur Schule, zur Arbeit oder in der Freizeit.<\/p>\n<p><img loading=\"lazy\" decoding=\"async\" class=\"aligncenter size-medium wp-image-39088\" src=\"https:\/\/www.radlobby.org\/noe\/wp-content\/uploads\/KJC_0505-300x200.jpg\" alt=\"\" width=\"300\" height=\"200\" srcset=\"https:\/\/www.radlobby.org\/noe\/wp-content\/uploads\/KJC_0505-300x200.jpg 300w, https:\/\/www.radlobby.org\/noe\/wp-content\/uploads\/KJC_0505-768x512.jpg 768w, https:\/\/www.radlobby.org\/noe\/wp-content\/uploads\/KJC_0505-1536x1024.jpg 1536w, https:\/\/www.radlobby.org\/noe\/wp-content\/uploads\/KJC_0505-2048x1365.jpg 2048w\" sizes=\"auto, (max-width: 300px) 100vw, 300px\" \/><\/p>\n<h2>Gemeinsam ein Zeichen setzen<\/h2>\n<p>Mit der Schwarzatal Kidical Mass m\u00f6chten wir zeigen, dass es in der Region <strong>breite Unterst\u00fctzung f\u00fcr ambitionierte Radverkehrspl\u00e4ne<\/strong> gibt. Sichere Radwege sind kein Luxus, sondern eine wichtige Voraussetzung f\u00fcr eine nachhaltige und lebenswerte Zukunft im Tal.<\/p>\n<p>Je mehr Menschen mitfahren, desto sichtbarer wird der Wunsch nach <strong>ernst gemeinter Radverkehrspolitik f\u00fcr Kinder und Erwachsene<\/strong>.<\/p>\n<h2>Sei dabei!<\/h2>\n<p>Die Schwarzatal Kidical Mass ist mehr als nur eine Radtour \u2013 sie ist eine <strong>Party auf R\u00e4dern<\/strong>.<\/p>\n<p>Kommt mit euren Familien, Freunden und Nachbarn, schm\u00fcckt eure Fahrr\u00e4der und genie\u00dft eine gemeinsame Fahrt durch das Schwarzatal.<\/p>\n<p><strong>Wir freuen uns, wenn ihr dabei seid!<\/strong> &#x1f6b2;&#x1f389;<\/p>\n","protected":false},"excerpt":{"rendered":"<p>Am 9. Mai 2026 findet die 2. Schwarzatal Kidical Mass statt. Nach dem gro\u00dfartigen Erfolg im vergangenen Jahr l\u00e4dt die Veranstaltung erneut Familien, Kinder und Radbegeisterte aus der Region ein, gemeinsam f\u00fcr sichere Radwege im Schwarzatal zu radeln. Die diesj\u00e4hrige<\/p>\n","protected":false},"author":81,"featured_media":41401,"comment_status":"closed","ping_status":"closed","sticky":false,"template":"","format":"standard","meta":{"footnotes":""},"categories":[12],"tags":[],"class_list":["post-41398","post","type-post","status-publish","format-standard","has-post-thumbnail","hentry","category-schwarzatal"],"yoast_head":"<!-- This site is optimized with the Yoast SEO plugin v26.9 - https:\/\/yoast.com\/product\/yoast-seo-wordpress\/ -->\n<title>Schwarzatal Kidical Mass 2026 \u2013 Gemeinsam f\u00fcr ein sicheres Radwegenetz im Tal - Radlobby Nieder\u00f6sterreich<\/title>\n<meta name=\"robots\" content=\"index, follow, max-snippet:-1, max-image-preview:large, max-video-preview:-1\" \/>\n<link rel=\"canonical\" href=\"https:\/\/www.radlobby.org\/noe\/schwarzatal-kidical-mass-2026-gemeinsam-fuer-ein-sicheres-radwegenetz-im-tal\/\" \/>\n<meta property=\"og:locale\" content=\"de_DE\" \/>\n<meta property=\"og:type\" content=\"article\" \/>\n<meta property=\"og:title\" content=\"Schwarzatal Kidical Mass 2026 \u2013 Gemeinsam f\u00fcr ein sicheres Radwegenetz im Tal - Radlobby Nieder\u00f6sterreich\" \/>\n<meta property=\"og:description\" content=\"Am 9. Mai 2026 findet die 2. Schwarzatal Kidical Mass statt. Nach dem gro\u00dfartigen Erfolg im vergangenen Jahr l\u00e4dt die Veranstaltung erneut Familien, Kinder und Radbegeisterte aus der Region ein, gemeinsam f\u00fcr sichere Radwege im Schwarzatal zu radeln. Die diesj\u00e4hrige\" \/>\n<meta property=\"og:url\" content=\"https:\/\/www.radlobby.org\/noe\/schwarzatal-kidical-mass-2026-gemeinsam-fuer-ein-sicheres-radwegenetz-im-tal\/\" \/>\n<meta property=\"og:site_name\" content=\"Radlobby Nieder\u00f6sterreich\" \/>\n<meta property=\"article:publisher\" content=\"https:\/\/www.facebook.com\/groups\/radfahren.in.noe\/\" \/>\n<meta property=\"article:published_time\" content=\"2026-03-12T08:12:00+00:00\" \/>\n<meta property=\"article:modified_time\" content=\"2026-03-12T08:12:59+00:00\" \/>\n<meta property=\"og:image\" content=\"https:\/\/www.radlobby.org\/noe\/wp-content\/uploads\/Kidical-Mass-2026.jpg\" \/>\n\t<meta property=\"og:image:width\" content=\"2482\" \/>\n\t<meta property=\"og:image:height\" content=\"1747\" \/>\n\t<meta property=\"og:image:type\" content=\"image\/jpeg\" \/>\n<meta name=\"author\" content=\"Doug Culnane\" \/>\n<meta name=\"twitter:card\" content=\"summary_large_image\" \/>\n<meta name=\"twitter:label1\" content=\"Verfasst von\" \/>\n\t<meta name=\"twitter:data1\" content=\"Doug Culnane\" \/>\n\t<meta name=\"twitter:label2\" content=\"Gesch\u00e4tzte Lesezeit\" \/>\n\t<meta name=\"twitter:data2\" content=\"3\u00a0Minuten\" \/>\n<script type=\"application\/ld+json\" class=\"yoast-schema-graph\">{\"@context\":\"https:\/\/schema.org\",\"@graph\":[{\"@type\":\"Article\",\"@id\":\"https:\/\/www.radlobby.org\/noe\/schwarzatal-kidical-mass-2026-gemeinsam-fuer-ein-sicheres-radwegenetz-im-tal\/#article\",\"isPartOf\":{\"@id\":\"https:\/\/www.radlobby.org\/noe\/schwarzatal-kidical-mass-2026-gemeinsam-fuer-ein-sicheres-radwegenetz-im-tal\/\"},\"author\":{\"name\":\"Doug Culnane\",\"@id\":\"https:\/\/www.radlobby.org\/noe\/#\/schema\/person\/6a29cdf1024509a6daf5534e34d5ac53\"},\"headline\":\"Schwarzatal Kidical Mass 2026 \u2013 Gemeinsam f\u00fcr ein sicheres Radwegenetz im Tal\",\"datePublished\":\"2026-03-12T08:12:00+00:00\",\"dateModified\":\"2026-03-12T08:12:59+00:00\",\"mainEntityOfPage\":{\"@id\":\"https:\/\/www.radlobby.org\/noe\/schwarzatal-kidical-mass-2026-gemeinsam-fuer-ein-sicheres-radwegenetz-im-tal\/\"},\"wordCount\":326,\"publisher\":{\"@id\":\"https:\/\/www.radlobby.org\/noe\/#organization\"},\"image\":{\"@id\":\"https:\/\/www.radlobby.org\/noe\/schwarzatal-kidical-mass-2026-gemeinsam-fuer-ein-sicheres-radwegenetz-im-tal\/#primaryimage\"},\"thumbnailUrl\":\"https:\/\/www.radlobby.org\/noe\/wp-content\/uploads\/Kidical-Mass-2026.jpg\",\"articleSection\":[\"Radlobby Schwarzatal\"],\"inLanguage\":\"de\"},{\"@type\":\"WebPage\",\"@id\":\"https:\/\/www.radlobby.org\/noe\/schwarzatal-kidical-mass-2026-gemeinsam-fuer-ein-sicheres-radwegenetz-im-tal\/\",\"url\":\"https:\/\/www.radlobby.org\/noe\/schwarzatal-kidical-mass-2026-gemeinsam-fuer-ein-sicheres-radwegenetz-im-tal\/\",\"name\":\"Schwarzatal Kidical Mass 2026 \u2013 Gemeinsam f\u00fcr ein sicheres Radwegenetz im Tal - Radlobby Nieder\u00f6sterreich\",\"isPartOf\":{\"@id\":\"https:\/\/www.radlobby.org\/noe\/#website\"},\"primaryImageOfPage\":{\"@id\":\"https:\/\/www.radlobby.org\/noe\/schwarzatal-kidical-mass-2026-gemeinsam-fuer-ein-sicheres-radwegenetz-im-tal\/#primaryimage\"},\"image\":{\"@id\":\"https:\/\/www.radlobby.org\/noe\/schwarzatal-kidical-mass-2026-gemeinsam-fuer-ein-sicheres-radwegenetz-im-tal\/#primaryimage\"},\"thumbnailUrl\":\"https:\/\/www.radlobby.org\/noe\/wp-content\/uploads\/Kidical-Mass-2026.jpg\",\"datePublished\":\"2026-03-12T08:12:00+00:00\",\"dateModified\":\"2026-03-12T08:12:59+00:00\",\"breadcrumb\":{\"@id\":\"https:\/\/www.radlobby.org\/noe\/schwarzatal-kidical-mass-2026-gemeinsam-fuer-ein-sicheres-radwegenetz-im-tal\/#breadcrumb\"},\"inLanguage\":\"de\",\"potentialAction\":[{\"@type\":\"ReadAction\",\"target\":[\"https:\/\/www.radlobby.org\/noe\/schwarzatal-kidical-mass-2026-gemeinsam-fuer-ein-sicheres-radwegenetz-im-tal\/\"]}]},{\"@type\":\"ImageObject\",\"inLanguage\":\"de\",\"@id\":\"https:\/\/www.radlobby.org\/noe\/schwarzatal-kidical-mass-2026-gemeinsam-fuer-ein-sicheres-radwegenetz-im-tal\/#primaryimage\",\"url\":\"https:\/\/www.radlobby.org\/noe\/wp-content\/uploads\/Kidical-Mass-2026.jpg\",\"contentUrl\":\"https:\/\/www.radlobby.org\/noe\/wp-content\/uploads\/Kidical-Mass-2026.jpg\",\"width\":2482,\"height\":1747},{\"@type\":\"BreadcrumbList\",\"@id\":\"https:\/\/www.radlobby.org\/noe\/schwarzatal-kidical-mass-2026-gemeinsam-fuer-ein-sicheres-radwegenetz-im-tal\/#breadcrumb\",\"itemListElement\":[{\"@type\":\"ListItem\",\"position\":1,\"name\":\"Startseite\",\"item\":\"https:\/\/www.radlobby.org\/noe\/\"},{\"@type\":\"ListItem\",\"position\":2,\"name\":\"Schwarzatal Kidical Mass 2026 \u2013 Gemeinsam f\u00fcr ein sicheres Radwegenetz im Tal\"}]},{\"@type\":\"WebSite\",\"@id\":\"https:\/\/www.radlobby.org\/noe\/#website\",\"url\":\"https:\/\/www.radlobby.org\/noe\/\",\"name\":\"Radlobby Nieder\u00f6sterreich\",\"description\":\"Radverkehr, Fahrrad, Radfahren, Radreisen, Radtouren, Radweg\",\"publisher\":{\"@id\":\"https:\/\/www.radlobby.org\/noe\/#organization\"},\"potentialAction\":[{\"@type\":\"SearchAction\",\"target\":{\"@type\":\"EntryPoint\",\"urlTemplate\":\"https:\/\/www.radlobby.org\/noe\/?s={search_term_string}\"},\"query-input\":{\"@type\":\"PropertyValueSpecification\",\"valueRequired\":true,\"valueName\":\"search_term_string\"}}],\"inLanguage\":\"de\"},{\"@type\":\"Organization\",\"@id\":\"https:\/\/www.radlobby.org\/noe\/#organization\",\"name\":\"Radlobby Nieder\u00f6sterreich\",\"url\":\"https:\/\/www.radlobby.org\/noe\/\",\"logo\":{\"@type\":\"ImageObject\",\"inLanguage\":\"de\",\"@id\":\"https:\/\/www.radlobby.org\/noe\/#\/schema\/logo\/image\/\",\"url\":\"https:\/\/www.radlobby.org\/noe\/wp-content\/uploads\/2017\/01\/cropped-Logo_Radlobby_Niederoesterreich_50-400px_quer-1.jpg\",\"contentUrl\":\"https:\/\/www.radlobby.org\/noe\/wp-content\/uploads\/2017\/01\/cropped-Logo_Radlobby_Niederoesterreich_50-400px_quer-1.jpg\",\"width\":450,\"height\":124,\"caption\":\"Radlobby Nieder\u00f6sterreich\"},\"image\":{\"@id\":\"https:\/\/www.radlobby.org\/noe\/#\/schema\/logo\/image\/\"},\"sameAs\":[\"https:\/\/www.facebook.com\/groups\/radfahren.in.noe\/\"]},{\"@type\":\"Person\",\"@id\":\"https:\/\/www.radlobby.org\/noe\/#\/schema\/person\/6a29cdf1024509a6daf5534e34d5ac53\",\"name\":\"Doug Culnane\",\"image\":{\"@type\":\"ImageObject\",\"inLanguage\":\"de\",\"@id\":\"https:\/\/www.radlobby.org\/noe\/#\/schema\/person\/image\/\",\"url\":\"https:\/\/secure.gravatar.com\/avatar\/3b3463e0647d16c4fdc2584e97f6e406b37503587658e13b2056b6937225c1f6?s=96&d=mm&r=g\",\"contentUrl\":\"https:\/\/secure.gravatar.com\/avatar\/3b3463e0647d16c4fdc2584e97f6e406b37503587658e13b2056b6937225c1f6?s=96&d=mm&r=g\",\"caption\":\"Doug Culnane\"},\"url\":\"https:\/\/www.radlobby.org\/noe\/author\/doug-culnane\/\"}]}<\/script>\n<!-- \/ Yoast SEO plugin. -->","yoast_head_json":{"title":"Schwarzatal Kidical Mass 2026 \u2013 Gemeinsam f\u00fcr ein sicheres Radwegenetz im Tal - Radlobby Nieder\u00f6sterreich","robots":{"index":"index","follow":"follow","max-snippet":"max-snippet:-1","max-image-preview":"max-image-preview:large","max-video-preview":"max-video-preview:-1"},"canonical":"https:\/\/www.radlobby.org\/noe\/schwarzatal-kidical-mass-2026-gemeinsam-fuer-ein-sicheres-radwegenetz-im-tal\/","og_locale":"de_DE","og_type":"article","og_title":"Schwarzatal Kidical Mass 2026 \u2013 Gemeinsam f\u00fcr ein sicheres Radwegenetz im Tal - Radlobby Nieder\u00f6sterreich","og_description":"Am 9. Mai 2026 findet die 2. Schwarzatal Kidical Mass statt. Nach dem gro\u00dfartigen Erfolg im vergangenen Jahr l\u00e4dt die Veranstaltung erneut Familien, Kinder und Radbegeisterte aus der Region ein, gemeinsam f\u00fcr sichere Radwege im Schwarzatal zu radeln. Die diesj\u00e4hrige","og_url":"https:\/\/www.radlobby.org\/noe\/schwarzatal-kidical-mass-2026-gemeinsam-fuer-ein-sicheres-radwegenetz-im-tal\/","og_site_name":"Radlobby Nieder\u00f6sterreich","article_publisher":"https:\/\/www.facebook.com\/groups\/radfahren.in.noe\/","article_published_time":"2026-03-12T08:12:00+00:00","article_modified_time":"2026-03-12T08:12:59+00:00","og_image":[{"width":2482,"height":1747,"url":"https:\/\/www.radlobby.org\/noe\/wp-content\/uploads\/Kidical-Mass-2026.jpg","type":"image\/jpeg"}],"author":"Doug Culnane","twitter_card":"summary_large_image","twitter_misc":{"Verfasst von":"Doug Culnane","Gesch\u00e4tzte Lesezeit":"3\u00a0Minuten"},"schema":{"@context":"https:\/\/schema.org","@graph":[{"@type":"Article","@id":"https:\/\/www.radlobby.org\/noe\/schwarzatal-kidical-mass-2026-gemeinsam-fuer-ein-sicheres-radwegenetz-im-tal\/#article","isPartOf":{"@id":"https:\/\/www.radlobby.org\/noe\/schwarzatal-kidical-mass-2026-gemeinsam-fuer-ein-sicheres-radwegenetz-im-tal\/"},"author":{"name":"Doug Culnane","@id":"https:\/\/www.radlobby.org\/noe\/#\/schema\/person\/6a29cdf1024509a6daf5534e34d5ac53"},"headline":"Schwarzatal Kidical Mass 2026 \u2013 Gemeinsam f\u00fcr ein sicheres Radwegenetz im Tal","datePublished":"2026-03-12T08:12:00+00:00","dateModified":"2026-03-12T08:12:59+00:00","mainEntityOfPage":{"@id":"https:\/\/www.radlobby.org\/noe\/schwarzatal-kidical-mass-2026-gemeinsam-fuer-ein-sicheres-radwegenetz-im-tal\/"},"wordCount":326,"publisher":{"@id":"https:\/\/www.radlobby.org\/noe\/#organization"},"image":{"@id":"https:\/\/www.radlobby.org\/noe\/schwarzatal-kidical-mass-2026-gemeinsam-fuer-ein-sicheres-radwegenetz-im-tal\/#primaryimage"},"thumbnailUrl":"https:\/\/www.radlobby.org\/noe\/wp-content\/uploads\/Kidical-Mass-2026.jpg","articleSection":["Radlobby Schwarzatal"],"inLanguage":"de"},{"@type":"WebPage","@id":"https:\/\/www.radlobby.org\/noe\/schwarzatal-kidical-mass-2026-gemeinsam-fuer-ein-sicheres-radwegenetz-im-tal\/","url":"https:\/\/www.radlobby.org\/noe\/schwarzatal-kidical-mass-2026-gemeinsam-fuer-ein-sicheres-radwegenetz-im-tal\/","name":"Schwarzatal Kidical Mass 2026 \u2013 Gemeinsam f\u00fcr ein sicheres Radwegenetz im Tal - Radlobby Nieder\u00f6sterreich","isPartOf":{"@id":"https:\/\/www.radlobby.org\/noe\/#website"},"primaryImageOfPage":{"@id":"https:\/\/www.radlobby.org\/noe\/schwarzatal-kidical-mass-2026-gemeinsam-fuer-ein-sicheres-radwegenetz-im-tal\/#primaryimage"},"image":{"@id":"https:\/\/www.radlobby.org\/noe\/schwarzatal-kidical-mass-2026-gemeinsam-fuer-ein-sicheres-radwegenetz-im-tal\/#primaryimage"},"thumbnailUrl":"https:\/\/www.radlobby.org\/noe\/wp-content\/uploads\/Kidical-Mass-2026.jpg","datePublished":"2026-03-12T08:12:00+00:00","dateModified":"2026-03-12T08:12:59+00:00","breadcrumb":{"@id":"https:\/\/www.radlobby.org\/noe\/schwarzatal-kidical-mass-2026-gemeinsam-fuer-ein-sicheres-radwegenetz-im-tal\/#breadcrumb"},"inLanguage":"de","potentialAction":[{"@type":"ReadAction","target":["https:\/\/www.radlobby.org\/noe\/schwarzatal-kidical-mass-2026-gemeinsam-fuer-ein-sicheres-radwegenetz-im-tal\/"]}]},{"@type":"ImageObject","inLanguage":"de","@id":"https:\/\/www.radlobby.org\/noe\/schwarzatal-kidical-mass-2026-gemeinsam-fuer-ein-sicheres-radwegenetz-im-tal\/#primaryimage","url":"https:\/\/www.radlobby.org\/noe\/wp-content\/uploads\/Kidical-Mass-2026.jpg","contentUrl":"https:\/\/www.radlobby.org\/noe\/wp-content\/uploads\/Kidical-Mass-2026.jpg","width":2482,"height":1747},{"@type":"BreadcrumbList","@id":"https:\/\/www.radlobby.org\/noe\/schwarzatal-kidical-mass-2026-gemeinsam-fuer-ein-sicheres-radwegenetz-im-tal\/#breadcrumb","itemListElement":[{"@type":"ListItem","position":1,"name":"Startseite","item":"https:\/\/www.radlobby.org\/noe\/"},{"@type":"ListItem","position":2,"name":"Schwarzatal Kidical Mass 2026 \u2013 Gemeinsam f\u00fcr ein sicheres Radwegenetz im Tal"}]},{"@type":"WebSite","@id":"https:\/\/www.radlobby.org\/noe\/#website","url":"https:\/\/www.radlobby.org\/noe\/","name":"Radlobby Nieder\u00f6sterreich","description":"Radverkehr, Fahrrad, Radfahren, Radreisen, Radtouren, Radweg","publisher":{"@id":"https:\/\/www.radlobby.org\/noe\/#organization"},"potentialAction":[{"@type":"SearchAction","target":{"@type":"EntryPoint","urlTemplate":"https:\/\/www.radlobby.org\/noe\/?s={search_term_string}"},"query-input":{"@type":"PropertyValueSpecification","valueRequired":true,"valueName":"search_term_string"}}],"inLanguage":"de"},{"@type":"Organization","@id":"https:\/\/www.radlobby.org\/noe\/#organization","name":"Radlobby Nieder\u00f6sterreich","url":"https:\/\/www.radlobby.org\/noe\/","logo":{"@type":"ImageObject","inLanguage":"de","@id":"https:\/\/www.radlobby.org\/noe\/#\/schema\/logo\/image\/","url":"https:\/\/www.radlobby.org\/noe\/wp-content\/uploads\/2017\/01\/cropped-Logo_Radlobby_Niederoesterreich_50-400px_quer-1.jpg","contentUrl":"https:\/\/www.radlobby.org\/noe\/wp-content\/uploads\/2017\/01\/cropped-Logo_Radlobby_Niederoesterreich_50-400px_quer-1.jpg","width":450,"height":124,"caption":"Radlobby Nieder\u00f6sterreich"},"image":{"@id":"https:\/\/www.radlobby.org\/noe\/#\/schema\/logo\/image\/"},"sameAs":["https:\/\/www.facebook.com\/groups\/radfahren.in.noe\/"]},{"@type":"Person","@id":"https:\/\/www.radlobby.org\/noe\/#\/schema\/person\/6a29cdf1024509a6daf5534e34d5ac53","name":"Doug Culnane","image":{"@type":"ImageObject","inLanguage":"de","@id":"https:\/\/www.radlobby.org\/noe\/#\/schema\/person\/image\/","url":"https:\/\/secure.gravatar.com\/avatar\/3b3463e0647d16c4fdc2584e97f6e406b37503587658e13b2056b6937225c1f6?s=96&d=mm&r=g","contentUrl":"https:\/\/secure.gravatar.com\/avatar\/3b3463e0647d16c4fdc2584e97f6e406b37503587658e13b2056b6937225c1f6?s=96&d=mm&r=g","caption":"Doug Culnane"},"url":"https:\/\/www.radlobby.org\/noe\/author\/doug-culnane\/"}]}},"_links":{"self":[{"href":"https:\/\/www.radlobby.org\/noe\/wp-json\/wp\/v2\/posts\/41398","targetHints":{"allow":["GET"]}}],"collection":[{"href":"https:\/\/www.radlobby.org\/noe\/wp-json\/wp\/v2\/posts"}],"about":[{"href":"https:\/\/www.radlobby.org\/noe\/wp-json\/wp\/v2\/types\/post"}],"author":[{"embeddable":true,"href":"https:\/\/www.radlobby.org\/noe\/wp-json\/wp\/v2\/users\/81"}],"replies":[{"embeddable":true,"href":"https:\/\/www.radlobby.org\/noe\/wp-json\/wp\/v2\/comments?post=41398"}],"version-history":[{"count":4,"href":"https:\/\/www.radlobby.org\/noe\/wp-json\/wp\/v2\/posts\/41398\/revisions"}],"predecessor-version":[{"id":41404,"href":"https:\/\/www.radlobby.org\/noe\/wp-json\/wp\/v2\/posts\/41398\/revisions\/41404"}],"wp:featuredmedia":[{"embeddable":true,"href":"https:\/\/www.radlobby.org\/noe\/wp-json\/wp\/v2\/media\/41401"}],"wp:attachment":[{"href":"https:\/\/www.radlobby.org\/noe\/wp-json\/wp\/v2\/media?parent=41398"}],"wp:term":[{"taxonomy":"category","embeddable":true,"href":"https:\/\/www.radlobby.org\/noe\/wp-json\/wp\/v2\/categories?post=41398"},{"taxonomy":"post_tag","embeddable":true,"href":"https:\/\/www.radlobby.org\/noe\/wp-json\/wp\/v2\/tags?post=41398"}],"curies":[{"name":"wp","href":"https:\/\/api.w.org\/{rel}","templated":true}]}}