{"id":41191,"date":"2026-02-07T11:31:38","date_gmt":"2026-02-07T10:31:38","guid":{"rendered":"https:\/\/www.radlobby.org\/noe\/?p=41191"},"modified":"2026-03-15T14:56:16","modified_gmt":"2026-03-15T13:56:16","slug":"traismauer-ein-hafen-fuer-radreisende-2","status":"publish","type":"post","link":"https:\/\/www.radlobby.org\/noe\/traismauer-ein-hafen-fuer-radreisende-2\/","title":{"rendered":"Erfahrungsaustausch Radreisen!"},"content":{"rendered":"<p>Am Samstag, den 21. M\u00e4rz 2026 Nachmittag (13 &#8211; 17 Uhr) \u00a0treffen sich auf Einladung der Radlobby Traismauer zum 2. Mal Radreisende im Schloss Traismauer, um ihre Erfahrungen auszutauschen. <strong><a href=\"https:\/\/www.radlobby.org\/noe\/erfahrungsaustausch-radreisen-schloss-traismauer-21-maerz-2026\/\">(Programm siehe aktuellen Beitrag Radlobby Traismauer)<\/a><\/strong><\/p>\n<p>F\u00fcr den Impuls sorgen Kurzberichte, die von Radlerinnen und Radlern mit unterschiedlichem Beruf, Alter, R\u00e4dern und Wohnort gehalten werden.<\/p>\n<p>Im Gegensatz zu \u00fcblichen Reisevortr\u00e4gen, in denen der gr\u00f6\u00dfte Teil der Zuh\u00f6rerschaft eher Pauschalurlaub bevorzugt, sollte dies ein Treffen von Radreisenden sein, die ihre Tour selbst gestalten und mit Fahrr\u00e4dern ohne Motor unterwegs sind.<\/p>\n<p>Bei den Berichten, die demn\u00e4chst hier angek\u00fcndigt werden, geht es v.a. um Themen zu An- und R\u00fcckreise, \u00dcbernachtungsm\u00f6glichkeiten, Ausr\u00fcstung und Verkehrsverh\u00e4ltnisse.<\/p>\n<p>Es ist beabsichtigt, gen\u00fcgend Zeit vorzusehen, damit auch jene Teilnehmer, die kein Referat halten, Fragen stellen bzw. ihre Erfahrungen einbringen k\u00f6nnen.<\/p>\n<p>Eingeladen sind \u201eUrlaubsradler\/innen&#8221;, Radlobbymitglieder\u00a0und all jene, die in die Pedale treten wollen.<\/p>\n<p>Um eine Anmeldung (<a href=\"mailto:traismauer@radlobby.at\" target=\"_blank\" rel=\"noopener\">traismauer@radlobby.at<\/a>\u00a0oder 0664 8244322) ist bis Freitag, den 13. M\u00e4rz wird gebeten.<\/p>\n<p><img loading=\"lazy\" decoding=\"async\" class=\"aligncenter\" src=\"https:\/\/www.radlobby.org\/noe\/wp-content\/uploads\/2026_Einladung-Erfahrungsaustausch-Foto-E.Reischauer-scaled.jpg\" alt=\"Einladung Radreisen\" width=\"1000\" height=\"1083\" \/><\/p>\n<p>&nbsp;<\/p>\n","protected":false},"excerpt":{"rendered":"<p>Am Samstag, den 21. M\u00e4rz 2026 Nachmittag (13 &#8211; 17 Uhr) \u00a0treffen sich auf Einladung der Radlobby Traismauer zum 2. Mal Radreisende im Schloss Traismauer, um ihre Erfahrungen auszutauschen. (Programm siehe aktuellen Beitrag Radlobby Traismauer) F\u00fcr den Impuls sorgen Kurzberichte,<\/p>\n","protected":false},"author":33,"featured_media":41194,"comment_status":"closed","ping_status":"closed","sticky":false,"template":"","format":"standard","meta":{"footnotes":""},"categories":[412],"tags":[],"class_list":["post-41191","post","type-post","status-publish","format-standard","has-post-thumbnail","hentry","category-traismauer"],"yoast_head":"<!-- This site is optimized with the Yoast SEO plugin v26.9 - https:\/\/yoast.com\/product\/yoast-seo-wordpress\/ -->\n<title>Erfahrungsaustausch Radreisen! - Radlobby Nieder\u00f6sterreich<\/title>\n<meta name=\"robots\" content=\"index, follow, max-snippet:-1, max-image-preview:large, max-video-preview:-1\" \/>\n<link rel=\"canonical\" href=\"https:\/\/www.radlobby.org\/noe\/traismauer-ein-hafen-fuer-radreisende-2\/\" \/>\n<meta property=\"og:locale\" content=\"de_DE\" \/>\n<meta property=\"og:type\" content=\"article\" \/>\n<meta property=\"og:title\" content=\"Erfahrungsaustausch Radreisen! - Radlobby Nieder\u00f6sterreich\" \/>\n<meta property=\"og:description\" content=\"Am Samstag, den 21. M\u00e4rz 2026 Nachmittag (13 &#8211; 17 Uhr) \u00a0treffen sich auf Einladung der Radlobby Traismauer zum 2. Mal Radreisende im Schloss Traismauer, um ihre Erfahrungen auszutauschen. (Programm siehe aktuellen Beitrag Radlobby Traismauer) F\u00fcr den Impuls sorgen Kurzberichte,\" \/>\n<meta property=\"og:url\" content=\"https:\/\/www.radlobby.org\/noe\/traismauer-ein-hafen-fuer-radreisende-2\/\" \/>\n<meta property=\"og:site_name\" content=\"Radlobby Nieder\u00f6sterreich\" \/>\n<meta property=\"article:publisher\" content=\"https:\/\/www.facebook.com\/groups\/radfahren.in.noe\/\" \/>\n<meta property=\"article:published_time\" content=\"2026-02-07T10:31:38+00:00\" \/>\n<meta property=\"article:modified_time\" content=\"2026-03-15T13:56:16+00:00\" \/>\n<meta property=\"og:image\" content=\"https:\/\/www.radlobby.org\/noe\/wp-content\/uploads\/2026_Einladung-Erfahrungsaustausch-Foto-E.Reischauer-scaled.jpg\" \/>\n\t<meta property=\"og:image:width\" content=\"1701\" \/>\n\t<meta property=\"og:image:height\" content=\"2560\" \/>\n\t<meta property=\"og:image:type\" content=\"image\/jpeg\" \/>\n<meta name=\"author\" content=\"Maria Z\u00f6gernitz\" \/>\n<meta name=\"twitter:card\" content=\"summary_large_image\" \/>\n<meta name=\"twitter:label1\" content=\"Verfasst von\" \/>\n\t<meta name=\"twitter:data1\" content=\"Maria Z\u00f6gernitz\" \/>\n\t<meta name=\"twitter:label2\" content=\"Gesch\u00e4tzte Lesezeit\" \/>\n\t<meta name=\"twitter:data2\" content=\"2\u00a0Minuten\" \/>\n<script type=\"application\/ld+json\" class=\"yoast-schema-graph\">{\"@context\":\"https:\/\/schema.org\",\"@graph\":[{\"@type\":\"Article\",\"@id\":\"https:\/\/www.radlobby.org\/noe\/traismauer-ein-hafen-fuer-radreisende-2\/#article\",\"isPartOf\":{\"@id\":\"https:\/\/www.radlobby.org\/noe\/traismauer-ein-hafen-fuer-radreisende-2\/\"},\"author\":{\"name\":\"Maria Z\u00f6gernitz\",\"@id\":\"https:\/\/www.radlobby.org\/noe\/#\/schema\/person\/d1ad6d77ec2ff1837830735b5f074c95\"},\"headline\":\"Erfahrungsaustausch Radreisen!\",\"datePublished\":\"2026-02-07T10:31:38+00:00\",\"dateModified\":\"2026-03-15T13:56:16+00:00\",\"mainEntityOfPage\":{\"@id\":\"https:\/\/www.radlobby.org\/noe\/traismauer-ein-hafen-fuer-radreisende-2\/\"},\"wordCount\":173,\"publisher\":{\"@id\":\"https:\/\/www.radlobby.org\/noe\/#organization\"},\"image\":{\"@id\":\"https:\/\/www.radlobby.org\/noe\/traismauer-ein-hafen-fuer-radreisende-2\/#primaryimage\"},\"thumbnailUrl\":\"https:\/\/www.radlobby.org\/noe\/wp-content\/uploads\/2026_Einladung-Erfahrungsaustausch-Foto-E.Reischauer-scaled.jpg\",\"articleSection\":[\"Radlobby Traismauer\"],\"inLanguage\":\"de\"},{\"@type\":\"WebPage\",\"@id\":\"https:\/\/www.radlobby.org\/noe\/traismauer-ein-hafen-fuer-radreisende-2\/\",\"url\":\"https:\/\/www.radlobby.org\/noe\/traismauer-ein-hafen-fuer-radreisende-2\/\",\"name\":\"Erfahrungsaustausch Radreisen! - Radlobby Nieder\u00f6sterreich\",\"isPartOf\":{\"@id\":\"https:\/\/www.radlobby.org\/noe\/#website\"},\"primaryImageOfPage\":{\"@id\":\"https:\/\/www.radlobby.org\/noe\/traismauer-ein-hafen-fuer-radreisende-2\/#primaryimage\"},\"image\":{\"@id\":\"https:\/\/www.radlobby.org\/noe\/traismauer-ein-hafen-fuer-radreisende-2\/#primaryimage\"},\"thumbnailUrl\":\"https:\/\/www.radlobby.org\/noe\/wp-content\/uploads\/2026_Einladung-Erfahrungsaustausch-Foto-E.Reischauer-scaled.jpg\",\"datePublished\":\"2026-02-07T10:31:38+00:00\",\"dateModified\":\"2026-03-15T13:56:16+00:00\",\"breadcrumb\":{\"@id\":\"https:\/\/www.radlobby.org\/noe\/traismauer-ein-hafen-fuer-radreisende-2\/#breadcrumb\"},\"inLanguage\":\"de\",\"potentialAction\":[{\"@type\":\"ReadAction\",\"target\":[\"https:\/\/www.radlobby.org\/noe\/traismauer-ein-hafen-fuer-radreisende-2\/\"]}]},{\"@type\":\"ImageObject\",\"inLanguage\":\"de\",\"@id\":\"https:\/\/www.radlobby.org\/noe\/traismauer-ein-hafen-fuer-radreisende-2\/#primaryimage\",\"url\":\"https:\/\/www.radlobby.org\/noe\/wp-content\/uploads\/2026_Einladung-Erfahrungsaustausch-Foto-E.Reischauer-scaled.jpg\",\"contentUrl\":\"https:\/\/www.radlobby.org\/noe\/wp-content\/uploads\/2026_Einladung-Erfahrungsaustausch-Foto-E.Reischauer-scaled.jpg\",\"width\":1701,\"height\":2560},{\"@type\":\"BreadcrumbList\",\"@id\":\"https:\/\/www.radlobby.org\/noe\/traismauer-ein-hafen-fuer-radreisende-2\/#breadcrumb\",\"itemListElement\":[{\"@type\":\"ListItem\",\"position\":1,\"name\":\"Startseite\",\"item\":\"https:\/\/www.radlobby.org\/noe\/\"},{\"@type\":\"ListItem\",\"position\":2,\"name\":\"Erfahrungsaustausch Radreisen!\"}]},{\"@type\":\"WebSite\",\"@id\":\"https:\/\/www.radlobby.org\/noe\/#website\",\"url\":\"https:\/\/www.radlobby.org\/noe\/\",\"name\":\"Radlobby Nieder\u00f6sterreich\",\"description\":\"Radverkehr, Fahrrad, Radfahren, Radreisen, Radtouren, Radweg\",\"publisher\":{\"@id\":\"https:\/\/www.radlobby.org\/noe\/#organization\"},\"potentialAction\":[{\"@type\":\"SearchAction\",\"target\":{\"@type\":\"EntryPoint\",\"urlTemplate\":\"https:\/\/www.radlobby.org\/noe\/?s={search_term_string}\"},\"query-input\":{\"@type\":\"PropertyValueSpecification\",\"valueRequired\":true,\"valueName\":\"search_term_string\"}}],\"inLanguage\":\"de\"},{\"@type\":\"Organization\",\"@id\":\"https:\/\/www.radlobby.org\/noe\/#organization\",\"name\":\"Radlobby Nieder\u00f6sterreich\",\"url\":\"https:\/\/www.radlobby.org\/noe\/\",\"logo\":{\"@type\":\"ImageObject\",\"inLanguage\":\"de\",\"@id\":\"https:\/\/www.radlobby.org\/noe\/#\/schema\/logo\/image\/\",\"url\":\"https:\/\/www.radlobby.org\/noe\/wp-content\/uploads\/2017\/01\/cropped-Logo_Radlobby_Niederoesterreich_50-400px_quer-1.jpg\",\"contentUrl\":\"https:\/\/www.radlobby.org\/noe\/wp-content\/uploads\/2017\/01\/cropped-Logo_Radlobby_Niederoesterreich_50-400px_quer-1.jpg\",\"width\":450,\"height\":124,\"caption\":\"Radlobby Nieder\u00f6sterreich\"},\"image\":{\"@id\":\"https:\/\/www.radlobby.org\/noe\/#\/schema\/logo\/image\/\"},\"sameAs\":[\"https:\/\/www.facebook.com\/groups\/radfahren.in.noe\/\"]},{\"@type\":\"Person\",\"@id\":\"https:\/\/www.radlobby.org\/noe\/#\/schema\/person\/d1ad6d77ec2ff1837830735b5f074c95\",\"name\":\"Maria Z\u00f6gernitz\",\"image\":{\"@type\":\"ImageObject\",\"inLanguage\":\"de\",\"@id\":\"https:\/\/www.radlobby.org\/noe\/#\/schema\/person\/image\/\",\"url\":\"https:\/\/secure.gravatar.com\/avatar\/f0ec056831cd418e44e25a41becb89b06234dc4c32d644fddd8329785f26d862?s=96&d=mm&r=g\",\"contentUrl\":\"https:\/\/secure.gravatar.com\/avatar\/f0ec056831cd418e44e25a41becb89b06234dc4c32d644fddd8329785f26d862?s=96&d=mm&r=g\",\"caption\":\"Maria Z\u00f6gernitz\"},\"description\":\"Ortsgruppe St. P\u00f6lten\",\"url\":\"https:\/\/www.radlobby.org\/noe\/author\/maria-zoegernitz\/\"}]}<\/script>\n<!-- \/ Yoast SEO plugin. -->","yoast_head_json":{"title":"Erfahrungsaustausch Radreisen! - Radlobby Nieder\u00f6sterreich","robots":{"index":"index","follow":"follow","max-snippet":"max-snippet:-1","max-image-preview":"max-image-preview:large","max-video-preview":"max-video-preview:-1"},"canonical":"https:\/\/www.radlobby.org\/noe\/traismauer-ein-hafen-fuer-radreisende-2\/","og_locale":"de_DE","og_type":"article","og_title":"Erfahrungsaustausch Radreisen! - Radlobby Nieder\u00f6sterreich","og_description":"Am Samstag, den 21. M\u00e4rz 2026 Nachmittag (13 &#8211; 17 Uhr) \u00a0treffen sich auf Einladung der Radlobby Traismauer zum 2. Mal Radreisende im Schloss Traismauer, um ihre Erfahrungen auszutauschen. (Programm siehe aktuellen Beitrag Radlobby Traismauer) F\u00fcr den Impuls sorgen Kurzberichte,","og_url":"https:\/\/www.radlobby.org\/noe\/traismauer-ein-hafen-fuer-radreisende-2\/","og_site_name":"Radlobby Nieder\u00f6sterreich","article_publisher":"https:\/\/www.facebook.com\/groups\/radfahren.in.noe\/","article_published_time":"2026-02-07T10:31:38+00:00","article_modified_time":"2026-03-15T13:56:16+00:00","og_image":[{"width":1701,"height":2560,"url":"https:\/\/www.radlobby.org\/noe\/wp-content\/uploads\/2026_Einladung-Erfahrungsaustausch-Foto-E.Reischauer-scaled.jpg","type":"image\/jpeg"}],"author":"Maria Z\u00f6gernitz","twitter_card":"summary_large_image","twitter_misc":{"Verfasst von":"Maria Z\u00f6gernitz","Gesch\u00e4tzte Lesezeit":"2\u00a0Minuten"},"schema":{"@context":"https:\/\/schema.org","@graph":[{"@type":"Article","@id":"https:\/\/www.radlobby.org\/noe\/traismauer-ein-hafen-fuer-radreisende-2\/#article","isPartOf":{"@id":"https:\/\/www.radlobby.org\/noe\/traismauer-ein-hafen-fuer-radreisende-2\/"},"author":{"name":"Maria Z\u00f6gernitz","@id":"https:\/\/www.radlobby.org\/noe\/#\/schema\/person\/d1ad6d77ec2ff1837830735b5f074c95"},"headline":"Erfahrungsaustausch Radreisen!","datePublished":"2026-02-07T10:31:38+00:00","dateModified":"2026-03-15T13:56:16+00:00","mainEntityOfPage":{"@id":"https:\/\/www.radlobby.org\/noe\/traismauer-ein-hafen-fuer-radreisende-2\/"},"wordCount":173,"publisher":{"@id":"https:\/\/www.radlobby.org\/noe\/#organization"},"image":{"@id":"https:\/\/www.radlobby.org\/noe\/traismauer-ein-hafen-fuer-radreisende-2\/#primaryimage"},"thumbnailUrl":"https:\/\/www.radlobby.org\/noe\/wp-content\/uploads\/2026_Einladung-Erfahrungsaustausch-Foto-E.Reischauer-scaled.jpg","articleSection":["Radlobby Traismauer"],"inLanguage":"de"},{"@type":"WebPage","@id":"https:\/\/www.radlobby.org\/noe\/traismauer-ein-hafen-fuer-radreisende-2\/","url":"https:\/\/www.radlobby.org\/noe\/traismauer-ein-hafen-fuer-radreisende-2\/","name":"Erfahrungsaustausch Radreisen! - Radlobby Nieder\u00f6sterreich","isPartOf":{"@id":"https:\/\/www.radlobby.org\/noe\/#website"},"primaryImageOfPage":{"@id":"https:\/\/www.radlobby.org\/noe\/traismauer-ein-hafen-fuer-radreisende-2\/#primaryimage"},"image":{"@id":"https:\/\/www.radlobby.org\/noe\/traismauer-ein-hafen-fuer-radreisende-2\/#primaryimage"},"thumbnailUrl":"https:\/\/www.radlobby.org\/noe\/wp-content\/uploads\/2026_Einladung-Erfahrungsaustausch-Foto-E.Reischauer-scaled.jpg","datePublished":"2026-02-07T10:31:38+00:00","dateModified":"2026-03-15T13:56:16+00:00","breadcrumb":{"@id":"https:\/\/www.radlobby.org\/noe\/traismauer-ein-hafen-fuer-radreisende-2\/#breadcrumb"},"inLanguage":"de","potentialAction":[{"@type":"ReadAction","target":["https:\/\/www.radlobby.org\/noe\/traismauer-ein-hafen-fuer-radreisende-2\/"]}]},{"@type":"ImageObject","inLanguage":"de","@id":"https:\/\/www.radlobby.org\/noe\/traismauer-ein-hafen-fuer-radreisende-2\/#primaryimage","url":"https:\/\/www.radlobby.org\/noe\/wp-content\/uploads\/2026_Einladung-Erfahrungsaustausch-Foto-E.Reischauer-scaled.jpg","contentUrl":"https:\/\/www.radlobby.org\/noe\/wp-content\/uploads\/2026_Einladung-Erfahrungsaustausch-Foto-E.Reischauer-scaled.jpg","width":1701,"height":2560},{"@type":"BreadcrumbList","@id":"https:\/\/www.radlobby.org\/noe\/traismauer-ein-hafen-fuer-radreisende-2\/#breadcrumb","itemListElement":[{"@type":"ListItem","position":1,"name":"Startseite","item":"https:\/\/www.radlobby.org\/noe\/"},{"@type":"ListItem","position":2,"name":"Erfahrungsaustausch Radreisen!"}]},{"@type":"WebSite","@id":"https:\/\/www.radlobby.org\/noe\/#website","url":"https:\/\/www.radlobby.org\/noe\/","name":"Radlobby Nieder\u00f6sterreich","description":"Radverkehr, Fahrrad, Radfahren, Radreisen, Radtouren, Radweg","publisher":{"@id":"https:\/\/www.radlobby.org\/noe\/#organization"},"potentialAction":[{"@type":"SearchAction","target":{"@type":"EntryPoint","urlTemplate":"https:\/\/www.radlobby.org\/noe\/?s={search_term_string}"},"query-input":{"@type":"PropertyValueSpecification","valueRequired":true,"valueName":"search_term_string"}}],"inLanguage":"de"},{"@type":"Organization","@id":"https:\/\/www.radlobby.org\/noe\/#organization","name":"Radlobby Nieder\u00f6sterreich","url":"https:\/\/www.radlobby.org\/noe\/","logo":{"@type":"ImageObject","inLanguage":"de","@id":"https:\/\/www.radlobby.org\/noe\/#\/schema\/logo\/image\/","url":"https:\/\/www.radlobby.org\/noe\/wp-content\/uploads\/2017\/01\/cropped-Logo_Radlobby_Niederoesterreich_50-400px_quer-1.jpg","contentUrl":"https:\/\/www.radlobby.org\/noe\/wp-content\/uploads\/2017\/01\/cropped-Logo_Radlobby_Niederoesterreich_50-400px_quer-1.jpg","width":450,"height":124,"caption":"Radlobby Nieder\u00f6sterreich"},"image":{"@id":"https:\/\/www.radlobby.org\/noe\/#\/schema\/logo\/image\/"},"sameAs":["https:\/\/www.facebook.com\/groups\/radfahren.in.noe\/"]},{"@type":"Person","@id":"https:\/\/www.radlobby.org\/noe\/#\/schema\/person\/d1ad6d77ec2ff1837830735b5f074c95","name":"Maria Z\u00f6gernitz","image":{"@type":"ImageObject","inLanguage":"de","@id":"https:\/\/www.radlobby.org\/noe\/#\/schema\/person\/image\/","url":"https:\/\/secure.gravatar.com\/avatar\/f0ec056831cd418e44e25a41becb89b06234dc4c32d644fddd8329785f26d862?s=96&d=mm&r=g","contentUrl":"https:\/\/secure.gravatar.com\/avatar\/f0ec056831cd418e44e25a41becb89b06234dc4c32d644fddd8329785f26d862?s=96&d=mm&r=g","caption":"Maria Z\u00f6gernitz"},"description":"Ortsgruppe St. P\u00f6lten","url":"https:\/\/www.radlobby.org\/noe\/author\/maria-zoegernitz\/"}]}},"_links":{"self":[{"href":"https:\/\/www.radlobby.org\/noe\/wp-json\/wp\/v2\/posts\/41191","targetHints":{"allow":["GET"]}}],"collection":[{"href":"https:\/\/www.radlobby.org\/noe\/wp-json\/wp\/v2\/posts"}],"about":[{"href":"https:\/\/www.radlobby.org\/noe\/wp-json\/wp\/v2\/types\/post"}],"author":[{"embeddable":true,"href":"https:\/\/www.radlobby.org\/noe\/wp-json\/wp\/v2\/users\/33"}],"replies":[{"embeddable":true,"href":"https:\/\/www.radlobby.org\/noe\/wp-json\/wp\/v2\/comments?post=41191"}],"version-history":[{"count":7,"href":"https:\/\/www.radlobby.org\/noe\/wp-json\/wp\/v2\/posts\/41191\/revisions"}],"predecessor-version":[{"id":41425,"href":"https:\/\/www.radlobby.org\/noe\/wp-json\/wp\/v2\/posts\/41191\/revisions\/41425"}],"wp:featuredmedia":[{"embeddable":true,"href":"https:\/\/www.radlobby.org\/noe\/wp-json\/wp\/v2\/media\/41194"}],"wp:attachment":[{"href":"https:\/\/www.radlobby.org\/noe\/wp-json\/wp\/v2\/media?parent=41191"}],"wp:term":[{"taxonomy":"category","embeddable":true,"href":"https:\/\/www.radlobby.org\/noe\/wp-json\/wp\/v2\/categories?post=41191"},{"taxonomy":"post_tag","embeddable":true,"href":"https:\/\/www.radlobby.org\/noe\/wp-json\/wp\/v2\/tags?post=41191"}],"curies":[{"name":"wp","href":"https:\/\/api.w.org\/{rel}","templated":true}]}}