{"id":41098,"date":"2026-02-08T10:28:13","date_gmt":"2026-02-08T09:28:13","guid":{"rendered":"https:\/\/www.radlobby.org\/noe\/?p=41098"},"modified":"2026-03-26T20:57:18","modified_gmt":"2026-03-26T19:57:18","slug":"kinder-eis-anradeln-infoabend-am-28-3-2026","status":"publish","type":"post","link":"https:\/\/www.radlobby.org\/noe\/kinder-eis-anradeln-infoabend-am-28-3-2026\/","title":{"rendered":"Infoabend am 28.3.2026"},"content":{"rendered":"<p><strong>&#x26a0;&#xfe0f;<a href=\"https:\/\/www.radlobby.org\/noe\/kinder-eis-anradeln-2026\/\">Kinder-Eis-Anradeln verschoben wegen Schlechtwetter. Neuer Termin: 11. April<\/a>&#x26a0;&#xfe0f;<\/strong><\/p>\n<hr \/>\n<p><strong>Kinder, es ist wieder Zeit zum Anradeln! Heuer d\u00fcrfen wir dabei einen besonderen Ehrengast begr\u00fc\u00dfen: Kurt Fischer. Er war von 2010 bis 2025 B\u00fcrgermeister der Vorarlberger Marktgemeinde Lustenau und erreichte dort einen Radverkehrsanteil von sagenhaften 34 Prozent. Wie das gelang, erkl\u00e4ren Kurt Fischer, Hermann Knoflacher und Klaus Robatsch in einem Infoabend.<\/strong><\/p>\n<div>\n<h4>Infoabend \u201e<span style=\"font-size: x-large;\">Lernen von \u00d6sterreichs Fahrradgemeinde Nr. 1<\/span>\u201c<\/h4>\n<p><b>28.3., 18 Uhr, Festsaal der Raiffeisenbank, Rathausplatz 7, 3400 Klosterneuburg<br \/>\n<\/b>Eintritt frei, um <a href=\"https:\/\/www.eventbrite.at\/e\/lernen-von-osterreichs-fahrradgemeinde-nr-1-tickets-1981161834378\">Anmeldung<\/a> wird gebeten. Bei der Veranstaltung wird gefilmt und fotografiert.<\/p>\n<h6>Mit:<\/h6>\n<\/div>\n<p><img loading=\"lazy\" decoding=\"async\" class=\"alignleft\" src=\"https:\/\/www.radlobby.org\/noe\/wp-content\/uploads\/Kurt.png\" alt=\"\" width=\"283\" height=\"288\" \/>Dr. <b>Kurt Fischer<\/b>, Lustenau<br \/>\nDer Unternehmer, ehemalige Gymnasiallehrer, B\u00fcrgermeister (2010-2025) und Landtagsabgeordnete (2004-2014) der \u00d6VP l\u00f6ste in seiner Heimatgemeinde einen Radfahr-Boom aus und erhielt dabei Unterst\u00fctzung aus Klosterneuburg. N\u00e4mlich durch Professor Hermann Knoflacher.<\/p>\n<p>&nbsp;<\/p>\n<p>&nbsp;<\/p>\n<p>&nbsp;<\/p>\n<p>&nbsp;<\/p>\n<p><img loading=\"lazy\" decoding=\"async\" class=\"alignleft\" src=\"https:\/\/www.radlobby.org\/noe\/wp-content\/uploads\/a-20200701-RL-Klosterneubrug-Radparade-18.jpg\" alt=\"\" width=\"280\" height=\"186\" \/><\/p>\n<p>Em.O.Univ.Prof. DI Dr. <b>Hermann Knoflacher<\/b>, Maria Gugging<br \/>\nDer Zivilingenieur revolutionierte an der TU Wien und weit dar\u00fcber hinaus die Verkehrsplanung in Forschung und Lehre. Er gab sowohl in Lustenau als auch in Klosterneuburg Anst\u00f6\u00dfe f\u00fcr eine fahrradfreundliche Verkehrsorganisation.<\/p>\n<p>&nbsp;<\/p>\n<p>&nbsp;<\/p>\n<p><img loading=\"lazy\" decoding=\"async\" class=\"alignleft\" src=\"https:\/\/www.radlobby.org\/noe\/wp-content\/uploads\/MK_X9755.jpg\" alt=\"\" width=\"278\" height=\"167\" \/><\/p>\n<p>DI <b>Klaus Robatsch<\/b>, Klosterneuburg<br \/>\nDer Leiter des Bereichs Verkehrssicherheit im KFV wird die Entwicklung des Unfallgeschehens in Lustenau und Klosterneuburg vergleichen.<\/p>\n<p>&nbsp;<\/p>\n<p>&nbsp;<\/p>\n<p><img loading=\"lazy\" decoding=\"async\" class=\"alignright\" src=\"https:\/\/www.radlobby.org\/noe\/wp-content\/uploads\/MichaelMeindl_2023-05-13_0133-scaled.jpg\" alt=\"\" width=\"436\" height=\"290\" \/>Die Radlobby freut sich sehr, dass Kurt Fischer ihrer Einladung in die \u201eBabenbergerstadt\u201c gefolgt ist. Er wird hier mit B\u00fcrgermeister Christoph Kaufmann und anderen Mobilit\u00e4tsverantwortlichen der Stadt zusammentreffen. \u201eKurt Fischer ist der lebende Beweis daf\u00fcr, dass man auch in \u00d6sterreich eine konsequente Radpolitik verfolgen und wiedergew\u00e4hlt werden kann. Manche werden sagen \u201atrotzdem\u2018, ich bin \u00fcberzeugt, genau deswegen\u201c, meint Robert Koch von der Radlobby Klosterneuburg und hofft auf einen inspirierenden Austausch im Rathaus, beim Kinder-Eis-Anradeln und bei der Abendveranstaltung.<\/p>\n<h6><\/h6>\n<p><strong>Wir danken der Radlobby <\/strong><strong>Nieder\u00f6sterreich und der Raiffeisenbank Tulln-Klosterneuburg f\u00fcr ihre Unterst\u00fctzung beim Infoabend.<\/strong><\/p>\n<h6><img loading=\"lazy\" decoding=\"async\" class=\"alignleft\" src=\"https:\/\/www.radlobby.org\/noe\/wp-content\/uploads\/RB_TULLN_KLOSTERNEUBURG_POS.jpg\" alt=\"\" width=\"200\" height=\"42\" \/><\/h6>\n<h6><\/h6>\n<h6><\/h6>\n<h6><\/h6>\n<h6>Pressefotos zum Download:<\/h6>\n<p>Kurt Fischer mit Fahrrad (<a href=\"https:\/\/www.radlobby.org\/noe\/wp-content\/uploads\/MG_4438cLukas-Haemmerle.jpg\">Bild 1<\/a>, <a href=\"https:\/\/www.radlobby.org\/noe\/wp-content\/uploads\/MG_4475cLukas-Haemmerle.jpg\">Bild 2<\/a>, <a href=\"https:\/\/www.radlobby.org\/noe\/wp-content\/uploads\/MG_4384cLukas-Haemmerle.jpg\">Bild 3<\/a>, <a href=\"https:\/\/www.radlobby.org\/noe\/wp-content\/uploads\/MG_4419cLukas-Haemmerle.jpg\">Bild 4<\/a>) \u2013 Fotocredit: Lukas H\u00e4mmerle<br \/>\n<a href=\"https:\/\/www.radlobby.org\/noe\/wp-content\/uploads\/MK_X9755.jpg\">Klaus Robatsch<\/a> bei der Radparade Klosterneuburg 2021 \u2013 Fotocredit: Radlobby Klosterneuburg<br \/>\n<a href=\"https:\/\/www.radlobby.org\/noe\/wp-content\/uploads\/a-20200701-RL-Klosterneubrug-Radparade-18.jpg\">Hermann Knoflacher<\/a> bei \u201ePlatz f\u00fcr Klosterneuburg\u201c, 2020 \u2013 Fotocredit: Radlobby Klosterneuburg<\/p>\n<h6>Plakat (A2) zum Download:<\/h6>\n<p><a href=\"https:\/\/www.radlobby.org\/noe\/wp-content\/uploads\/plakat_infoabend_2026_a2.pdf\">Lernen von \u00d6sterreichs Fahrradgemeinde Nr. 1<\/a><\/p>\n<div class=\"inner-wrap\">\n<div id=\"primary\">\n<div id=\"content\" class=\"clearfix\">\n<article id=\"post-38331\" class=\"post-38331 post type-post status-publish format-standard has-post-thumbnail hentry category-klosterneuburg category-niederoesterreich\">\n<div class=\"entry-content clearfix\">\n<h6><img loading=\"lazy\" decoding=\"async\" src=\"https:\/\/www.radlobby.org\/noe\/wp-content\/uploads\/plakat_infoabend_2026_a2.png\" alt=\"\" width=\"1208\" height=\"1701\" \/><\/h6>\n<\/div>\n<\/article>\n<\/div>\n<\/div>\n<\/div>\n","protected":false},"excerpt":{"rendered":"<p>&#x26a0;&#xfe0f;Kinder-Eis-Anradeln verschoben wegen Schlechtwetter. Neuer Termin: 11. April&#x26a0;&#xfe0f; Kinder, es ist wieder Zeit zum Anradeln! Heuer d\u00fcrfen wir dabei einen besonderen Ehrengast begr\u00fc\u00dfen: Kurt Fischer. Er war von 2010 bis 2025 B\u00fcrgermeister der Vorarlberger Marktgemeinde Lustenau und erreichte dort einen<\/p>\n","protected":false},"author":30,"featured_media":38341,"comment_status":"closed","ping_status":"closed","sticky":false,"template":"","format":"standard","meta":{"footnotes":""},"categories":[295,11,636,5,616,20,374,283,380,13,597],"tags":[],"class_list":["post-41098","post","type-post","status-publish","format-standard","has-post-thumbnail","hentry","category-klosterneuburg","category-korneuburg","category-mauerbach","category-moedling","category-neulengbach","category-niederoesterreich","category-pressbaum","category-purkersdorf","category-stockerau","category-tulln","category-tullnerfeld"],"yoast_head":"<!-- This site is optimized with the Yoast SEO plugin v26.9 - https:\/\/yoast.com\/product\/yoast-seo-wordpress\/ -->\n<title>Infoabend am 28.3.2026 - Radlobby Nieder\u00f6sterreich<\/title>\n<meta name=\"description\" content=\"Kurt Fischer schaffte als B\u00fcrgermeister 34% Radanteil in Lustenau. Wie das gelang, erkl\u00e4rt er gemeinsam mit Hermann Knoflacher und Klaus Robatsch in Klosterneuburg.\" \/>\n<meta name=\"robots\" content=\"index, follow, max-snippet:-1, max-image-preview:large, max-video-preview:-1\" \/>\n<link rel=\"canonical\" href=\"https:\/\/www.radlobby.org\/noe\/kinder-eis-anradeln-infoabend-am-28-3-2026\/\" \/>\n<meta property=\"og:locale\" content=\"de_DE\" \/>\n<meta property=\"og:type\" content=\"article\" \/>\n<meta property=\"og:title\" content=\"Infoabend am 28.3.2026 - Radlobby Nieder\u00f6sterreich\" \/>\n<meta property=\"og:description\" content=\"Kurt Fischer schaffte als B\u00fcrgermeister 34% Radanteil in Lustenau. Wie das gelang, erkl\u00e4rt er gemeinsam mit Hermann Knoflacher und Klaus Robatsch in Klosterneuburg.\" \/>\n<meta property=\"og:url\" content=\"https:\/\/www.radlobby.org\/noe\/kinder-eis-anradeln-infoabend-am-28-3-2026\/\" \/>\n<meta property=\"og:site_name\" content=\"Radlobby Nieder\u00f6sterreich\" \/>\n<meta property=\"article:publisher\" content=\"https:\/\/www.facebook.com\/groups\/radfahren.in.noe\/\" \/>\n<meta property=\"article:published_time\" content=\"2026-02-08T09:28:13+00:00\" \/>\n<meta property=\"article:modified_time\" content=\"2026-03-26T19:57:18+00:00\" \/>\n<meta property=\"og:image\" content=\"https:\/\/www.radlobby.org\/noe\/wp-content\/uploads\/IMG_20240406_131414-1-scaled.jpg\" \/>\n\t<meta property=\"og:image:width\" content=\"2560\" \/>\n\t<meta property=\"og:image:height\" content=\"1920\" \/>\n\t<meta property=\"og:image:type\" content=\"image\/jpeg\" \/>\n<meta name=\"author\" content=\"Robert Koch\" \/>\n<meta name=\"twitter:card\" content=\"summary_large_image\" \/>\n<meta name=\"twitter:label1\" content=\"Verfasst von\" \/>\n\t<meta name=\"twitter:data1\" content=\"Robert Koch\" \/>\n\t<meta name=\"twitter:label2\" content=\"Gesch\u00e4tzte Lesezeit\" \/>\n\t<meta name=\"twitter:data2\" content=\"4\u00a0Minuten\" \/>\n<script type=\"application\/ld+json\" class=\"yoast-schema-graph\">{\"@context\":\"https:\/\/schema.org\",\"@graph\":[{\"@type\":\"Article\",\"@id\":\"https:\/\/www.radlobby.org\/noe\/kinder-eis-anradeln-infoabend-am-28-3-2026\/#article\",\"isPartOf\":{\"@id\":\"https:\/\/www.radlobby.org\/noe\/kinder-eis-anradeln-infoabend-am-28-3-2026\/\"},\"author\":{\"name\":\"Robert Koch\",\"@id\":\"https:\/\/www.radlobby.org\/noe\/#\/schema\/person\/b3a187b4c0eada952b0c3eac95a85922\"},\"headline\":\"Infoabend am 28.3.2026\",\"datePublished\":\"2026-02-08T09:28:13+00:00\",\"dateModified\":\"2026-03-26T19:57:18+00:00\",\"mainEntityOfPage\":{\"@id\":\"https:\/\/www.radlobby.org\/noe\/kinder-eis-anradeln-infoabend-am-28-3-2026\/\"},\"wordCount\":347,\"publisher\":{\"@id\":\"https:\/\/www.radlobby.org\/noe\/#organization\"},\"image\":{\"@id\":\"https:\/\/www.radlobby.org\/noe\/kinder-eis-anradeln-infoabend-am-28-3-2026\/#primaryimage\"},\"thumbnailUrl\":\"https:\/\/www.radlobby.org\/noe\/wp-content\/uploads\/IMG_20240406_131414-1-scaled.jpg\",\"articleSection\":[\"Radlobby Klosterneuburg\",\"Radlobby Korneuburg\",\"Radlobby Mauerbach\",\"Radlobby M\u00f6dling\",\"Radlobby Neulengbach\",\"Radlobby Nieder\u00f6sterreich\",\"Radlobby Pressbaum\",\"Radlobby Purkersdorf\",\"Radlobby Stockerau\",\"Radlobby Tulln\",\"Radlobby Tullnerfeld\"],\"inLanguage\":\"de\"},{\"@type\":\"WebPage\",\"@id\":\"https:\/\/www.radlobby.org\/noe\/kinder-eis-anradeln-infoabend-am-28-3-2026\/\",\"url\":\"https:\/\/www.radlobby.org\/noe\/kinder-eis-anradeln-infoabend-am-28-3-2026\/\",\"name\":\"Infoabend am 28.3.2026 - Radlobby Nieder\u00f6sterreich\",\"isPartOf\":{\"@id\":\"https:\/\/www.radlobby.org\/noe\/#website\"},\"primaryImageOfPage\":{\"@id\":\"https:\/\/www.radlobby.org\/noe\/kinder-eis-anradeln-infoabend-am-28-3-2026\/#primaryimage\"},\"image\":{\"@id\":\"https:\/\/www.radlobby.org\/noe\/kinder-eis-anradeln-infoabend-am-28-3-2026\/#primaryimage\"},\"thumbnailUrl\":\"https:\/\/www.radlobby.org\/noe\/wp-content\/uploads\/IMG_20240406_131414-1-scaled.jpg\",\"datePublished\":\"2026-02-08T09:28:13+00:00\",\"dateModified\":\"2026-03-26T19:57:18+00:00\",\"description\":\"Kurt Fischer schaffte als B\u00fcrgermeister 34% Radanteil in Lustenau. Wie das gelang, erkl\u00e4rt er gemeinsam mit Hermann Knoflacher und Klaus Robatsch in Klosterneuburg.\",\"breadcrumb\":{\"@id\":\"https:\/\/www.radlobby.org\/noe\/kinder-eis-anradeln-infoabend-am-28-3-2026\/#breadcrumb\"},\"inLanguage\":\"de\",\"potentialAction\":[{\"@type\":\"ReadAction\",\"target\":[\"https:\/\/www.radlobby.org\/noe\/kinder-eis-anradeln-infoabend-am-28-3-2026\/\"]}]},{\"@type\":\"ImageObject\",\"inLanguage\":\"de\",\"@id\":\"https:\/\/www.radlobby.org\/noe\/kinder-eis-anradeln-infoabend-am-28-3-2026\/#primaryimage\",\"url\":\"https:\/\/www.radlobby.org\/noe\/wp-content\/uploads\/IMG_20240406_131414-1-scaled.jpg\",\"contentUrl\":\"https:\/\/www.radlobby.org\/noe\/wp-content\/uploads\/IMG_20240406_131414-1-scaled.jpg\",\"width\":2560,\"height\":1920},{\"@type\":\"BreadcrumbList\",\"@id\":\"https:\/\/www.radlobby.org\/noe\/kinder-eis-anradeln-infoabend-am-28-3-2026\/#breadcrumb\",\"itemListElement\":[{\"@type\":\"ListItem\",\"position\":1,\"name\":\"Startseite\",\"item\":\"https:\/\/www.radlobby.org\/noe\/\"},{\"@type\":\"ListItem\",\"position\":2,\"name\":\"Infoabend am 28.3.2026\"}]},{\"@type\":\"WebSite\",\"@id\":\"https:\/\/www.radlobby.org\/noe\/#website\",\"url\":\"https:\/\/www.radlobby.org\/noe\/\",\"name\":\"Radlobby Nieder\u00f6sterreich\",\"description\":\"Radverkehr, Fahrrad, Radfahren, Radreisen, Radtouren, Radweg\",\"publisher\":{\"@id\":\"https:\/\/www.radlobby.org\/noe\/#organization\"},\"potentialAction\":[{\"@type\":\"SearchAction\",\"target\":{\"@type\":\"EntryPoint\",\"urlTemplate\":\"https:\/\/www.radlobby.org\/noe\/?s={search_term_string}\"},\"query-input\":{\"@type\":\"PropertyValueSpecification\",\"valueRequired\":true,\"valueName\":\"search_term_string\"}}],\"inLanguage\":\"de\"},{\"@type\":\"Organization\",\"@id\":\"https:\/\/www.radlobby.org\/noe\/#organization\",\"name\":\"Radlobby Nieder\u00f6sterreich\",\"url\":\"https:\/\/www.radlobby.org\/noe\/\",\"logo\":{\"@type\":\"ImageObject\",\"inLanguage\":\"de\",\"@id\":\"https:\/\/www.radlobby.org\/noe\/#\/schema\/logo\/image\/\",\"url\":\"https:\/\/www.radlobby.org\/noe\/wp-content\/uploads\/2017\/01\/cropped-Logo_Radlobby_Niederoesterreich_50-400px_quer-1.jpg\",\"contentUrl\":\"https:\/\/www.radlobby.org\/noe\/wp-content\/uploads\/2017\/01\/cropped-Logo_Radlobby_Niederoesterreich_50-400px_quer-1.jpg\",\"width\":450,\"height\":124,\"caption\":\"Radlobby Nieder\u00f6sterreich\"},\"image\":{\"@id\":\"https:\/\/www.radlobby.org\/noe\/#\/schema\/logo\/image\/\"},\"sameAs\":[\"https:\/\/www.facebook.com\/groups\/radfahren.in.noe\/\"]},{\"@type\":\"Person\",\"@id\":\"https:\/\/www.radlobby.org\/noe\/#\/schema\/person\/b3a187b4c0eada952b0c3eac95a85922\",\"name\":\"Robert Koch\",\"image\":{\"@type\":\"ImageObject\",\"inLanguage\":\"de\",\"@id\":\"https:\/\/www.radlobby.org\/noe\/#\/schema\/person\/image\/\",\"url\":\"https:\/\/secure.gravatar.com\/avatar\/728eb7716157d600e11fcfdf03cf16f1361bd0c2f3540c4874cb1ba698df5545?s=96&d=mm&r=g\",\"contentUrl\":\"https:\/\/secure.gravatar.com\/avatar\/728eb7716157d600e11fcfdf03cf16f1361bd0c2f3540c4874cb1ba698df5545?s=96&d=mm&r=g\",\"caption\":\"Robert Koch\"},\"url\":\"https:\/\/www.radlobby.org\/noe\/author\/robert-koch\/\"}]}<\/script>\n<!-- \/ Yoast SEO plugin. -->","yoast_head_json":{"title":"Infoabend am 28.3.2026 - Radlobby Nieder\u00f6sterreich","description":"Kurt Fischer schaffte als B\u00fcrgermeister 34% Radanteil in Lustenau. Wie das gelang, erkl\u00e4rt er gemeinsam mit Hermann Knoflacher und Klaus Robatsch in Klosterneuburg.","robots":{"index":"index","follow":"follow","max-snippet":"max-snippet:-1","max-image-preview":"max-image-preview:large","max-video-preview":"max-video-preview:-1"},"canonical":"https:\/\/www.radlobby.org\/noe\/kinder-eis-anradeln-infoabend-am-28-3-2026\/","og_locale":"de_DE","og_type":"article","og_title":"Infoabend am 28.3.2026 - Radlobby Nieder\u00f6sterreich","og_description":"Kurt Fischer schaffte als B\u00fcrgermeister 34% Radanteil in Lustenau. Wie das gelang, erkl\u00e4rt er gemeinsam mit Hermann Knoflacher und Klaus Robatsch in Klosterneuburg.","og_url":"https:\/\/www.radlobby.org\/noe\/kinder-eis-anradeln-infoabend-am-28-3-2026\/","og_site_name":"Radlobby Nieder\u00f6sterreich","article_publisher":"https:\/\/www.facebook.com\/groups\/radfahren.in.noe\/","article_published_time":"2026-02-08T09:28:13+00:00","article_modified_time":"2026-03-26T19:57:18+00:00","og_image":[{"width":2560,"height":1920,"url":"https:\/\/www.radlobby.org\/noe\/wp-content\/uploads\/IMG_20240406_131414-1-scaled.jpg","type":"image\/jpeg"}],"author":"Robert Koch","twitter_card":"summary_large_image","twitter_misc":{"Verfasst von":"Robert Koch","Gesch\u00e4tzte Lesezeit":"4\u00a0Minuten"},"schema":{"@context":"https:\/\/schema.org","@graph":[{"@type":"Article","@id":"https:\/\/www.radlobby.org\/noe\/kinder-eis-anradeln-infoabend-am-28-3-2026\/#article","isPartOf":{"@id":"https:\/\/www.radlobby.org\/noe\/kinder-eis-anradeln-infoabend-am-28-3-2026\/"},"author":{"name":"Robert Koch","@id":"https:\/\/www.radlobby.org\/noe\/#\/schema\/person\/b3a187b4c0eada952b0c3eac95a85922"},"headline":"Infoabend am 28.3.2026","datePublished":"2026-02-08T09:28:13+00:00","dateModified":"2026-03-26T19:57:18+00:00","mainEntityOfPage":{"@id":"https:\/\/www.radlobby.org\/noe\/kinder-eis-anradeln-infoabend-am-28-3-2026\/"},"wordCount":347,"publisher":{"@id":"https:\/\/www.radlobby.org\/noe\/#organization"},"image":{"@id":"https:\/\/www.radlobby.org\/noe\/kinder-eis-anradeln-infoabend-am-28-3-2026\/#primaryimage"},"thumbnailUrl":"https:\/\/www.radlobby.org\/noe\/wp-content\/uploads\/IMG_20240406_131414-1-scaled.jpg","articleSection":["Radlobby Klosterneuburg","Radlobby Korneuburg","Radlobby Mauerbach","Radlobby M\u00f6dling","Radlobby Neulengbach","Radlobby Nieder\u00f6sterreich","Radlobby Pressbaum","Radlobby Purkersdorf","Radlobby Stockerau","Radlobby Tulln","Radlobby Tullnerfeld"],"inLanguage":"de"},{"@type":"WebPage","@id":"https:\/\/www.radlobby.org\/noe\/kinder-eis-anradeln-infoabend-am-28-3-2026\/","url":"https:\/\/www.radlobby.org\/noe\/kinder-eis-anradeln-infoabend-am-28-3-2026\/","name":"Infoabend am 28.3.2026 - Radlobby Nieder\u00f6sterreich","isPartOf":{"@id":"https:\/\/www.radlobby.org\/noe\/#website"},"primaryImageOfPage":{"@id":"https:\/\/www.radlobby.org\/noe\/kinder-eis-anradeln-infoabend-am-28-3-2026\/#primaryimage"},"image":{"@id":"https:\/\/www.radlobby.org\/noe\/kinder-eis-anradeln-infoabend-am-28-3-2026\/#primaryimage"},"thumbnailUrl":"https:\/\/www.radlobby.org\/noe\/wp-content\/uploads\/IMG_20240406_131414-1-scaled.jpg","datePublished":"2026-02-08T09:28:13+00:00","dateModified":"2026-03-26T19:57:18+00:00","description":"Kurt Fischer schaffte als B\u00fcrgermeister 34% Radanteil in Lustenau. Wie das gelang, erkl\u00e4rt er gemeinsam mit Hermann Knoflacher und Klaus Robatsch in Klosterneuburg.","breadcrumb":{"@id":"https:\/\/www.radlobby.org\/noe\/kinder-eis-anradeln-infoabend-am-28-3-2026\/#breadcrumb"},"inLanguage":"de","potentialAction":[{"@type":"ReadAction","target":["https:\/\/www.radlobby.org\/noe\/kinder-eis-anradeln-infoabend-am-28-3-2026\/"]}]},{"@type":"ImageObject","inLanguage":"de","@id":"https:\/\/www.radlobby.org\/noe\/kinder-eis-anradeln-infoabend-am-28-3-2026\/#primaryimage","url":"https:\/\/www.radlobby.org\/noe\/wp-content\/uploads\/IMG_20240406_131414-1-scaled.jpg","contentUrl":"https:\/\/www.radlobby.org\/noe\/wp-content\/uploads\/IMG_20240406_131414-1-scaled.jpg","width":2560,"height":1920},{"@type":"BreadcrumbList","@id":"https:\/\/www.radlobby.org\/noe\/kinder-eis-anradeln-infoabend-am-28-3-2026\/#breadcrumb","itemListElement":[{"@type":"ListItem","position":1,"name":"Startseite","item":"https:\/\/www.radlobby.org\/noe\/"},{"@type":"ListItem","position":2,"name":"Infoabend am 28.3.2026"}]},{"@type":"WebSite","@id":"https:\/\/www.radlobby.org\/noe\/#website","url":"https:\/\/www.radlobby.org\/noe\/","name":"Radlobby Nieder\u00f6sterreich","description":"Radverkehr, Fahrrad, Radfahren, Radreisen, Radtouren, Radweg","publisher":{"@id":"https:\/\/www.radlobby.org\/noe\/#organization"},"potentialAction":[{"@type":"SearchAction","target":{"@type":"EntryPoint","urlTemplate":"https:\/\/www.radlobby.org\/noe\/?s={search_term_string}"},"query-input":{"@type":"PropertyValueSpecification","valueRequired":true,"valueName":"search_term_string"}}],"inLanguage":"de"},{"@type":"Organization","@id":"https:\/\/www.radlobby.org\/noe\/#organization","name":"Radlobby Nieder\u00f6sterreich","url":"https:\/\/www.radlobby.org\/noe\/","logo":{"@type":"ImageObject","inLanguage":"de","@id":"https:\/\/www.radlobby.org\/noe\/#\/schema\/logo\/image\/","url":"https:\/\/www.radlobby.org\/noe\/wp-content\/uploads\/2017\/01\/cropped-Logo_Radlobby_Niederoesterreich_50-400px_quer-1.jpg","contentUrl":"https:\/\/www.radlobby.org\/noe\/wp-content\/uploads\/2017\/01\/cropped-Logo_Radlobby_Niederoesterreich_50-400px_quer-1.jpg","width":450,"height":124,"caption":"Radlobby Nieder\u00f6sterreich"},"image":{"@id":"https:\/\/www.radlobby.org\/noe\/#\/schema\/logo\/image\/"},"sameAs":["https:\/\/www.facebook.com\/groups\/radfahren.in.noe\/"]},{"@type":"Person","@id":"https:\/\/www.radlobby.org\/noe\/#\/schema\/person\/b3a187b4c0eada952b0c3eac95a85922","name":"Robert Koch","image":{"@type":"ImageObject","inLanguage":"de","@id":"https:\/\/www.radlobby.org\/noe\/#\/schema\/person\/image\/","url":"https:\/\/secure.gravatar.com\/avatar\/728eb7716157d600e11fcfdf03cf16f1361bd0c2f3540c4874cb1ba698df5545?s=96&d=mm&r=g","contentUrl":"https:\/\/secure.gravatar.com\/avatar\/728eb7716157d600e11fcfdf03cf16f1361bd0c2f3540c4874cb1ba698df5545?s=96&d=mm&r=g","caption":"Robert Koch"},"url":"https:\/\/www.radlobby.org\/noe\/author\/robert-koch\/"}]}},"_links":{"self":[{"href":"https:\/\/www.radlobby.org\/noe\/wp-json\/wp\/v2\/posts\/41098","targetHints":{"allow":["GET"]}}],"collection":[{"href":"https:\/\/www.radlobby.org\/noe\/wp-json\/wp\/v2\/posts"}],"about":[{"href":"https:\/\/www.radlobby.org\/noe\/wp-json\/wp\/v2\/types\/post"}],"author":[{"embeddable":true,"href":"https:\/\/www.radlobby.org\/noe\/wp-json\/wp\/v2\/users\/30"}],"replies":[{"embeddable":true,"href":"https:\/\/www.radlobby.org\/noe\/wp-json\/wp\/v2\/comments?post=41098"}],"version-history":[{"count":47,"href":"https:\/\/www.radlobby.org\/noe\/wp-json\/wp\/v2\/posts\/41098\/revisions"}],"predecessor-version":[{"id":41552,"href":"https:\/\/www.radlobby.org\/noe\/wp-json\/wp\/v2\/posts\/41098\/revisions\/41552"}],"wp:featuredmedia":[{"embeddable":true,"href":"https:\/\/www.radlobby.org\/noe\/wp-json\/wp\/v2\/media\/38341"}],"wp:attachment":[{"href":"https:\/\/www.radlobby.org\/noe\/wp-json\/wp\/v2\/media?parent=41098"}],"wp:term":[{"taxonomy":"category","embeddable":true,"href":"https:\/\/www.radlobby.org\/noe\/wp-json\/wp\/v2\/categories?post=41098"},{"taxonomy":"post_tag","embeddable":true,"href":"https:\/\/www.radlobby.org\/noe\/wp-json\/wp\/v2\/tags?post=41098"}],"curies":[{"name":"wp","href":"https:\/\/api.w.org\/{rel}","templated":true}]}}