{"id":41078,"date":"2026-01-22T21:47:28","date_gmt":"2026-01-22T20:47:28","guid":{"rendered":"https:\/\/www.radlobby.org\/noe\/?p=41078"},"modified":"2026-01-22T21:47:28","modified_gmt":"2026-01-22T20:47:28","slug":"radfahrer-des-winters-2026-1","status":"publish","type":"post","link":"https:\/\/www.radlobby.org\/noe\/radfahrer-des-winters-2026-1\/","title":{"rendered":"Radfahrerin des Winters"},"content":{"rendered":"<h4>Die Winterradlerin<\/h4>\n<p>Bernadette Berger nutzt das Fahrrad f\u00fcr Alltagswege das ganze Jahr.<\/p>\n<p>Auf die Frage der Radlobby, ob sie auch im Winter mit dem Rad f\u00e4hrt, kommt spontan: &#8220;Selbstverst\u00e4ndlich auch im Winter, nur bei Glatteis nicht!&#8221;<\/p>\n<p>Wobei die Frage nicht so abwegig war. Zum Zeitpunkt des Interviews lagen ca. 10 cm Schnee in Wolkersdorf.<\/p>\n<p>Bernadette Berger ist eine echte Wolkersdorferin. Sie ist hier aufgewachsen, mit dem Rad aufgewachsen.<\/p>\n<p>Sie erinnert sich mit Freude an die Sonntagsausfl\u00fcge mit der Familie: &#8220;Meist haben wir eine Radtour in der Region unternommen. Mein Vater ist mit meiner Mutter mit einem Tandem gefahren und ich mit meinen vier Geschwistern hinterher.&#8221; Als Kind wurde Bernadette manchmal aufgefordert die Milch in Obersdorf zu holen. Bei den R\u00f6gners wurde noch mit den Katzen gespielt und dann ging es wieder nach Hause. &#8220;Na ja, wenn ich \u00fcber Unebenheiten geradelt bin oder sonst abgelenkt wurde, ist halt nicht immer die volle Kanne Milch zu Hause angekommen&#8221;, erz\u00e4hlt Bernadette und muss bei diesen Kindheitserinnerungen laut lachen.<\/p>\n<p>So wie ihr das Radfahren in die Wiege gelegt wurde, hat sie es auch an ihre Tochter weitergegeben. Der Weg in den Kindergarten wurde schon mit einem Laufrad, sp\u00e4ter mit einem klassischen Kinderrad bew\u00e4ltigt. Der Weg in die Schule wurde zun\u00e4chst gemeinsam, nach der Radfahrpr\u00fcfung von ihrer Tochter alleine mit dem Rad zur\u00fcckgelegt.<\/p>\n<p>Das Rad im Ort und in der Region als Verkehrsmittel zu nutzen ist f\u00fcr sie eine Selbstverst\u00e4ndlichkeit, weil es bequem ist und in den meisten F\u00e4llen genauso schnell oder schneller als das Auto. F\u00fcr kleine Transporte nutzt Bernadette eine Lenkertasche. Diese ist vor wenigen Tagen zu Bruch gegangen, deswegen hat sie mit einem Kisterl am Gep\u00e4ckstr\u00e4ger improvisiert. Aber auch damit lassen sich viele Dinge praktisch transportieren.<\/p>\n<p><a href=\"https:\/\/www.radlobby.org\/noe\/wp-content\/uploads\/Bernadette_Berger_1.jpg\" data-src=\"https:\/\/www.radlobby.org\/noe\/wp-content\/uploads\/Bernadette_Berger_1.jpg\" data-thumb=\"https:\/\/www.radlobby.org\/noe\/wp-content\/uploads\/Bernadette_Berger_1-300x247.jpg\" class=\"ml-lightbox-enabled\"><img loading=\"lazy\" decoding=\"async\" class=\"alignnone wp-image-41092 size-medium\" src=\"https:\/\/www.radlobby.org\/noe\/wp-content\/uploads\/Bernadette_Berger_1-300x247.jpg\" alt=\"\" width=\"300\" height=\"247\" srcset=\"https:\/\/www.radlobby.org\/noe\/wp-content\/uploads\/Bernadette_Berger_1-300x247.jpg 300w, https:\/\/www.radlobby.org\/noe\/wp-content\/uploads\/Bernadette_Berger_1-768x631.jpg 768w, https:\/\/www.radlobby.org\/noe\/wp-content\/uploads\/Bernadette_Berger_1-1536x1262.jpg 1536w, https:\/\/www.radlobby.org\/noe\/wp-content\/uploads\/Bernadette_Berger_1-2048x1683.jpg 2048w\" sizes=\"auto, (max-width: 300px) 100vw, 300px\" \/><\/a><\/p>\n<p>Bernadette hat das Gl\u00fcck in Wolkersdorf zu wohnen und ihre Arbeitsst\u00e4tte im Ort zu haben. Neben dem Arbeitsweg f\u00e4hrt sie ins Fitnessstudio, ins Sommerbad, zum Eislaufen, ja fast alle Wege mit dem Fahrrad. Ein gr\u00f6\u00dferer Wocheneinkauf ist dann doch eine Ausnahme. Dazu wird manchmal schon das Elektroauto benutzt.<\/p>\n<p>Negative Erfahrungen hat Bernadette leider auch machen m\u00fcssen. &#8220;Am Bahnhof Wolkersdorf wurden mir drei R\u00e4der gestohlen, obwohl sie mit Schl\u00f6ssern gesichert waren.&#8221; Das liegt aber schon lange zur\u00fcck. Ihr jetziges Fahrrad besitzt sie schon rund 20 Jahre und es wurde vor nicht allzu langer Zeit von Alfred Kratky serviciert. &#8220;Es war nicht nur ein Radservice&#8221;, erz\u00e4hlt Bernadette, &#8220;Es war ein Fullservice. Ich bekam von Alfred ein Leihrad kostenlos zur Verf\u00fcgung gestellt und das servicierte Fahrrad wurde mir dann an meine Arbeitsstelle zugestellt.&#8221;<\/p>\n<p>Bernadette ist mit der Radinfrastruktur in Wolkersdorf recht zufrieden. Nur in der Hofgartenstra\u00dfe ist sie schon gegen die Einbahn gefahren, als das noch gar nicht erlaubt war. Dabei wurde sie einmal von der Polizei ertappt. &#8220;Mit einer Verwarnung und einem Augenzwinkern des Polizisten durfte ich das Fahrrad dann schieben ohne Strafe zahlen zu m\u00fcssen&#8221;, erz\u00e4hlt Bernadette und ist sehr froh \u00fcber den Einsatz der Radlobby, dank derer die Einbahn in der Hofgartenstra\u00dfe f\u00fcr Radfahrende ge\u00f6ffnet wurde. &#8220;Die Hauptstra\u00dfe meide ich, weil der Radstreifen nur sehr schmal, eigentlich zu schmal ist. Da nehmen die Autos mit zwei Parkstreifen und der Fahrbahn viel Platz in Anspruch und f\u00fcr die Radfahrer*innen bleibt ein zu schmaler Radstreifen und auch die seitlichen Gehwege sind sind relativ eng.&#8221; Neben einer gerechteren Platzverteilung in der Hauptstra\u00dfe w\u00fcnscht sich Bernadette mehr Gr\u00fcn im Zentrum.<\/p>\n<p>Aber jetzt ist alles wei\u00df &#8211; schneewei\u00df. Und wenn Bernadette schon sehr fr\u00fch mit dem Rad unterwegs ist und es hat in der Nacht geschneit, dann stellt sie verwundert fest: &#8220;He, da sind schon Radspuren im Schnee. Da ist schon jemand vor mir geradelt!&#8221;<\/p>\n<p><a href=\"https:\/\/www.radlobby.org\/noe\/wp-content\/uploads\/Bernadette_Berger_4.jpg\" data-src=\"https:\/\/www.radlobby.org\/noe\/wp-content\/uploads\/Bernadette_Berger_4.jpg\" data-thumb=\"https:\/\/www.radlobby.org\/noe\/wp-content\/uploads\/Bernadette_Berger_4-300x247.jpg\" class=\"ml-lightbox-enabled\"><img loading=\"lazy\" decoding=\"async\" class=\"alignnone wp-image-41089 size-medium\" src=\"https:\/\/www.radlobby.org\/noe\/wp-content\/uploads\/Bernadette_Berger_4-300x247.jpg\" alt=\"\" width=\"300\" height=\"247\" srcset=\"https:\/\/www.radlobby.org\/noe\/wp-content\/uploads\/Bernadette_Berger_4-300x247.jpg 300w, https:\/\/www.radlobby.org\/noe\/wp-content\/uploads\/Bernadette_Berger_4-768x632.jpg 768w, https:\/\/www.radlobby.org\/noe\/wp-content\/uploads\/Bernadette_Berger_4.jpg 1435w\" sizes=\"auto, (max-width: 300px) 100vw, 300px\" \/> <\/a><a href=\"https:\/\/www.radlobby.org\/noe\/wp-content\/uploads\/Bernadette_Berger_3.jpg\" data-src=\"https:\/\/www.radlobby.org\/noe\/wp-content\/uploads\/Bernadette_Berger_3.jpg\" data-thumb=\"https:\/\/www.radlobby.org\/noe\/wp-content\/uploads\/Bernadette_Berger_3-300x225.jpg\" class=\"ml-lightbox-enabled\"><img loading=\"lazy\" decoding=\"async\" class=\"alignnone wp-image-41090 size-medium\" src=\"https:\/\/www.radlobby.org\/noe\/wp-content\/uploads\/Bernadette_Berger_3-300x225.jpg\" alt=\"\" width=\"300\" height=\"225\" srcset=\"https:\/\/www.radlobby.org\/noe\/wp-content\/uploads\/Bernadette_Berger_3-300x225.jpg 300w, https:\/\/www.radlobby.org\/noe\/wp-content\/uploads\/Bernadette_Berger_3-768x576.jpg 768w, https:\/\/www.radlobby.org\/noe\/wp-content\/uploads\/Bernadette_Berger_3-1536x1152.jpg 1536w, https:\/\/www.radlobby.org\/noe\/wp-content\/uploads\/Bernadette_Berger_3-2048x1536.jpg 2048w\" sizes=\"auto, (max-width: 300px) 100vw, 300px\" \/><\/a><\/p>\n<p>Ja, Radfahren hat in Wolkersdorf immer Saison. Darum er\u00f6ffnet die Radlobby Wolkersdorf die Radsaison jedes Jahr am 1. J\u00e4nner.<\/p>\n<p>Weiterhin unfallfreies Radeln, ganz besonders im Winter, w\u00fcnscht die Stadtgemeinde Wolkersdorf und die Radlobby!<\/p>\n<p>Bernadette hat von der Stadtgemeinde <b>ein TUT-GUT-Wanderbuch <\/b>und von der Radlobby das Buch <strong>\u00d6sterreich f\u00e4hrt Rad<\/strong> und die aktuelle Ausgabe der Mitgliedszeitschrift <strong>Drahtesel<\/strong> erhalten.<\/p>\n<p>&nbsp;<\/p>\n<p><a href=\"https:\/\/www.radlobby.org\/noe\/wp-content\/uploads\/150_Jahre_Fahrrad.jpg\">\u00a0<\/a><a href=\"https:\/\/www.radlobby.org\/noe\/wp-content\/uploads\/Drahtesel-2026-1-rotated.jpg\" data-src=\"https:\/\/www.radlobby.org\/noe\/wp-content\/uploads\/Drahtesel-2026-1-rotated.jpg\" data-thumb=\"https:\/\/www.radlobby.org\/noe\/wp-content\/uploads\/Wanderbuch-214x300.jpg\" class=\"ml-lightbox-enabled\">\u00a0<img loading=\"lazy\" decoding=\"async\" class=\"alignnone size-medium wp-image-41147\" src=\"https:\/\/www.radlobby.org\/noe\/wp-content\/uploads\/Wanderbuch-214x300.jpg\" alt=\"\" width=\"214\" height=\"300\" srcset=\"https:\/\/www.radlobby.org\/noe\/wp-content\/uploads\/Wanderbuch-214x300.jpg 214w, https:\/\/www.radlobby.org\/noe\/wp-content\/uploads\/Wanderbuch-768x1077.jpg 768w, https:\/\/www.radlobby.org\/noe\/wp-content\/uploads\/Wanderbuch-1095x1536.jpg 1095w, https:\/\/www.radlobby.org\/noe\/wp-content\/uploads\/Wanderbuch-1460x2048.jpg 1460w, https:\/\/www.radlobby.org\/noe\/wp-content\/uploads\/Wanderbuch.jpg 1794w\" sizes=\"auto, (max-width: 214px) 100vw, 214px\" \/> <\/a><a href=\"https:\/\/www.radlobby.org\/noe\/wp-content\/uploads\/Drahtesel-2026-1-rotated.jpg\" data-src=\"https:\/\/www.radlobby.org\/noe\/wp-content\/uploads\/Drahtesel-2026-1-rotated.jpg\" data-thumb=\"https:\/\/www.radlobby.org\/noe\/wp-content\/uploads\/Drahtesel-2026-1-215x300.jpg\" class=\"ml-lightbox-enabled\"><img loading=\"lazy\" decoding=\"async\" class=\"alignnone wp-image-41095 size-medium\" src=\"https:\/\/www.radlobby.org\/noe\/wp-content\/uploads\/Drahtesel-2026-1-215x300.jpg\" alt=\"\" width=\"215\" height=\"300\" srcset=\"https:\/\/www.radlobby.org\/noe\/wp-content\/uploads\/Drahtesel-2026-1-215x300.jpg 215w, https:\/\/www.radlobby.org\/noe\/wp-content\/uploads\/Drahtesel-2026-1-768x1074.jpg 768w, https:\/\/www.radlobby.org\/noe\/wp-content\/uploads\/Drahtesel-2026-1-1098x1536.jpg 1098w, https:\/\/www.radlobby.org\/noe\/wp-content\/uploads\/Drahtesel-2026-1-1464x2048.jpg 1464w, https:\/\/www.radlobby.org\/noe\/wp-content\/uploads\/Drahtesel-2026-1-rotated.jpg 1814w\" sizes=\"auto, (max-width: 215px) 100vw, 215px\" \/><\/a><a href=\"https:\/\/www.radlobby.org\/noe\/wp-content\/uploads\/150_Jahre_Fahrrad.jpg\" data-src=\"https:\/\/www.radlobby.org\/noe\/wp-content\/uploads\/150_Jahre_Fahrrad.jpg\" data-thumb=\"https:\/\/www.radlobby.org\/noe\/wp-content\/uploads\/150_Jahre_Fahrrad-280x300.jpg\" class=\"ml-lightbox-enabled\"><img loading=\"lazy\" decoding=\"async\" class=\"alignnone wp-image-30967 size-medium\" src=\"https:\/\/www.radlobby.org\/noe\/wp-content\/uploads\/150_Jahre_Fahrrad-280x300.jpg\" alt=\"\" width=\"280\" height=\"300\" srcset=\"https:\/\/www.radlobby.org\/noe\/wp-content\/uploads\/150_Jahre_Fahrrad-280x300.jpg 280w, https:\/\/www.radlobby.org\/noe\/wp-content\/uploads\/150_Jahre_Fahrrad.jpg 343w\" sizes=\"auto, (max-width: 280px) 100vw, 280px\" \/><\/a><\/p>\n","protected":false},"excerpt":{"rendered":"<p>Die Winterradlerin Bernadette Berger nutzt das Fahrrad f\u00fcr Alltagswege das ganze Jahr. Auf die Frage der Radlobby, ob sie auch im Winter mit dem Rad f\u00e4hrt, kommt spontan: &#8220;Selbstverst\u00e4ndlich auch im Winter, nur bei Glatteis nicht!&#8221; Wobei die Frage nicht<\/p>\n","protected":false},"author":3,"featured_media":41090,"comment_status":"closed","ping_status":"closed","sticky":false,"template":"","format":"standard","meta":{"footnotes":""},"categories":[16],"tags":[809,299],"class_list":["post-41078","post","type-post","status-publish","format-standard","has-post-thumbnail","hentry","category-wolkersdorf","tag-bernadette","tag-radfahrerin-des-winters"],"yoast_head":"<!-- This site is optimized with the Yoast SEO plugin v26.9 - https:\/\/yoast.com\/product\/yoast-seo-wordpress\/ -->\n<title>Radfahrerin des Winters - Radlobby Nieder\u00f6sterreich<\/title>\n<meta name=\"robots\" content=\"index, follow, max-snippet:-1, max-image-preview:large, max-video-preview:-1\" \/>\n<link rel=\"canonical\" href=\"https:\/\/www.radlobby.org\/noe\/radfahrer-des-winters-2026-1\/\" \/>\n<meta property=\"og:locale\" content=\"de_DE\" \/>\n<meta property=\"og:type\" content=\"article\" \/>\n<meta property=\"og:title\" content=\"Radfahrerin des Winters - Radlobby Nieder\u00f6sterreich\" \/>\n<meta property=\"og:description\" content=\"Die Winterradlerin Bernadette Berger nutzt das Fahrrad f\u00fcr Alltagswege das ganze Jahr. Auf die Frage der Radlobby, ob sie auch im Winter mit dem Rad f\u00e4hrt, kommt spontan: &#8220;Selbstverst\u00e4ndlich auch im Winter, nur bei Glatteis nicht!&#8221; Wobei die Frage nicht\" \/>\n<meta property=\"og:url\" content=\"https:\/\/www.radlobby.org\/noe\/radfahrer-des-winters-2026-1\/\" \/>\n<meta property=\"og:site_name\" content=\"Radlobby Nieder\u00f6sterreich\" \/>\n<meta property=\"article:publisher\" content=\"https:\/\/www.facebook.com\/groups\/radfahren.in.noe\/\" \/>\n<meta property=\"article:published_time\" content=\"2026-01-22T20:47:28+00:00\" \/>\n<meta property=\"og:image\" content=\"https:\/\/www.radlobby.org\/noe\/wp-content\/uploads\/Bernadette_Berger_3.jpg\" \/>\n\t<meta property=\"og:image:width\" content=\"2560\" \/>\n\t<meta property=\"og:image:height\" content=\"1920\" \/>\n\t<meta property=\"og:image:type\" content=\"image\/jpeg\" \/>\n<meta name=\"author\" content=\"Hermann Hiebner\" \/>\n<meta name=\"twitter:card\" content=\"summary_large_image\" \/>\n<meta name=\"twitter:label1\" content=\"Verfasst von\" \/>\n\t<meta name=\"twitter:data1\" content=\"Hermann Hiebner\" \/>\n\t<meta name=\"twitter:label2\" content=\"Gesch\u00e4tzte Lesezeit\" \/>\n\t<meta name=\"twitter:data2\" content=\"6\u00a0Minuten\" \/>\n<script type=\"application\/ld+json\" class=\"yoast-schema-graph\">{\"@context\":\"https:\/\/schema.org\",\"@graph\":[{\"@type\":\"Article\",\"@id\":\"https:\/\/www.radlobby.org\/noe\/radfahrer-des-winters-2026-1\/#article\",\"isPartOf\":{\"@id\":\"https:\/\/www.radlobby.org\/noe\/radfahrer-des-winters-2026-1\/\"},\"author\":{\"name\":\"Hermann Hiebner\",\"@id\":\"https:\/\/www.radlobby.org\/noe\/#\/schema\/person\/c91605b70aca449bea4cb27190b0dbe2\"},\"headline\":\"Radfahrerin des Winters\",\"datePublished\":\"2026-01-22T20:47:28+00:00\",\"mainEntityOfPage\":{\"@id\":\"https:\/\/www.radlobby.org\/noe\/radfahrer-des-winters-2026-1\/\"},\"wordCount\":696,\"publisher\":{\"@id\":\"https:\/\/www.radlobby.org\/noe\/#organization\"},\"image\":{\"@id\":\"https:\/\/www.radlobby.org\/noe\/radfahrer-des-winters-2026-1\/#primaryimage\"},\"thumbnailUrl\":\"https:\/\/www.radlobby.org\/noe\/wp-content\/uploads\/Bernadette_Berger_3.jpg\",\"keywords\":[\"Bernadette\",\"Radfahrerin des Winters\"],\"articleSection\":[\"Radlobby Wolkersdorf\"],\"inLanguage\":\"de\"},{\"@type\":\"WebPage\",\"@id\":\"https:\/\/www.radlobby.org\/noe\/radfahrer-des-winters-2026-1\/\",\"url\":\"https:\/\/www.radlobby.org\/noe\/radfahrer-des-winters-2026-1\/\",\"name\":\"Radfahrerin des Winters - Radlobby Nieder\u00f6sterreich\",\"isPartOf\":{\"@id\":\"https:\/\/www.radlobby.org\/noe\/#website\"},\"primaryImageOfPage\":{\"@id\":\"https:\/\/www.radlobby.org\/noe\/radfahrer-des-winters-2026-1\/#primaryimage\"},\"image\":{\"@id\":\"https:\/\/www.radlobby.org\/noe\/radfahrer-des-winters-2026-1\/#primaryimage\"},\"thumbnailUrl\":\"https:\/\/www.radlobby.org\/noe\/wp-content\/uploads\/Bernadette_Berger_3.jpg\",\"datePublished\":\"2026-01-22T20:47:28+00:00\",\"breadcrumb\":{\"@id\":\"https:\/\/www.radlobby.org\/noe\/radfahrer-des-winters-2026-1\/#breadcrumb\"},\"inLanguage\":\"de\",\"potentialAction\":[{\"@type\":\"ReadAction\",\"target\":[\"https:\/\/www.radlobby.org\/noe\/radfahrer-des-winters-2026-1\/\"]}]},{\"@type\":\"ImageObject\",\"inLanguage\":\"de\",\"@id\":\"https:\/\/www.radlobby.org\/noe\/radfahrer-des-winters-2026-1\/#primaryimage\",\"url\":\"https:\/\/www.radlobby.org\/noe\/wp-content\/uploads\/Bernadette_Berger_3.jpg\",\"contentUrl\":\"https:\/\/www.radlobby.org\/noe\/wp-content\/uploads\/Bernadette_Berger_3.jpg\",\"width\":2560,\"height\":1920},{\"@type\":\"BreadcrumbList\",\"@id\":\"https:\/\/www.radlobby.org\/noe\/radfahrer-des-winters-2026-1\/#breadcrumb\",\"itemListElement\":[{\"@type\":\"ListItem\",\"position\":1,\"name\":\"Startseite\",\"item\":\"https:\/\/www.radlobby.org\/noe\/\"},{\"@type\":\"ListItem\",\"position\":2,\"name\":\"Radfahrerin des Winters\"}]},{\"@type\":\"WebSite\",\"@id\":\"https:\/\/www.radlobby.org\/noe\/#website\",\"url\":\"https:\/\/www.radlobby.org\/noe\/\",\"name\":\"Radlobby Nieder\u00f6sterreich\",\"description\":\"Radverkehr, Fahrrad, Radfahren, Radreisen, Radtouren, Radweg\",\"publisher\":{\"@id\":\"https:\/\/www.radlobby.org\/noe\/#organization\"},\"potentialAction\":[{\"@type\":\"SearchAction\",\"target\":{\"@type\":\"EntryPoint\",\"urlTemplate\":\"https:\/\/www.radlobby.org\/noe\/?s={search_term_string}\"},\"query-input\":{\"@type\":\"PropertyValueSpecification\",\"valueRequired\":true,\"valueName\":\"search_term_string\"}}],\"inLanguage\":\"de\"},{\"@type\":\"Organization\",\"@id\":\"https:\/\/www.radlobby.org\/noe\/#organization\",\"name\":\"Radlobby Nieder\u00f6sterreich\",\"url\":\"https:\/\/www.radlobby.org\/noe\/\",\"logo\":{\"@type\":\"ImageObject\",\"inLanguage\":\"de\",\"@id\":\"https:\/\/www.radlobby.org\/noe\/#\/schema\/logo\/image\/\",\"url\":\"https:\/\/www.radlobby.org\/noe\/wp-content\/uploads\/2017\/01\/cropped-Logo_Radlobby_Niederoesterreich_50-400px_quer-1.jpg\",\"contentUrl\":\"https:\/\/www.radlobby.org\/noe\/wp-content\/uploads\/2017\/01\/cropped-Logo_Radlobby_Niederoesterreich_50-400px_quer-1.jpg\",\"width\":450,\"height\":124,\"caption\":\"Radlobby Nieder\u00f6sterreich\"},\"image\":{\"@id\":\"https:\/\/www.radlobby.org\/noe\/#\/schema\/logo\/image\/\"},\"sameAs\":[\"https:\/\/www.facebook.com\/groups\/radfahren.in.noe\/\"]},{\"@type\":\"Person\",\"@id\":\"https:\/\/www.radlobby.org\/noe\/#\/schema\/person\/c91605b70aca449bea4cb27190b0dbe2\",\"name\":\"Hermann Hiebner\",\"image\":{\"@type\":\"ImageObject\",\"inLanguage\":\"de\",\"@id\":\"https:\/\/www.radlobby.org\/noe\/#\/schema\/person\/image\/\",\"url\":\"https:\/\/secure.gravatar.com\/avatar\/d9d442cd70d260be25a46bab5f85206043aabce00da594192c593e7d4fc65f72?s=96&d=mm&r=g\",\"contentUrl\":\"https:\/\/secure.gravatar.com\/avatar\/d9d442cd70d260be25a46bab5f85206043aabce00da594192c593e7d4fc65f72?s=96&d=mm&r=g\",\"caption\":\"Hermann Hiebner\"},\"url\":\"https:\/\/www.radlobby.org\/noe\/author\/hermannhiebner\/\"}]}<\/script>\n<!-- \/ Yoast SEO plugin. -->","yoast_head_json":{"title":"Radfahrerin des Winters - Radlobby Nieder\u00f6sterreich","robots":{"index":"index","follow":"follow","max-snippet":"max-snippet:-1","max-image-preview":"max-image-preview:large","max-video-preview":"max-video-preview:-1"},"canonical":"https:\/\/www.radlobby.org\/noe\/radfahrer-des-winters-2026-1\/","og_locale":"de_DE","og_type":"article","og_title":"Radfahrerin des Winters - Radlobby Nieder\u00f6sterreich","og_description":"Die Winterradlerin Bernadette Berger nutzt das Fahrrad f\u00fcr Alltagswege das ganze Jahr. Auf die Frage der Radlobby, ob sie auch im Winter mit dem Rad f\u00e4hrt, kommt spontan: &#8220;Selbstverst\u00e4ndlich auch im Winter, nur bei Glatteis nicht!&#8221; Wobei die Frage nicht","og_url":"https:\/\/www.radlobby.org\/noe\/radfahrer-des-winters-2026-1\/","og_site_name":"Radlobby Nieder\u00f6sterreich","article_publisher":"https:\/\/www.facebook.com\/groups\/radfahren.in.noe\/","article_published_time":"2026-01-22T20:47:28+00:00","og_image":[{"width":2560,"height":1920,"url":"https:\/\/www.radlobby.org\/noe\/wp-content\/uploads\/Bernadette_Berger_3.jpg","type":"image\/jpeg"}],"author":"Hermann Hiebner","twitter_card":"summary_large_image","twitter_misc":{"Verfasst von":"Hermann Hiebner","Gesch\u00e4tzte Lesezeit":"6\u00a0Minuten"},"schema":{"@context":"https:\/\/schema.org","@graph":[{"@type":"Article","@id":"https:\/\/www.radlobby.org\/noe\/radfahrer-des-winters-2026-1\/#article","isPartOf":{"@id":"https:\/\/www.radlobby.org\/noe\/radfahrer-des-winters-2026-1\/"},"author":{"name":"Hermann Hiebner","@id":"https:\/\/www.radlobby.org\/noe\/#\/schema\/person\/c91605b70aca449bea4cb27190b0dbe2"},"headline":"Radfahrerin des Winters","datePublished":"2026-01-22T20:47:28+00:00","mainEntityOfPage":{"@id":"https:\/\/www.radlobby.org\/noe\/radfahrer-des-winters-2026-1\/"},"wordCount":696,"publisher":{"@id":"https:\/\/www.radlobby.org\/noe\/#organization"},"image":{"@id":"https:\/\/www.radlobby.org\/noe\/radfahrer-des-winters-2026-1\/#primaryimage"},"thumbnailUrl":"https:\/\/www.radlobby.org\/noe\/wp-content\/uploads\/Bernadette_Berger_3.jpg","keywords":["Bernadette","Radfahrerin des Winters"],"articleSection":["Radlobby Wolkersdorf"],"inLanguage":"de"},{"@type":"WebPage","@id":"https:\/\/www.radlobby.org\/noe\/radfahrer-des-winters-2026-1\/","url":"https:\/\/www.radlobby.org\/noe\/radfahrer-des-winters-2026-1\/","name":"Radfahrerin des Winters - Radlobby Nieder\u00f6sterreich","isPartOf":{"@id":"https:\/\/www.radlobby.org\/noe\/#website"},"primaryImageOfPage":{"@id":"https:\/\/www.radlobby.org\/noe\/radfahrer-des-winters-2026-1\/#primaryimage"},"image":{"@id":"https:\/\/www.radlobby.org\/noe\/radfahrer-des-winters-2026-1\/#primaryimage"},"thumbnailUrl":"https:\/\/www.radlobby.org\/noe\/wp-content\/uploads\/Bernadette_Berger_3.jpg","datePublished":"2026-01-22T20:47:28+00:00","breadcrumb":{"@id":"https:\/\/www.radlobby.org\/noe\/radfahrer-des-winters-2026-1\/#breadcrumb"},"inLanguage":"de","potentialAction":[{"@type":"ReadAction","target":["https:\/\/www.radlobby.org\/noe\/radfahrer-des-winters-2026-1\/"]}]},{"@type":"ImageObject","inLanguage":"de","@id":"https:\/\/www.radlobby.org\/noe\/radfahrer-des-winters-2026-1\/#primaryimage","url":"https:\/\/www.radlobby.org\/noe\/wp-content\/uploads\/Bernadette_Berger_3.jpg","contentUrl":"https:\/\/www.radlobby.org\/noe\/wp-content\/uploads\/Bernadette_Berger_3.jpg","width":2560,"height":1920},{"@type":"BreadcrumbList","@id":"https:\/\/www.radlobby.org\/noe\/radfahrer-des-winters-2026-1\/#breadcrumb","itemListElement":[{"@type":"ListItem","position":1,"name":"Startseite","item":"https:\/\/www.radlobby.org\/noe\/"},{"@type":"ListItem","position":2,"name":"Radfahrerin des Winters"}]},{"@type":"WebSite","@id":"https:\/\/www.radlobby.org\/noe\/#website","url":"https:\/\/www.radlobby.org\/noe\/","name":"Radlobby Nieder\u00f6sterreich","description":"Radverkehr, Fahrrad, Radfahren, Radreisen, Radtouren, Radweg","publisher":{"@id":"https:\/\/www.radlobby.org\/noe\/#organization"},"potentialAction":[{"@type":"SearchAction","target":{"@type":"EntryPoint","urlTemplate":"https:\/\/www.radlobby.org\/noe\/?s={search_term_string}"},"query-input":{"@type":"PropertyValueSpecification","valueRequired":true,"valueName":"search_term_string"}}],"inLanguage":"de"},{"@type":"Organization","@id":"https:\/\/www.radlobby.org\/noe\/#organization","name":"Radlobby Nieder\u00f6sterreich","url":"https:\/\/www.radlobby.org\/noe\/","logo":{"@type":"ImageObject","inLanguage":"de","@id":"https:\/\/www.radlobby.org\/noe\/#\/schema\/logo\/image\/","url":"https:\/\/www.radlobby.org\/noe\/wp-content\/uploads\/2017\/01\/cropped-Logo_Radlobby_Niederoesterreich_50-400px_quer-1.jpg","contentUrl":"https:\/\/www.radlobby.org\/noe\/wp-content\/uploads\/2017\/01\/cropped-Logo_Radlobby_Niederoesterreich_50-400px_quer-1.jpg","width":450,"height":124,"caption":"Radlobby Nieder\u00f6sterreich"},"image":{"@id":"https:\/\/www.radlobby.org\/noe\/#\/schema\/logo\/image\/"},"sameAs":["https:\/\/www.facebook.com\/groups\/radfahren.in.noe\/"]},{"@type":"Person","@id":"https:\/\/www.radlobby.org\/noe\/#\/schema\/person\/c91605b70aca449bea4cb27190b0dbe2","name":"Hermann Hiebner","image":{"@type":"ImageObject","inLanguage":"de","@id":"https:\/\/www.radlobby.org\/noe\/#\/schema\/person\/image\/","url":"https:\/\/secure.gravatar.com\/avatar\/d9d442cd70d260be25a46bab5f85206043aabce00da594192c593e7d4fc65f72?s=96&d=mm&r=g","contentUrl":"https:\/\/secure.gravatar.com\/avatar\/d9d442cd70d260be25a46bab5f85206043aabce00da594192c593e7d4fc65f72?s=96&d=mm&r=g","caption":"Hermann Hiebner"},"url":"https:\/\/www.radlobby.org\/noe\/author\/hermannhiebner\/"}]}},"_links":{"self":[{"href":"https:\/\/www.radlobby.org\/noe\/wp-json\/wp\/v2\/posts\/41078","targetHints":{"allow":["GET"]}}],"collection":[{"href":"https:\/\/www.radlobby.org\/noe\/wp-json\/wp\/v2\/posts"}],"about":[{"href":"https:\/\/www.radlobby.org\/noe\/wp-json\/wp\/v2\/types\/post"}],"author":[{"embeddable":true,"href":"https:\/\/www.radlobby.org\/noe\/wp-json\/wp\/v2\/users\/3"}],"replies":[{"embeddable":true,"href":"https:\/\/www.radlobby.org\/noe\/wp-json\/wp\/v2\/comments?post=41078"}],"version-history":[{"count":5,"href":"https:\/\/www.radlobby.org\/noe\/wp-json\/wp\/v2\/posts\/41078\/revisions"}],"predecessor-version":[{"id":41149,"href":"https:\/\/www.radlobby.org\/noe\/wp-json\/wp\/v2\/posts\/41078\/revisions\/41149"}],"wp:featuredmedia":[{"embeddable":true,"href":"https:\/\/www.radlobby.org\/noe\/wp-json\/wp\/v2\/media\/41090"}],"wp:attachment":[{"href":"https:\/\/www.radlobby.org\/noe\/wp-json\/wp\/v2\/media?parent=41078"}],"wp:term":[{"taxonomy":"category","embeddable":true,"href":"https:\/\/www.radlobby.org\/noe\/wp-json\/wp\/v2\/categories?post=41078"},{"taxonomy":"post_tag","embeddable":true,"href":"https:\/\/www.radlobby.org\/noe\/wp-json\/wp\/v2\/tags?post=41078"}],"curies":[{"name":"wp","href":"https:\/\/api.w.org\/{rel}","templated":true}]}}