{"id":41066,"date":"2026-01-25T06:55:42","date_gmt":"2026-01-25T05:55:42","guid":{"rendered":"https:\/\/www.radlobby.org\/noe\/?p=41066"},"modified":"2026-01-25T10:19:11","modified_gmt":"2026-01-25T09:19:11","slug":"wiener-neustaedter-alvocycle-erweitert","status":"publish","type":"post","link":"https:\/\/www.radlobby.org\/noe\/wiener-neustaedter-alvocycle-erweitert\/","title":{"rendered":"Wiener Neust\u00e4dter Fahrradgesch\u00e4ft Alvocycle neu er\u00f6ffnet"},"content":{"rendered":"<p><a href=\"https:\/\/www.radlobby.org\/noe\/wp-content\/uploads\/20260124_Alvocycle-2.jpg\" data-src=\"https:\/\/www.radlobby.org\/noe\/wp-content\/uploads\/20260124_Alvocycle-2.jpg\" data-thumb=\"https:\/\/www.radlobby.org\/noe\/wp-content\/uploads\/20260124_Alvocycle-2-300x191.jpg\" class=\"ml-lightbox-enabled\"><img loading=\"lazy\" decoding=\"async\" class=\"alignright wp-image-41156 size-medium\" src=\"https:\/\/www.radlobby.org\/noe\/wp-content\/uploads\/20260124_Alvocycle-2-300x191.jpg\" alt=\"\" width=\"300\" height=\"191\" srcset=\"https:\/\/www.radlobby.org\/noe\/wp-content\/uploads\/20260124_Alvocycle-2-300x191.jpg 300w, https:\/\/www.radlobby.org\/noe\/wp-content\/uploads\/20260124_Alvocycle-2-768x488.jpg 768w, https:\/\/www.radlobby.org\/noe\/wp-content\/uploads\/20260124_Alvocycle-2-1536x976.jpg 1536w, https:\/\/www.radlobby.org\/noe\/wp-content\/uploads\/20260124_Alvocycle-2.jpg 1920w\" sizes=\"auto, (max-width: 300px) 100vw, 300px\" \/><\/a>Das Fahrradgesch\u00e4ft Alvocycle von Bilhal und Asli Bekdas \u00fcbersiedelte innerhalb der Neunkirchner Stra\u00dfe von Nr.26 nach Nr. 22, wo gr\u00f6\u00dfere R\u00e4umlichkeiten und damit ein erweitertes Angebot zur Verf\u00fcgung stehen. Am 24.1.2026 fand die offizielle Er\u00f6ffnungsfeier statt. Wir waren dabei (s.Foto rechts).<\/p>\n<p><a href=\"https:\/\/www.radlobby.org\/noe\/wp-content\/uploads\/20260124_Alvocycle-3.jpg\" data-src=\"https:\/\/www.radlobby.org\/noe\/wp-content\/uploads\/20260124_Alvocycle-3.jpg\" data-thumb=\"https:\/\/www.radlobby.org\/noe\/wp-content\/uploads\/20260124_Alvocycle-3-300x169.jpg\" class=\"ml-lightbox-enabled\"><img loading=\"lazy\" decoding=\"async\" class=\"alignleft wp-image-41157 size-medium\" src=\"https:\/\/www.radlobby.org\/noe\/wp-content\/uploads\/20260124_Alvocycle-3-300x169.jpg\" alt=\"\" width=\"300\" height=\"169\" srcset=\"https:\/\/www.radlobby.org\/noe\/wp-content\/uploads\/20260124_Alvocycle-3-300x169.jpg 300w, https:\/\/www.radlobby.org\/noe\/wp-content\/uploads\/20260124_Alvocycle-3-768x432.jpg 768w, https:\/\/www.radlobby.org\/noe\/wp-content\/uploads\/20260124_Alvocycle-3-1536x865.jpg 1536w, https:\/\/www.radlobby.org\/noe\/wp-content\/uploads\/20260124_Alvocycle-3.jpg 1920w\" sizes=\"auto, (max-width: 300px) 100vw, 300px\" \/><\/a>Im Alvocycle durften wir in der Vergangenheit wiederholt das Radreparaturcaf\u00e9 durchf\u00fchren und dabei unter kompetenter Anleitung von Bilhal kleine Reparaturen an Fahrr\u00e4dern durchf\u00fchren.<\/p>\n","protected":false},"excerpt":{"rendered":"<p>Das Fahrradgesch\u00e4ft Alvocycle \u00fcbersiedelte in die Neunkirchner Stra\u00dfe 22.  Am 24.1.2026 fand die Er\u00f6ffnungsfeier statt. Die Radlobby war dabei.<\/p>\n","protected":false},"author":55,"featured_media":41156,"comment_status":"closed","ping_status":"closed","sticky":false,"template":"","format":"standard","meta":{"footnotes":""},"categories":[7],"tags":[],"class_list":["post-41066","post","type-post","status-publish","format-standard","has-post-thumbnail","hentry","category-wiener-neustadt"],"yoast_head":"<!-- This site is optimized with the Yoast SEO plugin v26.9 - https:\/\/yoast.com\/product\/yoast-seo-wordpress\/ -->\n<title>Wiener Neust\u00e4dter Fahrradgesch\u00e4ft Alvocycle neu er\u00f6ffnet - Radlobby Nieder\u00f6sterreich<\/title>\n<meta name=\"robots\" content=\"index, follow, max-snippet:-1, max-image-preview:large, max-video-preview:-1\" \/>\n<link rel=\"canonical\" href=\"https:\/\/www.radlobby.org\/noe\/wiener-neustaedter-alvocycle-erweitert\/\" \/>\n<meta property=\"og:locale\" content=\"de_DE\" \/>\n<meta property=\"og:type\" content=\"article\" \/>\n<meta property=\"og:title\" content=\"Wiener Neust\u00e4dter Fahrradgesch\u00e4ft Alvocycle neu er\u00f6ffnet - Radlobby Nieder\u00f6sterreich\" \/>\n<meta property=\"og:description\" content=\"Das Fahrradgesch\u00e4ft Alvocycle \u00fcbersiedelte in die Neunkirchner Stra\u00dfe 22. Am 24.1.2026 fand die Er\u00f6ffnungsfeier statt. Die Radlobby war dabei.\" \/>\n<meta property=\"og:url\" content=\"https:\/\/www.radlobby.org\/noe\/wiener-neustaedter-alvocycle-erweitert\/\" \/>\n<meta property=\"og:site_name\" content=\"Radlobby Nieder\u00f6sterreich\" \/>\n<meta property=\"article:publisher\" content=\"https:\/\/www.facebook.com\/groups\/radfahren.in.noe\/\" \/>\n<meta property=\"article:published_time\" content=\"2026-01-25T05:55:42+00:00\" \/>\n<meta property=\"article:modified_time\" content=\"2026-01-25T09:19:11+00:00\" \/>\n<meta property=\"og:image\" content=\"https:\/\/www.radlobby.org\/noe\/wp-content\/uploads\/20260124_Alvocycle-2.jpg\" \/>\n\t<meta property=\"og:image:width\" content=\"1920\" \/>\n\t<meta property=\"og:image:height\" content=\"1220\" \/>\n\t<meta property=\"og:image:type\" content=\"image\/jpeg\" \/>\n<meta name=\"author\" content=\"Gerold Petritsch\" \/>\n<meta name=\"twitter:card\" content=\"summary_large_image\" \/>\n<meta name=\"twitter:label1\" content=\"Verfasst von\" \/>\n\t<meta name=\"twitter:data1\" content=\"Gerold Petritsch\" \/>\n\t<meta name=\"twitter:label2\" content=\"Gesch\u00e4tzte Lesezeit\" \/>\n\t<meta name=\"twitter:data2\" content=\"1\u00a0Minute\" \/>\n<script type=\"application\/ld+json\" class=\"yoast-schema-graph\">{\"@context\":\"https:\/\/schema.org\",\"@graph\":[{\"@type\":\"Article\",\"@id\":\"https:\/\/www.radlobby.org\/noe\/wiener-neustaedter-alvocycle-erweitert\/#article\",\"isPartOf\":{\"@id\":\"https:\/\/www.radlobby.org\/noe\/wiener-neustaedter-alvocycle-erweitert\/\"},\"author\":{\"name\":\"Gerold Petritsch\",\"@id\":\"https:\/\/www.radlobby.org\/noe\/#\/schema\/person\/6575d09b0e7b7970d5b81d0bab520c61\"},\"headline\":\"Wiener Neust\u00e4dter Fahrradgesch\u00e4ft Alvocycle neu er\u00f6ffnet\",\"datePublished\":\"2026-01-25T05:55:42+00:00\",\"dateModified\":\"2026-01-25T09:19:11+00:00\",\"mainEntityOfPage\":{\"@id\":\"https:\/\/www.radlobby.org\/noe\/wiener-neustaedter-alvocycle-erweitert\/\"},\"wordCount\":81,\"publisher\":{\"@id\":\"https:\/\/www.radlobby.org\/noe\/#organization\"},\"image\":{\"@id\":\"https:\/\/www.radlobby.org\/noe\/wiener-neustaedter-alvocycle-erweitert\/#primaryimage\"},\"thumbnailUrl\":\"https:\/\/www.radlobby.org\/noe\/wp-content\/uploads\/20260124_Alvocycle-2.jpg\",\"articleSection\":[\"Radlobby Wiener Neustadt\"],\"inLanguage\":\"de\"},{\"@type\":\"WebPage\",\"@id\":\"https:\/\/www.radlobby.org\/noe\/wiener-neustaedter-alvocycle-erweitert\/\",\"url\":\"https:\/\/www.radlobby.org\/noe\/wiener-neustaedter-alvocycle-erweitert\/\",\"name\":\"Wiener Neust\u00e4dter Fahrradgesch\u00e4ft Alvocycle neu er\u00f6ffnet - Radlobby Nieder\u00f6sterreich\",\"isPartOf\":{\"@id\":\"https:\/\/www.radlobby.org\/noe\/#website\"},\"primaryImageOfPage\":{\"@id\":\"https:\/\/www.radlobby.org\/noe\/wiener-neustaedter-alvocycle-erweitert\/#primaryimage\"},\"image\":{\"@id\":\"https:\/\/www.radlobby.org\/noe\/wiener-neustaedter-alvocycle-erweitert\/#primaryimage\"},\"thumbnailUrl\":\"https:\/\/www.radlobby.org\/noe\/wp-content\/uploads\/20260124_Alvocycle-2.jpg\",\"datePublished\":\"2026-01-25T05:55:42+00:00\",\"dateModified\":\"2026-01-25T09:19:11+00:00\",\"breadcrumb\":{\"@id\":\"https:\/\/www.radlobby.org\/noe\/wiener-neustaedter-alvocycle-erweitert\/#breadcrumb\"},\"inLanguage\":\"de\",\"potentialAction\":[{\"@type\":\"ReadAction\",\"target\":[\"https:\/\/www.radlobby.org\/noe\/wiener-neustaedter-alvocycle-erweitert\/\"]}]},{\"@type\":\"ImageObject\",\"inLanguage\":\"de\",\"@id\":\"https:\/\/www.radlobby.org\/noe\/wiener-neustaedter-alvocycle-erweitert\/#primaryimage\",\"url\":\"https:\/\/www.radlobby.org\/noe\/wp-content\/uploads\/20260124_Alvocycle-2.jpg\",\"contentUrl\":\"https:\/\/www.radlobby.org\/noe\/wp-content\/uploads\/20260124_Alvocycle-2.jpg\",\"width\":1920,\"height\":1220},{\"@type\":\"BreadcrumbList\",\"@id\":\"https:\/\/www.radlobby.org\/noe\/wiener-neustaedter-alvocycle-erweitert\/#breadcrumb\",\"itemListElement\":[{\"@type\":\"ListItem\",\"position\":1,\"name\":\"Startseite\",\"item\":\"https:\/\/www.radlobby.org\/noe\/\"},{\"@type\":\"ListItem\",\"position\":2,\"name\":\"Wiener Neust\u00e4dter Fahrradgesch\u00e4ft Alvocycle neu er\u00f6ffnet\"}]},{\"@type\":\"WebSite\",\"@id\":\"https:\/\/www.radlobby.org\/noe\/#website\",\"url\":\"https:\/\/www.radlobby.org\/noe\/\",\"name\":\"Radlobby Nieder\u00f6sterreich\",\"description\":\"Radverkehr, Fahrrad, Radfahren, Radreisen, Radtouren, Radweg\",\"publisher\":{\"@id\":\"https:\/\/www.radlobby.org\/noe\/#organization\"},\"potentialAction\":[{\"@type\":\"SearchAction\",\"target\":{\"@type\":\"EntryPoint\",\"urlTemplate\":\"https:\/\/www.radlobby.org\/noe\/?s={search_term_string}\"},\"query-input\":{\"@type\":\"PropertyValueSpecification\",\"valueRequired\":true,\"valueName\":\"search_term_string\"}}],\"inLanguage\":\"de\"},{\"@type\":\"Organization\",\"@id\":\"https:\/\/www.radlobby.org\/noe\/#organization\",\"name\":\"Radlobby Nieder\u00f6sterreich\",\"url\":\"https:\/\/www.radlobby.org\/noe\/\",\"logo\":{\"@type\":\"ImageObject\",\"inLanguage\":\"de\",\"@id\":\"https:\/\/www.radlobby.org\/noe\/#\/schema\/logo\/image\/\",\"url\":\"https:\/\/www.radlobby.org\/noe\/wp-content\/uploads\/2017\/01\/cropped-Logo_Radlobby_Niederoesterreich_50-400px_quer-1.jpg\",\"contentUrl\":\"https:\/\/www.radlobby.org\/noe\/wp-content\/uploads\/2017\/01\/cropped-Logo_Radlobby_Niederoesterreich_50-400px_quer-1.jpg\",\"width\":450,\"height\":124,\"caption\":\"Radlobby Nieder\u00f6sterreich\"},\"image\":{\"@id\":\"https:\/\/www.radlobby.org\/noe\/#\/schema\/logo\/image\/\"},\"sameAs\":[\"https:\/\/www.facebook.com\/groups\/radfahren.in.noe\/\"]},{\"@type\":\"Person\",\"@id\":\"https:\/\/www.radlobby.org\/noe\/#\/schema\/person\/6575d09b0e7b7970d5b81d0bab520c61\",\"name\":\"Gerold Petritsch\",\"image\":{\"@type\":\"ImageObject\",\"inLanguage\":\"de\",\"@id\":\"https:\/\/www.radlobby.org\/noe\/#\/schema\/person\/image\/\",\"url\":\"https:\/\/secure.gravatar.com\/avatar\/9dc36f4c91f9894712dd7fdc25d6d6bc3448cf31a66187da4b2a4081af93013d?s=96&d=mm&r=g\",\"contentUrl\":\"https:\/\/secure.gravatar.com\/avatar\/9dc36f4c91f9894712dd7fdc25d6d6bc3448cf31a66187da4b2a4081af93013d?s=96&d=mm&r=g\",\"caption\":\"Gerold Petritsch\"},\"url\":\"https:\/\/www.radlobby.org\/noe\/author\/gerold-petritsch\/\"}]}<\/script>\n<!-- \/ Yoast SEO plugin. -->","yoast_head_json":{"title":"Wiener Neust\u00e4dter Fahrradgesch\u00e4ft Alvocycle neu er\u00f6ffnet - Radlobby Nieder\u00f6sterreich","robots":{"index":"index","follow":"follow","max-snippet":"max-snippet:-1","max-image-preview":"max-image-preview:large","max-video-preview":"max-video-preview:-1"},"canonical":"https:\/\/www.radlobby.org\/noe\/wiener-neustaedter-alvocycle-erweitert\/","og_locale":"de_DE","og_type":"article","og_title":"Wiener Neust\u00e4dter Fahrradgesch\u00e4ft Alvocycle neu er\u00f6ffnet - Radlobby Nieder\u00f6sterreich","og_description":"Das Fahrradgesch\u00e4ft Alvocycle \u00fcbersiedelte in die Neunkirchner Stra\u00dfe 22. Am 24.1.2026 fand die Er\u00f6ffnungsfeier statt. Die Radlobby war dabei.","og_url":"https:\/\/www.radlobby.org\/noe\/wiener-neustaedter-alvocycle-erweitert\/","og_site_name":"Radlobby Nieder\u00f6sterreich","article_publisher":"https:\/\/www.facebook.com\/groups\/radfahren.in.noe\/","article_published_time":"2026-01-25T05:55:42+00:00","article_modified_time":"2026-01-25T09:19:11+00:00","og_image":[{"width":1920,"height":1220,"url":"https:\/\/www.radlobby.org\/noe\/wp-content\/uploads\/20260124_Alvocycle-2.jpg","type":"image\/jpeg"}],"author":"Gerold Petritsch","twitter_card":"summary_large_image","twitter_misc":{"Verfasst von":"Gerold Petritsch","Gesch\u00e4tzte Lesezeit":"1\u00a0Minute"},"schema":{"@context":"https:\/\/schema.org","@graph":[{"@type":"Article","@id":"https:\/\/www.radlobby.org\/noe\/wiener-neustaedter-alvocycle-erweitert\/#article","isPartOf":{"@id":"https:\/\/www.radlobby.org\/noe\/wiener-neustaedter-alvocycle-erweitert\/"},"author":{"name":"Gerold Petritsch","@id":"https:\/\/www.radlobby.org\/noe\/#\/schema\/person\/6575d09b0e7b7970d5b81d0bab520c61"},"headline":"Wiener Neust\u00e4dter Fahrradgesch\u00e4ft Alvocycle neu er\u00f6ffnet","datePublished":"2026-01-25T05:55:42+00:00","dateModified":"2026-01-25T09:19:11+00:00","mainEntityOfPage":{"@id":"https:\/\/www.radlobby.org\/noe\/wiener-neustaedter-alvocycle-erweitert\/"},"wordCount":81,"publisher":{"@id":"https:\/\/www.radlobby.org\/noe\/#organization"},"image":{"@id":"https:\/\/www.radlobby.org\/noe\/wiener-neustaedter-alvocycle-erweitert\/#primaryimage"},"thumbnailUrl":"https:\/\/www.radlobby.org\/noe\/wp-content\/uploads\/20260124_Alvocycle-2.jpg","articleSection":["Radlobby Wiener Neustadt"],"inLanguage":"de"},{"@type":"WebPage","@id":"https:\/\/www.radlobby.org\/noe\/wiener-neustaedter-alvocycle-erweitert\/","url":"https:\/\/www.radlobby.org\/noe\/wiener-neustaedter-alvocycle-erweitert\/","name":"Wiener Neust\u00e4dter Fahrradgesch\u00e4ft Alvocycle neu er\u00f6ffnet - Radlobby Nieder\u00f6sterreich","isPartOf":{"@id":"https:\/\/www.radlobby.org\/noe\/#website"},"primaryImageOfPage":{"@id":"https:\/\/www.radlobby.org\/noe\/wiener-neustaedter-alvocycle-erweitert\/#primaryimage"},"image":{"@id":"https:\/\/www.radlobby.org\/noe\/wiener-neustaedter-alvocycle-erweitert\/#primaryimage"},"thumbnailUrl":"https:\/\/www.radlobby.org\/noe\/wp-content\/uploads\/20260124_Alvocycle-2.jpg","datePublished":"2026-01-25T05:55:42+00:00","dateModified":"2026-01-25T09:19:11+00:00","breadcrumb":{"@id":"https:\/\/www.radlobby.org\/noe\/wiener-neustaedter-alvocycle-erweitert\/#breadcrumb"},"inLanguage":"de","potentialAction":[{"@type":"ReadAction","target":["https:\/\/www.radlobby.org\/noe\/wiener-neustaedter-alvocycle-erweitert\/"]}]},{"@type":"ImageObject","inLanguage":"de","@id":"https:\/\/www.radlobby.org\/noe\/wiener-neustaedter-alvocycle-erweitert\/#primaryimage","url":"https:\/\/www.radlobby.org\/noe\/wp-content\/uploads\/20260124_Alvocycle-2.jpg","contentUrl":"https:\/\/www.radlobby.org\/noe\/wp-content\/uploads\/20260124_Alvocycle-2.jpg","width":1920,"height":1220},{"@type":"BreadcrumbList","@id":"https:\/\/www.radlobby.org\/noe\/wiener-neustaedter-alvocycle-erweitert\/#breadcrumb","itemListElement":[{"@type":"ListItem","position":1,"name":"Startseite","item":"https:\/\/www.radlobby.org\/noe\/"},{"@type":"ListItem","position":2,"name":"Wiener Neust\u00e4dter Fahrradgesch\u00e4ft Alvocycle neu er\u00f6ffnet"}]},{"@type":"WebSite","@id":"https:\/\/www.radlobby.org\/noe\/#website","url":"https:\/\/www.radlobby.org\/noe\/","name":"Radlobby Nieder\u00f6sterreich","description":"Radverkehr, Fahrrad, Radfahren, Radreisen, Radtouren, Radweg","publisher":{"@id":"https:\/\/www.radlobby.org\/noe\/#organization"},"potentialAction":[{"@type":"SearchAction","target":{"@type":"EntryPoint","urlTemplate":"https:\/\/www.radlobby.org\/noe\/?s={search_term_string}"},"query-input":{"@type":"PropertyValueSpecification","valueRequired":true,"valueName":"search_term_string"}}],"inLanguage":"de"},{"@type":"Organization","@id":"https:\/\/www.radlobby.org\/noe\/#organization","name":"Radlobby Nieder\u00f6sterreich","url":"https:\/\/www.radlobby.org\/noe\/","logo":{"@type":"ImageObject","inLanguage":"de","@id":"https:\/\/www.radlobby.org\/noe\/#\/schema\/logo\/image\/","url":"https:\/\/www.radlobby.org\/noe\/wp-content\/uploads\/2017\/01\/cropped-Logo_Radlobby_Niederoesterreich_50-400px_quer-1.jpg","contentUrl":"https:\/\/www.radlobby.org\/noe\/wp-content\/uploads\/2017\/01\/cropped-Logo_Radlobby_Niederoesterreich_50-400px_quer-1.jpg","width":450,"height":124,"caption":"Radlobby Nieder\u00f6sterreich"},"image":{"@id":"https:\/\/www.radlobby.org\/noe\/#\/schema\/logo\/image\/"},"sameAs":["https:\/\/www.facebook.com\/groups\/radfahren.in.noe\/"]},{"@type":"Person","@id":"https:\/\/www.radlobby.org\/noe\/#\/schema\/person\/6575d09b0e7b7970d5b81d0bab520c61","name":"Gerold Petritsch","image":{"@type":"ImageObject","inLanguage":"de","@id":"https:\/\/www.radlobby.org\/noe\/#\/schema\/person\/image\/","url":"https:\/\/secure.gravatar.com\/avatar\/9dc36f4c91f9894712dd7fdc25d6d6bc3448cf31a66187da4b2a4081af93013d?s=96&d=mm&r=g","contentUrl":"https:\/\/secure.gravatar.com\/avatar\/9dc36f4c91f9894712dd7fdc25d6d6bc3448cf31a66187da4b2a4081af93013d?s=96&d=mm&r=g","caption":"Gerold Petritsch"},"url":"https:\/\/www.radlobby.org\/noe\/author\/gerold-petritsch\/"}]}},"_links":{"self":[{"href":"https:\/\/www.radlobby.org\/noe\/wp-json\/wp\/v2\/posts\/41066","targetHints":{"allow":["GET"]}}],"collection":[{"href":"https:\/\/www.radlobby.org\/noe\/wp-json\/wp\/v2\/posts"}],"about":[{"href":"https:\/\/www.radlobby.org\/noe\/wp-json\/wp\/v2\/types\/post"}],"author":[{"embeddable":true,"href":"https:\/\/www.radlobby.org\/noe\/wp-json\/wp\/v2\/users\/55"}],"replies":[{"embeddable":true,"href":"https:\/\/www.radlobby.org\/noe\/wp-json\/wp\/v2\/comments?post=41066"}],"version-history":[{"count":8,"href":"https:\/\/www.radlobby.org\/noe\/wp-json\/wp\/v2\/posts\/41066\/revisions"}],"predecessor-version":[{"id":41159,"href":"https:\/\/www.radlobby.org\/noe\/wp-json\/wp\/v2\/posts\/41066\/revisions\/41159"}],"wp:featuredmedia":[{"embeddable":true,"href":"https:\/\/www.radlobby.org\/noe\/wp-json\/wp\/v2\/media\/41156"}],"wp:attachment":[{"href":"https:\/\/www.radlobby.org\/noe\/wp-json\/wp\/v2\/media?parent=41066"}],"wp:term":[{"taxonomy":"category","embeddable":true,"href":"https:\/\/www.radlobby.org\/noe\/wp-json\/wp\/v2\/categories?post=41066"},{"taxonomy":"post_tag","embeddable":true,"href":"https:\/\/www.radlobby.org\/noe\/wp-json\/wp\/v2\/tags?post=41066"}],"curies":[{"name":"wp","href":"https:\/\/api.w.org\/{rel}","templated":true}]}}