{"id":40757,"date":"2025-12-03T18:19:45","date_gmt":"2025-12-03T17:19:45","guid":{"rendered":"https:\/\/www.radlobby.org\/noe\/?p=40757"},"modified":"2025-12-03T18:22:21","modified_gmt":"2025-12-03T17:22:21","slug":"bezirkmoedling-corridorplus-2","status":"publish","type":"post","link":"https:\/\/www.radlobby.org\/noe\/bezirkmoedling-corridorplus-2\/","title":{"rendered":"Guntramsdorf: Geh- und Radweg entlang der B17 w\u00e4chst."},"content":{"rendered":"<p>03.12.2025<\/p>\n<p>Mit der Er\u00f6ffnung eines weiteren Teilst\u00fccks des Geh- und Radweges entlang der Landesstra\u00dfe B17 gibt es nun bereits eine durchg\u00e4ngige Verbindung neben der B17 zwischen der Badnerbahn-Haltestelle S\u00fcdstadt an der Grenze zwischen Maria Enzersdorf und Wiener Neudorf und der Gumpoldskirchner Stra\u00dfe in Guntramsdorf, wobei eine kurze Strecke nicht unmittelbar entlang der B17, sondern \u00fcber die Kammeringstra\u00dfe f\u00fchrt. F\u00fcr den angestrebten L\u00fcckenschluss zum Thermenradweg fehlen nun nur mehr etwas mehr als 300 Meter.<\/p>\n<p>Die M\u00f6dlinger N\u00d6N berichten dar\u00fcber:<\/p>\n<p><a href=\"https:\/\/www.radlobby.org\/noe\/wp-content\/uploads\/20251203_NOeN_Moedling_49-2025_Naechstes_Teilstueck_Guntramsdorf.jpg\" data-src=\"https:\/\/www.radlobby.org\/noe\/wp-content\/uploads\/20251203_NOeN_Moedling_49-2025_Naechstes_Teilstueck_Guntramsdorf.jpg\" data-thumb=\"https:\/\/www.radlobby.org\/noe\/wp-content\/uploads\/20251203_NOeN_Moedling_49-2025_Naechstes_Teilstueck_Guntramsdorf.jpg\" class=\"ml-lightbox-enabled\"><img loading=\"lazy\" decoding=\"async\" class=\"alignnone size-full wp-image-40753\" src=\"https:\/\/www.radlobby.org\/noe\/wp-content\/uploads\/20251203_NOeN_Moedling_49-2025_Naechstes_Teilstueck_Guntramsdorf.jpg\" alt=\"\" width=\"1200\" height=\"774\" srcset=\"https:\/\/www.radlobby.org\/noe\/wp-content\/uploads\/20251203_NOeN_Moedling_49-2025_Naechstes_Teilstueck_Guntramsdorf.jpg 1200w, https:\/\/www.radlobby.org\/noe\/wp-content\/uploads\/20251203_NOeN_Moedling_49-2025_Naechstes_Teilstueck_Guntramsdorf-300x194.jpg 300w, https:\/\/www.radlobby.org\/noe\/wp-content\/uploads\/20251203_NOeN_Moedling_49-2025_Naechstes_Teilstueck_Guntramsdorf-768x495.jpg 768w\" sizes=\"auto, (max-width: 1200px) 100vw, 1200px\" \/><\/a><\/p>\n","protected":false},"excerpt":{"rendered":"<p>03.12.2025 Mit der Er\u00f6ffnung eines weiteren Teilst\u00fccks des Geh- und Radweges entlang der Landesstra\u00dfe B17 gibt es nun bereits eine durchg\u00e4ngige Verbindung neben der B17 zwischen der Badnerbahn-Haltestelle S\u00fcdstadt an der Grenze zwischen Maria Enzersdorf und Wiener Neudorf und der<\/p>\n","protected":false},"author":63,"featured_media":38477,"comment_status":"closed","ping_status":"closed","sticky":false,"template":"","format":"standard","meta":{"footnotes":""},"categories":[5],"tags":[218,23,81,690,102],"class_list":["post-40757","post","type-post","status-publish","format-standard","has-post-thumbnail","hentry","category-moedling","tag-geh-und-radweg","tag-infrastruktur","tag-radroute","tag-radverkehr","tag-radweg"],"yoast_head":"<!-- This site is optimized with the Yoast SEO plugin v26.9 - https:\/\/yoast.com\/product\/yoast-seo-wordpress\/ -->\n<title>Guntramsdorf: Geh- und Radweg entlang der B17 w\u00e4chst. - Radlobby Nieder\u00f6sterreich<\/title>\n<meta name=\"robots\" content=\"index, follow, max-snippet:-1, max-image-preview:large, max-video-preview:-1\" \/>\n<link rel=\"canonical\" href=\"https:\/\/www.radlobby.org\/noe\/bezirkmoedling-corridorplus-2\/\" \/>\n<meta property=\"og:locale\" content=\"de_DE\" \/>\n<meta property=\"og:type\" content=\"article\" \/>\n<meta property=\"og:title\" content=\"Guntramsdorf: Geh- und Radweg entlang der B17 w\u00e4chst. - Radlobby Nieder\u00f6sterreich\" \/>\n<meta property=\"og:description\" content=\"03.12.2025 Mit der Er\u00f6ffnung eines weiteren Teilst\u00fccks des Geh- und Radweges entlang der Landesstra\u00dfe B17 gibt es nun bereits eine durchg\u00e4ngige Verbindung neben der B17 zwischen der Badnerbahn-Haltestelle S\u00fcdstadt an der Grenze zwischen Maria Enzersdorf und Wiener Neudorf und der\" \/>\n<meta property=\"og:url\" content=\"https:\/\/www.radlobby.org\/noe\/bezirkmoedling-corridorplus-2\/\" \/>\n<meta property=\"og:site_name\" content=\"Radlobby Nieder\u00f6sterreich\" \/>\n<meta property=\"article:publisher\" content=\"https:\/\/www.facebook.com\/groups\/radfahren.in.noe\/\" \/>\n<meta property=\"article:published_time\" content=\"2025-12-03T17:19:45+00:00\" \/>\n<meta property=\"article:modified_time\" content=\"2025-12-03T17:22:21+00:00\" \/>\n<meta property=\"og:image\" content=\"https:\/\/www.radlobby.org\/noe\/wp-content\/uploads\/Radlobby-Moedling.jpg\" \/>\n\t<meta property=\"og:image:width\" content=\"900\" \/>\n\t<meta property=\"og:image:height\" content=\"652\" \/>\n\t<meta property=\"og:image:type\" content=\"image\/jpeg\" \/>\n<meta name=\"author\" content=\"Radlobby M\u00f6dling - Webredaktion\" \/>\n<meta name=\"twitter:card\" content=\"summary_large_image\" \/>\n<meta name=\"twitter:label1\" content=\"Verfasst von\" \/>\n\t<meta name=\"twitter:data1\" content=\"Radlobby M\u00f6dling - Webredaktion\" \/>\n\t<meta name=\"twitter:label2\" content=\"Gesch\u00e4tzte Lesezeit\" \/>\n\t<meta name=\"twitter:data2\" content=\"1\u00a0Minute\" \/>\n<script type=\"application\/ld+json\" class=\"yoast-schema-graph\">{\"@context\":\"https:\/\/schema.org\",\"@graph\":[{\"@type\":\"Article\",\"@id\":\"https:\/\/www.radlobby.org\/noe\/bezirkmoedling-corridorplus-2\/#article\",\"isPartOf\":{\"@id\":\"https:\/\/www.radlobby.org\/noe\/bezirkmoedling-corridorplus-2\/\"},\"author\":{\"name\":\"Radlobby M\u00f6dling - Webredaktion\",\"@id\":\"https:\/\/www.radlobby.org\/noe\/#\/schema\/person\/e00f998d02481a455b8108a643129f40\"},\"headline\":\"Guntramsdorf: Geh- und Radweg entlang der B17 w\u00e4chst.\",\"datePublished\":\"2025-12-03T17:19:45+00:00\",\"dateModified\":\"2025-12-03T17:22:21+00:00\",\"mainEntityOfPage\":{\"@id\":\"https:\/\/www.radlobby.org\/noe\/bezirkmoedling-corridorplus-2\/\"},\"wordCount\":98,\"publisher\":{\"@id\":\"https:\/\/www.radlobby.org\/noe\/#organization\"},\"image\":{\"@id\":\"https:\/\/www.radlobby.org\/noe\/bezirkmoedling-corridorplus-2\/#primaryimage\"},\"thumbnailUrl\":\"https:\/\/www.radlobby.org\/noe\/wp-content\/uploads\/Radlobby-Moedling.jpg\",\"keywords\":[\"Geh- und Radweg\",\"Infrastruktur\",\"Radroute\",\"Radverkehr\",\"Radweg\"],\"articleSection\":[\"Radlobby M\u00f6dling\"],\"inLanguage\":\"de\"},{\"@type\":\"WebPage\",\"@id\":\"https:\/\/www.radlobby.org\/noe\/bezirkmoedling-corridorplus-2\/\",\"url\":\"https:\/\/www.radlobby.org\/noe\/bezirkmoedling-corridorplus-2\/\",\"name\":\"Guntramsdorf: Geh- und Radweg entlang der B17 w\u00e4chst. - Radlobby Nieder\u00f6sterreich\",\"isPartOf\":{\"@id\":\"https:\/\/www.radlobby.org\/noe\/#website\"},\"primaryImageOfPage\":{\"@id\":\"https:\/\/www.radlobby.org\/noe\/bezirkmoedling-corridorplus-2\/#primaryimage\"},\"image\":{\"@id\":\"https:\/\/www.radlobby.org\/noe\/bezirkmoedling-corridorplus-2\/#primaryimage\"},\"thumbnailUrl\":\"https:\/\/www.radlobby.org\/noe\/wp-content\/uploads\/Radlobby-Moedling.jpg\",\"datePublished\":\"2025-12-03T17:19:45+00:00\",\"dateModified\":\"2025-12-03T17:22:21+00:00\",\"breadcrumb\":{\"@id\":\"https:\/\/www.radlobby.org\/noe\/bezirkmoedling-corridorplus-2\/#breadcrumb\"},\"inLanguage\":\"de\",\"potentialAction\":[{\"@type\":\"ReadAction\",\"target\":[\"https:\/\/www.radlobby.org\/noe\/bezirkmoedling-corridorplus-2\/\"]}]},{\"@type\":\"ImageObject\",\"inLanguage\":\"de\",\"@id\":\"https:\/\/www.radlobby.org\/noe\/bezirkmoedling-corridorplus-2\/#primaryimage\",\"url\":\"https:\/\/www.radlobby.org\/noe\/wp-content\/uploads\/Radlobby-Moedling.jpg\",\"contentUrl\":\"https:\/\/www.radlobby.org\/noe\/wp-content\/uploads\/Radlobby-Moedling.jpg\",\"width\":900,\"height\":652},{\"@type\":\"BreadcrumbList\",\"@id\":\"https:\/\/www.radlobby.org\/noe\/bezirkmoedling-corridorplus-2\/#breadcrumb\",\"itemListElement\":[{\"@type\":\"ListItem\",\"position\":1,\"name\":\"Startseite\",\"item\":\"https:\/\/www.radlobby.org\/noe\/\"},{\"@type\":\"ListItem\",\"position\":2,\"name\":\"Guntramsdorf: Geh- und Radweg entlang der B17 w\u00e4chst.\"}]},{\"@type\":\"WebSite\",\"@id\":\"https:\/\/www.radlobby.org\/noe\/#website\",\"url\":\"https:\/\/www.radlobby.org\/noe\/\",\"name\":\"Radlobby Nieder\u00f6sterreich\",\"description\":\"Radverkehr, Fahrrad, Radfahren, Radreisen, Radtouren, Radweg\",\"publisher\":{\"@id\":\"https:\/\/www.radlobby.org\/noe\/#organization\"},\"potentialAction\":[{\"@type\":\"SearchAction\",\"target\":{\"@type\":\"EntryPoint\",\"urlTemplate\":\"https:\/\/www.radlobby.org\/noe\/?s={search_term_string}\"},\"query-input\":{\"@type\":\"PropertyValueSpecification\",\"valueRequired\":true,\"valueName\":\"search_term_string\"}}],\"inLanguage\":\"de\"},{\"@type\":\"Organization\",\"@id\":\"https:\/\/www.radlobby.org\/noe\/#organization\",\"name\":\"Radlobby Nieder\u00f6sterreich\",\"url\":\"https:\/\/www.radlobby.org\/noe\/\",\"logo\":{\"@type\":\"ImageObject\",\"inLanguage\":\"de\",\"@id\":\"https:\/\/www.radlobby.org\/noe\/#\/schema\/logo\/image\/\",\"url\":\"https:\/\/www.radlobby.org\/noe\/wp-content\/uploads\/2017\/01\/cropped-Logo_Radlobby_Niederoesterreich_50-400px_quer-1.jpg\",\"contentUrl\":\"https:\/\/www.radlobby.org\/noe\/wp-content\/uploads\/2017\/01\/cropped-Logo_Radlobby_Niederoesterreich_50-400px_quer-1.jpg\",\"width\":450,\"height\":124,\"caption\":\"Radlobby Nieder\u00f6sterreich\"},\"image\":{\"@id\":\"https:\/\/www.radlobby.org\/noe\/#\/schema\/logo\/image\/\"},\"sameAs\":[\"https:\/\/www.facebook.com\/groups\/radfahren.in.noe\/\"]},{\"@type\":\"Person\",\"@id\":\"https:\/\/www.radlobby.org\/noe\/#\/schema\/person\/e00f998d02481a455b8108a643129f40\",\"name\":\"Radlobby M\u00f6dling - Webredaktion\",\"image\":{\"@type\":\"ImageObject\",\"inLanguage\":\"de\",\"@id\":\"https:\/\/www.radlobby.org\/noe\/#\/schema\/person\/image\/\",\"url\":\"https:\/\/secure.gravatar.com\/avatar\/f4929f7bc3a54f5b7fcb3ffb8cc31faad3c55c61dbb5c09fbda208d055f03815?s=96&d=mm&r=g\",\"contentUrl\":\"https:\/\/secure.gravatar.com\/avatar\/f4929f7bc3a54f5b7fcb3ffb8cc31faad3c55c61dbb5c09fbda208d055f03815?s=96&d=mm&r=g\",\"caption\":\"Radlobby M\u00f6dling - Webredaktion\"},\"url\":\"https:\/\/www.radlobby.org\/noe\/author\/wolfgangpruschinskiredaktionmoedling\/\"}]}<\/script>\n<!-- \/ Yoast SEO plugin. -->","yoast_head_json":{"title":"Guntramsdorf: Geh- und Radweg entlang der B17 w\u00e4chst. - Radlobby Nieder\u00f6sterreich","robots":{"index":"index","follow":"follow","max-snippet":"max-snippet:-1","max-image-preview":"max-image-preview:large","max-video-preview":"max-video-preview:-1"},"canonical":"https:\/\/www.radlobby.org\/noe\/bezirkmoedling-corridorplus-2\/","og_locale":"de_DE","og_type":"article","og_title":"Guntramsdorf: Geh- und Radweg entlang der B17 w\u00e4chst. - Radlobby Nieder\u00f6sterreich","og_description":"03.12.2025 Mit der Er\u00f6ffnung eines weiteren Teilst\u00fccks des Geh- und Radweges entlang der Landesstra\u00dfe B17 gibt es nun bereits eine durchg\u00e4ngige Verbindung neben der B17 zwischen der Badnerbahn-Haltestelle S\u00fcdstadt an der Grenze zwischen Maria Enzersdorf und Wiener Neudorf und der","og_url":"https:\/\/www.radlobby.org\/noe\/bezirkmoedling-corridorplus-2\/","og_site_name":"Radlobby Nieder\u00f6sterreich","article_publisher":"https:\/\/www.facebook.com\/groups\/radfahren.in.noe\/","article_published_time":"2025-12-03T17:19:45+00:00","article_modified_time":"2025-12-03T17:22:21+00:00","og_image":[{"width":900,"height":652,"url":"https:\/\/www.radlobby.org\/noe\/wp-content\/uploads\/Radlobby-Moedling.jpg","type":"image\/jpeg"}],"author":"Radlobby M\u00f6dling - Webredaktion","twitter_card":"summary_large_image","twitter_misc":{"Verfasst von":"Radlobby M\u00f6dling - Webredaktion","Gesch\u00e4tzte Lesezeit":"1\u00a0Minute"},"schema":{"@context":"https:\/\/schema.org","@graph":[{"@type":"Article","@id":"https:\/\/www.radlobby.org\/noe\/bezirkmoedling-corridorplus-2\/#article","isPartOf":{"@id":"https:\/\/www.radlobby.org\/noe\/bezirkmoedling-corridorplus-2\/"},"author":{"name":"Radlobby M\u00f6dling - Webredaktion","@id":"https:\/\/www.radlobby.org\/noe\/#\/schema\/person\/e00f998d02481a455b8108a643129f40"},"headline":"Guntramsdorf: Geh- und Radweg entlang der B17 w\u00e4chst.","datePublished":"2025-12-03T17:19:45+00:00","dateModified":"2025-12-03T17:22:21+00:00","mainEntityOfPage":{"@id":"https:\/\/www.radlobby.org\/noe\/bezirkmoedling-corridorplus-2\/"},"wordCount":98,"publisher":{"@id":"https:\/\/www.radlobby.org\/noe\/#organization"},"image":{"@id":"https:\/\/www.radlobby.org\/noe\/bezirkmoedling-corridorplus-2\/#primaryimage"},"thumbnailUrl":"https:\/\/www.radlobby.org\/noe\/wp-content\/uploads\/Radlobby-Moedling.jpg","keywords":["Geh- und Radweg","Infrastruktur","Radroute","Radverkehr","Radweg"],"articleSection":["Radlobby M\u00f6dling"],"inLanguage":"de"},{"@type":"WebPage","@id":"https:\/\/www.radlobby.org\/noe\/bezirkmoedling-corridorplus-2\/","url":"https:\/\/www.radlobby.org\/noe\/bezirkmoedling-corridorplus-2\/","name":"Guntramsdorf: Geh- und Radweg entlang der B17 w\u00e4chst. - Radlobby Nieder\u00f6sterreich","isPartOf":{"@id":"https:\/\/www.radlobby.org\/noe\/#website"},"primaryImageOfPage":{"@id":"https:\/\/www.radlobby.org\/noe\/bezirkmoedling-corridorplus-2\/#primaryimage"},"image":{"@id":"https:\/\/www.radlobby.org\/noe\/bezirkmoedling-corridorplus-2\/#primaryimage"},"thumbnailUrl":"https:\/\/www.radlobby.org\/noe\/wp-content\/uploads\/Radlobby-Moedling.jpg","datePublished":"2025-12-03T17:19:45+00:00","dateModified":"2025-12-03T17:22:21+00:00","breadcrumb":{"@id":"https:\/\/www.radlobby.org\/noe\/bezirkmoedling-corridorplus-2\/#breadcrumb"},"inLanguage":"de","potentialAction":[{"@type":"ReadAction","target":["https:\/\/www.radlobby.org\/noe\/bezirkmoedling-corridorplus-2\/"]}]},{"@type":"ImageObject","inLanguage":"de","@id":"https:\/\/www.radlobby.org\/noe\/bezirkmoedling-corridorplus-2\/#primaryimage","url":"https:\/\/www.radlobby.org\/noe\/wp-content\/uploads\/Radlobby-Moedling.jpg","contentUrl":"https:\/\/www.radlobby.org\/noe\/wp-content\/uploads\/Radlobby-Moedling.jpg","width":900,"height":652},{"@type":"BreadcrumbList","@id":"https:\/\/www.radlobby.org\/noe\/bezirkmoedling-corridorplus-2\/#breadcrumb","itemListElement":[{"@type":"ListItem","position":1,"name":"Startseite","item":"https:\/\/www.radlobby.org\/noe\/"},{"@type":"ListItem","position":2,"name":"Guntramsdorf: Geh- und Radweg entlang der B17 w\u00e4chst."}]},{"@type":"WebSite","@id":"https:\/\/www.radlobby.org\/noe\/#website","url":"https:\/\/www.radlobby.org\/noe\/","name":"Radlobby Nieder\u00f6sterreich","description":"Radverkehr, Fahrrad, Radfahren, Radreisen, Radtouren, Radweg","publisher":{"@id":"https:\/\/www.radlobby.org\/noe\/#organization"},"potentialAction":[{"@type":"SearchAction","target":{"@type":"EntryPoint","urlTemplate":"https:\/\/www.radlobby.org\/noe\/?s={search_term_string}"},"query-input":{"@type":"PropertyValueSpecification","valueRequired":true,"valueName":"search_term_string"}}],"inLanguage":"de"},{"@type":"Organization","@id":"https:\/\/www.radlobby.org\/noe\/#organization","name":"Radlobby Nieder\u00f6sterreich","url":"https:\/\/www.radlobby.org\/noe\/","logo":{"@type":"ImageObject","inLanguage":"de","@id":"https:\/\/www.radlobby.org\/noe\/#\/schema\/logo\/image\/","url":"https:\/\/www.radlobby.org\/noe\/wp-content\/uploads\/2017\/01\/cropped-Logo_Radlobby_Niederoesterreich_50-400px_quer-1.jpg","contentUrl":"https:\/\/www.radlobby.org\/noe\/wp-content\/uploads\/2017\/01\/cropped-Logo_Radlobby_Niederoesterreich_50-400px_quer-1.jpg","width":450,"height":124,"caption":"Radlobby Nieder\u00f6sterreich"},"image":{"@id":"https:\/\/www.radlobby.org\/noe\/#\/schema\/logo\/image\/"},"sameAs":["https:\/\/www.facebook.com\/groups\/radfahren.in.noe\/"]},{"@type":"Person","@id":"https:\/\/www.radlobby.org\/noe\/#\/schema\/person\/e00f998d02481a455b8108a643129f40","name":"Radlobby M\u00f6dling - Webredaktion","image":{"@type":"ImageObject","inLanguage":"de","@id":"https:\/\/www.radlobby.org\/noe\/#\/schema\/person\/image\/","url":"https:\/\/secure.gravatar.com\/avatar\/f4929f7bc3a54f5b7fcb3ffb8cc31faad3c55c61dbb5c09fbda208d055f03815?s=96&d=mm&r=g","contentUrl":"https:\/\/secure.gravatar.com\/avatar\/f4929f7bc3a54f5b7fcb3ffb8cc31faad3c55c61dbb5c09fbda208d055f03815?s=96&d=mm&r=g","caption":"Radlobby M\u00f6dling - Webredaktion"},"url":"https:\/\/www.radlobby.org\/noe\/author\/wolfgangpruschinskiredaktionmoedling\/"}]}},"_links":{"self":[{"href":"https:\/\/www.radlobby.org\/noe\/wp-json\/wp\/v2\/posts\/40757","targetHints":{"allow":["GET"]}}],"collection":[{"href":"https:\/\/www.radlobby.org\/noe\/wp-json\/wp\/v2\/posts"}],"about":[{"href":"https:\/\/www.radlobby.org\/noe\/wp-json\/wp\/v2\/types\/post"}],"author":[{"embeddable":true,"href":"https:\/\/www.radlobby.org\/noe\/wp-json\/wp\/v2\/users\/63"}],"replies":[{"embeddable":true,"href":"https:\/\/www.radlobby.org\/noe\/wp-json\/wp\/v2\/comments?post=40757"}],"version-history":[{"count":4,"href":"https:\/\/www.radlobby.org\/noe\/wp-json\/wp\/v2\/posts\/40757\/revisions"}],"predecessor-version":[{"id":40761,"href":"https:\/\/www.radlobby.org\/noe\/wp-json\/wp\/v2\/posts\/40757\/revisions\/40761"}],"wp:featuredmedia":[{"embeddable":true,"href":"https:\/\/www.radlobby.org\/noe\/wp-json\/wp\/v2\/media\/38477"}],"wp:attachment":[{"href":"https:\/\/www.radlobby.org\/noe\/wp-json\/wp\/v2\/media?parent=40757"}],"wp:term":[{"taxonomy":"category","embeddable":true,"href":"https:\/\/www.radlobby.org\/noe\/wp-json\/wp\/v2\/categories?post=40757"},{"taxonomy":"post_tag","embeddable":true,"href":"https:\/\/www.radlobby.org\/noe\/wp-json\/wp\/v2\/tags?post=40757"}],"curies":[{"name":"wp","href":"https:\/\/api.w.org\/{rel}","templated":true}]}}