{"id":40733,"date":"2025-12-02T19:28:03","date_gmt":"2025-12-02T18:28:03","guid":{"rendered":"https:\/\/www.radlobby.org\/noe\/?p=40733"},"modified":"2025-12-14T14:25:07","modified_gmt":"2025-12-14T13:25:07","slug":"bad-voeslau-neujahrsradeln-zum-neujahrsschwimmen-am-1-1-2026","status":"publish","type":"post","link":"https:\/\/www.radlobby.org\/noe\/bad-voeslau-neujahrsradeln-zum-neujahrsschwimmen-am-1-1-2026\/","title":{"rendered":"Bad V\u00f6slau | Neujahrsradeln zum Neujahrsschwimmen am 1.1.2026"},"content":{"rendered":"<h2 data-start=\"77\" data-end=\"137\"><strong data-start=\"80\" data-end=\"137\">Neujahrsradeln zum Neujahrsschwimmen \u2013 1. J\u00e4nner 2026<\/strong><\/h2>\n<figure id=\"attachment_40821\" aria-describedby=\"caption-attachment-40821\" style=\"width: 300px\" class=\"wp-caption alignright\"><a href=\"https:\/\/www.radlobby.org\/noe\/wp-content\/uploads\/becken-herrenbecken-fischauer-thermalbad-1024x750-2.jpg\" data-src=\"https:\/\/www.radlobby.org\/noe\/wp-content\/uploads\/becken-herrenbecken-fischauer-thermalbad-1024x750-2.jpg\" data-thumb=\"https:\/\/www.radlobby.org\/noe\/wp-content\/uploads\/becken-herrenbecken-fischauer-thermalbad-1024x750-2-300x220.jpg\" class=\"ml-lightbox-enabled\"><img loading=\"lazy\" decoding=\"async\" class=\"wp-image-40821 size-medium\" src=\"https:\/\/www.radlobby.org\/noe\/wp-content\/uploads\/becken-herrenbecken-fischauer-thermalbad-1024x750-2-300x220.jpg\" alt=\"\" width=\"300\" height=\"220\" srcset=\"https:\/\/www.radlobby.org\/noe\/wp-content\/uploads\/becken-herrenbecken-fischauer-thermalbad-1024x750-2-300x220.jpg 300w, https:\/\/www.radlobby.org\/noe\/wp-content\/uploads\/becken-herrenbecken-fischauer-thermalbad-1024x750-2-768x563.jpg 768w, https:\/\/www.radlobby.org\/noe\/wp-content\/uploads\/becken-herrenbecken-fischauer-thermalbad-1024x750-2.jpg 1024w\" sizes=\"auto, (max-width: 300px) 100vw, 300px\" \/><\/a><figcaption id=\"caption-attachment-40821\" class=\"wp-caption-text\">Bildrechte des Fotos: Thermalbad Bad Fischau<\/figcaption><\/figure>\n<p data-start=\"139\" data-end=\"339\">Startet mit uns sportlich und gut gelaunt ins neue Jahr!<br data-start=\"195\" data-end=\"198\" \/>Am <strong data-start=\"201\" data-end=\"219\">1. J\u00e4nner 2026<\/strong> machen wir eine gemeinsame <strong data-start=\"247\" data-end=\"283\">Neujahrsradtour nach Bad Fischau<\/strong>, wo das traditionelle Neujahrsschwimmen auf uns wartet.<\/p>\n<p data-start=\"341\" data-end=\"472\"><strong data-start=\"341\" data-end=\"356\">Treffpunkt:<\/strong> Badplatz Bad V\u00f6slau<br data-start=\"384\" data-end=\"387\" \/><strong data-start=\"387\" data-end=\"407\">Uhrzeit:<\/strong> 9:30 Abfahrt<br \/>\n<strong>Route: <\/strong><a href=\"https:\/\/www.komoot.com\/tour\/2001153139?ref=aso&amp;share_token=aiF58IyQbOHbWMZSEFFEKc7XW5OVjEKnjv1S647aMV049fieBq\">Link<\/a><br data-start=\"435\" data-end=\"438\" \/><strong data-start=\"438\" data-end=\"447\">Ziel:<\/strong> <em data-start=\"448\" data-end=\"472\">Thermalbad Bad Fischau<\/em><\/p>\n<p data-start=\"474\" data-end=\"675\">Im Thermalbad Bad Fischau erwartet uns ein au\u00dfergew\u00f6hnliches Neujahrserlebnis:<br data-start=\"552\" data-end=\"555\" \/>&#x2744;&#xfe0f; Eisbaden<br data-start=\"566\" data-end=\"569\" \/>&#x1f525; Sauna<br data-start=\"577\" data-end=\"580\" \/>&#x1f37d;&#xfe0f; Essen &amp; Getr\u00e4nke<br data-start=\"600\" data-end=\"603\" \/>&#x1f60a; Gute Stimmung<br data-start=\"619\" data-end=\"622\" \/>&#x1f3a5; Leinwand mit Live-\u00dcbertragung des Neujahrskonzerts<\/p>\n<p data-start=\"677\" data-end=\"782\">Ein Event der besonderen Sorte \u2013 f\u00fcr alle, die das neue Jahr aktiv und gemeinschaftlich begr\u00fc\u00dfen m\u00f6chten.<\/p>\n<p data-start=\"784\" data-end=\"825\" data-is-last-node=\"\" data-is-only-node=\"\"><strong data-start=\"784\" data-end=\"817\">Warm anziehen und los geht\u2019s!<\/strong> &#x1f6b4;&#x200d;&#x2642;&#xfe0f;&#x2744;&#xfe0f;<\/p>\n","protected":false},"excerpt":{"rendered":"<p>Neujahrsradeln zum Neujahrsschwimmen \u2013 1. J\u00e4nner 2026 Startet mit uns sportlich und gut gelaunt ins neue Jahr!Am 1. J\u00e4nner 2026 machen wir eine gemeinsame Neujahrsradtour nach Bad Fischau, wo das traditionelle Neujahrsschwimmen auf uns wartet. Treffpunkt: Badplatz Bad V\u00f6slauUhrzeit: 9:30<\/p>\n","protected":false},"author":65,"featured_media":40821,"comment_status":"closed","ping_status":"closed","sticky":false,"template":"","format":"standard","meta":{"footnotes":""},"categories":[547,195],"tags":[],"class_list":["post-40733","post","type-post","status-publish","format-standard","has-post-thumbnail","hentry","category-badvoeslau","category-baden"],"yoast_head":"<!-- This site is optimized with the Yoast SEO plugin v26.9 - https:\/\/yoast.com\/product\/yoast-seo-wordpress\/ -->\n<title>Bad V\u00f6slau | Neujahrsradeln zum Neujahrsschwimmen am 1.1.2026 - Radlobby Nieder\u00f6sterreich<\/title>\n<meta name=\"robots\" content=\"index, follow, max-snippet:-1, max-image-preview:large, max-video-preview:-1\" \/>\n<link rel=\"canonical\" href=\"https:\/\/www.radlobby.org\/noe\/bad-voeslau-neujahrsradeln-zum-neujahrsschwimmen-am-1-1-2026\/\" \/>\n<meta property=\"og:locale\" content=\"de_DE\" \/>\n<meta property=\"og:type\" content=\"article\" \/>\n<meta property=\"og:title\" content=\"Bad V\u00f6slau | Neujahrsradeln zum Neujahrsschwimmen am 1.1.2026 - Radlobby Nieder\u00f6sterreich\" \/>\n<meta property=\"og:description\" content=\"Neujahrsradeln zum Neujahrsschwimmen \u2013 1. J\u00e4nner 2026 Startet mit uns sportlich und gut gelaunt ins neue Jahr!Am 1. J\u00e4nner 2026 machen wir eine gemeinsame Neujahrsradtour nach Bad Fischau, wo das traditionelle Neujahrsschwimmen auf uns wartet. Treffpunkt: Badplatz Bad V\u00f6slauUhrzeit: 9:30\" \/>\n<meta property=\"og:url\" content=\"https:\/\/www.radlobby.org\/noe\/bad-voeslau-neujahrsradeln-zum-neujahrsschwimmen-am-1-1-2026\/\" \/>\n<meta property=\"og:site_name\" content=\"Radlobby Nieder\u00f6sterreich\" \/>\n<meta property=\"article:publisher\" content=\"https:\/\/www.facebook.com\/groups\/radfahren.in.noe\/\" \/>\n<meta property=\"article:published_time\" content=\"2025-12-02T18:28:03+00:00\" \/>\n<meta property=\"article:modified_time\" content=\"2025-12-14T13:25:07+00:00\" \/>\n<meta property=\"og:image\" content=\"https:\/\/www.radlobby.org\/noe\/wp-content\/uploads\/becken-herrenbecken-fischauer-thermalbad-1024x750-2.jpg\" \/>\n\t<meta property=\"og:image:width\" content=\"1024\" \/>\n\t<meta property=\"og:image:height\" content=\"750\" \/>\n\t<meta property=\"og:image:type\" content=\"image\/jpeg\" \/>\n<meta name=\"author\" content=\"Laura Kafka\" \/>\n<meta name=\"twitter:card\" content=\"summary_large_image\" \/>\n<meta name=\"twitter:label1\" content=\"Verfasst von\" \/>\n\t<meta name=\"twitter:data1\" content=\"Laura Kafka\" \/>\n\t<meta name=\"twitter:label2\" content=\"Gesch\u00e4tzte Lesezeit\" \/>\n\t<meta name=\"twitter:data2\" content=\"1\u00a0Minute\" \/>\n<script type=\"application\/ld+json\" class=\"yoast-schema-graph\">{\"@context\":\"https:\/\/schema.org\",\"@graph\":[{\"@type\":\"Article\",\"@id\":\"https:\/\/www.radlobby.org\/noe\/bad-voeslau-neujahrsradeln-zum-neujahrsschwimmen-am-1-1-2026\/#article\",\"isPartOf\":{\"@id\":\"https:\/\/www.radlobby.org\/noe\/bad-voeslau-neujahrsradeln-zum-neujahrsschwimmen-am-1-1-2026\/\"},\"author\":{\"name\":\"Laura Kafka\",\"@id\":\"https:\/\/www.radlobby.org\/noe\/#\/schema\/person\/3d46d5baaa32e9fab65201812c570448\"},\"headline\":\"Bad V\u00f6slau | Neujahrsradeln zum Neujahrsschwimmen am 1.1.2026\",\"datePublished\":\"2025-12-02T18:28:03+00:00\",\"dateModified\":\"2025-12-14T13:25:07+00:00\",\"mainEntityOfPage\":{\"@id\":\"https:\/\/www.radlobby.org\/noe\/bad-voeslau-neujahrsradeln-zum-neujahrsschwimmen-am-1-1-2026\/\"},\"wordCount\":143,\"publisher\":{\"@id\":\"https:\/\/www.radlobby.org\/noe\/#organization\"},\"image\":{\"@id\":\"https:\/\/www.radlobby.org\/noe\/bad-voeslau-neujahrsradeln-zum-neujahrsschwimmen-am-1-1-2026\/#primaryimage\"},\"thumbnailUrl\":\"https:\/\/www.radlobby.org\/noe\/wp-content\/uploads\/becken-herrenbecken-fischauer-thermalbad-1024x750-2.jpg\",\"articleSection\":[\"Radlobby Bad V\u00f6slau\",\"Radlobby Baden\"],\"inLanguage\":\"de\"},{\"@type\":\"WebPage\",\"@id\":\"https:\/\/www.radlobby.org\/noe\/bad-voeslau-neujahrsradeln-zum-neujahrsschwimmen-am-1-1-2026\/\",\"url\":\"https:\/\/www.radlobby.org\/noe\/bad-voeslau-neujahrsradeln-zum-neujahrsschwimmen-am-1-1-2026\/\",\"name\":\"Bad V\u00f6slau | Neujahrsradeln zum Neujahrsschwimmen am 1.1.2026 - Radlobby Nieder\u00f6sterreich\",\"isPartOf\":{\"@id\":\"https:\/\/www.radlobby.org\/noe\/#website\"},\"primaryImageOfPage\":{\"@id\":\"https:\/\/www.radlobby.org\/noe\/bad-voeslau-neujahrsradeln-zum-neujahrsschwimmen-am-1-1-2026\/#primaryimage\"},\"image\":{\"@id\":\"https:\/\/www.radlobby.org\/noe\/bad-voeslau-neujahrsradeln-zum-neujahrsschwimmen-am-1-1-2026\/#primaryimage\"},\"thumbnailUrl\":\"https:\/\/www.radlobby.org\/noe\/wp-content\/uploads\/becken-herrenbecken-fischauer-thermalbad-1024x750-2.jpg\",\"datePublished\":\"2025-12-02T18:28:03+00:00\",\"dateModified\":\"2025-12-14T13:25:07+00:00\",\"breadcrumb\":{\"@id\":\"https:\/\/www.radlobby.org\/noe\/bad-voeslau-neujahrsradeln-zum-neujahrsschwimmen-am-1-1-2026\/#breadcrumb\"},\"inLanguage\":\"de\",\"potentialAction\":[{\"@type\":\"ReadAction\",\"target\":[\"https:\/\/www.radlobby.org\/noe\/bad-voeslau-neujahrsradeln-zum-neujahrsschwimmen-am-1-1-2026\/\"]}]},{\"@type\":\"ImageObject\",\"inLanguage\":\"de\",\"@id\":\"https:\/\/www.radlobby.org\/noe\/bad-voeslau-neujahrsradeln-zum-neujahrsschwimmen-am-1-1-2026\/#primaryimage\",\"url\":\"https:\/\/www.radlobby.org\/noe\/wp-content\/uploads\/becken-herrenbecken-fischauer-thermalbad-1024x750-2.jpg\",\"contentUrl\":\"https:\/\/www.radlobby.org\/noe\/wp-content\/uploads\/becken-herrenbecken-fischauer-thermalbad-1024x750-2.jpg\",\"width\":1024,\"height\":750,\"caption\":\"CREATOR: gd-jpeg v1.0 (using IJG JPEG v62), quality = 82\"},{\"@type\":\"BreadcrumbList\",\"@id\":\"https:\/\/www.radlobby.org\/noe\/bad-voeslau-neujahrsradeln-zum-neujahrsschwimmen-am-1-1-2026\/#breadcrumb\",\"itemListElement\":[{\"@type\":\"ListItem\",\"position\":1,\"name\":\"Startseite\",\"item\":\"https:\/\/www.radlobby.org\/noe\/\"},{\"@type\":\"ListItem\",\"position\":2,\"name\":\"Bad V\u00f6slau | Neujahrsradeln zum Neujahrsschwimmen am 1.1.2026\"}]},{\"@type\":\"WebSite\",\"@id\":\"https:\/\/www.radlobby.org\/noe\/#website\",\"url\":\"https:\/\/www.radlobby.org\/noe\/\",\"name\":\"Radlobby Nieder\u00f6sterreich\",\"description\":\"Radverkehr, Fahrrad, Radfahren, Radreisen, Radtouren, Radweg\",\"publisher\":{\"@id\":\"https:\/\/www.radlobby.org\/noe\/#organization\"},\"potentialAction\":[{\"@type\":\"SearchAction\",\"target\":{\"@type\":\"EntryPoint\",\"urlTemplate\":\"https:\/\/www.radlobby.org\/noe\/?s={search_term_string}\"},\"query-input\":{\"@type\":\"PropertyValueSpecification\",\"valueRequired\":true,\"valueName\":\"search_term_string\"}}],\"inLanguage\":\"de\"},{\"@type\":\"Organization\",\"@id\":\"https:\/\/www.radlobby.org\/noe\/#organization\",\"name\":\"Radlobby Nieder\u00f6sterreich\",\"url\":\"https:\/\/www.radlobby.org\/noe\/\",\"logo\":{\"@type\":\"ImageObject\",\"inLanguage\":\"de\",\"@id\":\"https:\/\/www.radlobby.org\/noe\/#\/schema\/logo\/image\/\",\"url\":\"https:\/\/www.radlobby.org\/noe\/wp-content\/uploads\/2017\/01\/cropped-Logo_Radlobby_Niederoesterreich_50-400px_quer-1.jpg\",\"contentUrl\":\"https:\/\/www.radlobby.org\/noe\/wp-content\/uploads\/2017\/01\/cropped-Logo_Radlobby_Niederoesterreich_50-400px_quer-1.jpg\",\"width\":450,\"height\":124,\"caption\":\"Radlobby Nieder\u00f6sterreich\"},\"image\":{\"@id\":\"https:\/\/www.radlobby.org\/noe\/#\/schema\/logo\/image\/\"},\"sameAs\":[\"https:\/\/www.facebook.com\/groups\/radfahren.in.noe\/\"]},{\"@type\":\"Person\",\"@id\":\"https:\/\/www.radlobby.org\/noe\/#\/schema\/person\/3d46d5baaa32e9fab65201812c570448\",\"name\":\"Laura Kafka\",\"image\":{\"@type\":\"ImageObject\",\"inLanguage\":\"de\",\"@id\":\"https:\/\/www.radlobby.org\/noe\/#\/schema\/person\/image\/\",\"url\":\"https:\/\/secure.gravatar.com\/avatar\/141ec437f27b3084bc6c91857d881288555812a76d2e9c6af9f4ba5f626465e7?s=96&d=mm&r=g\",\"contentUrl\":\"https:\/\/secure.gravatar.com\/avatar\/141ec437f27b3084bc6c91857d881288555812a76d2e9c6af9f4ba5f626465e7?s=96&d=mm&r=g\",\"caption\":\"Laura Kafka\"},\"url\":\"https:\/\/www.radlobby.org\/noe\/author\/laura-kafka\/\"}]}<\/script>\n<!-- \/ Yoast SEO plugin. -->","yoast_head_json":{"title":"Bad V\u00f6slau | Neujahrsradeln zum Neujahrsschwimmen am 1.1.2026 - Radlobby Nieder\u00f6sterreich","robots":{"index":"index","follow":"follow","max-snippet":"max-snippet:-1","max-image-preview":"max-image-preview:large","max-video-preview":"max-video-preview:-1"},"canonical":"https:\/\/www.radlobby.org\/noe\/bad-voeslau-neujahrsradeln-zum-neujahrsschwimmen-am-1-1-2026\/","og_locale":"de_DE","og_type":"article","og_title":"Bad V\u00f6slau | Neujahrsradeln zum Neujahrsschwimmen am 1.1.2026 - Radlobby Nieder\u00f6sterreich","og_description":"Neujahrsradeln zum Neujahrsschwimmen \u2013 1. J\u00e4nner 2026 Startet mit uns sportlich und gut gelaunt ins neue Jahr!Am 1. J\u00e4nner 2026 machen wir eine gemeinsame Neujahrsradtour nach Bad Fischau, wo das traditionelle Neujahrsschwimmen auf uns wartet. Treffpunkt: Badplatz Bad V\u00f6slauUhrzeit: 9:30","og_url":"https:\/\/www.radlobby.org\/noe\/bad-voeslau-neujahrsradeln-zum-neujahrsschwimmen-am-1-1-2026\/","og_site_name":"Radlobby Nieder\u00f6sterreich","article_publisher":"https:\/\/www.facebook.com\/groups\/radfahren.in.noe\/","article_published_time":"2025-12-02T18:28:03+00:00","article_modified_time":"2025-12-14T13:25:07+00:00","og_image":[{"width":1024,"height":750,"url":"https:\/\/www.radlobby.org\/noe\/wp-content\/uploads\/becken-herrenbecken-fischauer-thermalbad-1024x750-2.jpg","type":"image\/jpeg"}],"author":"Laura Kafka","twitter_card":"summary_large_image","twitter_misc":{"Verfasst von":"Laura Kafka","Gesch\u00e4tzte Lesezeit":"1\u00a0Minute"},"schema":{"@context":"https:\/\/schema.org","@graph":[{"@type":"Article","@id":"https:\/\/www.radlobby.org\/noe\/bad-voeslau-neujahrsradeln-zum-neujahrsschwimmen-am-1-1-2026\/#article","isPartOf":{"@id":"https:\/\/www.radlobby.org\/noe\/bad-voeslau-neujahrsradeln-zum-neujahrsschwimmen-am-1-1-2026\/"},"author":{"name":"Laura Kafka","@id":"https:\/\/www.radlobby.org\/noe\/#\/schema\/person\/3d46d5baaa32e9fab65201812c570448"},"headline":"Bad V\u00f6slau | Neujahrsradeln zum Neujahrsschwimmen am 1.1.2026","datePublished":"2025-12-02T18:28:03+00:00","dateModified":"2025-12-14T13:25:07+00:00","mainEntityOfPage":{"@id":"https:\/\/www.radlobby.org\/noe\/bad-voeslau-neujahrsradeln-zum-neujahrsschwimmen-am-1-1-2026\/"},"wordCount":143,"publisher":{"@id":"https:\/\/www.radlobby.org\/noe\/#organization"},"image":{"@id":"https:\/\/www.radlobby.org\/noe\/bad-voeslau-neujahrsradeln-zum-neujahrsschwimmen-am-1-1-2026\/#primaryimage"},"thumbnailUrl":"https:\/\/www.radlobby.org\/noe\/wp-content\/uploads\/becken-herrenbecken-fischauer-thermalbad-1024x750-2.jpg","articleSection":["Radlobby Bad V\u00f6slau","Radlobby Baden"],"inLanguage":"de"},{"@type":"WebPage","@id":"https:\/\/www.radlobby.org\/noe\/bad-voeslau-neujahrsradeln-zum-neujahrsschwimmen-am-1-1-2026\/","url":"https:\/\/www.radlobby.org\/noe\/bad-voeslau-neujahrsradeln-zum-neujahrsschwimmen-am-1-1-2026\/","name":"Bad V\u00f6slau | Neujahrsradeln zum Neujahrsschwimmen am 1.1.2026 - Radlobby Nieder\u00f6sterreich","isPartOf":{"@id":"https:\/\/www.radlobby.org\/noe\/#website"},"primaryImageOfPage":{"@id":"https:\/\/www.radlobby.org\/noe\/bad-voeslau-neujahrsradeln-zum-neujahrsschwimmen-am-1-1-2026\/#primaryimage"},"image":{"@id":"https:\/\/www.radlobby.org\/noe\/bad-voeslau-neujahrsradeln-zum-neujahrsschwimmen-am-1-1-2026\/#primaryimage"},"thumbnailUrl":"https:\/\/www.radlobby.org\/noe\/wp-content\/uploads\/becken-herrenbecken-fischauer-thermalbad-1024x750-2.jpg","datePublished":"2025-12-02T18:28:03+00:00","dateModified":"2025-12-14T13:25:07+00:00","breadcrumb":{"@id":"https:\/\/www.radlobby.org\/noe\/bad-voeslau-neujahrsradeln-zum-neujahrsschwimmen-am-1-1-2026\/#breadcrumb"},"inLanguage":"de","potentialAction":[{"@type":"ReadAction","target":["https:\/\/www.radlobby.org\/noe\/bad-voeslau-neujahrsradeln-zum-neujahrsschwimmen-am-1-1-2026\/"]}]},{"@type":"ImageObject","inLanguage":"de","@id":"https:\/\/www.radlobby.org\/noe\/bad-voeslau-neujahrsradeln-zum-neujahrsschwimmen-am-1-1-2026\/#primaryimage","url":"https:\/\/www.radlobby.org\/noe\/wp-content\/uploads\/becken-herrenbecken-fischauer-thermalbad-1024x750-2.jpg","contentUrl":"https:\/\/www.radlobby.org\/noe\/wp-content\/uploads\/becken-herrenbecken-fischauer-thermalbad-1024x750-2.jpg","width":1024,"height":750,"caption":"CREATOR: gd-jpeg v1.0 (using IJG JPEG v62), quality = 82"},{"@type":"BreadcrumbList","@id":"https:\/\/www.radlobby.org\/noe\/bad-voeslau-neujahrsradeln-zum-neujahrsschwimmen-am-1-1-2026\/#breadcrumb","itemListElement":[{"@type":"ListItem","position":1,"name":"Startseite","item":"https:\/\/www.radlobby.org\/noe\/"},{"@type":"ListItem","position":2,"name":"Bad V\u00f6slau | Neujahrsradeln zum Neujahrsschwimmen am 1.1.2026"}]},{"@type":"WebSite","@id":"https:\/\/www.radlobby.org\/noe\/#website","url":"https:\/\/www.radlobby.org\/noe\/","name":"Radlobby Nieder\u00f6sterreich","description":"Radverkehr, Fahrrad, Radfahren, Radreisen, Radtouren, Radweg","publisher":{"@id":"https:\/\/www.radlobby.org\/noe\/#organization"},"potentialAction":[{"@type":"SearchAction","target":{"@type":"EntryPoint","urlTemplate":"https:\/\/www.radlobby.org\/noe\/?s={search_term_string}"},"query-input":{"@type":"PropertyValueSpecification","valueRequired":true,"valueName":"search_term_string"}}],"inLanguage":"de"},{"@type":"Organization","@id":"https:\/\/www.radlobby.org\/noe\/#organization","name":"Radlobby Nieder\u00f6sterreich","url":"https:\/\/www.radlobby.org\/noe\/","logo":{"@type":"ImageObject","inLanguage":"de","@id":"https:\/\/www.radlobby.org\/noe\/#\/schema\/logo\/image\/","url":"https:\/\/www.radlobby.org\/noe\/wp-content\/uploads\/2017\/01\/cropped-Logo_Radlobby_Niederoesterreich_50-400px_quer-1.jpg","contentUrl":"https:\/\/www.radlobby.org\/noe\/wp-content\/uploads\/2017\/01\/cropped-Logo_Radlobby_Niederoesterreich_50-400px_quer-1.jpg","width":450,"height":124,"caption":"Radlobby Nieder\u00f6sterreich"},"image":{"@id":"https:\/\/www.radlobby.org\/noe\/#\/schema\/logo\/image\/"},"sameAs":["https:\/\/www.facebook.com\/groups\/radfahren.in.noe\/"]},{"@type":"Person","@id":"https:\/\/www.radlobby.org\/noe\/#\/schema\/person\/3d46d5baaa32e9fab65201812c570448","name":"Laura Kafka","image":{"@type":"ImageObject","inLanguage":"de","@id":"https:\/\/www.radlobby.org\/noe\/#\/schema\/person\/image\/","url":"https:\/\/secure.gravatar.com\/avatar\/141ec437f27b3084bc6c91857d881288555812a76d2e9c6af9f4ba5f626465e7?s=96&d=mm&r=g","contentUrl":"https:\/\/secure.gravatar.com\/avatar\/141ec437f27b3084bc6c91857d881288555812a76d2e9c6af9f4ba5f626465e7?s=96&d=mm&r=g","caption":"Laura Kafka"},"url":"https:\/\/www.radlobby.org\/noe\/author\/laura-kafka\/"}]}},"_links":{"self":[{"href":"https:\/\/www.radlobby.org\/noe\/wp-json\/wp\/v2\/posts\/40733","targetHints":{"allow":["GET"]}}],"collection":[{"href":"https:\/\/www.radlobby.org\/noe\/wp-json\/wp\/v2\/posts"}],"about":[{"href":"https:\/\/www.radlobby.org\/noe\/wp-json\/wp\/v2\/types\/post"}],"author":[{"embeddable":true,"href":"https:\/\/www.radlobby.org\/noe\/wp-json\/wp\/v2\/users\/65"}],"replies":[{"embeddable":true,"href":"https:\/\/www.radlobby.org\/noe\/wp-json\/wp\/v2\/comments?post=40733"}],"version-history":[{"count":7,"href":"https:\/\/www.radlobby.org\/noe\/wp-json\/wp\/v2\/posts\/40733\/revisions"}],"predecessor-version":[{"id":40833,"href":"https:\/\/www.radlobby.org\/noe\/wp-json\/wp\/v2\/posts\/40733\/revisions\/40833"}],"wp:featuredmedia":[{"embeddable":true,"href":"https:\/\/www.radlobby.org\/noe\/wp-json\/wp\/v2\/media\/40821"}],"wp:attachment":[{"href":"https:\/\/www.radlobby.org\/noe\/wp-json\/wp\/v2\/media?parent=40733"}],"wp:term":[{"taxonomy":"category","embeddable":true,"href":"https:\/\/www.radlobby.org\/noe\/wp-json\/wp\/v2\/categories?post=40733"},{"taxonomy":"post_tag","embeddable":true,"href":"https:\/\/www.radlobby.org\/noe\/wp-json\/wp\/v2\/tags?post=40733"}],"curies":[{"name":"wp","href":"https:\/\/api.w.org\/{rel}","templated":true}]}}