{"id":40661,"date":"2025-11-23T20:51:13","date_gmt":"2025-11-23T19:51:13","guid":{"rendered":"https:\/\/www.radlobby.org\/noe\/?p=40661"},"modified":"2026-04-01T12:24:01","modified_gmt":"2026-04-01T10:24:01","slug":"bad-voeslau-charity-punschhuette-mit-verein-roshany-8-12-2025","status":"publish","type":"post","link":"https:\/\/www.radlobby.org\/noe\/bad-voeslau-charity-punschhuette-mit-verein-roshany-8-12-2025\/","title":{"rendered":"Bad V\u00f6slau | Charity Punschh\u00fctte mit Verein Roshany 8.12.2025"},"content":{"rendered":"<p data-start=\"107\" data-end=\"337\"><strong data-start=\"62\" data-end=\"105\">Charity-Punschh\u00fctte am 8. Dezember 2025 &#8211; <\/strong><strong data-start=\"94\" data-end=\"114\">Sch\u00f6n war\u2019s! &#x1f384;&#x2728;<\/strong><\/p>\n<p data-start=\"116\" data-end=\"324\">Gemeinsam mit Nicole Gebhard vom Verein <em data-start=\"156\" data-end=\"165\">Roshany<\/em> durften wir Kekse, Punsch und liebevoll zusammengestellte, kleine Weihnachtsgeschenke verkaufen. Dabei sind viele sch\u00f6ne Begegnungen und Gespr\u00e4che entstanden.<\/p>\n<p data-start=\"326\" data-end=\"546\">Zusammen macht es einfach mehr Freude \u2013 und dank der gro\u00dfen Unterst\u00fctzung konnten wir f\u00fcr unsere Charity-Punschh\u00fctte zahlreiche Spenden sammeln.<br data-start=\"470\" data-end=\"473\" \/>Ein herzliches Dankesch\u00f6n an alle, die dabei waren und geholfen haben! &#x1f49b;<\/p>\n<figure id=\"attachment_40823\" aria-describedby=\"caption-attachment-40823\" style=\"width: 300px\" class=\"wp-caption alignright\"><a href=\"https:\/\/www.radlobby.org\/noe\/wp-content\/uploads\/signal-2025-12-08-184318_002.jpeg\" data-src=\"https:\/\/www.radlobby.org\/noe\/wp-content\/uploads\/signal-2025-12-08-184318_002.jpeg\" data-thumb=\"https:\/\/www.radlobby.org\/noe\/wp-content\/uploads\/signal-2025-12-08-184318_002-300x225.jpeg\" class=\"ml-lightbox-enabled\"><img loading=\"lazy\" decoding=\"async\" class=\"wp-image-40823 size-medium\" src=\"https:\/\/www.radlobby.org\/noe\/wp-content\/uploads\/signal-2025-12-08-184318_002-300x225.jpeg\" alt=\"\" width=\"300\" height=\"225\" srcset=\"https:\/\/www.radlobby.org\/noe\/wp-content\/uploads\/signal-2025-12-08-184318_002-300x225.jpeg 300w, https:\/\/www.radlobby.org\/noe\/wp-content\/uploads\/signal-2025-12-08-184318_002-768x576.jpeg 768w, https:\/\/www.radlobby.org\/noe\/wp-content\/uploads\/signal-2025-12-08-184318_002-1536x1152.jpeg 1536w, https:\/\/www.radlobby.org\/noe\/wp-content\/uploads\/signal-2025-12-08-184318_002.jpeg 2048w\" sizes=\"auto, (max-width: 300px) 100vw, 300px\" \/><\/a><figcaption id=\"caption-attachment-40823\" class=\"wp-caption-text\">Bildrechte: Radlobby<\/figcaption><\/figure>\n<p>&nbsp;<\/p>\n<hr \/>\n<p data-start=\"107\" data-end=\"337\">Urspr\u00fcnglicher Beitrag:<\/p>\n<figure id=\"attachment_40729\" aria-describedby=\"caption-attachment-40729\" style=\"width: 300px\" class=\"wp-caption alignright\"><a href=\"https:\/\/www.radlobby.org\/noe\/wp-content\/uploads\/signal-2025-11-25-205828.jpeg\" data-src=\"https:\/\/www.radlobby.org\/noe\/wp-content\/uploads\/signal-2025-11-25-205828.jpeg\" data-thumb=\"https:\/\/www.radlobby.org\/noe\/wp-content\/uploads\/signal-2025-11-25-205828-300x300.jpeg\" class=\"ml-lightbox-enabled\"><img loading=\"lazy\" decoding=\"async\" class=\"wp-image-40729 size-medium\" src=\"https:\/\/www.radlobby.org\/noe\/wp-content\/uploads\/signal-2025-11-25-205828-300x300.jpeg\" alt=\"\" width=\"300\" height=\"300\" srcset=\"https:\/\/www.radlobby.org\/noe\/wp-content\/uploads\/signal-2025-11-25-205828-300x300.jpeg 300w, https:\/\/www.radlobby.org\/noe\/wp-content\/uploads\/signal-2025-11-25-205828-150x150.jpeg 150w, https:\/\/www.radlobby.org\/noe\/wp-content\/uploads\/signal-2025-11-25-205828-768x768.jpeg 768w, https:\/\/www.radlobby.org\/noe\/wp-content\/uploads\/signal-2025-11-25-205828-270x270.jpeg 270w, https:\/\/www.radlobby.org\/noe\/wp-content\/uploads\/signal-2025-11-25-205828-230x230.jpeg 230w, https:\/\/www.radlobby.org\/noe\/wp-content\/uploads\/signal-2025-11-25-205828.jpeg 1080w\" sizes=\"auto, (max-width: 300px) 100vw, 300px\" \/><\/a><figcaption id=\"caption-attachment-40729\" class=\"wp-caption-text\">Bildrechte: Roshany<\/figcaption><\/figure>\n<p data-start=\"107\" data-end=\"337\"><strong data-start=\"62\" data-end=\"105\">Charity-Punschh\u00fctte am 8. Dezember 2025<\/strong><\/p>\n<p data-start=\"107\" data-end=\"337\">Am 8. Dezember 2025 sind wir gemeinsam mit dem Verein <em data-start=\"161\" data-end=\"170\">Roshany<\/em> von 14:00 bis 17:00 Uhr bei der Charity-Punschh\u00fctte vertreten. Mit hei\u00dfem Punsch, selbstgemachten Keksen und guter Stimmung sammeln wir Spenden f\u00fcr einen guten Zweck.<\/p>\n<p data-start=\"339\" data-end=\"545\">Wir freuen uns sehr \u00fcber euren Besuch an unserem Stand vor dem Rathaus am Schlossplatz 1 in Bad V\u00f6slau.<br data-start=\"442\" data-end=\"445\" \/>Kommt vorbei, genie\u00dft einen w\u00e4rmenden Punsch und unterst\u00fctzt gleichzeitig eine tolle Initiative!<\/p>\n","protected":false},"excerpt":{"rendered":"<p>Charity-Punschh\u00fctte am 8. Dezember 2025 &#8211; Sch\u00f6n war\u2019s! &#x1f384;&#x2728; Gemeinsam mit Nicole Gebhard vom Verein Roshany durften wir Kekse, Punsch und liebevoll zusammengestellte, kleine Weihnachtsgeschenke verkaufen. Dabei sind viele sch\u00f6ne Begegnungen und Gespr\u00e4che entstanden. Zusammen macht es einfach mehr Freude<\/p>\n","protected":false},"author":65,"featured_media":40729,"comment_status":"closed","ping_status":"closed","sticky":false,"template":"","format":"standard","meta":{"footnotes":""},"categories":[547],"tags":[],"class_list":["post-40661","post","type-post","status-publish","format-standard","has-post-thumbnail","hentry","category-badvoeslau"],"yoast_head":"<!-- This site is optimized with the Yoast SEO plugin v26.9 - https:\/\/yoast.com\/product\/yoast-seo-wordpress\/ -->\n<title>Bad V\u00f6slau | Charity Punschh\u00fctte mit Verein Roshany 8.12.2025 - Radlobby Nieder\u00f6sterreich<\/title>\n<meta name=\"robots\" content=\"index, follow, max-snippet:-1, max-image-preview:large, max-video-preview:-1\" \/>\n<link rel=\"canonical\" href=\"https:\/\/www.radlobby.org\/noe\/bad-voeslau-charity-punschhuette-mit-verein-roshany-8-12-2025\/\" \/>\n<meta property=\"og:locale\" content=\"de_DE\" \/>\n<meta property=\"og:type\" content=\"article\" \/>\n<meta property=\"og:title\" content=\"Bad V\u00f6slau | Charity Punschh\u00fctte mit Verein Roshany 8.12.2025 - Radlobby Nieder\u00f6sterreich\" \/>\n<meta property=\"og:description\" content=\"Charity-Punschh\u00fctte am 8. Dezember 2025 &#8211; Sch\u00f6n war\u2019s! &#x1f384;&#x2728; Gemeinsam mit Nicole Gebhard vom Verein Roshany durften wir Kekse, Punsch und liebevoll zusammengestellte, kleine Weihnachtsgeschenke verkaufen. Dabei sind viele sch\u00f6ne Begegnungen und Gespr\u00e4che entstanden. Zusammen macht es einfach mehr Freude\" \/>\n<meta property=\"og:url\" content=\"https:\/\/www.radlobby.org\/noe\/bad-voeslau-charity-punschhuette-mit-verein-roshany-8-12-2025\/\" \/>\n<meta property=\"og:site_name\" content=\"Radlobby Nieder\u00f6sterreich\" \/>\n<meta property=\"article:publisher\" content=\"https:\/\/www.facebook.com\/groups\/radfahren.in.noe\/\" \/>\n<meta property=\"article:published_time\" content=\"2025-11-23T19:51:13+00:00\" \/>\n<meta property=\"article:modified_time\" content=\"2026-04-01T10:24:01+00:00\" \/>\n<meta property=\"og:image\" content=\"https:\/\/www.radlobby.org\/noe\/wp-content\/uploads\/signal-2025-11-25-205828.jpeg\" \/>\n\t<meta property=\"og:image:width\" content=\"1080\" \/>\n\t<meta property=\"og:image:height\" content=\"1080\" \/>\n\t<meta property=\"og:image:type\" content=\"image\/jpeg\" \/>\n<meta name=\"author\" content=\"Laura Kafka\" \/>\n<meta name=\"twitter:card\" content=\"summary_large_image\" \/>\n<meta name=\"twitter:label1\" content=\"Verfasst von\" \/>\n\t<meta name=\"twitter:data1\" content=\"Laura Kafka\" \/>\n\t<meta name=\"twitter:label2\" content=\"Gesch\u00e4tzte Lesezeit\" \/>\n\t<meta name=\"twitter:data2\" content=\"2\u00a0Minuten\" \/>\n<script type=\"application\/ld+json\" class=\"yoast-schema-graph\">{\"@context\":\"https:\/\/schema.org\",\"@graph\":[{\"@type\":\"Article\",\"@id\":\"https:\/\/www.radlobby.org\/noe\/bad-voeslau-charity-punschhuette-mit-verein-roshany-8-12-2025\/#article\",\"isPartOf\":{\"@id\":\"https:\/\/www.radlobby.org\/noe\/bad-voeslau-charity-punschhuette-mit-verein-roshany-8-12-2025\/\"},\"author\":{\"name\":\"Laura Kafka\",\"@id\":\"https:\/\/www.radlobby.org\/noe\/#\/schema\/person\/3d46d5baaa32e9fab65201812c570448\"},\"headline\":\"Bad V\u00f6slau | Charity Punschh\u00fctte mit Verein Roshany 8.12.2025\",\"datePublished\":\"2025-11-23T19:51:13+00:00\",\"dateModified\":\"2026-04-01T10:24:01+00:00\",\"mainEntityOfPage\":{\"@id\":\"https:\/\/www.radlobby.org\/noe\/bad-voeslau-charity-punschhuette-mit-verein-roshany-8-12-2025\/\"},\"wordCount\":180,\"publisher\":{\"@id\":\"https:\/\/www.radlobby.org\/noe\/#organization\"},\"image\":{\"@id\":\"https:\/\/www.radlobby.org\/noe\/bad-voeslau-charity-punschhuette-mit-verein-roshany-8-12-2025\/#primaryimage\"},\"thumbnailUrl\":\"https:\/\/www.radlobby.org\/noe\/wp-content\/uploads\/signal-2025-11-25-205828.jpeg\",\"articleSection\":[\"Radlobby Bad V\u00f6slau\"],\"inLanguage\":\"de\"},{\"@type\":\"WebPage\",\"@id\":\"https:\/\/www.radlobby.org\/noe\/bad-voeslau-charity-punschhuette-mit-verein-roshany-8-12-2025\/\",\"url\":\"https:\/\/www.radlobby.org\/noe\/bad-voeslau-charity-punschhuette-mit-verein-roshany-8-12-2025\/\",\"name\":\"Bad V\u00f6slau | Charity Punschh\u00fctte mit Verein Roshany 8.12.2025 - Radlobby Nieder\u00f6sterreich\",\"isPartOf\":{\"@id\":\"https:\/\/www.radlobby.org\/noe\/#website\"},\"primaryImageOfPage\":{\"@id\":\"https:\/\/www.radlobby.org\/noe\/bad-voeslau-charity-punschhuette-mit-verein-roshany-8-12-2025\/#primaryimage\"},\"image\":{\"@id\":\"https:\/\/www.radlobby.org\/noe\/bad-voeslau-charity-punschhuette-mit-verein-roshany-8-12-2025\/#primaryimage\"},\"thumbnailUrl\":\"https:\/\/www.radlobby.org\/noe\/wp-content\/uploads\/signal-2025-11-25-205828.jpeg\",\"datePublished\":\"2025-11-23T19:51:13+00:00\",\"dateModified\":\"2026-04-01T10:24:01+00:00\",\"breadcrumb\":{\"@id\":\"https:\/\/www.radlobby.org\/noe\/bad-voeslau-charity-punschhuette-mit-verein-roshany-8-12-2025\/#breadcrumb\"},\"inLanguage\":\"de\",\"potentialAction\":[{\"@type\":\"ReadAction\",\"target\":[\"https:\/\/www.radlobby.org\/noe\/bad-voeslau-charity-punschhuette-mit-verein-roshany-8-12-2025\/\"]}]},{\"@type\":\"ImageObject\",\"inLanguage\":\"de\",\"@id\":\"https:\/\/www.radlobby.org\/noe\/bad-voeslau-charity-punschhuette-mit-verein-roshany-8-12-2025\/#primaryimage\",\"url\":\"https:\/\/www.radlobby.org\/noe\/wp-content\/uploads\/signal-2025-11-25-205828.jpeg\",\"contentUrl\":\"https:\/\/www.radlobby.org\/noe\/wp-content\/uploads\/signal-2025-11-25-205828.jpeg\",\"width\":1080,\"height\":1080},{\"@type\":\"BreadcrumbList\",\"@id\":\"https:\/\/www.radlobby.org\/noe\/bad-voeslau-charity-punschhuette-mit-verein-roshany-8-12-2025\/#breadcrumb\",\"itemListElement\":[{\"@type\":\"ListItem\",\"position\":1,\"name\":\"Startseite\",\"item\":\"https:\/\/www.radlobby.org\/noe\/\"},{\"@type\":\"ListItem\",\"position\":2,\"name\":\"Bad V\u00f6slau | Charity Punschh\u00fctte mit Verein Roshany 8.12.2025\"}]},{\"@type\":\"WebSite\",\"@id\":\"https:\/\/www.radlobby.org\/noe\/#website\",\"url\":\"https:\/\/www.radlobby.org\/noe\/\",\"name\":\"Radlobby Nieder\u00f6sterreich\",\"description\":\"Radverkehr, Fahrrad, Radfahren, Radreisen, Radtouren, Radweg\",\"publisher\":{\"@id\":\"https:\/\/www.radlobby.org\/noe\/#organization\"},\"potentialAction\":[{\"@type\":\"SearchAction\",\"target\":{\"@type\":\"EntryPoint\",\"urlTemplate\":\"https:\/\/www.radlobby.org\/noe\/?s={search_term_string}\"},\"query-input\":{\"@type\":\"PropertyValueSpecification\",\"valueRequired\":true,\"valueName\":\"search_term_string\"}}],\"inLanguage\":\"de\"},{\"@type\":\"Organization\",\"@id\":\"https:\/\/www.radlobby.org\/noe\/#organization\",\"name\":\"Radlobby Nieder\u00f6sterreich\",\"url\":\"https:\/\/www.radlobby.org\/noe\/\",\"logo\":{\"@type\":\"ImageObject\",\"inLanguage\":\"de\",\"@id\":\"https:\/\/www.radlobby.org\/noe\/#\/schema\/logo\/image\/\",\"url\":\"https:\/\/www.radlobby.org\/noe\/wp-content\/uploads\/2017\/01\/cropped-Logo_Radlobby_Niederoesterreich_50-400px_quer-1.jpg\",\"contentUrl\":\"https:\/\/www.radlobby.org\/noe\/wp-content\/uploads\/2017\/01\/cropped-Logo_Radlobby_Niederoesterreich_50-400px_quer-1.jpg\",\"width\":450,\"height\":124,\"caption\":\"Radlobby Nieder\u00f6sterreich\"},\"image\":{\"@id\":\"https:\/\/www.radlobby.org\/noe\/#\/schema\/logo\/image\/\"},\"sameAs\":[\"https:\/\/www.facebook.com\/groups\/radfahren.in.noe\/\"]},{\"@type\":\"Person\",\"@id\":\"https:\/\/www.radlobby.org\/noe\/#\/schema\/person\/3d46d5baaa32e9fab65201812c570448\",\"name\":\"Laura Kafka\",\"image\":{\"@type\":\"ImageObject\",\"inLanguage\":\"de\",\"@id\":\"https:\/\/www.radlobby.org\/noe\/#\/schema\/person\/image\/\",\"url\":\"https:\/\/secure.gravatar.com\/avatar\/141ec437f27b3084bc6c91857d881288555812a76d2e9c6af9f4ba5f626465e7?s=96&d=mm&r=g\",\"contentUrl\":\"https:\/\/secure.gravatar.com\/avatar\/141ec437f27b3084bc6c91857d881288555812a76d2e9c6af9f4ba5f626465e7?s=96&d=mm&r=g\",\"caption\":\"Laura Kafka\"},\"url\":\"https:\/\/www.radlobby.org\/noe\/author\/laura-kafka\/\"}]}<\/script>\n<!-- \/ Yoast SEO plugin. -->","yoast_head_json":{"title":"Bad V\u00f6slau | Charity Punschh\u00fctte mit Verein Roshany 8.12.2025 - Radlobby Nieder\u00f6sterreich","robots":{"index":"index","follow":"follow","max-snippet":"max-snippet:-1","max-image-preview":"max-image-preview:large","max-video-preview":"max-video-preview:-1"},"canonical":"https:\/\/www.radlobby.org\/noe\/bad-voeslau-charity-punschhuette-mit-verein-roshany-8-12-2025\/","og_locale":"de_DE","og_type":"article","og_title":"Bad V\u00f6slau | Charity Punschh\u00fctte mit Verein Roshany 8.12.2025 - Radlobby Nieder\u00f6sterreich","og_description":"Charity-Punschh\u00fctte am 8. Dezember 2025 &#8211; Sch\u00f6n war\u2019s! &#x1f384;&#x2728; Gemeinsam mit Nicole Gebhard vom Verein Roshany durften wir Kekse, Punsch und liebevoll zusammengestellte, kleine Weihnachtsgeschenke verkaufen. Dabei sind viele sch\u00f6ne Begegnungen und Gespr\u00e4che entstanden. Zusammen macht es einfach mehr Freude","og_url":"https:\/\/www.radlobby.org\/noe\/bad-voeslau-charity-punschhuette-mit-verein-roshany-8-12-2025\/","og_site_name":"Radlobby Nieder\u00f6sterreich","article_publisher":"https:\/\/www.facebook.com\/groups\/radfahren.in.noe\/","article_published_time":"2025-11-23T19:51:13+00:00","article_modified_time":"2026-04-01T10:24:01+00:00","og_image":[{"width":1080,"height":1080,"url":"https:\/\/www.radlobby.org\/noe\/wp-content\/uploads\/signal-2025-11-25-205828.jpeg","type":"image\/jpeg"}],"author":"Laura Kafka","twitter_card":"summary_large_image","twitter_misc":{"Verfasst von":"Laura Kafka","Gesch\u00e4tzte Lesezeit":"2\u00a0Minuten"},"schema":{"@context":"https:\/\/schema.org","@graph":[{"@type":"Article","@id":"https:\/\/www.radlobby.org\/noe\/bad-voeslau-charity-punschhuette-mit-verein-roshany-8-12-2025\/#article","isPartOf":{"@id":"https:\/\/www.radlobby.org\/noe\/bad-voeslau-charity-punschhuette-mit-verein-roshany-8-12-2025\/"},"author":{"name":"Laura Kafka","@id":"https:\/\/www.radlobby.org\/noe\/#\/schema\/person\/3d46d5baaa32e9fab65201812c570448"},"headline":"Bad V\u00f6slau | Charity Punschh\u00fctte mit Verein Roshany 8.12.2025","datePublished":"2025-11-23T19:51:13+00:00","dateModified":"2026-04-01T10:24:01+00:00","mainEntityOfPage":{"@id":"https:\/\/www.radlobby.org\/noe\/bad-voeslau-charity-punschhuette-mit-verein-roshany-8-12-2025\/"},"wordCount":180,"publisher":{"@id":"https:\/\/www.radlobby.org\/noe\/#organization"},"image":{"@id":"https:\/\/www.radlobby.org\/noe\/bad-voeslau-charity-punschhuette-mit-verein-roshany-8-12-2025\/#primaryimage"},"thumbnailUrl":"https:\/\/www.radlobby.org\/noe\/wp-content\/uploads\/signal-2025-11-25-205828.jpeg","articleSection":["Radlobby Bad V\u00f6slau"],"inLanguage":"de"},{"@type":"WebPage","@id":"https:\/\/www.radlobby.org\/noe\/bad-voeslau-charity-punschhuette-mit-verein-roshany-8-12-2025\/","url":"https:\/\/www.radlobby.org\/noe\/bad-voeslau-charity-punschhuette-mit-verein-roshany-8-12-2025\/","name":"Bad V\u00f6slau | Charity Punschh\u00fctte mit Verein Roshany 8.12.2025 - Radlobby Nieder\u00f6sterreich","isPartOf":{"@id":"https:\/\/www.radlobby.org\/noe\/#website"},"primaryImageOfPage":{"@id":"https:\/\/www.radlobby.org\/noe\/bad-voeslau-charity-punschhuette-mit-verein-roshany-8-12-2025\/#primaryimage"},"image":{"@id":"https:\/\/www.radlobby.org\/noe\/bad-voeslau-charity-punschhuette-mit-verein-roshany-8-12-2025\/#primaryimage"},"thumbnailUrl":"https:\/\/www.radlobby.org\/noe\/wp-content\/uploads\/signal-2025-11-25-205828.jpeg","datePublished":"2025-11-23T19:51:13+00:00","dateModified":"2026-04-01T10:24:01+00:00","breadcrumb":{"@id":"https:\/\/www.radlobby.org\/noe\/bad-voeslau-charity-punschhuette-mit-verein-roshany-8-12-2025\/#breadcrumb"},"inLanguage":"de","potentialAction":[{"@type":"ReadAction","target":["https:\/\/www.radlobby.org\/noe\/bad-voeslau-charity-punschhuette-mit-verein-roshany-8-12-2025\/"]}]},{"@type":"ImageObject","inLanguage":"de","@id":"https:\/\/www.radlobby.org\/noe\/bad-voeslau-charity-punschhuette-mit-verein-roshany-8-12-2025\/#primaryimage","url":"https:\/\/www.radlobby.org\/noe\/wp-content\/uploads\/signal-2025-11-25-205828.jpeg","contentUrl":"https:\/\/www.radlobby.org\/noe\/wp-content\/uploads\/signal-2025-11-25-205828.jpeg","width":1080,"height":1080},{"@type":"BreadcrumbList","@id":"https:\/\/www.radlobby.org\/noe\/bad-voeslau-charity-punschhuette-mit-verein-roshany-8-12-2025\/#breadcrumb","itemListElement":[{"@type":"ListItem","position":1,"name":"Startseite","item":"https:\/\/www.radlobby.org\/noe\/"},{"@type":"ListItem","position":2,"name":"Bad V\u00f6slau | Charity Punschh\u00fctte mit Verein Roshany 8.12.2025"}]},{"@type":"WebSite","@id":"https:\/\/www.radlobby.org\/noe\/#website","url":"https:\/\/www.radlobby.org\/noe\/","name":"Radlobby Nieder\u00f6sterreich","description":"Radverkehr, Fahrrad, Radfahren, Radreisen, Radtouren, Radweg","publisher":{"@id":"https:\/\/www.radlobby.org\/noe\/#organization"},"potentialAction":[{"@type":"SearchAction","target":{"@type":"EntryPoint","urlTemplate":"https:\/\/www.radlobby.org\/noe\/?s={search_term_string}"},"query-input":{"@type":"PropertyValueSpecification","valueRequired":true,"valueName":"search_term_string"}}],"inLanguage":"de"},{"@type":"Organization","@id":"https:\/\/www.radlobby.org\/noe\/#organization","name":"Radlobby Nieder\u00f6sterreich","url":"https:\/\/www.radlobby.org\/noe\/","logo":{"@type":"ImageObject","inLanguage":"de","@id":"https:\/\/www.radlobby.org\/noe\/#\/schema\/logo\/image\/","url":"https:\/\/www.radlobby.org\/noe\/wp-content\/uploads\/2017\/01\/cropped-Logo_Radlobby_Niederoesterreich_50-400px_quer-1.jpg","contentUrl":"https:\/\/www.radlobby.org\/noe\/wp-content\/uploads\/2017\/01\/cropped-Logo_Radlobby_Niederoesterreich_50-400px_quer-1.jpg","width":450,"height":124,"caption":"Radlobby Nieder\u00f6sterreich"},"image":{"@id":"https:\/\/www.radlobby.org\/noe\/#\/schema\/logo\/image\/"},"sameAs":["https:\/\/www.facebook.com\/groups\/radfahren.in.noe\/"]},{"@type":"Person","@id":"https:\/\/www.radlobby.org\/noe\/#\/schema\/person\/3d46d5baaa32e9fab65201812c570448","name":"Laura Kafka","image":{"@type":"ImageObject","inLanguage":"de","@id":"https:\/\/www.radlobby.org\/noe\/#\/schema\/person\/image\/","url":"https:\/\/secure.gravatar.com\/avatar\/141ec437f27b3084bc6c91857d881288555812a76d2e9c6af9f4ba5f626465e7?s=96&d=mm&r=g","contentUrl":"https:\/\/secure.gravatar.com\/avatar\/141ec437f27b3084bc6c91857d881288555812a76d2e9c6af9f4ba5f626465e7?s=96&d=mm&r=g","caption":"Laura Kafka"},"url":"https:\/\/www.radlobby.org\/noe\/author\/laura-kafka\/"}]}},"_links":{"self":[{"href":"https:\/\/www.radlobby.org\/noe\/wp-json\/wp\/v2\/posts\/40661","targetHints":{"allow":["GET"]}}],"collection":[{"href":"https:\/\/www.radlobby.org\/noe\/wp-json\/wp\/v2\/posts"}],"about":[{"href":"https:\/\/www.radlobby.org\/noe\/wp-json\/wp\/v2\/types\/post"}],"author":[{"embeddable":true,"href":"https:\/\/www.radlobby.org\/noe\/wp-json\/wp\/v2\/users\/65"}],"replies":[{"embeddable":true,"href":"https:\/\/www.radlobby.org\/noe\/wp-json\/wp\/v2\/comments?post=40661"}],"version-history":[{"count":5,"href":"https:\/\/www.radlobby.org\/noe\/wp-json\/wp\/v2\/posts\/40661\/revisions"}],"predecessor-version":[{"id":41582,"href":"https:\/\/www.radlobby.org\/noe\/wp-json\/wp\/v2\/posts\/40661\/revisions\/41582"}],"wp:featuredmedia":[{"embeddable":true,"href":"https:\/\/www.radlobby.org\/noe\/wp-json\/wp\/v2\/media\/40729"}],"wp:attachment":[{"href":"https:\/\/www.radlobby.org\/noe\/wp-json\/wp\/v2\/media?parent=40661"}],"wp:term":[{"taxonomy":"category","embeddable":true,"href":"https:\/\/www.radlobby.org\/noe\/wp-json\/wp\/v2\/categories?post=40661"},{"taxonomy":"post_tag","embeddable":true,"href":"https:\/\/www.radlobby.org\/noe\/wp-json\/wp\/v2\/tags?post=40661"}],"curies":[{"name":"wp","href":"https:\/\/api.w.org\/{rel}","templated":true}]}}