{"id":40636,"date":"2025-11-22T16:21:38","date_gmt":"2025-11-22T15:21:38","guid":{"rendered":"https:\/\/www.radlobby.org\/noe\/?p=40636"},"modified":"2025-12-16T15:51:39","modified_gmt":"2025-12-16T14:51:39","slug":"wiener-neustadt-radelnde-in-der-giltschwertgasse-vergessen","status":"publish","type":"post","link":"https:\/\/www.radlobby.org\/noe\/wiener-neustadt-radelnde-in-der-giltschwertgasse-vergessen\/","title":{"rendered":"Wiener Neustadt: Radelnde in der Giltschwertgasse &#8220;vergessen&#8221;"},"content":{"rendered":"<figure id=\"attachment_40638\" aria-describedby=\"caption-attachment-40638\" style=\"width: 300px\" class=\"wp-caption alignright\"><a href=\"https:\/\/www.radlobby.org\/noe\/wp-content\/uploads\/20251120-Giltschwertgasse@Krebsenbachl-RiWoffiziell.jpg\" data-src=\"https:\/\/www.radlobby.org\/noe\/wp-content\/uploads\/20251120-Giltschwertgasse@Krebsenbachl-RiWoffiziell.jpg\" data-thumb=\"https:\/\/www.radlobby.org\/noe\/wp-content\/uploads\/20251120-Giltschwertgasse@Krebsenbachl-RiWoffiziell-300x198.jpg\" class=\"ml-lightbox-enabled\"><img loading=\"lazy\" decoding=\"async\" class=\"wp-image-40638 size-medium\" src=\"https:\/\/www.radlobby.org\/noe\/wp-content\/uploads\/20251120-Giltschwertgasse@Krebsenbachl-RiWoffiziell-300x198.jpg\" alt=\"\" width=\"300\" height=\"198\" srcset=\"https:\/\/www.radlobby.org\/noe\/wp-content\/uploads\/20251120-Giltschwertgasse@Krebsenbachl-RiWoffiziell-300x198.jpg 300w, https:\/\/www.radlobby.org\/noe\/wp-content\/uploads\/20251120-Giltschwertgasse@Krebsenbachl-RiWoffiziell.jpg 500w\" sizes=\"auto, (max-width: 300px) 100vw, 300px\" \/><\/a><figcaption id=\"caption-attachment-40638\" class=\"wp-caption-text\">offizielles Foto der Stadt: Giltschwertgasse beim Krebsenbachl Richtung Westen<\/figcaption><\/figure>\n<p>Stolz vermeldet die Pressestelle unserer sch\u00f6nen Heimatstadt: <em>&#8220;<a href=\"https:\/\/www.wiener-neustadt.at\/de\/stadt\/aktuelles-detail\/neugestaltung-der-giltschwertgasse-ist-abgeschlossen\" target=\"_blank\" rel=\"noopener\">Neugestaltung der Giltschwertgasse ist abgeschlossen<\/a>!&#8221;<\/em>. Ja, die angef\u00fchrten Ma\u00dfnahmen <em>&#8220;Verschm\u00e4lerung der Stra\u00dfe, mehr Gr\u00fcnfl\u00e4chen, Schaffung von Querungshilfen sowie die Errichtung von bodenebenen Pflasterungen&#8221;<\/em> sind sch\u00f6n und gut. Aber man fragt sich, warum in der Presseaussendung die Radfahrenden nicht erw\u00e4hnt hat?<\/p>\n<figure id=\"attachment_40639\" aria-describedby=\"caption-attachment-40639\" style=\"width: 300px\" class=\"wp-caption alignleft\"><a href=\"https:\/\/www.radlobby.org\/noe\/wp-content\/uploads\/20251122-Giltschwertgasse@A.BrucknerG-RIO.jpg\" data-src=\"https:\/\/www.radlobby.org\/noe\/wp-content\/uploads\/20251122-Giltschwertgasse@A.BrucknerG-RIO.jpg\" data-thumb=\"https:\/\/www.radlobby.org\/noe\/wp-content\/uploads\/20251122-Giltschwertgasse@A.BrucknerG-RIO-300x225.jpg\" class=\"ml-lightbox-enabled\"><img loading=\"lazy\" decoding=\"async\" class=\"wp-image-40639 size-medium\" src=\"https:\/\/www.radlobby.org\/noe\/wp-content\/uploads\/20251122-Giltschwertgasse@A.BrucknerG-RIO-300x225.jpg\" alt=\"\" width=\"300\" height=\"225\" srcset=\"https:\/\/www.radlobby.org\/noe\/wp-content\/uploads\/20251122-Giltschwertgasse@A.BrucknerG-RIO-300x225.jpg 300w, https:\/\/www.radlobby.org\/noe\/wp-content\/uploads\/20251122-Giltschwertgasse@A.BrucknerG-RIO-768x576.jpg 768w, https:\/\/www.radlobby.org\/noe\/wp-content\/uploads\/20251122-Giltschwertgasse@A.BrucknerG-RIO-1536x1152.jpg 1536w, https:\/\/www.radlobby.org\/noe\/wp-content\/uploads\/20251122-Giltschwertgasse@A.BrucknerG-RIO.jpg 1600w\" sizes=\"auto, (max-width: 300px) 100vw, 300px\" \/><\/a><figcaption id=\"caption-attachment-40639\" class=\"wp-caption-text\"><span style=\"font-size: 10pt;\">Giltschwertg. bei A.Bruckner-G. Richtung Ost<\/span><\/figcaption><\/figure>\n<p>K\u00f6nnte man vermuten, weil man auf sie fast konsequent &#8220;vergessen&#8221; hat?!<\/p>\n<p><span style=\"text-decoration: underline;\"><strong>Was zu kritisieren ist:<\/strong><\/span><\/p>\n<ul>\n<li>Das kleine Radwegst\u00fcck (im Bild links) ist eher kontraproduktiv und belastet nur das knappe Radwegebudget &#8211; <strong>nicht durchg\u00e4ngig<\/strong>e Radwege sind den STEP2030+ Empfehlungen <strong>zu meiden<\/strong> (darin sind sich alle Experten einig)\n<ul>\n<li>\n<figure id=\"attachment_40855\" aria-describedby=\"caption-attachment-40855\" style=\"width: 300px\" class=\"wp-caption alignleft\"><a href=\"https:\/\/www.radlobby.org\/noe\/wp-content\/uploads\/20251216_Giltschwertgasse@A.BrucknerG-RIW.jpg\" data-src=\"https:\/\/www.radlobby.org\/noe\/wp-content\/uploads\/20251216_Giltschwertgasse@A.BrucknerG-RIW.jpg\" data-thumb=\"https:\/\/www.radlobby.org\/noe\/wp-content\/uploads\/20251216_Giltschwertgasse@A.BrucknerG-RIW-300x200.jpg\" class=\"ml-lightbox-enabled\"><img loading=\"lazy\" decoding=\"async\" class=\"wp-image-40855 size-medium\" src=\"https:\/\/www.radlobby.org\/noe\/wp-content\/uploads\/20251216_Giltschwertgasse@A.BrucknerG-RIW-300x200.jpg\" alt=\"\" width=\"300\" height=\"200\" srcset=\"https:\/\/www.radlobby.org\/noe\/wp-content\/uploads\/20251216_Giltschwertgasse@A.BrucknerG-RIW-300x200.jpg 300w, https:\/\/www.radlobby.org\/noe\/wp-content\/uploads\/20251216_Giltschwertgasse@A.BrucknerG-RIW-768x512.jpg 768w, https:\/\/www.radlobby.org\/noe\/wp-content\/uploads\/20251216_Giltschwertgasse@A.BrucknerG-RIW-1536x1024.jpg 1536w, https:\/\/www.radlobby.org\/noe\/wp-content\/uploads\/20251216_Giltschwertgasse@A.BrucknerG-RIW.jpg 1920w\" sizes=\"auto, (max-width: 300px) 100vw, 300px\" \/><\/a><figcaption id=\"caption-attachment-40855\" class=\"wp-caption-text\">Richtung Westen<\/figcaption><\/figure>\n<p><strong>Stopptafel<\/strong> und Haltelinie sind <strong>unn\u00f6tig<\/strong>, da die Vorrangregelung nach StVO mit der Tafel &#8220;Radwegende&#8221; eindeutig ist; sie schikanieren nur die Radfahrenden<\/li>\n<li>bei Tempo 30 ist kein Radweg n\u00f6tig, wohl aber w\u00e4ren <strong>Sharrows<\/strong> \u00fcber den kompletten Verlauf sehr zu empfehlen (vielleicht kommen die ja noch?!)<\/li>\n<\/ul>\n<\/li>\n<\/ul>\n<ul>\n<li style=\"list-style-type: none;\">\n<ul>\n<li>wenn schon Radweg, dann ihn nach der Kreuzung &#8220;Anton Bruckner-Gasse&#8221; in die Kfz Fahrbahn flie\u00dfend stadteinw\u00e4rts einm\u00fcnden lassen <em>(siehe RVS-Auszug rechts!)<\/em><\/li>\n<li>\n<figure id=\"attachment_40650\" aria-describedby=\"caption-attachment-40650\" style=\"width: 300px\" class=\"wp-caption alignright\"><a href=\"https:\/\/www.radlobby.org\/noe\/wp-content\/uploads\/20251122-RVS-Radwegeinmuendung.jpeg\" data-src=\"https:\/\/www.radlobby.org\/noe\/wp-content\/uploads\/20251122-RVS-Radwegeinmuendung.jpeg\" data-thumb=\"https:\/\/www.radlobby.org\/noe\/wp-content\/uploads\/20251122-RVS-Radwegeinmuendung-300x183.jpeg\" class=\"ml-lightbox-enabled\"><img loading=\"lazy\" decoding=\"async\" class=\"wp-image-40650 size-medium\" src=\"https:\/\/www.radlobby.org\/noe\/wp-content\/uploads\/20251122-RVS-Radwegeinmuendung-300x183.jpeg\" alt=\"\" width=\"300\" height=\"183\" srcset=\"https:\/\/www.radlobby.org\/noe\/wp-content\/uploads\/20251122-RVS-Radwegeinmuendung-300x183.jpeg 300w, https:\/\/www.radlobby.org\/noe\/wp-content\/uploads\/20251122-RVS-Radwegeinmuendung.jpeg 685w\" sizes=\"auto, (max-width: 300px) 100vw, 300px\" \/><\/a><figcaption id=\"caption-attachment-40650\" class=\"wp-caption-text\">Aus den RVS 2022<\/figcaption><\/figure>\n<p><strong>optimal<\/strong> aber w\u00e4re es gewesen, einen Radstreifen gleich ab dem Kreisverkehr (Stadiongasse) <strong>auf Fahrbahnniveau<\/strong> zu f\u00fchren und RVS-gem\u00e4\u00df in den Mischverkehr \u00fcberzuf\u00fchren &#8211; dies w\u00e4re zweifellos ohne Mehrkosten m\u00f6glich gewesen!<\/li>\n<\/ul>\n<\/li>\n<\/ul>\n<figure id=\"attachment_40857\" aria-describedby=\"caption-attachment-40857\" style=\"width: 300px\" class=\"wp-caption alignleft\"><a href=\"https:\/\/www.radlobby.org\/noe\/wp-content\/uploads\/20251216_Giltschwertgasse@GrazerStr-RIW-1.jpg\" data-src=\"https:\/\/www.radlobby.org\/noe\/wp-content\/uploads\/20251216_Giltschwertgasse@GrazerStr-RIW-1.jpg\" data-thumb=\"https:\/\/www.radlobby.org\/noe\/wp-content\/uploads\/20251216_Giltschwertgasse@GrazerStr-RIW-1-300x200.jpg\" class=\"ml-lightbox-enabled\"><img loading=\"lazy\" decoding=\"async\" class=\"wp-image-40857 size-medium\" src=\"https:\/\/www.radlobby.org\/noe\/wp-content\/uploads\/20251216_Giltschwertgasse@GrazerStr-RIW-1-300x200.jpg\" alt=\"\" width=\"300\" height=\"200\" srcset=\"https:\/\/www.radlobby.org\/noe\/wp-content\/uploads\/20251216_Giltschwertgasse@GrazerStr-RIW-1-300x200.jpg 300w, https:\/\/www.radlobby.org\/noe\/wp-content\/uploads\/20251216_Giltschwertgasse@GrazerStr-RIW-1-768x512.jpg 768w, https:\/\/www.radlobby.org\/noe\/wp-content\/uploads\/20251216_Giltschwertgasse@GrazerStr-RIW-1-1536x1024.jpg 1536w, https:\/\/www.radlobby.org\/noe\/wp-content\/uploads\/20251216_Giltschwertgasse@GrazerStr-RIW-1.jpg 1920w\" sizes=\"auto, (max-width: 300px) 100vw, 300px\" \/><\/a><figcaption id=\"caption-attachment-40857\" class=\"wp-caption-text\">Bei der Grazer Stra\u00dfe<\/figcaption><\/figure>\n<p>Der <strong>westliche<\/strong> Teil der Giltschwertgasse von der Wiener Stra\u00dfe bis zur Salzerm\u00fchlgasse ist Teil des \u00fcberregionalen Fischabach-Radwegs: Hier sollte noch einiges verbessert werden!<\/p>\n<p><a href=\"https:\/\/www.radlobby.org\/noe\/wp-content\/uploads\/20251122-Giltschwertgasse@A.BrucknerG-RIW-1.jpg\" data-src=\"https:\/\/www.radlobby.org\/noe\/wp-content\/uploads\/20251122-Giltschwertgasse@A.BrucknerG-RIW-1.jpg\" data-thumb=\"https:\/\/www.radlobby.org\/noe\/wp-content\/uploads\/20251122-Giltschwertgasse@A.BrucknerG-RIW-1-300x225.jpg\" class=\"ml-lightbox-enabled\"><img loading=\"lazy\" decoding=\"async\" class=\"alignright wp-image-40643 size-medium\" src=\"https:\/\/www.radlobby.org\/noe\/wp-content\/uploads\/20251122-Giltschwertgasse@A.BrucknerG-RIW-1-300x225.jpg\" alt=\"\" width=\"300\" height=\"225\" srcset=\"https:\/\/www.radlobby.org\/noe\/wp-content\/uploads\/20251122-Giltschwertgasse@A.BrucknerG-RIW-1-300x225.jpg 300w, https:\/\/www.radlobby.org\/noe\/wp-content\/uploads\/20251122-Giltschwertgasse@A.BrucknerG-RIW-1-768x575.jpg 768w, https:\/\/www.radlobby.org\/noe\/wp-content\/uploads\/20251122-Giltschwertgasse@A.BrucknerG-RIW-1.jpg 1200w\" sizes=\"auto, (max-width: 300px) 100vw, 300px\" \/><\/a>Auch ist nach wie vor ungel\u00f6st, wie Radfahrende von der Giltschwertgasse in die Johann Strau\u00df-Gasse bzw. die Richard-Wagner Gasse kommen. Hier gibt es keinen durchgehend markierten Radweg.<\/p>\n<p>Fazit: Wenn das Radfahren nicht von Beginn der Planung an mitgedacht\u00a0wird &#8211; vom Einbinden der Radlobby gar nicht zu reden &#8211; kommt keine effektive und effiziente L\u00f6sung f\u00fcr den Radverkehr heraus!<\/p>\n","protected":false},"excerpt":{"rendered":"<p>Stolz vermeldet die Pressestelle unserer sch\u00f6nen Heimatstadt: &#8220;Neugestaltung der Giltschwertgasse ist abgeschlossen!&#8221;. Warum wurde auf den Radverkehr vergessen? Die Radlobby kritisiert eine ineffiziente L\u00f6sung. <\/p>\n","protected":false},"author":55,"featured_media":40639,"comment_status":"closed","ping_status":"closed","sticky":false,"template":"","format":"standard","meta":{"footnotes":""},"categories":[7],"tags":[],"class_list":["post-40636","post","type-post","status-publish","format-standard","has-post-thumbnail","hentry","category-wiener-neustadt"],"yoast_head":"<!-- This site is optimized with the Yoast SEO plugin v26.9 - https:\/\/yoast.com\/product\/yoast-seo-wordpress\/ -->\n<title>Wiener Neustadt: Radelnde in der Giltschwertgasse &quot;vergessen&quot; - Radlobby Nieder\u00f6sterreich<\/title>\n<meta name=\"robots\" content=\"index, follow, max-snippet:-1, max-image-preview:large, max-video-preview:-1\" \/>\n<link rel=\"canonical\" href=\"https:\/\/www.radlobby.org\/noe\/wiener-neustadt-radelnde-in-der-giltschwertgasse-vergessen\/\" \/>\n<meta property=\"og:locale\" content=\"de_DE\" \/>\n<meta property=\"og:type\" content=\"article\" \/>\n<meta property=\"og:title\" content=\"Wiener Neustadt: Radelnde in der Giltschwertgasse &quot;vergessen&quot; - Radlobby Nieder\u00f6sterreich\" \/>\n<meta property=\"og:description\" content=\"Stolz vermeldet die Pressestelle unserer sch\u00f6nen Heimatstadt: &quot;Neugestaltung der Giltschwertgasse ist abgeschlossen!&quot;. Warum wurde auf den Radverkehr vergessen? Die Radlobby kritisiert eine ineffiziente L\u00f6sung.\" \/>\n<meta property=\"og:url\" content=\"https:\/\/www.radlobby.org\/noe\/wiener-neustadt-radelnde-in-der-giltschwertgasse-vergessen\/\" \/>\n<meta property=\"og:site_name\" content=\"Radlobby Nieder\u00f6sterreich\" \/>\n<meta property=\"article:publisher\" content=\"https:\/\/www.facebook.com\/groups\/radfahren.in.noe\/\" \/>\n<meta property=\"article:published_time\" content=\"2025-11-22T15:21:38+00:00\" \/>\n<meta property=\"article:modified_time\" content=\"2025-12-16T14:51:39+00:00\" \/>\n<meta property=\"og:image\" content=\"https:\/\/www.radlobby.org\/noe\/wp-content\/uploads\/20251122-Giltschwertgasse@A.BrucknerG-RIO.jpg\" \/>\n\t<meta property=\"og:image:width\" content=\"1600\" \/>\n\t<meta property=\"og:image:height\" content=\"1200\" \/>\n\t<meta property=\"og:image:type\" content=\"image\/jpeg\" \/>\n<meta name=\"author\" content=\"Gerold Petritsch\" \/>\n<meta name=\"twitter:card\" content=\"summary_large_image\" \/>\n<meta name=\"twitter:label1\" content=\"Verfasst von\" \/>\n\t<meta name=\"twitter:data1\" content=\"Gerold Petritsch\" \/>\n\t<meta name=\"twitter:label2\" content=\"Gesch\u00e4tzte Lesezeit\" \/>\n\t<meta name=\"twitter:data2\" content=\"4\u00a0Minuten\" \/>\n<script type=\"application\/ld+json\" class=\"yoast-schema-graph\">{\"@context\":\"https:\/\/schema.org\",\"@graph\":[{\"@type\":\"Article\",\"@id\":\"https:\/\/www.radlobby.org\/noe\/wiener-neustadt-radelnde-in-der-giltschwertgasse-vergessen\/#article\",\"isPartOf\":{\"@id\":\"https:\/\/www.radlobby.org\/noe\/wiener-neustadt-radelnde-in-der-giltschwertgasse-vergessen\/\"},\"author\":{\"name\":\"Gerold Petritsch\",\"@id\":\"https:\/\/www.radlobby.org\/noe\/#\/schema\/person\/6575d09b0e7b7970d5b81d0bab520c61\"},\"headline\":\"Wiener Neustadt: Radelnde in der Giltschwertgasse &#8220;vergessen&#8221;\",\"datePublished\":\"2025-11-22T15:21:38+00:00\",\"dateModified\":\"2025-12-16T14:51:39+00:00\",\"mainEntityOfPage\":{\"@id\":\"https:\/\/www.radlobby.org\/noe\/wiener-neustadt-radelnde-in-der-giltschwertgasse-vergessen\/\"},\"wordCount\":365,\"publisher\":{\"@id\":\"https:\/\/www.radlobby.org\/noe\/#organization\"},\"image\":{\"@id\":\"https:\/\/www.radlobby.org\/noe\/wiener-neustadt-radelnde-in-der-giltschwertgasse-vergessen\/#primaryimage\"},\"thumbnailUrl\":\"https:\/\/www.radlobby.org\/noe\/wp-content\/uploads\/20251122-Giltschwertgasse@A.BrucknerG-RIO.jpg\",\"articleSection\":[\"Radlobby Wiener Neustadt\"],\"inLanguage\":\"de\"},{\"@type\":\"WebPage\",\"@id\":\"https:\/\/www.radlobby.org\/noe\/wiener-neustadt-radelnde-in-der-giltschwertgasse-vergessen\/\",\"url\":\"https:\/\/www.radlobby.org\/noe\/wiener-neustadt-radelnde-in-der-giltschwertgasse-vergessen\/\",\"name\":\"Wiener Neustadt: Radelnde in der Giltschwertgasse \\\"vergessen\\\" - Radlobby Nieder\u00f6sterreich\",\"isPartOf\":{\"@id\":\"https:\/\/www.radlobby.org\/noe\/#website\"},\"primaryImageOfPage\":{\"@id\":\"https:\/\/www.radlobby.org\/noe\/wiener-neustadt-radelnde-in-der-giltschwertgasse-vergessen\/#primaryimage\"},\"image\":{\"@id\":\"https:\/\/www.radlobby.org\/noe\/wiener-neustadt-radelnde-in-der-giltschwertgasse-vergessen\/#primaryimage\"},\"thumbnailUrl\":\"https:\/\/www.radlobby.org\/noe\/wp-content\/uploads\/20251122-Giltschwertgasse@A.BrucknerG-RIO.jpg\",\"datePublished\":\"2025-11-22T15:21:38+00:00\",\"dateModified\":\"2025-12-16T14:51:39+00:00\",\"breadcrumb\":{\"@id\":\"https:\/\/www.radlobby.org\/noe\/wiener-neustadt-radelnde-in-der-giltschwertgasse-vergessen\/#breadcrumb\"},\"inLanguage\":\"de\",\"potentialAction\":[{\"@type\":\"ReadAction\",\"target\":[\"https:\/\/www.radlobby.org\/noe\/wiener-neustadt-radelnde-in-der-giltschwertgasse-vergessen\/\"]}]},{\"@type\":\"ImageObject\",\"inLanguage\":\"de\",\"@id\":\"https:\/\/www.radlobby.org\/noe\/wiener-neustadt-radelnde-in-der-giltschwertgasse-vergessen\/#primaryimage\",\"url\":\"https:\/\/www.radlobby.org\/noe\/wp-content\/uploads\/20251122-Giltschwertgasse@A.BrucknerG-RIO.jpg\",\"contentUrl\":\"https:\/\/www.radlobby.org\/noe\/wp-content\/uploads\/20251122-Giltschwertgasse@A.BrucknerG-RIO.jpg\",\"width\":1600,\"height\":1200},{\"@type\":\"BreadcrumbList\",\"@id\":\"https:\/\/www.radlobby.org\/noe\/wiener-neustadt-radelnde-in-der-giltschwertgasse-vergessen\/#breadcrumb\",\"itemListElement\":[{\"@type\":\"ListItem\",\"position\":1,\"name\":\"Startseite\",\"item\":\"https:\/\/www.radlobby.org\/noe\/\"},{\"@type\":\"ListItem\",\"position\":2,\"name\":\"Wiener Neustadt: Radelnde in der Giltschwertgasse &#8220;vergessen&#8221;\"}]},{\"@type\":\"WebSite\",\"@id\":\"https:\/\/www.radlobby.org\/noe\/#website\",\"url\":\"https:\/\/www.radlobby.org\/noe\/\",\"name\":\"Radlobby Nieder\u00f6sterreich\",\"description\":\"Radverkehr, Fahrrad, Radfahren, Radreisen, Radtouren, Radweg\",\"publisher\":{\"@id\":\"https:\/\/www.radlobby.org\/noe\/#organization\"},\"potentialAction\":[{\"@type\":\"SearchAction\",\"target\":{\"@type\":\"EntryPoint\",\"urlTemplate\":\"https:\/\/www.radlobby.org\/noe\/?s={search_term_string}\"},\"query-input\":{\"@type\":\"PropertyValueSpecification\",\"valueRequired\":true,\"valueName\":\"search_term_string\"}}],\"inLanguage\":\"de\"},{\"@type\":\"Organization\",\"@id\":\"https:\/\/www.radlobby.org\/noe\/#organization\",\"name\":\"Radlobby Nieder\u00f6sterreich\",\"url\":\"https:\/\/www.radlobby.org\/noe\/\",\"logo\":{\"@type\":\"ImageObject\",\"inLanguage\":\"de\",\"@id\":\"https:\/\/www.radlobby.org\/noe\/#\/schema\/logo\/image\/\",\"url\":\"https:\/\/www.radlobby.org\/noe\/wp-content\/uploads\/2017\/01\/cropped-Logo_Radlobby_Niederoesterreich_50-400px_quer-1.jpg\",\"contentUrl\":\"https:\/\/www.radlobby.org\/noe\/wp-content\/uploads\/2017\/01\/cropped-Logo_Radlobby_Niederoesterreich_50-400px_quer-1.jpg\",\"width\":450,\"height\":124,\"caption\":\"Radlobby Nieder\u00f6sterreich\"},\"image\":{\"@id\":\"https:\/\/www.radlobby.org\/noe\/#\/schema\/logo\/image\/\"},\"sameAs\":[\"https:\/\/www.facebook.com\/groups\/radfahren.in.noe\/\"]},{\"@type\":\"Person\",\"@id\":\"https:\/\/www.radlobby.org\/noe\/#\/schema\/person\/6575d09b0e7b7970d5b81d0bab520c61\",\"name\":\"Gerold Petritsch\",\"image\":{\"@type\":\"ImageObject\",\"inLanguage\":\"de\",\"@id\":\"https:\/\/www.radlobby.org\/noe\/#\/schema\/person\/image\/\",\"url\":\"https:\/\/secure.gravatar.com\/avatar\/9dc36f4c91f9894712dd7fdc25d6d6bc3448cf31a66187da4b2a4081af93013d?s=96&d=mm&r=g\",\"contentUrl\":\"https:\/\/secure.gravatar.com\/avatar\/9dc36f4c91f9894712dd7fdc25d6d6bc3448cf31a66187da4b2a4081af93013d?s=96&d=mm&r=g\",\"caption\":\"Gerold Petritsch\"},\"url\":\"https:\/\/www.radlobby.org\/noe\/author\/gerold-petritsch\/\"}]}<\/script>\n<!-- \/ Yoast SEO plugin. -->","yoast_head_json":{"title":"Wiener Neustadt: Radelnde in der Giltschwertgasse \"vergessen\" - Radlobby Nieder\u00f6sterreich","robots":{"index":"index","follow":"follow","max-snippet":"max-snippet:-1","max-image-preview":"max-image-preview:large","max-video-preview":"max-video-preview:-1"},"canonical":"https:\/\/www.radlobby.org\/noe\/wiener-neustadt-radelnde-in-der-giltschwertgasse-vergessen\/","og_locale":"de_DE","og_type":"article","og_title":"Wiener Neustadt: Radelnde in der Giltschwertgasse \"vergessen\" - Radlobby Nieder\u00f6sterreich","og_description":"Stolz vermeldet die Pressestelle unserer sch\u00f6nen Heimatstadt: \"Neugestaltung der Giltschwertgasse ist abgeschlossen!\". Warum wurde auf den Radverkehr vergessen? Die Radlobby kritisiert eine ineffiziente L\u00f6sung.","og_url":"https:\/\/www.radlobby.org\/noe\/wiener-neustadt-radelnde-in-der-giltschwertgasse-vergessen\/","og_site_name":"Radlobby Nieder\u00f6sterreich","article_publisher":"https:\/\/www.facebook.com\/groups\/radfahren.in.noe\/","article_published_time":"2025-11-22T15:21:38+00:00","article_modified_time":"2025-12-16T14:51:39+00:00","og_image":[{"width":1600,"height":1200,"url":"https:\/\/www.radlobby.org\/noe\/wp-content\/uploads\/20251122-Giltschwertgasse@A.BrucknerG-RIO.jpg","type":"image\/jpeg"}],"author":"Gerold Petritsch","twitter_card":"summary_large_image","twitter_misc":{"Verfasst von":"Gerold Petritsch","Gesch\u00e4tzte Lesezeit":"4\u00a0Minuten"},"schema":{"@context":"https:\/\/schema.org","@graph":[{"@type":"Article","@id":"https:\/\/www.radlobby.org\/noe\/wiener-neustadt-radelnde-in-der-giltschwertgasse-vergessen\/#article","isPartOf":{"@id":"https:\/\/www.radlobby.org\/noe\/wiener-neustadt-radelnde-in-der-giltschwertgasse-vergessen\/"},"author":{"name":"Gerold Petritsch","@id":"https:\/\/www.radlobby.org\/noe\/#\/schema\/person\/6575d09b0e7b7970d5b81d0bab520c61"},"headline":"Wiener Neustadt: Radelnde in der Giltschwertgasse &#8220;vergessen&#8221;","datePublished":"2025-11-22T15:21:38+00:00","dateModified":"2025-12-16T14:51:39+00:00","mainEntityOfPage":{"@id":"https:\/\/www.radlobby.org\/noe\/wiener-neustadt-radelnde-in-der-giltschwertgasse-vergessen\/"},"wordCount":365,"publisher":{"@id":"https:\/\/www.radlobby.org\/noe\/#organization"},"image":{"@id":"https:\/\/www.radlobby.org\/noe\/wiener-neustadt-radelnde-in-der-giltschwertgasse-vergessen\/#primaryimage"},"thumbnailUrl":"https:\/\/www.radlobby.org\/noe\/wp-content\/uploads\/20251122-Giltschwertgasse@A.BrucknerG-RIO.jpg","articleSection":["Radlobby Wiener Neustadt"],"inLanguage":"de"},{"@type":"WebPage","@id":"https:\/\/www.radlobby.org\/noe\/wiener-neustadt-radelnde-in-der-giltschwertgasse-vergessen\/","url":"https:\/\/www.radlobby.org\/noe\/wiener-neustadt-radelnde-in-der-giltschwertgasse-vergessen\/","name":"Wiener Neustadt: Radelnde in der Giltschwertgasse \"vergessen\" - Radlobby Nieder\u00f6sterreich","isPartOf":{"@id":"https:\/\/www.radlobby.org\/noe\/#website"},"primaryImageOfPage":{"@id":"https:\/\/www.radlobby.org\/noe\/wiener-neustadt-radelnde-in-der-giltschwertgasse-vergessen\/#primaryimage"},"image":{"@id":"https:\/\/www.radlobby.org\/noe\/wiener-neustadt-radelnde-in-der-giltschwertgasse-vergessen\/#primaryimage"},"thumbnailUrl":"https:\/\/www.radlobby.org\/noe\/wp-content\/uploads\/20251122-Giltschwertgasse@A.BrucknerG-RIO.jpg","datePublished":"2025-11-22T15:21:38+00:00","dateModified":"2025-12-16T14:51:39+00:00","breadcrumb":{"@id":"https:\/\/www.radlobby.org\/noe\/wiener-neustadt-radelnde-in-der-giltschwertgasse-vergessen\/#breadcrumb"},"inLanguage":"de","potentialAction":[{"@type":"ReadAction","target":["https:\/\/www.radlobby.org\/noe\/wiener-neustadt-radelnde-in-der-giltschwertgasse-vergessen\/"]}]},{"@type":"ImageObject","inLanguage":"de","@id":"https:\/\/www.radlobby.org\/noe\/wiener-neustadt-radelnde-in-der-giltschwertgasse-vergessen\/#primaryimage","url":"https:\/\/www.radlobby.org\/noe\/wp-content\/uploads\/20251122-Giltschwertgasse@A.BrucknerG-RIO.jpg","contentUrl":"https:\/\/www.radlobby.org\/noe\/wp-content\/uploads\/20251122-Giltschwertgasse@A.BrucknerG-RIO.jpg","width":1600,"height":1200},{"@type":"BreadcrumbList","@id":"https:\/\/www.radlobby.org\/noe\/wiener-neustadt-radelnde-in-der-giltschwertgasse-vergessen\/#breadcrumb","itemListElement":[{"@type":"ListItem","position":1,"name":"Startseite","item":"https:\/\/www.radlobby.org\/noe\/"},{"@type":"ListItem","position":2,"name":"Wiener Neustadt: Radelnde in der Giltschwertgasse &#8220;vergessen&#8221;"}]},{"@type":"WebSite","@id":"https:\/\/www.radlobby.org\/noe\/#website","url":"https:\/\/www.radlobby.org\/noe\/","name":"Radlobby Nieder\u00f6sterreich","description":"Radverkehr, Fahrrad, Radfahren, Radreisen, Radtouren, Radweg","publisher":{"@id":"https:\/\/www.radlobby.org\/noe\/#organization"},"potentialAction":[{"@type":"SearchAction","target":{"@type":"EntryPoint","urlTemplate":"https:\/\/www.radlobby.org\/noe\/?s={search_term_string}"},"query-input":{"@type":"PropertyValueSpecification","valueRequired":true,"valueName":"search_term_string"}}],"inLanguage":"de"},{"@type":"Organization","@id":"https:\/\/www.radlobby.org\/noe\/#organization","name":"Radlobby Nieder\u00f6sterreich","url":"https:\/\/www.radlobby.org\/noe\/","logo":{"@type":"ImageObject","inLanguage":"de","@id":"https:\/\/www.radlobby.org\/noe\/#\/schema\/logo\/image\/","url":"https:\/\/www.radlobby.org\/noe\/wp-content\/uploads\/2017\/01\/cropped-Logo_Radlobby_Niederoesterreich_50-400px_quer-1.jpg","contentUrl":"https:\/\/www.radlobby.org\/noe\/wp-content\/uploads\/2017\/01\/cropped-Logo_Radlobby_Niederoesterreich_50-400px_quer-1.jpg","width":450,"height":124,"caption":"Radlobby Nieder\u00f6sterreich"},"image":{"@id":"https:\/\/www.radlobby.org\/noe\/#\/schema\/logo\/image\/"},"sameAs":["https:\/\/www.facebook.com\/groups\/radfahren.in.noe\/"]},{"@type":"Person","@id":"https:\/\/www.radlobby.org\/noe\/#\/schema\/person\/6575d09b0e7b7970d5b81d0bab520c61","name":"Gerold Petritsch","image":{"@type":"ImageObject","inLanguage":"de","@id":"https:\/\/www.radlobby.org\/noe\/#\/schema\/person\/image\/","url":"https:\/\/secure.gravatar.com\/avatar\/9dc36f4c91f9894712dd7fdc25d6d6bc3448cf31a66187da4b2a4081af93013d?s=96&d=mm&r=g","contentUrl":"https:\/\/secure.gravatar.com\/avatar\/9dc36f4c91f9894712dd7fdc25d6d6bc3448cf31a66187da4b2a4081af93013d?s=96&d=mm&r=g","caption":"Gerold Petritsch"},"url":"https:\/\/www.radlobby.org\/noe\/author\/gerold-petritsch\/"}]}},"_links":{"self":[{"href":"https:\/\/www.radlobby.org\/noe\/wp-json\/wp\/v2\/posts\/40636","targetHints":{"allow":["GET"]}}],"collection":[{"href":"https:\/\/www.radlobby.org\/noe\/wp-json\/wp\/v2\/posts"}],"about":[{"href":"https:\/\/www.radlobby.org\/noe\/wp-json\/wp\/v2\/types\/post"}],"author":[{"embeddable":true,"href":"https:\/\/www.radlobby.org\/noe\/wp-json\/wp\/v2\/users\/55"}],"replies":[{"embeddable":true,"href":"https:\/\/www.radlobby.org\/noe\/wp-json\/wp\/v2\/comments?post=40636"}],"version-history":[{"count":23,"href":"https:\/\/www.radlobby.org\/noe\/wp-json\/wp\/v2\/posts\/40636\/revisions"}],"predecessor-version":[{"id":40862,"href":"https:\/\/www.radlobby.org\/noe\/wp-json\/wp\/v2\/posts\/40636\/revisions\/40862"}],"wp:featuredmedia":[{"embeddable":true,"href":"https:\/\/www.radlobby.org\/noe\/wp-json\/wp\/v2\/media\/40639"}],"wp:attachment":[{"href":"https:\/\/www.radlobby.org\/noe\/wp-json\/wp\/v2\/media?parent=40636"}],"wp:term":[{"taxonomy":"category","embeddable":true,"href":"https:\/\/www.radlobby.org\/noe\/wp-json\/wp\/v2\/categories?post=40636"},{"taxonomy":"post_tag","embeddable":true,"href":"https:\/\/www.radlobby.org\/noe\/wp-json\/wp\/v2\/tags?post=40636"}],"curies":[{"name":"wp","href":"https:\/\/api.w.org\/{rel}","templated":true}]}}