{"id":40630,"date":"2025-11-29T17:01:41","date_gmt":"2025-11-29T16:01:41","guid":{"rendered":"https:\/\/www.radlobby.org\/noe\/?p=40630"},"modified":"2025-12-16T15:27:15","modified_gmt":"2025-12-16T14:27:15","slug":"wiener-neustadt-weihnachten25","status":"publish","type":"post","link":"https:\/\/www.radlobby.org\/noe\/wiener-neustadt-weihnachten25\/","title":{"rendered":"Wiener Neustadt: Radlobby und Klimab\u00fcndnis feiern gemeinsam Weihnachten"},"content":{"rendered":"<p>Kom<a href=\"https:\/\/www.radlobby.org\/noe\/wp-content\/uploads\/20241217_WeihnKBRL.jpg\" data-src=\"https:\/\/www.radlobby.org\/noe\/wp-content\/uploads\/20241217_WeihnKBRL.jpg\" data-thumb=\"https:\/\/www.radlobby.org\/noe\/wp-content\/uploads\/20241217_WeihnKBRL-300x169.jpg\" class=\"ml-lightbox-enabled\"><img loading=\"lazy\" decoding=\"async\" class=\"alignright wp-image-40631 size-medium\" src=\"https:\/\/www.radlobby.org\/noe\/wp-content\/uploads\/20241217_WeihnKBRL-300x169.jpg\" alt=\"\" width=\"300\" height=\"169\" srcset=\"https:\/\/www.radlobby.org\/noe\/wp-content\/uploads\/20241217_WeihnKBRL-300x169.jpg 300w, https:\/\/www.radlobby.org\/noe\/wp-content\/uploads\/20241217_WeihnKBRL-768x432.jpg 768w, https:\/\/www.radlobby.org\/noe\/wp-content\/uploads\/20241217_WeihnKBRL-1536x865.jpg 1536w, https:\/\/www.radlobby.org\/noe\/wp-content\/uploads\/20241217_WeihnKBRL.jpg 1920w\" sizes=\"auto, (max-width: 300px) 100vw, 300px\" \/><\/a>mt gerne zur Weihnachtsfeier von Radlobby und Klimab\u00fcndnis am Dienstag, <strong>16.Dezember <\/strong>2025, um 18 Uhr im <a href=\"https:\/\/www.restaurant-bianco.at\" target=\"_blank\" rel=\"noopener\">Restaurant Bianco<\/a>, <a href=\"https:\/\/www.google.com\/maps\/search\/Raugasse%0D%0A++++++6,+WN?entry=gmail&amp;source=g\" target=\"_blank\" rel=\"noopener\">Raugasse 6, WN!<\/a><br \/>\nBitte unbedingt anmelden bei <a href=\"mailto:wn@radlobby.at\" target=\"_blank\" rel=\"noopener\">wn@radlobby.at<\/a> oder bei Friederike Zauner\u00a0<a href=\"mailto:friederike.zauner@gmx.net\" target=\"_blank\" rel=\"noopener\">friederike.zauner@gmx.net<\/a> !<\/p>\n<p>Allen, die am 16.Dezember nicht kommen k\u00f6nnen, w\u00fcnschen wir jetzt schon einen besinnlichen Advent und frohe Festtage!<br \/>\nVielleicht sehen wir einander ja beim\u00a0<a href=\"https:\/\/www.radlobby.org\/noe\/neujahrsradeln-2026-wiener-neustadt\" target=\"_blank\" rel=\"noopener\">Neujahrsradeln nach Bad Fischau<\/a>?!<\/p>\n<p>&nbsp;<\/p>\n","protected":false},"excerpt":{"rendered":"<p>Kommt gerne zur Weihnachtsfeier von Radlobby und Klimab\u00fcndnis am Dienstag, 16.Dezember 2025, um 18 Uhr im Restaurant Bianco, Raugasse 6, WN! Bitte unbedingt anmelden bei wn@radlobby.at oder bei Friederike Zauner\u00a0friederike.zauner@gmx.net ! Allen, die am 16.Dezember nicht kommen k\u00f6nnen, w\u00fcnschen wir<\/p>\n","protected":false},"author":55,"featured_media":40631,"comment_status":"closed","ping_status":"closed","sticky":false,"template":"","format":"standard","meta":{"footnotes":""},"categories":[7],"tags":[],"class_list":["post-40630","post","type-post","status-publish","format-standard","has-post-thumbnail","hentry","category-wiener-neustadt"],"yoast_head":"<!-- This site is optimized with the Yoast SEO plugin v26.9 - https:\/\/yoast.com\/product\/yoast-seo-wordpress\/ -->\n<title>Wiener Neustadt: Radlobby und Klimab\u00fcndnis feiern gemeinsam Weihnachten - Radlobby Nieder\u00f6sterreich<\/title>\n<meta name=\"robots\" content=\"index, follow, max-snippet:-1, max-image-preview:large, max-video-preview:-1\" \/>\n<link rel=\"canonical\" href=\"https:\/\/www.radlobby.org\/noe\/wiener-neustadt-weihnachten25\/\" \/>\n<meta property=\"og:locale\" content=\"de_DE\" \/>\n<meta property=\"og:type\" content=\"article\" \/>\n<meta property=\"og:title\" content=\"Wiener Neustadt: Radlobby und Klimab\u00fcndnis feiern gemeinsam Weihnachten - Radlobby Nieder\u00f6sterreich\" \/>\n<meta property=\"og:description\" content=\"Kommt gerne zur Weihnachtsfeier von Radlobby und Klimab\u00fcndnis am Dienstag, 16.Dezember 2025, um 18 Uhr im Restaurant Bianco, Raugasse 6, WN! Bitte unbedingt anmelden bei wn@radlobby.at oder bei Friederike Zauner\u00a0friederike.zauner@gmx.net ! Allen, die am 16.Dezember nicht kommen k\u00f6nnen, w\u00fcnschen wir\" \/>\n<meta property=\"og:url\" content=\"https:\/\/www.radlobby.org\/noe\/wiener-neustadt-weihnachten25\/\" \/>\n<meta property=\"og:site_name\" content=\"Radlobby Nieder\u00f6sterreich\" \/>\n<meta property=\"article:publisher\" content=\"https:\/\/www.facebook.com\/groups\/radfahren.in.noe\/\" \/>\n<meta property=\"article:published_time\" content=\"2025-11-29T16:01:41+00:00\" \/>\n<meta property=\"article:modified_time\" content=\"2025-12-16T14:27:15+00:00\" \/>\n<meta property=\"og:image\" content=\"https:\/\/www.radlobby.org\/noe\/wp-content\/uploads\/20241217_WeihnKBRL.jpg\" \/>\n\t<meta property=\"og:image:width\" content=\"1920\" \/>\n\t<meta property=\"og:image:height\" content=\"1081\" \/>\n\t<meta property=\"og:image:type\" content=\"image\/jpeg\" \/>\n<meta name=\"author\" content=\"Gerold Petritsch\" \/>\n<meta name=\"twitter:card\" content=\"summary_large_image\" \/>\n<meta name=\"twitter:label1\" content=\"Verfasst von\" \/>\n\t<meta name=\"twitter:data1\" content=\"Gerold Petritsch\" \/>\n\t<meta name=\"twitter:label2\" content=\"Gesch\u00e4tzte Lesezeit\" \/>\n\t<meta name=\"twitter:data2\" content=\"1\u00a0Minute\" \/>\n<script type=\"application\/ld+json\" class=\"yoast-schema-graph\">{\"@context\":\"https:\/\/schema.org\",\"@graph\":[{\"@type\":\"Article\",\"@id\":\"https:\/\/www.radlobby.org\/noe\/wiener-neustadt-weihnachten25\/#article\",\"isPartOf\":{\"@id\":\"https:\/\/www.radlobby.org\/noe\/wiener-neustadt-weihnachten25\/\"},\"author\":{\"name\":\"Gerold Petritsch\",\"@id\":\"https:\/\/www.radlobby.org\/noe\/#\/schema\/person\/6575d09b0e7b7970d5b81d0bab520c61\"},\"headline\":\"Wiener Neustadt: Radlobby und Klimab\u00fcndnis feiern gemeinsam Weihnachten\",\"datePublished\":\"2025-11-29T16:01:41+00:00\",\"dateModified\":\"2025-12-16T14:27:15+00:00\",\"mainEntityOfPage\":{\"@id\":\"https:\/\/www.radlobby.org\/noe\/wiener-neustadt-weihnachten25\/\"},\"wordCount\":74,\"publisher\":{\"@id\":\"https:\/\/www.radlobby.org\/noe\/#organization\"},\"image\":{\"@id\":\"https:\/\/www.radlobby.org\/noe\/wiener-neustadt-weihnachten25\/#primaryimage\"},\"thumbnailUrl\":\"https:\/\/www.radlobby.org\/noe\/wp-content\/uploads\/20241217_WeihnKBRL.jpg\",\"articleSection\":[\"Radlobby Wiener Neustadt\"],\"inLanguage\":\"de\"},{\"@type\":\"WebPage\",\"@id\":\"https:\/\/www.radlobby.org\/noe\/wiener-neustadt-weihnachten25\/\",\"url\":\"https:\/\/www.radlobby.org\/noe\/wiener-neustadt-weihnachten25\/\",\"name\":\"Wiener Neustadt: Radlobby und Klimab\u00fcndnis feiern gemeinsam Weihnachten - Radlobby Nieder\u00f6sterreich\",\"isPartOf\":{\"@id\":\"https:\/\/www.radlobby.org\/noe\/#website\"},\"primaryImageOfPage\":{\"@id\":\"https:\/\/www.radlobby.org\/noe\/wiener-neustadt-weihnachten25\/#primaryimage\"},\"image\":{\"@id\":\"https:\/\/www.radlobby.org\/noe\/wiener-neustadt-weihnachten25\/#primaryimage\"},\"thumbnailUrl\":\"https:\/\/www.radlobby.org\/noe\/wp-content\/uploads\/20241217_WeihnKBRL.jpg\",\"datePublished\":\"2025-11-29T16:01:41+00:00\",\"dateModified\":\"2025-12-16T14:27:15+00:00\",\"breadcrumb\":{\"@id\":\"https:\/\/www.radlobby.org\/noe\/wiener-neustadt-weihnachten25\/#breadcrumb\"},\"inLanguage\":\"de\",\"potentialAction\":[{\"@type\":\"ReadAction\",\"target\":[\"https:\/\/www.radlobby.org\/noe\/wiener-neustadt-weihnachten25\/\"]}]},{\"@type\":\"ImageObject\",\"inLanguage\":\"de\",\"@id\":\"https:\/\/www.radlobby.org\/noe\/wiener-neustadt-weihnachten25\/#primaryimage\",\"url\":\"https:\/\/www.radlobby.org\/noe\/wp-content\/uploads\/20241217_WeihnKBRL.jpg\",\"contentUrl\":\"https:\/\/www.radlobby.org\/noe\/wp-content\/uploads\/20241217_WeihnKBRL.jpg\",\"width\":1920,\"height\":1081},{\"@type\":\"BreadcrumbList\",\"@id\":\"https:\/\/www.radlobby.org\/noe\/wiener-neustadt-weihnachten25\/#breadcrumb\",\"itemListElement\":[{\"@type\":\"ListItem\",\"position\":1,\"name\":\"Startseite\",\"item\":\"https:\/\/www.radlobby.org\/noe\/\"},{\"@type\":\"ListItem\",\"position\":2,\"name\":\"Wiener Neustadt: Radlobby und Klimab\u00fcndnis feiern gemeinsam Weihnachten\"}]},{\"@type\":\"WebSite\",\"@id\":\"https:\/\/www.radlobby.org\/noe\/#website\",\"url\":\"https:\/\/www.radlobby.org\/noe\/\",\"name\":\"Radlobby Nieder\u00f6sterreich\",\"description\":\"Radverkehr, Fahrrad, Radfahren, Radreisen, Radtouren, Radweg\",\"publisher\":{\"@id\":\"https:\/\/www.radlobby.org\/noe\/#organization\"},\"potentialAction\":[{\"@type\":\"SearchAction\",\"target\":{\"@type\":\"EntryPoint\",\"urlTemplate\":\"https:\/\/www.radlobby.org\/noe\/?s={search_term_string}\"},\"query-input\":{\"@type\":\"PropertyValueSpecification\",\"valueRequired\":true,\"valueName\":\"search_term_string\"}}],\"inLanguage\":\"de\"},{\"@type\":\"Organization\",\"@id\":\"https:\/\/www.radlobby.org\/noe\/#organization\",\"name\":\"Radlobby Nieder\u00f6sterreich\",\"url\":\"https:\/\/www.radlobby.org\/noe\/\",\"logo\":{\"@type\":\"ImageObject\",\"inLanguage\":\"de\",\"@id\":\"https:\/\/www.radlobby.org\/noe\/#\/schema\/logo\/image\/\",\"url\":\"https:\/\/www.radlobby.org\/noe\/wp-content\/uploads\/2017\/01\/cropped-Logo_Radlobby_Niederoesterreich_50-400px_quer-1.jpg\",\"contentUrl\":\"https:\/\/www.radlobby.org\/noe\/wp-content\/uploads\/2017\/01\/cropped-Logo_Radlobby_Niederoesterreich_50-400px_quer-1.jpg\",\"width\":450,\"height\":124,\"caption\":\"Radlobby Nieder\u00f6sterreich\"},\"image\":{\"@id\":\"https:\/\/www.radlobby.org\/noe\/#\/schema\/logo\/image\/\"},\"sameAs\":[\"https:\/\/www.facebook.com\/groups\/radfahren.in.noe\/\"]},{\"@type\":\"Person\",\"@id\":\"https:\/\/www.radlobby.org\/noe\/#\/schema\/person\/6575d09b0e7b7970d5b81d0bab520c61\",\"name\":\"Gerold Petritsch\",\"image\":{\"@type\":\"ImageObject\",\"inLanguage\":\"de\",\"@id\":\"https:\/\/www.radlobby.org\/noe\/#\/schema\/person\/image\/\",\"url\":\"https:\/\/secure.gravatar.com\/avatar\/9dc36f4c91f9894712dd7fdc25d6d6bc3448cf31a66187da4b2a4081af93013d?s=96&d=mm&r=g\",\"contentUrl\":\"https:\/\/secure.gravatar.com\/avatar\/9dc36f4c91f9894712dd7fdc25d6d6bc3448cf31a66187da4b2a4081af93013d?s=96&d=mm&r=g\",\"caption\":\"Gerold Petritsch\"},\"url\":\"https:\/\/www.radlobby.org\/noe\/author\/gerold-petritsch\/\"}]}<\/script>\n<!-- \/ Yoast SEO plugin. -->","yoast_head_json":{"title":"Wiener Neustadt: Radlobby und Klimab\u00fcndnis feiern gemeinsam Weihnachten - Radlobby Nieder\u00f6sterreich","robots":{"index":"index","follow":"follow","max-snippet":"max-snippet:-1","max-image-preview":"max-image-preview:large","max-video-preview":"max-video-preview:-1"},"canonical":"https:\/\/www.radlobby.org\/noe\/wiener-neustadt-weihnachten25\/","og_locale":"de_DE","og_type":"article","og_title":"Wiener Neustadt: Radlobby und Klimab\u00fcndnis feiern gemeinsam Weihnachten - Radlobby Nieder\u00f6sterreich","og_description":"Kommt gerne zur Weihnachtsfeier von Radlobby und Klimab\u00fcndnis am Dienstag, 16.Dezember 2025, um 18 Uhr im Restaurant Bianco, Raugasse 6, WN! Bitte unbedingt anmelden bei wn@radlobby.at oder bei Friederike Zauner\u00a0friederike.zauner@gmx.net ! Allen, die am 16.Dezember nicht kommen k\u00f6nnen, w\u00fcnschen wir","og_url":"https:\/\/www.radlobby.org\/noe\/wiener-neustadt-weihnachten25\/","og_site_name":"Radlobby Nieder\u00f6sterreich","article_publisher":"https:\/\/www.facebook.com\/groups\/radfahren.in.noe\/","article_published_time":"2025-11-29T16:01:41+00:00","article_modified_time":"2025-12-16T14:27:15+00:00","og_image":[{"width":1920,"height":1081,"url":"https:\/\/www.radlobby.org\/noe\/wp-content\/uploads\/20241217_WeihnKBRL.jpg","type":"image\/jpeg"}],"author":"Gerold Petritsch","twitter_card":"summary_large_image","twitter_misc":{"Verfasst von":"Gerold Petritsch","Gesch\u00e4tzte Lesezeit":"1\u00a0Minute"},"schema":{"@context":"https:\/\/schema.org","@graph":[{"@type":"Article","@id":"https:\/\/www.radlobby.org\/noe\/wiener-neustadt-weihnachten25\/#article","isPartOf":{"@id":"https:\/\/www.radlobby.org\/noe\/wiener-neustadt-weihnachten25\/"},"author":{"name":"Gerold Petritsch","@id":"https:\/\/www.radlobby.org\/noe\/#\/schema\/person\/6575d09b0e7b7970d5b81d0bab520c61"},"headline":"Wiener Neustadt: Radlobby und Klimab\u00fcndnis feiern gemeinsam Weihnachten","datePublished":"2025-11-29T16:01:41+00:00","dateModified":"2025-12-16T14:27:15+00:00","mainEntityOfPage":{"@id":"https:\/\/www.radlobby.org\/noe\/wiener-neustadt-weihnachten25\/"},"wordCount":74,"publisher":{"@id":"https:\/\/www.radlobby.org\/noe\/#organization"},"image":{"@id":"https:\/\/www.radlobby.org\/noe\/wiener-neustadt-weihnachten25\/#primaryimage"},"thumbnailUrl":"https:\/\/www.radlobby.org\/noe\/wp-content\/uploads\/20241217_WeihnKBRL.jpg","articleSection":["Radlobby Wiener Neustadt"],"inLanguage":"de"},{"@type":"WebPage","@id":"https:\/\/www.radlobby.org\/noe\/wiener-neustadt-weihnachten25\/","url":"https:\/\/www.radlobby.org\/noe\/wiener-neustadt-weihnachten25\/","name":"Wiener Neustadt: Radlobby und Klimab\u00fcndnis feiern gemeinsam Weihnachten - Radlobby Nieder\u00f6sterreich","isPartOf":{"@id":"https:\/\/www.radlobby.org\/noe\/#website"},"primaryImageOfPage":{"@id":"https:\/\/www.radlobby.org\/noe\/wiener-neustadt-weihnachten25\/#primaryimage"},"image":{"@id":"https:\/\/www.radlobby.org\/noe\/wiener-neustadt-weihnachten25\/#primaryimage"},"thumbnailUrl":"https:\/\/www.radlobby.org\/noe\/wp-content\/uploads\/20241217_WeihnKBRL.jpg","datePublished":"2025-11-29T16:01:41+00:00","dateModified":"2025-12-16T14:27:15+00:00","breadcrumb":{"@id":"https:\/\/www.radlobby.org\/noe\/wiener-neustadt-weihnachten25\/#breadcrumb"},"inLanguage":"de","potentialAction":[{"@type":"ReadAction","target":["https:\/\/www.radlobby.org\/noe\/wiener-neustadt-weihnachten25\/"]}]},{"@type":"ImageObject","inLanguage":"de","@id":"https:\/\/www.radlobby.org\/noe\/wiener-neustadt-weihnachten25\/#primaryimage","url":"https:\/\/www.radlobby.org\/noe\/wp-content\/uploads\/20241217_WeihnKBRL.jpg","contentUrl":"https:\/\/www.radlobby.org\/noe\/wp-content\/uploads\/20241217_WeihnKBRL.jpg","width":1920,"height":1081},{"@type":"BreadcrumbList","@id":"https:\/\/www.radlobby.org\/noe\/wiener-neustadt-weihnachten25\/#breadcrumb","itemListElement":[{"@type":"ListItem","position":1,"name":"Startseite","item":"https:\/\/www.radlobby.org\/noe\/"},{"@type":"ListItem","position":2,"name":"Wiener Neustadt: Radlobby und Klimab\u00fcndnis feiern gemeinsam Weihnachten"}]},{"@type":"WebSite","@id":"https:\/\/www.radlobby.org\/noe\/#website","url":"https:\/\/www.radlobby.org\/noe\/","name":"Radlobby Nieder\u00f6sterreich","description":"Radverkehr, Fahrrad, Radfahren, Radreisen, Radtouren, Radweg","publisher":{"@id":"https:\/\/www.radlobby.org\/noe\/#organization"},"potentialAction":[{"@type":"SearchAction","target":{"@type":"EntryPoint","urlTemplate":"https:\/\/www.radlobby.org\/noe\/?s={search_term_string}"},"query-input":{"@type":"PropertyValueSpecification","valueRequired":true,"valueName":"search_term_string"}}],"inLanguage":"de"},{"@type":"Organization","@id":"https:\/\/www.radlobby.org\/noe\/#organization","name":"Radlobby Nieder\u00f6sterreich","url":"https:\/\/www.radlobby.org\/noe\/","logo":{"@type":"ImageObject","inLanguage":"de","@id":"https:\/\/www.radlobby.org\/noe\/#\/schema\/logo\/image\/","url":"https:\/\/www.radlobby.org\/noe\/wp-content\/uploads\/2017\/01\/cropped-Logo_Radlobby_Niederoesterreich_50-400px_quer-1.jpg","contentUrl":"https:\/\/www.radlobby.org\/noe\/wp-content\/uploads\/2017\/01\/cropped-Logo_Radlobby_Niederoesterreich_50-400px_quer-1.jpg","width":450,"height":124,"caption":"Radlobby Nieder\u00f6sterreich"},"image":{"@id":"https:\/\/www.radlobby.org\/noe\/#\/schema\/logo\/image\/"},"sameAs":["https:\/\/www.facebook.com\/groups\/radfahren.in.noe\/"]},{"@type":"Person","@id":"https:\/\/www.radlobby.org\/noe\/#\/schema\/person\/6575d09b0e7b7970d5b81d0bab520c61","name":"Gerold Petritsch","image":{"@type":"ImageObject","inLanguage":"de","@id":"https:\/\/www.radlobby.org\/noe\/#\/schema\/person\/image\/","url":"https:\/\/secure.gravatar.com\/avatar\/9dc36f4c91f9894712dd7fdc25d6d6bc3448cf31a66187da4b2a4081af93013d?s=96&d=mm&r=g","contentUrl":"https:\/\/secure.gravatar.com\/avatar\/9dc36f4c91f9894712dd7fdc25d6d6bc3448cf31a66187da4b2a4081af93013d?s=96&d=mm&r=g","caption":"Gerold Petritsch"},"url":"https:\/\/www.radlobby.org\/noe\/author\/gerold-petritsch\/"}]}},"_links":{"self":[{"href":"https:\/\/www.radlobby.org\/noe\/wp-json\/wp\/v2\/posts\/40630","targetHints":{"allow":["GET"]}}],"collection":[{"href":"https:\/\/www.radlobby.org\/noe\/wp-json\/wp\/v2\/posts"}],"about":[{"href":"https:\/\/www.radlobby.org\/noe\/wp-json\/wp\/v2\/types\/post"}],"author":[{"embeddable":true,"href":"https:\/\/www.radlobby.org\/noe\/wp-json\/wp\/v2\/users\/55"}],"replies":[{"embeddable":true,"href":"https:\/\/www.radlobby.org\/noe\/wp-json\/wp\/v2\/comments?post=40630"}],"version-history":[{"count":4,"href":"https:\/\/www.radlobby.org\/noe\/wp-json\/wp\/v2\/posts\/40630\/revisions"}],"predecessor-version":[{"id":40850,"href":"https:\/\/www.radlobby.org\/noe\/wp-json\/wp\/v2\/posts\/40630\/revisions\/40850"}],"wp:featuredmedia":[{"embeddable":true,"href":"https:\/\/www.radlobby.org\/noe\/wp-json\/wp\/v2\/media\/40631"}],"wp:attachment":[{"href":"https:\/\/www.radlobby.org\/noe\/wp-json\/wp\/v2\/media?parent=40630"}],"wp:term":[{"taxonomy":"category","embeddable":true,"href":"https:\/\/www.radlobby.org\/noe\/wp-json\/wp\/v2\/categories?post=40630"},{"taxonomy":"post_tag","embeddable":true,"href":"https:\/\/www.radlobby.org\/noe\/wp-json\/wp\/v2\/tags?post=40630"}],"curies":[{"name":"wp","href":"https:\/\/api.w.org\/{rel}","templated":true}]}}