{"id":40438,"date":"2025-10-12T16:06:17","date_gmt":"2025-10-12T14:06:17","guid":{"rendered":"https:\/\/www.radlobby.org\/noe\/?p=40438"},"modified":"2025-10-12T16:06:17","modified_gmt":"2025-10-12T14:06:17","slug":"rege-diskussion-beim-traismaurer-radstammtisch","status":"publish","type":"post","link":"https:\/\/www.radlobby.org\/noe\/rege-diskussion-beim-traismaurer-radstammtisch\/","title":{"rendered":"Rege Diskussion beim Traismaurer Radstammtisch"},"content":{"rendered":"<p>Am 9. Okt. 2025 fand im Gasthof Foretnik\/Stollhofen ein f\u00fcr alle offener Rad-Stammtisch statt. Veranstalter war die parteipolitisch unabh\u00e4ngige Radlobby Traismauer, die das verkehrspolitische Ziel verfolgt, das Radfahren im Gemeindegebiet zu f\u00f6rdern.<\/p>\n<p>Eingeladen waren insbesondere s\u00e4mtliche im Gemeinderat vertretenen Parteien. Vor der Gemeinderatswahl signalisierten n\u00e4mlich alle sechs Listen im Rahmen einer 9 Punkte-Umfrage zum Thema Verbesserungsvorschl\u00e4ge ihre grunds\u00e4tzliche Gespr\u00e4chsbereitschaft.<\/p>\n<p>Leider mussten sich kurzfristig drei Fraktionen entschuldigen. Unter den 17 Teilnehmern befanden sich die Tourismus-StR Veronika Haas (\u00d6VP), Verkehrs-StR Wolfgang Frei\u00dfmuth (FP\u00d6) und GR Arnolf Reinwald (fBT).<span class=\"Apple-converted-space\">\u00a0<\/span><\/p>\n<p>Die Radlobby wollte unter dem Motto \u201eJetzt red\u2019 i\u201c die unterschiedlichen Meinungen zu ihren Verbesserungsvorschl\u00e4gen im Rahmen eines Stammtisches in Erfahrung bringen. Vor der Wahl legten sich SP\u00d6, \u00d6VP, FP\u00d6 u. fBT zu wesentlichen Punkten nicht schriftlich fest.<span class=\"Apple-converted-space\">\u00a0<\/span><\/p>\n<p>Zur Frage Einbindung bei verkehrsrelevanten Entscheidungen z.B. durch die Installierung eines Gemeinde-Radbeauftragten wurde jetzt Zustimmung signalisiert. Die \u00d6ffnung von Einbahnen f\u00fcr Radfahrer und die Aufhebung der Radwegeben\u00fctzungspflicht w\u00fcrden die Gemeindefunktion\u00e4re lieber im Einzelfall behandeln.<\/p>\n<p>Im Rahmen von Gespr\u00e4chen und durch einzelne Stellungnahmen zu den Vorschl\u00e4gen konnten die unterschiedlichen Meinungen ausgetauscht werden. Die Radlobby hofft, einen Anstoss f\u00fcr radfahrfreundliche Antr\u00e4ge im Gemeinderat gegeben zu haben.<img loading=\"lazy\" decoding=\"async\" class=\"aligncenter wp-image-40439\" src=\"https:\/\/www.radlobby.org\/noe\/wp-content\/uploads\/2025-10-09_Traismauer_Radstammtisch-1-scaled.jpg\" alt=\"\" width=\"1000\" height=\"665\" srcset=\"https:\/\/www.radlobby.org\/noe\/wp-content\/uploads\/2025-10-09_Traismauer_Radstammtisch-1-scaled.jpg 2560w, https:\/\/www.radlobby.org\/noe\/wp-content\/uploads\/2025-10-09_Traismauer_Radstammtisch-1-300x200.jpg 300w\" sizes=\"auto, (max-width: 1000px) 100vw, 1000px\" \/><\/p>\n","protected":false},"excerpt":{"rendered":"<p>Am 9. Okt. 2025 fand im Gasthof Foretnik\/Stollhofen ein f\u00fcr alle offener Rad-Stammtisch statt. Veranstalter war die parteipolitisch unabh\u00e4ngige Radlobby Traismauer, die das verkehrspolitische Ziel verfolgt, das Radfahren im Gemeindegebiet zu f\u00f6rdern. Eingeladen waren insbesondere s\u00e4mtliche im Gemeinderat vertretenen Parteien.<\/p>\n","protected":false},"author":53,"featured_media":40439,"comment_status":"closed","ping_status":"closed","sticky":false,"template":"","format":"standard","meta":{"footnotes":""},"categories":[412,667],"tags":[193,40],"class_list":["post-40438","post","type-post","status-publish","format-standard","has-post-thumbnail","hentry","category-traismauer","category-radpolitik-in-noe","tag-radpolitik","tag-stammtisch"],"yoast_head":"<!-- This site is optimized with the Yoast SEO plugin v26.9 - https:\/\/yoast.com\/product\/yoast-seo-wordpress\/ -->\n<title>Rege Diskussion beim Traismaurer Radstammtisch - Radlobby Nieder\u00f6sterreich<\/title>\n<meta name=\"robots\" content=\"index, follow, max-snippet:-1, max-image-preview:large, max-video-preview:-1\" \/>\n<link rel=\"canonical\" href=\"https:\/\/www.radlobby.org\/noe\/rege-diskussion-beim-traismaurer-radstammtisch\/\" \/>\n<meta property=\"og:locale\" content=\"de_DE\" \/>\n<meta property=\"og:type\" content=\"article\" \/>\n<meta property=\"og:title\" content=\"Rege Diskussion beim Traismaurer Radstammtisch - Radlobby Nieder\u00f6sterreich\" \/>\n<meta property=\"og:description\" content=\"Am 9. Okt. 2025 fand im Gasthof Foretnik\/Stollhofen ein f\u00fcr alle offener Rad-Stammtisch statt. Veranstalter war die parteipolitisch unabh\u00e4ngige Radlobby Traismauer, die das verkehrspolitische Ziel verfolgt, das Radfahren im Gemeindegebiet zu f\u00f6rdern. Eingeladen waren insbesondere s\u00e4mtliche im Gemeinderat vertretenen Parteien.\" \/>\n<meta property=\"og:url\" content=\"https:\/\/www.radlobby.org\/noe\/rege-diskussion-beim-traismaurer-radstammtisch\/\" \/>\n<meta property=\"og:site_name\" content=\"Radlobby Nieder\u00f6sterreich\" \/>\n<meta property=\"article:publisher\" content=\"https:\/\/www.facebook.com\/groups\/radfahren.in.noe\/\" \/>\n<meta property=\"article:published_time\" content=\"2025-10-12T14:06:17+00:00\" \/>\n<meta property=\"og:image\" content=\"https:\/\/www.radlobby.org\/noe\/wp-content\/uploads\/2025-10-09_Traismauer_Radstammtisch-1-scaled.jpg\" \/>\n\t<meta property=\"og:image:width\" content=\"2560\" \/>\n\t<meta property=\"og:image:height\" content=\"1703\" \/>\n\t<meta property=\"og:image:type\" content=\"image\/jpeg\" \/>\n<meta name=\"author\" content=\"Ernst Reischauer\" \/>\n<meta name=\"twitter:card\" content=\"summary_large_image\" \/>\n<meta name=\"twitter:label1\" content=\"Verfasst von\" \/>\n\t<meta name=\"twitter:data1\" content=\"Ernst Reischauer\" \/>\n\t<meta name=\"twitter:label2\" content=\"Gesch\u00e4tzte Lesezeit\" \/>\n\t<meta name=\"twitter:data2\" content=\"2\u00a0Minuten\" \/>\n<script type=\"application\/ld+json\" class=\"yoast-schema-graph\">{\"@context\":\"https:\/\/schema.org\",\"@graph\":[{\"@type\":\"Article\",\"@id\":\"https:\/\/www.radlobby.org\/noe\/rege-diskussion-beim-traismaurer-radstammtisch\/#article\",\"isPartOf\":{\"@id\":\"https:\/\/www.radlobby.org\/noe\/rege-diskussion-beim-traismaurer-radstammtisch\/\"},\"author\":{\"name\":\"Ernst Reischauer\",\"@id\":\"https:\/\/www.radlobby.org\/noe\/#\/schema\/person\/2a54438f8204f2499e497e3db91a8f72\"},\"headline\":\"Rege Diskussion beim Traismaurer Radstammtisch\",\"datePublished\":\"2025-10-12T14:06:17+00:00\",\"mainEntityOfPage\":{\"@id\":\"https:\/\/www.radlobby.org\/noe\/rege-diskussion-beim-traismaurer-radstammtisch\/\"},\"wordCount\":209,\"publisher\":{\"@id\":\"https:\/\/www.radlobby.org\/noe\/#organization\"},\"image\":{\"@id\":\"https:\/\/www.radlobby.org\/noe\/rege-diskussion-beim-traismaurer-radstammtisch\/#primaryimage\"},\"thumbnailUrl\":\"https:\/\/www.radlobby.org\/noe\/wp-content\/uploads\/2025-10-09_Traismauer_Radstammtisch-1-scaled.jpg\",\"keywords\":[\"Radpolitik\",\"Stammtisch\"],\"articleSection\":[\"Radlobby Traismauer\",\"Radpolitik in N\u00d6\"],\"inLanguage\":\"de\"},{\"@type\":\"WebPage\",\"@id\":\"https:\/\/www.radlobby.org\/noe\/rege-diskussion-beim-traismaurer-radstammtisch\/\",\"url\":\"https:\/\/www.radlobby.org\/noe\/rege-diskussion-beim-traismaurer-radstammtisch\/\",\"name\":\"Rege Diskussion beim Traismaurer Radstammtisch - Radlobby Nieder\u00f6sterreich\",\"isPartOf\":{\"@id\":\"https:\/\/www.radlobby.org\/noe\/#website\"},\"primaryImageOfPage\":{\"@id\":\"https:\/\/www.radlobby.org\/noe\/rege-diskussion-beim-traismaurer-radstammtisch\/#primaryimage\"},\"image\":{\"@id\":\"https:\/\/www.radlobby.org\/noe\/rege-diskussion-beim-traismaurer-radstammtisch\/#primaryimage\"},\"thumbnailUrl\":\"https:\/\/www.radlobby.org\/noe\/wp-content\/uploads\/2025-10-09_Traismauer_Radstammtisch-1-scaled.jpg\",\"datePublished\":\"2025-10-12T14:06:17+00:00\",\"breadcrumb\":{\"@id\":\"https:\/\/www.radlobby.org\/noe\/rege-diskussion-beim-traismaurer-radstammtisch\/#breadcrumb\"},\"inLanguage\":\"de\",\"potentialAction\":[{\"@type\":\"ReadAction\",\"target\":[\"https:\/\/www.radlobby.org\/noe\/rege-diskussion-beim-traismaurer-radstammtisch\/\"]}]},{\"@type\":\"ImageObject\",\"inLanguage\":\"de\",\"@id\":\"https:\/\/www.radlobby.org\/noe\/rege-diskussion-beim-traismaurer-radstammtisch\/#primaryimage\",\"url\":\"https:\/\/www.radlobby.org\/noe\/wp-content\/uploads\/2025-10-09_Traismauer_Radstammtisch-1-scaled.jpg\",\"contentUrl\":\"https:\/\/www.radlobby.org\/noe\/wp-content\/uploads\/2025-10-09_Traismauer_Radstammtisch-1-scaled.jpg\",\"width\":2560,\"height\":1703},{\"@type\":\"BreadcrumbList\",\"@id\":\"https:\/\/www.radlobby.org\/noe\/rege-diskussion-beim-traismaurer-radstammtisch\/#breadcrumb\",\"itemListElement\":[{\"@type\":\"ListItem\",\"position\":1,\"name\":\"Startseite\",\"item\":\"https:\/\/www.radlobby.org\/noe\/\"},{\"@type\":\"ListItem\",\"position\":2,\"name\":\"Rege Diskussion beim Traismaurer Radstammtisch\"}]},{\"@type\":\"WebSite\",\"@id\":\"https:\/\/www.radlobby.org\/noe\/#website\",\"url\":\"https:\/\/www.radlobby.org\/noe\/\",\"name\":\"Radlobby Nieder\u00f6sterreich\",\"description\":\"Radverkehr, Fahrrad, Radfahren, Radreisen, Radtouren, Radweg\",\"publisher\":{\"@id\":\"https:\/\/www.radlobby.org\/noe\/#organization\"},\"potentialAction\":[{\"@type\":\"SearchAction\",\"target\":{\"@type\":\"EntryPoint\",\"urlTemplate\":\"https:\/\/www.radlobby.org\/noe\/?s={search_term_string}\"},\"query-input\":{\"@type\":\"PropertyValueSpecification\",\"valueRequired\":true,\"valueName\":\"search_term_string\"}}],\"inLanguage\":\"de\"},{\"@type\":\"Organization\",\"@id\":\"https:\/\/www.radlobby.org\/noe\/#organization\",\"name\":\"Radlobby Nieder\u00f6sterreich\",\"url\":\"https:\/\/www.radlobby.org\/noe\/\",\"logo\":{\"@type\":\"ImageObject\",\"inLanguage\":\"de\",\"@id\":\"https:\/\/www.radlobby.org\/noe\/#\/schema\/logo\/image\/\",\"url\":\"https:\/\/www.radlobby.org\/noe\/wp-content\/uploads\/2017\/01\/cropped-Logo_Radlobby_Niederoesterreich_50-400px_quer-1.jpg\",\"contentUrl\":\"https:\/\/www.radlobby.org\/noe\/wp-content\/uploads\/2017\/01\/cropped-Logo_Radlobby_Niederoesterreich_50-400px_quer-1.jpg\",\"width\":450,\"height\":124,\"caption\":\"Radlobby Nieder\u00f6sterreich\"},\"image\":{\"@id\":\"https:\/\/www.radlobby.org\/noe\/#\/schema\/logo\/image\/\"},\"sameAs\":[\"https:\/\/www.facebook.com\/groups\/radfahren.in.noe\/\"]},{\"@type\":\"Person\",\"@id\":\"https:\/\/www.radlobby.org\/noe\/#\/schema\/person\/2a54438f8204f2499e497e3db91a8f72\",\"name\":\"Ernst Reischauer\",\"image\":{\"@type\":\"ImageObject\",\"inLanguage\":\"de\",\"@id\":\"https:\/\/www.radlobby.org\/noe\/#\/schema\/person\/image\/\",\"url\":\"https:\/\/secure.gravatar.com\/avatar\/a892db63abdfdced1eee4344eed5373f766aed0a520fae0d912d753935f36fcd?s=96&d=mm&r=g\",\"contentUrl\":\"https:\/\/secure.gravatar.com\/avatar\/a892db63abdfdced1eee4344eed5373f766aed0a520fae0d912d753935f36fcd?s=96&d=mm&r=g\",\"caption\":\"Ernst Reischauer\"},\"url\":\"https:\/\/www.radlobby.org\/noe\/author\/ernst-reischauer\/\"}]}<\/script>\n<!-- \/ Yoast SEO plugin. -->","yoast_head_json":{"title":"Rege Diskussion beim Traismaurer Radstammtisch - Radlobby Nieder\u00f6sterreich","robots":{"index":"index","follow":"follow","max-snippet":"max-snippet:-1","max-image-preview":"max-image-preview:large","max-video-preview":"max-video-preview:-1"},"canonical":"https:\/\/www.radlobby.org\/noe\/rege-diskussion-beim-traismaurer-radstammtisch\/","og_locale":"de_DE","og_type":"article","og_title":"Rege Diskussion beim Traismaurer Radstammtisch - Radlobby Nieder\u00f6sterreich","og_description":"Am 9. Okt. 2025 fand im Gasthof Foretnik\/Stollhofen ein f\u00fcr alle offener Rad-Stammtisch statt. Veranstalter war die parteipolitisch unabh\u00e4ngige Radlobby Traismauer, die das verkehrspolitische Ziel verfolgt, das Radfahren im Gemeindegebiet zu f\u00f6rdern. Eingeladen waren insbesondere s\u00e4mtliche im Gemeinderat vertretenen Parteien.","og_url":"https:\/\/www.radlobby.org\/noe\/rege-diskussion-beim-traismaurer-radstammtisch\/","og_site_name":"Radlobby Nieder\u00f6sterreich","article_publisher":"https:\/\/www.facebook.com\/groups\/radfahren.in.noe\/","article_published_time":"2025-10-12T14:06:17+00:00","og_image":[{"width":2560,"height":1703,"url":"https:\/\/www.radlobby.org\/noe\/wp-content\/uploads\/2025-10-09_Traismauer_Radstammtisch-1-scaled.jpg","type":"image\/jpeg"}],"author":"Ernst Reischauer","twitter_card":"summary_large_image","twitter_misc":{"Verfasst von":"Ernst Reischauer","Gesch\u00e4tzte Lesezeit":"2\u00a0Minuten"},"schema":{"@context":"https:\/\/schema.org","@graph":[{"@type":"Article","@id":"https:\/\/www.radlobby.org\/noe\/rege-diskussion-beim-traismaurer-radstammtisch\/#article","isPartOf":{"@id":"https:\/\/www.radlobby.org\/noe\/rege-diskussion-beim-traismaurer-radstammtisch\/"},"author":{"name":"Ernst Reischauer","@id":"https:\/\/www.radlobby.org\/noe\/#\/schema\/person\/2a54438f8204f2499e497e3db91a8f72"},"headline":"Rege Diskussion beim Traismaurer Radstammtisch","datePublished":"2025-10-12T14:06:17+00:00","mainEntityOfPage":{"@id":"https:\/\/www.radlobby.org\/noe\/rege-diskussion-beim-traismaurer-radstammtisch\/"},"wordCount":209,"publisher":{"@id":"https:\/\/www.radlobby.org\/noe\/#organization"},"image":{"@id":"https:\/\/www.radlobby.org\/noe\/rege-diskussion-beim-traismaurer-radstammtisch\/#primaryimage"},"thumbnailUrl":"https:\/\/www.radlobby.org\/noe\/wp-content\/uploads\/2025-10-09_Traismauer_Radstammtisch-1-scaled.jpg","keywords":["Radpolitik","Stammtisch"],"articleSection":["Radlobby Traismauer","Radpolitik in N\u00d6"],"inLanguage":"de"},{"@type":"WebPage","@id":"https:\/\/www.radlobby.org\/noe\/rege-diskussion-beim-traismaurer-radstammtisch\/","url":"https:\/\/www.radlobby.org\/noe\/rege-diskussion-beim-traismaurer-radstammtisch\/","name":"Rege Diskussion beim Traismaurer Radstammtisch - Radlobby Nieder\u00f6sterreich","isPartOf":{"@id":"https:\/\/www.radlobby.org\/noe\/#website"},"primaryImageOfPage":{"@id":"https:\/\/www.radlobby.org\/noe\/rege-diskussion-beim-traismaurer-radstammtisch\/#primaryimage"},"image":{"@id":"https:\/\/www.radlobby.org\/noe\/rege-diskussion-beim-traismaurer-radstammtisch\/#primaryimage"},"thumbnailUrl":"https:\/\/www.radlobby.org\/noe\/wp-content\/uploads\/2025-10-09_Traismauer_Radstammtisch-1-scaled.jpg","datePublished":"2025-10-12T14:06:17+00:00","breadcrumb":{"@id":"https:\/\/www.radlobby.org\/noe\/rege-diskussion-beim-traismaurer-radstammtisch\/#breadcrumb"},"inLanguage":"de","potentialAction":[{"@type":"ReadAction","target":["https:\/\/www.radlobby.org\/noe\/rege-diskussion-beim-traismaurer-radstammtisch\/"]}]},{"@type":"ImageObject","inLanguage":"de","@id":"https:\/\/www.radlobby.org\/noe\/rege-diskussion-beim-traismaurer-radstammtisch\/#primaryimage","url":"https:\/\/www.radlobby.org\/noe\/wp-content\/uploads\/2025-10-09_Traismauer_Radstammtisch-1-scaled.jpg","contentUrl":"https:\/\/www.radlobby.org\/noe\/wp-content\/uploads\/2025-10-09_Traismauer_Radstammtisch-1-scaled.jpg","width":2560,"height":1703},{"@type":"BreadcrumbList","@id":"https:\/\/www.radlobby.org\/noe\/rege-diskussion-beim-traismaurer-radstammtisch\/#breadcrumb","itemListElement":[{"@type":"ListItem","position":1,"name":"Startseite","item":"https:\/\/www.radlobby.org\/noe\/"},{"@type":"ListItem","position":2,"name":"Rege Diskussion beim Traismaurer Radstammtisch"}]},{"@type":"WebSite","@id":"https:\/\/www.radlobby.org\/noe\/#website","url":"https:\/\/www.radlobby.org\/noe\/","name":"Radlobby Nieder\u00f6sterreich","description":"Radverkehr, Fahrrad, Radfahren, Radreisen, Radtouren, Radweg","publisher":{"@id":"https:\/\/www.radlobby.org\/noe\/#organization"},"potentialAction":[{"@type":"SearchAction","target":{"@type":"EntryPoint","urlTemplate":"https:\/\/www.radlobby.org\/noe\/?s={search_term_string}"},"query-input":{"@type":"PropertyValueSpecification","valueRequired":true,"valueName":"search_term_string"}}],"inLanguage":"de"},{"@type":"Organization","@id":"https:\/\/www.radlobby.org\/noe\/#organization","name":"Radlobby Nieder\u00f6sterreich","url":"https:\/\/www.radlobby.org\/noe\/","logo":{"@type":"ImageObject","inLanguage":"de","@id":"https:\/\/www.radlobby.org\/noe\/#\/schema\/logo\/image\/","url":"https:\/\/www.radlobby.org\/noe\/wp-content\/uploads\/2017\/01\/cropped-Logo_Radlobby_Niederoesterreich_50-400px_quer-1.jpg","contentUrl":"https:\/\/www.radlobby.org\/noe\/wp-content\/uploads\/2017\/01\/cropped-Logo_Radlobby_Niederoesterreich_50-400px_quer-1.jpg","width":450,"height":124,"caption":"Radlobby Nieder\u00f6sterreich"},"image":{"@id":"https:\/\/www.radlobby.org\/noe\/#\/schema\/logo\/image\/"},"sameAs":["https:\/\/www.facebook.com\/groups\/radfahren.in.noe\/"]},{"@type":"Person","@id":"https:\/\/www.radlobby.org\/noe\/#\/schema\/person\/2a54438f8204f2499e497e3db91a8f72","name":"Ernst Reischauer","image":{"@type":"ImageObject","inLanguage":"de","@id":"https:\/\/www.radlobby.org\/noe\/#\/schema\/person\/image\/","url":"https:\/\/secure.gravatar.com\/avatar\/a892db63abdfdced1eee4344eed5373f766aed0a520fae0d912d753935f36fcd?s=96&d=mm&r=g","contentUrl":"https:\/\/secure.gravatar.com\/avatar\/a892db63abdfdced1eee4344eed5373f766aed0a520fae0d912d753935f36fcd?s=96&d=mm&r=g","caption":"Ernst Reischauer"},"url":"https:\/\/www.radlobby.org\/noe\/author\/ernst-reischauer\/"}]}},"_links":{"self":[{"href":"https:\/\/www.radlobby.org\/noe\/wp-json\/wp\/v2\/posts\/40438","targetHints":{"allow":["GET"]}}],"collection":[{"href":"https:\/\/www.radlobby.org\/noe\/wp-json\/wp\/v2\/posts"}],"about":[{"href":"https:\/\/www.radlobby.org\/noe\/wp-json\/wp\/v2\/types\/post"}],"author":[{"embeddable":true,"href":"https:\/\/www.radlobby.org\/noe\/wp-json\/wp\/v2\/users\/53"}],"replies":[{"embeddable":true,"href":"https:\/\/www.radlobby.org\/noe\/wp-json\/wp\/v2\/comments?post=40438"}],"version-history":[{"count":1,"href":"https:\/\/www.radlobby.org\/noe\/wp-json\/wp\/v2\/posts\/40438\/revisions"}],"predecessor-version":[{"id":40442,"href":"https:\/\/www.radlobby.org\/noe\/wp-json\/wp\/v2\/posts\/40438\/revisions\/40442"}],"wp:featuredmedia":[{"embeddable":true,"href":"https:\/\/www.radlobby.org\/noe\/wp-json\/wp\/v2\/media\/40439"}],"wp:attachment":[{"href":"https:\/\/www.radlobby.org\/noe\/wp-json\/wp\/v2\/media?parent=40438"}],"wp:term":[{"taxonomy":"category","embeddable":true,"href":"https:\/\/www.radlobby.org\/noe\/wp-json\/wp\/v2\/categories?post=40438"},{"taxonomy":"post_tag","embeddable":true,"href":"https:\/\/www.radlobby.org\/noe\/wp-json\/wp\/v2\/tags?post=40438"}],"curies":[{"name":"wp","href":"https:\/\/api.w.org\/{rel}","templated":true}]}}