{"id":40412,"date":"2025-10-05T13:50:30","date_gmt":"2025-10-05T11:50:30","guid":{"rendered":"https:\/\/www.radlobby.org\/noe\/?p=40412"},"modified":"2025-10-05T13:50:30","modified_gmt":"2025-10-05T11:50:30","slug":"tweedride-melk-2025-bericht","status":"publish","type":"post","link":"https:\/\/www.radlobby.org\/noe\/tweedride-melk-2025-bericht\/","title":{"rendered":"Elegant durch Melk geradelt &#8211; beim 12. Tweedride in der Barockstadt"},"content":{"rendered":"<p><strong><em>Die nostalgisch schick gekleideten Radfahrerinnen und Radfahrer, viele auf sehenswerten historischen Fahrr\u00e4dern,\u00a0 fanden sich unter den ungl\u00e4ubig staunenden Augen der Stiftsbesucher im Pr\u00e4latenhof ein. Und fuhren dann bereits zum zw\u00f6lften Mal durch die Barockstadt Melk.<\/em><\/strong><\/p>\n<p>Am 4. Oktober 2025 wurde die illustre 30-k\u00f6pfige Radlerschar von <strong>Abt Ludwig Wenzl <\/strong>herzlich und mit launigen Begr\u00fc\u00dfungsworten im pr\u00e4chtigen Pr\u00e4latenhof des Stiftes willkommen gehei\u00dfen. Der Tweedride Melk ist der einzige Tag im Jahr, an dem Rad fahren im Stift Melk erlaubt ist.<\/p>\n<p>Mit dem empfangenen \u201eRadlersegen\u201c startete die schick gekleidete Gruppe zu Swing-Musik die Fahrt. Bei sch\u00f6nem Herbstwetter wurde die vergn\u00fcgliche, vornehm-entspannte Ausfahrt durch die wundersch\u00f6ne Altstadt von Melk ein Fest f\u00fcr alle &#8211; jene, die mitgefahren sind und auch f\u00fcr die vielen erfreut-staunenden, fotografierenden und spontan applaudierenden Passanten und Touristen am Weg durch die Altstadt und zur Donau, denen der unerwartet-charmante Anblick ein L\u00e4cheln auf die Lippen zauberte.<\/p>\n<p>Die Teilnehmerinnen und Teilnehmer am traditionsreichste Tweedride \u00d6sterreichs kamen nicht nur aus Melk, sondern waren auch aus Ober\u00f6sterreich und Wien angereist.<\/p>\n<p><strong>Der Tweedride Melk ist auch ein verkehrspolitisches Statement:<\/strong><\/p>\n<p>\u201e<em>Es geht um ein originelles Sichtbarmachen des Themas Radfahren in der Stadt. Radfahren ist nicht nur sch\u00f6n \u2013 Radfahren macht auch sch\u00f6n! Nicht nur die Menschen, sondern auch unsere St\u00e4dte! Melk als Kleinstadt der kurzen Wege bietet hier ideale Potentiale f\u00fcr die aktive Mobilit\u00e4t, die es zu nutzen gilt. Von mehr Radfreundlichkeit profitiert Melk doppelt, denn es ist ein Mehrwert f\u00fcr die Bev\u00f6lkerung und f\u00fcr den Tourismus gleicherma\u00dfen<\/em>\u201c, so <strong>Johannes Haselsteiner<\/strong> von der Radlobby Melk.<\/p>\n<p>&nbsp;<\/p>\n<p>&nbsp;<\/p>\n<p><strong>\u00a0<\/strong><\/p>\n","protected":false},"excerpt":{"rendered":"<p>Die nostalgisch schick gekleideten Radfahrerinnen und Radfahrer, viele auf sehenswerten historischen Fahrr\u00e4dern,\u00a0 fanden sich unter den ungl\u00e4ubig staunenden Augen der Stiftsbesucher im Pr\u00e4latenhof ein. Und fuhren dann bereits zum zw\u00f6lften Mal durch die Barockstadt Melk. Am 4. Oktober 2025 wurde<\/p>\n","protected":false},"author":10,"featured_media":40413,"comment_status":"closed","ping_status":"closed","sticky":false,"template":"","format":"standard","meta":{"footnotes":""},"categories":[9,20],"tags":[26],"class_list":["post-40412","post","type-post","status-publish","format-standard","has-post-thumbnail","hentry","category-melk","category-niederoesterreich","tag-aktionen"],"yoast_head":"<!-- This site is optimized with the Yoast SEO plugin v26.9 - https:\/\/yoast.com\/product\/yoast-seo-wordpress\/ -->\n<title>Elegant durch Melk geradelt - beim 12. Tweedride in der Barockstadt - Radlobby Nieder\u00f6sterreich<\/title>\n<meta name=\"robots\" content=\"index, follow, max-snippet:-1, max-image-preview:large, max-video-preview:-1\" \/>\n<link rel=\"canonical\" href=\"https:\/\/www.radlobby.org\/noe\/tweedride-melk-2025-bericht\/\" \/>\n<meta property=\"og:locale\" content=\"de_DE\" \/>\n<meta property=\"og:type\" content=\"article\" \/>\n<meta property=\"og:title\" content=\"Elegant durch Melk geradelt - beim 12. Tweedride in der Barockstadt - Radlobby Nieder\u00f6sterreich\" \/>\n<meta property=\"og:description\" content=\"Die nostalgisch schick gekleideten Radfahrerinnen und Radfahrer, viele auf sehenswerten historischen Fahrr\u00e4dern,\u00a0 fanden sich unter den ungl\u00e4ubig staunenden Augen der Stiftsbesucher im Pr\u00e4latenhof ein. Und fuhren dann bereits zum zw\u00f6lften Mal durch die Barockstadt Melk. Am 4. Oktober 2025 wurde\" \/>\n<meta property=\"og:url\" content=\"https:\/\/www.radlobby.org\/noe\/tweedride-melk-2025-bericht\/\" \/>\n<meta property=\"og:site_name\" content=\"Radlobby Nieder\u00f6sterreich\" \/>\n<meta property=\"article:publisher\" content=\"https:\/\/www.facebook.com\/groups\/radfahren.in.noe\/\" \/>\n<meta property=\"article:published_time\" content=\"2025-10-05T11:50:30+00:00\" \/>\n<meta property=\"og:image\" content=\"https:\/\/www.radlobby.org\/noe\/wp-content\/uploads\/20251004_141136-scaled.jpg\" \/>\n\t<meta property=\"og:image:width\" content=\"2560\" \/>\n\t<meta property=\"og:image:height\" content=\"1920\" \/>\n\t<meta property=\"og:image:type\" content=\"image\/jpeg\" \/>\n<meta name=\"author\" content=\"Christian H\u00f6ller\" \/>\n<meta name=\"twitter:card\" content=\"summary_large_image\" \/>\n<meta name=\"twitter:label1\" content=\"Verfasst von\" \/>\n\t<meta name=\"twitter:data1\" content=\"Christian H\u00f6ller\" \/>\n\t<meta name=\"twitter:label2\" content=\"Gesch\u00e4tzte Lesezeit\" \/>\n\t<meta name=\"twitter:data2\" content=\"2\u00a0Minuten\" \/>\n<script type=\"application\/ld+json\" class=\"yoast-schema-graph\">{\"@context\":\"https:\/\/schema.org\",\"@graph\":[{\"@type\":\"Article\",\"@id\":\"https:\/\/www.radlobby.org\/noe\/tweedride-melk-2025-bericht\/#article\",\"isPartOf\":{\"@id\":\"https:\/\/www.radlobby.org\/noe\/tweedride-melk-2025-bericht\/\"},\"author\":{\"name\":\"Christian H\u00f6ller\",\"@id\":\"https:\/\/www.radlobby.org\/noe\/#\/schema\/person\/9edd0d27788b22085d15e9b4dad58751\"},\"headline\":\"Elegant durch Melk geradelt &#8211; beim 12. Tweedride in der Barockstadt\",\"datePublished\":\"2025-10-05T11:50:30+00:00\",\"mainEntityOfPage\":{\"@id\":\"https:\/\/www.radlobby.org\/noe\/tweedride-melk-2025-bericht\/\"},\"wordCount\":283,\"publisher\":{\"@id\":\"https:\/\/www.radlobby.org\/noe\/#organization\"},\"image\":{\"@id\":\"https:\/\/www.radlobby.org\/noe\/tweedride-melk-2025-bericht\/#primaryimage\"},\"thumbnailUrl\":\"https:\/\/www.radlobby.org\/noe\/wp-content\/uploads\/20251004_141136-scaled.jpg\",\"keywords\":[\"Aktionen\"],\"articleSection\":[\"Radlobby Melk\",\"Radlobby Nieder\u00f6sterreich\"],\"inLanguage\":\"de\"},{\"@type\":\"WebPage\",\"@id\":\"https:\/\/www.radlobby.org\/noe\/tweedride-melk-2025-bericht\/\",\"url\":\"https:\/\/www.radlobby.org\/noe\/tweedride-melk-2025-bericht\/\",\"name\":\"Elegant durch Melk geradelt - beim 12. Tweedride in der Barockstadt - Radlobby Nieder\u00f6sterreich\",\"isPartOf\":{\"@id\":\"https:\/\/www.radlobby.org\/noe\/#website\"},\"primaryImageOfPage\":{\"@id\":\"https:\/\/www.radlobby.org\/noe\/tweedride-melk-2025-bericht\/#primaryimage\"},\"image\":{\"@id\":\"https:\/\/www.radlobby.org\/noe\/tweedride-melk-2025-bericht\/#primaryimage\"},\"thumbnailUrl\":\"https:\/\/www.radlobby.org\/noe\/wp-content\/uploads\/20251004_141136-scaled.jpg\",\"datePublished\":\"2025-10-05T11:50:30+00:00\",\"breadcrumb\":{\"@id\":\"https:\/\/www.radlobby.org\/noe\/tweedride-melk-2025-bericht\/#breadcrumb\"},\"inLanguage\":\"de\",\"potentialAction\":[{\"@type\":\"ReadAction\",\"target\":[\"https:\/\/www.radlobby.org\/noe\/tweedride-melk-2025-bericht\/\"]}]},{\"@type\":\"ImageObject\",\"inLanguage\":\"de\",\"@id\":\"https:\/\/www.radlobby.org\/noe\/tweedride-melk-2025-bericht\/#primaryimage\",\"url\":\"https:\/\/www.radlobby.org\/noe\/wp-content\/uploads\/20251004_141136-scaled.jpg\",\"contentUrl\":\"https:\/\/www.radlobby.org\/noe\/wp-content\/uploads\/20251004_141136-scaled.jpg\",\"width\":2560,\"height\":1920},{\"@type\":\"BreadcrumbList\",\"@id\":\"https:\/\/www.radlobby.org\/noe\/tweedride-melk-2025-bericht\/#breadcrumb\",\"itemListElement\":[{\"@type\":\"ListItem\",\"position\":1,\"name\":\"Startseite\",\"item\":\"https:\/\/www.radlobby.org\/noe\/\"},{\"@type\":\"ListItem\",\"position\":2,\"name\":\"Elegant durch Melk geradelt &#8211; beim 12. Tweedride in der Barockstadt\"}]},{\"@type\":\"WebSite\",\"@id\":\"https:\/\/www.radlobby.org\/noe\/#website\",\"url\":\"https:\/\/www.radlobby.org\/noe\/\",\"name\":\"Radlobby Nieder\u00f6sterreich\",\"description\":\"Radverkehr, Fahrrad, Radfahren, Radreisen, Radtouren, Radweg\",\"publisher\":{\"@id\":\"https:\/\/www.radlobby.org\/noe\/#organization\"},\"potentialAction\":[{\"@type\":\"SearchAction\",\"target\":{\"@type\":\"EntryPoint\",\"urlTemplate\":\"https:\/\/www.radlobby.org\/noe\/?s={search_term_string}\"},\"query-input\":{\"@type\":\"PropertyValueSpecification\",\"valueRequired\":true,\"valueName\":\"search_term_string\"}}],\"inLanguage\":\"de\"},{\"@type\":\"Organization\",\"@id\":\"https:\/\/www.radlobby.org\/noe\/#organization\",\"name\":\"Radlobby Nieder\u00f6sterreich\",\"url\":\"https:\/\/www.radlobby.org\/noe\/\",\"logo\":{\"@type\":\"ImageObject\",\"inLanguage\":\"de\",\"@id\":\"https:\/\/www.radlobby.org\/noe\/#\/schema\/logo\/image\/\",\"url\":\"https:\/\/www.radlobby.org\/noe\/wp-content\/uploads\/2017\/01\/cropped-Logo_Radlobby_Niederoesterreich_50-400px_quer-1.jpg\",\"contentUrl\":\"https:\/\/www.radlobby.org\/noe\/wp-content\/uploads\/2017\/01\/cropped-Logo_Radlobby_Niederoesterreich_50-400px_quer-1.jpg\",\"width\":450,\"height\":124,\"caption\":\"Radlobby Nieder\u00f6sterreich\"},\"image\":{\"@id\":\"https:\/\/www.radlobby.org\/noe\/#\/schema\/logo\/image\/\"},\"sameAs\":[\"https:\/\/www.facebook.com\/groups\/radfahren.in.noe\/\"]},{\"@type\":\"Person\",\"@id\":\"https:\/\/www.radlobby.org\/noe\/#\/schema\/person\/9edd0d27788b22085d15e9b4dad58751\",\"name\":\"Christian H\u00f6ller\",\"image\":{\"@type\":\"ImageObject\",\"inLanguage\":\"de\",\"@id\":\"https:\/\/www.radlobby.org\/noe\/#\/schema\/person\/image\/\",\"url\":\"https:\/\/secure.gravatar.com\/avatar\/7d22484a7ff001a2124b9145038af080348d51ac7e445cb4831a25cbdc57e0b9?s=96&d=mm&r=g\",\"contentUrl\":\"https:\/\/secure.gravatar.com\/avatar\/7d22484a7ff001a2124b9145038af080348d51ac7e445cb4831a25cbdc57e0b9?s=96&d=mm&r=g\",\"caption\":\"Christian H\u00f6ller\"},\"url\":\"https:\/\/www.radlobby.org\/noe\/author\/christianhoeller\/\"}]}<\/script>\n<!-- \/ Yoast SEO plugin. -->","yoast_head_json":{"title":"Elegant durch Melk geradelt - beim 12. Tweedride in der Barockstadt - Radlobby Nieder\u00f6sterreich","robots":{"index":"index","follow":"follow","max-snippet":"max-snippet:-1","max-image-preview":"max-image-preview:large","max-video-preview":"max-video-preview:-1"},"canonical":"https:\/\/www.radlobby.org\/noe\/tweedride-melk-2025-bericht\/","og_locale":"de_DE","og_type":"article","og_title":"Elegant durch Melk geradelt - beim 12. Tweedride in der Barockstadt - Radlobby Nieder\u00f6sterreich","og_description":"Die nostalgisch schick gekleideten Radfahrerinnen und Radfahrer, viele auf sehenswerten historischen Fahrr\u00e4dern,\u00a0 fanden sich unter den ungl\u00e4ubig staunenden Augen der Stiftsbesucher im Pr\u00e4latenhof ein. Und fuhren dann bereits zum zw\u00f6lften Mal durch die Barockstadt Melk. Am 4. Oktober 2025 wurde","og_url":"https:\/\/www.radlobby.org\/noe\/tweedride-melk-2025-bericht\/","og_site_name":"Radlobby Nieder\u00f6sterreich","article_publisher":"https:\/\/www.facebook.com\/groups\/radfahren.in.noe\/","article_published_time":"2025-10-05T11:50:30+00:00","og_image":[{"width":2560,"height":1920,"url":"https:\/\/www.radlobby.org\/noe\/wp-content\/uploads\/20251004_141136-scaled.jpg","type":"image\/jpeg"}],"author":"Christian H\u00f6ller","twitter_card":"summary_large_image","twitter_misc":{"Verfasst von":"Christian H\u00f6ller","Gesch\u00e4tzte Lesezeit":"2\u00a0Minuten"},"schema":{"@context":"https:\/\/schema.org","@graph":[{"@type":"Article","@id":"https:\/\/www.radlobby.org\/noe\/tweedride-melk-2025-bericht\/#article","isPartOf":{"@id":"https:\/\/www.radlobby.org\/noe\/tweedride-melk-2025-bericht\/"},"author":{"name":"Christian H\u00f6ller","@id":"https:\/\/www.radlobby.org\/noe\/#\/schema\/person\/9edd0d27788b22085d15e9b4dad58751"},"headline":"Elegant durch Melk geradelt &#8211; beim 12. Tweedride in der Barockstadt","datePublished":"2025-10-05T11:50:30+00:00","mainEntityOfPage":{"@id":"https:\/\/www.radlobby.org\/noe\/tweedride-melk-2025-bericht\/"},"wordCount":283,"publisher":{"@id":"https:\/\/www.radlobby.org\/noe\/#organization"},"image":{"@id":"https:\/\/www.radlobby.org\/noe\/tweedride-melk-2025-bericht\/#primaryimage"},"thumbnailUrl":"https:\/\/www.radlobby.org\/noe\/wp-content\/uploads\/20251004_141136-scaled.jpg","keywords":["Aktionen"],"articleSection":["Radlobby Melk","Radlobby Nieder\u00f6sterreich"],"inLanguage":"de"},{"@type":"WebPage","@id":"https:\/\/www.radlobby.org\/noe\/tweedride-melk-2025-bericht\/","url":"https:\/\/www.radlobby.org\/noe\/tweedride-melk-2025-bericht\/","name":"Elegant durch Melk geradelt - beim 12. Tweedride in der Barockstadt - Radlobby Nieder\u00f6sterreich","isPartOf":{"@id":"https:\/\/www.radlobby.org\/noe\/#website"},"primaryImageOfPage":{"@id":"https:\/\/www.radlobby.org\/noe\/tweedride-melk-2025-bericht\/#primaryimage"},"image":{"@id":"https:\/\/www.radlobby.org\/noe\/tweedride-melk-2025-bericht\/#primaryimage"},"thumbnailUrl":"https:\/\/www.radlobby.org\/noe\/wp-content\/uploads\/20251004_141136-scaled.jpg","datePublished":"2025-10-05T11:50:30+00:00","breadcrumb":{"@id":"https:\/\/www.radlobby.org\/noe\/tweedride-melk-2025-bericht\/#breadcrumb"},"inLanguage":"de","potentialAction":[{"@type":"ReadAction","target":["https:\/\/www.radlobby.org\/noe\/tweedride-melk-2025-bericht\/"]}]},{"@type":"ImageObject","inLanguage":"de","@id":"https:\/\/www.radlobby.org\/noe\/tweedride-melk-2025-bericht\/#primaryimage","url":"https:\/\/www.radlobby.org\/noe\/wp-content\/uploads\/20251004_141136-scaled.jpg","contentUrl":"https:\/\/www.radlobby.org\/noe\/wp-content\/uploads\/20251004_141136-scaled.jpg","width":2560,"height":1920},{"@type":"BreadcrumbList","@id":"https:\/\/www.radlobby.org\/noe\/tweedride-melk-2025-bericht\/#breadcrumb","itemListElement":[{"@type":"ListItem","position":1,"name":"Startseite","item":"https:\/\/www.radlobby.org\/noe\/"},{"@type":"ListItem","position":2,"name":"Elegant durch Melk geradelt &#8211; beim 12. Tweedride in der Barockstadt"}]},{"@type":"WebSite","@id":"https:\/\/www.radlobby.org\/noe\/#website","url":"https:\/\/www.radlobby.org\/noe\/","name":"Radlobby Nieder\u00f6sterreich","description":"Radverkehr, Fahrrad, Radfahren, Radreisen, Radtouren, Radweg","publisher":{"@id":"https:\/\/www.radlobby.org\/noe\/#organization"},"potentialAction":[{"@type":"SearchAction","target":{"@type":"EntryPoint","urlTemplate":"https:\/\/www.radlobby.org\/noe\/?s={search_term_string}"},"query-input":{"@type":"PropertyValueSpecification","valueRequired":true,"valueName":"search_term_string"}}],"inLanguage":"de"},{"@type":"Organization","@id":"https:\/\/www.radlobby.org\/noe\/#organization","name":"Radlobby Nieder\u00f6sterreich","url":"https:\/\/www.radlobby.org\/noe\/","logo":{"@type":"ImageObject","inLanguage":"de","@id":"https:\/\/www.radlobby.org\/noe\/#\/schema\/logo\/image\/","url":"https:\/\/www.radlobby.org\/noe\/wp-content\/uploads\/2017\/01\/cropped-Logo_Radlobby_Niederoesterreich_50-400px_quer-1.jpg","contentUrl":"https:\/\/www.radlobby.org\/noe\/wp-content\/uploads\/2017\/01\/cropped-Logo_Radlobby_Niederoesterreich_50-400px_quer-1.jpg","width":450,"height":124,"caption":"Radlobby Nieder\u00f6sterreich"},"image":{"@id":"https:\/\/www.radlobby.org\/noe\/#\/schema\/logo\/image\/"},"sameAs":["https:\/\/www.facebook.com\/groups\/radfahren.in.noe\/"]},{"@type":"Person","@id":"https:\/\/www.radlobby.org\/noe\/#\/schema\/person\/9edd0d27788b22085d15e9b4dad58751","name":"Christian H\u00f6ller","image":{"@type":"ImageObject","inLanguage":"de","@id":"https:\/\/www.radlobby.org\/noe\/#\/schema\/person\/image\/","url":"https:\/\/secure.gravatar.com\/avatar\/7d22484a7ff001a2124b9145038af080348d51ac7e445cb4831a25cbdc57e0b9?s=96&d=mm&r=g","contentUrl":"https:\/\/secure.gravatar.com\/avatar\/7d22484a7ff001a2124b9145038af080348d51ac7e445cb4831a25cbdc57e0b9?s=96&d=mm&r=g","caption":"Christian H\u00f6ller"},"url":"https:\/\/www.radlobby.org\/noe\/author\/christianhoeller\/"}]}},"_links":{"self":[{"href":"https:\/\/www.radlobby.org\/noe\/wp-json\/wp\/v2\/posts\/40412","targetHints":{"allow":["GET"]}}],"collection":[{"href":"https:\/\/www.radlobby.org\/noe\/wp-json\/wp\/v2\/posts"}],"about":[{"href":"https:\/\/www.radlobby.org\/noe\/wp-json\/wp\/v2\/types\/post"}],"author":[{"embeddable":true,"href":"https:\/\/www.radlobby.org\/noe\/wp-json\/wp\/v2\/users\/10"}],"replies":[{"embeddable":true,"href":"https:\/\/www.radlobby.org\/noe\/wp-json\/wp\/v2\/comments?post=40412"}],"version-history":[{"count":1,"href":"https:\/\/www.radlobby.org\/noe\/wp-json\/wp\/v2\/posts\/40412\/revisions"}],"predecessor-version":[{"id":40414,"href":"https:\/\/www.radlobby.org\/noe\/wp-json\/wp\/v2\/posts\/40412\/revisions\/40414"}],"wp:featuredmedia":[{"embeddable":true,"href":"https:\/\/www.radlobby.org\/noe\/wp-json\/wp\/v2\/media\/40413"}],"wp:attachment":[{"href":"https:\/\/www.radlobby.org\/noe\/wp-json\/wp\/v2\/media?parent=40412"}],"wp:term":[{"taxonomy":"category","embeddable":true,"href":"https:\/\/www.radlobby.org\/noe\/wp-json\/wp\/v2\/categories?post=40412"},{"taxonomy":"post_tag","embeddable":true,"href":"https:\/\/www.radlobby.org\/noe\/wp-json\/wp\/v2\/tags?post=40412"}],"curies":[{"name":"wp","href":"https:\/\/api.w.org\/{rel}","templated":true}]}}