{"id":39734,"date":"2025-08-09T10:17:08","date_gmt":"2025-08-09T08:17:08","guid":{"rendered":"https:\/\/www.radlobby.org\/noe\/?p=39734"},"modified":"2025-08-18T11:18:05","modified_gmt":"2025-08-18T09:18:05","slug":"wiener-neustadt-sharrows-kollonitschgasse","status":"publish","type":"post","link":"https:\/\/www.radlobby.org\/noe\/wiener-neustadt-sharrows-kollonitschgasse\/","title":{"rendered":"Wiener Neustadt: Sharrows in der Kollonitschgasse (nur) als erster Schritt mit groben Fehlern"},"content":{"rendered":"<p><a href=\"https:\/\/www.radlobby.org\/noe\/wp-content\/uploads\/20250802_Sharrows@Kollonitschgasse-1.jpg\" data-src=\"https:\/\/www.radlobby.org\/noe\/wp-content\/uploads\/20250802_Sharrows@Kollonitschgasse-1.jpg\" data-thumb=\"https:\/\/www.radlobby.org\/noe\/wp-content\/uploads\/20250802_Sharrows@Kollonitschgasse-1-300x132.jpg\" class=\"ml-lightbox-enabled\"><img loading=\"lazy\" decoding=\"async\" class=\"alignleft wp-image-39737 size-medium\" src=\"https:\/\/www.radlobby.org\/noe\/wp-content\/uploads\/20250802_Sharrows@Kollonitschgasse-1-300x132.jpg\" alt=\"\" width=\"300\" height=\"132\" srcset=\"https:\/\/www.radlobby.org\/noe\/wp-content\/uploads\/20250802_Sharrows@Kollonitschgasse-1-300x132.jpg 300w, https:\/\/www.radlobby.org\/noe\/wp-content\/uploads\/20250802_Sharrows@Kollonitschgasse-1-768x338.jpg 768w, https:\/\/www.radlobby.org\/noe\/wp-content\/uploads\/20250802_Sharrows@Kollonitschgasse-1-1536x677.jpg 1536w, https:\/\/www.radlobby.org\/noe\/wp-content\/uploads\/20250802_Sharrows@Kollonitschgasse-1.jpg 1920w\" sizes=\"auto, (max-width: 300px) 100vw, 300px\" \/><\/a> Am 30. Juli 2025 wurden als erster Schritt in Richtung sichereren Radfahrens in der <strong>Kollonitschgasse <\/strong>wurden<strong> Sharrows<\/strong> an den beiden Enden sowie in der Mitte aufgemalt. Wichtig w\u00e4re aber noch die <strong>Verordnung von Tempo 30<\/strong>,um die subjektive Sicherheit der Radfahrenden zu verbessern.<\/p>\n<p>Die meisten der Sharrows sind sch\u00f6n mittig platziert, wie es sich geh\u00f6rt &#8211; aber leider nicht neben den nordseitigen Parkpl\u00e4t<a href=\"https:\/\/www.radlobby.org\/noe\/wp-content\/uploads\/20250802_Sharrows@Kollonitschgasse-2.jpg\" data-src=\"https:\/\/www.radlobby.org\/noe\/wp-content\/uploads\/20250802_Sharrows@Kollonitschgasse-2.jpg\" data-thumb=\"https:\/\/www.radlobby.org\/noe\/wp-content\/uploads\/20250802_Sharrows@Kollonitschgasse-2-300x169.jpg\" class=\"ml-lightbox-enabled\"><img loading=\"lazy\" decoding=\"async\" class=\"alignright wp-image-39738 size-medium\" src=\"https:\/\/www.radlobby.org\/noe\/wp-content\/uploads\/20250802_Sharrows@Kollonitschgasse-2-300x169.jpg\" alt=\"\" width=\"300\" height=\"169\" srcset=\"https:\/\/www.radlobby.org\/noe\/wp-content\/uploads\/20250802_Sharrows@Kollonitschgasse-2-300x169.jpg 300w, https:\/\/www.radlobby.org\/noe\/wp-content\/uploads\/20250802_Sharrows@Kollonitschgasse-2-768x432.jpg 768w, https:\/\/www.radlobby.org\/noe\/wp-content\/uploads\/20250802_Sharrows@Kollonitschgasse-2-1536x865.jpg 1536w, https:\/\/www.radlobby.org\/noe\/wp-content\/uploads\/20250802_Sharrows@Kollonitschgasse-2.jpg 1920w\" sizes=\"auto, (max-width: 300px) 100vw, 300px\" \/><\/a>zen: Dort ist der <strong>Abstand<\/strong> der 90 cm breiten Sharrows mit unter 40 cm <strong>zu parkenden Autos viel zu gering<\/strong>, um der <strong>Gefahr von &#8220;Dooring&#8221;<\/strong> (d.h. in \u00f6ffnende Autot\u00fcren zu fahren) zu begegnen (s. Bild rechts). Das hei\u00dft, dass <strong>durch die Sharrows zus\u00e4tzliche Gefahr von Dooring<\/strong> entsteht, wenn Radfahrende ihnen vertrauen und tats\u00e4chlich so knapp an den parkenden Autos vorbeifahren!<br \/>\n<strong>Das hei\u00dft: Bitte radelt nicht so knapp an den parkenden Autos vorbei, wie die Sharrows suggerieren!<\/strong><\/p>\n<p>Die angestrebte L\u00f6sung mit Radstreifen (oder Radwegen?!) statt der wenigen Parkpl\u00e4tze soll erst nach den Bauarbeiten der \u00d6BB (&#8220;Nordkopf&#8221; &#8211; 4.Gleis), das hei\u00dft wahrscheinlich erst in ca. 3 Jahren umgesetzt werden, weil dort der Schwerverkehr f\u00fcr die Gleisbauarbeiten laufen soll. Warum nicht gleich?! W\u00e4re wohl auch f\u00fcr die Lkws besser!<a href=\"https:\/\/www.radlobby.org\/noe\/wp-content\/uploads\/20250802_Sharrows@Kollonitschgasse-5.jpg\" data-src=\"https:\/\/www.radlobby.org\/noe\/wp-content\/uploads\/20250802_Sharrows@Kollonitschgasse-5.jpg\" data-thumb=\"https:\/\/www.radlobby.org\/noe\/wp-content\/uploads\/20250802_Sharrows@Kollonitschgasse-5-300x255.jpg\" class=\"ml-lightbox-enabled\"><img loading=\"lazy\" decoding=\"async\" class=\"alignright wp-image-39762 size-medium\" src=\"https:\/\/www.radlobby.org\/noe\/wp-content\/uploads\/20250802_Sharrows@Kollonitschgasse-5-300x255.jpg\" alt=\"\" width=\"300\" height=\"255\" srcset=\"https:\/\/www.radlobby.org\/noe\/wp-content\/uploads\/20250802_Sharrows@Kollonitschgasse-5-300x255.jpg 300w, https:\/\/www.radlobby.org\/noe\/wp-content\/uploads\/20250802_Sharrows@Kollonitschgasse-5-768x652.jpg 768w, https:\/\/www.radlobby.org\/noe\/wp-content\/uploads\/20250802_Sharrows@Kollonitschgasse-5.jpg 900w\" sizes=\"auto, (max-width: 300px) 100vw, 300px\" \/><\/a><\/p>\n<p>Z<a href=\"https:\/\/www.radlobby.org\/noe\/wp-content\/uploads\/20250802_Sharrows@Kollonitschgasse-3.jpg\" data-src=\"https:\/\/www.radlobby.org\/noe\/wp-content\/uploads\/20250802_Sharrows@Kollonitschgasse-3.jpg\" data-thumb=\"https:\/\/www.radlobby.org\/noe\/wp-content\/uploads\/20250802_Sharrows@Kollonitschgasse-3-300x169.jpg\" class=\"ml-lightbox-enabled\"><img loading=\"lazy\" decoding=\"async\" class=\"alignleft size-medium wp-image-39739\" src=\"https:\/\/www.radlobby.org\/noe\/wp-content\/uploads\/20250802_Sharrows@Kollonitschgasse-3-300x169.jpg\" alt=\"\" width=\"300\" height=\"169\" srcset=\"https:\/\/www.radlobby.org\/noe\/wp-content\/uploads\/20250802_Sharrows@Kollonitschgasse-3-300x169.jpg 300w, https:\/\/www.radlobby.org\/noe\/wp-content\/uploads\/20250802_Sharrows@Kollonitschgasse-3-768x432.jpg 768w, https:\/\/www.radlobby.org\/noe\/wp-content\/uploads\/20250802_Sharrows@Kollonitschgasse-3-1536x865.jpg 1536w, https:\/\/www.radlobby.org\/noe\/wp-content\/uploads\/20250802_Sharrows@Kollonitschgasse-3.jpg 1920w\" sizes=\"auto, (max-width: 300px) 100vw, 300px\" \/><\/a>itat aus\u00a0<a href=\"https:\/\/www.radlobby.at\/sites\/default\/files\/atoms\/files\/20130806_vorschlag2_sharrows.pdf\" target=\"_blank\" rel=\"noopener\">Sharrows-Korneuburg<\/a>: <em>&#8220;Sharrows sind gro\u00dfe auf die Fahrbahn aufgebrachte Richtungspfeile mit Fahrradsymbolen. Diese Sharrows sollen <strong>den Radelnden anzeigen, wo das Radfahren ausdr\u00fccklich erw\u00fcnscht<\/strong> wird. Sinnvoll ist diese Ma\u00dfnahme dort, wo die Fahrbahnbreite insgesamt nicht ausreicht, um separate Radfahrstreifen einzurichten. <strong>Die Sharrows holen dabei die RadlerInnen vom \u00e4u\u00dfersten rechten Fahrbahnrand<\/strong>, dem <a href=\"https:\/\/www.radlobby.org\/noe\/wp-content\/uploads\/20250802_Sharrows@Kollonitschgasse-4.jpg\" data-src=\"https:\/\/www.radlobby.org\/noe\/wp-content\/uploads\/20250802_Sharrows@Kollonitschgasse-4.jpg\" data-thumb=\"https:\/\/www.radlobby.org\/noe\/wp-content\/uploads\/20250802_Sharrows@Kollonitschgasse-4-300x169.jpg\" class=\"ml-lightbox-enabled\"><img loading=\"lazy\" decoding=\"async\" class=\"alignright wp-image-39740 size-medium\" src=\"https:\/\/www.radlobby.org\/noe\/wp-content\/uploads\/20250802_Sharrows@Kollonitschgasse-4-300x169.jpg\" alt=\"\" width=\"300\" height=\"169\" srcset=\"https:\/\/www.radlobby.org\/noe\/wp-content\/uploads\/20250802_Sharrows@Kollonitschgasse-4-300x169.jpg 300w, https:\/\/www.radlobby.org\/noe\/wp-content\/uploads\/20250802_Sharrows@Kollonitschgasse-4-768x432.jpg 768w, https:\/\/www.radlobby.org\/noe\/wp-content\/uploads\/20250802_Sharrows@Kollonitschgasse-4-1536x865.jpg 1536w, https:\/\/www.radlobby.org\/noe\/wp-content\/uploads\/20250802_Sharrows@Kollonitschgasse-4.jpg 1920w\" sizes=\"auto, (max-width: 300px) 100vw, 300px\" \/><\/a>Gefahrenbereich der aufgehenden Autot\u00fcren, hin in Richtung Fahrstreifenmitte. Es wird dadurch auch (den Motorisierten) ausdr\u00fccklich signalisiert, dass ein <\/em><em><strong>\u00dcberholen<\/strong> durch mehrspurige Fahrzeuge aus Sicherheitsgr\u00fcnden in diesem Bereich <strong>nicht erw\u00fcnscht<\/strong> ist.&#8221;<\/em><\/p>\n<p>Weitere Infos dazu findet ihr unter <a href=\"https:\/\/www.radlobby.org\/noe\/radinfrastruktur\" target=\"_blank\" rel=\"noopener\">radlobby.org\/noe\/radinfrastruktur <\/a>und auch <a href=\"https:\/\/www.adfc-frankfurt.de\/2017\/12\/politik-verkehr\/00359_heiteres-verkehrszeichen-raten-was-ist-das-ein-sharrow\" target=\"_blank\" rel=\"noopener\">adfc-frankfurt.de\/&#8230;sharrow<\/a><\/p>\n","protected":false},"excerpt":{"rendered":"<p>Am 30.Juli wurden als erster Schritt in Richtung sichereren Radfahrens in der Kollonitschgasse wurden Sharrows aufgemalt. Leider wurden die empfohlenen Abst\u00e4nde zu den Parkstreifen nicht eingehalten. Dadurch erh\u00f6ht sich die Gefahr von &#8220;Dooring&#8221;, <\/p>\n","protected":false},"author":55,"featured_media":39737,"comment_status":"closed","ping_status":"closed","sticky":false,"template":"","format":"standard","meta":{"footnotes":""},"categories":[7],"tags":[],"class_list":["post-39734","post","type-post","status-publish","format-standard","has-post-thumbnail","hentry","category-wiener-neustadt"],"yoast_head":"<!-- This site is optimized with the Yoast SEO plugin v26.9 - https:\/\/yoast.com\/product\/yoast-seo-wordpress\/ -->\n<title>Wiener Neustadt: Sharrows in der Kollonitschgasse (nur) als erster Schritt mit groben Fehlern - Radlobby Nieder\u00f6sterreich<\/title>\n<meta name=\"robots\" content=\"index, follow, max-snippet:-1, max-image-preview:large, max-video-preview:-1\" \/>\n<link rel=\"canonical\" href=\"https:\/\/www.radlobby.org\/noe\/wiener-neustadt-sharrows-kollonitschgasse\/\" \/>\n<meta property=\"og:locale\" content=\"de_DE\" \/>\n<meta property=\"og:type\" content=\"article\" \/>\n<meta property=\"og:title\" content=\"Wiener Neustadt: Sharrows in der Kollonitschgasse (nur) als erster Schritt mit groben Fehlern - Radlobby Nieder\u00f6sterreich\" \/>\n<meta property=\"og:description\" content=\"Am 30.Juli wurden als erster Schritt in Richtung sichereren Radfahrens in der Kollonitschgasse wurden Sharrows aufgemalt. Leider wurden die empfohlenen Abst\u00e4nde zu den Parkstreifen nicht eingehalten. Dadurch erh\u00f6ht sich die Gefahr von &quot;Dooring&quot;,\" \/>\n<meta property=\"og:url\" content=\"https:\/\/www.radlobby.org\/noe\/wiener-neustadt-sharrows-kollonitschgasse\/\" \/>\n<meta property=\"og:site_name\" content=\"Radlobby Nieder\u00f6sterreich\" \/>\n<meta property=\"article:publisher\" content=\"https:\/\/www.facebook.com\/groups\/radfahren.in.noe\/\" \/>\n<meta property=\"article:published_time\" content=\"2025-08-09T08:17:08+00:00\" \/>\n<meta property=\"article:modified_time\" content=\"2025-08-18T09:18:05+00:00\" \/>\n<meta property=\"og:image\" content=\"https:\/\/www.radlobby.org\/noe\/wp-content\/uploads\/20250802_Sharrows@Kollonitschgasse-1.jpg\" \/>\n\t<meta property=\"og:image:width\" content=\"1920\" \/>\n\t<meta property=\"og:image:height\" content=\"846\" \/>\n\t<meta property=\"og:image:type\" content=\"image\/jpeg\" \/>\n<meta name=\"author\" content=\"Gerold Petritsch\" \/>\n<meta name=\"twitter:card\" content=\"summary_large_image\" \/>\n<meta name=\"twitter:label1\" content=\"Verfasst von\" \/>\n\t<meta name=\"twitter:data1\" content=\"Gerold Petritsch\" \/>\n\t<meta name=\"twitter:label2\" content=\"Gesch\u00e4tzte Lesezeit\" \/>\n\t<meta name=\"twitter:data2\" content=\"3\u00a0Minuten\" \/>\n<script type=\"application\/ld+json\" class=\"yoast-schema-graph\">{\"@context\":\"https:\/\/schema.org\",\"@graph\":[{\"@type\":\"Article\",\"@id\":\"https:\/\/www.radlobby.org\/noe\/wiener-neustadt-sharrows-kollonitschgasse\/#article\",\"isPartOf\":{\"@id\":\"https:\/\/www.radlobby.org\/noe\/wiener-neustadt-sharrows-kollonitschgasse\/\"},\"author\":{\"name\":\"Gerold Petritsch\",\"@id\":\"https:\/\/www.radlobby.org\/noe\/#\/schema\/person\/6575d09b0e7b7970d5b81d0bab520c61\"},\"headline\":\"Wiener Neustadt: Sharrows in der Kollonitschgasse (nur) als erster Schritt mit groben Fehlern\",\"datePublished\":\"2025-08-09T08:17:08+00:00\",\"dateModified\":\"2025-08-18T09:18:05+00:00\",\"mainEntityOfPage\":{\"@id\":\"https:\/\/www.radlobby.org\/noe\/wiener-neustadt-sharrows-kollonitschgasse\/\"},\"wordCount\":318,\"publisher\":{\"@id\":\"https:\/\/www.radlobby.org\/noe\/#organization\"},\"image\":{\"@id\":\"https:\/\/www.radlobby.org\/noe\/wiener-neustadt-sharrows-kollonitschgasse\/#primaryimage\"},\"thumbnailUrl\":\"https:\/\/www.radlobby.org\/noe\/wp-content\/uploads\/20250802_Sharrows@Kollonitschgasse-1.jpg\",\"articleSection\":[\"Radlobby Wiener Neustadt\"],\"inLanguage\":\"de\"},{\"@type\":\"WebPage\",\"@id\":\"https:\/\/www.radlobby.org\/noe\/wiener-neustadt-sharrows-kollonitschgasse\/\",\"url\":\"https:\/\/www.radlobby.org\/noe\/wiener-neustadt-sharrows-kollonitschgasse\/\",\"name\":\"Wiener Neustadt: Sharrows in der Kollonitschgasse (nur) als erster Schritt mit groben Fehlern - Radlobby Nieder\u00f6sterreich\",\"isPartOf\":{\"@id\":\"https:\/\/www.radlobby.org\/noe\/#website\"},\"primaryImageOfPage\":{\"@id\":\"https:\/\/www.radlobby.org\/noe\/wiener-neustadt-sharrows-kollonitschgasse\/#primaryimage\"},\"image\":{\"@id\":\"https:\/\/www.radlobby.org\/noe\/wiener-neustadt-sharrows-kollonitschgasse\/#primaryimage\"},\"thumbnailUrl\":\"https:\/\/www.radlobby.org\/noe\/wp-content\/uploads\/20250802_Sharrows@Kollonitschgasse-1.jpg\",\"datePublished\":\"2025-08-09T08:17:08+00:00\",\"dateModified\":\"2025-08-18T09:18:05+00:00\",\"breadcrumb\":{\"@id\":\"https:\/\/www.radlobby.org\/noe\/wiener-neustadt-sharrows-kollonitschgasse\/#breadcrumb\"},\"inLanguage\":\"de\",\"potentialAction\":[{\"@type\":\"ReadAction\",\"target\":[\"https:\/\/www.radlobby.org\/noe\/wiener-neustadt-sharrows-kollonitschgasse\/\"]}]},{\"@type\":\"ImageObject\",\"inLanguage\":\"de\",\"@id\":\"https:\/\/www.radlobby.org\/noe\/wiener-neustadt-sharrows-kollonitschgasse\/#primaryimage\",\"url\":\"https:\/\/www.radlobby.org\/noe\/wp-content\/uploads\/20250802_Sharrows@Kollonitschgasse-1.jpg\",\"contentUrl\":\"https:\/\/www.radlobby.org\/noe\/wp-content\/uploads\/20250802_Sharrows@Kollonitschgasse-1.jpg\",\"width\":1920,\"height\":846},{\"@type\":\"BreadcrumbList\",\"@id\":\"https:\/\/www.radlobby.org\/noe\/wiener-neustadt-sharrows-kollonitschgasse\/#breadcrumb\",\"itemListElement\":[{\"@type\":\"ListItem\",\"position\":1,\"name\":\"Startseite\",\"item\":\"https:\/\/www.radlobby.org\/noe\/\"},{\"@type\":\"ListItem\",\"position\":2,\"name\":\"Wiener Neustadt: Sharrows in der Kollonitschgasse (nur) als erster Schritt mit groben Fehlern\"}]},{\"@type\":\"WebSite\",\"@id\":\"https:\/\/www.radlobby.org\/noe\/#website\",\"url\":\"https:\/\/www.radlobby.org\/noe\/\",\"name\":\"Radlobby Nieder\u00f6sterreich\",\"description\":\"Radverkehr, Fahrrad, Radfahren, Radreisen, Radtouren, Radweg\",\"publisher\":{\"@id\":\"https:\/\/www.radlobby.org\/noe\/#organization\"},\"potentialAction\":[{\"@type\":\"SearchAction\",\"target\":{\"@type\":\"EntryPoint\",\"urlTemplate\":\"https:\/\/www.radlobby.org\/noe\/?s={search_term_string}\"},\"query-input\":{\"@type\":\"PropertyValueSpecification\",\"valueRequired\":true,\"valueName\":\"search_term_string\"}}],\"inLanguage\":\"de\"},{\"@type\":\"Organization\",\"@id\":\"https:\/\/www.radlobby.org\/noe\/#organization\",\"name\":\"Radlobby Nieder\u00f6sterreich\",\"url\":\"https:\/\/www.radlobby.org\/noe\/\",\"logo\":{\"@type\":\"ImageObject\",\"inLanguage\":\"de\",\"@id\":\"https:\/\/www.radlobby.org\/noe\/#\/schema\/logo\/image\/\",\"url\":\"https:\/\/www.radlobby.org\/noe\/wp-content\/uploads\/2017\/01\/cropped-Logo_Radlobby_Niederoesterreich_50-400px_quer-1.jpg\",\"contentUrl\":\"https:\/\/www.radlobby.org\/noe\/wp-content\/uploads\/2017\/01\/cropped-Logo_Radlobby_Niederoesterreich_50-400px_quer-1.jpg\",\"width\":450,\"height\":124,\"caption\":\"Radlobby Nieder\u00f6sterreich\"},\"image\":{\"@id\":\"https:\/\/www.radlobby.org\/noe\/#\/schema\/logo\/image\/\"},\"sameAs\":[\"https:\/\/www.facebook.com\/groups\/radfahren.in.noe\/\"]},{\"@type\":\"Person\",\"@id\":\"https:\/\/www.radlobby.org\/noe\/#\/schema\/person\/6575d09b0e7b7970d5b81d0bab520c61\",\"name\":\"Gerold Petritsch\",\"image\":{\"@type\":\"ImageObject\",\"inLanguage\":\"de\",\"@id\":\"https:\/\/www.radlobby.org\/noe\/#\/schema\/person\/image\/\",\"url\":\"https:\/\/secure.gravatar.com\/avatar\/9dc36f4c91f9894712dd7fdc25d6d6bc3448cf31a66187da4b2a4081af93013d?s=96&d=mm&r=g\",\"contentUrl\":\"https:\/\/secure.gravatar.com\/avatar\/9dc36f4c91f9894712dd7fdc25d6d6bc3448cf31a66187da4b2a4081af93013d?s=96&d=mm&r=g\",\"caption\":\"Gerold Petritsch\"},\"url\":\"https:\/\/www.radlobby.org\/noe\/author\/gerold-petritsch\/\"}]}<\/script>\n<!-- \/ Yoast SEO plugin. -->","yoast_head_json":{"title":"Wiener Neustadt: Sharrows in der Kollonitschgasse (nur) als erster Schritt mit groben Fehlern - Radlobby Nieder\u00f6sterreich","robots":{"index":"index","follow":"follow","max-snippet":"max-snippet:-1","max-image-preview":"max-image-preview:large","max-video-preview":"max-video-preview:-1"},"canonical":"https:\/\/www.radlobby.org\/noe\/wiener-neustadt-sharrows-kollonitschgasse\/","og_locale":"de_DE","og_type":"article","og_title":"Wiener Neustadt: Sharrows in der Kollonitschgasse (nur) als erster Schritt mit groben Fehlern - Radlobby Nieder\u00f6sterreich","og_description":"Am 30.Juli wurden als erster Schritt in Richtung sichereren Radfahrens in der Kollonitschgasse wurden Sharrows aufgemalt. Leider wurden die empfohlenen Abst\u00e4nde zu den Parkstreifen nicht eingehalten. Dadurch erh\u00f6ht sich die Gefahr von \"Dooring\",","og_url":"https:\/\/www.radlobby.org\/noe\/wiener-neustadt-sharrows-kollonitschgasse\/","og_site_name":"Radlobby Nieder\u00f6sterreich","article_publisher":"https:\/\/www.facebook.com\/groups\/radfahren.in.noe\/","article_published_time":"2025-08-09T08:17:08+00:00","article_modified_time":"2025-08-18T09:18:05+00:00","og_image":[{"width":1920,"height":846,"url":"https:\/\/www.radlobby.org\/noe\/wp-content\/uploads\/20250802_Sharrows@Kollonitschgasse-1.jpg","type":"image\/jpeg"}],"author":"Gerold Petritsch","twitter_card":"summary_large_image","twitter_misc":{"Verfasst von":"Gerold Petritsch","Gesch\u00e4tzte Lesezeit":"3\u00a0Minuten"},"schema":{"@context":"https:\/\/schema.org","@graph":[{"@type":"Article","@id":"https:\/\/www.radlobby.org\/noe\/wiener-neustadt-sharrows-kollonitschgasse\/#article","isPartOf":{"@id":"https:\/\/www.radlobby.org\/noe\/wiener-neustadt-sharrows-kollonitschgasse\/"},"author":{"name":"Gerold Petritsch","@id":"https:\/\/www.radlobby.org\/noe\/#\/schema\/person\/6575d09b0e7b7970d5b81d0bab520c61"},"headline":"Wiener Neustadt: Sharrows in der Kollonitschgasse (nur) als erster Schritt mit groben Fehlern","datePublished":"2025-08-09T08:17:08+00:00","dateModified":"2025-08-18T09:18:05+00:00","mainEntityOfPage":{"@id":"https:\/\/www.radlobby.org\/noe\/wiener-neustadt-sharrows-kollonitschgasse\/"},"wordCount":318,"publisher":{"@id":"https:\/\/www.radlobby.org\/noe\/#organization"},"image":{"@id":"https:\/\/www.radlobby.org\/noe\/wiener-neustadt-sharrows-kollonitschgasse\/#primaryimage"},"thumbnailUrl":"https:\/\/www.radlobby.org\/noe\/wp-content\/uploads\/20250802_Sharrows@Kollonitschgasse-1.jpg","articleSection":["Radlobby Wiener Neustadt"],"inLanguage":"de"},{"@type":"WebPage","@id":"https:\/\/www.radlobby.org\/noe\/wiener-neustadt-sharrows-kollonitschgasse\/","url":"https:\/\/www.radlobby.org\/noe\/wiener-neustadt-sharrows-kollonitschgasse\/","name":"Wiener Neustadt: Sharrows in der Kollonitschgasse (nur) als erster Schritt mit groben Fehlern - Radlobby Nieder\u00f6sterreich","isPartOf":{"@id":"https:\/\/www.radlobby.org\/noe\/#website"},"primaryImageOfPage":{"@id":"https:\/\/www.radlobby.org\/noe\/wiener-neustadt-sharrows-kollonitschgasse\/#primaryimage"},"image":{"@id":"https:\/\/www.radlobby.org\/noe\/wiener-neustadt-sharrows-kollonitschgasse\/#primaryimage"},"thumbnailUrl":"https:\/\/www.radlobby.org\/noe\/wp-content\/uploads\/20250802_Sharrows@Kollonitschgasse-1.jpg","datePublished":"2025-08-09T08:17:08+00:00","dateModified":"2025-08-18T09:18:05+00:00","breadcrumb":{"@id":"https:\/\/www.radlobby.org\/noe\/wiener-neustadt-sharrows-kollonitschgasse\/#breadcrumb"},"inLanguage":"de","potentialAction":[{"@type":"ReadAction","target":["https:\/\/www.radlobby.org\/noe\/wiener-neustadt-sharrows-kollonitschgasse\/"]}]},{"@type":"ImageObject","inLanguage":"de","@id":"https:\/\/www.radlobby.org\/noe\/wiener-neustadt-sharrows-kollonitschgasse\/#primaryimage","url":"https:\/\/www.radlobby.org\/noe\/wp-content\/uploads\/20250802_Sharrows@Kollonitschgasse-1.jpg","contentUrl":"https:\/\/www.radlobby.org\/noe\/wp-content\/uploads\/20250802_Sharrows@Kollonitschgasse-1.jpg","width":1920,"height":846},{"@type":"BreadcrumbList","@id":"https:\/\/www.radlobby.org\/noe\/wiener-neustadt-sharrows-kollonitschgasse\/#breadcrumb","itemListElement":[{"@type":"ListItem","position":1,"name":"Startseite","item":"https:\/\/www.radlobby.org\/noe\/"},{"@type":"ListItem","position":2,"name":"Wiener Neustadt: Sharrows in der Kollonitschgasse (nur) als erster Schritt mit groben Fehlern"}]},{"@type":"WebSite","@id":"https:\/\/www.radlobby.org\/noe\/#website","url":"https:\/\/www.radlobby.org\/noe\/","name":"Radlobby Nieder\u00f6sterreich","description":"Radverkehr, Fahrrad, Radfahren, Radreisen, Radtouren, Radweg","publisher":{"@id":"https:\/\/www.radlobby.org\/noe\/#organization"},"potentialAction":[{"@type":"SearchAction","target":{"@type":"EntryPoint","urlTemplate":"https:\/\/www.radlobby.org\/noe\/?s={search_term_string}"},"query-input":{"@type":"PropertyValueSpecification","valueRequired":true,"valueName":"search_term_string"}}],"inLanguage":"de"},{"@type":"Organization","@id":"https:\/\/www.radlobby.org\/noe\/#organization","name":"Radlobby Nieder\u00f6sterreich","url":"https:\/\/www.radlobby.org\/noe\/","logo":{"@type":"ImageObject","inLanguage":"de","@id":"https:\/\/www.radlobby.org\/noe\/#\/schema\/logo\/image\/","url":"https:\/\/www.radlobby.org\/noe\/wp-content\/uploads\/2017\/01\/cropped-Logo_Radlobby_Niederoesterreich_50-400px_quer-1.jpg","contentUrl":"https:\/\/www.radlobby.org\/noe\/wp-content\/uploads\/2017\/01\/cropped-Logo_Radlobby_Niederoesterreich_50-400px_quer-1.jpg","width":450,"height":124,"caption":"Radlobby Nieder\u00f6sterreich"},"image":{"@id":"https:\/\/www.radlobby.org\/noe\/#\/schema\/logo\/image\/"},"sameAs":["https:\/\/www.facebook.com\/groups\/radfahren.in.noe\/"]},{"@type":"Person","@id":"https:\/\/www.radlobby.org\/noe\/#\/schema\/person\/6575d09b0e7b7970d5b81d0bab520c61","name":"Gerold Petritsch","image":{"@type":"ImageObject","inLanguage":"de","@id":"https:\/\/www.radlobby.org\/noe\/#\/schema\/person\/image\/","url":"https:\/\/secure.gravatar.com\/avatar\/9dc36f4c91f9894712dd7fdc25d6d6bc3448cf31a66187da4b2a4081af93013d?s=96&d=mm&r=g","contentUrl":"https:\/\/secure.gravatar.com\/avatar\/9dc36f4c91f9894712dd7fdc25d6d6bc3448cf31a66187da4b2a4081af93013d?s=96&d=mm&r=g","caption":"Gerold Petritsch"},"url":"https:\/\/www.radlobby.org\/noe\/author\/gerold-petritsch\/"}]}},"_links":{"self":[{"href":"https:\/\/www.radlobby.org\/noe\/wp-json\/wp\/v2\/posts\/39734","targetHints":{"allow":["GET"]}}],"collection":[{"href":"https:\/\/www.radlobby.org\/noe\/wp-json\/wp\/v2\/posts"}],"about":[{"href":"https:\/\/www.radlobby.org\/noe\/wp-json\/wp\/v2\/types\/post"}],"author":[{"embeddable":true,"href":"https:\/\/www.radlobby.org\/noe\/wp-json\/wp\/v2\/users\/55"}],"replies":[{"embeddable":true,"href":"https:\/\/www.radlobby.org\/noe\/wp-json\/wp\/v2\/comments?post=39734"}],"version-history":[{"count":17,"href":"https:\/\/www.radlobby.org\/noe\/wp-json\/wp\/v2\/posts\/39734\/revisions"}],"predecessor-version":[{"id":39790,"href":"https:\/\/www.radlobby.org\/noe\/wp-json\/wp\/v2\/posts\/39734\/revisions\/39790"}],"wp:featuredmedia":[{"embeddable":true,"href":"https:\/\/www.radlobby.org\/noe\/wp-json\/wp\/v2\/media\/39737"}],"wp:attachment":[{"href":"https:\/\/www.radlobby.org\/noe\/wp-json\/wp\/v2\/media?parent=39734"}],"wp:term":[{"taxonomy":"category","embeddable":true,"href":"https:\/\/www.radlobby.org\/noe\/wp-json\/wp\/v2\/categories?post=39734"},{"taxonomy":"post_tag","embeddable":true,"href":"https:\/\/www.radlobby.org\/noe\/wp-json\/wp\/v2\/tags?post=39734"}],"curies":[{"name":"wp","href":"https:\/\/api.w.org\/{rel}","templated":true}]}}