{"id":39724,"date":"2025-08-04T18:16:06","date_gmt":"2025-08-04T16:16:06","guid":{"rendered":"https:\/\/www.radlobby.org\/noe\/?p=39724"},"modified":"2026-04-01T12:26:28","modified_gmt":"2026-04-01T10:26:28","slug":"radlobby-bad-voeslau-radfahren-mit-hund","status":"publish","type":"post","link":"https:\/\/www.radlobby.org\/noe\/radlobby-bad-voeslau-radfahren-mit-hund\/","title":{"rendered":"Bad V\u00f6slau | Radfahren mit Hund"},"content":{"rendered":"<h2 data-start=\"219\" data-end=\"278\">&#x1f436;&#x1f6b4; Radfahren mit Hund \u2013 sicher &amp; tiergerecht unterwegs<\/h2>\n<figure id=\"attachment_40731\" aria-describedby=\"caption-attachment-40731\" style=\"width: 300px\" class=\"wp-caption alignright\"><a href=\"https:\/\/www.radlobby.org\/noe\/wp-content\/uploads\/bicycle-7432000_1280.jpg\" data-src=\"https:\/\/www.radlobby.org\/noe\/wp-content\/uploads\/bicycle-7432000_1280.jpg\" data-thumb=\"https:\/\/www.radlobby.org\/noe\/wp-content\/uploads\/bicycle-7432000_1280-300x199.jpg\" class=\"ml-lightbox-enabled\"><img loading=\"lazy\" decoding=\"async\" class=\"wp-image-40731 size-medium\" src=\"https:\/\/www.radlobby.org\/noe\/wp-content\/uploads\/bicycle-7432000_1280-300x199.jpg\" alt=\"https:\/\/pixabay.com\/de\/photos\/fahrrad-rad-fahren-hund-haustier-7432000\/\" width=\"300\" height=\"199\" srcset=\"https:\/\/www.radlobby.org\/noe\/wp-content\/uploads\/bicycle-7432000_1280-300x199.jpg 300w, https:\/\/www.radlobby.org\/noe\/wp-content\/uploads\/bicycle-7432000_1280-768x508.jpg 768w, https:\/\/www.radlobby.org\/noe\/wp-content\/uploads\/bicycle-7432000_1280.jpg 1280w\" sizes=\"auto, (max-width: 300px) 100vw, 300px\" \/><\/a><figcaption id=\"caption-attachment-40731\" class=\"wp-caption-text\">Bildrechte: Pixabay<\/figcaption><\/figure>\n<p data-start=\"280\" data-end=\"494\">Radfahren mit Hund kann eine wunderbare gemeinsame Aktivit\u00e4t sein \u2013 wenn es <strong data-start=\"356\" data-end=\"397\">artgerecht, sicher und r\u00fccksichtsvoll<\/strong> gestaltet wird. Michael ist regelm\u00e4\u00dfig mit seinem Hund am Rad unterwegs und hat uns ein paar Tipps zusammengestellt, die es zu beachten gibt, damit aus dem Ausflug ein Vergn\u00fcgen f\u00fcr beide wird:<\/p>\n<h3 data-start=\"496\" data-end=\"536\">&#x2705; Was braucht es f\u00fcrs Laufen am Rad?<\/h3>\n<ul data-start=\"537\" data-end=\"1004\">\n<li data-start=\"537\" data-end=\"602\">\n<p data-start=\"539\" data-end=\"602\">Der Hund sollte <strong data-start=\"555\" data-end=\"595\">gesund, ausgewachsen und lauffreudig<\/strong> sein<\/p>\n<\/li>\n<li data-start=\"603\" data-end=\"667\">\n<p data-start=\"605\" data-end=\"667\">Eine <strong data-start=\"610\" data-end=\"632\">langsame Gew\u00f6hnung<\/strong> an das Laufen am Rad ist wichtig<\/p>\n<\/li>\n<li data-start=\"668\" data-end=\"740\">\n<p data-start=\"670\" data-end=\"740\"><strong data-start=\"670\" data-end=\"690\">Nie \u00fcberfordern!<\/strong> Der Hund gibt das Tempo vor (idealerweise Trab)<\/p>\n<\/li>\n<li data-start=\"741\" data-end=\"854\">\n<p data-start=\"743\" data-end=\"854\">Ein <strong data-start=\"747\" data-end=\"778\">gut sitzendes Brustgeschirr<\/strong> und eine sichere <strong data-start=\"796\" data-end=\"816\">Fahrradhalterung<\/strong> gew\u00e4hrleisten Abstand und Kontrolle<\/p>\n<\/li>\n<li data-start=\"855\" data-end=\"926\">\n<p data-start=\"857\" data-end=\"926\"><strong data-start=\"857\" data-end=\"879\">Regelm\u00e4\u00dfige Pausen<\/strong> und <strong data-start=\"884\" data-end=\"906\">ausreichend Wasser<\/strong> sind unerl\u00e4sslich<\/p>\n<\/li>\n<li data-start=\"927\" data-end=\"1004\">\n<p data-start=\"929\" data-end=\"1004\">Bei <strong data-start=\"933\" data-end=\"942\">Hitze<\/strong>: Keine Ausfl\u00fcge am Rad, schon gar nicht auf hei\u00dfem Asphalt!<\/p>\n<\/li>\n<\/ul>\n<blockquote data-start=\"1006\" data-end=\"1114\">\n<p data-start=\"1008\" data-end=\"1114\">Laut Tierschutzgesetz darf der Hund <strong data-start=\"1044\" data-end=\"1072\">nicht \u00fcberfordert werden<\/strong> \u2013 sein Wohl steht immer an erster Stelle.<\/p>\n<\/blockquote>\n<h3 data-start=\"1116\" data-end=\"1160\">&#x1f415;&#x200d;&#x1f9ba; Alternative Transportm\u00f6glichkeiten<\/h3>\n<ul data-start=\"1161\" data-end=\"1540\">\n<li data-start=\"1161\" data-end=\"1248\">\n<p data-start=\"1163\" data-end=\"1248\"><strong data-start=\"1163\" data-end=\"1179\">Kleine Hunde<\/strong> k\u00f6nnen im <strong data-start=\"1190\" data-end=\"1205\">Fahrradkorb<\/strong> mitfahren \u2013 gut gepolstert und gesichert<\/p>\n<\/li>\n<li data-start=\"1249\" data-end=\"1355\">\n<p data-start=\"1251\" data-end=\"1355\"><strong data-start=\"1251\" data-end=\"1268\">Gr\u00f6\u00dfere Hunde<\/strong> finden in einem <strong data-start=\"1285\" data-end=\"1297\">Anh\u00e4nger<\/strong> oder <strong data-start=\"1303\" data-end=\"1316\">Lastenrad<\/strong> Platz \u2013 perfekt f\u00fcr l\u00e4ngere Strecken<\/p>\n<\/li>\n<li data-start=\"1356\" data-end=\"1437\">\n<p data-start=\"1358\" data-end=\"1437\">Wichtig: Der Hund sollte <strong data-start=\"1383\" data-end=\"1397\">freiwillig<\/strong> einsteigen und sich <strong data-start=\"1418\" data-end=\"1435\">sicher f\u00fchlen<\/strong><\/p>\n<\/li>\n<li data-start=\"1438\" data-end=\"1540\">\n<p data-start=\"1440\" data-end=\"1540\">W\u00e4hrend der Fahrt ist eine <strong data-start=\"1467\" data-end=\"1480\">Sicherung<\/strong> notwendig, damit der Hund nicht unvorbereitet herausspringt<\/p>\n<\/li>\n<\/ul>\n<h3 data-start=\"1542\" data-end=\"1569\">&#x26a0;&#xfe0f; Achtung auf Radwegen<\/h3>\n<p data-start=\"1570\" data-end=\"1703\">Auf manchen Radwegen gilt <strong data-start=\"1596\" data-end=\"1627\">Hunde- oder Fu\u00dfg\u00e4ngerverbot<\/strong> \u2013 bitte immer auf die Beschilderung achten und R\u00fccksicht auf andere nehmen.<\/p>\n<h2 data-start=\"219\" data-end=\"278\">&#x1f436;&#x1f6b4; Fragen?<\/h2>\n<p data-start=\"1570\" data-end=\"1703\">\u00a0Du hast Fragen und m\u00f6chtest gerne mehr dar\u00fcber wissen, wie du mit deinem Hund sicher am Rad unterwegs bist? Melde dich bei uns unter <a href=\"mailto:badvoeslau@radlobby.at\">badvoeslau@radlobby.at<\/a><\/p>\n","protected":false},"excerpt":{"rendered":"<p>&#x1f436;&#x1f6b4; Radfahren mit Hund \u2013 sicher &amp; tiergerecht unterwegs Radfahren mit Hund kann eine wunderbare gemeinsame Aktivit\u00e4t sein \u2013 wenn es artgerecht, sicher und r\u00fccksichtsvoll gestaltet wird. Michael ist regelm\u00e4\u00dfig mit seinem Hund am Rad unterwegs und hat uns ein<\/p>\n","protected":false},"author":65,"featured_media":40731,"comment_status":"closed","ping_status":"closed","sticky":false,"template":"","format":"standard","meta":{"footnotes":""},"categories":[547],"tags":[],"class_list":["post-39724","post","type-post","status-publish","format-standard","has-post-thumbnail","hentry","category-badvoeslau"],"yoast_head":"<!-- This site is optimized with the Yoast SEO plugin v26.9 - https:\/\/yoast.com\/product\/yoast-seo-wordpress\/ -->\n<title>Bad V\u00f6slau | Radfahren mit Hund - Radlobby Nieder\u00f6sterreich<\/title>\n<meta name=\"robots\" content=\"index, follow, max-snippet:-1, max-image-preview:large, max-video-preview:-1\" \/>\n<link rel=\"canonical\" href=\"https:\/\/www.radlobby.org\/noe\/radlobby-bad-voeslau-radfahren-mit-hund\/\" \/>\n<meta property=\"og:locale\" content=\"de_DE\" \/>\n<meta property=\"og:type\" content=\"article\" \/>\n<meta property=\"og:title\" content=\"Bad V\u00f6slau | Radfahren mit Hund - Radlobby Nieder\u00f6sterreich\" \/>\n<meta property=\"og:description\" content=\"&#x1f436;&#x1f6b4; Radfahren mit Hund \u2013 sicher &amp; tiergerecht unterwegs Radfahren mit Hund kann eine wunderbare gemeinsame Aktivit\u00e4t sein \u2013 wenn es artgerecht, sicher und r\u00fccksichtsvoll gestaltet wird. Michael ist regelm\u00e4\u00dfig mit seinem Hund am Rad unterwegs und hat uns ein\" \/>\n<meta property=\"og:url\" content=\"https:\/\/www.radlobby.org\/noe\/radlobby-bad-voeslau-radfahren-mit-hund\/\" \/>\n<meta property=\"og:site_name\" content=\"Radlobby Nieder\u00f6sterreich\" \/>\n<meta property=\"article:publisher\" content=\"https:\/\/www.facebook.com\/groups\/radfahren.in.noe\/\" \/>\n<meta property=\"article:published_time\" content=\"2025-08-04T16:16:06+00:00\" \/>\n<meta property=\"article:modified_time\" content=\"2026-04-01T10:26:28+00:00\" \/>\n<meta property=\"og:image\" content=\"https:\/\/www.radlobby.org\/noe\/wp-content\/uploads\/bicycle-7432000_1280.jpg\" \/>\n\t<meta property=\"og:image:width\" content=\"1280\" \/>\n\t<meta property=\"og:image:height\" content=\"847\" \/>\n\t<meta property=\"og:image:type\" content=\"image\/jpeg\" \/>\n<meta name=\"author\" content=\"Laura Kafka\" \/>\n<meta name=\"twitter:card\" content=\"summary_large_image\" \/>\n<meta name=\"twitter:label1\" content=\"Verfasst von\" \/>\n\t<meta name=\"twitter:data1\" content=\"Laura Kafka\" \/>\n\t<meta name=\"twitter:label2\" content=\"Gesch\u00e4tzte Lesezeit\" \/>\n\t<meta name=\"twitter:data2\" content=\"2\u00a0Minuten\" \/>\n<script type=\"application\/ld+json\" class=\"yoast-schema-graph\">{\"@context\":\"https:\/\/schema.org\",\"@graph\":[{\"@type\":\"Article\",\"@id\":\"https:\/\/www.radlobby.org\/noe\/radlobby-bad-voeslau-radfahren-mit-hund\/#article\",\"isPartOf\":{\"@id\":\"https:\/\/www.radlobby.org\/noe\/radlobby-bad-voeslau-radfahren-mit-hund\/\"},\"author\":{\"name\":\"Laura Kafka\",\"@id\":\"https:\/\/www.radlobby.org\/noe\/#\/schema\/person\/3d46d5baaa32e9fab65201812c570448\"},\"headline\":\"Bad V\u00f6slau | Radfahren mit Hund\",\"datePublished\":\"2025-08-04T16:16:06+00:00\",\"dateModified\":\"2026-04-01T10:26:28+00:00\",\"mainEntityOfPage\":{\"@id\":\"https:\/\/www.radlobby.org\/noe\/radlobby-bad-voeslau-radfahren-mit-hund\/\"},\"wordCount\":294,\"publisher\":{\"@id\":\"https:\/\/www.radlobby.org\/noe\/#organization\"},\"image\":{\"@id\":\"https:\/\/www.radlobby.org\/noe\/radlobby-bad-voeslau-radfahren-mit-hund\/#primaryimage\"},\"thumbnailUrl\":\"https:\/\/www.radlobby.org\/noe\/wp-content\/uploads\/bicycle-7432000_1280.jpg\",\"articleSection\":[\"Radlobby Bad V\u00f6slau\"],\"inLanguage\":\"de\"},{\"@type\":\"WebPage\",\"@id\":\"https:\/\/www.radlobby.org\/noe\/radlobby-bad-voeslau-radfahren-mit-hund\/\",\"url\":\"https:\/\/www.radlobby.org\/noe\/radlobby-bad-voeslau-radfahren-mit-hund\/\",\"name\":\"Bad V\u00f6slau | Radfahren mit Hund - Radlobby Nieder\u00f6sterreich\",\"isPartOf\":{\"@id\":\"https:\/\/www.radlobby.org\/noe\/#website\"},\"primaryImageOfPage\":{\"@id\":\"https:\/\/www.radlobby.org\/noe\/radlobby-bad-voeslau-radfahren-mit-hund\/#primaryimage\"},\"image\":{\"@id\":\"https:\/\/www.radlobby.org\/noe\/radlobby-bad-voeslau-radfahren-mit-hund\/#primaryimage\"},\"thumbnailUrl\":\"https:\/\/www.radlobby.org\/noe\/wp-content\/uploads\/bicycle-7432000_1280.jpg\",\"datePublished\":\"2025-08-04T16:16:06+00:00\",\"dateModified\":\"2026-04-01T10:26:28+00:00\",\"breadcrumb\":{\"@id\":\"https:\/\/www.radlobby.org\/noe\/radlobby-bad-voeslau-radfahren-mit-hund\/#breadcrumb\"},\"inLanguage\":\"de\",\"potentialAction\":[{\"@type\":\"ReadAction\",\"target\":[\"https:\/\/www.radlobby.org\/noe\/radlobby-bad-voeslau-radfahren-mit-hund\/\"]}]},{\"@type\":\"ImageObject\",\"inLanguage\":\"de\",\"@id\":\"https:\/\/www.radlobby.org\/noe\/radlobby-bad-voeslau-radfahren-mit-hund\/#primaryimage\",\"url\":\"https:\/\/www.radlobby.org\/noe\/wp-content\/uploads\/bicycle-7432000_1280.jpg\",\"contentUrl\":\"https:\/\/www.radlobby.org\/noe\/wp-content\/uploads\/bicycle-7432000_1280.jpg\",\"width\":1280,\"height\":847,\"caption\":\"Bildrechte: Pixabay\"},{\"@type\":\"BreadcrumbList\",\"@id\":\"https:\/\/www.radlobby.org\/noe\/radlobby-bad-voeslau-radfahren-mit-hund\/#breadcrumb\",\"itemListElement\":[{\"@type\":\"ListItem\",\"position\":1,\"name\":\"Startseite\",\"item\":\"https:\/\/www.radlobby.org\/noe\/\"},{\"@type\":\"ListItem\",\"position\":2,\"name\":\"Bad V\u00f6slau | Radfahren mit Hund\"}]},{\"@type\":\"WebSite\",\"@id\":\"https:\/\/www.radlobby.org\/noe\/#website\",\"url\":\"https:\/\/www.radlobby.org\/noe\/\",\"name\":\"Radlobby Nieder\u00f6sterreich\",\"description\":\"Radverkehr, Fahrrad, Radfahren, Radreisen, Radtouren, Radweg\",\"publisher\":{\"@id\":\"https:\/\/www.radlobby.org\/noe\/#organization\"},\"potentialAction\":[{\"@type\":\"SearchAction\",\"target\":{\"@type\":\"EntryPoint\",\"urlTemplate\":\"https:\/\/www.radlobby.org\/noe\/?s={search_term_string}\"},\"query-input\":{\"@type\":\"PropertyValueSpecification\",\"valueRequired\":true,\"valueName\":\"search_term_string\"}}],\"inLanguage\":\"de\"},{\"@type\":\"Organization\",\"@id\":\"https:\/\/www.radlobby.org\/noe\/#organization\",\"name\":\"Radlobby Nieder\u00f6sterreich\",\"url\":\"https:\/\/www.radlobby.org\/noe\/\",\"logo\":{\"@type\":\"ImageObject\",\"inLanguage\":\"de\",\"@id\":\"https:\/\/www.radlobby.org\/noe\/#\/schema\/logo\/image\/\",\"url\":\"https:\/\/www.radlobby.org\/noe\/wp-content\/uploads\/2017\/01\/cropped-Logo_Radlobby_Niederoesterreich_50-400px_quer-1.jpg\",\"contentUrl\":\"https:\/\/www.radlobby.org\/noe\/wp-content\/uploads\/2017\/01\/cropped-Logo_Radlobby_Niederoesterreich_50-400px_quer-1.jpg\",\"width\":450,\"height\":124,\"caption\":\"Radlobby Nieder\u00f6sterreich\"},\"image\":{\"@id\":\"https:\/\/www.radlobby.org\/noe\/#\/schema\/logo\/image\/\"},\"sameAs\":[\"https:\/\/www.facebook.com\/groups\/radfahren.in.noe\/\"]},{\"@type\":\"Person\",\"@id\":\"https:\/\/www.radlobby.org\/noe\/#\/schema\/person\/3d46d5baaa32e9fab65201812c570448\",\"name\":\"Laura Kafka\",\"image\":{\"@type\":\"ImageObject\",\"inLanguage\":\"de\",\"@id\":\"https:\/\/www.radlobby.org\/noe\/#\/schema\/person\/image\/\",\"url\":\"https:\/\/secure.gravatar.com\/avatar\/141ec437f27b3084bc6c91857d881288555812a76d2e9c6af9f4ba5f626465e7?s=96&d=mm&r=g\",\"contentUrl\":\"https:\/\/secure.gravatar.com\/avatar\/141ec437f27b3084bc6c91857d881288555812a76d2e9c6af9f4ba5f626465e7?s=96&d=mm&r=g\",\"caption\":\"Laura Kafka\"},\"url\":\"https:\/\/www.radlobby.org\/noe\/author\/laura-kafka\/\"}]}<\/script>\n<!-- \/ Yoast SEO plugin. -->","yoast_head_json":{"title":"Bad V\u00f6slau | Radfahren mit Hund - Radlobby Nieder\u00f6sterreich","robots":{"index":"index","follow":"follow","max-snippet":"max-snippet:-1","max-image-preview":"max-image-preview:large","max-video-preview":"max-video-preview:-1"},"canonical":"https:\/\/www.radlobby.org\/noe\/radlobby-bad-voeslau-radfahren-mit-hund\/","og_locale":"de_DE","og_type":"article","og_title":"Bad V\u00f6slau | Radfahren mit Hund - Radlobby Nieder\u00f6sterreich","og_description":"&#x1f436;&#x1f6b4; Radfahren mit Hund \u2013 sicher &amp; tiergerecht unterwegs Radfahren mit Hund kann eine wunderbare gemeinsame Aktivit\u00e4t sein \u2013 wenn es artgerecht, sicher und r\u00fccksichtsvoll gestaltet wird. Michael ist regelm\u00e4\u00dfig mit seinem Hund am Rad unterwegs und hat uns ein","og_url":"https:\/\/www.radlobby.org\/noe\/radlobby-bad-voeslau-radfahren-mit-hund\/","og_site_name":"Radlobby Nieder\u00f6sterreich","article_publisher":"https:\/\/www.facebook.com\/groups\/radfahren.in.noe\/","article_published_time":"2025-08-04T16:16:06+00:00","article_modified_time":"2026-04-01T10:26:28+00:00","og_image":[{"width":1280,"height":847,"url":"https:\/\/www.radlobby.org\/noe\/wp-content\/uploads\/bicycle-7432000_1280.jpg","type":"image\/jpeg"}],"author":"Laura Kafka","twitter_card":"summary_large_image","twitter_misc":{"Verfasst von":"Laura Kafka","Gesch\u00e4tzte Lesezeit":"2\u00a0Minuten"},"schema":{"@context":"https:\/\/schema.org","@graph":[{"@type":"Article","@id":"https:\/\/www.radlobby.org\/noe\/radlobby-bad-voeslau-radfahren-mit-hund\/#article","isPartOf":{"@id":"https:\/\/www.radlobby.org\/noe\/radlobby-bad-voeslau-radfahren-mit-hund\/"},"author":{"name":"Laura Kafka","@id":"https:\/\/www.radlobby.org\/noe\/#\/schema\/person\/3d46d5baaa32e9fab65201812c570448"},"headline":"Bad V\u00f6slau | Radfahren mit Hund","datePublished":"2025-08-04T16:16:06+00:00","dateModified":"2026-04-01T10:26:28+00:00","mainEntityOfPage":{"@id":"https:\/\/www.radlobby.org\/noe\/radlobby-bad-voeslau-radfahren-mit-hund\/"},"wordCount":294,"publisher":{"@id":"https:\/\/www.radlobby.org\/noe\/#organization"},"image":{"@id":"https:\/\/www.radlobby.org\/noe\/radlobby-bad-voeslau-radfahren-mit-hund\/#primaryimage"},"thumbnailUrl":"https:\/\/www.radlobby.org\/noe\/wp-content\/uploads\/bicycle-7432000_1280.jpg","articleSection":["Radlobby Bad V\u00f6slau"],"inLanguage":"de"},{"@type":"WebPage","@id":"https:\/\/www.radlobby.org\/noe\/radlobby-bad-voeslau-radfahren-mit-hund\/","url":"https:\/\/www.radlobby.org\/noe\/radlobby-bad-voeslau-radfahren-mit-hund\/","name":"Bad V\u00f6slau | Radfahren mit Hund - Radlobby Nieder\u00f6sterreich","isPartOf":{"@id":"https:\/\/www.radlobby.org\/noe\/#website"},"primaryImageOfPage":{"@id":"https:\/\/www.radlobby.org\/noe\/radlobby-bad-voeslau-radfahren-mit-hund\/#primaryimage"},"image":{"@id":"https:\/\/www.radlobby.org\/noe\/radlobby-bad-voeslau-radfahren-mit-hund\/#primaryimage"},"thumbnailUrl":"https:\/\/www.radlobby.org\/noe\/wp-content\/uploads\/bicycle-7432000_1280.jpg","datePublished":"2025-08-04T16:16:06+00:00","dateModified":"2026-04-01T10:26:28+00:00","breadcrumb":{"@id":"https:\/\/www.radlobby.org\/noe\/radlobby-bad-voeslau-radfahren-mit-hund\/#breadcrumb"},"inLanguage":"de","potentialAction":[{"@type":"ReadAction","target":["https:\/\/www.radlobby.org\/noe\/radlobby-bad-voeslau-radfahren-mit-hund\/"]}]},{"@type":"ImageObject","inLanguage":"de","@id":"https:\/\/www.radlobby.org\/noe\/radlobby-bad-voeslau-radfahren-mit-hund\/#primaryimage","url":"https:\/\/www.radlobby.org\/noe\/wp-content\/uploads\/bicycle-7432000_1280.jpg","contentUrl":"https:\/\/www.radlobby.org\/noe\/wp-content\/uploads\/bicycle-7432000_1280.jpg","width":1280,"height":847,"caption":"Bildrechte: Pixabay"},{"@type":"BreadcrumbList","@id":"https:\/\/www.radlobby.org\/noe\/radlobby-bad-voeslau-radfahren-mit-hund\/#breadcrumb","itemListElement":[{"@type":"ListItem","position":1,"name":"Startseite","item":"https:\/\/www.radlobby.org\/noe\/"},{"@type":"ListItem","position":2,"name":"Bad V\u00f6slau | Radfahren mit Hund"}]},{"@type":"WebSite","@id":"https:\/\/www.radlobby.org\/noe\/#website","url":"https:\/\/www.radlobby.org\/noe\/","name":"Radlobby Nieder\u00f6sterreich","description":"Radverkehr, Fahrrad, Radfahren, Radreisen, Radtouren, Radweg","publisher":{"@id":"https:\/\/www.radlobby.org\/noe\/#organization"},"potentialAction":[{"@type":"SearchAction","target":{"@type":"EntryPoint","urlTemplate":"https:\/\/www.radlobby.org\/noe\/?s={search_term_string}"},"query-input":{"@type":"PropertyValueSpecification","valueRequired":true,"valueName":"search_term_string"}}],"inLanguage":"de"},{"@type":"Organization","@id":"https:\/\/www.radlobby.org\/noe\/#organization","name":"Radlobby Nieder\u00f6sterreich","url":"https:\/\/www.radlobby.org\/noe\/","logo":{"@type":"ImageObject","inLanguage":"de","@id":"https:\/\/www.radlobby.org\/noe\/#\/schema\/logo\/image\/","url":"https:\/\/www.radlobby.org\/noe\/wp-content\/uploads\/2017\/01\/cropped-Logo_Radlobby_Niederoesterreich_50-400px_quer-1.jpg","contentUrl":"https:\/\/www.radlobby.org\/noe\/wp-content\/uploads\/2017\/01\/cropped-Logo_Radlobby_Niederoesterreich_50-400px_quer-1.jpg","width":450,"height":124,"caption":"Radlobby Nieder\u00f6sterreich"},"image":{"@id":"https:\/\/www.radlobby.org\/noe\/#\/schema\/logo\/image\/"},"sameAs":["https:\/\/www.facebook.com\/groups\/radfahren.in.noe\/"]},{"@type":"Person","@id":"https:\/\/www.radlobby.org\/noe\/#\/schema\/person\/3d46d5baaa32e9fab65201812c570448","name":"Laura Kafka","image":{"@type":"ImageObject","inLanguage":"de","@id":"https:\/\/www.radlobby.org\/noe\/#\/schema\/person\/image\/","url":"https:\/\/secure.gravatar.com\/avatar\/141ec437f27b3084bc6c91857d881288555812a76d2e9c6af9f4ba5f626465e7?s=96&d=mm&r=g","contentUrl":"https:\/\/secure.gravatar.com\/avatar\/141ec437f27b3084bc6c91857d881288555812a76d2e9c6af9f4ba5f626465e7?s=96&d=mm&r=g","caption":"Laura Kafka"},"url":"https:\/\/www.radlobby.org\/noe\/author\/laura-kafka\/"}]}},"_links":{"self":[{"href":"https:\/\/www.radlobby.org\/noe\/wp-json\/wp\/v2\/posts\/39724","targetHints":{"allow":["GET"]}}],"collection":[{"href":"https:\/\/www.radlobby.org\/noe\/wp-json\/wp\/v2\/posts"}],"about":[{"href":"https:\/\/www.radlobby.org\/noe\/wp-json\/wp\/v2\/types\/post"}],"author":[{"embeddable":true,"href":"https:\/\/www.radlobby.org\/noe\/wp-json\/wp\/v2\/users\/65"}],"replies":[{"embeddable":true,"href":"https:\/\/www.radlobby.org\/noe\/wp-json\/wp\/v2\/comments?post=39724"}],"version-history":[{"count":6,"href":"https:\/\/www.radlobby.org\/noe\/wp-json\/wp\/v2\/posts\/39724\/revisions"}],"predecessor-version":[{"id":41584,"href":"https:\/\/www.radlobby.org\/noe\/wp-json\/wp\/v2\/posts\/39724\/revisions\/41584"}],"wp:featuredmedia":[{"embeddable":true,"href":"https:\/\/www.radlobby.org\/noe\/wp-json\/wp\/v2\/media\/40731"}],"wp:attachment":[{"href":"https:\/\/www.radlobby.org\/noe\/wp-json\/wp\/v2\/media?parent=39724"}],"wp:term":[{"taxonomy":"category","embeddable":true,"href":"https:\/\/www.radlobby.org\/noe\/wp-json\/wp\/v2\/categories?post=39724"},{"taxonomy":"post_tag","embeddable":true,"href":"https:\/\/www.radlobby.org\/noe\/wp-json\/wp\/v2\/tags?post=39724"}],"curies":[{"name":"wp","href":"https:\/\/api.w.org\/{rel}","templated":true}]}}