{"id":39714,"date":"2025-08-01T10:51:22","date_gmt":"2025-08-01T08:51:22","guid":{"rendered":"https:\/\/www.radlobby.org\/noe\/?p=39714"},"modified":"2025-08-01T11:10:48","modified_gmt":"2025-08-01T09:10:48","slug":"baden-pionierinnen-auf-zwei-raedern","status":"publish","type":"post","link":"https:\/\/www.radlobby.org\/noe\/baden-pionierinnen-auf-zwei-raedern\/","title":{"rendered":"Baden | Pionierinnen auf zwei R\u00e4dern \u00b7 Ausstellung \u00b7 Buchvorstellung \u00b7 Filme"},"content":{"rendered":"<h4><a href=\"https:\/\/www.radlobby.org\/noe\/wp-content\/uploads\/Historisches-Plakat-Damen-Wettfahrt-Radwettfahrt-Baden-scaled.jpg\" data-src=\"https:\/\/www.radlobby.org\/noe\/wp-content\/uploads\/Historisches-Plakat-Damen-Wettfahrt-Radwettfahrt-Baden-scaled.jpg\" data-thumb=\"https:\/\/www.radlobby.org\/noe\/wp-content\/uploads\/Historisches-Plakat-Damen-Wettfahrt-Radwettfahrt-Baden-scaled.jpg\" class=\"ml-lightbox-enabled\"><img loading=\"lazy\" decoding=\"async\" class=\"wp-image-39717 alignright\" src=\"https:\/\/www.radlobby.org\/noe\/wp-content\/uploads\/Historisches-Plakat-Damen-Wettfahrt-Radwettfahrt-Baden-scaled.jpg\" alt=\"\" width=\"329\" height=\"468\" srcset=\"https:\/\/www.radlobby.org\/noe\/wp-content\/uploads\/Historisches-Plakat-Damen-Wettfahrt-Radwettfahrt-Baden-scaled.jpg 1797w, https:\/\/www.radlobby.org\/noe\/wp-content\/uploads\/Historisches-Plakat-Damen-Wettfahrt-Radwettfahrt-Baden-211x300.jpg 211w, https:\/\/www.radlobby.org\/noe\/wp-content\/uploads\/Historisches-Plakat-Damen-Wettfahrt-Radwettfahrt-Baden-768x1094.jpg 768w, https:\/\/www.radlobby.org\/noe\/wp-content\/uploads\/Historisches-Plakat-Damen-Wettfahrt-Radwettfahrt-Baden-1078x1536.jpg 1078w, https:\/\/www.radlobby.org\/noe\/wp-content\/uploads\/Historisches-Plakat-Damen-Wettfahrt-Radwettfahrt-Baden-1437x2048.jpg 1437w\" sizes=\"auto, (max-width: 329px) 100vw, 329px\" \/><\/a>1893 Baden bei Wien<br \/>\nErstes Damenradrennen auf der Trabrennbahn in Baden bei Wien<\/h4>\n<p>Ein ungew\u00f6hnliches, ja beinahe revoluton\u00e4res Bild bot sich den staunenden Zuschauerinnen und Zuschauern am 6. August 1893 auf der soeben errichteten Trabrennbahn in Baden:<br \/>\nZum ersten Mal in der Geschichte der Donaumonarchie \u00d6sterreich-Ungarn traten ausschlie\u00dflich Damen zu einem \u00f6ffentlichen Radrennen gegeneinander an \u2013 ein gesellschaftliches Novum, das nicht nur sportliche Begeisterung, sondern auch eine emanzipatorische Bewegung ausl\u00f6ste.<\/p>\n<h4>Ausstellung<br \/>\nBuchvorstellung<br \/>\nFilme<\/h4>\n<p><strong>6. August 2025, 19 Uhr<\/strong><br \/>\n<strong>Trabrennbahn Baden &#8211; Rotunde<\/strong><br \/>\n<strong>M\u00fchlgasse 69, 2500 Baden<\/strong><\/p>\n<p>Programm:<\/p>\n<ul>\n<li><strong>Einf\u00fchrung durch Initiator Martn Knotzer<\/strong><\/li>\n<li><strong>ORF Filmbeitr\u00e4ge \u00fcber historisches (Damen)Radfahren<\/strong> &#8211; teilweise in Baden gedreht<\/li>\n<li><strong>Buchbesprechung \u201eEine Bicycle Novel \u2013 Cenzi Flendrovsky\u201c<\/strong> mit Autorin <strong>Petra Sturm<\/strong><\/li>\n<li><strong>Walter Ulreich<\/strong> &#8211; Forschungsarchiv zur \u00f6sterreichischen Fahrradgeschichte<\/li>\n<li><strong>Fahrradanekdoten<\/strong> ber\u00fchmter Pers\u00f6nlichkeiten von <strong>Dr. Christine Triebnig L\u00f6ffler<\/strong><\/li>\n<li><strong>Signierstunde mit Petra Sturm<\/strong>, Verkaufstisch von <strong>Buchgesch\u00e4ft Zweym\u00fcller<\/strong><\/li>\n<\/ul>\n<p>Ausgestellt werden ein Hochrad des Fahrradgesch\u00e4fts Cycle Factory, sowie historische Fahrr\u00e4der des Kaiser Franz Josef Museum als auch diverse Fachb\u00fccher \u00fcber Fahrr\u00e4der bzw. Baden.<br \/>\nInformieren Sie sich \u00fcber die Fahrradangebote von Baden Mobil und Wienerwald Tourismus.<\/p>\n<p>F\u00fcr das leibliche Wohl sorgt das Team von <strong>Dagmars Rotunde<\/strong>.<\/p>\n<p>Mit freundlicher Unterst\u00fctzung von Badener Trabrennverein BTV, Verein Vestenrohr-Karlstisch, Stadtgemeinde Baden, Wienerwald Tourismus sowie Kaiser Franz Josef Museum.<\/p>\n<p>Besten Dank an das Rollenmuseum Baden f\u00fcr das historische Plakat.<\/p>\n","protected":false},"excerpt":{"rendered":"<p>1893 Baden bei Wien Erstes Damenradrennen auf der Trabrennbahn in Baden bei Wien Ein ungew\u00f6hnliches, ja beinahe revoluton\u00e4res Bild bot sich den staunenden Zuschauerinnen und Zuschauern am 6. August 1893 auf der soeben errichteten Trabrennbahn in Baden: Zum ersten Mal<\/p>\n","protected":false},"author":16,"featured_media":39717,"comment_status":"closed","ping_status":"closed","sticky":false,"template":"","format":"standard","meta":{"footnotes":""},"categories":[195,20],"tags":[],"class_list":["post-39714","post","type-post","status-publish","format-standard","has-post-thumbnail","hentry","category-baden","category-niederoesterreich"],"yoast_head":"<!-- This site is optimized with the Yoast SEO plugin v26.9 - https:\/\/yoast.com\/product\/yoast-seo-wordpress\/ -->\n<title>Baden | Pionierinnen auf zwei R\u00e4dern \u00b7 Ausstellung \u00b7 Buchvorstellung \u00b7 Filme - Radlobby Nieder\u00f6sterreich<\/title>\n<meta name=\"robots\" content=\"index, follow, max-snippet:-1, max-image-preview:large, max-video-preview:-1\" \/>\n<link rel=\"canonical\" href=\"https:\/\/www.radlobby.org\/noe\/baden-pionierinnen-auf-zwei-raedern\/\" \/>\n<meta property=\"og:locale\" content=\"de_DE\" \/>\n<meta property=\"og:type\" content=\"article\" \/>\n<meta property=\"og:title\" content=\"Baden | Pionierinnen auf zwei R\u00e4dern \u00b7 Ausstellung \u00b7 Buchvorstellung \u00b7 Filme - Radlobby Nieder\u00f6sterreich\" \/>\n<meta property=\"og:description\" content=\"1893 Baden bei Wien Erstes Damenradrennen auf der Trabrennbahn in Baden bei Wien Ein ungew\u00f6hnliches, ja beinahe revoluton\u00e4res Bild bot sich den staunenden Zuschauerinnen und Zuschauern am 6. August 1893 auf der soeben errichteten Trabrennbahn in Baden: Zum ersten Mal\" \/>\n<meta property=\"og:url\" content=\"https:\/\/www.radlobby.org\/noe\/baden-pionierinnen-auf-zwei-raedern\/\" \/>\n<meta property=\"og:site_name\" content=\"Radlobby Nieder\u00f6sterreich\" \/>\n<meta property=\"article:publisher\" content=\"https:\/\/www.facebook.com\/groups\/radfahren.in.noe\/\" \/>\n<meta property=\"article:published_time\" content=\"2025-08-01T08:51:22+00:00\" \/>\n<meta property=\"article:modified_time\" content=\"2025-08-01T09:10:48+00:00\" \/>\n<meta property=\"og:image\" content=\"https:\/\/www.radlobby.org\/noe\/wp-content\/uploads\/Historisches-Plakat-Damen-Wettfahrt-Radwettfahrt-Baden-scaled.jpg\" \/>\n\t<meta property=\"og:image:width\" content=\"1797\" \/>\n\t<meta property=\"og:image:height\" content=\"2560\" \/>\n\t<meta property=\"og:image:type\" content=\"image\/jpeg\" \/>\n<meta name=\"author\" content=\"Karl Zauner - Admin\" \/>\n<meta name=\"twitter:card\" content=\"summary_large_image\" \/>\n<meta name=\"twitter:label1\" content=\"Verfasst von\" \/>\n\t<meta name=\"twitter:data1\" content=\"Karl Zauner - Admin\" \/>\n\t<meta name=\"twitter:label2\" content=\"Gesch\u00e4tzte Lesezeit\" \/>\n\t<meta name=\"twitter:data2\" content=\"2\u00a0Minuten\" \/>\n<script type=\"application\/ld+json\" class=\"yoast-schema-graph\">{\"@context\":\"https:\/\/schema.org\",\"@graph\":[{\"@type\":\"Article\",\"@id\":\"https:\/\/www.radlobby.org\/noe\/baden-pionierinnen-auf-zwei-raedern\/#article\",\"isPartOf\":{\"@id\":\"https:\/\/www.radlobby.org\/noe\/baden-pionierinnen-auf-zwei-raedern\/\"},\"author\":{\"name\":\"Karl Zauner - Admin\",\"@id\":\"https:\/\/www.radlobby.org\/noe\/#\/schema\/person\/10547574c40a9e9ea65f92c73f3c516b\"},\"headline\":\"Baden | Pionierinnen auf zwei R\u00e4dern \u00b7 Ausstellung \u00b7 Buchvorstellung \u00b7 Filme\",\"datePublished\":\"2025-08-01T08:51:22+00:00\",\"dateModified\":\"2025-08-01T09:10:48+00:00\",\"mainEntityOfPage\":{\"@id\":\"https:\/\/www.radlobby.org\/noe\/baden-pionierinnen-auf-zwei-raedern\/\"},\"wordCount\":229,\"publisher\":{\"@id\":\"https:\/\/www.radlobby.org\/noe\/#organization\"},\"image\":{\"@id\":\"https:\/\/www.radlobby.org\/noe\/baden-pionierinnen-auf-zwei-raedern\/#primaryimage\"},\"thumbnailUrl\":\"https:\/\/www.radlobby.org\/noe\/wp-content\/uploads\/Historisches-Plakat-Damen-Wettfahrt-Radwettfahrt-Baden-scaled.jpg\",\"articleSection\":[\"Radlobby Baden\",\"Radlobby Nieder\u00f6sterreich\"],\"inLanguage\":\"de\"},{\"@type\":\"WebPage\",\"@id\":\"https:\/\/www.radlobby.org\/noe\/baden-pionierinnen-auf-zwei-raedern\/\",\"url\":\"https:\/\/www.radlobby.org\/noe\/baden-pionierinnen-auf-zwei-raedern\/\",\"name\":\"Baden | Pionierinnen auf zwei R\u00e4dern \u00b7 Ausstellung \u00b7 Buchvorstellung \u00b7 Filme - Radlobby Nieder\u00f6sterreich\",\"isPartOf\":{\"@id\":\"https:\/\/www.radlobby.org\/noe\/#website\"},\"primaryImageOfPage\":{\"@id\":\"https:\/\/www.radlobby.org\/noe\/baden-pionierinnen-auf-zwei-raedern\/#primaryimage\"},\"image\":{\"@id\":\"https:\/\/www.radlobby.org\/noe\/baden-pionierinnen-auf-zwei-raedern\/#primaryimage\"},\"thumbnailUrl\":\"https:\/\/www.radlobby.org\/noe\/wp-content\/uploads\/Historisches-Plakat-Damen-Wettfahrt-Radwettfahrt-Baden-scaled.jpg\",\"datePublished\":\"2025-08-01T08:51:22+00:00\",\"dateModified\":\"2025-08-01T09:10:48+00:00\",\"breadcrumb\":{\"@id\":\"https:\/\/www.radlobby.org\/noe\/baden-pionierinnen-auf-zwei-raedern\/#breadcrumb\"},\"inLanguage\":\"de\",\"potentialAction\":[{\"@type\":\"ReadAction\",\"target\":[\"https:\/\/www.radlobby.org\/noe\/baden-pionierinnen-auf-zwei-raedern\/\"]}]},{\"@type\":\"ImageObject\",\"inLanguage\":\"de\",\"@id\":\"https:\/\/www.radlobby.org\/noe\/baden-pionierinnen-auf-zwei-raedern\/#primaryimage\",\"url\":\"https:\/\/www.radlobby.org\/noe\/wp-content\/uploads\/Historisches-Plakat-Damen-Wettfahrt-Radwettfahrt-Baden-scaled.jpg\",\"contentUrl\":\"https:\/\/www.radlobby.org\/noe\/wp-content\/uploads\/Historisches-Plakat-Damen-Wettfahrt-Radwettfahrt-Baden-scaled.jpg\",\"width\":1797,\"height\":2560},{\"@type\":\"BreadcrumbList\",\"@id\":\"https:\/\/www.radlobby.org\/noe\/baden-pionierinnen-auf-zwei-raedern\/#breadcrumb\",\"itemListElement\":[{\"@type\":\"ListItem\",\"position\":1,\"name\":\"Startseite\",\"item\":\"https:\/\/www.radlobby.org\/noe\/\"},{\"@type\":\"ListItem\",\"position\":2,\"name\":\"Baden | Pionierinnen auf zwei R\u00e4dern \u00b7 Ausstellung \u00b7 Buchvorstellung \u00b7 Filme\"}]},{\"@type\":\"WebSite\",\"@id\":\"https:\/\/www.radlobby.org\/noe\/#website\",\"url\":\"https:\/\/www.radlobby.org\/noe\/\",\"name\":\"Radlobby Nieder\u00f6sterreich\",\"description\":\"Radverkehr, Fahrrad, Radfahren, Radreisen, Radtouren, Radweg\",\"publisher\":{\"@id\":\"https:\/\/www.radlobby.org\/noe\/#organization\"},\"potentialAction\":[{\"@type\":\"SearchAction\",\"target\":{\"@type\":\"EntryPoint\",\"urlTemplate\":\"https:\/\/www.radlobby.org\/noe\/?s={search_term_string}\"},\"query-input\":{\"@type\":\"PropertyValueSpecification\",\"valueRequired\":true,\"valueName\":\"search_term_string\"}}],\"inLanguage\":\"de\"},{\"@type\":\"Organization\",\"@id\":\"https:\/\/www.radlobby.org\/noe\/#organization\",\"name\":\"Radlobby Nieder\u00f6sterreich\",\"url\":\"https:\/\/www.radlobby.org\/noe\/\",\"logo\":{\"@type\":\"ImageObject\",\"inLanguage\":\"de\",\"@id\":\"https:\/\/www.radlobby.org\/noe\/#\/schema\/logo\/image\/\",\"url\":\"https:\/\/www.radlobby.org\/noe\/wp-content\/uploads\/2017\/01\/cropped-Logo_Radlobby_Niederoesterreich_50-400px_quer-1.jpg\",\"contentUrl\":\"https:\/\/www.radlobby.org\/noe\/wp-content\/uploads\/2017\/01\/cropped-Logo_Radlobby_Niederoesterreich_50-400px_quer-1.jpg\",\"width\":450,\"height\":124,\"caption\":\"Radlobby Nieder\u00f6sterreich\"},\"image\":{\"@id\":\"https:\/\/www.radlobby.org\/noe\/#\/schema\/logo\/image\/\"},\"sameAs\":[\"https:\/\/www.facebook.com\/groups\/radfahren.in.noe\/\"]},{\"@type\":\"Person\",\"@id\":\"https:\/\/www.radlobby.org\/noe\/#\/schema\/person\/10547574c40a9e9ea65f92c73f3c516b\",\"name\":\"Karl Zauner - Admin\",\"image\":{\"@type\":\"ImageObject\",\"inLanguage\":\"de\",\"@id\":\"https:\/\/www.radlobby.org\/noe\/#\/schema\/person\/image\/\",\"url\":\"https:\/\/secure.gravatar.com\/avatar\/c0be6303c1ffe16a7b1c79e07b12d4b29176a733c2a5e811b749965d4be12138?s=96&d=mm&r=g\",\"contentUrl\":\"https:\/\/secure.gravatar.com\/avatar\/c0be6303c1ffe16a7b1c79e07b12d4b29176a733c2a5e811b749965d4be12138?s=96&d=mm&r=g\",\"caption\":\"Karl Zauner - Admin\"},\"url\":\"https:\/\/www.radlobby.org\/noe\/author\/karlzauneradmin\/\"}]}<\/script>\n<!-- \/ Yoast SEO plugin. -->","yoast_head_json":{"title":"Baden | Pionierinnen auf zwei R\u00e4dern \u00b7 Ausstellung \u00b7 Buchvorstellung \u00b7 Filme - Radlobby Nieder\u00f6sterreich","robots":{"index":"index","follow":"follow","max-snippet":"max-snippet:-1","max-image-preview":"max-image-preview:large","max-video-preview":"max-video-preview:-1"},"canonical":"https:\/\/www.radlobby.org\/noe\/baden-pionierinnen-auf-zwei-raedern\/","og_locale":"de_DE","og_type":"article","og_title":"Baden | Pionierinnen auf zwei R\u00e4dern \u00b7 Ausstellung \u00b7 Buchvorstellung \u00b7 Filme - Radlobby Nieder\u00f6sterreich","og_description":"1893 Baden bei Wien Erstes Damenradrennen auf der Trabrennbahn in Baden bei Wien Ein ungew\u00f6hnliches, ja beinahe revoluton\u00e4res Bild bot sich den staunenden Zuschauerinnen und Zuschauern am 6. August 1893 auf der soeben errichteten Trabrennbahn in Baden: Zum ersten Mal","og_url":"https:\/\/www.radlobby.org\/noe\/baden-pionierinnen-auf-zwei-raedern\/","og_site_name":"Radlobby Nieder\u00f6sterreich","article_publisher":"https:\/\/www.facebook.com\/groups\/radfahren.in.noe\/","article_published_time":"2025-08-01T08:51:22+00:00","article_modified_time":"2025-08-01T09:10:48+00:00","og_image":[{"width":1797,"height":2560,"url":"https:\/\/www.radlobby.org\/noe\/wp-content\/uploads\/Historisches-Plakat-Damen-Wettfahrt-Radwettfahrt-Baden-scaled.jpg","type":"image\/jpeg"}],"author":"Karl Zauner - Admin","twitter_card":"summary_large_image","twitter_misc":{"Verfasst von":"Karl Zauner - Admin","Gesch\u00e4tzte Lesezeit":"2\u00a0Minuten"},"schema":{"@context":"https:\/\/schema.org","@graph":[{"@type":"Article","@id":"https:\/\/www.radlobby.org\/noe\/baden-pionierinnen-auf-zwei-raedern\/#article","isPartOf":{"@id":"https:\/\/www.radlobby.org\/noe\/baden-pionierinnen-auf-zwei-raedern\/"},"author":{"name":"Karl Zauner - Admin","@id":"https:\/\/www.radlobby.org\/noe\/#\/schema\/person\/10547574c40a9e9ea65f92c73f3c516b"},"headline":"Baden | Pionierinnen auf zwei R\u00e4dern \u00b7 Ausstellung \u00b7 Buchvorstellung \u00b7 Filme","datePublished":"2025-08-01T08:51:22+00:00","dateModified":"2025-08-01T09:10:48+00:00","mainEntityOfPage":{"@id":"https:\/\/www.radlobby.org\/noe\/baden-pionierinnen-auf-zwei-raedern\/"},"wordCount":229,"publisher":{"@id":"https:\/\/www.radlobby.org\/noe\/#organization"},"image":{"@id":"https:\/\/www.radlobby.org\/noe\/baden-pionierinnen-auf-zwei-raedern\/#primaryimage"},"thumbnailUrl":"https:\/\/www.radlobby.org\/noe\/wp-content\/uploads\/Historisches-Plakat-Damen-Wettfahrt-Radwettfahrt-Baden-scaled.jpg","articleSection":["Radlobby Baden","Radlobby Nieder\u00f6sterreich"],"inLanguage":"de"},{"@type":"WebPage","@id":"https:\/\/www.radlobby.org\/noe\/baden-pionierinnen-auf-zwei-raedern\/","url":"https:\/\/www.radlobby.org\/noe\/baden-pionierinnen-auf-zwei-raedern\/","name":"Baden | Pionierinnen auf zwei R\u00e4dern \u00b7 Ausstellung \u00b7 Buchvorstellung \u00b7 Filme - Radlobby Nieder\u00f6sterreich","isPartOf":{"@id":"https:\/\/www.radlobby.org\/noe\/#website"},"primaryImageOfPage":{"@id":"https:\/\/www.radlobby.org\/noe\/baden-pionierinnen-auf-zwei-raedern\/#primaryimage"},"image":{"@id":"https:\/\/www.radlobby.org\/noe\/baden-pionierinnen-auf-zwei-raedern\/#primaryimage"},"thumbnailUrl":"https:\/\/www.radlobby.org\/noe\/wp-content\/uploads\/Historisches-Plakat-Damen-Wettfahrt-Radwettfahrt-Baden-scaled.jpg","datePublished":"2025-08-01T08:51:22+00:00","dateModified":"2025-08-01T09:10:48+00:00","breadcrumb":{"@id":"https:\/\/www.radlobby.org\/noe\/baden-pionierinnen-auf-zwei-raedern\/#breadcrumb"},"inLanguage":"de","potentialAction":[{"@type":"ReadAction","target":["https:\/\/www.radlobby.org\/noe\/baden-pionierinnen-auf-zwei-raedern\/"]}]},{"@type":"ImageObject","inLanguage":"de","@id":"https:\/\/www.radlobby.org\/noe\/baden-pionierinnen-auf-zwei-raedern\/#primaryimage","url":"https:\/\/www.radlobby.org\/noe\/wp-content\/uploads\/Historisches-Plakat-Damen-Wettfahrt-Radwettfahrt-Baden-scaled.jpg","contentUrl":"https:\/\/www.radlobby.org\/noe\/wp-content\/uploads\/Historisches-Plakat-Damen-Wettfahrt-Radwettfahrt-Baden-scaled.jpg","width":1797,"height":2560},{"@type":"BreadcrumbList","@id":"https:\/\/www.radlobby.org\/noe\/baden-pionierinnen-auf-zwei-raedern\/#breadcrumb","itemListElement":[{"@type":"ListItem","position":1,"name":"Startseite","item":"https:\/\/www.radlobby.org\/noe\/"},{"@type":"ListItem","position":2,"name":"Baden | Pionierinnen auf zwei R\u00e4dern \u00b7 Ausstellung \u00b7 Buchvorstellung \u00b7 Filme"}]},{"@type":"WebSite","@id":"https:\/\/www.radlobby.org\/noe\/#website","url":"https:\/\/www.radlobby.org\/noe\/","name":"Radlobby Nieder\u00f6sterreich","description":"Radverkehr, Fahrrad, Radfahren, Radreisen, Radtouren, Radweg","publisher":{"@id":"https:\/\/www.radlobby.org\/noe\/#organization"},"potentialAction":[{"@type":"SearchAction","target":{"@type":"EntryPoint","urlTemplate":"https:\/\/www.radlobby.org\/noe\/?s={search_term_string}"},"query-input":{"@type":"PropertyValueSpecification","valueRequired":true,"valueName":"search_term_string"}}],"inLanguage":"de"},{"@type":"Organization","@id":"https:\/\/www.radlobby.org\/noe\/#organization","name":"Radlobby Nieder\u00f6sterreich","url":"https:\/\/www.radlobby.org\/noe\/","logo":{"@type":"ImageObject","inLanguage":"de","@id":"https:\/\/www.radlobby.org\/noe\/#\/schema\/logo\/image\/","url":"https:\/\/www.radlobby.org\/noe\/wp-content\/uploads\/2017\/01\/cropped-Logo_Radlobby_Niederoesterreich_50-400px_quer-1.jpg","contentUrl":"https:\/\/www.radlobby.org\/noe\/wp-content\/uploads\/2017\/01\/cropped-Logo_Radlobby_Niederoesterreich_50-400px_quer-1.jpg","width":450,"height":124,"caption":"Radlobby Nieder\u00f6sterreich"},"image":{"@id":"https:\/\/www.radlobby.org\/noe\/#\/schema\/logo\/image\/"},"sameAs":["https:\/\/www.facebook.com\/groups\/radfahren.in.noe\/"]},{"@type":"Person","@id":"https:\/\/www.radlobby.org\/noe\/#\/schema\/person\/10547574c40a9e9ea65f92c73f3c516b","name":"Karl Zauner - Admin","image":{"@type":"ImageObject","inLanguage":"de","@id":"https:\/\/www.radlobby.org\/noe\/#\/schema\/person\/image\/","url":"https:\/\/secure.gravatar.com\/avatar\/c0be6303c1ffe16a7b1c79e07b12d4b29176a733c2a5e811b749965d4be12138?s=96&d=mm&r=g","contentUrl":"https:\/\/secure.gravatar.com\/avatar\/c0be6303c1ffe16a7b1c79e07b12d4b29176a733c2a5e811b749965d4be12138?s=96&d=mm&r=g","caption":"Karl Zauner - Admin"},"url":"https:\/\/www.radlobby.org\/noe\/author\/karlzauneradmin\/"}]}},"_links":{"self":[{"href":"https:\/\/www.radlobby.org\/noe\/wp-json\/wp\/v2\/posts\/39714","targetHints":{"allow":["GET"]}}],"collection":[{"href":"https:\/\/www.radlobby.org\/noe\/wp-json\/wp\/v2\/posts"}],"about":[{"href":"https:\/\/www.radlobby.org\/noe\/wp-json\/wp\/v2\/types\/post"}],"author":[{"embeddable":true,"href":"https:\/\/www.radlobby.org\/noe\/wp-json\/wp\/v2\/users\/16"}],"replies":[{"embeddable":true,"href":"https:\/\/www.radlobby.org\/noe\/wp-json\/wp\/v2\/comments?post=39714"}],"version-history":[{"count":7,"href":"https:\/\/www.radlobby.org\/noe\/wp-json\/wp\/v2\/posts\/39714\/revisions"}],"predecessor-version":[{"id":39722,"href":"https:\/\/www.radlobby.org\/noe\/wp-json\/wp\/v2\/posts\/39714\/revisions\/39722"}],"wp:featuredmedia":[{"embeddable":true,"href":"https:\/\/www.radlobby.org\/noe\/wp-json\/wp\/v2\/media\/39717"}],"wp:attachment":[{"href":"https:\/\/www.radlobby.org\/noe\/wp-json\/wp\/v2\/media?parent=39714"}],"wp:term":[{"taxonomy":"category","embeddable":true,"href":"https:\/\/www.radlobby.org\/noe\/wp-json\/wp\/v2\/categories?post=39714"},{"taxonomy":"post_tag","embeddable":true,"href":"https:\/\/www.radlobby.org\/noe\/wp-json\/wp\/v2\/tags?post=39714"}],"curies":[{"name":"wp","href":"https:\/\/api.w.org\/{rel}","templated":true}]}}