{"id":39150,"date":"2025-04-27T16:31:15","date_gmt":"2025-04-27T14:31:15","guid":{"rendered":"https:\/\/www.radlobby.org\/noe\/?p=39150"},"modified":"2025-06-15T18:08:38","modified_gmt":"2025-06-15T16:08:38","slug":"kidical-mass-am-14-juni-2025-um-14-uhr-zum-wr-neustaedter-stadtparkfest","status":"publish","type":"post","link":"https:\/\/www.radlobby.org\/noe\/kidical-mass-am-14-juni-2025-um-14-uhr-zum-wr-neustaedter-stadtparkfest\/","title":{"rendered":"Kinder-Radrundfahrt &#8220;Kidical Mass&#8221; am 14. Juni zum Wiener Neust\u00e4dter Stadtparkfest!"},"content":{"rendered":"<p><a href=\"https:\/\/www.radlobby.org\/noe\/wp-content\/uploads\/Flyer_Kidical_Mass_2025_A6_VS.jpg\" data-src=\"https:\/\/www.radlobby.org\/noe\/wp-content\/uploads\/Flyer_Kidical_Mass_2025_A6_VS.jpg\" data-thumb=\"https:\/\/www.radlobby.org\/noe\/wp-content\/uploads\/Flyer_Kidical_Mass_2025_A6_VS-213x300.jpg\" class=\"ml-lightbox-enabled\"><img loading=\"lazy\" decoding=\"async\" class=\"alignleft wp-image-39152 size-medium\" src=\"https:\/\/www.radlobby.org\/noe\/wp-content\/uploads\/Flyer_Kidical_Mass_2025_A6_VS-213x300.jpg\" alt=\"\" width=\"213\" height=\"300\" srcset=\"https:\/\/www.radlobby.org\/noe\/wp-content\/uploads\/Flyer_Kidical_Mass_2025_A6_VS-213x300.jpg 213w, https:\/\/www.radlobby.org\/noe\/wp-content\/uploads\/Flyer_Kidical_Mass_2025_A6_VS-768x1083.jpg 768w, https:\/\/www.radlobby.org\/noe\/wp-content\/uploads\/Flyer_Kidical_Mass_2025_A6_VS.jpg 1000w\" sizes=\"auto, (max-width: 213px) 100vw, 213px\" \/><\/a>Unsere heurige <strong>Kidical Mass<\/strong> f\u00fchrt am <strong>14.Juni 2025<\/strong> in gem\u00e4chlichem Tempo um den Ring herum und schlie\u00dflich zum Stadtparkfest!<br \/>\nTreffpunkt um <strong>13:45 am Hauptplatz<\/strong> bei der Mariens\u00e4ule, <strong>Abfahrt 14:00<\/strong> ein. <strong>Ziel<\/strong> ist der gro\u00dfe <strong>Stadtpark-Spielplatz <\/strong>(Eintreffen ca. 15:00)!<\/p>\n<p><a href=\"https:\/\/www.radlobby.org\/noe\/wp-content\/uploads\/Flyer_Kidical_Mass_2025_A6_RS.jpg\" data-src=\"https:\/\/www.radlobby.org\/noe\/wp-content\/uploads\/Flyer_Kidical_Mass_2025_A6_RS.jpg\" data-thumb=\"https:\/\/www.radlobby.org\/noe\/wp-content\/uploads\/Flyer_Kidical_Mass_2025_A6_RS-213x300.jpg\" class=\"ml-lightbox-enabled\"><img loading=\"lazy\" decoding=\"async\" class=\"alignright wp-image-39151 size-medium\" src=\"https:\/\/www.radlobby.org\/noe\/wp-content\/uploads\/Flyer_Kidical_Mass_2025_A6_RS-213x300.jpg\" alt=\"\" width=\"213\" height=\"300\" srcset=\"https:\/\/www.radlobby.org\/noe\/wp-content\/uploads\/Flyer_Kidical_Mass_2025_A6_RS-213x300.jpg 213w, https:\/\/www.radlobby.org\/noe\/wp-content\/uploads\/Flyer_Kidical_Mass_2025_A6_RS-768x1083.jpg 768w, https:\/\/www.radlobby.org\/noe\/wp-content\/uploads\/Flyer_Kidical_Mass_2025_A6_RS.jpg 1000w\" sizes=\"auto, (max-width: 213px) 100vw, 213px\" \/><\/a><em><strong><i>Kinder k\u00f6nnen auf Fahrr\u00e4dern, auf Laufr\u00e4dern oder in Transportr\u00e4dern mitmachen.<\/i><\/strong><\/em> Es gibt wieder<strong> kleine \u00dcberraschungen<\/strong> f\u00fcr die Kinder!<\/p>\n<p><em><strong>Seid dabei und bringt die Dinge ins Rollen!<br \/>\n<\/strong><\/em><\/p>\n<p>Am <a href=\"https:\/\/www.maex-wn.at\/event\/stadtparkfest-2025\/\" target=\"_blank\" rel=\"noopener\"><strong>Stadtparkfest<\/strong><\/a> selbst sind wir mit einem <strong>Stand <\/strong>vertreten, unterst\u00fctzt vom <a href=\"https:\/\/www.noe-volkshilfe.at\/standort\/reparatur-cafe-wiener-neustadt\/\" target=\"_blank\" rel=\"noopener\">Volkshilfe Reparatur-Caf\u00e9<\/a>!<br \/>\nDieser liegt in der &#8220;Sportvereinsmeile&#8221; nahe dem &#8220;Vielrad&#8221;-Stand.<\/p>\n<p><em>Auch wenn die Polizei die Strecke absichert und wir von der Radlobby eigene Ordner stellen, ersuchen wir die Eltern und andere Aufsichtspersonen, nahe den Kindern zu bleiben!<\/em><\/p>\n<p>Hier die geplante <strong>Ring-Route<\/strong> in der Plandarstellung:<\/p>\n<p><iframe loading=\"lazy\" src=\"https:\/\/www.google.com\/maps\/d\/u\/0\/embed?mid=1wmEUrnRo0gMC2n2U8RNQcNWbJ25OQds&amp;ehbc=2E312F\" width=\"640\" height=\"480\"><\/iframe><\/p>\n","protected":false},"excerpt":{"rendered":"<p>Unsere heurige Kidical Mass am 14.Juni 2025 um 13:45 f\u00fchrt um den Ring herum und schlie\u00dflich zum Stadtparkfest (dort auch Radlobby-Stand)!<br \/>\nSeid dabei und bringt die Dinge ins Rollen!<\/p>\n","protected":false},"author":44,"featured_media":39152,"comment_status":"closed","ping_status":"closed","sticky":false,"template":"","format":"standard","meta":{"footnotes":""},"categories":[14,547,7],"tags":[],"class_list":["post-39150","post","type-post","status-publish","format-standard","has-post-thumbnail","hentry","category-bad-sauerbrunn","category-badvoeslau","category-wiener-neustadt"],"yoast_head":"<!-- This site is optimized with the Yoast SEO plugin v26.9 - https:\/\/yoast.com\/product\/yoast-seo-wordpress\/ -->\n<title>Kinder-Radrundfahrt &quot;Kidical Mass&quot; am 14. Juni zum Wiener Neust\u00e4dter Stadtparkfest! - Radlobby Nieder\u00f6sterreich<\/title>\n<meta name=\"robots\" content=\"index, follow, max-snippet:-1, max-image-preview:large, max-video-preview:-1\" \/>\n<link rel=\"canonical\" href=\"https:\/\/www.radlobby.org\/noe\/kidical-mass-am-14-juni-2025-um-14-uhr-zum-wr-neustaedter-stadtparkfest\/\" \/>\n<meta property=\"og:locale\" content=\"de_DE\" \/>\n<meta property=\"og:type\" content=\"article\" \/>\n<meta property=\"og:title\" content=\"Kinder-Radrundfahrt &quot;Kidical Mass&quot; am 14. Juni zum Wiener Neust\u00e4dter Stadtparkfest! - Radlobby Nieder\u00f6sterreich\" \/>\n<meta property=\"og:description\" content=\"Unsere heurige Kidical Mass am 14.Juni 2025 um 13:45 f\u00fchrt um den Ring herum und schlie\u00dflich zum Stadtparkfest (dort auch Radlobby-Stand)! Seid dabei und bringt die Dinge ins Rollen!\" \/>\n<meta property=\"og:url\" content=\"https:\/\/www.radlobby.org\/noe\/kidical-mass-am-14-juni-2025-um-14-uhr-zum-wr-neustaedter-stadtparkfest\/\" \/>\n<meta property=\"og:site_name\" content=\"Radlobby Nieder\u00f6sterreich\" \/>\n<meta property=\"article:publisher\" content=\"https:\/\/www.facebook.com\/groups\/radfahren.in.noe\/\" \/>\n<meta property=\"article:published_time\" content=\"2025-04-27T14:31:15+00:00\" \/>\n<meta property=\"article:modified_time\" content=\"2025-06-15T16:08:38+00:00\" \/>\n<meta property=\"og:image\" content=\"https:\/\/www.radlobby.org\/noe\/wp-content\/uploads\/Flyer_Kidical_Mass_2025_A6_VS.jpg\" \/>\n\t<meta property=\"og:image:width\" content=\"1000\" \/>\n\t<meta property=\"og:image:height\" content=\"1410\" \/>\n\t<meta property=\"og:image:type\" content=\"image\/jpeg\" \/>\n<meta name=\"author\" content=\"Stefan Narosy\" \/>\n<meta name=\"twitter:card\" content=\"summary_large_image\" \/>\n<meta name=\"twitter:label1\" content=\"Verfasst von\" \/>\n\t<meta name=\"twitter:data1\" content=\"Stefan Narosy\" \/>\n\t<meta name=\"twitter:label2\" content=\"Gesch\u00e4tzte Lesezeit\" \/>\n\t<meta name=\"twitter:data2\" content=\"2\u00a0Minuten\" \/>\n<script type=\"application\/ld+json\" class=\"yoast-schema-graph\">{\"@context\":\"https:\/\/schema.org\",\"@graph\":[{\"@type\":\"Article\",\"@id\":\"https:\/\/www.radlobby.org\/noe\/kidical-mass-am-14-juni-2025-um-14-uhr-zum-wr-neustaedter-stadtparkfest\/#article\",\"isPartOf\":{\"@id\":\"https:\/\/www.radlobby.org\/noe\/kidical-mass-am-14-juni-2025-um-14-uhr-zum-wr-neustaedter-stadtparkfest\/\"},\"author\":{\"name\":\"Stefan Narosy\",\"@id\":\"https:\/\/www.radlobby.org\/noe\/#\/schema\/person\/622b4f1b94811db08c1893b6c8908169\"},\"headline\":\"Kinder-Radrundfahrt &#8220;Kidical Mass&#8221; am 14. Juni zum Wiener Neust\u00e4dter Stadtparkfest!\",\"datePublished\":\"2025-04-27T14:31:15+00:00\",\"dateModified\":\"2025-06-15T16:08:38+00:00\",\"mainEntityOfPage\":{\"@id\":\"https:\/\/www.radlobby.org\/noe\/kidical-mass-am-14-juni-2025-um-14-uhr-zum-wr-neustaedter-stadtparkfest\/\"},\"wordCount\":137,\"publisher\":{\"@id\":\"https:\/\/www.radlobby.org\/noe\/#organization\"},\"image\":{\"@id\":\"https:\/\/www.radlobby.org\/noe\/kidical-mass-am-14-juni-2025-um-14-uhr-zum-wr-neustaedter-stadtparkfest\/#primaryimage\"},\"thumbnailUrl\":\"https:\/\/www.radlobby.org\/noe\/wp-content\/uploads\/Flyer_Kidical_Mass_2025_A6_VS.jpg\",\"articleSection\":[\"Radlobby Bad Sauerbrunn\",\"Radlobby Bad V\u00f6slau\",\"Radlobby Wiener Neustadt\"],\"inLanguage\":\"de\"},{\"@type\":\"WebPage\",\"@id\":\"https:\/\/www.radlobby.org\/noe\/kidical-mass-am-14-juni-2025-um-14-uhr-zum-wr-neustaedter-stadtparkfest\/\",\"url\":\"https:\/\/www.radlobby.org\/noe\/kidical-mass-am-14-juni-2025-um-14-uhr-zum-wr-neustaedter-stadtparkfest\/\",\"name\":\"Kinder-Radrundfahrt \\\"Kidical Mass\\\" am 14. Juni zum Wiener Neust\u00e4dter Stadtparkfest! - Radlobby Nieder\u00f6sterreich\",\"isPartOf\":{\"@id\":\"https:\/\/www.radlobby.org\/noe\/#website\"},\"primaryImageOfPage\":{\"@id\":\"https:\/\/www.radlobby.org\/noe\/kidical-mass-am-14-juni-2025-um-14-uhr-zum-wr-neustaedter-stadtparkfest\/#primaryimage\"},\"image\":{\"@id\":\"https:\/\/www.radlobby.org\/noe\/kidical-mass-am-14-juni-2025-um-14-uhr-zum-wr-neustaedter-stadtparkfest\/#primaryimage\"},\"thumbnailUrl\":\"https:\/\/www.radlobby.org\/noe\/wp-content\/uploads\/Flyer_Kidical_Mass_2025_A6_VS.jpg\",\"datePublished\":\"2025-04-27T14:31:15+00:00\",\"dateModified\":\"2025-06-15T16:08:38+00:00\",\"breadcrumb\":{\"@id\":\"https:\/\/www.radlobby.org\/noe\/kidical-mass-am-14-juni-2025-um-14-uhr-zum-wr-neustaedter-stadtparkfest\/#breadcrumb\"},\"inLanguage\":\"de\",\"potentialAction\":[{\"@type\":\"ReadAction\",\"target\":[\"https:\/\/www.radlobby.org\/noe\/kidical-mass-am-14-juni-2025-um-14-uhr-zum-wr-neustaedter-stadtparkfest\/\"]}]},{\"@type\":\"ImageObject\",\"inLanguage\":\"de\",\"@id\":\"https:\/\/www.radlobby.org\/noe\/kidical-mass-am-14-juni-2025-um-14-uhr-zum-wr-neustaedter-stadtparkfest\/#primaryimage\",\"url\":\"https:\/\/www.radlobby.org\/noe\/wp-content\/uploads\/Flyer_Kidical_Mass_2025_A6_VS.jpg\",\"contentUrl\":\"https:\/\/www.radlobby.org\/noe\/wp-content\/uploads\/Flyer_Kidical_Mass_2025_A6_VS.jpg\",\"width\":1000,\"height\":1410},{\"@type\":\"BreadcrumbList\",\"@id\":\"https:\/\/www.radlobby.org\/noe\/kidical-mass-am-14-juni-2025-um-14-uhr-zum-wr-neustaedter-stadtparkfest\/#breadcrumb\",\"itemListElement\":[{\"@type\":\"ListItem\",\"position\":1,\"name\":\"Startseite\",\"item\":\"https:\/\/www.radlobby.org\/noe\/\"},{\"@type\":\"ListItem\",\"position\":2,\"name\":\"Kinder-Radrundfahrt &#8222;Kidical Mass&#8220; am 14. Juni zum Wiener Neust\u00e4dter Stadtparkfest!\"}]},{\"@type\":\"WebSite\",\"@id\":\"https:\/\/www.radlobby.org\/noe\/#website\",\"url\":\"https:\/\/www.radlobby.org\/noe\/\",\"name\":\"Radlobby Nieder\u00f6sterreich\",\"description\":\"Radverkehr, Fahrrad, Radfahren, Radreisen, Radtouren, Radweg\",\"publisher\":{\"@id\":\"https:\/\/www.radlobby.org\/noe\/#organization\"},\"potentialAction\":[{\"@type\":\"SearchAction\",\"target\":{\"@type\":\"EntryPoint\",\"urlTemplate\":\"https:\/\/www.radlobby.org\/noe\/?s={search_term_string}\"},\"query-input\":{\"@type\":\"PropertyValueSpecification\",\"valueRequired\":true,\"valueName\":\"search_term_string\"}}],\"inLanguage\":\"de\"},{\"@type\":\"Organization\",\"@id\":\"https:\/\/www.radlobby.org\/noe\/#organization\",\"name\":\"Radlobby Nieder\u00f6sterreich\",\"url\":\"https:\/\/www.radlobby.org\/noe\/\",\"logo\":{\"@type\":\"ImageObject\",\"inLanguage\":\"de\",\"@id\":\"https:\/\/www.radlobby.org\/noe\/#\/schema\/logo\/image\/\",\"url\":\"https:\/\/www.radlobby.org\/noe\/wp-content\/uploads\/2017\/01\/cropped-Logo_Radlobby_Niederoesterreich_50-400px_quer-1.jpg\",\"contentUrl\":\"https:\/\/www.radlobby.org\/noe\/wp-content\/uploads\/2017\/01\/cropped-Logo_Radlobby_Niederoesterreich_50-400px_quer-1.jpg\",\"width\":450,\"height\":124,\"caption\":\"Radlobby Nieder\u00f6sterreich\"},\"image\":{\"@id\":\"https:\/\/www.radlobby.org\/noe\/#\/schema\/logo\/image\/\"},\"sameAs\":[\"https:\/\/www.facebook.com\/groups\/radfahren.in.noe\/\"]},{\"@type\":\"Person\",\"@id\":\"https:\/\/www.radlobby.org\/noe\/#\/schema\/person\/622b4f1b94811db08c1893b6c8908169\",\"name\":\"Stefan Narosy\",\"image\":{\"@type\":\"ImageObject\",\"inLanguage\":\"de\",\"@id\":\"https:\/\/www.radlobby.org\/noe\/#\/schema\/person\/image\/\",\"url\":\"https:\/\/secure.gravatar.com\/avatar\/a91d4656dd2fb5e8627218220b8775712f8147b42d55f71dd3f53110b283a21a?s=96&d=mm&r=g\",\"contentUrl\":\"https:\/\/secure.gravatar.com\/avatar\/a91d4656dd2fb5e8627218220b8775712f8147b42d55f71dd3f53110b283a21a?s=96&d=mm&r=g\",\"caption\":\"Stefan Narosy\"},\"url\":\"https:\/\/www.radlobby.org\/noe\/author\/stefan-narosy\/\"}]}<\/script>\n<!-- \/ Yoast SEO plugin. -->","yoast_head_json":{"title":"Kinder-Radrundfahrt \"Kidical Mass\" am 14. Juni zum Wiener Neust\u00e4dter Stadtparkfest! - Radlobby Nieder\u00f6sterreich","robots":{"index":"index","follow":"follow","max-snippet":"max-snippet:-1","max-image-preview":"max-image-preview:large","max-video-preview":"max-video-preview:-1"},"canonical":"https:\/\/www.radlobby.org\/noe\/kidical-mass-am-14-juni-2025-um-14-uhr-zum-wr-neustaedter-stadtparkfest\/","og_locale":"de_DE","og_type":"article","og_title":"Kinder-Radrundfahrt \"Kidical Mass\" am 14. Juni zum Wiener Neust\u00e4dter Stadtparkfest! - Radlobby Nieder\u00f6sterreich","og_description":"Unsere heurige Kidical Mass am 14.Juni 2025 um 13:45 f\u00fchrt um den Ring herum und schlie\u00dflich zum Stadtparkfest (dort auch Radlobby-Stand)! Seid dabei und bringt die Dinge ins Rollen!","og_url":"https:\/\/www.radlobby.org\/noe\/kidical-mass-am-14-juni-2025-um-14-uhr-zum-wr-neustaedter-stadtparkfest\/","og_site_name":"Radlobby Nieder\u00f6sterreich","article_publisher":"https:\/\/www.facebook.com\/groups\/radfahren.in.noe\/","article_published_time":"2025-04-27T14:31:15+00:00","article_modified_time":"2025-06-15T16:08:38+00:00","og_image":[{"width":1000,"height":1410,"url":"https:\/\/www.radlobby.org\/noe\/wp-content\/uploads\/Flyer_Kidical_Mass_2025_A6_VS.jpg","type":"image\/jpeg"}],"author":"Stefan Narosy","twitter_card":"summary_large_image","twitter_misc":{"Verfasst von":"Stefan Narosy","Gesch\u00e4tzte Lesezeit":"2\u00a0Minuten"},"schema":{"@context":"https:\/\/schema.org","@graph":[{"@type":"Article","@id":"https:\/\/www.radlobby.org\/noe\/kidical-mass-am-14-juni-2025-um-14-uhr-zum-wr-neustaedter-stadtparkfest\/#article","isPartOf":{"@id":"https:\/\/www.radlobby.org\/noe\/kidical-mass-am-14-juni-2025-um-14-uhr-zum-wr-neustaedter-stadtparkfest\/"},"author":{"name":"Stefan Narosy","@id":"https:\/\/www.radlobby.org\/noe\/#\/schema\/person\/622b4f1b94811db08c1893b6c8908169"},"headline":"Kinder-Radrundfahrt &#8220;Kidical Mass&#8221; am 14. Juni zum Wiener Neust\u00e4dter Stadtparkfest!","datePublished":"2025-04-27T14:31:15+00:00","dateModified":"2025-06-15T16:08:38+00:00","mainEntityOfPage":{"@id":"https:\/\/www.radlobby.org\/noe\/kidical-mass-am-14-juni-2025-um-14-uhr-zum-wr-neustaedter-stadtparkfest\/"},"wordCount":137,"publisher":{"@id":"https:\/\/www.radlobby.org\/noe\/#organization"},"image":{"@id":"https:\/\/www.radlobby.org\/noe\/kidical-mass-am-14-juni-2025-um-14-uhr-zum-wr-neustaedter-stadtparkfest\/#primaryimage"},"thumbnailUrl":"https:\/\/www.radlobby.org\/noe\/wp-content\/uploads\/Flyer_Kidical_Mass_2025_A6_VS.jpg","articleSection":["Radlobby Bad Sauerbrunn","Radlobby Bad V\u00f6slau","Radlobby Wiener Neustadt"],"inLanguage":"de"},{"@type":"WebPage","@id":"https:\/\/www.radlobby.org\/noe\/kidical-mass-am-14-juni-2025-um-14-uhr-zum-wr-neustaedter-stadtparkfest\/","url":"https:\/\/www.radlobby.org\/noe\/kidical-mass-am-14-juni-2025-um-14-uhr-zum-wr-neustaedter-stadtparkfest\/","name":"Kinder-Radrundfahrt \"Kidical Mass\" am 14. Juni zum Wiener Neust\u00e4dter Stadtparkfest! - Radlobby Nieder\u00f6sterreich","isPartOf":{"@id":"https:\/\/www.radlobby.org\/noe\/#website"},"primaryImageOfPage":{"@id":"https:\/\/www.radlobby.org\/noe\/kidical-mass-am-14-juni-2025-um-14-uhr-zum-wr-neustaedter-stadtparkfest\/#primaryimage"},"image":{"@id":"https:\/\/www.radlobby.org\/noe\/kidical-mass-am-14-juni-2025-um-14-uhr-zum-wr-neustaedter-stadtparkfest\/#primaryimage"},"thumbnailUrl":"https:\/\/www.radlobby.org\/noe\/wp-content\/uploads\/Flyer_Kidical_Mass_2025_A6_VS.jpg","datePublished":"2025-04-27T14:31:15+00:00","dateModified":"2025-06-15T16:08:38+00:00","breadcrumb":{"@id":"https:\/\/www.radlobby.org\/noe\/kidical-mass-am-14-juni-2025-um-14-uhr-zum-wr-neustaedter-stadtparkfest\/#breadcrumb"},"inLanguage":"de","potentialAction":[{"@type":"ReadAction","target":["https:\/\/www.radlobby.org\/noe\/kidical-mass-am-14-juni-2025-um-14-uhr-zum-wr-neustaedter-stadtparkfest\/"]}]},{"@type":"ImageObject","inLanguage":"de","@id":"https:\/\/www.radlobby.org\/noe\/kidical-mass-am-14-juni-2025-um-14-uhr-zum-wr-neustaedter-stadtparkfest\/#primaryimage","url":"https:\/\/www.radlobby.org\/noe\/wp-content\/uploads\/Flyer_Kidical_Mass_2025_A6_VS.jpg","contentUrl":"https:\/\/www.radlobby.org\/noe\/wp-content\/uploads\/Flyer_Kidical_Mass_2025_A6_VS.jpg","width":1000,"height":1410},{"@type":"BreadcrumbList","@id":"https:\/\/www.radlobby.org\/noe\/kidical-mass-am-14-juni-2025-um-14-uhr-zum-wr-neustaedter-stadtparkfest\/#breadcrumb","itemListElement":[{"@type":"ListItem","position":1,"name":"Startseite","item":"https:\/\/www.radlobby.org\/noe\/"},{"@type":"ListItem","position":2,"name":"Kinder-Radrundfahrt &#8222;Kidical Mass&#8220; am 14. Juni zum Wiener Neust\u00e4dter Stadtparkfest!"}]},{"@type":"WebSite","@id":"https:\/\/www.radlobby.org\/noe\/#website","url":"https:\/\/www.radlobby.org\/noe\/","name":"Radlobby Nieder\u00f6sterreich","description":"Radverkehr, Fahrrad, Radfahren, Radreisen, Radtouren, Radweg","publisher":{"@id":"https:\/\/www.radlobby.org\/noe\/#organization"},"potentialAction":[{"@type":"SearchAction","target":{"@type":"EntryPoint","urlTemplate":"https:\/\/www.radlobby.org\/noe\/?s={search_term_string}"},"query-input":{"@type":"PropertyValueSpecification","valueRequired":true,"valueName":"search_term_string"}}],"inLanguage":"de"},{"@type":"Organization","@id":"https:\/\/www.radlobby.org\/noe\/#organization","name":"Radlobby Nieder\u00f6sterreich","url":"https:\/\/www.radlobby.org\/noe\/","logo":{"@type":"ImageObject","inLanguage":"de","@id":"https:\/\/www.radlobby.org\/noe\/#\/schema\/logo\/image\/","url":"https:\/\/www.radlobby.org\/noe\/wp-content\/uploads\/2017\/01\/cropped-Logo_Radlobby_Niederoesterreich_50-400px_quer-1.jpg","contentUrl":"https:\/\/www.radlobby.org\/noe\/wp-content\/uploads\/2017\/01\/cropped-Logo_Radlobby_Niederoesterreich_50-400px_quer-1.jpg","width":450,"height":124,"caption":"Radlobby Nieder\u00f6sterreich"},"image":{"@id":"https:\/\/www.radlobby.org\/noe\/#\/schema\/logo\/image\/"},"sameAs":["https:\/\/www.facebook.com\/groups\/radfahren.in.noe\/"]},{"@type":"Person","@id":"https:\/\/www.radlobby.org\/noe\/#\/schema\/person\/622b4f1b94811db08c1893b6c8908169","name":"Stefan Narosy","image":{"@type":"ImageObject","inLanguage":"de","@id":"https:\/\/www.radlobby.org\/noe\/#\/schema\/person\/image\/","url":"https:\/\/secure.gravatar.com\/avatar\/a91d4656dd2fb5e8627218220b8775712f8147b42d55f71dd3f53110b283a21a?s=96&d=mm&r=g","contentUrl":"https:\/\/secure.gravatar.com\/avatar\/a91d4656dd2fb5e8627218220b8775712f8147b42d55f71dd3f53110b283a21a?s=96&d=mm&r=g","caption":"Stefan Narosy"},"url":"https:\/\/www.radlobby.org\/noe\/author\/stefan-narosy\/"}]}},"_links":{"self":[{"href":"https:\/\/www.radlobby.org\/noe\/wp-json\/wp\/v2\/posts\/39150","targetHints":{"allow":["GET"]}}],"collection":[{"href":"https:\/\/www.radlobby.org\/noe\/wp-json\/wp\/v2\/posts"}],"about":[{"href":"https:\/\/www.radlobby.org\/noe\/wp-json\/wp\/v2\/types\/post"}],"author":[{"embeddable":true,"href":"https:\/\/www.radlobby.org\/noe\/wp-json\/wp\/v2\/users\/44"}],"replies":[{"embeddable":true,"href":"https:\/\/www.radlobby.org\/noe\/wp-json\/wp\/v2\/comments?post=39150"}],"version-history":[{"count":23,"href":"https:\/\/www.radlobby.org\/noe\/wp-json\/wp\/v2\/posts\/39150\/revisions"}],"predecessor-version":[{"id":39353,"href":"https:\/\/www.radlobby.org\/noe\/wp-json\/wp\/v2\/posts\/39150\/revisions\/39353"}],"wp:featuredmedia":[{"embeddable":true,"href":"https:\/\/www.radlobby.org\/noe\/wp-json\/wp\/v2\/media\/39152"}],"wp:attachment":[{"href":"https:\/\/www.radlobby.org\/noe\/wp-json\/wp\/v2\/media?parent=39150"}],"wp:term":[{"taxonomy":"category","embeddable":true,"href":"https:\/\/www.radlobby.org\/noe\/wp-json\/wp\/v2\/categories?post=39150"},{"taxonomy":"post_tag","embeddable":true,"href":"https:\/\/www.radlobby.org\/noe\/wp-json\/wp\/v2\/tags?post=39150"}],"curies":[{"name":"wp","href":"https:\/\/api.w.org\/{rel}","templated":true}]}}