{"id":39053,"date":"2025-05-07T08:09:22","date_gmt":"2025-05-07T06:09:22","guid":{"rendered":"https:\/\/www.radlobby.org\/noe\/?p=39053"},"modified":"2025-05-07T08:12:22","modified_gmt":"2025-05-07T06:12:22","slug":"niederoesterreich-radelt-zur-arbeit-bitte-mitmachen","status":"publish","type":"post","link":"https:\/\/www.radlobby.org\/noe\/niederoesterreich-radelt-zur-arbeit-bitte-mitmachen\/","title":{"rendered":"Nieder\u00f6sterreich radelt zur Arbeit &#8211; bitte mitmachen!"},"content":{"rendered":"<p><a href=\"https:\/\/www.radlobby.org\/noe\/wp-content\/uploads\/NOe-radelt.jpg\" data-src=\"https:\/\/www.radlobby.org\/noe\/wp-content\/uploads\/NOe-radelt.jpg\" data-thumb=\"https:\/\/www.radlobby.org\/noe\/wp-content\/uploads\/NOe-radelt-300x200.jpg\" class=\"ml-lightbox-enabled\"><img loading=\"lazy\" decoding=\"async\" class=\"alignleft size-medium wp-image-39054\" src=\"https:\/\/www.radlobby.org\/noe\/wp-content\/uploads\/NOe-radelt-300x200.jpg\" alt=\"\" width=\"300\" height=\"200\" srcset=\"https:\/\/www.radlobby.org\/noe\/wp-content\/uploads\/NOe-radelt-300x200.jpg 300w, https:\/\/www.radlobby.org\/noe\/wp-content\/uploads\/NOe-radelt-768x512.jpg 768w, https:\/\/www.radlobby.org\/noe\/wp-content\/uploads\/NOe-radelt-1536x1024.jpg 1536w, https:\/\/www.radlobby.org\/noe\/wp-content\/uploads\/NOe-radelt-2048x1366.jpg 2048w\" sizes=\"auto, (max-width: 300px) 100vw, 300px\" \/><\/a>Sicher eine lobenswerte Initiative des Landes: <a href=\"https:\/\/niederoesterreich.radelt.at\/arbeit\" target=\"_blank\" rel=\"noopener\">Nieder\u00f6sterreich radelt zur Arbeit<\/a> im Mai und Juni 2025.<br \/>\nEs gibt auch etwas zu gewinnen!<\/p>\n<p>Siehe auch <a href=\"https:\/\/niederoesterreich.radelt.at\" target=\"_blank\" rel=\"noopener\">https:\/\/niederoesterreich.radelt.at<\/a><\/p>\n","protected":false},"excerpt":{"rendered":"<p>Sicher eine lobenswerte Initiative des Landes: Nieder\u00f6sterreich radelt zur Arbeit im Mai und Juni 2025.<br \/>\nEs gibt auch etwas zu gewinnen!<\/p>\n","protected":false},"author":55,"featured_media":39054,"comment_status":"closed","ping_status":"closed","sticky":false,"template":"","format":"standard","meta":{"footnotes":""},"categories":[20,7],"tags":[],"class_list":["post-39053","post","type-post","status-publish","format-standard","has-post-thumbnail","hentry","category-niederoesterreich","category-wiener-neustadt"],"yoast_head":"<!-- This site is optimized with the Yoast SEO plugin v28.3 - https:\/\/yoast.com\/product\/yoast-seo-wordpress\/ -->\n<title>Nieder\u00f6sterreich radelt zur Arbeit - bitte mitmachen! - Radlobby Nieder\u00f6sterreich<\/title>\n<meta name=\"robots\" content=\"index, follow, max-snippet:-1, max-image-preview:large, max-video-preview:-1\" \/>\n<link rel=\"canonical\" href=\"https:\/\/www.radlobby.org\/noe\/niederoesterreich-radelt-zur-arbeit-bitte-mitmachen\/\" \/>\n<meta property=\"og:locale\" content=\"de_DE\" \/>\n<meta property=\"og:type\" content=\"article\" \/>\n<meta property=\"og:title\" content=\"Nieder\u00f6sterreich radelt zur Arbeit - bitte mitmachen! - Radlobby Nieder\u00f6sterreich\" \/>\n<meta property=\"og:description\" content=\"Sicher eine lobenswerte Initiative des Landes: Nieder\u00f6sterreich radelt zur Arbeit im Mai und Juni 2025. Es gibt auch etwas zu gewinnen!\" \/>\n<meta property=\"og:url\" content=\"https:\/\/www.radlobby.org\/noe\/niederoesterreich-radelt-zur-arbeit-bitte-mitmachen\/\" \/>\n<meta property=\"og:site_name\" content=\"Radlobby Nieder\u00f6sterreich\" \/>\n<meta property=\"article:publisher\" content=\"https:\/\/www.facebook.com\/groups\/radfahren.in.noe\/\" \/>\n<meta property=\"article:published_time\" content=\"2025-05-07T06:09:22+00:00\" \/>\n<meta property=\"article:modified_time\" content=\"2025-05-07T06:12:22+00:00\" \/>\n<meta property=\"og:image\" content=\"https:\/\/www.radlobby.org\/noe\/wp-content\/uploads\/NOe-radelt.jpg\" \/>\n\t<meta property=\"og:image:width\" content=\"2560\" \/>\n\t<meta property=\"og:image:height\" content=\"1707\" \/>\n\t<meta property=\"og:image:type\" content=\"image\/jpeg\" \/>\n<meta name=\"author\" content=\"Gerold Petritsch\" \/>\n<meta name=\"twitter:card\" content=\"summary_large_image\" \/>\n<meta name=\"twitter:label1\" content=\"Verfasst von\" \/>\n\t<meta name=\"twitter:data1\" content=\"Gerold Petritsch\" \/>\n\t<meta name=\"twitter:label2\" content=\"Gesch\u00e4tzte Lesezeit\" \/>\n\t<meta name=\"twitter:data2\" content=\"1\u00a0Minute\" \/>\n<script type=\"application\/ld+json\" class=\"yoast-schema-graph\">{\"@context\":\"https:\\\/\\\/schema.org\",\"@graph\":[{\"@type\":\"Article\",\"@id\":\"https:\\\/\\\/www.radlobby.org\\\/noe\\\/niederoesterreich-radelt-zur-arbeit-bitte-mitmachen\\\/#article\",\"isPartOf\":{\"@id\":\"https:\\\/\\\/www.radlobby.org\\\/noe\\\/niederoesterreich-radelt-zur-arbeit-bitte-mitmachen\\\/\"},\"author\":{\"name\":\"Gerold Petritsch\",\"@id\":\"https:\\\/\\\/www.radlobby.org\\\/noe\\\/#\\\/schema\\\/person\\\/6575d09b0e7b7970d5b81d0bab520c61\"},\"headline\":\"Nieder\u00f6sterreich radelt zur Arbeit &#8211; bitte mitmachen!\",\"datePublished\":\"2025-05-07T06:09:22+00:00\",\"dateModified\":\"2025-05-07T06:12:22+00:00\",\"mainEntityOfPage\":{\"@id\":\"https:\\\/\\\/www.radlobby.org\\\/noe\\\/niederoesterreich-radelt-zur-arbeit-bitte-mitmachen\\\/\"},\"wordCount\":35,\"publisher\":{\"@id\":\"https:\\\/\\\/www.radlobby.org\\\/noe\\\/#organization\"},\"image\":{\"@id\":\"https:\\\/\\\/www.radlobby.org\\\/noe\\\/niederoesterreich-radelt-zur-arbeit-bitte-mitmachen\\\/#primaryimage\"},\"thumbnailUrl\":\"https:\\\/\\\/www.radlobby.org\\\/noe\\\/wp-content\\\/uploads\\\/NOe-radelt.jpg\",\"articleSection\":[\"Radlobby Nieder\u00f6sterreich\",\"Radlobby Wiener Neustadt\"],\"inLanguage\":\"de\"},{\"@type\":\"WebPage\",\"@id\":\"https:\\\/\\\/www.radlobby.org\\\/noe\\\/niederoesterreich-radelt-zur-arbeit-bitte-mitmachen\\\/\",\"url\":\"https:\\\/\\\/www.radlobby.org\\\/noe\\\/niederoesterreich-radelt-zur-arbeit-bitte-mitmachen\\\/\",\"name\":\"Nieder\u00f6sterreich radelt zur Arbeit - bitte mitmachen! - Radlobby Nieder\u00f6sterreich\",\"isPartOf\":{\"@id\":\"https:\\\/\\\/www.radlobby.org\\\/noe\\\/#website\"},\"primaryImageOfPage\":{\"@id\":\"https:\\\/\\\/www.radlobby.org\\\/noe\\\/niederoesterreich-radelt-zur-arbeit-bitte-mitmachen\\\/#primaryimage\"},\"image\":{\"@id\":\"https:\\\/\\\/www.radlobby.org\\\/noe\\\/niederoesterreich-radelt-zur-arbeit-bitte-mitmachen\\\/#primaryimage\"},\"thumbnailUrl\":\"https:\\\/\\\/www.radlobby.org\\\/noe\\\/wp-content\\\/uploads\\\/NOe-radelt.jpg\",\"datePublished\":\"2025-05-07T06:09:22+00:00\",\"dateModified\":\"2025-05-07T06:12:22+00:00\",\"breadcrumb\":{\"@id\":\"https:\\\/\\\/www.radlobby.org\\\/noe\\\/niederoesterreich-radelt-zur-arbeit-bitte-mitmachen\\\/#breadcrumb\"},\"inLanguage\":\"de\",\"potentialAction\":[{\"@type\":\"ReadAction\",\"target\":[\"https:\\\/\\\/www.radlobby.org\\\/noe\\\/niederoesterreich-radelt-zur-arbeit-bitte-mitmachen\\\/\"]}]},{\"@type\":\"ImageObject\",\"inLanguage\":\"de\",\"@id\":\"https:\\\/\\\/www.radlobby.org\\\/noe\\\/niederoesterreich-radelt-zur-arbeit-bitte-mitmachen\\\/#primaryimage\",\"url\":\"https:\\\/\\\/www.radlobby.org\\\/noe\\\/wp-content\\\/uploads\\\/NOe-radelt.jpg\",\"contentUrl\":\"https:\\\/\\\/www.radlobby.org\\\/noe\\\/wp-content\\\/uploads\\\/NOe-radelt.jpg\",\"width\":2560,\"height\":1707},{\"@type\":\"BreadcrumbList\",\"@id\":\"https:\\\/\\\/www.radlobby.org\\\/noe\\\/niederoesterreich-radelt-zur-arbeit-bitte-mitmachen\\\/#breadcrumb\",\"itemListElement\":[{\"@type\":\"ListItem\",\"position\":1,\"name\":\"Startseite\",\"item\":\"https:\\\/\\\/www.radlobby.org\\\/noe\\\/\"},{\"@type\":\"ListItem\",\"position\":2,\"name\":\"Nieder\u00f6sterreich radelt zur Arbeit &#8211; bitte mitmachen!\"}]},{\"@type\":\"WebSite\",\"@id\":\"https:\\\/\\\/www.radlobby.org\\\/noe\\\/#website\",\"url\":\"https:\\\/\\\/www.radlobby.org\\\/noe\\\/\",\"name\":\"Radlobby Nieder\u00f6sterreich\",\"description\":\"Radverkehr, Fahrrad, Radfahren, Radreisen, Radtouren, Radweg\",\"publisher\":{\"@id\":\"https:\\\/\\\/www.radlobby.org\\\/noe\\\/#organization\"},\"potentialAction\":[{\"@type\":\"SearchAction\",\"target\":{\"@type\":\"EntryPoint\",\"urlTemplate\":\"https:\\\/\\\/www.radlobby.org\\\/noe\\\/?s={search_term_string}\"},\"query-input\":{\"@type\":\"PropertyValueSpecification\",\"valueRequired\":true,\"valueName\":\"search_term_string\"}}],\"inLanguage\":\"de\"},{\"@type\":\"Organization\",\"@id\":\"https:\\\/\\\/www.radlobby.org\\\/noe\\\/#organization\",\"name\":\"Radlobby Nieder\u00f6sterreich\",\"url\":\"https:\\\/\\\/www.radlobby.org\\\/noe\\\/\",\"logo\":{\"@type\":\"ImageObject\",\"inLanguage\":\"de\",\"@id\":\"https:\\\/\\\/www.radlobby.org\\\/noe\\\/#\\\/schema\\\/logo\\\/image\\\/\",\"url\":\"https:\\\/\\\/www.radlobby.org\\\/noe\\\/wp-content\\\/uploads\\\/2017\\\/01\\\/cropped-Logo_Radlobby_Niederoesterreich_50-400px_quer-1.jpg\",\"contentUrl\":\"https:\\\/\\\/www.radlobby.org\\\/noe\\\/wp-content\\\/uploads\\\/2017\\\/01\\\/cropped-Logo_Radlobby_Niederoesterreich_50-400px_quer-1.jpg\",\"width\":450,\"height\":124,\"caption\":\"Radlobby Nieder\u00f6sterreich\"},\"image\":{\"@id\":\"https:\\\/\\\/www.radlobby.org\\\/noe\\\/#\\\/schema\\\/logo\\\/image\\\/\"},\"sameAs\":[\"https:\\\/\\\/www.facebook.com\\\/groups\\\/radfahren.in.noe\\\/\"]},{\"@type\":\"Person\",\"@id\":\"https:\\\/\\\/www.radlobby.org\\\/noe\\\/#\\\/schema\\\/person\\\/6575d09b0e7b7970d5b81d0bab520c61\",\"name\":\"Gerold Petritsch\",\"image\":{\"@type\":\"ImageObject\",\"inLanguage\":\"de\",\"@id\":\"https:\\\/\\\/secure.gravatar.com\\\/avatar\\\/9dc36f4c91f9894712dd7fdc25d6d6bc3448cf31a66187da4b2a4081af93013d?s=96&d=mm&r=g\",\"url\":\"https:\\\/\\\/secure.gravatar.com\\\/avatar\\\/9dc36f4c91f9894712dd7fdc25d6d6bc3448cf31a66187da4b2a4081af93013d?s=96&d=mm&r=g\",\"contentUrl\":\"https:\\\/\\\/secure.gravatar.com\\\/avatar\\\/9dc36f4c91f9894712dd7fdc25d6d6bc3448cf31a66187da4b2a4081af93013d?s=96&d=mm&r=g\",\"caption\":\"Gerold Petritsch\"},\"url\":\"https:\\\/\\\/www.radlobby.org\\\/noe\\\/author\\\/gerold-petritsch\\\/\"}]}<\/script>\n<!-- \/ Yoast SEO plugin. -->","yoast_head_json":{"title":"Nieder\u00f6sterreich radelt zur Arbeit - bitte mitmachen! - Radlobby Nieder\u00f6sterreich","robots":{"index":"index","follow":"follow","max-snippet":"max-snippet:-1","max-image-preview":"max-image-preview:large","max-video-preview":"max-video-preview:-1"},"canonical":"https:\/\/www.radlobby.org\/noe\/niederoesterreich-radelt-zur-arbeit-bitte-mitmachen\/","og_locale":"de_DE","og_type":"article","og_title":"Nieder\u00f6sterreich radelt zur Arbeit - bitte mitmachen! - Radlobby Nieder\u00f6sterreich","og_description":"Sicher eine lobenswerte Initiative des Landes: Nieder\u00f6sterreich radelt zur Arbeit im Mai und Juni 2025. Es gibt auch etwas zu gewinnen!","og_url":"https:\/\/www.radlobby.org\/noe\/niederoesterreich-radelt-zur-arbeit-bitte-mitmachen\/","og_site_name":"Radlobby Nieder\u00f6sterreich","article_publisher":"https:\/\/www.facebook.com\/groups\/radfahren.in.noe\/","article_published_time":"2025-05-07T06:09:22+00:00","article_modified_time":"2025-05-07T06:12:22+00:00","og_image":[{"width":2560,"height":1707,"url":"https:\/\/www.radlobby.org\/noe\/wp-content\/uploads\/NOe-radelt.jpg","type":"image\/jpeg"}],"author":"Gerold Petritsch","twitter_card":"summary_large_image","twitter_misc":{"Verfasst von":"Gerold Petritsch","Gesch\u00e4tzte Lesezeit":"1\u00a0Minute"},"schema":{"@context":"https:\/\/schema.org","@graph":[{"@type":"Article","@id":"https:\/\/www.radlobby.org\/noe\/niederoesterreich-radelt-zur-arbeit-bitte-mitmachen\/#article","isPartOf":{"@id":"https:\/\/www.radlobby.org\/noe\/niederoesterreich-radelt-zur-arbeit-bitte-mitmachen\/"},"author":{"name":"Gerold Petritsch","@id":"https:\/\/www.radlobby.org\/noe\/#\/schema\/person\/6575d09b0e7b7970d5b81d0bab520c61"},"headline":"Nieder\u00f6sterreich radelt zur Arbeit &#8211; bitte mitmachen!","datePublished":"2025-05-07T06:09:22+00:00","dateModified":"2025-05-07T06:12:22+00:00","mainEntityOfPage":{"@id":"https:\/\/www.radlobby.org\/noe\/niederoesterreich-radelt-zur-arbeit-bitte-mitmachen\/"},"wordCount":35,"publisher":{"@id":"https:\/\/www.radlobby.org\/noe\/#organization"},"image":{"@id":"https:\/\/www.radlobby.org\/noe\/niederoesterreich-radelt-zur-arbeit-bitte-mitmachen\/#primaryimage"},"thumbnailUrl":"https:\/\/www.radlobby.org\/noe\/wp-content\/uploads\/NOe-radelt.jpg","articleSection":["Radlobby Nieder\u00f6sterreich","Radlobby Wiener Neustadt"],"inLanguage":"de"},{"@type":"WebPage","@id":"https:\/\/www.radlobby.org\/noe\/niederoesterreich-radelt-zur-arbeit-bitte-mitmachen\/","url":"https:\/\/www.radlobby.org\/noe\/niederoesterreich-radelt-zur-arbeit-bitte-mitmachen\/","name":"Nieder\u00f6sterreich radelt zur Arbeit - bitte mitmachen! - Radlobby Nieder\u00f6sterreich","isPartOf":{"@id":"https:\/\/www.radlobby.org\/noe\/#website"},"primaryImageOfPage":{"@id":"https:\/\/www.radlobby.org\/noe\/niederoesterreich-radelt-zur-arbeit-bitte-mitmachen\/#primaryimage"},"image":{"@id":"https:\/\/www.radlobby.org\/noe\/niederoesterreich-radelt-zur-arbeit-bitte-mitmachen\/#primaryimage"},"thumbnailUrl":"https:\/\/www.radlobby.org\/noe\/wp-content\/uploads\/NOe-radelt.jpg","datePublished":"2025-05-07T06:09:22+00:00","dateModified":"2025-05-07T06:12:22+00:00","breadcrumb":{"@id":"https:\/\/www.radlobby.org\/noe\/niederoesterreich-radelt-zur-arbeit-bitte-mitmachen\/#breadcrumb"},"inLanguage":"de","potentialAction":[{"@type":"ReadAction","target":["https:\/\/www.radlobby.org\/noe\/niederoesterreich-radelt-zur-arbeit-bitte-mitmachen\/"]}]},{"@type":"ImageObject","inLanguage":"de","@id":"https:\/\/www.radlobby.org\/noe\/niederoesterreich-radelt-zur-arbeit-bitte-mitmachen\/#primaryimage","url":"https:\/\/www.radlobby.org\/noe\/wp-content\/uploads\/NOe-radelt.jpg","contentUrl":"https:\/\/www.radlobby.org\/noe\/wp-content\/uploads\/NOe-radelt.jpg","width":2560,"height":1707},{"@type":"BreadcrumbList","@id":"https:\/\/www.radlobby.org\/noe\/niederoesterreich-radelt-zur-arbeit-bitte-mitmachen\/#breadcrumb","itemListElement":[{"@type":"ListItem","position":1,"name":"Startseite","item":"https:\/\/www.radlobby.org\/noe\/"},{"@type":"ListItem","position":2,"name":"Nieder\u00f6sterreich radelt zur Arbeit &#8211; bitte mitmachen!"}]},{"@type":"WebSite","@id":"https:\/\/www.radlobby.org\/noe\/#website","url":"https:\/\/www.radlobby.org\/noe\/","name":"Radlobby Nieder\u00f6sterreich","description":"Radverkehr, Fahrrad, Radfahren, Radreisen, Radtouren, Radweg","publisher":{"@id":"https:\/\/www.radlobby.org\/noe\/#organization"},"potentialAction":[{"@type":"SearchAction","target":{"@type":"EntryPoint","urlTemplate":"https:\/\/www.radlobby.org\/noe\/?s={search_term_string}"},"query-input":{"@type":"PropertyValueSpecification","valueRequired":true,"valueName":"search_term_string"}}],"inLanguage":"de"},{"@type":"Organization","@id":"https:\/\/www.radlobby.org\/noe\/#organization","name":"Radlobby Nieder\u00f6sterreich","url":"https:\/\/www.radlobby.org\/noe\/","logo":{"@type":"ImageObject","inLanguage":"de","@id":"https:\/\/www.radlobby.org\/noe\/#\/schema\/logo\/image\/","url":"https:\/\/www.radlobby.org\/noe\/wp-content\/uploads\/2017\/01\/cropped-Logo_Radlobby_Niederoesterreich_50-400px_quer-1.jpg","contentUrl":"https:\/\/www.radlobby.org\/noe\/wp-content\/uploads\/2017\/01\/cropped-Logo_Radlobby_Niederoesterreich_50-400px_quer-1.jpg","width":450,"height":124,"caption":"Radlobby Nieder\u00f6sterreich"},"image":{"@id":"https:\/\/www.radlobby.org\/noe\/#\/schema\/logo\/image\/"},"sameAs":["https:\/\/www.facebook.com\/groups\/radfahren.in.noe\/"]},{"@type":"Person","@id":"https:\/\/www.radlobby.org\/noe\/#\/schema\/person\/6575d09b0e7b7970d5b81d0bab520c61","name":"Gerold Petritsch","image":{"@type":"ImageObject","inLanguage":"de","@id":"https:\/\/secure.gravatar.com\/avatar\/9dc36f4c91f9894712dd7fdc25d6d6bc3448cf31a66187da4b2a4081af93013d?s=96&d=mm&r=g","url":"https:\/\/secure.gravatar.com\/avatar\/9dc36f4c91f9894712dd7fdc25d6d6bc3448cf31a66187da4b2a4081af93013d?s=96&d=mm&r=g","contentUrl":"https:\/\/secure.gravatar.com\/avatar\/9dc36f4c91f9894712dd7fdc25d6d6bc3448cf31a66187da4b2a4081af93013d?s=96&d=mm&r=g","caption":"Gerold Petritsch"},"url":"https:\/\/www.radlobby.org\/noe\/author\/gerold-petritsch\/"}]}},"_links":{"self":[{"href":"https:\/\/www.radlobby.org\/noe\/wp-json\/wp\/v2\/posts\/39053","targetHints":{"allow":["GET"]}}],"collection":[{"href":"https:\/\/www.radlobby.org\/noe\/wp-json\/wp\/v2\/posts"}],"about":[{"href":"https:\/\/www.radlobby.org\/noe\/wp-json\/wp\/v2\/types\/post"}],"author":[{"embeddable":true,"href":"https:\/\/www.radlobby.org\/noe\/wp-json\/wp\/v2\/users\/55"}],"replies":[{"embeddable":true,"href":"https:\/\/www.radlobby.org\/noe\/wp-json\/wp\/v2\/comments?post=39053"}],"version-history":[{"count":3,"href":"https:\/\/www.radlobby.org\/noe\/wp-json\/wp\/v2\/posts\/39053\/revisions"}],"predecessor-version":[{"id":39057,"href":"https:\/\/www.radlobby.org\/noe\/wp-json\/wp\/v2\/posts\/39053\/revisions\/39057"}],"wp:featuredmedia":[{"embeddable":true,"href":"https:\/\/www.radlobby.org\/noe\/wp-json\/wp\/v2\/media\/39054"}],"wp:attachment":[{"href":"https:\/\/www.radlobby.org\/noe\/wp-json\/wp\/v2\/media?parent=39053"}],"wp:term":[{"taxonomy":"category","embeddable":true,"href":"https:\/\/www.radlobby.org\/noe\/wp-json\/wp\/v2\/categories?post=39053"},{"taxonomy":"post_tag","embeddable":true,"href":"https:\/\/www.radlobby.org\/noe\/wp-json\/wp\/v2\/tags?post=39053"}],"curies":[{"name":"wp","href":"https:\/\/api.w.org\/{rel}","templated":true}]}}