{"id":39006,"date":"2025-05-04T20:59:47","date_gmt":"2025-05-04T18:59:47","guid":{"rendered":"https:\/\/www.radlobby.org\/noe\/?p=39006"},"modified":"2025-10-15T08:42:34","modified_gmt":"2025-10-15T06:42:34","slug":"kidical-mass-in-tulln","status":"publish","type":"post","link":"https:\/\/www.radlobby.org\/noe\/kidical-mass-in-tulln\/","title":{"rendered":"KIDICAL MASS in Tulln 2025"},"content":{"rendered":"<p>Liebe Fahrradbegeisterte in Tulln!<\/p>\n<p>Auch am 18.10.2025 treffen wir einander wieder um 14 Uhr am Nibelungenplatz und drehen eine kleine herbstliche Runde durch Tulln.<\/p>\n<p>Alle Infos zur Route findet Ihr hier: <a href=\"https:\/\/radlobby-tulln.github.io\/kidical-mass-2025\/\">https:\/\/radlobby-tulln.github.io\/kidical-mass-2025\/<\/a><\/p>\n<p>Die Versammlung endet um etwa 15 Uhr am Hauptplatz. Dort wartet f\u00fcr die kleinen Teilnehmenden eine s\u00fc\u00dfe \u00dcberraschung.<\/p>\n<p>Wir freuen uns auf Euch!<\/p>\n<p>&nbsp;<\/p>\n","protected":false},"excerpt":{"rendered":"<p>Liebe Fahrradbegeisterte in Tulln! Auch am 18.10.2025 treffen wir einander wieder um 14 Uhr am Nibelungenplatz und drehen eine kleine herbstliche Runde durch Tulln. Alle Infos zur Route findet Ihr hier: https:\/\/radlobby-tulln.github.io\/kidical-mass-2025\/ Die Versammlung endet um etwa 15 Uhr am<\/p>\n","protected":false},"author":87,"featured_media":40455,"comment_status":"closed","ping_status":"closed","sticky":false,"template":"","format":"standard","meta":{"footnotes":""},"categories":[13,597],"tags":[524],"class_list":["post-39006","post","type-post","status-publish","format-standard","has-post-thumbnail","hentry","category-tulln","category-tullnerfeld","tag-kidical-mass"],"yoast_head":"<!-- This site is optimized with the Yoast SEO plugin v26.9 - https:\/\/yoast.com\/product\/yoast-seo-wordpress\/ -->\n<title>KIDICAL MASS in Tulln 2025 - Radlobby Nieder\u00f6sterreich<\/title>\n<meta name=\"robots\" content=\"index, follow, max-snippet:-1, max-image-preview:large, max-video-preview:-1\" \/>\n<link rel=\"canonical\" href=\"https:\/\/www.radlobby.org\/noe\/kidical-mass-in-tulln\/\" \/>\n<meta property=\"og:locale\" content=\"de_DE\" \/>\n<meta property=\"og:type\" content=\"article\" \/>\n<meta property=\"og:title\" content=\"KIDICAL MASS in Tulln 2025 - Radlobby Nieder\u00f6sterreich\" \/>\n<meta property=\"og:description\" content=\"Liebe Fahrradbegeisterte in Tulln! Auch am 18.10.2025 treffen wir einander wieder um 14 Uhr am Nibelungenplatz und drehen eine kleine herbstliche Runde durch Tulln. Alle Infos zur Route findet Ihr hier: https:\/\/radlobby-tulln.github.io\/kidical-mass-2025\/ Die Versammlung endet um etwa 15 Uhr am\" \/>\n<meta property=\"og:url\" content=\"https:\/\/www.radlobby.org\/noe\/kidical-mass-in-tulln\/\" \/>\n<meta property=\"og:site_name\" content=\"Radlobby Nieder\u00f6sterreich\" \/>\n<meta property=\"article:publisher\" content=\"https:\/\/www.facebook.com\/groups\/radfahren.in.noe\/\" \/>\n<meta property=\"article:published_time\" content=\"2025-05-04T18:59:47+00:00\" \/>\n<meta property=\"article:modified_time\" content=\"2025-10-15T06:42:34+00:00\" \/>\n<meta property=\"og:image\" content=\"https:\/\/www.radlobby.org\/noe\/wp-content\/uploads\/IMG_4650.jpeg\" \/>\n\t<meta property=\"og:image:width\" content=\"750\" \/>\n\t<meta property=\"og:image:height\" content=\"1044\" \/>\n\t<meta property=\"og:image:type\" content=\"image\/jpeg\" \/>\n<meta name=\"author\" content=\"Severin Ettl\" \/>\n<meta name=\"twitter:card\" content=\"summary_large_image\" \/>\n<meta name=\"twitter:label1\" content=\"Verfasst von\" \/>\n\t<meta name=\"twitter:data1\" content=\"Severin Ettl\" \/>\n\t<meta name=\"twitter:label2\" content=\"Gesch\u00e4tzte Lesezeit\" \/>\n\t<meta name=\"twitter:data2\" content=\"1\u00a0Minute\" \/>\n<script type=\"application\/ld+json\" class=\"yoast-schema-graph\">{\"@context\":\"https:\/\/schema.org\",\"@graph\":[{\"@type\":\"Article\",\"@id\":\"https:\/\/www.radlobby.org\/noe\/kidical-mass-in-tulln\/#article\",\"isPartOf\":{\"@id\":\"https:\/\/www.radlobby.org\/noe\/kidical-mass-in-tulln\/\"},\"author\":{\"name\":\"Severin Ettl\",\"@id\":\"https:\/\/www.radlobby.org\/noe\/#\/schema\/person\/cbc4a4e8cc70dd86ddfb836e7c78666d\"},\"headline\":\"KIDICAL MASS in Tulln 2025\",\"datePublished\":\"2025-05-04T18:59:47+00:00\",\"dateModified\":\"2025-10-15T06:42:34+00:00\",\"mainEntityOfPage\":{\"@id\":\"https:\/\/www.radlobby.org\/noe\/kidical-mass-in-tulln\/\"},\"wordCount\":63,\"publisher\":{\"@id\":\"https:\/\/www.radlobby.org\/noe\/#organization\"},\"image\":{\"@id\":\"https:\/\/www.radlobby.org\/noe\/kidical-mass-in-tulln\/#primaryimage\"},\"thumbnailUrl\":\"https:\/\/www.radlobby.org\/noe\/wp-content\/uploads\/IMG_4650.jpeg\",\"keywords\":[\"Kidical Mass\"],\"articleSection\":[\"Radlobby Tulln\",\"Radlobby Tullnerfeld\"],\"inLanguage\":\"de\"},{\"@type\":\"WebPage\",\"@id\":\"https:\/\/www.radlobby.org\/noe\/kidical-mass-in-tulln\/\",\"url\":\"https:\/\/www.radlobby.org\/noe\/kidical-mass-in-tulln\/\",\"name\":\"KIDICAL MASS in Tulln 2025 - Radlobby Nieder\u00f6sterreich\",\"isPartOf\":{\"@id\":\"https:\/\/www.radlobby.org\/noe\/#website\"},\"primaryImageOfPage\":{\"@id\":\"https:\/\/www.radlobby.org\/noe\/kidical-mass-in-tulln\/#primaryimage\"},\"image\":{\"@id\":\"https:\/\/www.radlobby.org\/noe\/kidical-mass-in-tulln\/#primaryimage\"},\"thumbnailUrl\":\"https:\/\/www.radlobby.org\/noe\/wp-content\/uploads\/IMG_4650.jpeg\",\"datePublished\":\"2025-05-04T18:59:47+00:00\",\"dateModified\":\"2025-10-15T06:42:34+00:00\",\"breadcrumb\":{\"@id\":\"https:\/\/www.radlobby.org\/noe\/kidical-mass-in-tulln\/#breadcrumb\"},\"inLanguage\":\"de\",\"potentialAction\":[{\"@type\":\"ReadAction\",\"target\":[\"https:\/\/www.radlobby.org\/noe\/kidical-mass-in-tulln\/\"]}]},{\"@type\":\"ImageObject\",\"inLanguage\":\"de\",\"@id\":\"https:\/\/www.radlobby.org\/noe\/kidical-mass-in-tulln\/#primaryimage\",\"url\":\"https:\/\/www.radlobby.org\/noe\/wp-content\/uploads\/IMG_4650.jpeg\",\"contentUrl\":\"https:\/\/www.radlobby.org\/noe\/wp-content\/uploads\/IMG_4650.jpeg\",\"width\":750,\"height\":1044,\"caption\":\"Screenshot\"},{\"@type\":\"BreadcrumbList\",\"@id\":\"https:\/\/www.radlobby.org\/noe\/kidical-mass-in-tulln\/#breadcrumb\",\"itemListElement\":[{\"@type\":\"ListItem\",\"position\":1,\"name\":\"Startseite\",\"item\":\"https:\/\/www.radlobby.org\/noe\/\"},{\"@type\":\"ListItem\",\"position\":2,\"name\":\"KIDICAL MASS in Tulln 2025\"}]},{\"@type\":\"WebSite\",\"@id\":\"https:\/\/www.radlobby.org\/noe\/#website\",\"url\":\"https:\/\/www.radlobby.org\/noe\/\",\"name\":\"Radlobby Nieder\u00f6sterreich\",\"description\":\"Radverkehr, Fahrrad, Radfahren, Radreisen, Radtouren, Radweg\",\"publisher\":{\"@id\":\"https:\/\/www.radlobby.org\/noe\/#organization\"},\"potentialAction\":[{\"@type\":\"SearchAction\",\"target\":{\"@type\":\"EntryPoint\",\"urlTemplate\":\"https:\/\/www.radlobby.org\/noe\/?s={search_term_string}\"},\"query-input\":{\"@type\":\"PropertyValueSpecification\",\"valueRequired\":true,\"valueName\":\"search_term_string\"}}],\"inLanguage\":\"de\"},{\"@type\":\"Organization\",\"@id\":\"https:\/\/www.radlobby.org\/noe\/#organization\",\"name\":\"Radlobby Nieder\u00f6sterreich\",\"url\":\"https:\/\/www.radlobby.org\/noe\/\",\"logo\":{\"@type\":\"ImageObject\",\"inLanguage\":\"de\",\"@id\":\"https:\/\/www.radlobby.org\/noe\/#\/schema\/logo\/image\/\",\"url\":\"https:\/\/www.radlobby.org\/noe\/wp-content\/uploads\/2017\/01\/cropped-Logo_Radlobby_Niederoesterreich_50-400px_quer-1.jpg\",\"contentUrl\":\"https:\/\/www.radlobby.org\/noe\/wp-content\/uploads\/2017\/01\/cropped-Logo_Radlobby_Niederoesterreich_50-400px_quer-1.jpg\",\"width\":450,\"height\":124,\"caption\":\"Radlobby Nieder\u00f6sterreich\"},\"image\":{\"@id\":\"https:\/\/www.radlobby.org\/noe\/#\/schema\/logo\/image\/\"},\"sameAs\":[\"https:\/\/www.facebook.com\/groups\/radfahren.in.noe\/\"]},{\"@type\":\"Person\",\"@id\":\"https:\/\/www.radlobby.org\/noe\/#\/schema\/person\/cbc4a4e8cc70dd86ddfb836e7c78666d\",\"name\":\"Severin Ettl\",\"image\":{\"@type\":\"ImageObject\",\"inLanguage\":\"de\",\"@id\":\"https:\/\/www.radlobby.org\/noe\/#\/schema\/person\/image\/\",\"url\":\"https:\/\/secure.gravatar.com\/avatar\/48afbeaf33bdb166c3cc22aa23cbfe321549184ca68d22db5b00f79d7c2d4c81?s=96&d=mm&r=g\",\"contentUrl\":\"https:\/\/secure.gravatar.com\/avatar\/48afbeaf33bdb166c3cc22aa23cbfe321549184ca68d22db5b00f79d7c2d4c81?s=96&d=mm&r=g\",\"caption\":\"Severin Ettl\"},\"url\":\"https:\/\/www.radlobby.org\/noe\/author\/severin-ettlradlobby-at\/\"}]}<\/script>\n<!-- \/ Yoast SEO plugin. -->","yoast_head_json":{"title":"KIDICAL MASS in Tulln 2025 - Radlobby Nieder\u00f6sterreich","robots":{"index":"index","follow":"follow","max-snippet":"max-snippet:-1","max-image-preview":"max-image-preview:large","max-video-preview":"max-video-preview:-1"},"canonical":"https:\/\/www.radlobby.org\/noe\/kidical-mass-in-tulln\/","og_locale":"de_DE","og_type":"article","og_title":"KIDICAL MASS in Tulln 2025 - Radlobby Nieder\u00f6sterreich","og_description":"Liebe Fahrradbegeisterte in Tulln! Auch am 18.10.2025 treffen wir einander wieder um 14 Uhr am Nibelungenplatz und drehen eine kleine herbstliche Runde durch Tulln. Alle Infos zur Route findet Ihr hier: https:\/\/radlobby-tulln.github.io\/kidical-mass-2025\/ Die Versammlung endet um etwa 15 Uhr am","og_url":"https:\/\/www.radlobby.org\/noe\/kidical-mass-in-tulln\/","og_site_name":"Radlobby Nieder\u00f6sterreich","article_publisher":"https:\/\/www.facebook.com\/groups\/radfahren.in.noe\/","article_published_time":"2025-05-04T18:59:47+00:00","article_modified_time":"2025-10-15T06:42:34+00:00","og_image":[{"width":750,"height":1044,"url":"https:\/\/www.radlobby.org\/noe\/wp-content\/uploads\/IMG_4650.jpeg","type":"image\/jpeg"}],"author":"Severin Ettl","twitter_card":"summary_large_image","twitter_misc":{"Verfasst von":"Severin Ettl","Gesch\u00e4tzte Lesezeit":"1\u00a0Minute"},"schema":{"@context":"https:\/\/schema.org","@graph":[{"@type":"Article","@id":"https:\/\/www.radlobby.org\/noe\/kidical-mass-in-tulln\/#article","isPartOf":{"@id":"https:\/\/www.radlobby.org\/noe\/kidical-mass-in-tulln\/"},"author":{"name":"Severin Ettl","@id":"https:\/\/www.radlobby.org\/noe\/#\/schema\/person\/cbc4a4e8cc70dd86ddfb836e7c78666d"},"headline":"KIDICAL MASS in Tulln 2025","datePublished":"2025-05-04T18:59:47+00:00","dateModified":"2025-10-15T06:42:34+00:00","mainEntityOfPage":{"@id":"https:\/\/www.radlobby.org\/noe\/kidical-mass-in-tulln\/"},"wordCount":63,"publisher":{"@id":"https:\/\/www.radlobby.org\/noe\/#organization"},"image":{"@id":"https:\/\/www.radlobby.org\/noe\/kidical-mass-in-tulln\/#primaryimage"},"thumbnailUrl":"https:\/\/www.radlobby.org\/noe\/wp-content\/uploads\/IMG_4650.jpeg","keywords":["Kidical Mass"],"articleSection":["Radlobby Tulln","Radlobby Tullnerfeld"],"inLanguage":"de"},{"@type":"WebPage","@id":"https:\/\/www.radlobby.org\/noe\/kidical-mass-in-tulln\/","url":"https:\/\/www.radlobby.org\/noe\/kidical-mass-in-tulln\/","name":"KIDICAL MASS in Tulln 2025 - Radlobby Nieder\u00f6sterreich","isPartOf":{"@id":"https:\/\/www.radlobby.org\/noe\/#website"},"primaryImageOfPage":{"@id":"https:\/\/www.radlobby.org\/noe\/kidical-mass-in-tulln\/#primaryimage"},"image":{"@id":"https:\/\/www.radlobby.org\/noe\/kidical-mass-in-tulln\/#primaryimage"},"thumbnailUrl":"https:\/\/www.radlobby.org\/noe\/wp-content\/uploads\/IMG_4650.jpeg","datePublished":"2025-05-04T18:59:47+00:00","dateModified":"2025-10-15T06:42:34+00:00","breadcrumb":{"@id":"https:\/\/www.radlobby.org\/noe\/kidical-mass-in-tulln\/#breadcrumb"},"inLanguage":"de","potentialAction":[{"@type":"ReadAction","target":["https:\/\/www.radlobby.org\/noe\/kidical-mass-in-tulln\/"]}]},{"@type":"ImageObject","inLanguage":"de","@id":"https:\/\/www.radlobby.org\/noe\/kidical-mass-in-tulln\/#primaryimage","url":"https:\/\/www.radlobby.org\/noe\/wp-content\/uploads\/IMG_4650.jpeg","contentUrl":"https:\/\/www.radlobby.org\/noe\/wp-content\/uploads\/IMG_4650.jpeg","width":750,"height":1044,"caption":"Screenshot"},{"@type":"BreadcrumbList","@id":"https:\/\/www.radlobby.org\/noe\/kidical-mass-in-tulln\/#breadcrumb","itemListElement":[{"@type":"ListItem","position":1,"name":"Startseite","item":"https:\/\/www.radlobby.org\/noe\/"},{"@type":"ListItem","position":2,"name":"KIDICAL MASS in Tulln 2025"}]},{"@type":"WebSite","@id":"https:\/\/www.radlobby.org\/noe\/#website","url":"https:\/\/www.radlobby.org\/noe\/","name":"Radlobby Nieder\u00f6sterreich","description":"Radverkehr, Fahrrad, Radfahren, Radreisen, Radtouren, Radweg","publisher":{"@id":"https:\/\/www.radlobby.org\/noe\/#organization"},"potentialAction":[{"@type":"SearchAction","target":{"@type":"EntryPoint","urlTemplate":"https:\/\/www.radlobby.org\/noe\/?s={search_term_string}"},"query-input":{"@type":"PropertyValueSpecification","valueRequired":true,"valueName":"search_term_string"}}],"inLanguage":"de"},{"@type":"Organization","@id":"https:\/\/www.radlobby.org\/noe\/#organization","name":"Radlobby Nieder\u00f6sterreich","url":"https:\/\/www.radlobby.org\/noe\/","logo":{"@type":"ImageObject","inLanguage":"de","@id":"https:\/\/www.radlobby.org\/noe\/#\/schema\/logo\/image\/","url":"https:\/\/www.radlobby.org\/noe\/wp-content\/uploads\/2017\/01\/cropped-Logo_Radlobby_Niederoesterreich_50-400px_quer-1.jpg","contentUrl":"https:\/\/www.radlobby.org\/noe\/wp-content\/uploads\/2017\/01\/cropped-Logo_Radlobby_Niederoesterreich_50-400px_quer-1.jpg","width":450,"height":124,"caption":"Radlobby Nieder\u00f6sterreich"},"image":{"@id":"https:\/\/www.radlobby.org\/noe\/#\/schema\/logo\/image\/"},"sameAs":["https:\/\/www.facebook.com\/groups\/radfahren.in.noe\/"]},{"@type":"Person","@id":"https:\/\/www.radlobby.org\/noe\/#\/schema\/person\/cbc4a4e8cc70dd86ddfb836e7c78666d","name":"Severin Ettl","image":{"@type":"ImageObject","inLanguage":"de","@id":"https:\/\/www.radlobby.org\/noe\/#\/schema\/person\/image\/","url":"https:\/\/secure.gravatar.com\/avatar\/48afbeaf33bdb166c3cc22aa23cbfe321549184ca68d22db5b00f79d7c2d4c81?s=96&d=mm&r=g","contentUrl":"https:\/\/secure.gravatar.com\/avatar\/48afbeaf33bdb166c3cc22aa23cbfe321549184ca68d22db5b00f79d7c2d4c81?s=96&d=mm&r=g","caption":"Severin Ettl"},"url":"https:\/\/www.radlobby.org\/noe\/author\/severin-ettlradlobby-at\/"}]}},"_links":{"self":[{"href":"https:\/\/www.radlobby.org\/noe\/wp-json\/wp\/v2\/posts\/39006","targetHints":{"allow":["GET"]}}],"collection":[{"href":"https:\/\/www.radlobby.org\/noe\/wp-json\/wp\/v2\/posts"}],"about":[{"href":"https:\/\/www.radlobby.org\/noe\/wp-json\/wp\/v2\/types\/post"}],"author":[{"embeddable":true,"href":"https:\/\/www.radlobby.org\/noe\/wp-json\/wp\/v2\/users\/87"}],"replies":[{"embeddable":true,"href":"https:\/\/www.radlobby.org\/noe\/wp-json\/wp\/v2\/comments?post=39006"}],"version-history":[{"count":4,"href":"https:\/\/www.radlobby.org\/noe\/wp-json\/wp\/v2\/posts\/39006\/revisions"}],"predecessor-version":[{"id":39011,"href":"https:\/\/www.radlobby.org\/noe\/wp-json\/wp\/v2\/posts\/39006\/revisions\/39011"}],"wp:featuredmedia":[{"embeddable":true,"href":"https:\/\/www.radlobby.org\/noe\/wp-json\/wp\/v2\/media\/40455"}],"wp:attachment":[{"href":"https:\/\/www.radlobby.org\/noe\/wp-json\/wp\/v2\/media?parent=39006"}],"wp:term":[{"taxonomy":"category","embeddable":true,"href":"https:\/\/www.radlobby.org\/noe\/wp-json\/wp\/v2\/categories?post=39006"},{"taxonomy":"post_tag","embeddable":true,"href":"https:\/\/www.radlobby.org\/noe\/wp-json\/wp\/v2\/tags?post=39006"}],"curies":[{"name":"wp","href":"https:\/\/api.w.org\/{rel}","templated":true}]}}