{"id":38981,"date":"2025-05-04T19:19:16","date_gmt":"2025-05-04T17:19:16","guid":{"rendered":"https:\/\/www.radlobby.org\/noe\/?p=38981"},"modified":"2025-05-04T19:19:32","modified_gmt":"2025-05-04T17:19:32","slug":"promenade-st-poelten-durchgaengiges-und-zukunftsfaehiges-radwegenetz-holpriger-anlauf","status":"publish","type":"post","link":"https:\/\/www.radlobby.org\/noe\/promenade-st-poelten-durchgaengiges-und-zukunftsfaehiges-radwegenetz-holpriger-anlauf\/","title":{"rendered":"Promenade St. P\u00f6lten: Durchg\u00e4ngiges und zukunftsf\u00e4higes Radwegenetz \u2013 holpriger Anlauf"},"content":{"rendered":"<h2>(St. P\u00f6lten) 2. Mai 2025: Neuer Abschnitt der Promenade wird zur Holperpiste<\/h2>\n<p>Der innovative Ansatz der Stadtpolitik und Stadtplanung St. P\u00f6lten auf der Promenade Geh- und Radverkehr nun tats\u00e4chlich zu trennen und Radverkehr durch ein aufgemaltes Radsymbol richtig sichtbar zu machen, f\u00fchrte zu Beschwerden von einzelnen B\u00fcrgerinnen und B\u00fcrger. Die Stadt ruderte zur\u00fcck und fr\u00e4ste die Fahrradsymbole* letzte Woche weg. Aus einem neu gestalteten Stra\u00dfenraum wurde damit eine Holperpiste. Das bedauert die Radlobby sehr.<\/p>\n<h2>Sei ein Kavalier<\/h2>\n<p>Achtung, Radfahrende sind in diesem Abschnitt w<img loading=\"lazy\" decoding=\"async\" class=\"alignright\" src=\"https:\/\/www.radlobby.org\/noe\/wp-content\/uploads\/NeuePromenade_wirdzurRumpelpiste.jpg\" alt=\"Fahrradsymbol wurde ausgefr\u00e4st\" width=\"1096\" height=\"617\" \/>eiterhin im Mischverkehr mit Autofahrenden unterwegs. Die Nutzung des Gehsteiges f\u00fcr Radfahrende ist auf diesem Abschnitt verboten. Die Radlobby unterst\u00fctzt diese L\u00f6sung, da sonst noch weitere Fl\u00e4chen f\u00fcr einen getrennten Radweg versiegelt h\u00e4tten werden m\u00fcssen und appelliert an die R\u00fccksichtnahme der Autofahrenden f\u00fcr ein gutes Miteinander.<\/p>\n<h2>Raus aus dem Flickwerk<\/h2>\n<p>Das St. P\u00f6ltner Radwegenetz ist ein Flickwerk. Dies ist Konsens unter allen St. P\u00f6ltnerinnen und St. P\u00f6ltnern. Im Generalverkehrskonzept bekannte sich die Stadtpolitik schon 2014! zur Zielsetzung des Trennens von Radfahrenden und Zufu\u00dfgehenden \u2013 allein an der Umsetzung mangelte es.<\/p>\n<h2>St. P\u00f6ltens Mobilit\u00e4tswende hat begonnen<\/h2>\n<p>In St. P\u00f6lten hat laut\u00a0<a href=\"https:\/\/www.st-poelten.at\/images\/Mobilitatserhebung_2024_Prasentation_Final_PDF.pdf\" target=\"_blank\" rel=\"noopener\" data-saferedirecturl=\"https:\/\/www.google.com\/url?q=https:\/\/www.st-poelten.at\/images\/Mobilitatserhebung_2024_Prasentation_Final_PDF.pdf&amp;source=gmail&amp;ust=1746463420495000&amp;usg=AOvVaw3xNsP9ku8rGta3W8y_7C6g\">Mobilit\u00e4tserhebung 2024<\/a>\u00a0 der Radverkehrsanteil kontinuierlich auf inzwischen 18 Prozent zugenommen und der motor. Verkehr abgenommen. Damit liefert St. P\u00f6lten den Beweis, dass Bev\u00f6lkerungswachstum und Verkehrsentlastung in keinem Widerspruch stehen m\u00fcssen. Weniger motor. Verkehr bedeutet weniger L\u00e4rm, weniger Feinstaub und damit ein l\u00e4ngeres gesundes Leben und mehr Lebensqualit\u00e4t. Damit es in diese Richtung auch weitergeht und auch im Sinne von Kosteneffizienz ben\u00f6tigt der Radverkehr durchg\u00e4ngige L\u00f6sungen, aber auf keinen Fall noch mehr an Flickwerk.<\/p>\n","protected":false},"excerpt":{"rendered":"<p>St. P\u00f6ltner Promenade: Aus einem neu gestalteten Stra\u00dfenraum wurde damit eine Holperpiste. Das bedauert die Radlobby sehr.<\/p>\n","protected":false},"author":33,"featured_media":38985,"comment_status":"closed","ping_status":"closed","sticky":false,"template":"","format":"standard","meta":{"footnotes":""},"categories":[1,383,20,28],"tags":[],"class_list":["post-38981","post","type-post","status-publish","format-standard","has-post-thumbnail","hentry","category-allgemein","category-presse-medien","category-niederoesterreich","category-st-poelten"],"yoast_head":"<!-- This site is optimized with the Yoast SEO plugin v26.9 - https:\/\/yoast.com\/product\/yoast-seo-wordpress\/ -->\n<title>Promenade St. P\u00f6lten: Durchg\u00e4ngiges und zukunftsf\u00e4higes Radwegenetz \u2013 holpriger Anlauf - Radlobby Nieder\u00f6sterreich<\/title>\n<meta name=\"robots\" content=\"index, follow, max-snippet:-1, max-image-preview:large, max-video-preview:-1\" \/>\n<link rel=\"canonical\" href=\"https:\/\/www.radlobby.org\/noe\/promenade-st-poelten-durchgaengiges-und-zukunftsfaehiges-radwegenetz-holpriger-anlauf\/\" \/>\n<meta property=\"og:locale\" content=\"de_DE\" \/>\n<meta property=\"og:type\" content=\"article\" \/>\n<meta property=\"og:title\" content=\"Promenade St. P\u00f6lten: Durchg\u00e4ngiges und zukunftsf\u00e4higes Radwegenetz \u2013 holpriger Anlauf - Radlobby Nieder\u00f6sterreich\" \/>\n<meta property=\"og:description\" content=\"St. P\u00f6ltner Promenade: Aus einem neu gestalteten Stra\u00dfenraum wurde damit eine Holperpiste. Das bedauert die Radlobby sehr.\" \/>\n<meta property=\"og:url\" content=\"https:\/\/www.radlobby.org\/noe\/promenade-st-poelten-durchgaengiges-und-zukunftsfaehiges-radwegenetz-holpriger-anlauf\/\" \/>\n<meta property=\"og:site_name\" content=\"Radlobby Nieder\u00f6sterreich\" \/>\n<meta property=\"article:publisher\" content=\"https:\/\/www.facebook.com\/groups\/radfahren.in.noe\/\" \/>\n<meta property=\"article:published_time\" content=\"2025-05-04T17:19:16+00:00\" \/>\n<meta property=\"article:modified_time\" content=\"2025-05-04T17:19:32+00:00\" \/>\n<meta property=\"og:image\" content=\"https:\/\/www.radlobby.org\/noe\/wp-content\/uploads\/NeuePromenade_wirdzurRumpelpiste.jpg\" \/>\n\t<meta property=\"og:image:width\" content=\"1856\" \/>\n\t<meta property=\"og:image:height\" content=\"1045\" \/>\n\t<meta property=\"og:image:type\" content=\"image\/jpeg\" \/>\n<meta name=\"author\" content=\"Maria Z\u00f6gernitz\" \/>\n<meta name=\"twitter:card\" content=\"summary_large_image\" \/>\n<meta name=\"twitter:label1\" content=\"Verfasst von\" \/>\n\t<meta name=\"twitter:data1\" content=\"Maria Z\u00f6gernitz\" \/>\n\t<meta name=\"twitter:label2\" content=\"Gesch\u00e4tzte Lesezeit\" \/>\n\t<meta name=\"twitter:data2\" content=\"2\u00a0Minuten\" \/>\n<script type=\"application\/ld+json\" class=\"yoast-schema-graph\">{\"@context\":\"https:\/\/schema.org\",\"@graph\":[{\"@type\":\"Article\",\"@id\":\"https:\/\/www.radlobby.org\/noe\/promenade-st-poelten-durchgaengiges-und-zukunftsfaehiges-radwegenetz-holpriger-anlauf\/#article\",\"isPartOf\":{\"@id\":\"https:\/\/www.radlobby.org\/noe\/promenade-st-poelten-durchgaengiges-und-zukunftsfaehiges-radwegenetz-holpriger-anlauf\/\"},\"author\":{\"name\":\"Maria Z\u00f6gernitz\",\"@id\":\"https:\/\/www.radlobby.org\/noe\/#\/schema\/person\/d1ad6d77ec2ff1837830735b5f074c95\"},\"headline\":\"Promenade St. P\u00f6lten: Durchg\u00e4ngiges und zukunftsf\u00e4higes Radwegenetz \u2013 holpriger Anlauf\",\"datePublished\":\"2025-05-04T17:19:16+00:00\",\"dateModified\":\"2025-05-04T17:19:32+00:00\",\"mainEntityOfPage\":{\"@id\":\"https:\/\/www.radlobby.org\/noe\/promenade-st-poelten-durchgaengiges-und-zukunftsfaehiges-radwegenetz-holpriger-anlauf\/\"},\"wordCount\":297,\"publisher\":{\"@id\":\"https:\/\/www.radlobby.org\/noe\/#organization\"},\"image\":{\"@id\":\"https:\/\/www.radlobby.org\/noe\/promenade-st-poelten-durchgaengiges-und-zukunftsfaehiges-radwegenetz-holpriger-anlauf\/#primaryimage\"},\"thumbnailUrl\":\"https:\/\/www.radlobby.org\/noe\/wp-content\/uploads\/NeuePromenade_wirdzurRumpelpiste.jpg\",\"articleSection\":{\"1\":\"Presse &amp; Medien\",\"2\":\"Radlobby Nieder\u00f6sterreich\",\"3\":\"Radlobby St. P\u00f6lten\"},\"inLanguage\":\"de\"},{\"@type\":\"WebPage\",\"@id\":\"https:\/\/www.radlobby.org\/noe\/promenade-st-poelten-durchgaengiges-und-zukunftsfaehiges-radwegenetz-holpriger-anlauf\/\",\"url\":\"https:\/\/www.radlobby.org\/noe\/promenade-st-poelten-durchgaengiges-und-zukunftsfaehiges-radwegenetz-holpriger-anlauf\/\",\"name\":\"Promenade St. P\u00f6lten: Durchg\u00e4ngiges und zukunftsf\u00e4higes Radwegenetz \u2013 holpriger Anlauf - Radlobby Nieder\u00f6sterreich\",\"isPartOf\":{\"@id\":\"https:\/\/www.radlobby.org\/noe\/#website\"},\"primaryImageOfPage\":{\"@id\":\"https:\/\/www.radlobby.org\/noe\/promenade-st-poelten-durchgaengiges-und-zukunftsfaehiges-radwegenetz-holpriger-anlauf\/#primaryimage\"},\"image\":{\"@id\":\"https:\/\/www.radlobby.org\/noe\/promenade-st-poelten-durchgaengiges-und-zukunftsfaehiges-radwegenetz-holpriger-anlauf\/#primaryimage\"},\"thumbnailUrl\":\"https:\/\/www.radlobby.org\/noe\/wp-content\/uploads\/NeuePromenade_wirdzurRumpelpiste.jpg\",\"datePublished\":\"2025-05-04T17:19:16+00:00\",\"dateModified\":\"2025-05-04T17:19:32+00:00\",\"breadcrumb\":{\"@id\":\"https:\/\/www.radlobby.org\/noe\/promenade-st-poelten-durchgaengiges-und-zukunftsfaehiges-radwegenetz-holpriger-anlauf\/#breadcrumb\"},\"inLanguage\":\"de\",\"potentialAction\":[{\"@type\":\"ReadAction\",\"target\":[\"https:\/\/www.radlobby.org\/noe\/promenade-st-poelten-durchgaengiges-und-zukunftsfaehiges-radwegenetz-holpriger-anlauf\/\"]}]},{\"@type\":\"ImageObject\",\"inLanguage\":\"de\",\"@id\":\"https:\/\/www.radlobby.org\/noe\/promenade-st-poelten-durchgaengiges-und-zukunftsfaehiges-radwegenetz-holpriger-anlauf\/#primaryimage\",\"url\":\"https:\/\/www.radlobby.org\/noe\/wp-content\/uploads\/NeuePromenade_wirdzurRumpelpiste.jpg\",\"contentUrl\":\"https:\/\/www.radlobby.org\/noe\/wp-content\/uploads\/NeuePromenade_wirdzurRumpelpiste.jpg\",\"width\":1856,\"height\":1045,\"caption\":\"Foto: Radlobby St. P\u00f6lten\"},{\"@type\":\"BreadcrumbList\",\"@id\":\"https:\/\/www.radlobby.org\/noe\/promenade-st-poelten-durchgaengiges-und-zukunftsfaehiges-radwegenetz-holpriger-anlauf\/#breadcrumb\",\"itemListElement\":[{\"@type\":\"ListItem\",\"position\":1,\"name\":\"Startseite\",\"item\":\"https:\/\/www.radlobby.org\/noe\/\"},{\"@type\":\"ListItem\",\"position\":2,\"name\":\"Promenade St. P\u00f6lten: Durchg\u00e4ngiges und zukunftsf\u00e4higes Radwegenetz \u2013 holpriger Anlauf\"}]},{\"@type\":\"WebSite\",\"@id\":\"https:\/\/www.radlobby.org\/noe\/#website\",\"url\":\"https:\/\/www.radlobby.org\/noe\/\",\"name\":\"Radlobby Nieder\u00f6sterreich\",\"description\":\"Radverkehr, Fahrrad, Radfahren, Radreisen, Radtouren, Radweg\",\"publisher\":{\"@id\":\"https:\/\/www.radlobby.org\/noe\/#organization\"},\"potentialAction\":[{\"@type\":\"SearchAction\",\"target\":{\"@type\":\"EntryPoint\",\"urlTemplate\":\"https:\/\/www.radlobby.org\/noe\/?s={search_term_string}\"},\"query-input\":{\"@type\":\"PropertyValueSpecification\",\"valueRequired\":true,\"valueName\":\"search_term_string\"}}],\"inLanguage\":\"de\"},{\"@type\":\"Organization\",\"@id\":\"https:\/\/www.radlobby.org\/noe\/#organization\",\"name\":\"Radlobby Nieder\u00f6sterreich\",\"url\":\"https:\/\/www.radlobby.org\/noe\/\",\"logo\":{\"@type\":\"ImageObject\",\"inLanguage\":\"de\",\"@id\":\"https:\/\/www.radlobby.org\/noe\/#\/schema\/logo\/image\/\",\"url\":\"https:\/\/www.radlobby.org\/noe\/wp-content\/uploads\/2017\/01\/cropped-Logo_Radlobby_Niederoesterreich_50-400px_quer-1.jpg\",\"contentUrl\":\"https:\/\/www.radlobby.org\/noe\/wp-content\/uploads\/2017\/01\/cropped-Logo_Radlobby_Niederoesterreich_50-400px_quer-1.jpg\",\"width\":450,\"height\":124,\"caption\":\"Radlobby Nieder\u00f6sterreich\"},\"image\":{\"@id\":\"https:\/\/www.radlobby.org\/noe\/#\/schema\/logo\/image\/\"},\"sameAs\":[\"https:\/\/www.facebook.com\/groups\/radfahren.in.noe\/\"]},{\"@type\":\"Person\",\"@id\":\"https:\/\/www.radlobby.org\/noe\/#\/schema\/person\/d1ad6d77ec2ff1837830735b5f074c95\",\"name\":\"Maria Z\u00f6gernitz\",\"image\":{\"@type\":\"ImageObject\",\"inLanguage\":\"de\",\"@id\":\"https:\/\/www.radlobby.org\/noe\/#\/schema\/person\/image\/\",\"url\":\"https:\/\/secure.gravatar.com\/avatar\/f0ec056831cd418e44e25a41becb89b06234dc4c32d644fddd8329785f26d862?s=96&d=mm&r=g\",\"contentUrl\":\"https:\/\/secure.gravatar.com\/avatar\/f0ec056831cd418e44e25a41becb89b06234dc4c32d644fddd8329785f26d862?s=96&d=mm&r=g\",\"caption\":\"Maria Z\u00f6gernitz\"},\"description\":\"Ortsgruppe St. P\u00f6lten\",\"url\":\"https:\/\/www.radlobby.org\/noe\/author\/maria-zoegernitz\/\"}]}<\/script>\n<!-- \/ Yoast SEO plugin. -->","yoast_head_json":{"title":"Promenade St. P\u00f6lten: Durchg\u00e4ngiges und zukunftsf\u00e4higes Radwegenetz \u2013 holpriger Anlauf - Radlobby Nieder\u00f6sterreich","robots":{"index":"index","follow":"follow","max-snippet":"max-snippet:-1","max-image-preview":"max-image-preview:large","max-video-preview":"max-video-preview:-1"},"canonical":"https:\/\/www.radlobby.org\/noe\/promenade-st-poelten-durchgaengiges-und-zukunftsfaehiges-radwegenetz-holpriger-anlauf\/","og_locale":"de_DE","og_type":"article","og_title":"Promenade St. P\u00f6lten: Durchg\u00e4ngiges und zukunftsf\u00e4higes Radwegenetz \u2013 holpriger Anlauf - Radlobby Nieder\u00f6sterreich","og_description":"St. P\u00f6ltner Promenade: Aus einem neu gestalteten Stra\u00dfenraum wurde damit eine Holperpiste. Das bedauert die Radlobby sehr.","og_url":"https:\/\/www.radlobby.org\/noe\/promenade-st-poelten-durchgaengiges-und-zukunftsfaehiges-radwegenetz-holpriger-anlauf\/","og_site_name":"Radlobby Nieder\u00f6sterreich","article_publisher":"https:\/\/www.facebook.com\/groups\/radfahren.in.noe\/","article_published_time":"2025-05-04T17:19:16+00:00","article_modified_time":"2025-05-04T17:19:32+00:00","og_image":[{"width":1856,"height":1045,"url":"https:\/\/www.radlobby.org\/noe\/wp-content\/uploads\/NeuePromenade_wirdzurRumpelpiste.jpg","type":"image\/jpeg"}],"author":"Maria Z\u00f6gernitz","twitter_card":"summary_large_image","twitter_misc":{"Verfasst von":"Maria Z\u00f6gernitz","Gesch\u00e4tzte Lesezeit":"2\u00a0Minuten"},"schema":{"@context":"https:\/\/schema.org","@graph":[{"@type":"Article","@id":"https:\/\/www.radlobby.org\/noe\/promenade-st-poelten-durchgaengiges-und-zukunftsfaehiges-radwegenetz-holpriger-anlauf\/#article","isPartOf":{"@id":"https:\/\/www.radlobby.org\/noe\/promenade-st-poelten-durchgaengiges-und-zukunftsfaehiges-radwegenetz-holpriger-anlauf\/"},"author":{"name":"Maria Z\u00f6gernitz","@id":"https:\/\/www.radlobby.org\/noe\/#\/schema\/person\/d1ad6d77ec2ff1837830735b5f074c95"},"headline":"Promenade St. P\u00f6lten: Durchg\u00e4ngiges und zukunftsf\u00e4higes Radwegenetz \u2013 holpriger Anlauf","datePublished":"2025-05-04T17:19:16+00:00","dateModified":"2025-05-04T17:19:32+00:00","mainEntityOfPage":{"@id":"https:\/\/www.radlobby.org\/noe\/promenade-st-poelten-durchgaengiges-und-zukunftsfaehiges-radwegenetz-holpriger-anlauf\/"},"wordCount":297,"publisher":{"@id":"https:\/\/www.radlobby.org\/noe\/#organization"},"image":{"@id":"https:\/\/www.radlobby.org\/noe\/promenade-st-poelten-durchgaengiges-und-zukunftsfaehiges-radwegenetz-holpriger-anlauf\/#primaryimage"},"thumbnailUrl":"https:\/\/www.radlobby.org\/noe\/wp-content\/uploads\/NeuePromenade_wirdzurRumpelpiste.jpg","articleSection":{"1":"Presse &amp; Medien","2":"Radlobby Nieder\u00f6sterreich","3":"Radlobby St. P\u00f6lten"},"inLanguage":"de"},{"@type":"WebPage","@id":"https:\/\/www.radlobby.org\/noe\/promenade-st-poelten-durchgaengiges-und-zukunftsfaehiges-radwegenetz-holpriger-anlauf\/","url":"https:\/\/www.radlobby.org\/noe\/promenade-st-poelten-durchgaengiges-und-zukunftsfaehiges-radwegenetz-holpriger-anlauf\/","name":"Promenade St. P\u00f6lten: Durchg\u00e4ngiges und zukunftsf\u00e4higes Radwegenetz \u2013 holpriger Anlauf - Radlobby Nieder\u00f6sterreich","isPartOf":{"@id":"https:\/\/www.radlobby.org\/noe\/#website"},"primaryImageOfPage":{"@id":"https:\/\/www.radlobby.org\/noe\/promenade-st-poelten-durchgaengiges-und-zukunftsfaehiges-radwegenetz-holpriger-anlauf\/#primaryimage"},"image":{"@id":"https:\/\/www.radlobby.org\/noe\/promenade-st-poelten-durchgaengiges-und-zukunftsfaehiges-radwegenetz-holpriger-anlauf\/#primaryimage"},"thumbnailUrl":"https:\/\/www.radlobby.org\/noe\/wp-content\/uploads\/NeuePromenade_wirdzurRumpelpiste.jpg","datePublished":"2025-05-04T17:19:16+00:00","dateModified":"2025-05-04T17:19:32+00:00","breadcrumb":{"@id":"https:\/\/www.radlobby.org\/noe\/promenade-st-poelten-durchgaengiges-und-zukunftsfaehiges-radwegenetz-holpriger-anlauf\/#breadcrumb"},"inLanguage":"de","potentialAction":[{"@type":"ReadAction","target":["https:\/\/www.radlobby.org\/noe\/promenade-st-poelten-durchgaengiges-und-zukunftsfaehiges-radwegenetz-holpriger-anlauf\/"]}]},{"@type":"ImageObject","inLanguage":"de","@id":"https:\/\/www.radlobby.org\/noe\/promenade-st-poelten-durchgaengiges-und-zukunftsfaehiges-radwegenetz-holpriger-anlauf\/#primaryimage","url":"https:\/\/www.radlobby.org\/noe\/wp-content\/uploads\/NeuePromenade_wirdzurRumpelpiste.jpg","contentUrl":"https:\/\/www.radlobby.org\/noe\/wp-content\/uploads\/NeuePromenade_wirdzurRumpelpiste.jpg","width":1856,"height":1045,"caption":"Foto: Radlobby St. P\u00f6lten"},{"@type":"BreadcrumbList","@id":"https:\/\/www.radlobby.org\/noe\/promenade-st-poelten-durchgaengiges-und-zukunftsfaehiges-radwegenetz-holpriger-anlauf\/#breadcrumb","itemListElement":[{"@type":"ListItem","position":1,"name":"Startseite","item":"https:\/\/www.radlobby.org\/noe\/"},{"@type":"ListItem","position":2,"name":"Promenade St. P\u00f6lten: Durchg\u00e4ngiges und zukunftsf\u00e4higes Radwegenetz \u2013 holpriger Anlauf"}]},{"@type":"WebSite","@id":"https:\/\/www.radlobby.org\/noe\/#website","url":"https:\/\/www.radlobby.org\/noe\/","name":"Radlobby Nieder\u00f6sterreich","description":"Radverkehr, Fahrrad, Radfahren, Radreisen, Radtouren, Radweg","publisher":{"@id":"https:\/\/www.radlobby.org\/noe\/#organization"},"potentialAction":[{"@type":"SearchAction","target":{"@type":"EntryPoint","urlTemplate":"https:\/\/www.radlobby.org\/noe\/?s={search_term_string}"},"query-input":{"@type":"PropertyValueSpecification","valueRequired":true,"valueName":"search_term_string"}}],"inLanguage":"de"},{"@type":"Organization","@id":"https:\/\/www.radlobby.org\/noe\/#organization","name":"Radlobby Nieder\u00f6sterreich","url":"https:\/\/www.radlobby.org\/noe\/","logo":{"@type":"ImageObject","inLanguage":"de","@id":"https:\/\/www.radlobby.org\/noe\/#\/schema\/logo\/image\/","url":"https:\/\/www.radlobby.org\/noe\/wp-content\/uploads\/2017\/01\/cropped-Logo_Radlobby_Niederoesterreich_50-400px_quer-1.jpg","contentUrl":"https:\/\/www.radlobby.org\/noe\/wp-content\/uploads\/2017\/01\/cropped-Logo_Radlobby_Niederoesterreich_50-400px_quer-1.jpg","width":450,"height":124,"caption":"Radlobby Nieder\u00f6sterreich"},"image":{"@id":"https:\/\/www.radlobby.org\/noe\/#\/schema\/logo\/image\/"},"sameAs":["https:\/\/www.facebook.com\/groups\/radfahren.in.noe\/"]},{"@type":"Person","@id":"https:\/\/www.radlobby.org\/noe\/#\/schema\/person\/d1ad6d77ec2ff1837830735b5f074c95","name":"Maria Z\u00f6gernitz","image":{"@type":"ImageObject","inLanguage":"de","@id":"https:\/\/www.radlobby.org\/noe\/#\/schema\/person\/image\/","url":"https:\/\/secure.gravatar.com\/avatar\/f0ec056831cd418e44e25a41becb89b06234dc4c32d644fddd8329785f26d862?s=96&d=mm&r=g","contentUrl":"https:\/\/secure.gravatar.com\/avatar\/f0ec056831cd418e44e25a41becb89b06234dc4c32d644fddd8329785f26d862?s=96&d=mm&r=g","caption":"Maria Z\u00f6gernitz"},"description":"Ortsgruppe St. P\u00f6lten","url":"https:\/\/www.radlobby.org\/noe\/author\/maria-zoegernitz\/"}]}},"_links":{"self":[{"href":"https:\/\/www.radlobby.org\/noe\/wp-json\/wp\/v2\/posts\/38981","targetHints":{"allow":["GET"]}}],"collection":[{"href":"https:\/\/www.radlobby.org\/noe\/wp-json\/wp\/v2\/posts"}],"about":[{"href":"https:\/\/www.radlobby.org\/noe\/wp-json\/wp\/v2\/types\/post"}],"author":[{"embeddable":true,"href":"https:\/\/www.radlobby.org\/noe\/wp-json\/wp\/v2\/users\/33"}],"replies":[{"embeddable":true,"href":"https:\/\/www.radlobby.org\/noe\/wp-json\/wp\/v2\/comments?post=38981"}],"version-history":[{"count":2,"href":"https:\/\/www.radlobby.org\/noe\/wp-json\/wp\/v2\/posts\/38981\/revisions"}],"predecessor-version":[{"id":38987,"href":"https:\/\/www.radlobby.org\/noe\/wp-json\/wp\/v2\/posts\/38981\/revisions\/38987"}],"wp:featuredmedia":[{"embeddable":true,"href":"https:\/\/www.radlobby.org\/noe\/wp-json\/wp\/v2\/media\/38985"}],"wp:attachment":[{"href":"https:\/\/www.radlobby.org\/noe\/wp-json\/wp\/v2\/media?parent=38981"}],"wp:term":[{"taxonomy":"category","embeddable":true,"href":"https:\/\/www.radlobby.org\/noe\/wp-json\/wp\/v2\/categories?post=38981"},{"taxonomy":"post_tag","embeddable":true,"href":"https:\/\/www.radlobby.org\/noe\/wp-json\/wp\/v2\/tags?post=38981"}],"curies":[{"name":"wp","href":"https:\/\/api.w.org\/{rel}","templated":true}]}}