{"id":38920,"date":"2025-05-03T11:16:38","date_gmt":"2025-05-03T09:16:38","guid":{"rendered":"https:\/\/www.radlobby.org\/noe\/?p=38920"},"modified":"2025-05-03T11:16:38","modified_gmt":"2025-05-03T09:16:38","slug":"es-ist-schon-wieder-was-passiert","status":"publish","type":"post","link":"https:\/\/www.radlobby.org\/noe\/es-ist-schon-wieder-was-passiert\/","title":{"rendered":"Es ist schon wieder was passiert"},"content":{"rendered":"<h4>Verkehrsberuhigende Ma\u00dfnahmen in Obersdorf<\/h4>\n<p>Um es mit Wolf Haas auszudr\u00fccken: &#8220;Es ist schon wieder was passiert.&#8221;<\/p>\n<p>In Obersdorf werden j\u00e4hrlich in der Nacht vom 30. April auf den 1. Mai im Mobilit\u00e4tskonzepte vorgesehene Ma\u00dfnahmen umgesetzt.<\/p>\n<p>Wie einfach das geht: Ein paar wei\u00dfe Pinselstriche und schon gibt es eine 30-km\/h-Beschr\u00e4nkung, eine Radfahrer\u00fcberfahrt, einen neuen Platz und einen Kreisverkehr.<\/p>\n<p><a href=\"https:\/\/www.radlobby.org\/noe\/wp-content\/uploads\/20250501_Antoniusgassenquerung.jpg\" data-src=\"https:\/\/www.radlobby.org\/noe\/wp-content\/uploads\/20250501_Antoniusgassenquerung.jpg\" data-thumb=\"https:\/\/www.radlobby.org\/noe\/wp-content\/uploads\/20250501_Antoniusgassenquerung-300x225.jpg\" class=\"ml-lightbox-enabled\"><img loading=\"lazy\" decoding=\"async\" class=\"alignnone wp-image-38923 size-medium\" src=\"https:\/\/www.radlobby.org\/noe\/wp-content\/uploads\/20250501_Antoniusgassenquerung-300x225.jpg\" alt=\"\" width=\"300\" height=\"225\" srcset=\"https:\/\/www.radlobby.org\/noe\/wp-content\/uploads\/20250501_Antoniusgassenquerung-300x225.jpg 300w, https:\/\/www.radlobby.org\/noe\/wp-content\/uploads\/20250501_Antoniusgassenquerung-768x576.jpg 768w, https:\/\/www.radlobby.org\/noe\/wp-content\/uploads\/20250501_Antoniusgassenquerung-1536x1152.jpg 1536w, https:\/\/www.radlobby.org\/noe\/wp-content\/uploads\/20250501_Antoniusgassenquerung-2048x1536.jpg 2048w\" sizes=\"auto, (max-width: 300px) 100vw, 300px\" \/><\/a> \u00a0<a href=\"https:\/\/www.radlobby.org\/noe\/wp-content\/uploads\/20250501_Kreisverkehr.jpg\" data-src=\"https:\/\/www.radlobby.org\/noe\/wp-content\/uploads\/20250501_Kreisverkehr.jpg\" data-thumb=\"https:\/\/www.radlobby.org\/noe\/wp-content\/uploads\/20250501_Kreisverkehr-300x225.jpg\" class=\"ml-lightbox-enabled\"><img loading=\"lazy\" decoding=\"async\" class=\"alignnone wp-image-38921 size-medium\" src=\"https:\/\/www.radlobby.org\/noe\/wp-content\/uploads\/20250501_Kreisverkehr-300x225.jpg\" alt=\"\" width=\"300\" height=\"225\" srcset=\"https:\/\/www.radlobby.org\/noe\/wp-content\/uploads\/20250501_Kreisverkehr-300x225.jpg 300w, https:\/\/www.radlobby.org\/noe\/wp-content\/uploads\/20250501_Kreisverkehr-768x576.jpg 768w, https:\/\/www.radlobby.org\/noe\/wp-content\/uploads\/20250501_Kreisverkehr-1536x1152.jpg 1536w, https:\/\/www.radlobby.org\/noe\/wp-content\/uploads\/20250501_Kreisverkehr-2048x1536.jpg 2048w\" sizes=\"auto, (max-width: 300px) 100vw, 300px\" \/><\/a> <a href=\"https:\/\/www.radlobby.org\/noe\/wp-content\/uploads\/20250501_Schmauserei.jpg\" data-src=\"https:\/\/www.radlobby.org\/noe\/wp-content\/uploads\/20250501_Schmauserei.jpg\" data-thumb=\"https:\/\/www.radlobby.org\/noe\/wp-content\/uploads\/20250501_Schmauserei-300x210.jpg\" class=\"ml-lightbox-enabled\"><img loading=\"lazy\" decoding=\"async\" class=\"alignnone wp-image-38922 size-medium\" src=\"https:\/\/www.radlobby.org\/noe\/wp-content\/uploads\/20250501_Schmauserei-300x210.jpg\" alt=\"\" width=\"300\" height=\"210\" srcset=\"https:\/\/www.radlobby.org\/noe\/wp-content\/uploads\/20250501_Schmauserei-300x210.jpg 300w, https:\/\/www.radlobby.org\/noe\/wp-content\/uploads\/20250501_Schmauserei-768x537.jpg 768w, https:\/\/www.radlobby.org\/noe\/wp-content\/uploads\/20250501_Schmauserei-1536x1075.jpg 1536w\" sizes=\"auto, (max-width: 300px) 100vw, 300px\" \/><\/a><\/p>\n<h4>Oder war\u00b4s nur ein Scherz zum 1. Mai?<\/h4>\n<p>Oder hat sich da jemand nur eine Scherz erlaubt und einen Maistrich aufgemalt?<br \/>\nDie aufgebrachten Markierungen zeigen die Bed\u00fcrfnisse der Bev\u00f6lkerung.<br \/>\nObersdorf soll wieder ein Ort zum Wohnen mit Lebensqualit\u00e4t werden und nicht ein Ort zum Durchfahren.<\/p>\n<h4>Zentrum wird umgestaltet<\/h4>\n<p>Der Radlobby liegen Informationen von der Politik vor, dass f\u00fcr die Umgestaltung und Verkehrsberuhigung des Zentrums von Obersdorf im Bereich der Schmauserei und des Nahversorgers Planungen vorliegen.<\/p>\n<p>Na dann wird hoffentlich am 1. Mai 2026 ein Maistrich entfallen k\u00f6nnen.<\/p>\n","protected":false},"excerpt":{"rendered":"<p>Verkehrsberuhigende Ma\u00dfnahmen in Obersdorf Um es mit Wolf Haas auszudr\u00fccken: &#8220;Es ist schon wieder was passiert.&#8221; In Obersdorf werden j\u00e4hrlich in der Nacht vom 30. April auf den 1. Mai im Mobilit\u00e4tskonzepte vorgesehene Ma\u00dfnahmen umgesetzt. Wie einfach das geht: Ein<\/p>\n","protected":false},"author":3,"featured_media":38923,"comment_status":"closed","ping_status":"closed","sticky":false,"template":"","format":"standard","meta":{"footnotes":""},"categories":[16],"tags":[521,520],"class_list":["post-38920","post","type-post","status-publish","format-standard","has-post-thumbnail","hentry","category-wolkersdorf","tag-begegnungszone","tag-obersdorf"],"yoast_head":"<!-- This site is optimized with the Yoast SEO plugin v26.9 - https:\/\/yoast.com\/product\/yoast-seo-wordpress\/ -->\n<title>Es ist schon wieder was passiert - Radlobby Nieder\u00f6sterreich<\/title>\n<meta name=\"robots\" content=\"index, follow, max-snippet:-1, max-image-preview:large, max-video-preview:-1\" \/>\n<link rel=\"canonical\" href=\"https:\/\/www.radlobby.org\/noe\/es-ist-schon-wieder-was-passiert\/\" \/>\n<meta property=\"og:locale\" content=\"de_DE\" \/>\n<meta property=\"og:type\" content=\"article\" \/>\n<meta property=\"og:title\" content=\"Es ist schon wieder was passiert - Radlobby Nieder\u00f6sterreich\" \/>\n<meta property=\"og:description\" content=\"Verkehrsberuhigende Ma\u00dfnahmen in Obersdorf Um es mit Wolf Haas auszudr\u00fccken: &#8220;Es ist schon wieder was passiert.&#8221; In Obersdorf werden j\u00e4hrlich in der Nacht vom 30. April auf den 1. Mai im Mobilit\u00e4tskonzepte vorgesehene Ma\u00dfnahmen umgesetzt. Wie einfach das geht: Ein\" \/>\n<meta property=\"og:url\" content=\"https:\/\/www.radlobby.org\/noe\/es-ist-schon-wieder-was-passiert\/\" \/>\n<meta property=\"og:site_name\" content=\"Radlobby Nieder\u00f6sterreich\" \/>\n<meta property=\"article:publisher\" content=\"https:\/\/www.facebook.com\/groups\/radfahren.in.noe\/\" \/>\n<meta property=\"article:published_time\" content=\"2025-05-03T09:16:38+00:00\" \/>\n<meta property=\"og:image\" content=\"https:\/\/www.radlobby.org\/noe\/wp-content\/uploads\/20250501_Antoniusgassenquerung.jpg\" \/>\n\t<meta property=\"og:image:width\" content=\"2432\" \/>\n\t<meta property=\"og:image:height\" content=\"1824\" \/>\n\t<meta property=\"og:image:type\" content=\"image\/jpeg\" \/>\n<meta name=\"author\" content=\"Hermann Hiebner\" \/>\n<meta name=\"twitter:card\" content=\"summary_large_image\" \/>\n<meta name=\"twitter:label1\" content=\"Verfasst von\" \/>\n\t<meta name=\"twitter:data1\" content=\"Hermann Hiebner\" \/>\n\t<meta name=\"twitter:label2\" content=\"Gesch\u00e4tzte Lesezeit\" \/>\n\t<meta name=\"twitter:data2\" content=\"2\u00a0Minuten\" \/>\n<script type=\"application\/ld+json\" class=\"yoast-schema-graph\">{\"@context\":\"https:\/\/schema.org\",\"@graph\":[{\"@type\":\"Article\",\"@id\":\"https:\/\/www.radlobby.org\/noe\/es-ist-schon-wieder-was-passiert\/#article\",\"isPartOf\":{\"@id\":\"https:\/\/www.radlobby.org\/noe\/es-ist-schon-wieder-was-passiert\/\"},\"author\":{\"name\":\"Hermann Hiebner\",\"@id\":\"https:\/\/www.radlobby.org\/noe\/#\/schema\/person\/c91605b70aca449bea4cb27190b0dbe2\"},\"headline\":\"Es ist schon wieder was passiert\",\"datePublished\":\"2025-05-03T09:16:38+00:00\",\"mainEntityOfPage\":{\"@id\":\"https:\/\/www.radlobby.org\/noe\/es-ist-schon-wieder-was-passiert\/\"},\"wordCount\":160,\"publisher\":{\"@id\":\"https:\/\/www.radlobby.org\/noe\/#organization\"},\"image\":{\"@id\":\"https:\/\/www.radlobby.org\/noe\/es-ist-schon-wieder-was-passiert\/#primaryimage\"},\"thumbnailUrl\":\"https:\/\/www.radlobby.org\/noe\/wp-content\/uploads\/20250501_Antoniusgassenquerung.jpg\",\"keywords\":[\"Begegnungszone\",\"Obersdorf\"],\"articleSection\":[\"Radlobby Wolkersdorf\"],\"inLanguage\":\"de\"},{\"@type\":\"WebPage\",\"@id\":\"https:\/\/www.radlobby.org\/noe\/es-ist-schon-wieder-was-passiert\/\",\"url\":\"https:\/\/www.radlobby.org\/noe\/es-ist-schon-wieder-was-passiert\/\",\"name\":\"Es ist schon wieder was passiert - Radlobby Nieder\u00f6sterreich\",\"isPartOf\":{\"@id\":\"https:\/\/www.radlobby.org\/noe\/#website\"},\"primaryImageOfPage\":{\"@id\":\"https:\/\/www.radlobby.org\/noe\/es-ist-schon-wieder-was-passiert\/#primaryimage\"},\"image\":{\"@id\":\"https:\/\/www.radlobby.org\/noe\/es-ist-schon-wieder-was-passiert\/#primaryimage\"},\"thumbnailUrl\":\"https:\/\/www.radlobby.org\/noe\/wp-content\/uploads\/20250501_Antoniusgassenquerung.jpg\",\"datePublished\":\"2025-05-03T09:16:38+00:00\",\"breadcrumb\":{\"@id\":\"https:\/\/www.radlobby.org\/noe\/es-ist-schon-wieder-was-passiert\/#breadcrumb\"},\"inLanguage\":\"de\",\"potentialAction\":[{\"@type\":\"ReadAction\",\"target\":[\"https:\/\/www.radlobby.org\/noe\/es-ist-schon-wieder-was-passiert\/\"]}]},{\"@type\":\"ImageObject\",\"inLanguage\":\"de\",\"@id\":\"https:\/\/www.radlobby.org\/noe\/es-ist-schon-wieder-was-passiert\/#primaryimage\",\"url\":\"https:\/\/www.radlobby.org\/noe\/wp-content\/uploads\/20250501_Antoniusgassenquerung.jpg\",\"contentUrl\":\"https:\/\/www.radlobby.org\/noe\/wp-content\/uploads\/20250501_Antoniusgassenquerung.jpg\",\"width\":2432,\"height\":1824},{\"@type\":\"BreadcrumbList\",\"@id\":\"https:\/\/www.radlobby.org\/noe\/es-ist-schon-wieder-was-passiert\/#breadcrumb\",\"itemListElement\":[{\"@type\":\"ListItem\",\"position\":1,\"name\":\"Startseite\",\"item\":\"https:\/\/www.radlobby.org\/noe\/\"},{\"@type\":\"ListItem\",\"position\":2,\"name\":\"Es ist schon wieder was passiert\"}]},{\"@type\":\"WebSite\",\"@id\":\"https:\/\/www.radlobby.org\/noe\/#website\",\"url\":\"https:\/\/www.radlobby.org\/noe\/\",\"name\":\"Radlobby Nieder\u00f6sterreich\",\"description\":\"Radverkehr, Fahrrad, Radfahren, Radreisen, Radtouren, Radweg\",\"publisher\":{\"@id\":\"https:\/\/www.radlobby.org\/noe\/#organization\"},\"potentialAction\":[{\"@type\":\"SearchAction\",\"target\":{\"@type\":\"EntryPoint\",\"urlTemplate\":\"https:\/\/www.radlobby.org\/noe\/?s={search_term_string}\"},\"query-input\":{\"@type\":\"PropertyValueSpecification\",\"valueRequired\":true,\"valueName\":\"search_term_string\"}}],\"inLanguage\":\"de\"},{\"@type\":\"Organization\",\"@id\":\"https:\/\/www.radlobby.org\/noe\/#organization\",\"name\":\"Radlobby Nieder\u00f6sterreich\",\"url\":\"https:\/\/www.radlobby.org\/noe\/\",\"logo\":{\"@type\":\"ImageObject\",\"inLanguage\":\"de\",\"@id\":\"https:\/\/www.radlobby.org\/noe\/#\/schema\/logo\/image\/\",\"url\":\"https:\/\/www.radlobby.org\/noe\/wp-content\/uploads\/2017\/01\/cropped-Logo_Radlobby_Niederoesterreich_50-400px_quer-1.jpg\",\"contentUrl\":\"https:\/\/www.radlobby.org\/noe\/wp-content\/uploads\/2017\/01\/cropped-Logo_Radlobby_Niederoesterreich_50-400px_quer-1.jpg\",\"width\":450,\"height\":124,\"caption\":\"Radlobby Nieder\u00f6sterreich\"},\"image\":{\"@id\":\"https:\/\/www.radlobby.org\/noe\/#\/schema\/logo\/image\/\"},\"sameAs\":[\"https:\/\/www.facebook.com\/groups\/radfahren.in.noe\/\"]},{\"@type\":\"Person\",\"@id\":\"https:\/\/www.radlobby.org\/noe\/#\/schema\/person\/c91605b70aca449bea4cb27190b0dbe2\",\"name\":\"Hermann Hiebner\",\"image\":{\"@type\":\"ImageObject\",\"inLanguage\":\"de\",\"@id\":\"https:\/\/www.radlobby.org\/noe\/#\/schema\/person\/image\/\",\"url\":\"https:\/\/secure.gravatar.com\/avatar\/d9d442cd70d260be25a46bab5f85206043aabce00da594192c593e7d4fc65f72?s=96&d=mm&r=g\",\"contentUrl\":\"https:\/\/secure.gravatar.com\/avatar\/d9d442cd70d260be25a46bab5f85206043aabce00da594192c593e7d4fc65f72?s=96&d=mm&r=g\",\"caption\":\"Hermann Hiebner\"},\"url\":\"https:\/\/www.radlobby.org\/noe\/author\/hermannhiebner\/\"}]}<\/script>\n<!-- \/ Yoast SEO plugin. -->","yoast_head_json":{"title":"Es ist schon wieder was passiert - Radlobby Nieder\u00f6sterreich","robots":{"index":"index","follow":"follow","max-snippet":"max-snippet:-1","max-image-preview":"max-image-preview:large","max-video-preview":"max-video-preview:-1"},"canonical":"https:\/\/www.radlobby.org\/noe\/es-ist-schon-wieder-was-passiert\/","og_locale":"de_DE","og_type":"article","og_title":"Es ist schon wieder was passiert - Radlobby Nieder\u00f6sterreich","og_description":"Verkehrsberuhigende Ma\u00dfnahmen in Obersdorf Um es mit Wolf Haas auszudr\u00fccken: &#8220;Es ist schon wieder was passiert.&#8221; In Obersdorf werden j\u00e4hrlich in der Nacht vom 30. April auf den 1. Mai im Mobilit\u00e4tskonzepte vorgesehene Ma\u00dfnahmen umgesetzt. Wie einfach das geht: Ein","og_url":"https:\/\/www.radlobby.org\/noe\/es-ist-schon-wieder-was-passiert\/","og_site_name":"Radlobby Nieder\u00f6sterreich","article_publisher":"https:\/\/www.facebook.com\/groups\/radfahren.in.noe\/","article_published_time":"2025-05-03T09:16:38+00:00","og_image":[{"width":2432,"height":1824,"url":"https:\/\/www.radlobby.org\/noe\/wp-content\/uploads\/20250501_Antoniusgassenquerung.jpg","type":"image\/jpeg"}],"author":"Hermann Hiebner","twitter_card":"summary_large_image","twitter_misc":{"Verfasst von":"Hermann Hiebner","Gesch\u00e4tzte Lesezeit":"2\u00a0Minuten"},"schema":{"@context":"https:\/\/schema.org","@graph":[{"@type":"Article","@id":"https:\/\/www.radlobby.org\/noe\/es-ist-schon-wieder-was-passiert\/#article","isPartOf":{"@id":"https:\/\/www.radlobby.org\/noe\/es-ist-schon-wieder-was-passiert\/"},"author":{"name":"Hermann Hiebner","@id":"https:\/\/www.radlobby.org\/noe\/#\/schema\/person\/c91605b70aca449bea4cb27190b0dbe2"},"headline":"Es ist schon wieder was passiert","datePublished":"2025-05-03T09:16:38+00:00","mainEntityOfPage":{"@id":"https:\/\/www.radlobby.org\/noe\/es-ist-schon-wieder-was-passiert\/"},"wordCount":160,"publisher":{"@id":"https:\/\/www.radlobby.org\/noe\/#organization"},"image":{"@id":"https:\/\/www.radlobby.org\/noe\/es-ist-schon-wieder-was-passiert\/#primaryimage"},"thumbnailUrl":"https:\/\/www.radlobby.org\/noe\/wp-content\/uploads\/20250501_Antoniusgassenquerung.jpg","keywords":["Begegnungszone","Obersdorf"],"articleSection":["Radlobby Wolkersdorf"],"inLanguage":"de"},{"@type":"WebPage","@id":"https:\/\/www.radlobby.org\/noe\/es-ist-schon-wieder-was-passiert\/","url":"https:\/\/www.radlobby.org\/noe\/es-ist-schon-wieder-was-passiert\/","name":"Es ist schon wieder was passiert - Radlobby Nieder\u00f6sterreich","isPartOf":{"@id":"https:\/\/www.radlobby.org\/noe\/#website"},"primaryImageOfPage":{"@id":"https:\/\/www.radlobby.org\/noe\/es-ist-schon-wieder-was-passiert\/#primaryimage"},"image":{"@id":"https:\/\/www.radlobby.org\/noe\/es-ist-schon-wieder-was-passiert\/#primaryimage"},"thumbnailUrl":"https:\/\/www.radlobby.org\/noe\/wp-content\/uploads\/20250501_Antoniusgassenquerung.jpg","datePublished":"2025-05-03T09:16:38+00:00","breadcrumb":{"@id":"https:\/\/www.radlobby.org\/noe\/es-ist-schon-wieder-was-passiert\/#breadcrumb"},"inLanguage":"de","potentialAction":[{"@type":"ReadAction","target":["https:\/\/www.radlobby.org\/noe\/es-ist-schon-wieder-was-passiert\/"]}]},{"@type":"ImageObject","inLanguage":"de","@id":"https:\/\/www.radlobby.org\/noe\/es-ist-schon-wieder-was-passiert\/#primaryimage","url":"https:\/\/www.radlobby.org\/noe\/wp-content\/uploads\/20250501_Antoniusgassenquerung.jpg","contentUrl":"https:\/\/www.radlobby.org\/noe\/wp-content\/uploads\/20250501_Antoniusgassenquerung.jpg","width":2432,"height":1824},{"@type":"BreadcrumbList","@id":"https:\/\/www.radlobby.org\/noe\/es-ist-schon-wieder-was-passiert\/#breadcrumb","itemListElement":[{"@type":"ListItem","position":1,"name":"Startseite","item":"https:\/\/www.radlobby.org\/noe\/"},{"@type":"ListItem","position":2,"name":"Es ist schon wieder was passiert"}]},{"@type":"WebSite","@id":"https:\/\/www.radlobby.org\/noe\/#website","url":"https:\/\/www.radlobby.org\/noe\/","name":"Radlobby Nieder\u00f6sterreich","description":"Radverkehr, Fahrrad, Radfahren, Radreisen, Radtouren, Radweg","publisher":{"@id":"https:\/\/www.radlobby.org\/noe\/#organization"},"potentialAction":[{"@type":"SearchAction","target":{"@type":"EntryPoint","urlTemplate":"https:\/\/www.radlobby.org\/noe\/?s={search_term_string}"},"query-input":{"@type":"PropertyValueSpecification","valueRequired":true,"valueName":"search_term_string"}}],"inLanguage":"de"},{"@type":"Organization","@id":"https:\/\/www.radlobby.org\/noe\/#organization","name":"Radlobby Nieder\u00f6sterreich","url":"https:\/\/www.radlobby.org\/noe\/","logo":{"@type":"ImageObject","inLanguage":"de","@id":"https:\/\/www.radlobby.org\/noe\/#\/schema\/logo\/image\/","url":"https:\/\/www.radlobby.org\/noe\/wp-content\/uploads\/2017\/01\/cropped-Logo_Radlobby_Niederoesterreich_50-400px_quer-1.jpg","contentUrl":"https:\/\/www.radlobby.org\/noe\/wp-content\/uploads\/2017\/01\/cropped-Logo_Radlobby_Niederoesterreich_50-400px_quer-1.jpg","width":450,"height":124,"caption":"Radlobby Nieder\u00f6sterreich"},"image":{"@id":"https:\/\/www.radlobby.org\/noe\/#\/schema\/logo\/image\/"},"sameAs":["https:\/\/www.facebook.com\/groups\/radfahren.in.noe\/"]},{"@type":"Person","@id":"https:\/\/www.radlobby.org\/noe\/#\/schema\/person\/c91605b70aca449bea4cb27190b0dbe2","name":"Hermann Hiebner","image":{"@type":"ImageObject","inLanguage":"de","@id":"https:\/\/www.radlobby.org\/noe\/#\/schema\/person\/image\/","url":"https:\/\/secure.gravatar.com\/avatar\/d9d442cd70d260be25a46bab5f85206043aabce00da594192c593e7d4fc65f72?s=96&d=mm&r=g","contentUrl":"https:\/\/secure.gravatar.com\/avatar\/d9d442cd70d260be25a46bab5f85206043aabce00da594192c593e7d4fc65f72?s=96&d=mm&r=g","caption":"Hermann Hiebner"},"url":"https:\/\/www.radlobby.org\/noe\/author\/hermannhiebner\/"}]}},"_links":{"self":[{"href":"https:\/\/www.radlobby.org\/noe\/wp-json\/wp\/v2\/posts\/38920","targetHints":{"allow":["GET"]}}],"collection":[{"href":"https:\/\/www.radlobby.org\/noe\/wp-json\/wp\/v2\/posts"}],"about":[{"href":"https:\/\/www.radlobby.org\/noe\/wp-json\/wp\/v2\/types\/post"}],"author":[{"embeddable":true,"href":"https:\/\/www.radlobby.org\/noe\/wp-json\/wp\/v2\/users\/3"}],"replies":[{"embeddable":true,"href":"https:\/\/www.radlobby.org\/noe\/wp-json\/wp\/v2\/comments?post=38920"}],"version-history":[{"count":2,"href":"https:\/\/www.radlobby.org\/noe\/wp-json\/wp\/v2\/posts\/38920\/revisions"}],"predecessor-version":[{"id":38938,"href":"https:\/\/www.radlobby.org\/noe\/wp-json\/wp\/v2\/posts\/38920\/revisions\/38938"}],"wp:featuredmedia":[{"embeddable":true,"href":"https:\/\/www.radlobby.org\/noe\/wp-json\/wp\/v2\/media\/38923"}],"wp:attachment":[{"href":"https:\/\/www.radlobby.org\/noe\/wp-json\/wp\/v2\/media?parent=38920"}],"wp:term":[{"taxonomy":"category","embeddable":true,"href":"https:\/\/www.radlobby.org\/noe\/wp-json\/wp\/v2\/categories?post=38920"},{"taxonomy":"post_tag","embeddable":true,"href":"https:\/\/www.radlobby.org\/noe\/wp-json\/wp\/v2\/tags?post=38920"}],"curies":[{"name":"wp","href":"https:\/\/api.w.org\/{rel}","templated":true}]}}