{"id":38908,"date":"2025-05-01T10:29:04","date_gmt":"2025-05-01T08:29:04","guid":{"rendered":"https:\/\/www.radlobby.org\/noe\/?p=38908"},"modified":"2025-05-01T10:29:06","modified_gmt":"2025-05-01T08:29:06","slug":"4-radlobby-stammtisch-in-purkersdorf","status":"publish","type":"post","link":"https:\/\/www.radlobby.org\/noe\/4-radlobby-stammtisch-in-purkersdorf\/","title":{"rendered":"4. Radlobby-Stammtisch in Purkersdorf"},"content":{"rendered":"<div class=\"xdj266r x11i5rnm xat24cr x1mh8g0r x1vvkbs x126k92a\">\n<div dir=\"auto\">Am Mittwoch den 23.04.2025 fand der 4. radlobby-Stammtisch im Shakespeare Pub in Purkersdorf statt. Ein ausst\u00e4ndiger Preis vom Weihnachtsgewinnspiel wurde vergeben, gute Getr\u00e4nke, Speisen und Service genossen und angeregt \u00fcber Verkehrssicherheit, nachhaltige Mobilit\u00e4t und Aktuelles in Purkersdorf diskutiert. Auch ein paar neue Gesichter waren dabei!<\/div>\n<\/div>\n<div class=\"x11i5rnm xat24cr x1mh8g0r x1vvkbs xtlvy1s x126k92a\">\n<div dir=\"auto\">Wir sind die unabh\u00e4ngige Stimme f\u00fcr&#8217;s Rad in Purkersdorf und freuen uns \u00fcber jede Beteiligung! Wir sind auf <a href=\"https:\/\/www.facebook.com\/RadlobbyPurkersdorf\">Facebook<\/a> und unter <a href=\"mailto:purkersdorf@radlobby.at\">purkersdorf@radlobby.at<\/a> erreichbar.<\/div>\n<\/div>\n<div class=\"x11i5rnm xat24cr x1mh8g0r x1vvkbs xtlvy1s x126k92a\">\n<div dir=\"auto\">N\u00e4chster Stammtisch: 11. Juni 2025, wie immer im Shakespeare Pub <span class=\"html-span xexx8yu x4uap5 x18d9i69 xkhd6sd x1hl2dhg x16tdsg8 x1vvkbs x3nfvp2 x1j61x8r x1fcty0u xdj266r xat24cr xgzva0m xhhsvwb xxymvpz xlup9mm x1kky2od\"><img loading=\"lazy\" decoding=\"async\" class=\"xz74otr x168nmei x13lgxp2 x5pf9jr xo71vjh\" src=\"https:\/\/static.xx.fbcdn.net\/images\/emoji.php\/v9\/t96\/1\/16\/1f37b.png\" alt=\"&#x1f37b;\" width=\"16\" height=\"16\" \/><\/span><\/div>\n<div dir=\"auto\">\u00a0<\/div>\n<\/div>\n\n\n<figure class=\"wp-block-gallery has-nested-images columns-default is-cropped wp-block-gallery-1 is-layout-flex wp-block-gallery-is-layout-flex\">\n<figure class=\"wp-block-image size-large\"><img loading=\"lazy\" decoding=\"async\" width=\"2560\" height=\"1442\" data-id=\"38911\" src=\"https:\/\/www.radlobby.org\/noe\/wp-content\/uploads\/20250423_203941-scaled.jpg\" alt=\"\" class=\"wp-image-38911\" srcset=\"https:\/\/www.radlobby.org\/noe\/wp-content\/uploads\/20250423_203941-scaled.jpg 2560w, https:\/\/www.radlobby.org\/noe\/wp-content\/uploads\/20250423_203941-300x169.jpg 300w, https:\/\/www.radlobby.org\/noe\/wp-content\/uploads\/20250423_203941-768x432.jpg 768w, https:\/\/www.radlobby.org\/noe\/wp-content\/uploads\/20250423_203941-1536x865.jpg 1536w, https:\/\/www.radlobby.org\/noe\/wp-content\/uploads\/20250423_203941-2048x1153.jpg 2048w\" sizes=\"auto, (max-width: 2560px) 100vw, 2560px\" \/><\/figure>\n\n\n\n<figure class=\"wp-block-image size-large\"><img loading=\"lazy\" decoding=\"async\" width=\"2560\" height=\"1442\" data-id=\"38912\" src=\"https:\/\/www.radlobby.org\/noe\/wp-content\/uploads\/20250423_203951-scaled.jpg\" alt=\"\" class=\"wp-image-38912\" srcset=\"https:\/\/www.radlobby.org\/noe\/wp-content\/uploads\/20250423_203951-scaled.jpg 2560w, https:\/\/www.radlobby.org\/noe\/wp-content\/uploads\/20250423_203951-300x169.jpg 300w, https:\/\/www.radlobby.org\/noe\/wp-content\/uploads\/20250423_203951-768x432.jpg 768w, https:\/\/www.radlobby.org\/noe\/wp-content\/uploads\/20250423_203951-1536x865.jpg 1536w, https:\/\/www.radlobby.org\/noe\/wp-content\/uploads\/20250423_203951-2048x1153.jpg 2048w\" sizes=\"auto, (max-width: 2560px) 100vw, 2560px\" \/><\/figure>\n\n\n\n<figure class=\"wp-block-image size-large\"><img loading=\"lazy\" decoding=\"async\" width=\"2560\" height=\"1442\" data-id=\"38914\" src=\"https:\/\/www.radlobby.org\/noe\/wp-content\/uploads\/20250423_190503-1-scaled.jpg\" alt=\"\" class=\"wp-image-38914\" srcset=\"https:\/\/www.radlobby.org\/noe\/wp-content\/uploads\/20250423_190503-1-scaled.jpg 2560w, https:\/\/www.radlobby.org\/noe\/wp-content\/uploads\/20250423_190503-1-300x169.jpg 300w, https:\/\/www.radlobby.org\/noe\/wp-content\/uploads\/20250423_190503-1-768x432.jpg 768w, https:\/\/www.radlobby.org\/noe\/wp-content\/uploads\/20250423_190503-1-1536x865.jpg 1536w, https:\/\/www.radlobby.org\/noe\/wp-content\/uploads\/20250423_190503-1-2048x1153.jpg 2048w\" sizes=\"auto, (max-width: 2560px) 100vw, 2560px\" \/><\/figure>\n<\/figure>\n","protected":false},"excerpt":{"rendered":"<p>Am Mittwoch den 23.04.2025 fand der 4. radlobby-Stammtisch im Shakespeare Pub in Purkersdorf statt. Ein ausst\u00e4ndiger Preis vom Weihnachtsgewinnspiel wurde vergeben, gute Getr\u00e4nke, Speisen und Service genossen und angeregt \u00fcber Verkehrssicherheit, nachhaltige Mobilit\u00e4t und Aktuelles in Purkersdorf diskutiert. Auch ein<\/p>\n","protected":false},"author":88,"featured_media":38909,"comment_status":"closed","ping_status":"closed","sticky":false,"template":"","format":"standard","meta":{"footnotes":""},"categories":[283],"tags":[328,233,40],"class_list":["post-38908","post","type-post","status-publish","format-standard","has-post-thumbnail","hentry","category-purkersdorf","tag-purkersdorf","tag-radlobby","tag-stammtisch"],"yoast_head":"<!-- This site is optimized with the Yoast SEO plugin v26.9 - https:\/\/yoast.com\/product\/yoast-seo-wordpress\/ -->\n<title>4. Radlobby-Stammtisch in Purkersdorf - Radlobby Nieder\u00f6sterreich<\/title>\n<meta name=\"robots\" content=\"index, follow, max-snippet:-1, max-image-preview:large, max-video-preview:-1\" \/>\n<link rel=\"canonical\" href=\"https:\/\/www.radlobby.org\/noe\/4-radlobby-stammtisch-in-purkersdorf\/\" \/>\n<meta property=\"og:locale\" content=\"de_DE\" \/>\n<meta property=\"og:type\" content=\"article\" \/>\n<meta property=\"og:title\" content=\"4. Radlobby-Stammtisch in Purkersdorf - Radlobby Nieder\u00f6sterreich\" \/>\n<meta property=\"og:description\" content=\"Am Mittwoch den 23.04.2025 fand der 4. radlobby-Stammtisch im Shakespeare Pub in Purkersdorf statt. Ein ausst\u00e4ndiger Preis vom Weihnachtsgewinnspiel wurde vergeben, gute Getr\u00e4nke, Speisen und Service genossen und angeregt \u00fcber Verkehrssicherheit, nachhaltige Mobilit\u00e4t und Aktuelles in Purkersdorf diskutiert. Auch ein\" \/>\n<meta property=\"og:url\" content=\"https:\/\/www.radlobby.org\/noe\/4-radlobby-stammtisch-in-purkersdorf\/\" \/>\n<meta property=\"og:site_name\" content=\"Radlobby Nieder\u00f6sterreich\" \/>\n<meta property=\"article:publisher\" content=\"https:\/\/www.facebook.com\/groups\/radfahren.in.noe\/\" \/>\n<meta property=\"article:published_time\" content=\"2025-05-01T08:29:04+00:00\" \/>\n<meta property=\"article:modified_time\" content=\"2025-05-01T08:29:06+00:00\" \/>\n<meta property=\"og:image\" content=\"https:\/\/www.radlobby.org\/noe\/wp-content\/uploads\/20250423_190503-scaled.jpg\" \/>\n\t<meta property=\"og:image:width\" content=\"2560\" \/>\n\t<meta property=\"og:image:height\" content=\"1442\" \/>\n\t<meta property=\"og:image:type\" content=\"image\/jpeg\" \/>\n<meta name=\"author\" content=\"Dirk Strickmann\" \/>\n<meta name=\"twitter:card\" content=\"summary_large_image\" \/>\n<meta name=\"twitter:label1\" content=\"Verfasst von\" \/>\n\t<meta name=\"twitter:data1\" content=\"Dirk Strickmann\" \/>\n\t<meta name=\"twitter:label2\" content=\"Gesch\u00e4tzte Lesezeit\" \/>\n\t<meta name=\"twitter:data2\" content=\"2\u00a0Minuten\" \/>\n<script type=\"application\/ld+json\" class=\"yoast-schema-graph\">{\"@context\":\"https:\/\/schema.org\",\"@graph\":[{\"@type\":\"Article\",\"@id\":\"https:\/\/www.radlobby.org\/noe\/4-radlobby-stammtisch-in-purkersdorf\/#article\",\"isPartOf\":{\"@id\":\"https:\/\/www.radlobby.org\/noe\/4-radlobby-stammtisch-in-purkersdorf\/\"},\"author\":{\"name\":\"Dirk Strickmann\",\"@id\":\"https:\/\/www.radlobby.org\/noe\/#\/schema\/person\/39f07e7bdde8c4a9c6c8d14478b77dc5\"},\"headline\":\"4. Radlobby-Stammtisch in Purkersdorf\",\"datePublished\":\"2025-05-01T08:29:04+00:00\",\"dateModified\":\"2025-05-01T08:29:06+00:00\",\"mainEntityOfPage\":{\"@id\":\"https:\/\/www.radlobby.org\/noe\/4-radlobby-stammtisch-in-purkersdorf\/\"},\"wordCount\":86,\"publisher\":{\"@id\":\"https:\/\/www.radlobby.org\/noe\/#organization\"},\"image\":{\"@id\":\"https:\/\/www.radlobby.org\/noe\/4-radlobby-stammtisch-in-purkersdorf\/#primaryimage\"},\"thumbnailUrl\":\"https:\/\/www.radlobby.org\/noe\/wp-content\/uploads\/20250423_190503-scaled.jpg\",\"keywords\":[\"Purkersdorf\",\"Radlobby\",\"Stammtisch\"],\"articleSection\":[\"Radlobby Purkersdorf\"],\"inLanguage\":\"de\"},{\"@type\":\"WebPage\",\"@id\":\"https:\/\/www.radlobby.org\/noe\/4-radlobby-stammtisch-in-purkersdorf\/\",\"url\":\"https:\/\/www.radlobby.org\/noe\/4-radlobby-stammtisch-in-purkersdorf\/\",\"name\":\"4. Radlobby-Stammtisch in Purkersdorf - Radlobby Nieder\u00f6sterreich\",\"isPartOf\":{\"@id\":\"https:\/\/www.radlobby.org\/noe\/#website\"},\"primaryImageOfPage\":{\"@id\":\"https:\/\/www.radlobby.org\/noe\/4-radlobby-stammtisch-in-purkersdorf\/#primaryimage\"},\"image\":{\"@id\":\"https:\/\/www.radlobby.org\/noe\/4-radlobby-stammtisch-in-purkersdorf\/#primaryimage\"},\"thumbnailUrl\":\"https:\/\/www.radlobby.org\/noe\/wp-content\/uploads\/20250423_190503-scaled.jpg\",\"datePublished\":\"2025-05-01T08:29:04+00:00\",\"dateModified\":\"2025-05-01T08:29:06+00:00\",\"breadcrumb\":{\"@id\":\"https:\/\/www.radlobby.org\/noe\/4-radlobby-stammtisch-in-purkersdorf\/#breadcrumb\"},\"inLanguage\":\"de\",\"potentialAction\":[{\"@type\":\"ReadAction\",\"target\":[\"https:\/\/www.radlobby.org\/noe\/4-radlobby-stammtisch-in-purkersdorf\/\"]}]},{\"@type\":\"ImageObject\",\"inLanguage\":\"de\",\"@id\":\"https:\/\/www.radlobby.org\/noe\/4-radlobby-stammtisch-in-purkersdorf\/#primaryimage\",\"url\":\"https:\/\/www.radlobby.org\/noe\/wp-content\/uploads\/20250423_190503-scaled.jpg\",\"contentUrl\":\"https:\/\/www.radlobby.org\/noe\/wp-content\/uploads\/20250423_190503-scaled.jpg\",\"width\":2560,\"height\":1442},{\"@type\":\"BreadcrumbList\",\"@id\":\"https:\/\/www.radlobby.org\/noe\/4-radlobby-stammtisch-in-purkersdorf\/#breadcrumb\",\"itemListElement\":[{\"@type\":\"ListItem\",\"position\":1,\"name\":\"Startseite\",\"item\":\"https:\/\/www.radlobby.org\/noe\/\"},{\"@type\":\"ListItem\",\"position\":2,\"name\":\"4. Radlobby-Stammtisch in Purkersdorf\"}]},{\"@type\":\"WebSite\",\"@id\":\"https:\/\/www.radlobby.org\/noe\/#website\",\"url\":\"https:\/\/www.radlobby.org\/noe\/\",\"name\":\"Radlobby Nieder\u00f6sterreich\",\"description\":\"Radverkehr, Fahrrad, Radfahren, Radreisen, Radtouren, Radweg\",\"publisher\":{\"@id\":\"https:\/\/www.radlobby.org\/noe\/#organization\"},\"potentialAction\":[{\"@type\":\"SearchAction\",\"target\":{\"@type\":\"EntryPoint\",\"urlTemplate\":\"https:\/\/www.radlobby.org\/noe\/?s={search_term_string}\"},\"query-input\":{\"@type\":\"PropertyValueSpecification\",\"valueRequired\":true,\"valueName\":\"search_term_string\"}}],\"inLanguage\":\"de\"},{\"@type\":\"Organization\",\"@id\":\"https:\/\/www.radlobby.org\/noe\/#organization\",\"name\":\"Radlobby Nieder\u00f6sterreich\",\"url\":\"https:\/\/www.radlobby.org\/noe\/\",\"logo\":{\"@type\":\"ImageObject\",\"inLanguage\":\"de\",\"@id\":\"https:\/\/www.radlobby.org\/noe\/#\/schema\/logo\/image\/\",\"url\":\"https:\/\/www.radlobby.org\/noe\/wp-content\/uploads\/2017\/01\/cropped-Logo_Radlobby_Niederoesterreich_50-400px_quer-1.jpg\",\"contentUrl\":\"https:\/\/www.radlobby.org\/noe\/wp-content\/uploads\/2017\/01\/cropped-Logo_Radlobby_Niederoesterreich_50-400px_quer-1.jpg\",\"width\":450,\"height\":124,\"caption\":\"Radlobby Nieder\u00f6sterreich\"},\"image\":{\"@id\":\"https:\/\/www.radlobby.org\/noe\/#\/schema\/logo\/image\/\"},\"sameAs\":[\"https:\/\/www.facebook.com\/groups\/radfahren.in.noe\/\"]},{\"@type\":\"Person\",\"@id\":\"https:\/\/www.radlobby.org\/noe\/#\/schema\/person\/39f07e7bdde8c4a9c6c8d14478b77dc5\",\"name\":\"Dirk Strickmann\",\"image\":{\"@type\":\"ImageObject\",\"inLanguage\":\"de\",\"@id\":\"https:\/\/www.radlobby.org\/noe\/#\/schema\/person\/image\/\",\"url\":\"https:\/\/secure.gravatar.com\/avatar\/b7c2ed65b09124eadbd26308cb41b0914443ac5831a7c765bb6af2b92cfc3f06?s=96&d=mm&r=g\",\"contentUrl\":\"https:\/\/secure.gravatar.com\/avatar\/b7c2ed65b09124eadbd26308cb41b0914443ac5831a7c765bb6af2b92cfc3f06?s=96&d=mm&r=g\",\"caption\":\"Dirk Strickmann\"},\"url\":\"https:\/\/www.radlobby.org\/noe\/author\/dirk\/\"}]}<\/script>\n<!-- \/ Yoast SEO plugin. -->","yoast_head_json":{"title":"4. Radlobby-Stammtisch in Purkersdorf - Radlobby Nieder\u00f6sterreich","robots":{"index":"index","follow":"follow","max-snippet":"max-snippet:-1","max-image-preview":"max-image-preview:large","max-video-preview":"max-video-preview:-1"},"canonical":"https:\/\/www.radlobby.org\/noe\/4-radlobby-stammtisch-in-purkersdorf\/","og_locale":"de_DE","og_type":"article","og_title":"4. Radlobby-Stammtisch in Purkersdorf - Radlobby Nieder\u00f6sterreich","og_description":"Am Mittwoch den 23.04.2025 fand der 4. radlobby-Stammtisch im Shakespeare Pub in Purkersdorf statt. Ein ausst\u00e4ndiger Preis vom Weihnachtsgewinnspiel wurde vergeben, gute Getr\u00e4nke, Speisen und Service genossen und angeregt \u00fcber Verkehrssicherheit, nachhaltige Mobilit\u00e4t und Aktuelles in Purkersdorf diskutiert. Auch ein","og_url":"https:\/\/www.radlobby.org\/noe\/4-radlobby-stammtisch-in-purkersdorf\/","og_site_name":"Radlobby Nieder\u00f6sterreich","article_publisher":"https:\/\/www.facebook.com\/groups\/radfahren.in.noe\/","article_published_time":"2025-05-01T08:29:04+00:00","article_modified_time":"2025-05-01T08:29:06+00:00","og_image":[{"width":2560,"height":1442,"url":"https:\/\/www.radlobby.org\/noe\/wp-content\/uploads\/20250423_190503-scaled.jpg","type":"image\/jpeg"}],"author":"Dirk Strickmann","twitter_card":"summary_large_image","twitter_misc":{"Verfasst von":"Dirk Strickmann","Gesch\u00e4tzte Lesezeit":"2\u00a0Minuten"},"schema":{"@context":"https:\/\/schema.org","@graph":[{"@type":"Article","@id":"https:\/\/www.radlobby.org\/noe\/4-radlobby-stammtisch-in-purkersdorf\/#article","isPartOf":{"@id":"https:\/\/www.radlobby.org\/noe\/4-radlobby-stammtisch-in-purkersdorf\/"},"author":{"name":"Dirk Strickmann","@id":"https:\/\/www.radlobby.org\/noe\/#\/schema\/person\/39f07e7bdde8c4a9c6c8d14478b77dc5"},"headline":"4. Radlobby-Stammtisch in Purkersdorf","datePublished":"2025-05-01T08:29:04+00:00","dateModified":"2025-05-01T08:29:06+00:00","mainEntityOfPage":{"@id":"https:\/\/www.radlobby.org\/noe\/4-radlobby-stammtisch-in-purkersdorf\/"},"wordCount":86,"publisher":{"@id":"https:\/\/www.radlobby.org\/noe\/#organization"},"image":{"@id":"https:\/\/www.radlobby.org\/noe\/4-radlobby-stammtisch-in-purkersdorf\/#primaryimage"},"thumbnailUrl":"https:\/\/www.radlobby.org\/noe\/wp-content\/uploads\/20250423_190503-scaled.jpg","keywords":["Purkersdorf","Radlobby","Stammtisch"],"articleSection":["Radlobby Purkersdorf"],"inLanguage":"de"},{"@type":"WebPage","@id":"https:\/\/www.radlobby.org\/noe\/4-radlobby-stammtisch-in-purkersdorf\/","url":"https:\/\/www.radlobby.org\/noe\/4-radlobby-stammtisch-in-purkersdorf\/","name":"4. Radlobby-Stammtisch in Purkersdorf - Radlobby Nieder\u00f6sterreich","isPartOf":{"@id":"https:\/\/www.radlobby.org\/noe\/#website"},"primaryImageOfPage":{"@id":"https:\/\/www.radlobby.org\/noe\/4-radlobby-stammtisch-in-purkersdorf\/#primaryimage"},"image":{"@id":"https:\/\/www.radlobby.org\/noe\/4-radlobby-stammtisch-in-purkersdorf\/#primaryimage"},"thumbnailUrl":"https:\/\/www.radlobby.org\/noe\/wp-content\/uploads\/20250423_190503-scaled.jpg","datePublished":"2025-05-01T08:29:04+00:00","dateModified":"2025-05-01T08:29:06+00:00","breadcrumb":{"@id":"https:\/\/www.radlobby.org\/noe\/4-radlobby-stammtisch-in-purkersdorf\/#breadcrumb"},"inLanguage":"de","potentialAction":[{"@type":"ReadAction","target":["https:\/\/www.radlobby.org\/noe\/4-radlobby-stammtisch-in-purkersdorf\/"]}]},{"@type":"ImageObject","inLanguage":"de","@id":"https:\/\/www.radlobby.org\/noe\/4-radlobby-stammtisch-in-purkersdorf\/#primaryimage","url":"https:\/\/www.radlobby.org\/noe\/wp-content\/uploads\/20250423_190503-scaled.jpg","contentUrl":"https:\/\/www.radlobby.org\/noe\/wp-content\/uploads\/20250423_190503-scaled.jpg","width":2560,"height":1442},{"@type":"BreadcrumbList","@id":"https:\/\/www.radlobby.org\/noe\/4-radlobby-stammtisch-in-purkersdorf\/#breadcrumb","itemListElement":[{"@type":"ListItem","position":1,"name":"Startseite","item":"https:\/\/www.radlobby.org\/noe\/"},{"@type":"ListItem","position":2,"name":"4. Radlobby-Stammtisch in Purkersdorf"}]},{"@type":"WebSite","@id":"https:\/\/www.radlobby.org\/noe\/#website","url":"https:\/\/www.radlobby.org\/noe\/","name":"Radlobby Nieder\u00f6sterreich","description":"Radverkehr, Fahrrad, Radfahren, Radreisen, Radtouren, Radweg","publisher":{"@id":"https:\/\/www.radlobby.org\/noe\/#organization"},"potentialAction":[{"@type":"SearchAction","target":{"@type":"EntryPoint","urlTemplate":"https:\/\/www.radlobby.org\/noe\/?s={search_term_string}"},"query-input":{"@type":"PropertyValueSpecification","valueRequired":true,"valueName":"search_term_string"}}],"inLanguage":"de"},{"@type":"Organization","@id":"https:\/\/www.radlobby.org\/noe\/#organization","name":"Radlobby Nieder\u00f6sterreich","url":"https:\/\/www.radlobby.org\/noe\/","logo":{"@type":"ImageObject","inLanguage":"de","@id":"https:\/\/www.radlobby.org\/noe\/#\/schema\/logo\/image\/","url":"https:\/\/www.radlobby.org\/noe\/wp-content\/uploads\/2017\/01\/cropped-Logo_Radlobby_Niederoesterreich_50-400px_quer-1.jpg","contentUrl":"https:\/\/www.radlobby.org\/noe\/wp-content\/uploads\/2017\/01\/cropped-Logo_Radlobby_Niederoesterreich_50-400px_quer-1.jpg","width":450,"height":124,"caption":"Radlobby Nieder\u00f6sterreich"},"image":{"@id":"https:\/\/www.radlobby.org\/noe\/#\/schema\/logo\/image\/"},"sameAs":["https:\/\/www.facebook.com\/groups\/radfahren.in.noe\/"]},{"@type":"Person","@id":"https:\/\/www.radlobby.org\/noe\/#\/schema\/person\/39f07e7bdde8c4a9c6c8d14478b77dc5","name":"Dirk Strickmann","image":{"@type":"ImageObject","inLanguage":"de","@id":"https:\/\/www.radlobby.org\/noe\/#\/schema\/person\/image\/","url":"https:\/\/secure.gravatar.com\/avatar\/b7c2ed65b09124eadbd26308cb41b0914443ac5831a7c765bb6af2b92cfc3f06?s=96&d=mm&r=g","contentUrl":"https:\/\/secure.gravatar.com\/avatar\/b7c2ed65b09124eadbd26308cb41b0914443ac5831a7c765bb6af2b92cfc3f06?s=96&d=mm&r=g","caption":"Dirk Strickmann"},"url":"https:\/\/www.radlobby.org\/noe\/author\/dirk\/"}]}},"_links":{"self":[{"href":"https:\/\/www.radlobby.org\/noe\/wp-json\/wp\/v2\/posts\/38908","targetHints":{"allow":["GET"]}}],"collection":[{"href":"https:\/\/www.radlobby.org\/noe\/wp-json\/wp\/v2\/posts"}],"about":[{"href":"https:\/\/www.radlobby.org\/noe\/wp-json\/wp\/v2\/types\/post"}],"author":[{"embeddable":true,"href":"https:\/\/www.radlobby.org\/noe\/wp-json\/wp\/v2\/users\/88"}],"replies":[{"embeddable":true,"href":"https:\/\/www.radlobby.org\/noe\/wp-json\/wp\/v2\/comments?post=38908"}],"version-history":[{"count":4,"href":"https:\/\/www.radlobby.org\/noe\/wp-json\/wp\/v2\/posts\/38908\/revisions"}],"predecessor-version":[{"id":38916,"href":"https:\/\/www.radlobby.org\/noe\/wp-json\/wp\/v2\/posts\/38908\/revisions\/38916"}],"wp:featuredmedia":[{"embeddable":true,"href":"https:\/\/www.radlobby.org\/noe\/wp-json\/wp\/v2\/media\/38909"}],"wp:attachment":[{"href":"https:\/\/www.radlobby.org\/noe\/wp-json\/wp\/v2\/media?parent=38908"}],"wp:term":[{"taxonomy":"category","embeddable":true,"href":"https:\/\/www.radlobby.org\/noe\/wp-json\/wp\/v2\/categories?post=38908"},{"taxonomy":"post_tag","embeddable":true,"href":"https:\/\/www.radlobby.org\/noe\/wp-json\/wp\/v2\/tags?post=38908"}],"curies":[{"name":"wp","href":"https:\/\/api.w.org\/{rel}","templated":true}]}}