{"id":38839,"date":"2025-04-25T21:43:15","date_gmt":"2025-04-25T19:43:15","guid":{"rendered":"https:\/\/www.radlobby.org\/noe\/?p=38839"},"modified":"2025-04-25T21:43:15","modified_gmt":"2025-04-25T19:43:15","slug":"3-kidical-mass-pressbaum-samstag-10-mai-2025-abfahrt-1000","status":"publish","type":"post","link":"https:\/\/www.radlobby.org\/noe\/3-kidical-mass-pressbaum-samstag-10-mai-2025-abfahrt-1000\/","title":{"rendered":"3. Kidical Mass Pressbaum, Samstag 10. Mai 2025, Abfahrt 10:00"},"content":{"rendered":"<p><a href=\"https:\/\/www.radlobby.org\/noe\/wp-content\/uploads\/KM-Pressbaum-finaler-Flyer.png\" data-src=\"https:\/\/www.radlobby.org\/noe\/wp-content\/uploads\/KM-Pressbaum-finaler-Flyer.png\" data-thumb=\"https:\/\/www.radlobby.org\/noe\/wp-content\/uploads\/KM-Pressbaum-finaler-Flyer.png\" class=\"ml-lightbox-enabled\"><img loading=\"lazy\" decoding=\"async\" class=\"alignright size-full wp-image-38841\" src=\"https:\/\/www.radlobby.org\/noe\/wp-content\/uploads\/KM-Pressbaum-finaler-Flyer.png\" alt=\"\" width=\"960\" height=\"720\" srcset=\"https:\/\/www.radlobby.org\/noe\/wp-content\/uploads\/KM-Pressbaum-finaler-Flyer.png 960w, https:\/\/www.radlobby.org\/noe\/wp-content\/uploads\/KM-Pressbaum-finaler-Flyer-300x225.png 300w, https:\/\/www.radlobby.org\/noe\/wp-content\/uploads\/KM-Pressbaum-finaler-Flyer-768x576.png 768w\" sizes=\"auto, (max-width: 960px) 100vw, 960px\" \/><\/a><\/p>\n","protected":false},"excerpt":{"rendered":"<p>Herzliche Einladung zur 3. Kidical Mass Pressbaum! Pressbaum, Tullnerbach und Wolfsgraben aufgepasst! Wir radeln wieder ganz entspannt die Hauptstra\u00dfe entlang bis zum Wienerwaldsee. Von dort geht es mit einer gesunden Jause gest\u00e4rkt retour zum Hauptplatz! Seid dabei! F\u00fcr lebensfrohe, familienfreundliche Gemeinden im Wienerwald, f\u00fcr mehr Balance und Fitness im Alltag von Kindesbeinen an!<\/p>\n","protected":false},"author":56,"featured_media":38841,"comment_status":"closed","ping_status":"closed","sticky":false,"template":"","format":"standard","meta":{"footnotes":""},"categories":[668,384,383,20,374],"tags":[524,765,197,429,30,175],"class_list":["post-38839","post","type-post","status-publish","format-standard","has-post-thumbnail","hentry","category-aktion","category-gemeinden-betriebe","category-presse-medien","category-niederoesterreich","category-pressbaum","tag-kidical-mass","tag-kinderfahrrad","tag-kindergarten","tag-radfahren","tag-radparade","tag-verkehrsplanung"],"yoast_head":"<!-- This site is optimized with the Yoast SEO plugin v26.9 - https:\/\/yoast.com\/product\/yoast-seo-wordpress\/ -->\n<title>3. Kidical Mass Pressbaum, Samstag 10. Mai 2025, Abfahrt 10:00 - Radlobby Nieder\u00f6sterreich<\/title>\n<meta name=\"robots\" content=\"index, follow, max-snippet:-1, max-image-preview:large, max-video-preview:-1\" \/>\n<link rel=\"canonical\" href=\"https:\/\/www.radlobby.org\/noe\/3-kidical-mass-pressbaum-samstag-10-mai-2025-abfahrt-1000\/\" \/>\n<meta property=\"og:locale\" content=\"de_DE\" \/>\n<meta property=\"og:type\" content=\"article\" \/>\n<meta property=\"og:title\" content=\"3. Kidical Mass Pressbaum, Samstag 10. Mai 2025, Abfahrt 10:00 - Radlobby Nieder\u00f6sterreich\" \/>\n<meta property=\"og:description\" content=\"Herzliche Einladung zur 3. Kidical Mass Pressbaum! Pressbaum, Tullnerbach und Wolfsgraben aufgepasst! Wir radeln wieder ganz entspannt die Hauptstra\u00dfe entlang bis zum Wienerwaldsee. Von dort geht es mit einer gesunden Jause gest\u00e4rkt retour zum Hauptplatz! Seid dabei! F\u00fcr lebensfrohe, familienfreundliche Gemeinden im Wienerwald, f\u00fcr mehr Balance und Fitness im Alltag von Kindesbeinen an!\" \/>\n<meta property=\"og:url\" content=\"https:\/\/www.radlobby.org\/noe\/3-kidical-mass-pressbaum-samstag-10-mai-2025-abfahrt-1000\/\" \/>\n<meta property=\"og:site_name\" content=\"Radlobby Nieder\u00f6sterreich\" \/>\n<meta property=\"article:publisher\" content=\"https:\/\/www.facebook.com\/groups\/radfahren.in.noe\/\" \/>\n<meta property=\"article:published_time\" content=\"2025-04-25T19:43:15+00:00\" \/>\n<meta property=\"og:image\" content=\"https:\/\/www.radlobby.org\/noe\/wp-content\/uploads\/KM-Pressbaum-finaler-Flyer.png\" \/>\n\t<meta property=\"og:image:width\" content=\"960\" \/>\n\t<meta property=\"og:image:height\" content=\"720\" \/>\n\t<meta property=\"og:image:type\" content=\"image\/png\" \/>\n<meta name=\"author\" content=\"Katja Bohl\u00e4nder\" \/>\n<meta name=\"twitter:card\" content=\"summary_large_image\" \/>\n<meta name=\"twitter:label1\" content=\"Verfasst von\" \/>\n\t<meta name=\"twitter:data1\" content=\"Katja Bohl\u00e4nder\" \/>\n\t<meta name=\"twitter:label2\" content=\"Gesch\u00e4tzte Lesezeit\" \/>\n\t<meta name=\"twitter:data2\" content=\"1\u00a0Minute\" \/>\n<script type=\"application\/ld+json\" class=\"yoast-schema-graph\">{\"@context\":\"https:\/\/schema.org\",\"@graph\":[{\"@type\":\"Article\",\"@id\":\"https:\/\/www.radlobby.org\/noe\/3-kidical-mass-pressbaum-samstag-10-mai-2025-abfahrt-1000\/#article\",\"isPartOf\":{\"@id\":\"https:\/\/www.radlobby.org\/noe\/3-kidical-mass-pressbaum-samstag-10-mai-2025-abfahrt-1000\/\"},\"author\":{\"name\":\"Katja Bohl\u00e4nder\",\"@id\":\"https:\/\/www.radlobby.org\/noe\/#\/schema\/person\/79b7825e81e90ee0b2beae8813877296\"},\"headline\":\"3. Kidical Mass Pressbaum, Samstag 10. Mai 2025, Abfahrt 10:00\",\"datePublished\":\"2025-04-25T19:43:15+00:00\",\"mainEntityOfPage\":{\"@id\":\"https:\/\/www.radlobby.org\/noe\/3-kidical-mass-pressbaum-samstag-10-mai-2025-abfahrt-1000\/\"},\"wordCount\":6,\"publisher\":{\"@id\":\"https:\/\/www.radlobby.org\/noe\/#organization\"},\"image\":{\"@id\":\"https:\/\/www.radlobby.org\/noe\/3-kidical-mass-pressbaum-samstag-10-mai-2025-abfahrt-1000\/#primaryimage\"},\"thumbnailUrl\":\"https:\/\/www.radlobby.org\/noe\/wp-content\/uploads\/KM-Pressbaum-finaler-Flyer.png\",\"keywords\":[\"Kidical Mass\",\"Kinderfahrrad\",\"Kindergarten\",\"Radfahren\",\"Radparade\",\"Verkehrsplanung\"],\"articleSection\":[\"Aktion\",\"Gemeinden &amp; Betriebe\",\"Presse &amp; Medien\",\"Radlobby Nieder\u00f6sterreich\",\"Radlobby Pressbaum\"],\"inLanguage\":\"de\"},{\"@type\":\"WebPage\",\"@id\":\"https:\/\/www.radlobby.org\/noe\/3-kidical-mass-pressbaum-samstag-10-mai-2025-abfahrt-1000\/\",\"url\":\"https:\/\/www.radlobby.org\/noe\/3-kidical-mass-pressbaum-samstag-10-mai-2025-abfahrt-1000\/\",\"name\":\"3. Kidical Mass Pressbaum, Samstag 10. Mai 2025, Abfahrt 10:00 - Radlobby Nieder\u00f6sterreich\",\"isPartOf\":{\"@id\":\"https:\/\/www.radlobby.org\/noe\/#website\"},\"primaryImageOfPage\":{\"@id\":\"https:\/\/www.radlobby.org\/noe\/3-kidical-mass-pressbaum-samstag-10-mai-2025-abfahrt-1000\/#primaryimage\"},\"image\":{\"@id\":\"https:\/\/www.radlobby.org\/noe\/3-kidical-mass-pressbaum-samstag-10-mai-2025-abfahrt-1000\/#primaryimage\"},\"thumbnailUrl\":\"https:\/\/www.radlobby.org\/noe\/wp-content\/uploads\/KM-Pressbaum-finaler-Flyer.png\",\"datePublished\":\"2025-04-25T19:43:15+00:00\",\"breadcrumb\":{\"@id\":\"https:\/\/www.radlobby.org\/noe\/3-kidical-mass-pressbaum-samstag-10-mai-2025-abfahrt-1000\/#breadcrumb\"},\"inLanguage\":\"de\",\"potentialAction\":[{\"@type\":\"ReadAction\",\"target\":[\"https:\/\/www.radlobby.org\/noe\/3-kidical-mass-pressbaum-samstag-10-mai-2025-abfahrt-1000\/\"]}]},{\"@type\":\"ImageObject\",\"inLanguage\":\"de\",\"@id\":\"https:\/\/www.radlobby.org\/noe\/3-kidical-mass-pressbaum-samstag-10-mai-2025-abfahrt-1000\/#primaryimage\",\"url\":\"https:\/\/www.radlobby.org\/noe\/wp-content\/uploads\/KM-Pressbaum-finaler-Flyer.png\",\"contentUrl\":\"https:\/\/www.radlobby.org\/noe\/wp-content\/uploads\/KM-Pressbaum-finaler-Flyer.png\",\"width\":960,\"height\":720},{\"@type\":\"BreadcrumbList\",\"@id\":\"https:\/\/www.radlobby.org\/noe\/3-kidical-mass-pressbaum-samstag-10-mai-2025-abfahrt-1000\/#breadcrumb\",\"itemListElement\":[{\"@type\":\"ListItem\",\"position\":1,\"name\":\"Startseite\",\"item\":\"https:\/\/www.radlobby.org\/noe\/\"},{\"@type\":\"ListItem\",\"position\":2,\"name\":\"3. Kidical Mass Pressbaum, Samstag 10. Mai 2025, Abfahrt 10:00\"}]},{\"@type\":\"WebSite\",\"@id\":\"https:\/\/www.radlobby.org\/noe\/#website\",\"url\":\"https:\/\/www.radlobby.org\/noe\/\",\"name\":\"Radlobby Nieder\u00f6sterreich\",\"description\":\"Radverkehr, Fahrrad, Radfahren, Radreisen, Radtouren, Radweg\",\"publisher\":{\"@id\":\"https:\/\/www.radlobby.org\/noe\/#organization\"},\"potentialAction\":[{\"@type\":\"SearchAction\",\"target\":{\"@type\":\"EntryPoint\",\"urlTemplate\":\"https:\/\/www.radlobby.org\/noe\/?s={search_term_string}\"},\"query-input\":{\"@type\":\"PropertyValueSpecification\",\"valueRequired\":true,\"valueName\":\"search_term_string\"}}],\"inLanguage\":\"de\"},{\"@type\":\"Organization\",\"@id\":\"https:\/\/www.radlobby.org\/noe\/#organization\",\"name\":\"Radlobby Nieder\u00f6sterreich\",\"url\":\"https:\/\/www.radlobby.org\/noe\/\",\"logo\":{\"@type\":\"ImageObject\",\"inLanguage\":\"de\",\"@id\":\"https:\/\/www.radlobby.org\/noe\/#\/schema\/logo\/image\/\",\"url\":\"https:\/\/www.radlobby.org\/noe\/wp-content\/uploads\/2017\/01\/cropped-Logo_Radlobby_Niederoesterreich_50-400px_quer-1.jpg\",\"contentUrl\":\"https:\/\/www.radlobby.org\/noe\/wp-content\/uploads\/2017\/01\/cropped-Logo_Radlobby_Niederoesterreich_50-400px_quer-1.jpg\",\"width\":450,\"height\":124,\"caption\":\"Radlobby Nieder\u00f6sterreich\"},\"image\":{\"@id\":\"https:\/\/www.radlobby.org\/noe\/#\/schema\/logo\/image\/\"},\"sameAs\":[\"https:\/\/www.facebook.com\/groups\/radfahren.in.noe\/\"]},{\"@type\":\"Person\",\"@id\":\"https:\/\/www.radlobby.org\/noe\/#\/schema\/person\/79b7825e81e90ee0b2beae8813877296\",\"name\":\"Katja Bohl\u00e4nder\",\"image\":{\"@type\":\"ImageObject\",\"inLanguage\":\"de\",\"@id\":\"https:\/\/www.radlobby.org\/noe\/#\/schema\/person\/image\/\",\"url\":\"https:\/\/secure.gravatar.com\/avatar\/6d55cfa0f372e3c65aaa3380a961aaccc1c6253947e434f43842be12a2e9b6ff?s=96&d=mm&r=g\",\"contentUrl\":\"https:\/\/secure.gravatar.com\/avatar\/6d55cfa0f372e3c65aaa3380a961aaccc1c6253947e434f43842be12a2e9b6ff?s=96&d=mm&r=g\",\"caption\":\"Katja Bohl\u00e4nder\"},\"sameAs\":[\"KarlZaunerADMIN\"],\"url\":\"https:\/\/www.radlobby.org\/noe\/author\/katja-bohlaender\/\"}]}<\/script>\n<!-- \/ Yoast SEO plugin. -->","yoast_head_json":{"title":"3. Kidical Mass Pressbaum, Samstag 10. Mai 2025, Abfahrt 10:00 - Radlobby Nieder\u00f6sterreich","robots":{"index":"index","follow":"follow","max-snippet":"max-snippet:-1","max-image-preview":"max-image-preview:large","max-video-preview":"max-video-preview:-1"},"canonical":"https:\/\/www.radlobby.org\/noe\/3-kidical-mass-pressbaum-samstag-10-mai-2025-abfahrt-1000\/","og_locale":"de_DE","og_type":"article","og_title":"3. Kidical Mass Pressbaum, Samstag 10. Mai 2025, Abfahrt 10:00 - Radlobby Nieder\u00f6sterreich","og_description":"Herzliche Einladung zur 3. Kidical Mass Pressbaum! Pressbaum, Tullnerbach und Wolfsgraben aufgepasst! Wir radeln wieder ganz entspannt die Hauptstra\u00dfe entlang bis zum Wienerwaldsee. Von dort geht es mit einer gesunden Jause gest\u00e4rkt retour zum Hauptplatz! Seid dabei! F\u00fcr lebensfrohe, familienfreundliche Gemeinden im Wienerwald, f\u00fcr mehr Balance und Fitness im Alltag von Kindesbeinen an!","og_url":"https:\/\/www.radlobby.org\/noe\/3-kidical-mass-pressbaum-samstag-10-mai-2025-abfahrt-1000\/","og_site_name":"Radlobby Nieder\u00f6sterreich","article_publisher":"https:\/\/www.facebook.com\/groups\/radfahren.in.noe\/","article_published_time":"2025-04-25T19:43:15+00:00","og_image":[{"width":960,"height":720,"url":"https:\/\/www.radlobby.org\/noe\/wp-content\/uploads\/KM-Pressbaum-finaler-Flyer.png","type":"image\/png"}],"author":"Katja Bohl\u00e4nder","twitter_card":"summary_large_image","twitter_misc":{"Verfasst von":"Katja Bohl\u00e4nder","Gesch\u00e4tzte Lesezeit":"1\u00a0Minute"},"schema":{"@context":"https:\/\/schema.org","@graph":[{"@type":"Article","@id":"https:\/\/www.radlobby.org\/noe\/3-kidical-mass-pressbaum-samstag-10-mai-2025-abfahrt-1000\/#article","isPartOf":{"@id":"https:\/\/www.radlobby.org\/noe\/3-kidical-mass-pressbaum-samstag-10-mai-2025-abfahrt-1000\/"},"author":{"name":"Katja Bohl\u00e4nder","@id":"https:\/\/www.radlobby.org\/noe\/#\/schema\/person\/79b7825e81e90ee0b2beae8813877296"},"headline":"3. Kidical Mass Pressbaum, Samstag 10. Mai 2025, Abfahrt 10:00","datePublished":"2025-04-25T19:43:15+00:00","mainEntityOfPage":{"@id":"https:\/\/www.radlobby.org\/noe\/3-kidical-mass-pressbaum-samstag-10-mai-2025-abfahrt-1000\/"},"wordCount":6,"publisher":{"@id":"https:\/\/www.radlobby.org\/noe\/#organization"},"image":{"@id":"https:\/\/www.radlobby.org\/noe\/3-kidical-mass-pressbaum-samstag-10-mai-2025-abfahrt-1000\/#primaryimage"},"thumbnailUrl":"https:\/\/www.radlobby.org\/noe\/wp-content\/uploads\/KM-Pressbaum-finaler-Flyer.png","keywords":["Kidical Mass","Kinderfahrrad","Kindergarten","Radfahren","Radparade","Verkehrsplanung"],"articleSection":["Aktion","Gemeinden &amp; Betriebe","Presse &amp; Medien","Radlobby Nieder\u00f6sterreich","Radlobby Pressbaum"],"inLanguage":"de"},{"@type":"WebPage","@id":"https:\/\/www.radlobby.org\/noe\/3-kidical-mass-pressbaum-samstag-10-mai-2025-abfahrt-1000\/","url":"https:\/\/www.radlobby.org\/noe\/3-kidical-mass-pressbaum-samstag-10-mai-2025-abfahrt-1000\/","name":"3. Kidical Mass Pressbaum, Samstag 10. Mai 2025, Abfahrt 10:00 - Radlobby Nieder\u00f6sterreich","isPartOf":{"@id":"https:\/\/www.radlobby.org\/noe\/#website"},"primaryImageOfPage":{"@id":"https:\/\/www.radlobby.org\/noe\/3-kidical-mass-pressbaum-samstag-10-mai-2025-abfahrt-1000\/#primaryimage"},"image":{"@id":"https:\/\/www.radlobby.org\/noe\/3-kidical-mass-pressbaum-samstag-10-mai-2025-abfahrt-1000\/#primaryimage"},"thumbnailUrl":"https:\/\/www.radlobby.org\/noe\/wp-content\/uploads\/KM-Pressbaum-finaler-Flyer.png","datePublished":"2025-04-25T19:43:15+00:00","breadcrumb":{"@id":"https:\/\/www.radlobby.org\/noe\/3-kidical-mass-pressbaum-samstag-10-mai-2025-abfahrt-1000\/#breadcrumb"},"inLanguage":"de","potentialAction":[{"@type":"ReadAction","target":["https:\/\/www.radlobby.org\/noe\/3-kidical-mass-pressbaum-samstag-10-mai-2025-abfahrt-1000\/"]}]},{"@type":"ImageObject","inLanguage":"de","@id":"https:\/\/www.radlobby.org\/noe\/3-kidical-mass-pressbaum-samstag-10-mai-2025-abfahrt-1000\/#primaryimage","url":"https:\/\/www.radlobby.org\/noe\/wp-content\/uploads\/KM-Pressbaum-finaler-Flyer.png","contentUrl":"https:\/\/www.radlobby.org\/noe\/wp-content\/uploads\/KM-Pressbaum-finaler-Flyer.png","width":960,"height":720},{"@type":"BreadcrumbList","@id":"https:\/\/www.radlobby.org\/noe\/3-kidical-mass-pressbaum-samstag-10-mai-2025-abfahrt-1000\/#breadcrumb","itemListElement":[{"@type":"ListItem","position":1,"name":"Startseite","item":"https:\/\/www.radlobby.org\/noe\/"},{"@type":"ListItem","position":2,"name":"3. Kidical Mass Pressbaum, Samstag 10. Mai 2025, Abfahrt 10:00"}]},{"@type":"WebSite","@id":"https:\/\/www.radlobby.org\/noe\/#website","url":"https:\/\/www.radlobby.org\/noe\/","name":"Radlobby Nieder\u00f6sterreich","description":"Radverkehr, Fahrrad, Radfahren, Radreisen, Radtouren, Radweg","publisher":{"@id":"https:\/\/www.radlobby.org\/noe\/#organization"},"potentialAction":[{"@type":"SearchAction","target":{"@type":"EntryPoint","urlTemplate":"https:\/\/www.radlobby.org\/noe\/?s={search_term_string}"},"query-input":{"@type":"PropertyValueSpecification","valueRequired":true,"valueName":"search_term_string"}}],"inLanguage":"de"},{"@type":"Organization","@id":"https:\/\/www.radlobby.org\/noe\/#organization","name":"Radlobby Nieder\u00f6sterreich","url":"https:\/\/www.radlobby.org\/noe\/","logo":{"@type":"ImageObject","inLanguage":"de","@id":"https:\/\/www.radlobby.org\/noe\/#\/schema\/logo\/image\/","url":"https:\/\/www.radlobby.org\/noe\/wp-content\/uploads\/2017\/01\/cropped-Logo_Radlobby_Niederoesterreich_50-400px_quer-1.jpg","contentUrl":"https:\/\/www.radlobby.org\/noe\/wp-content\/uploads\/2017\/01\/cropped-Logo_Radlobby_Niederoesterreich_50-400px_quer-1.jpg","width":450,"height":124,"caption":"Radlobby Nieder\u00f6sterreich"},"image":{"@id":"https:\/\/www.radlobby.org\/noe\/#\/schema\/logo\/image\/"},"sameAs":["https:\/\/www.facebook.com\/groups\/radfahren.in.noe\/"]},{"@type":"Person","@id":"https:\/\/www.radlobby.org\/noe\/#\/schema\/person\/79b7825e81e90ee0b2beae8813877296","name":"Katja Bohl\u00e4nder","image":{"@type":"ImageObject","inLanguage":"de","@id":"https:\/\/www.radlobby.org\/noe\/#\/schema\/person\/image\/","url":"https:\/\/secure.gravatar.com\/avatar\/6d55cfa0f372e3c65aaa3380a961aaccc1c6253947e434f43842be12a2e9b6ff?s=96&d=mm&r=g","contentUrl":"https:\/\/secure.gravatar.com\/avatar\/6d55cfa0f372e3c65aaa3380a961aaccc1c6253947e434f43842be12a2e9b6ff?s=96&d=mm&r=g","caption":"Katja Bohl\u00e4nder"},"sameAs":["KarlZaunerADMIN"],"url":"https:\/\/www.radlobby.org\/noe\/author\/katja-bohlaender\/"}]}},"_links":{"self":[{"href":"https:\/\/www.radlobby.org\/noe\/wp-json\/wp\/v2\/posts\/38839","targetHints":{"allow":["GET"]}}],"collection":[{"href":"https:\/\/www.radlobby.org\/noe\/wp-json\/wp\/v2\/posts"}],"about":[{"href":"https:\/\/www.radlobby.org\/noe\/wp-json\/wp\/v2\/types\/post"}],"author":[{"embeddable":true,"href":"https:\/\/www.radlobby.org\/noe\/wp-json\/wp\/v2\/users\/56"}],"replies":[{"embeddable":true,"href":"https:\/\/www.radlobby.org\/noe\/wp-json\/wp\/v2\/comments?post=38839"}],"version-history":[{"count":3,"href":"https:\/\/www.radlobby.org\/noe\/wp-json\/wp\/v2\/posts\/38839\/revisions"}],"predecessor-version":[{"id":38844,"href":"https:\/\/www.radlobby.org\/noe\/wp-json\/wp\/v2\/posts\/38839\/revisions\/38844"}],"wp:featuredmedia":[{"embeddable":true,"href":"https:\/\/www.radlobby.org\/noe\/wp-json\/wp\/v2\/media\/38841"}],"wp:attachment":[{"href":"https:\/\/www.radlobby.org\/noe\/wp-json\/wp\/v2\/media?parent=38839"}],"wp:term":[{"taxonomy":"category","embeddable":true,"href":"https:\/\/www.radlobby.org\/noe\/wp-json\/wp\/v2\/categories?post=38839"},{"taxonomy":"post_tag","embeddable":true,"href":"https:\/\/www.radlobby.org\/noe\/wp-json\/wp\/v2\/tags?post=38839"}],"curies":[{"name":"wp","href":"https:\/\/api.w.org\/{rel}","templated":true}]}}