{"id":38785,"date":"2025-04-28T16:48:17","date_gmt":"2025-04-28T14:48:17","guid":{"rendered":"https:\/\/www.radlobby.org\/noe\/?p=38785"},"modified":"2026-04-01T12:27:06","modified_gmt":"2026-04-01T10:27:06","slug":"radlobby-bad-voeslau-vcoe-problemstellencheck","status":"publish","type":"post","link":"https:\/\/www.radlobby.org\/noe\/radlobby-bad-voeslau-vcoe-problemstellencheck\/","title":{"rendered":"Bad V\u00f6slau | VC\u00d6 Problemstellencheck"},"content":{"rendered":"<figure id=\"attachment_38786\" aria-describedby=\"caption-attachment-38786\" style=\"width: 300px\" class=\"wp-caption alignright\"><a href=\"https:\/\/www.radlobby.org\/noe\/wp-content\/uploads\/Screenshot-2025-04-22-at-15-33-05-CHECK-Problemstellen-beim-Radfahren.png\" data-src=\"https:\/\/www.radlobby.org\/noe\/wp-content\/uploads\/Screenshot-2025-04-22-at-15-33-05-CHECK-Problemstellen-beim-Radfahren.png\" data-thumb=\"https:\/\/www.radlobby.org\/noe\/wp-content\/uploads\/Screenshot-2025-04-22-at-15-33-05-CHECK-Problemstellen-beim-Radfahren-300x138.png\" class=\"ml-lightbox-enabled\"><img loading=\"lazy\" decoding=\"async\" class=\"wp-image-38786 size-medium\" src=\"https:\/\/www.radlobby.org\/noe\/wp-content\/uploads\/Screenshot-2025-04-22-at-15-33-05-CHECK-Problemstellen-beim-Radfahren-300x138.png\" alt=\"\" width=\"300\" height=\"138\" srcset=\"https:\/\/www.radlobby.org\/noe\/wp-content\/uploads\/Screenshot-2025-04-22-at-15-33-05-CHECK-Problemstellen-beim-Radfahren-300x138.png 300w, https:\/\/www.radlobby.org\/noe\/wp-content\/uploads\/Screenshot-2025-04-22-at-15-33-05-CHECK-Problemstellen-beim-Radfahren-768x354.png 768w, https:\/\/www.radlobby.org\/noe\/wp-content\/uploads\/Screenshot-2025-04-22-at-15-33-05-CHECK-Problemstellen-beim-Radfahren-1536x707.png 1536w, https:\/\/www.radlobby.org\/noe\/wp-content\/uploads\/Screenshot-2025-04-22-at-15-33-05-CHECK-Problemstellen-beim-Radfahren.png 1900w\" sizes=\"auto, (max-width: 300px) 100vw, 300px\" \/><\/a><figcaption id=\"caption-attachment-38786\" class=\"wp-caption-text\">Bildrechte: VC\u00d6<\/figcaption><\/figure>\n<p class=\"\" data-start=\"128\" data-end=\"177\"><strong data-start=\"128\" data-end=\"177\">VC\u00d6-Problemstellencheck: Deine Meinung z\u00e4hlt!<\/strong><\/p>\n<p class=\"\" data-start=\"179\" data-end=\"496\">Bis zum <strong data-start=\"187\" data-end=\"205\">30. April 2025<\/strong> hast du noch die M\u00f6glichkeit, ganz einfach Problemstellen beim Radfahren in <strong data-start=\"282\" data-end=\"296\">Bad V\u00f6slau<\/strong> auf der Plattform des VC\u00d6 zu melden. Jede einzelne R\u00fcckmeldung hilft uns dabei, gezielt mit der Gemeinde zu kommunizieren und konkrete Vorschl\u00e4ge zur Verbesserung der Rad-Infrastruktur zu entwickeln.<\/p>\n<p class=\"\" data-start=\"498\" data-end=\"631\">Einige Meldungen sind bereits online \u2013 du kannst diese nicht nur einsehen, sondern auch bewerten. Das ist f\u00fcr uns besonders wertvoll!<\/p>\n<p class=\"\" data-start=\"633\" data-end=\"707\">Und das Beste: Unter allen Teilnehmenden wird ein <strong data-start=\"683\" data-end=\"698\">Klimaticket<\/strong> verlost!<\/p>\n<p class=\"\" data-start=\"709\" data-end=\"826\">Hilf mit, Bad V\u00f6slau radfreundlicher zu machen:<br data-start=\"756\" data-end=\"759\" \/>&#x1f449; <a class=\"\" href=\"https:\/\/map.vcoe.at\/radfahren\/\" target=\"_new\" rel=\"noopener\" data-start=\"762\" data-end=\"826\">https:\/\/map.vcoe.at\/radfahren\/<\/a><\/p>\n<p class=\"\" data-start=\"828\" data-end=\"911\"><strong data-start=\"828\" data-end=\"911\">Danke an alle, die bereits mitgemacht haben \u2013 und an alle, die noch dabei sind!<\/strong><\/p>\n<p data-start=\"828\" data-end=\"911\">[BadV\u00f6slau_Verkehrsanpassungen]<\/p>\n","protected":false},"excerpt":{"rendered":"<p>VC\u00d6-Problemstellencheck: Deine Meinung z\u00e4hlt! Bis zum 30. April 2025 hast du noch die M\u00f6glichkeit, ganz einfach Problemstellen beim Radfahren in Bad V\u00f6slau auf der Plattform des VC\u00d6 zu melden. Jede einzelne R\u00fcckmeldung hilft uns dabei, gezielt mit der Gemeinde zu<\/p>\n","protected":false},"author":65,"featured_media":38786,"comment_status":"closed","ping_status":"closed","sticky":false,"template":"","format":"standard","meta":{"footnotes":""},"categories":[547],"tags":[],"class_list":["post-38785","post","type-post","status-publish","format-standard","has-post-thumbnail","hentry","category-badvoeslau"],"yoast_head":"<!-- This site is optimized with the Yoast SEO plugin v26.9 - https:\/\/yoast.com\/product\/yoast-seo-wordpress\/ -->\n<title>Bad V\u00f6slau | VC\u00d6 Problemstellencheck - Radlobby Nieder\u00f6sterreich<\/title>\n<meta name=\"robots\" content=\"index, follow, max-snippet:-1, max-image-preview:large, max-video-preview:-1\" \/>\n<link rel=\"canonical\" href=\"https:\/\/www.radlobby.org\/noe\/radlobby-bad-voeslau-vcoe-problemstellencheck\/\" \/>\n<meta property=\"og:locale\" content=\"de_DE\" \/>\n<meta property=\"og:type\" content=\"article\" \/>\n<meta property=\"og:title\" content=\"Bad V\u00f6slau | VC\u00d6 Problemstellencheck - Radlobby Nieder\u00f6sterreich\" \/>\n<meta property=\"og:description\" content=\"VC\u00d6-Problemstellencheck: Deine Meinung z\u00e4hlt! Bis zum 30. April 2025 hast du noch die M\u00f6glichkeit, ganz einfach Problemstellen beim Radfahren in Bad V\u00f6slau auf der Plattform des VC\u00d6 zu melden. Jede einzelne R\u00fcckmeldung hilft uns dabei, gezielt mit der Gemeinde zu\" \/>\n<meta property=\"og:url\" content=\"https:\/\/www.radlobby.org\/noe\/radlobby-bad-voeslau-vcoe-problemstellencheck\/\" \/>\n<meta property=\"og:site_name\" content=\"Radlobby Nieder\u00f6sterreich\" \/>\n<meta property=\"article:publisher\" content=\"https:\/\/www.facebook.com\/groups\/radfahren.in.noe\/\" \/>\n<meta property=\"article:published_time\" content=\"2025-04-28T14:48:17+00:00\" \/>\n<meta property=\"article:modified_time\" content=\"2026-04-01T10:27:06+00:00\" \/>\n<meta property=\"og:image\" content=\"https:\/\/www.radlobby.org\/noe\/wp-content\/uploads\/Screenshot-2025-04-22-at-15-33-05-CHECK-Problemstellen-beim-Radfahren.png\" \/>\n\t<meta property=\"og:image:width\" content=\"1900\" \/>\n\t<meta property=\"og:image:height\" content=\"875\" \/>\n\t<meta property=\"og:image:type\" content=\"image\/png\" \/>\n<meta name=\"author\" content=\"Laura Kafka\" \/>\n<meta name=\"twitter:card\" content=\"summary_large_image\" \/>\n<meta name=\"twitter:label1\" content=\"Verfasst von\" \/>\n\t<meta name=\"twitter:data1\" content=\"Laura Kafka\" \/>\n\t<meta name=\"twitter:label2\" content=\"Gesch\u00e4tzte Lesezeit\" \/>\n\t<meta name=\"twitter:data2\" content=\"1\u00a0Minute\" \/>\n<script type=\"application\/ld+json\" class=\"yoast-schema-graph\">{\"@context\":\"https:\/\/schema.org\",\"@graph\":[{\"@type\":\"Article\",\"@id\":\"https:\/\/www.radlobby.org\/noe\/radlobby-bad-voeslau-vcoe-problemstellencheck\/#article\",\"isPartOf\":{\"@id\":\"https:\/\/www.radlobby.org\/noe\/radlobby-bad-voeslau-vcoe-problemstellencheck\/\"},\"author\":{\"name\":\"Laura Kafka\",\"@id\":\"https:\/\/www.radlobby.org\/noe\/#\/schema\/person\/3d46d5baaa32e9fab65201812c570448\"},\"headline\":\"Bad V\u00f6slau | VC\u00d6 Problemstellencheck\",\"datePublished\":\"2025-04-28T14:48:17+00:00\",\"dateModified\":\"2026-04-01T10:27:06+00:00\",\"mainEntityOfPage\":{\"@id\":\"https:\/\/www.radlobby.org\/noe\/radlobby-bad-voeslau-vcoe-problemstellencheck\/\"},\"wordCount\":131,\"publisher\":{\"@id\":\"https:\/\/www.radlobby.org\/noe\/#organization\"},\"image\":{\"@id\":\"https:\/\/www.radlobby.org\/noe\/radlobby-bad-voeslau-vcoe-problemstellencheck\/#primaryimage\"},\"thumbnailUrl\":\"https:\/\/www.radlobby.org\/noe\/wp-content\/uploads\/Screenshot-2025-04-22-at-15-33-05-CHECK-Problemstellen-beim-Radfahren.png\",\"articleSection\":[\"Radlobby Bad V\u00f6slau\"],\"inLanguage\":\"de\"},{\"@type\":\"WebPage\",\"@id\":\"https:\/\/www.radlobby.org\/noe\/radlobby-bad-voeslau-vcoe-problemstellencheck\/\",\"url\":\"https:\/\/www.radlobby.org\/noe\/radlobby-bad-voeslau-vcoe-problemstellencheck\/\",\"name\":\"Bad V\u00f6slau | VC\u00d6 Problemstellencheck - Radlobby Nieder\u00f6sterreich\",\"isPartOf\":{\"@id\":\"https:\/\/www.radlobby.org\/noe\/#website\"},\"primaryImageOfPage\":{\"@id\":\"https:\/\/www.radlobby.org\/noe\/radlobby-bad-voeslau-vcoe-problemstellencheck\/#primaryimage\"},\"image\":{\"@id\":\"https:\/\/www.radlobby.org\/noe\/radlobby-bad-voeslau-vcoe-problemstellencheck\/#primaryimage\"},\"thumbnailUrl\":\"https:\/\/www.radlobby.org\/noe\/wp-content\/uploads\/Screenshot-2025-04-22-at-15-33-05-CHECK-Problemstellen-beim-Radfahren.png\",\"datePublished\":\"2025-04-28T14:48:17+00:00\",\"dateModified\":\"2026-04-01T10:27:06+00:00\",\"breadcrumb\":{\"@id\":\"https:\/\/www.radlobby.org\/noe\/radlobby-bad-voeslau-vcoe-problemstellencheck\/#breadcrumb\"},\"inLanguage\":\"de\",\"potentialAction\":[{\"@type\":\"ReadAction\",\"target\":[\"https:\/\/www.radlobby.org\/noe\/radlobby-bad-voeslau-vcoe-problemstellencheck\/\"]}]},{\"@type\":\"ImageObject\",\"inLanguage\":\"de\",\"@id\":\"https:\/\/www.radlobby.org\/noe\/radlobby-bad-voeslau-vcoe-problemstellencheck\/#primaryimage\",\"url\":\"https:\/\/www.radlobby.org\/noe\/wp-content\/uploads\/Screenshot-2025-04-22-at-15-33-05-CHECK-Problemstellen-beim-Radfahren.png\",\"contentUrl\":\"https:\/\/www.radlobby.org\/noe\/wp-content\/uploads\/Screenshot-2025-04-22-at-15-33-05-CHECK-Problemstellen-beim-Radfahren.png\",\"width\":1900,\"height\":875},{\"@type\":\"BreadcrumbList\",\"@id\":\"https:\/\/www.radlobby.org\/noe\/radlobby-bad-voeslau-vcoe-problemstellencheck\/#breadcrumb\",\"itemListElement\":[{\"@type\":\"ListItem\",\"position\":1,\"name\":\"Startseite\",\"item\":\"https:\/\/www.radlobby.org\/noe\/\"},{\"@type\":\"ListItem\",\"position\":2,\"name\":\"Bad V\u00f6slau | VC\u00d6 Problemstellencheck\"}]},{\"@type\":\"WebSite\",\"@id\":\"https:\/\/www.radlobby.org\/noe\/#website\",\"url\":\"https:\/\/www.radlobby.org\/noe\/\",\"name\":\"Radlobby Nieder\u00f6sterreich\",\"description\":\"Radverkehr, Fahrrad, Radfahren, Radreisen, Radtouren, Radweg\",\"publisher\":{\"@id\":\"https:\/\/www.radlobby.org\/noe\/#organization\"},\"potentialAction\":[{\"@type\":\"SearchAction\",\"target\":{\"@type\":\"EntryPoint\",\"urlTemplate\":\"https:\/\/www.radlobby.org\/noe\/?s={search_term_string}\"},\"query-input\":{\"@type\":\"PropertyValueSpecification\",\"valueRequired\":true,\"valueName\":\"search_term_string\"}}],\"inLanguage\":\"de\"},{\"@type\":\"Organization\",\"@id\":\"https:\/\/www.radlobby.org\/noe\/#organization\",\"name\":\"Radlobby Nieder\u00f6sterreich\",\"url\":\"https:\/\/www.radlobby.org\/noe\/\",\"logo\":{\"@type\":\"ImageObject\",\"inLanguage\":\"de\",\"@id\":\"https:\/\/www.radlobby.org\/noe\/#\/schema\/logo\/image\/\",\"url\":\"https:\/\/www.radlobby.org\/noe\/wp-content\/uploads\/2017\/01\/cropped-Logo_Radlobby_Niederoesterreich_50-400px_quer-1.jpg\",\"contentUrl\":\"https:\/\/www.radlobby.org\/noe\/wp-content\/uploads\/2017\/01\/cropped-Logo_Radlobby_Niederoesterreich_50-400px_quer-1.jpg\",\"width\":450,\"height\":124,\"caption\":\"Radlobby Nieder\u00f6sterreich\"},\"image\":{\"@id\":\"https:\/\/www.radlobby.org\/noe\/#\/schema\/logo\/image\/\"},\"sameAs\":[\"https:\/\/www.facebook.com\/groups\/radfahren.in.noe\/\"]},{\"@type\":\"Person\",\"@id\":\"https:\/\/www.radlobby.org\/noe\/#\/schema\/person\/3d46d5baaa32e9fab65201812c570448\",\"name\":\"Laura Kafka\",\"image\":{\"@type\":\"ImageObject\",\"inLanguage\":\"de\",\"@id\":\"https:\/\/www.radlobby.org\/noe\/#\/schema\/person\/image\/\",\"url\":\"https:\/\/secure.gravatar.com\/avatar\/141ec437f27b3084bc6c91857d881288555812a76d2e9c6af9f4ba5f626465e7?s=96&d=mm&r=g\",\"contentUrl\":\"https:\/\/secure.gravatar.com\/avatar\/141ec437f27b3084bc6c91857d881288555812a76d2e9c6af9f4ba5f626465e7?s=96&d=mm&r=g\",\"caption\":\"Laura Kafka\"},\"url\":\"https:\/\/www.radlobby.org\/noe\/author\/laura-kafka\/\"}]}<\/script>\n<!-- \/ Yoast SEO plugin. -->","yoast_head_json":{"title":"Bad V\u00f6slau | VC\u00d6 Problemstellencheck - Radlobby Nieder\u00f6sterreich","robots":{"index":"index","follow":"follow","max-snippet":"max-snippet:-1","max-image-preview":"max-image-preview:large","max-video-preview":"max-video-preview:-1"},"canonical":"https:\/\/www.radlobby.org\/noe\/radlobby-bad-voeslau-vcoe-problemstellencheck\/","og_locale":"de_DE","og_type":"article","og_title":"Bad V\u00f6slau | VC\u00d6 Problemstellencheck - Radlobby Nieder\u00f6sterreich","og_description":"VC\u00d6-Problemstellencheck: Deine Meinung z\u00e4hlt! Bis zum 30. April 2025 hast du noch die M\u00f6glichkeit, ganz einfach Problemstellen beim Radfahren in Bad V\u00f6slau auf der Plattform des VC\u00d6 zu melden. Jede einzelne R\u00fcckmeldung hilft uns dabei, gezielt mit der Gemeinde zu","og_url":"https:\/\/www.radlobby.org\/noe\/radlobby-bad-voeslau-vcoe-problemstellencheck\/","og_site_name":"Radlobby Nieder\u00f6sterreich","article_publisher":"https:\/\/www.facebook.com\/groups\/radfahren.in.noe\/","article_published_time":"2025-04-28T14:48:17+00:00","article_modified_time":"2026-04-01T10:27:06+00:00","og_image":[{"width":1900,"height":875,"url":"https:\/\/www.radlobby.org\/noe\/wp-content\/uploads\/Screenshot-2025-04-22-at-15-33-05-CHECK-Problemstellen-beim-Radfahren.png","type":"image\/png"}],"author":"Laura Kafka","twitter_card":"summary_large_image","twitter_misc":{"Verfasst von":"Laura Kafka","Gesch\u00e4tzte Lesezeit":"1\u00a0Minute"},"schema":{"@context":"https:\/\/schema.org","@graph":[{"@type":"Article","@id":"https:\/\/www.radlobby.org\/noe\/radlobby-bad-voeslau-vcoe-problemstellencheck\/#article","isPartOf":{"@id":"https:\/\/www.radlobby.org\/noe\/radlobby-bad-voeslau-vcoe-problemstellencheck\/"},"author":{"name":"Laura Kafka","@id":"https:\/\/www.radlobby.org\/noe\/#\/schema\/person\/3d46d5baaa32e9fab65201812c570448"},"headline":"Bad V\u00f6slau | VC\u00d6 Problemstellencheck","datePublished":"2025-04-28T14:48:17+00:00","dateModified":"2026-04-01T10:27:06+00:00","mainEntityOfPage":{"@id":"https:\/\/www.radlobby.org\/noe\/radlobby-bad-voeslau-vcoe-problemstellencheck\/"},"wordCount":131,"publisher":{"@id":"https:\/\/www.radlobby.org\/noe\/#organization"},"image":{"@id":"https:\/\/www.radlobby.org\/noe\/radlobby-bad-voeslau-vcoe-problemstellencheck\/#primaryimage"},"thumbnailUrl":"https:\/\/www.radlobby.org\/noe\/wp-content\/uploads\/Screenshot-2025-04-22-at-15-33-05-CHECK-Problemstellen-beim-Radfahren.png","articleSection":["Radlobby Bad V\u00f6slau"],"inLanguage":"de"},{"@type":"WebPage","@id":"https:\/\/www.radlobby.org\/noe\/radlobby-bad-voeslau-vcoe-problemstellencheck\/","url":"https:\/\/www.radlobby.org\/noe\/radlobby-bad-voeslau-vcoe-problemstellencheck\/","name":"Bad V\u00f6slau | VC\u00d6 Problemstellencheck - Radlobby Nieder\u00f6sterreich","isPartOf":{"@id":"https:\/\/www.radlobby.org\/noe\/#website"},"primaryImageOfPage":{"@id":"https:\/\/www.radlobby.org\/noe\/radlobby-bad-voeslau-vcoe-problemstellencheck\/#primaryimage"},"image":{"@id":"https:\/\/www.radlobby.org\/noe\/radlobby-bad-voeslau-vcoe-problemstellencheck\/#primaryimage"},"thumbnailUrl":"https:\/\/www.radlobby.org\/noe\/wp-content\/uploads\/Screenshot-2025-04-22-at-15-33-05-CHECK-Problemstellen-beim-Radfahren.png","datePublished":"2025-04-28T14:48:17+00:00","dateModified":"2026-04-01T10:27:06+00:00","breadcrumb":{"@id":"https:\/\/www.radlobby.org\/noe\/radlobby-bad-voeslau-vcoe-problemstellencheck\/#breadcrumb"},"inLanguage":"de","potentialAction":[{"@type":"ReadAction","target":["https:\/\/www.radlobby.org\/noe\/radlobby-bad-voeslau-vcoe-problemstellencheck\/"]}]},{"@type":"ImageObject","inLanguage":"de","@id":"https:\/\/www.radlobby.org\/noe\/radlobby-bad-voeslau-vcoe-problemstellencheck\/#primaryimage","url":"https:\/\/www.radlobby.org\/noe\/wp-content\/uploads\/Screenshot-2025-04-22-at-15-33-05-CHECK-Problemstellen-beim-Radfahren.png","contentUrl":"https:\/\/www.radlobby.org\/noe\/wp-content\/uploads\/Screenshot-2025-04-22-at-15-33-05-CHECK-Problemstellen-beim-Radfahren.png","width":1900,"height":875},{"@type":"BreadcrumbList","@id":"https:\/\/www.radlobby.org\/noe\/radlobby-bad-voeslau-vcoe-problemstellencheck\/#breadcrumb","itemListElement":[{"@type":"ListItem","position":1,"name":"Startseite","item":"https:\/\/www.radlobby.org\/noe\/"},{"@type":"ListItem","position":2,"name":"Bad V\u00f6slau | VC\u00d6 Problemstellencheck"}]},{"@type":"WebSite","@id":"https:\/\/www.radlobby.org\/noe\/#website","url":"https:\/\/www.radlobby.org\/noe\/","name":"Radlobby Nieder\u00f6sterreich","description":"Radverkehr, Fahrrad, Radfahren, Radreisen, Radtouren, Radweg","publisher":{"@id":"https:\/\/www.radlobby.org\/noe\/#organization"},"potentialAction":[{"@type":"SearchAction","target":{"@type":"EntryPoint","urlTemplate":"https:\/\/www.radlobby.org\/noe\/?s={search_term_string}"},"query-input":{"@type":"PropertyValueSpecification","valueRequired":true,"valueName":"search_term_string"}}],"inLanguage":"de"},{"@type":"Organization","@id":"https:\/\/www.radlobby.org\/noe\/#organization","name":"Radlobby Nieder\u00f6sterreich","url":"https:\/\/www.radlobby.org\/noe\/","logo":{"@type":"ImageObject","inLanguage":"de","@id":"https:\/\/www.radlobby.org\/noe\/#\/schema\/logo\/image\/","url":"https:\/\/www.radlobby.org\/noe\/wp-content\/uploads\/2017\/01\/cropped-Logo_Radlobby_Niederoesterreich_50-400px_quer-1.jpg","contentUrl":"https:\/\/www.radlobby.org\/noe\/wp-content\/uploads\/2017\/01\/cropped-Logo_Radlobby_Niederoesterreich_50-400px_quer-1.jpg","width":450,"height":124,"caption":"Radlobby Nieder\u00f6sterreich"},"image":{"@id":"https:\/\/www.radlobby.org\/noe\/#\/schema\/logo\/image\/"},"sameAs":["https:\/\/www.facebook.com\/groups\/radfahren.in.noe\/"]},{"@type":"Person","@id":"https:\/\/www.radlobby.org\/noe\/#\/schema\/person\/3d46d5baaa32e9fab65201812c570448","name":"Laura Kafka","image":{"@type":"ImageObject","inLanguage":"de","@id":"https:\/\/www.radlobby.org\/noe\/#\/schema\/person\/image\/","url":"https:\/\/secure.gravatar.com\/avatar\/141ec437f27b3084bc6c91857d881288555812a76d2e9c6af9f4ba5f626465e7?s=96&d=mm&r=g","contentUrl":"https:\/\/secure.gravatar.com\/avatar\/141ec437f27b3084bc6c91857d881288555812a76d2e9c6af9f4ba5f626465e7?s=96&d=mm&r=g","caption":"Laura Kafka"},"url":"https:\/\/www.radlobby.org\/noe\/author\/laura-kafka\/"}]}},"_links":{"self":[{"href":"https:\/\/www.radlobby.org\/noe\/wp-json\/wp\/v2\/posts\/38785","targetHints":{"allow":["GET"]}}],"collection":[{"href":"https:\/\/www.radlobby.org\/noe\/wp-json\/wp\/v2\/posts"}],"about":[{"href":"https:\/\/www.radlobby.org\/noe\/wp-json\/wp\/v2\/types\/post"}],"author":[{"embeddable":true,"href":"https:\/\/www.radlobby.org\/noe\/wp-json\/wp\/v2\/users\/65"}],"replies":[{"embeddable":true,"href":"https:\/\/www.radlobby.org\/noe\/wp-json\/wp\/v2\/comments?post=38785"}],"version-history":[{"count":4,"href":"https:\/\/www.radlobby.org\/noe\/wp-json\/wp\/v2\/posts\/38785\/revisions"}],"predecessor-version":[{"id":41585,"href":"https:\/\/www.radlobby.org\/noe\/wp-json\/wp\/v2\/posts\/38785\/revisions\/41585"}],"wp:featuredmedia":[{"embeddable":true,"href":"https:\/\/www.radlobby.org\/noe\/wp-json\/wp\/v2\/media\/38786"}],"wp:attachment":[{"href":"https:\/\/www.radlobby.org\/noe\/wp-json\/wp\/v2\/media?parent=38785"}],"wp:term":[{"taxonomy":"category","embeddable":true,"href":"https:\/\/www.radlobby.org\/noe\/wp-json\/wp\/v2\/categories?post=38785"},{"taxonomy":"post_tag","embeddable":true,"href":"https:\/\/www.radlobby.org\/noe\/wp-json\/wp\/v2\/tags?post=38785"}],"curies":[{"name":"wp","href":"https:\/\/api.w.org\/{rel}","templated":true}]}}