{"id":38738,"date":"2025-04-19T15:09:02","date_gmt":"2025-04-19T13:09:02","guid":{"rendered":"https:\/\/www.radlobby.org\/noe\/?p=38738"},"modified":"2026-04-01T12:30:39","modified_gmt":"2026-04-01T10:30:39","slug":"radobby-bad-voeslau-rad-kummer-nummer","status":"publish","type":"post","link":"https:\/\/www.radlobby.org\/noe\/radobby-bad-voeslau-rad-kummer-nummer\/","title":{"rendered":"Bad V\u00f6slau | Rad-Kummer-Nummer"},"content":{"rendered":"<figure id=\"attachment_38831\" aria-describedby=\"caption-attachment-38831\" style=\"width: 216px\" class=\"wp-caption alignright\"><a href=\"https:\/\/www.radlobby.org\/noe\/wp-content\/uploads\/RadKummerNummer.jpeg\" data-src=\"https:\/\/www.radlobby.org\/noe\/wp-content\/uploads\/RadKummerNummer.jpeg\" data-thumb=\"https:\/\/www.radlobby.org\/noe\/wp-content\/uploads\/RadKummerNummer-216x300.jpeg\" class=\"ml-lightbox-enabled\"><img loading=\"lazy\" decoding=\"async\" class=\"wp-image-38831 size-medium\" src=\"https:\/\/www.radlobby.org\/noe\/wp-content\/uploads\/RadKummerNummer-216x300.jpeg\" alt=\"\" width=\"216\" height=\"300\" srcset=\"https:\/\/www.radlobby.org\/noe\/wp-content\/uploads\/RadKummerNummer-216x300.jpeg 216w, https:\/\/www.radlobby.org\/noe\/wp-content\/uploads\/RadKummerNummer-768x1067.jpeg 768w, https:\/\/www.radlobby.org\/noe\/wp-content\/uploads\/RadKummerNummer.jpeg 957w\" sizes=\"auto, (max-width: 216px) 100vw, 216px\" \/><\/a><figcaption id=\"caption-attachment-38831\" class=\"wp-caption-text\">Bildrechte: Radlobby<\/figcaption><\/figure>\n<h3 class=\"\" data-start=\"167\" data-end=\"232\"><strong data-start=\"171\" data-end=\"232\">Melde dich bei uns \u2013 f\u00fcr mehr Sicherheit im Radverkehr<\/strong><\/h3>\n<ul>\n<li data-start=\"234\" data-end=\"446\">Hast du Ideen und konkrete Vorschl\u00e4ge, wie und wo man die Radinfrastruktur in Bad V\u00f6slau verbessern kann?<\/li>\n<li data-start=\"234\" data-end=\"446\">Du hattest beinahe oder tats\u00e4chlich einen Unfall und m\u00f6chtest uns den Hergang schildern, damit wir Gefahrenstellen identifizieren k\u00f6nnen?<\/li>\n<li data-start=\"234\" data-end=\"446\">Du m\u00f6chstest zu einem anderen Thema mit der Radlobby Bad V\u00f6slau in Kontakt treten?<\/li>\n<\/ul>\n<p class=\"\" data-start=\"448\" data-end=\"507\">Damit sich wirklich etwas \u00e4ndert, brauchen wir deine Hilfe!<\/p>\n<p class=\"\" data-start=\"509\" data-end=\"584\">&#x1f4de; <strong data-start=\"512\" data-end=\"584\">Sprich uns auf die Mailbox<\/strong><\/p>\n<p data-start=\"509\" data-end=\"584\"><strong data-wp-editing=\"1\">Schreib uns per <a href=\"https:\/\/signal.me\/#p\/%2B436645334320\"><img loading=\"lazy\" decoding=\"async\" class=\"alignnone wp-image-40358\" src=\"https:\/\/www.radlobby.org\/noe\/wp-content\/uploads\/Signal-logo.png\" alt=\"\" width=\"25\" height=\"24\" \/><\/a> Signal, <a href=\"sms:+436645334320\"><img loading=\"lazy\" decoding=\"async\" class=\"alignnone wp-image-40356\" src=\"https:\/\/www.radlobby.org\/noe\/wp-content\/uploads\/sms-logo.jpeg\" alt=\"\" width=\"26\" height=\"24\" \/><\/a> SMS oder <a href=\"https:\/\/wa.me\/436645334320\"><img loading=\"lazy\" decoding=\"async\" class=\"alignnone wp-image-40357 size-full\" src=\"https:\/\/www.radlobby.org\/noe\/wp-content\/uploads\/WhatsApp-logo.png\" alt=\"\" width=\"24\" height=\"24\" \/><\/a> Whatsapp<\/strong><\/p>\n<p data-start=\"509\" data-end=\"584\"><a href=\"tel:+436645334320\"><span style=\"font-size: 18pt;\"><strong data-start=\"512\" data-end=\"584\">+436645334320<\/strong><\/span><\/a><\/p>\n<p class=\"\" data-start=\"730\" data-end=\"963\">Optional kannst du auch eine Telefonnummer f\u00fcr R\u00fcckfragen hinterlassen.<br data-start=\"801\" data-end=\"804\" \/>Danke, dass du mithilfst, den Radverkehr sicherer zu machen!<\/p>\n<p data-start=\"965\" data-end=\"1025\">Sticker f\u00fcr dein Fahrrad mit einem QR-Code und der Telefonnummer geben wir bei all unseren Veranstaltungen und <a href=\"https:\/\/www.radlobby.org\/noe\/stammtischbadenbadvoeslau\/\">Stammtischen<\/a> aus. Komm vorbei und hol dir die schnelle und bequeme M\u00f6glichkeit m\u00f6gliche Verbesserungen in Bad V\u00f6slau zu melden.<\/p>\n","protected":false},"excerpt":{"rendered":"<p>Melde dich bei uns \u2013 f\u00fcr mehr Sicherheit im Radverkehr Hast du Ideen und konkrete Vorschl\u00e4ge, wie und wo man die Radinfrastruktur in Bad V\u00f6slau verbessern kann? Du hattest beinahe oder tats\u00e4chlich einen Unfall und m\u00f6chtest uns den Hergang schildern,<\/p>\n","protected":false},"author":65,"featured_media":38831,"comment_status":"closed","ping_status":"closed","sticky":false,"template":"","format":"standard","meta":{"footnotes":""},"categories":[547,195],"tags":[],"class_list":["post-38738","post","type-post","status-publish","format-standard","has-post-thumbnail","hentry","category-badvoeslau","category-baden"],"yoast_head":"<!-- This site is optimized with the Yoast SEO plugin v26.9 - https:\/\/yoast.com\/product\/yoast-seo-wordpress\/ -->\n<title>Bad V\u00f6slau | Rad-Kummer-Nummer - Radlobby Nieder\u00f6sterreich<\/title>\n<meta name=\"robots\" content=\"index, follow, max-snippet:-1, max-image-preview:large, max-video-preview:-1\" \/>\n<link rel=\"canonical\" href=\"https:\/\/www.radlobby.org\/noe\/radobby-bad-voeslau-rad-kummer-nummer\/\" \/>\n<meta property=\"og:locale\" content=\"de_DE\" \/>\n<meta property=\"og:type\" content=\"article\" \/>\n<meta property=\"og:title\" content=\"Bad V\u00f6slau | Rad-Kummer-Nummer - Radlobby Nieder\u00f6sterreich\" \/>\n<meta property=\"og:description\" content=\"Melde dich bei uns \u2013 f\u00fcr mehr Sicherheit im Radverkehr Hast du Ideen und konkrete Vorschl\u00e4ge, wie und wo man die Radinfrastruktur in Bad V\u00f6slau verbessern kann? Du hattest beinahe oder tats\u00e4chlich einen Unfall und m\u00f6chtest uns den Hergang schildern,\" \/>\n<meta property=\"og:url\" content=\"https:\/\/www.radlobby.org\/noe\/radobby-bad-voeslau-rad-kummer-nummer\/\" \/>\n<meta property=\"og:site_name\" content=\"Radlobby Nieder\u00f6sterreich\" \/>\n<meta property=\"article:publisher\" content=\"https:\/\/www.facebook.com\/groups\/radfahren.in.noe\/\" \/>\n<meta property=\"article:published_time\" content=\"2025-04-19T13:09:02+00:00\" \/>\n<meta property=\"article:modified_time\" content=\"2026-04-01T10:30:39+00:00\" \/>\n<meta property=\"og:image\" content=\"https:\/\/www.radlobby.org\/noe\/wp-content\/uploads\/RadKummerNummer.jpeg\" \/>\n\t<meta property=\"og:image:width\" content=\"957\" \/>\n\t<meta property=\"og:image:height\" content=\"1329\" \/>\n\t<meta property=\"og:image:type\" content=\"image\/jpeg\" \/>\n<meta name=\"author\" content=\"Laura Kafka\" \/>\n<meta name=\"twitter:card\" content=\"summary_large_image\" \/>\n<meta name=\"twitter:label1\" content=\"Verfasst von\" \/>\n\t<meta name=\"twitter:data1\" content=\"Laura Kafka\" \/>\n\t<meta name=\"twitter:label2\" content=\"Gesch\u00e4tzte Lesezeit\" \/>\n\t<meta name=\"twitter:data2\" content=\"2\u00a0Minuten\" \/>\n<script type=\"application\/ld+json\" class=\"yoast-schema-graph\">{\"@context\":\"https:\/\/schema.org\",\"@graph\":[{\"@type\":\"Article\",\"@id\":\"https:\/\/www.radlobby.org\/noe\/radobby-bad-voeslau-rad-kummer-nummer\/#article\",\"isPartOf\":{\"@id\":\"https:\/\/www.radlobby.org\/noe\/radobby-bad-voeslau-rad-kummer-nummer\/\"},\"author\":{\"name\":\"Laura Kafka\",\"@id\":\"https:\/\/www.radlobby.org\/noe\/#\/schema\/person\/3d46d5baaa32e9fab65201812c570448\"},\"headline\":\"Bad V\u00f6slau | Rad-Kummer-Nummer\",\"datePublished\":\"2025-04-19T13:09:02+00:00\",\"dateModified\":\"2026-04-01T10:30:39+00:00\",\"mainEntityOfPage\":{\"@id\":\"https:\/\/www.radlobby.org\/noe\/radobby-bad-voeslau-rad-kummer-nummer\/\"},\"wordCount\":163,\"publisher\":{\"@id\":\"https:\/\/www.radlobby.org\/noe\/#organization\"},\"image\":{\"@id\":\"https:\/\/www.radlobby.org\/noe\/radobby-bad-voeslau-rad-kummer-nummer\/#primaryimage\"},\"thumbnailUrl\":\"https:\/\/www.radlobby.org\/noe\/wp-content\/uploads\/RadKummerNummer.jpeg\",\"articleSection\":[\"Radlobby Bad V\u00f6slau\",\"Radlobby Baden\"],\"inLanguage\":\"de\"},{\"@type\":\"WebPage\",\"@id\":\"https:\/\/www.radlobby.org\/noe\/radobby-bad-voeslau-rad-kummer-nummer\/\",\"url\":\"https:\/\/www.radlobby.org\/noe\/radobby-bad-voeslau-rad-kummer-nummer\/\",\"name\":\"Bad V\u00f6slau | Rad-Kummer-Nummer - Radlobby Nieder\u00f6sterreich\",\"isPartOf\":{\"@id\":\"https:\/\/www.radlobby.org\/noe\/#website\"},\"primaryImageOfPage\":{\"@id\":\"https:\/\/www.radlobby.org\/noe\/radobby-bad-voeslau-rad-kummer-nummer\/#primaryimage\"},\"image\":{\"@id\":\"https:\/\/www.radlobby.org\/noe\/radobby-bad-voeslau-rad-kummer-nummer\/#primaryimage\"},\"thumbnailUrl\":\"https:\/\/www.radlobby.org\/noe\/wp-content\/uploads\/RadKummerNummer.jpeg\",\"datePublished\":\"2025-04-19T13:09:02+00:00\",\"dateModified\":\"2026-04-01T10:30:39+00:00\",\"breadcrumb\":{\"@id\":\"https:\/\/www.radlobby.org\/noe\/radobby-bad-voeslau-rad-kummer-nummer\/#breadcrumb\"},\"inLanguage\":\"de\",\"potentialAction\":[{\"@type\":\"ReadAction\",\"target\":[\"https:\/\/www.radlobby.org\/noe\/radobby-bad-voeslau-rad-kummer-nummer\/\"]}]},{\"@type\":\"ImageObject\",\"inLanguage\":\"de\",\"@id\":\"https:\/\/www.radlobby.org\/noe\/radobby-bad-voeslau-rad-kummer-nummer\/#primaryimage\",\"url\":\"https:\/\/www.radlobby.org\/noe\/wp-content\/uploads\/RadKummerNummer.jpeg\",\"contentUrl\":\"https:\/\/www.radlobby.org\/noe\/wp-content\/uploads\/RadKummerNummer.jpeg\",\"width\":957,\"height\":1329},{\"@type\":\"BreadcrumbList\",\"@id\":\"https:\/\/www.radlobby.org\/noe\/radobby-bad-voeslau-rad-kummer-nummer\/#breadcrumb\",\"itemListElement\":[{\"@type\":\"ListItem\",\"position\":1,\"name\":\"Startseite\",\"item\":\"https:\/\/www.radlobby.org\/noe\/\"},{\"@type\":\"ListItem\",\"position\":2,\"name\":\"Bad V\u00f6slau | Rad-Kummer-Nummer\"}]},{\"@type\":\"WebSite\",\"@id\":\"https:\/\/www.radlobby.org\/noe\/#website\",\"url\":\"https:\/\/www.radlobby.org\/noe\/\",\"name\":\"Radlobby Nieder\u00f6sterreich\",\"description\":\"Radverkehr, Fahrrad, Radfahren, Radreisen, Radtouren, Radweg\",\"publisher\":{\"@id\":\"https:\/\/www.radlobby.org\/noe\/#organization\"},\"potentialAction\":[{\"@type\":\"SearchAction\",\"target\":{\"@type\":\"EntryPoint\",\"urlTemplate\":\"https:\/\/www.radlobby.org\/noe\/?s={search_term_string}\"},\"query-input\":{\"@type\":\"PropertyValueSpecification\",\"valueRequired\":true,\"valueName\":\"search_term_string\"}}],\"inLanguage\":\"de\"},{\"@type\":\"Organization\",\"@id\":\"https:\/\/www.radlobby.org\/noe\/#organization\",\"name\":\"Radlobby Nieder\u00f6sterreich\",\"url\":\"https:\/\/www.radlobby.org\/noe\/\",\"logo\":{\"@type\":\"ImageObject\",\"inLanguage\":\"de\",\"@id\":\"https:\/\/www.radlobby.org\/noe\/#\/schema\/logo\/image\/\",\"url\":\"https:\/\/www.radlobby.org\/noe\/wp-content\/uploads\/2017\/01\/cropped-Logo_Radlobby_Niederoesterreich_50-400px_quer-1.jpg\",\"contentUrl\":\"https:\/\/www.radlobby.org\/noe\/wp-content\/uploads\/2017\/01\/cropped-Logo_Radlobby_Niederoesterreich_50-400px_quer-1.jpg\",\"width\":450,\"height\":124,\"caption\":\"Radlobby Nieder\u00f6sterreich\"},\"image\":{\"@id\":\"https:\/\/www.radlobby.org\/noe\/#\/schema\/logo\/image\/\"},\"sameAs\":[\"https:\/\/www.facebook.com\/groups\/radfahren.in.noe\/\"]},{\"@type\":\"Person\",\"@id\":\"https:\/\/www.radlobby.org\/noe\/#\/schema\/person\/3d46d5baaa32e9fab65201812c570448\",\"name\":\"Laura Kafka\",\"image\":{\"@type\":\"ImageObject\",\"inLanguage\":\"de\",\"@id\":\"https:\/\/www.radlobby.org\/noe\/#\/schema\/person\/image\/\",\"url\":\"https:\/\/secure.gravatar.com\/avatar\/141ec437f27b3084bc6c91857d881288555812a76d2e9c6af9f4ba5f626465e7?s=96&d=mm&r=g\",\"contentUrl\":\"https:\/\/secure.gravatar.com\/avatar\/141ec437f27b3084bc6c91857d881288555812a76d2e9c6af9f4ba5f626465e7?s=96&d=mm&r=g\",\"caption\":\"Laura Kafka\"},\"url\":\"https:\/\/www.radlobby.org\/noe\/author\/laura-kafka\/\"}]}<\/script>\n<!-- \/ Yoast SEO plugin. -->","yoast_head_json":{"title":"Bad V\u00f6slau | Rad-Kummer-Nummer - Radlobby Nieder\u00f6sterreich","robots":{"index":"index","follow":"follow","max-snippet":"max-snippet:-1","max-image-preview":"max-image-preview:large","max-video-preview":"max-video-preview:-1"},"canonical":"https:\/\/www.radlobby.org\/noe\/radobby-bad-voeslau-rad-kummer-nummer\/","og_locale":"de_DE","og_type":"article","og_title":"Bad V\u00f6slau | Rad-Kummer-Nummer - Radlobby Nieder\u00f6sterreich","og_description":"Melde dich bei uns \u2013 f\u00fcr mehr Sicherheit im Radverkehr Hast du Ideen und konkrete Vorschl\u00e4ge, wie und wo man die Radinfrastruktur in Bad V\u00f6slau verbessern kann? Du hattest beinahe oder tats\u00e4chlich einen Unfall und m\u00f6chtest uns den Hergang schildern,","og_url":"https:\/\/www.radlobby.org\/noe\/radobby-bad-voeslau-rad-kummer-nummer\/","og_site_name":"Radlobby Nieder\u00f6sterreich","article_publisher":"https:\/\/www.facebook.com\/groups\/radfahren.in.noe\/","article_published_time":"2025-04-19T13:09:02+00:00","article_modified_time":"2026-04-01T10:30:39+00:00","og_image":[{"width":957,"height":1329,"url":"https:\/\/www.radlobby.org\/noe\/wp-content\/uploads\/RadKummerNummer.jpeg","type":"image\/jpeg"}],"author":"Laura Kafka","twitter_card":"summary_large_image","twitter_misc":{"Verfasst von":"Laura Kafka","Gesch\u00e4tzte Lesezeit":"2\u00a0Minuten"},"schema":{"@context":"https:\/\/schema.org","@graph":[{"@type":"Article","@id":"https:\/\/www.radlobby.org\/noe\/radobby-bad-voeslau-rad-kummer-nummer\/#article","isPartOf":{"@id":"https:\/\/www.radlobby.org\/noe\/radobby-bad-voeslau-rad-kummer-nummer\/"},"author":{"name":"Laura Kafka","@id":"https:\/\/www.radlobby.org\/noe\/#\/schema\/person\/3d46d5baaa32e9fab65201812c570448"},"headline":"Bad V\u00f6slau | Rad-Kummer-Nummer","datePublished":"2025-04-19T13:09:02+00:00","dateModified":"2026-04-01T10:30:39+00:00","mainEntityOfPage":{"@id":"https:\/\/www.radlobby.org\/noe\/radobby-bad-voeslau-rad-kummer-nummer\/"},"wordCount":163,"publisher":{"@id":"https:\/\/www.radlobby.org\/noe\/#organization"},"image":{"@id":"https:\/\/www.radlobby.org\/noe\/radobby-bad-voeslau-rad-kummer-nummer\/#primaryimage"},"thumbnailUrl":"https:\/\/www.radlobby.org\/noe\/wp-content\/uploads\/RadKummerNummer.jpeg","articleSection":["Radlobby Bad V\u00f6slau","Radlobby Baden"],"inLanguage":"de"},{"@type":"WebPage","@id":"https:\/\/www.radlobby.org\/noe\/radobby-bad-voeslau-rad-kummer-nummer\/","url":"https:\/\/www.radlobby.org\/noe\/radobby-bad-voeslau-rad-kummer-nummer\/","name":"Bad V\u00f6slau | Rad-Kummer-Nummer - Radlobby Nieder\u00f6sterreich","isPartOf":{"@id":"https:\/\/www.radlobby.org\/noe\/#website"},"primaryImageOfPage":{"@id":"https:\/\/www.radlobby.org\/noe\/radobby-bad-voeslau-rad-kummer-nummer\/#primaryimage"},"image":{"@id":"https:\/\/www.radlobby.org\/noe\/radobby-bad-voeslau-rad-kummer-nummer\/#primaryimage"},"thumbnailUrl":"https:\/\/www.radlobby.org\/noe\/wp-content\/uploads\/RadKummerNummer.jpeg","datePublished":"2025-04-19T13:09:02+00:00","dateModified":"2026-04-01T10:30:39+00:00","breadcrumb":{"@id":"https:\/\/www.radlobby.org\/noe\/radobby-bad-voeslau-rad-kummer-nummer\/#breadcrumb"},"inLanguage":"de","potentialAction":[{"@type":"ReadAction","target":["https:\/\/www.radlobby.org\/noe\/radobby-bad-voeslau-rad-kummer-nummer\/"]}]},{"@type":"ImageObject","inLanguage":"de","@id":"https:\/\/www.radlobby.org\/noe\/radobby-bad-voeslau-rad-kummer-nummer\/#primaryimage","url":"https:\/\/www.radlobby.org\/noe\/wp-content\/uploads\/RadKummerNummer.jpeg","contentUrl":"https:\/\/www.radlobby.org\/noe\/wp-content\/uploads\/RadKummerNummer.jpeg","width":957,"height":1329},{"@type":"BreadcrumbList","@id":"https:\/\/www.radlobby.org\/noe\/radobby-bad-voeslau-rad-kummer-nummer\/#breadcrumb","itemListElement":[{"@type":"ListItem","position":1,"name":"Startseite","item":"https:\/\/www.radlobby.org\/noe\/"},{"@type":"ListItem","position":2,"name":"Bad V\u00f6slau | Rad-Kummer-Nummer"}]},{"@type":"WebSite","@id":"https:\/\/www.radlobby.org\/noe\/#website","url":"https:\/\/www.radlobby.org\/noe\/","name":"Radlobby Nieder\u00f6sterreich","description":"Radverkehr, Fahrrad, Radfahren, Radreisen, Radtouren, Radweg","publisher":{"@id":"https:\/\/www.radlobby.org\/noe\/#organization"},"potentialAction":[{"@type":"SearchAction","target":{"@type":"EntryPoint","urlTemplate":"https:\/\/www.radlobby.org\/noe\/?s={search_term_string}"},"query-input":{"@type":"PropertyValueSpecification","valueRequired":true,"valueName":"search_term_string"}}],"inLanguage":"de"},{"@type":"Organization","@id":"https:\/\/www.radlobby.org\/noe\/#organization","name":"Radlobby Nieder\u00f6sterreich","url":"https:\/\/www.radlobby.org\/noe\/","logo":{"@type":"ImageObject","inLanguage":"de","@id":"https:\/\/www.radlobby.org\/noe\/#\/schema\/logo\/image\/","url":"https:\/\/www.radlobby.org\/noe\/wp-content\/uploads\/2017\/01\/cropped-Logo_Radlobby_Niederoesterreich_50-400px_quer-1.jpg","contentUrl":"https:\/\/www.radlobby.org\/noe\/wp-content\/uploads\/2017\/01\/cropped-Logo_Radlobby_Niederoesterreich_50-400px_quer-1.jpg","width":450,"height":124,"caption":"Radlobby Nieder\u00f6sterreich"},"image":{"@id":"https:\/\/www.radlobby.org\/noe\/#\/schema\/logo\/image\/"},"sameAs":["https:\/\/www.facebook.com\/groups\/radfahren.in.noe\/"]},{"@type":"Person","@id":"https:\/\/www.radlobby.org\/noe\/#\/schema\/person\/3d46d5baaa32e9fab65201812c570448","name":"Laura Kafka","image":{"@type":"ImageObject","inLanguage":"de","@id":"https:\/\/www.radlobby.org\/noe\/#\/schema\/person\/image\/","url":"https:\/\/secure.gravatar.com\/avatar\/141ec437f27b3084bc6c91857d881288555812a76d2e9c6af9f4ba5f626465e7?s=96&d=mm&r=g","contentUrl":"https:\/\/secure.gravatar.com\/avatar\/141ec437f27b3084bc6c91857d881288555812a76d2e9c6af9f4ba5f626465e7?s=96&d=mm&r=g","caption":"Laura Kafka"},"url":"https:\/\/www.radlobby.org\/noe\/author\/laura-kafka\/"}]}},"_links":{"self":[{"href":"https:\/\/www.radlobby.org\/noe\/wp-json\/wp\/v2\/posts\/38738","targetHints":{"allow":["GET"]}}],"collection":[{"href":"https:\/\/www.radlobby.org\/noe\/wp-json\/wp\/v2\/posts"}],"about":[{"href":"https:\/\/www.radlobby.org\/noe\/wp-json\/wp\/v2\/types\/post"}],"author":[{"embeddable":true,"href":"https:\/\/www.radlobby.org\/noe\/wp-json\/wp\/v2\/users\/65"}],"replies":[{"embeddable":true,"href":"https:\/\/www.radlobby.org\/noe\/wp-json\/wp\/v2\/comments?post=38738"}],"version-history":[{"count":12,"href":"https:\/\/www.radlobby.org\/noe\/wp-json\/wp\/v2\/posts\/38738\/revisions"}],"predecessor-version":[{"id":41588,"href":"https:\/\/www.radlobby.org\/noe\/wp-json\/wp\/v2\/posts\/38738\/revisions\/41588"}],"wp:featuredmedia":[{"embeddable":true,"href":"https:\/\/www.radlobby.org\/noe\/wp-json\/wp\/v2\/media\/38831"}],"wp:attachment":[{"href":"https:\/\/www.radlobby.org\/noe\/wp-json\/wp\/v2\/media?parent=38738"}],"wp:term":[{"taxonomy":"category","embeddable":true,"href":"https:\/\/www.radlobby.org\/noe\/wp-json\/wp\/v2\/categories?post=38738"},{"taxonomy":"post_tag","embeddable":true,"href":"https:\/\/www.radlobby.org\/noe\/wp-json\/wp\/v2\/tags?post=38738"}],"curies":[{"name":"wp","href":"https:\/\/api.w.org\/{rel}","templated":true}]}}