{"id":38621,"date":"2025-04-12T17:19:44","date_gmt":"2025-04-12T15:19:44","guid":{"rendered":"https:\/\/www.radlobby.org\/noe\/?p=38621"},"modified":"2026-04-01T12:32:22","modified_gmt":"2026-04-01T10:32:22","slug":"radlobby-bad-voeslau-radlkarte-fuer-bad-voeslau","status":"publish","type":"post","link":"https:\/\/www.radlobby.org\/noe\/radlobby-bad-voeslau-radlkarte-fuer-bad-voeslau\/","title":{"rendered":"Bad V\u00f6slau | Radlkarte f\u00fcr Bad V\u00f6slau &#8211; Achtung: Nun auch in Druckversion!"},"content":{"rendered":"<figure id=\"attachment_38829\" aria-describedby=\"caption-attachment-38829\" style=\"width: 300px\" class=\"wp-caption alignright\"><a href=\"https:\/\/www.radlobby.org\/noe\/wp-content\/uploads\/IMG_20250421_170858-1.jpg\" data-src=\"https:\/\/www.radlobby.org\/noe\/wp-content\/uploads\/IMG_20250421_170858-1.jpg\" data-thumb=\"https:\/\/www.radlobby.org\/noe\/wp-content\/uploads\/IMG_20250421_170858-1-300x225.jpg\" class=\"ml-lightbox-enabled\"><img loading=\"lazy\" decoding=\"async\" class=\"wp-image-38829 size-medium\" src=\"https:\/\/www.radlobby.org\/noe\/wp-content\/uploads\/IMG_20250421_170858-1-300x225.jpg\" alt=\"\" width=\"300\" height=\"225\" srcset=\"https:\/\/www.radlobby.org\/noe\/wp-content\/uploads\/IMG_20250421_170858-1-300x225.jpg 300w, https:\/\/www.radlobby.org\/noe\/wp-content\/uploads\/IMG_20250421_170858-1-768x576.jpg 768w, https:\/\/www.radlobby.org\/noe\/wp-content\/uploads\/IMG_20250421_170858-1.jpg 1000w\" sizes=\"auto, (max-width: 300px) 100vw, 300px\" \/><\/a><figcaption id=\"caption-attachment-38829\" class=\"wp-caption-text\">Bildrechte: Radlobby<\/figcaption><\/figure>\n<h3 class=\"\" data-start=\"131\" data-end=\"173\">&#x1f5fa;&#xfe0f; <strong data-start=\"139\" data-end=\"171\">Die <a href=\"https:\/\/www.radlkarte.at\/#wien\/p\/14\/47.9655\/16.1981\">Radlkarte<\/a> f\u00fcr Bad V\u00f6slau<\/strong><\/h3>\n<p class=\"\" data-start=\"174\" data-end=\"240\"><strong data-start=\"174\" data-end=\"240\">Finde deinen besten Weg \u2013 entspannt, schnell oder einfach neu.<\/strong><\/p>\n<p class=\"\" data-start=\"242\" data-end=\"552\">Viele Wege f\u00fchren ans Ziel \u2013 aber nicht alle sind gleich angenehm. Unsere interaktive <strong data-start=\"328\" data-end=\"341\">Radlkarte<\/strong> zeigt dir auf einen Blick, wie gem\u00fctlich, stressig oder z\u00fcgig du durch Bad V\u00f6slau radeln kannst. Egal ob Alltagsstrecke oder neue Entdeckung \u2013 mit der Radlkarte findest du die Route, die am besten zu dir passt.<\/p>\n<p data-start=\"242\" data-end=\"552\">Wir haben die Radlkarte f\u00fcr Bad V\u00f6slau nun auch als <strong>Druckversion und verteilen sie bei all unseren Veranstaltungen &#8211; also komm vorbei und hol dir deine Karte!<\/strong><\/p>\n<h4 class=\"\" data-start=\"554\" data-end=\"595\">&#x1f535; <strong data-start=\"562\" data-end=\"595\">Was du auf der Karte findest:<\/strong><\/h4>\n<p><a href=\"https:\/\/www.radlobby.org\/noe\/wp-content\/uploads\/Screenshot-2025-04-14-at-17-23-57-Radlkarte-Entspannt-durch-Klagenfurt-Linz-Rheintal-Schwarzatal-Steyr-und-Wien.png\" data-src=\"https:\/\/www.radlobby.org\/noe\/wp-content\/uploads\/Screenshot-2025-04-14-at-17-23-57-Radlkarte-Entspannt-durch-Klagenfurt-Linz-Rheintal-Schwarzatal-Steyr-und-Wien.png\" data-thumb=\"https:\/\/www.radlobby.org\/noe\/wp-content\/uploads\/Screenshot-2025-04-14-at-17-23-57-Radlkarte-Entspannt-durch-Klagenfurt-Linz-Rheintal-Schwarzatal-Steyr-und-Wien-191x300.png\" class=\"ml-lightbox-enabled\"><img loading=\"lazy\" decoding=\"async\" class=\"size-medium wp-image-38622 alignnone\" src=\"https:\/\/www.radlobby.org\/noe\/wp-content\/uploads\/Screenshot-2025-04-14-at-17-23-57-Radlkarte-Entspannt-durch-Klagenfurt-Linz-Rheintal-Schwarzatal-Steyr-und-Wien-191x300.png\" alt=\"\" width=\"191\" height=\"300\" srcset=\"https:\/\/www.radlobby.org\/noe\/wp-content\/uploads\/Screenshot-2025-04-14-at-17-23-57-Radlkarte-Entspannt-durch-Klagenfurt-Linz-Rheintal-Schwarzatal-Steyr-und-Wien-191x300.png 191w, https:\/\/www.radlobby.org\/noe\/wp-content\/uploads\/Screenshot-2025-04-14-at-17-23-57-Radlkarte-Entspannt-durch-Klagenfurt-Linz-Rheintal-Schwarzatal-Steyr-und-Wien.png 365w\" sizes=\"auto, (max-width: 191px) 100vw, 191px\" \/><\/a><\/p>\n<p><a href=\"https:\/\/www.radlkarte.at\/#wien\/p\/14\/47.9665\/16.2125\">Hier<\/a> geht&#8217;s zur Radlkarte.<\/p>\n<p>[BadV\u00f6slau_Radwegenetz]<\/p>\n","protected":false},"excerpt":{"rendered":"<p>&#x1f5fa;&#xfe0f; Die Radlkarte f\u00fcr Bad V\u00f6slau Finde deinen besten Weg \u2013 entspannt, schnell oder einfach neu. Viele Wege f\u00fchren ans Ziel \u2013 aber nicht alle sind gleich angenehm. Unsere interaktive Radlkarte zeigt dir auf einen Blick, wie gem\u00fctlich, stressig oder<\/p>\n","protected":false},"author":65,"featured_media":38829,"comment_status":"closed","ping_status":"closed","sticky":false,"template":"","format":"standard","meta":{"footnotes":""},"categories":[547],"tags":[],"class_list":["post-38621","post","type-post","status-publish","format-standard","has-post-thumbnail","hentry","category-badvoeslau"],"yoast_head":"<!-- This site is optimized with the Yoast SEO plugin v26.9 - https:\/\/yoast.com\/product\/yoast-seo-wordpress\/ -->\n<title>Bad V\u00f6slau | Radlkarte f\u00fcr Bad V\u00f6slau - Achtung: Nun auch in Druckversion! - Radlobby Nieder\u00f6sterreich<\/title>\n<meta name=\"robots\" content=\"index, follow, max-snippet:-1, max-image-preview:large, max-video-preview:-1\" \/>\n<link rel=\"canonical\" href=\"https:\/\/www.radlobby.org\/noe\/radlobby-bad-voeslau-radlkarte-fuer-bad-voeslau\/\" \/>\n<meta property=\"og:locale\" content=\"de_DE\" \/>\n<meta property=\"og:type\" content=\"article\" \/>\n<meta property=\"og:title\" content=\"Bad V\u00f6slau | Radlkarte f\u00fcr Bad V\u00f6slau - Achtung: Nun auch in Druckversion! - Radlobby Nieder\u00f6sterreich\" \/>\n<meta property=\"og:description\" content=\"&#x1f5fa;&#xfe0f; Die Radlkarte f\u00fcr Bad V\u00f6slau Finde deinen besten Weg \u2013 entspannt, schnell oder einfach neu. Viele Wege f\u00fchren ans Ziel \u2013 aber nicht alle sind gleich angenehm. Unsere interaktive Radlkarte zeigt dir auf einen Blick, wie gem\u00fctlich, stressig oder\" \/>\n<meta property=\"og:url\" content=\"https:\/\/www.radlobby.org\/noe\/radlobby-bad-voeslau-radlkarte-fuer-bad-voeslau\/\" \/>\n<meta property=\"og:site_name\" content=\"Radlobby Nieder\u00f6sterreich\" \/>\n<meta property=\"article:publisher\" content=\"https:\/\/www.facebook.com\/groups\/radfahren.in.noe\/\" \/>\n<meta property=\"article:published_time\" content=\"2025-04-12T15:19:44+00:00\" \/>\n<meta property=\"article:modified_time\" content=\"2026-04-01T10:32:22+00:00\" \/>\n<meta property=\"og:image\" content=\"https:\/\/www.radlobby.org\/noe\/wp-content\/uploads\/IMG_20250421_170858-1.jpg\" \/>\n\t<meta property=\"og:image:width\" content=\"1000\" \/>\n\t<meta property=\"og:image:height\" content=\"750\" \/>\n\t<meta property=\"og:image:type\" content=\"image\/jpeg\" \/>\n<meta name=\"author\" content=\"Laura Kafka\" \/>\n<meta name=\"twitter:card\" content=\"summary_large_image\" \/>\n<meta name=\"twitter:label1\" content=\"Verfasst von\" \/>\n\t<meta name=\"twitter:data1\" content=\"Laura Kafka\" \/>\n\t<meta name=\"twitter:label2\" content=\"Gesch\u00e4tzte Lesezeit\" \/>\n\t<meta name=\"twitter:data2\" content=\"2\u00a0Minuten\" \/>\n<script type=\"application\/ld+json\" class=\"yoast-schema-graph\">{\"@context\":\"https:\/\/schema.org\",\"@graph\":[{\"@type\":\"Article\",\"@id\":\"https:\/\/www.radlobby.org\/noe\/radlobby-bad-voeslau-radlkarte-fuer-bad-voeslau\/#article\",\"isPartOf\":{\"@id\":\"https:\/\/www.radlobby.org\/noe\/radlobby-bad-voeslau-radlkarte-fuer-bad-voeslau\/\"},\"author\":{\"name\":\"Laura Kafka\",\"@id\":\"https:\/\/www.radlobby.org\/noe\/#\/schema\/person\/3d46d5baaa32e9fab65201812c570448\"},\"headline\":\"Bad V\u00f6slau | Radlkarte f\u00fcr Bad V\u00f6slau &#8211; Achtung: Nun auch in Druckversion!\",\"datePublished\":\"2025-04-12T15:19:44+00:00\",\"dateModified\":\"2026-04-01T10:32:22+00:00\",\"mainEntityOfPage\":{\"@id\":\"https:\/\/www.radlobby.org\/noe\/radlobby-bad-voeslau-radlkarte-fuer-bad-voeslau\/\"},\"wordCount\":143,\"publisher\":{\"@id\":\"https:\/\/www.radlobby.org\/noe\/#organization\"},\"image\":{\"@id\":\"https:\/\/www.radlobby.org\/noe\/radlobby-bad-voeslau-radlkarte-fuer-bad-voeslau\/#primaryimage\"},\"thumbnailUrl\":\"https:\/\/www.radlobby.org\/noe\/wp-content\/uploads\/IMG_20250421_170858-1.jpg\",\"articleSection\":[\"Radlobby Bad V\u00f6slau\"],\"inLanguage\":\"de\"},{\"@type\":\"WebPage\",\"@id\":\"https:\/\/www.radlobby.org\/noe\/radlobby-bad-voeslau-radlkarte-fuer-bad-voeslau\/\",\"url\":\"https:\/\/www.radlobby.org\/noe\/radlobby-bad-voeslau-radlkarte-fuer-bad-voeslau\/\",\"name\":\"Bad V\u00f6slau | Radlkarte f\u00fcr Bad V\u00f6slau - Achtung: Nun auch in Druckversion! - Radlobby Nieder\u00f6sterreich\",\"isPartOf\":{\"@id\":\"https:\/\/www.radlobby.org\/noe\/#website\"},\"primaryImageOfPage\":{\"@id\":\"https:\/\/www.radlobby.org\/noe\/radlobby-bad-voeslau-radlkarte-fuer-bad-voeslau\/#primaryimage\"},\"image\":{\"@id\":\"https:\/\/www.radlobby.org\/noe\/radlobby-bad-voeslau-radlkarte-fuer-bad-voeslau\/#primaryimage\"},\"thumbnailUrl\":\"https:\/\/www.radlobby.org\/noe\/wp-content\/uploads\/IMG_20250421_170858-1.jpg\",\"datePublished\":\"2025-04-12T15:19:44+00:00\",\"dateModified\":\"2026-04-01T10:32:22+00:00\",\"breadcrumb\":{\"@id\":\"https:\/\/www.radlobby.org\/noe\/radlobby-bad-voeslau-radlkarte-fuer-bad-voeslau\/#breadcrumb\"},\"inLanguage\":\"de\",\"potentialAction\":[{\"@type\":\"ReadAction\",\"target\":[\"https:\/\/www.radlobby.org\/noe\/radlobby-bad-voeslau-radlkarte-fuer-bad-voeslau\/\"]}]},{\"@type\":\"ImageObject\",\"inLanguage\":\"de\",\"@id\":\"https:\/\/www.radlobby.org\/noe\/radlobby-bad-voeslau-radlkarte-fuer-bad-voeslau\/#primaryimage\",\"url\":\"https:\/\/www.radlobby.org\/noe\/wp-content\/uploads\/IMG_20250421_170858-1.jpg\",\"contentUrl\":\"https:\/\/www.radlobby.org\/noe\/wp-content\/uploads\/IMG_20250421_170858-1.jpg\",\"width\":1000,\"height\":750},{\"@type\":\"BreadcrumbList\",\"@id\":\"https:\/\/www.radlobby.org\/noe\/radlobby-bad-voeslau-radlkarte-fuer-bad-voeslau\/#breadcrumb\",\"itemListElement\":[{\"@type\":\"ListItem\",\"position\":1,\"name\":\"Startseite\",\"item\":\"https:\/\/www.radlobby.org\/noe\/\"},{\"@type\":\"ListItem\",\"position\":2,\"name\":\"Bad V\u00f6slau | Radlkarte f\u00fcr Bad V\u00f6slau &#8211; Achtung: Nun auch in Druckversion!\"}]},{\"@type\":\"WebSite\",\"@id\":\"https:\/\/www.radlobby.org\/noe\/#website\",\"url\":\"https:\/\/www.radlobby.org\/noe\/\",\"name\":\"Radlobby Nieder\u00f6sterreich\",\"description\":\"Radverkehr, Fahrrad, Radfahren, Radreisen, Radtouren, Radweg\",\"publisher\":{\"@id\":\"https:\/\/www.radlobby.org\/noe\/#organization\"},\"potentialAction\":[{\"@type\":\"SearchAction\",\"target\":{\"@type\":\"EntryPoint\",\"urlTemplate\":\"https:\/\/www.radlobby.org\/noe\/?s={search_term_string}\"},\"query-input\":{\"@type\":\"PropertyValueSpecification\",\"valueRequired\":true,\"valueName\":\"search_term_string\"}}],\"inLanguage\":\"de\"},{\"@type\":\"Organization\",\"@id\":\"https:\/\/www.radlobby.org\/noe\/#organization\",\"name\":\"Radlobby Nieder\u00f6sterreich\",\"url\":\"https:\/\/www.radlobby.org\/noe\/\",\"logo\":{\"@type\":\"ImageObject\",\"inLanguage\":\"de\",\"@id\":\"https:\/\/www.radlobby.org\/noe\/#\/schema\/logo\/image\/\",\"url\":\"https:\/\/www.radlobby.org\/noe\/wp-content\/uploads\/2017\/01\/cropped-Logo_Radlobby_Niederoesterreich_50-400px_quer-1.jpg\",\"contentUrl\":\"https:\/\/www.radlobby.org\/noe\/wp-content\/uploads\/2017\/01\/cropped-Logo_Radlobby_Niederoesterreich_50-400px_quer-1.jpg\",\"width\":450,\"height\":124,\"caption\":\"Radlobby Nieder\u00f6sterreich\"},\"image\":{\"@id\":\"https:\/\/www.radlobby.org\/noe\/#\/schema\/logo\/image\/\"},\"sameAs\":[\"https:\/\/www.facebook.com\/groups\/radfahren.in.noe\/\"]},{\"@type\":\"Person\",\"@id\":\"https:\/\/www.radlobby.org\/noe\/#\/schema\/person\/3d46d5baaa32e9fab65201812c570448\",\"name\":\"Laura Kafka\",\"image\":{\"@type\":\"ImageObject\",\"inLanguage\":\"de\",\"@id\":\"https:\/\/www.radlobby.org\/noe\/#\/schema\/person\/image\/\",\"url\":\"https:\/\/secure.gravatar.com\/avatar\/141ec437f27b3084bc6c91857d881288555812a76d2e9c6af9f4ba5f626465e7?s=96&d=mm&r=g\",\"contentUrl\":\"https:\/\/secure.gravatar.com\/avatar\/141ec437f27b3084bc6c91857d881288555812a76d2e9c6af9f4ba5f626465e7?s=96&d=mm&r=g\",\"caption\":\"Laura Kafka\"},\"url\":\"https:\/\/www.radlobby.org\/noe\/author\/laura-kafka\/\"}]}<\/script>\n<!-- \/ Yoast SEO plugin. -->","yoast_head_json":{"title":"Bad V\u00f6slau | Radlkarte f\u00fcr Bad V\u00f6slau - Achtung: Nun auch in Druckversion! - Radlobby Nieder\u00f6sterreich","robots":{"index":"index","follow":"follow","max-snippet":"max-snippet:-1","max-image-preview":"max-image-preview:large","max-video-preview":"max-video-preview:-1"},"canonical":"https:\/\/www.radlobby.org\/noe\/radlobby-bad-voeslau-radlkarte-fuer-bad-voeslau\/","og_locale":"de_DE","og_type":"article","og_title":"Bad V\u00f6slau | Radlkarte f\u00fcr Bad V\u00f6slau - Achtung: Nun auch in Druckversion! - Radlobby Nieder\u00f6sterreich","og_description":"&#x1f5fa;&#xfe0f; Die Radlkarte f\u00fcr Bad V\u00f6slau Finde deinen besten Weg \u2013 entspannt, schnell oder einfach neu. Viele Wege f\u00fchren ans Ziel \u2013 aber nicht alle sind gleich angenehm. Unsere interaktive Radlkarte zeigt dir auf einen Blick, wie gem\u00fctlich, stressig oder","og_url":"https:\/\/www.radlobby.org\/noe\/radlobby-bad-voeslau-radlkarte-fuer-bad-voeslau\/","og_site_name":"Radlobby Nieder\u00f6sterreich","article_publisher":"https:\/\/www.facebook.com\/groups\/radfahren.in.noe\/","article_published_time":"2025-04-12T15:19:44+00:00","article_modified_time":"2026-04-01T10:32:22+00:00","og_image":[{"width":1000,"height":750,"url":"https:\/\/www.radlobby.org\/noe\/wp-content\/uploads\/IMG_20250421_170858-1.jpg","type":"image\/jpeg"}],"author":"Laura Kafka","twitter_card":"summary_large_image","twitter_misc":{"Verfasst von":"Laura Kafka","Gesch\u00e4tzte Lesezeit":"2\u00a0Minuten"},"schema":{"@context":"https:\/\/schema.org","@graph":[{"@type":"Article","@id":"https:\/\/www.radlobby.org\/noe\/radlobby-bad-voeslau-radlkarte-fuer-bad-voeslau\/#article","isPartOf":{"@id":"https:\/\/www.radlobby.org\/noe\/radlobby-bad-voeslau-radlkarte-fuer-bad-voeslau\/"},"author":{"name":"Laura Kafka","@id":"https:\/\/www.radlobby.org\/noe\/#\/schema\/person\/3d46d5baaa32e9fab65201812c570448"},"headline":"Bad V\u00f6slau | Radlkarte f\u00fcr Bad V\u00f6slau &#8211; Achtung: Nun auch in Druckversion!","datePublished":"2025-04-12T15:19:44+00:00","dateModified":"2026-04-01T10:32:22+00:00","mainEntityOfPage":{"@id":"https:\/\/www.radlobby.org\/noe\/radlobby-bad-voeslau-radlkarte-fuer-bad-voeslau\/"},"wordCount":143,"publisher":{"@id":"https:\/\/www.radlobby.org\/noe\/#organization"},"image":{"@id":"https:\/\/www.radlobby.org\/noe\/radlobby-bad-voeslau-radlkarte-fuer-bad-voeslau\/#primaryimage"},"thumbnailUrl":"https:\/\/www.radlobby.org\/noe\/wp-content\/uploads\/IMG_20250421_170858-1.jpg","articleSection":["Radlobby Bad V\u00f6slau"],"inLanguage":"de"},{"@type":"WebPage","@id":"https:\/\/www.radlobby.org\/noe\/radlobby-bad-voeslau-radlkarte-fuer-bad-voeslau\/","url":"https:\/\/www.radlobby.org\/noe\/radlobby-bad-voeslau-radlkarte-fuer-bad-voeslau\/","name":"Bad V\u00f6slau | Radlkarte f\u00fcr Bad V\u00f6slau - Achtung: Nun auch in Druckversion! - Radlobby Nieder\u00f6sterreich","isPartOf":{"@id":"https:\/\/www.radlobby.org\/noe\/#website"},"primaryImageOfPage":{"@id":"https:\/\/www.radlobby.org\/noe\/radlobby-bad-voeslau-radlkarte-fuer-bad-voeslau\/#primaryimage"},"image":{"@id":"https:\/\/www.radlobby.org\/noe\/radlobby-bad-voeslau-radlkarte-fuer-bad-voeslau\/#primaryimage"},"thumbnailUrl":"https:\/\/www.radlobby.org\/noe\/wp-content\/uploads\/IMG_20250421_170858-1.jpg","datePublished":"2025-04-12T15:19:44+00:00","dateModified":"2026-04-01T10:32:22+00:00","breadcrumb":{"@id":"https:\/\/www.radlobby.org\/noe\/radlobby-bad-voeslau-radlkarte-fuer-bad-voeslau\/#breadcrumb"},"inLanguage":"de","potentialAction":[{"@type":"ReadAction","target":["https:\/\/www.radlobby.org\/noe\/radlobby-bad-voeslau-radlkarte-fuer-bad-voeslau\/"]}]},{"@type":"ImageObject","inLanguage":"de","@id":"https:\/\/www.radlobby.org\/noe\/radlobby-bad-voeslau-radlkarte-fuer-bad-voeslau\/#primaryimage","url":"https:\/\/www.radlobby.org\/noe\/wp-content\/uploads\/IMG_20250421_170858-1.jpg","contentUrl":"https:\/\/www.radlobby.org\/noe\/wp-content\/uploads\/IMG_20250421_170858-1.jpg","width":1000,"height":750},{"@type":"BreadcrumbList","@id":"https:\/\/www.radlobby.org\/noe\/radlobby-bad-voeslau-radlkarte-fuer-bad-voeslau\/#breadcrumb","itemListElement":[{"@type":"ListItem","position":1,"name":"Startseite","item":"https:\/\/www.radlobby.org\/noe\/"},{"@type":"ListItem","position":2,"name":"Bad V\u00f6slau | Radlkarte f\u00fcr Bad V\u00f6slau &#8211; Achtung: Nun auch in Druckversion!"}]},{"@type":"WebSite","@id":"https:\/\/www.radlobby.org\/noe\/#website","url":"https:\/\/www.radlobby.org\/noe\/","name":"Radlobby Nieder\u00f6sterreich","description":"Radverkehr, Fahrrad, Radfahren, Radreisen, Radtouren, Radweg","publisher":{"@id":"https:\/\/www.radlobby.org\/noe\/#organization"},"potentialAction":[{"@type":"SearchAction","target":{"@type":"EntryPoint","urlTemplate":"https:\/\/www.radlobby.org\/noe\/?s={search_term_string}"},"query-input":{"@type":"PropertyValueSpecification","valueRequired":true,"valueName":"search_term_string"}}],"inLanguage":"de"},{"@type":"Organization","@id":"https:\/\/www.radlobby.org\/noe\/#organization","name":"Radlobby Nieder\u00f6sterreich","url":"https:\/\/www.radlobby.org\/noe\/","logo":{"@type":"ImageObject","inLanguage":"de","@id":"https:\/\/www.radlobby.org\/noe\/#\/schema\/logo\/image\/","url":"https:\/\/www.radlobby.org\/noe\/wp-content\/uploads\/2017\/01\/cropped-Logo_Radlobby_Niederoesterreich_50-400px_quer-1.jpg","contentUrl":"https:\/\/www.radlobby.org\/noe\/wp-content\/uploads\/2017\/01\/cropped-Logo_Radlobby_Niederoesterreich_50-400px_quer-1.jpg","width":450,"height":124,"caption":"Radlobby Nieder\u00f6sterreich"},"image":{"@id":"https:\/\/www.radlobby.org\/noe\/#\/schema\/logo\/image\/"},"sameAs":["https:\/\/www.facebook.com\/groups\/radfahren.in.noe\/"]},{"@type":"Person","@id":"https:\/\/www.radlobby.org\/noe\/#\/schema\/person\/3d46d5baaa32e9fab65201812c570448","name":"Laura Kafka","image":{"@type":"ImageObject","inLanguage":"de","@id":"https:\/\/www.radlobby.org\/noe\/#\/schema\/person\/image\/","url":"https:\/\/secure.gravatar.com\/avatar\/141ec437f27b3084bc6c91857d881288555812a76d2e9c6af9f4ba5f626465e7?s=96&d=mm&r=g","contentUrl":"https:\/\/secure.gravatar.com\/avatar\/141ec437f27b3084bc6c91857d881288555812a76d2e9c6af9f4ba5f626465e7?s=96&d=mm&r=g","caption":"Laura Kafka"},"url":"https:\/\/www.radlobby.org\/noe\/author\/laura-kafka\/"}]}},"_links":{"self":[{"href":"https:\/\/www.radlobby.org\/noe\/wp-json\/wp\/v2\/posts\/38621","targetHints":{"allow":["GET"]}}],"collection":[{"href":"https:\/\/www.radlobby.org\/noe\/wp-json\/wp\/v2\/posts"}],"about":[{"href":"https:\/\/www.radlobby.org\/noe\/wp-json\/wp\/v2\/types\/post"}],"author":[{"embeddable":true,"href":"https:\/\/www.radlobby.org\/noe\/wp-json\/wp\/v2\/users\/65"}],"replies":[{"embeddable":true,"href":"https:\/\/www.radlobby.org\/noe\/wp-json\/wp\/v2\/comments?post=38621"}],"version-history":[{"count":9,"href":"https:\/\/www.radlobby.org\/noe\/wp-json\/wp\/v2\/posts\/38621\/revisions"}],"predecessor-version":[{"id":41590,"href":"https:\/\/www.radlobby.org\/noe\/wp-json\/wp\/v2\/posts\/38621\/revisions\/41590"}],"wp:featuredmedia":[{"embeddable":true,"href":"https:\/\/www.radlobby.org\/noe\/wp-json\/wp\/v2\/media\/38829"}],"wp:attachment":[{"href":"https:\/\/www.radlobby.org\/noe\/wp-json\/wp\/v2\/media?parent=38621"}],"wp:term":[{"taxonomy":"category","embeddable":true,"href":"https:\/\/www.radlobby.org\/noe\/wp-json\/wp\/v2\/categories?post=38621"},{"taxonomy":"post_tag","embeddable":true,"href":"https:\/\/www.radlobby.org\/noe\/wp-json\/wp\/v2\/tags?post=38621"}],"curies":[{"name":"wp","href":"https:\/\/api.w.org\/{rel}","templated":true}]}}