{"id":38611,"date":"2025-04-14T11:12:59","date_gmt":"2025-04-14T09:12:59","guid":{"rendered":"https:\/\/www.radlobby.org\/noe\/?p=38611"},"modified":"2026-04-01T12:31:10","modified_gmt":"2026-04-01T10:31:10","slug":"radlobby-bad-voeslau-radtouren-familienfreundlich-anfaengertauglich-mit-start-in-voeslau","status":"publish","type":"post","link":"https:\/\/www.radlobby.org\/noe\/radlobby-bad-voeslau-radtouren-familienfreundlich-anfaengertauglich-mit-start-in-voeslau\/","title":{"rendered":"Bad V\u00f6slau | Radtouren &#8211; familienfreundlich, anf\u00e4ngertauglich, mit Start in V\u00f6slau"},"content":{"rendered":"<figure id=\"attachment_38753\" aria-describedby=\"caption-attachment-38753\" style=\"width: 300px\" class=\"wp-caption alignright\"><a href=\"https:\/\/www.radlobby.org\/noe\/wp-content\/uploads\/Screenshot-2025-04-20-at-17-08-25-2025-Radlobby-von-Sebastian-Busch.png\" data-src=\"https:\/\/www.radlobby.org\/noe\/wp-content\/uploads\/Screenshot-2025-04-20-at-17-08-25-2025-Radlobby-von-Sebastian-Busch.png\" data-thumb=\"https:\/\/www.radlobby.org\/noe\/wp-content\/uploads\/Screenshot-2025-04-20-at-17-08-25-2025-Radlobby-von-Sebastian-Busch-300x225.png\" class=\"ml-lightbox-enabled\"><img loading=\"lazy\" decoding=\"async\" class=\"wp-image-38753 size-medium\" src=\"https:\/\/www.radlobby.org\/noe\/wp-content\/uploads\/Screenshot-2025-04-20-at-17-08-25-2025-Radlobby-von-Sebastian-Busch-300x225.png\" alt=\"\" width=\"300\" height=\"225\" srcset=\"https:\/\/www.radlobby.org\/noe\/wp-content\/uploads\/Screenshot-2025-04-20-at-17-08-25-2025-Radlobby-von-Sebastian-Busch-300x225.png 300w, https:\/\/www.radlobby.org\/noe\/wp-content\/uploads\/Screenshot-2025-04-20-at-17-08-25-2025-Radlobby-von-Sebastian-Busch-768x576.png 768w, https:\/\/www.radlobby.org\/noe\/wp-content\/uploads\/Screenshot-2025-04-20-at-17-08-25-2025-Radlobby-von-Sebastian-Busch.png 1042w\" sizes=\"auto, (max-width: 300px) 100vw, 300px\" \/><\/a><figcaption id=\"caption-attachment-38753\" class=\"wp-caption-text\">Bildrechte: Radlobby<\/figcaption><\/figure>\n<h2>&#x1f6b4;&#x200d;&#x2640;&#xfe0f; Radtouren \u2013 familienfreundlich, anf\u00e4ngertauglich, mit Start in Bad V\u00f6slau<\/h2>\n<p>Du suchst nach gem\u00fctlichen Radtouren, die du entspannt mit der Familie oder als Einsteiger:in genie\u00dfen kannst? Dann bist du hier genau richtig!<br \/>\nWir stellen hier Touren vor, die wir selbst getestet und f\u00fcr empfehlenswert befunden haben \u2013 sch\u00f6n zu fahren, gut erreichbar und mit kleinen Highlights entlang des Weges.<br \/>\n<strong>Starte einfach in Bad V\u00f6slau und entdecke die Region vom Sattel aus!<\/strong><\/p>\n<hr \/>\n<h2>&#x1f33c; Touren unter 10 km<\/h2>\n<p>&nbsp;<\/p>\n<h3>&#x1f6b2; Bad V\u00f6slau \u2013 Baden<\/h3>\n<p>Du m\u00f6chtest spontan eine kleine Radtour unternehmen \u2013 flach, autofrei und abwechslungsreich? Von Bad V\u00f6slau nach Baden gibt es <strong>drei sch\u00f6ne Varianten<\/strong>:<\/p>\n<h4>1. \u00dcber Soo\u00df \u2013 <strong>familienfreundlich &amp; idyllisch<\/strong><\/h4>\n<p>Eine entspannte Route durch die Weinberge \u2013 ideal f\u00fcr Familien oder einen gem\u00fctlichen Nachmittagsausflug.<br \/>\n&#x27a1;&#xfe0f; Flach, asphaltiert, ruhig, familienfreundlich<br \/>\n&#x1f449;\u00a0 <a href=\"https:\/\/mapy.com\/s\/dagavuvaja\">Zur Route<\/a><\/p>\n<h4>2. \u00dcber die Bahnzeile \u2013 <strong>direkt &amp; z\u00fcgig<\/strong><\/h4>\n<p>Die k\u00fcrzeste Strecke mit durchgehend Asphalt, aber teils im Verkehr, Radwege mit hohen Kanten und mit engemTunnel.<br \/>\n&#x27a1;&#xfe0f; Ca. 6 km, f\u00fcr ge\u00fcbte Radfahrer:innen geeignet<br \/>\n&#x1f449;\u00a0 <a href=\"https:\/\/mapy.com\/s\/pehuteteba\">Zur Route<\/a><\/p>\n<h4>3. \u00dcber den EuroVelo 9 \u2013 <strong>landschaftlich reizvoll<\/strong><\/h4>\n<p>Eine etwas l\u00e4ngere, daf\u00fcr sehr sch\u00f6ne Strecke entlang des Wiener Neust\u00e4dter Kanals.<br \/>\n&#x27a1;&#xfe0f; Ca. 9 km, naturnah, ruhig, ideal zum Genie\u00dfen<br \/>\n&#x1f449; <a href=\"https:\/\/mapy.com\/s\/furopopate\">Zur Route<\/a><\/p>\n<p>&nbsp;<\/p>\n<h3 class=\"\" data-start=\"127\" data-end=\"171\">&#x1f6b2; Bad V\u00f6slau \u2013 Leobersdorf \u2013 <strong data-start=\"161\" data-end=\"171\">5\u20138 km<\/strong><\/h3>\n<p class=\"\" data-start=\"173\" data-end=\"416\">Du m\u00f6chtest eine kurze, abwechslungsreiche Radtour unternehmen \u2013 flach, autofrei und mit kleinen Highlights am Weg? Von Bad V\u00f6slau nach Leobersdorf gibt es <strong data-start=\"329\" data-end=\"354\">drei sch\u00f6ne Varianten<\/strong>, je nach Lust auf direkt, gem\u00fctlich oder besonders idyllisch:<\/p>\n<h4 class=\"\" data-start=\"423\" data-end=\"474\">1. \u00dcber Kottingbrunn \u2013 <strong data-start=\"451\" data-end=\"472\">die direkte Route<\/strong><\/h4>\n<p class=\"\" data-start=\"475\" data-end=\"760\">Die schnellste Verbindung nach Leobersdorf: auf baulich getrennten Radwegen entlang der L151.<br data-start=\"568\" data-end=\"571\" \/>Zwar verl\u00e4uft die Strecke neben der Stra\u00dfe, mit einigen Kanten und h\u00e4ufigem Stra\u00dfenseitenwechsel, daf\u00fcr bist du rasch im Zentrum \u2013 perfekt f\u00fcr einen Eisstopp oder einen kleinen Stadtbummel.<\/p>\n<p class=\"\" data-start=\"762\" data-end=\"859\">&#x27a1;&#xfe0f; Ca. 5 km, direkt, z\u00fcgig erreichbar<br data-start=\"799\" data-end=\"802\" \/>&#x1f449; <a class=\"\" href=\"https:\/\/mapy.com\/s\/hobapumero\" target=\"_new\" rel=\"noopener\" data-start=\"805\" data-end=\"859\">Zur Route<\/a><\/p>\n<p>&nbsp;<\/p>\n<h4>2. \u00dcber die Weinberge \u2013 <strong data-start=\"895\" data-end=\"917\">ruhig &amp; genussvoll<\/strong><\/h4>\n<p class=\"\" data-start=\"920\" data-end=\"1089\">Eine besonders sch\u00f6ne, ruhige Strecke durch die Weinberge.<br data-start=\"978\" data-end=\"981\" \/>Ideal f\u00fcr einen Besuch beim Heurigen oder einen kleinen Einkauf im Einkaufszentrum westlich von Leobersdorf.<\/p>\n<p class=\"\" data-start=\"1091\" data-end=\"1165\">&#x27a1;&#xfe0f; Ca. 6 km, naturnah &amp; entspannend<br data-start=\"1126\" data-end=\"1129\" \/>&#x1f449; <a href=\"https:\/\/mapy.com\/s\/delacetete\">Zur Route<\/a><\/p>\n<h4 data-start=\"1172\" data-end=\"1233\"><\/h4>\n<h4 class=\"\" data-start=\"1172\" data-end=\"1233\">3. \u00dcber den EuroVelo 9 \u2013 <strong data-start=\"1202\" data-end=\"1231\">ein Umweg, der sich lohnt<\/strong><\/h4>\n<p class=\"\" data-start=\"1234\" data-end=\"1498\">Diese Route f\u00fchrt entlang des Wiener Neust\u00e4dter Kanals \u00fcber den EuroVelo 9 \u2013 landschaftlich wundersch\u00f6n!<br data-start=\"1338\" data-end=\"1341\" \/>In Kottingbrunn kommst du am Wasserschloss vorbei (Eisstopp m\u00f6glich &#x1f60b;), dann weiter nach Leobersdorf \u2013 z.\u202fB. zum Generationenspielplatz oder einem Heurigen.<\/p>\n<p class=\"\" data-start=\"1500\" data-end=\"1603\">&#x27a1;&#xfe0f; Ca. 8 km, idyllisch &amp; familienfreundlich<br data-start=\"1543\" data-end=\"1546\" \/>&#x1f449; <a class=\"\" href=\"https:\/\/mapy.com\/s\/gezekomesa\" target=\"_new\" rel=\"noopener\" data-start=\"1549\" data-end=\"1603\">Zur Route<\/a><\/p>\n<p>&nbsp;<\/p>\n<h3 class=\"\" data-start=\"127\" data-end=\"171\">&#x1f6b2; Gainfarn \u2013 Leobersdorf \u2013 <strong data-start=\"161\" data-end=\"171\">5\u20138 km<\/strong><\/h3>\n<h4>\u00dcber die Weinberge \u2013 <strong data-start=\"895\" data-end=\"917\">ruhig &amp; genussvoll<\/strong><\/h4>\n<p class=\"\" data-start=\"920\" data-end=\"1089\">Eine besonders sch\u00f6ne, ruhige Strecke durch die Weinberge.<br data-start=\"978\" data-end=\"981\" \/>Ideal f\u00fcr einen Besuch beim Heurigen oder einen kleinen Einkauf im Einkaufszentrum westlich von Leobersdorf.<\/p>\n<p class=\"\" data-start=\"1091\" data-end=\"1165\">&#x27a1;&#xfe0f; Ca. 6 km, naturnah &amp; entspannend<br data-start=\"1126\" data-end=\"1129\" \/>&#x1f449; <a href=\"https:\/\/mapy.com\/s\/gugusehupe\">Zur Route<\/a><\/p>\n<h4 data-start=\"1172\" data-end=\"1233\"><\/h4>\n<p>&nbsp;<\/p>\n<hr \/>\n<h2>&#x1f6b4;&#x200d;&#x2642;&#xfe0f; Touren zwischen 10 &#8211; 20 km<\/h2>\n<h3><\/h3>\n<h3 class=\"\" data-start=\"167\" data-end=\"213\">&#x1f6b2; Bad V\u00f6slau \u2013 Helenental<\/h3>\n<p class=\"\" data-start=\"215\" data-end=\"522\">Diese Tour kombiniert eine entspannte Anfahrt nach Baden (\u00fcber Route 1 \u2013 Soo\u00df) mit einer besonders sch\u00f6nen Weiterfahrt ins gr\u00fcne Helenental.<br data-start=\"355\" data-end=\"358\" \/>Ideal f\u00fcr hei\u00dfe Sommertage \u2013 entlang der Schwechat ist es angenehm k\u00fchl und schattig. Der Weg ist familienfreundlich, abwechslungsreich und landschaftlich reizvoll. Wasserschlapfen oder Badehose einpacken nicht vergessen <img decoding=\"async\" src=\"https:\/\/www.radlobby.org\/noe\/wp-content\/plugins\/wp-edit\/plugins\/emoticons\/img\/smiley-wink.gif\" \/><\/p>\n<p class=\"\" data-start=\"524\" data-end=\"546\"><strong data-start=\"524\" data-end=\"544\">Wegbeschreibung:<\/strong><\/p>\n<ul data-start=\"547\" data-end=\"757\">\n<li class=\"\" data-start=\"547\" data-end=\"591\">\n<p class=\"\" data-start=\"549\" data-end=\"591\">Start \u00fcber die Route 1 (Soo\u00df) nach Baden<\/p>\n<\/li>\n<li class=\"\" data-start=\"592\" data-end=\"643\">\n<p class=\"\" data-start=\"594\" data-end=\"643\">Weiterfahrt auf dem Radweg durch das Helenental<\/p>\n<\/li>\n<li class=\"\" data-start=\"644\" data-end=\"706\">\n<p class=\"\" data-start=\"646\" data-end=\"706\">Gro\u00dfteils flach, gut befahrbar, meist abseits des Verkehrs<\/p>\n<\/li>\n<li class=\"\" data-start=\"707\" data-end=\"757\">\n<p class=\"\" data-start=\"709\" data-end=\"757\">Viel Schatten und Natur \u2013 perfekt f\u00fcr Sommertage<\/p>\n<\/li>\n<\/ul>\n<p class=\"\" data-start=\"759\" data-end=\"826\">&#x27a1;&#xfe0f; Ca. 14 km, familienfreundlich, k\u00fchl &amp; gr\u00fcn<br data-start=\"804\" data-end=\"807\" \/>&#x1f449;\u00a0 <a href=\"https:\/\/mapy.com\/s\/fodoruvonu\">Route<\/a><\/p>\n<hr \/>\n<h2>&#x1f6b4;&#x200d;&#x2642;&#xfe0f; Touren um die 20 km<\/h2>\n<p>&nbsp;<\/p>\n<h3>&#x1f6b2; Bad V\u00f6slau \u2013 Aqua Nova Wr. Neustadt<\/h3>\n<p>Diese Tour verl\u00e4uft \u00fcberwiegend flach auf dem EuroVelo 9 und ist ideal f\u00fcr entspannte Ausfahrten mit Ziel.<\/p>\n<p><strong>Wegbeschreibung:<\/strong><\/p>\n<ul>\n<li>Flacher Verlauf auf dem EuroVelo 9<\/li>\n<li>Abschnitte mit Schotter, aber gut befahrbar<\/li>\n<li>Wenig Schatten \u2013 Sonnen- und Windschutz empfohlen<\/li>\n<li>Ziel: das Aqua Nova Erlebnisbad in Wr. Neustadt \u2013 eine perfekte Belohnung!<\/li>\n<\/ul>\n<p>&#x27a1;&#xfe0f; Ca. 20 km, einfach zu fahren, mit Badeoption<br \/>\n&#x1f449; <a href=\"https:\/\/mapy.com\/s\/gakazuruba\">Route<\/a><\/p>\n<hr \/>\n<p>Noch mehr Routen gibt es auf: <a href=\"https:\/\/www.badvoeslau-tourismus.at\/radfahren-4\">www.badvoeslau-tourismus.at<\/a><\/p>\n<hr \/>\n<p>&#x1f4cc; <strong>Tipp:<\/strong> Helm nicht vergessen, ausreichend Wasser mitnehmen \u2013 und vielleicht eine Picknickdecke! Unterwegs gibt\u2019s viele sch\u00f6ne Pl\u00e4tze zum Rasten und Genie\u00dfen.<\/p>\n<p>&#x1f4cc; Tipp: Brosch\u00fcre &#8220;<a href=\"https:\/\/verkehrserziehung.tsn.at\/sites\/default\/files\/2023-06\/broschuere_f.eltern_sicher_auf_dem_rad_2023-02_bf.pdf\">Sicher auf dem Rad<\/a>&#8221;<\/p>\n<p>&#x1f4cc; Tipp: Homepage Fahrradwien: <a href=\"https:\/\/www.fahrradwien.at\/kinder\/kinder-am-rad\/\">Kinder am Rad<\/a><\/p>\n<p>&nbsp;<\/p>\n<p>[BadV\u00f6slau_Radwegenetz]<\/p>\n","protected":false},"excerpt":{"rendered":"<p>&#x1f6b4;&#x200d;&#x2640;&#xfe0f; Radtouren \u2013 familienfreundlich, anf\u00e4ngertauglich, mit Start in Bad V\u00f6slau Du suchst nach gem\u00fctlichen Radtouren, die du entspannt mit der Familie oder als Einsteiger:in genie\u00dfen kannst? Dann bist du hier genau richtig! Wir stellen hier Touren vor, die wir selbst<\/p>\n","protected":false},"author":65,"featured_media":38753,"comment_status":"closed","ping_status":"closed","sticky":false,"template":"","format":"standard","meta":{"footnotes":""},"categories":[547],"tags":[],"class_list":["post-38611","post","type-post","status-publish","format-standard","has-post-thumbnail","hentry","category-badvoeslau"],"yoast_head":"<!-- This site is optimized with the Yoast SEO plugin v26.9 - https:\/\/yoast.com\/product\/yoast-seo-wordpress\/ -->\n<title>Bad V\u00f6slau | Radtouren - familienfreundlich, anf\u00e4ngertauglich, mit Start in V\u00f6slau - Radlobby Nieder\u00f6sterreich<\/title>\n<meta name=\"robots\" content=\"index, follow, max-snippet:-1, max-image-preview:large, max-video-preview:-1\" \/>\n<link rel=\"canonical\" href=\"https:\/\/www.radlobby.org\/noe\/radlobby-bad-voeslau-radtouren-familienfreundlich-anfaengertauglich-mit-start-in-voeslau\/\" \/>\n<meta property=\"og:locale\" content=\"de_DE\" \/>\n<meta property=\"og:type\" content=\"article\" \/>\n<meta property=\"og:title\" content=\"Bad V\u00f6slau | Radtouren - familienfreundlich, anf\u00e4ngertauglich, mit Start in V\u00f6slau - Radlobby Nieder\u00f6sterreich\" \/>\n<meta property=\"og:description\" content=\"&#x1f6b4;&#x200d;&#x2640;&#xfe0f; Radtouren \u2013 familienfreundlich, anf\u00e4ngertauglich, mit Start in Bad V\u00f6slau Du suchst nach gem\u00fctlichen Radtouren, die du entspannt mit der Familie oder als Einsteiger:in genie\u00dfen kannst? Dann bist du hier genau richtig! Wir stellen hier Touren vor, die wir selbst\" \/>\n<meta property=\"og:url\" content=\"https:\/\/www.radlobby.org\/noe\/radlobby-bad-voeslau-radtouren-familienfreundlich-anfaengertauglich-mit-start-in-voeslau\/\" \/>\n<meta property=\"og:site_name\" content=\"Radlobby Nieder\u00f6sterreich\" \/>\n<meta property=\"article:publisher\" content=\"https:\/\/www.facebook.com\/groups\/radfahren.in.noe\/\" \/>\n<meta property=\"article:published_time\" content=\"2025-04-14T09:12:59+00:00\" \/>\n<meta property=\"article:modified_time\" content=\"2026-04-01T10:31:10+00:00\" \/>\n<meta property=\"og:image\" content=\"https:\/\/www.radlobby.org\/noe\/wp-content\/uploads\/Screenshot-2025-04-20-at-17-08-25-2025-Radlobby-von-Sebastian-Busch.png\" \/>\n\t<meta property=\"og:image:width\" content=\"1042\" \/>\n\t<meta property=\"og:image:height\" content=\"781\" \/>\n\t<meta property=\"og:image:type\" content=\"image\/png\" \/>\n<meta name=\"author\" content=\"Laura Kafka\" \/>\n<meta name=\"twitter:card\" content=\"summary_large_image\" \/>\n<meta name=\"twitter:label1\" content=\"Verfasst von\" \/>\n\t<meta name=\"twitter:data1\" content=\"Laura Kafka\" \/>\n\t<meta name=\"twitter:label2\" content=\"Gesch\u00e4tzte Lesezeit\" \/>\n\t<meta name=\"twitter:data2\" content=\"5\u00a0Minuten\" \/>\n<script type=\"application\/ld+json\" class=\"yoast-schema-graph\">{\"@context\":\"https:\/\/schema.org\",\"@graph\":[{\"@type\":\"Article\",\"@id\":\"https:\/\/www.radlobby.org\/noe\/radlobby-bad-voeslau-radtouren-familienfreundlich-anfaengertauglich-mit-start-in-voeslau\/#article\",\"isPartOf\":{\"@id\":\"https:\/\/www.radlobby.org\/noe\/radlobby-bad-voeslau-radtouren-familienfreundlich-anfaengertauglich-mit-start-in-voeslau\/\"},\"author\":{\"name\":\"Laura Kafka\",\"@id\":\"https:\/\/www.radlobby.org\/noe\/#\/schema\/person\/3d46d5baaa32e9fab65201812c570448\"},\"headline\":\"Bad V\u00f6slau | Radtouren &#8211; familienfreundlich, anf\u00e4ngertauglich, mit Start in V\u00f6slau\",\"datePublished\":\"2025-04-14T09:12:59+00:00\",\"dateModified\":\"2026-04-01T10:31:10+00:00\",\"mainEntityOfPage\":{\"@id\":\"https:\/\/www.radlobby.org\/noe\/radlobby-bad-voeslau-radtouren-familienfreundlich-anfaengertauglich-mit-start-in-voeslau\/\"},\"wordCount\":784,\"publisher\":{\"@id\":\"https:\/\/www.radlobby.org\/noe\/#organization\"},\"image\":{\"@id\":\"https:\/\/www.radlobby.org\/noe\/radlobby-bad-voeslau-radtouren-familienfreundlich-anfaengertauglich-mit-start-in-voeslau\/#primaryimage\"},\"thumbnailUrl\":\"https:\/\/www.radlobby.org\/noe\/wp-content\/uploads\/Screenshot-2025-04-20-at-17-08-25-2025-Radlobby-von-Sebastian-Busch.png\",\"articleSection\":[\"Radlobby Bad V\u00f6slau\"],\"inLanguage\":\"de\"},{\"@type\":\"WebPage\",\"@id\":\"https:\/\/www.radlobby.org\/noe\/radlobby-bad-voeslau-radtouren-familienfreundlich-anfaengertauglich-mit-start-in-voeslau\/\",\"url\":\"https:\/\/www.radlobby.org\/noe\/radlobby-bad-voeslau-radtouren-familienfreundlich-anfaengertauglich-mit-start-in-voeslau\/\",\"name\":\"Bad V\u00f6slau | Radtouren - familienfreundlich, anf\u00e4ngertauglich, mit Start in V\u00f6slau - Radlobby Nieder\u00f6sterreich\",\"isPartOf\":{\"@id\":\"https:\/\/www.radlobby.org\/noe\/#website\"},\"primaryImageOfPage\":{\"@id\":\"https:\/\/www.radlobby.org\/noe\/radlobby-bad-voeslau-radtouren-familienfreundlich-anfaengertauglich-mit-start-in-voeslau\/#primaryimage\"},\"image\":{\"@id\":\"https:\/\/www.radlobby.org\/noe\/radlobby-bad-voeslau-radtouren-familienfreundlich-anfaengertauglich-mit-start-in-voeslau\/#primaryimage\"},\"thumbnailUrl\":\"https:\/\/www.radlobby.org\/noe\/wp-content\/uploads\/Screenshot-2025-04-20-at-17-08-25-2025-Radlobby-von-Sebastian-Busch.png\",\"datePublished\":\"2025-04-14T09:12:59+00:00\",\"dateModified\":\"2026-04-01T10:31:10+00:00\",\"breadcrumb\":{\"@id\":\"https:\/\/www.radlobby.org\/noe\/radlobby-bad-voeslau-radtouren-familienfreundlich-anfaengertauglich-mit-start-in-voeslau\/#breadcrumb\"},\"inLanguage\":\"de\",\"potentialAction\":[{\"@type\":\"ReadAction\",\"target\":[\"https:\/\/www.radlobby.org\/noe\/radlobby-bad-voeslau-radtouren-familienfreundlich-anfaengertauglich-mit-start-in-voeslau\/\"]}]},{\"@type\":\"ImageObject\",\"inLanguage\":\"de\",\"@id\":\"https:\/\/www.radlobby.org\/noe\/radlobby-bad-voeslau-radtouren-familienfreundlich-anfaengertauglich-mit-start-in-voeslau\/#primaryimage\",\"url\":\"https:\/\/www.radlobby.org\/noe\/wp-content\/uploads\/Screenshot-2025-04-20-at-17-08-25-2025-Radlobby-von-Sebastian-Busch.png\",\"contentUrl\":\"https:\/\/www.radlobby.org\/noe\/wp-content\/uploads\/Screenshot-2025-04-20-at-17-08-25-2025-Radlobby-von-Sebastian-Busch.png\",\"width\":1042,\"height\":781},{\"@type\":\"BreadcrumbList\",\"@id\":\"https:\/\/www.radlobby.org\/noe\/radlobby-bad-voeslau-radtouren-familienfreundlich-anfaengertauglich-mit-start-in-voeslau\/#breadcrumb\",\"itemListElement\":[{\"@type\":\"ListItem\",\"position\":1,\"name\":\"Startseite\",\"item\":\"https:\/\/www.radlobby.org\/noe\/\"},{\"@type\":\"ListItem\",\"position\":2,\"name\":\"Bad V\u00f6slau | Radtouren &#8211; familienfreundlich, anf\u00e4ngertauglich, mit Start in V\u00f6slau\"}]},{\"@type\":\"WebSite\",\"@id\":\"https:\/\/www.radlobby.org\/noe\/#website\",\"url\":\"https:\/\/www.radlobby.org\/noe\/\",\"name\":\"Radlobby Nieder\u00f6sterreich\",\"description\":\"Radverkehr, Fahrrad, Radfahren, Radreisen, Radtouren, Radweg\",\"publisher\":{\"@id\":\"https:\/\/www.radlobby.org\/noe\/#organization\"},\"potentialAction\":[{\"@type\":\"SearchAction\",\"target\":{\"@type\":\"EntryPoint\",\"urlTemplate\":\"https:\/\/www.radlobby.org\/noe\/?s={search_term_string}\"},\"query-input\":{\"@type\":\"PropertyValueSpecification\",\"valueRequired\":true,\"valueName\":\"search_term_string\"}}],\"inLanguage\":\"de\"},{\"@type\":\"Organization\",\"@id\":\"https:\/\/www.radlobby.org\/noe\/#organization\",\"name\":\"Radlobby Nieder\u00f6sterreich\",\"url\":\"https:\/\/www.radlobby.org\/noe\/\",\"logo\":{\"@type\":\"ImageObject\",\"inLanguage\":\"de\",\"@id\":\"https:\/\/www.radlobby.org\/noe\/#\/schema\/logo\/image\/\",\"url\":\"https:\/\/www.radlobby.org\/noe\/wp-content\/uploads\/2017\/01\/cropped-Logo_Radlobby_Niederoesterreich_50-400px_quer-1.jpg\",\"contentUrl\":\"https:\/\/www.radlobby.org\/noe\/wp-content\/uploads\/2017\/01\/cropped-Logo_Radlobby_Niederoesterreich_50-400px_quer-1.jpg\",\"width\":450,\"height\":124,\"caption\":\"Radlobby Nieder\u00f6sterreich\"},\"image\":{\"@id\":\"https:\/\/www.radlobby.org\/noe\/#\/schema\/logo\/image\/\"},\"sameAs\":[\"https:\/\/www.facebook.com\/groups\/radfahren.in.noe\/\"]},{\"@type\":\"Person\",\"@id\":\"https:\/\/www.radlobby.org\/noe\/#\/schema\/person\/3d46d5baaa32e9fab65201812c570448\",\"name\":\"Laura Kafka\",\"image\":{\"@type\":\"ImageObject\",\"inLanguage\":\"de\",\"@id\":\"https:\/\/www.radlobby.org\/noe\/#\/schema\/person\/image\/\",\"url\":\"https:\/\/secure.gravatar.com\/avatar\/141ec437f27b3084bc6c91857d881288555812a76d2e9c6af9f4ba5f626465e7?s=96&d=mm&r=g\",\"contentUrl\":\"https:\/\/secure.gravatar.com\/avatar\/141ec437f27b3084bc6c91857d881288555812a76d2e9c6af9f4ba5f626465e7?s=96&d=mm&r=g\",\"caption\":\"Laura Kafka\"},\"url\":\"https:\/\/www.radlobby.org\/noe\/author\/laura-kafka\/\"}]}<\/script>\n<!-- \/ Yoast SEO plugin. -->","yoast_head_json":{"title":"Bad V\u00f6slau | Radtouren - familienfreundlich, anf\u00e4ngertauglich, mit Start in V\u00f6slau - Radlobby Nieder\u00f6sterreich","robots":{"index":"index","follow":"follow","max-snippet":"max-snippet:-1","max-image-preview":"max-image-preview:large","max-video-preview":"max-video-preview:-1"},"canonical":"https:\/\/www.radlobby.org\/noe\/radlobby-bad-voeslau-radtouren-familienfreundlich-anfaengertauglich-mit-start-in-voeslau\/","og_locale":"de_DE","og_type":"article","og_title":"Bad V\u00f6slau | Radtouren - familienfreundlich, anf\u00e4ngertauglich, mit Start in V\u00f6slau - Radlobby Nieder\u00f6sterreich","og_description":"&#x1f6b4;&#x200d;&#x2640;&#xfe0f; Radtouren \u2013 familienfreundlich, anf\u00e4ngertauglich, mit Start in Bad V\u00f6slau Du suchst nach gem\u00fctlichen Radtouren, die du entspannt mit der Familie oder als Einsteiger:in genie\u00dfen kannst? Dann bist du hier genau richtig! Wir stellen hier Touren vor, die wir selbst","og_url":"https:\/\/www.radlobby.org\/noe\/radlobby-bad-voeslau-radtouren-familienfreundlich-anfaengertauglich-mit-start-in-voeslau\/","og_site_name":"Radlobby Nieder\u00f6sterreich","article_publisher":"https:\/\/www.facebook.com\/groups\/radfahren.in.noe\/","article_published_time":"2025-04-14T09:12:59+00:00","article_modified_time":"2026-04-01T10:31:10+00:00","og_image":[{"width":1042,"height":781,"url":"https:\/\/www.radlobby.org\/noe\/wp-content\/uploads\/Screenshot-2025-04-20-at-17-08-25-2025-Radlobby-von-Sebastian-Busch.png","type":"image\/png"}],"author":"Laura Kafka","twitter_card":"summary_large_image","twitter_misc":{"Verfasst von":"Laura Kafka","Gesch\u00e4tzte Lesezeit":"5\u00a0Minuten"},"schema":{"@context":"https:\/\/schema.org","@graph":[{"@type":"Article","@id":"https:\/\/www.radlobby.org\/noe\/radlobby-bad-voeslau-radtouren-familienfreundlich-anfaengertauglich-mit-start-in-voeslau\/#article","isPartOf":{"@id":"https:\/\/www.radlobby.org\/noe\/radlobby-bad-voeslau-radtouren-familienfreundlich-anfaengertauglich-mit-start-in-voeslau\/"},"author":{"name":"Laura Kafka","@id":"https:\/\/www.radlobby.org\/noe\/#\/schema\/person\/3d46d5baaa32e9fab65201812c570448"},"headline":"Bad V\u00f6slau | Radtouren &#8211; familienfreundlich, anf\u00e4ngertauglich, mit Start in V\u00f6slau","datePublished":"2025-04-14T09:12:59+00:00","dateModified":"2026-04-01T10:31:10+00:00","mainEntityOfPage":{"@id":"https:\/\/www.radlobby.org\/noe\/radlobby-bad-voeslau-radtouren-familienfreundlich-anfaengertauglich-mit-start-in-voeslau\/"},"wordCount":784,"publisher":{"@id":"https:\/\/www.radlobby.org\/noe\/#organization"},"image":{"@id":"https:\/\/www.radlobby.org\/noe\/radlobby-bad-voeslau-radtouren-familienfreundlich-anfaengertauglich-mit-start-in-voeslau\/#primaryimage"},"thumbnailUrl":"https:\/\/www.radlobby.org\/noe\/wp-content\/uploads\/Screenshot-2025-04-20-at-17-08-25-2025-Radlobby-von-Sebastian-Busch.png","articleSection":["Radlobby Bad V\u00f6slau"],"inLanguage":"de"},{"@type":"WebPage","@id":"https:\/\/www.radlobby.org\/noe\/radlobby-bad-voeslau-radtouren-familienfreundlich-anfaengertauglich-mit-start-in-voeslau\/","url":"https:\/\/www.radlobby.org\/noe\/radlobby-bad-voeslau-radtouren-familienfreundlich-anfaengertauglich-mit-start-in-voeslau\/","name":"Bad V\u00f6slau | Radtouren - familienfreundlich, anf\u00e4ngertauglich, mit Start in V\u00f6slau - Radlobby Nieder\u00f6sterreich","isPartOf":{"@id":"https:\/\/www.radlobby.org\/noe\/#website"},"primaryImageOfPage":{"@id":"https:\/\/www.radlobby.org\/noe\/radlobby-bad-voeslau-radtouren-familienfreundlich-anfaengertauglich-mit-start-in-voeslau\/#primaryimage"},"image":{"@id":"https:\/\/www.radlobby.org\/noe\/radlobby-bad-voeslau-radtouren-familienfreundlich-anfaengertauglich-mit-start-in-voeslau\/#primaryimage"},"thumbnailUrl":"https:\/\/www.radlobby.org\/noe\/wp-content\/uploads\/Screenshot-2025-04-20-at-17-08-25-2025-Radlobby-von-Sebastian-Busch.png","datePublished":"2025-04-14T09:12:59+00:00","dateModified":"2026-04-01T10:31:10+00:00","breadcrumb":{"@id":"https:\/\/www.radlobby.org\/noe\/radlobby-bad-voeslau-radtouren-familienfreundlich-anfaengertauglich-mit-start-in-voeslau\/#breadcrumb"},"inLanguage":"de","potentialAction":[{"@type":"ReadAction","target":["https:\/\/www.radlobby.org\/noe\/radlobby-bad-voeslau-radtouren-familienfreundlich-anfaengertauglich-mit-start-in-voeslau\/"]}]},{"@type":"ImageObject","inLanguage":"de","@id":"https:\/\/www.radlobby.org\/noe\/radlobby-bad-voeslau-radtouren-familienfreundlich-anfaengertauglich-mit-start-in-voeslau\/#primaryimage","url":"https:\/\/www.radlobby.org\/noe\/wp-content\/uploads\/Screenshot-2025-04-20-at-17-08-25-2025-Radlobby-von-Sebastian-Busch.png","contentUrl":"https:\/\/www.radlobby.org\/noe\/wp-content\/uploads\/Screenshot-2025-04-20-at-17-08-25-2025-Radlobby-von-Sebastian-Busch.png","width":1042,"height":781},{"@type":"BreadcrumbList","@id":"https:\/\/www.radlobby.org\/noe\/radlobby-bad-voeslau-radtouren-familienfreundlich-anfaengertauglich-mit-start-in-voeslau\/#breadcrumb","itemListElement":[{"@type":"ListItem","position":1,"name":"Startseite","item":"https:\/\/www.radlobby.org\/noe\/"},{"@type":"ListItem","position":2,"name":"Bad V\u00f6slau | Radtouren &#8211; familienfreundlich, anf\u00e4ngertauglich, mit Start in V\u00f6slau"}]},{"@type":"WebSite","@id":"https:\/\/www.radlobby.org\/noe\/#website","url":"https:\/\/www.radlobby.org\/noe\/","name":"Radlobby Nieder\u00f6sterreich","description":"Radverkehr, Fahrrad, Radfahren, Radreisen, Radtouren, Radweg","publisher":{"@id":"https:\/\/www.radlobby.org\/noe\/#organization"},"potentialAction":[{"@type":"SearchAction","target":{"@type":"EntryPoint","urlTemplate":"https:\/\/www.radlobby.org\/noe\/?s={search_term_string}"},"query-input":{"@type":"PropertyValueSpecification","valueRequired":true,"valueName":"search_term_string"}}],"inLanguage":"de"},{"@type":"Organization","@id":"https:\/\/www.radlobby.org\/noe\/#organization","name":"Radlobby Nieder\u00f6sterreich","url":"https:\/\/www.radlobby.org\/noe\/","logo":{"@type":"ImageObject","inLanguage":"de","@id":"https:\/\/www.radlobby.org\/noe\/#\/schema\/logo\/image\/","url":"https:\/\/www.radlobby.org\/noe\/wp-content\/uploads\/2017\/01\/cropped-Logo_Radlobby_Niederoesterreich_50-400px_quer-1.jpg","contentUrl":"https:\/\/www.radlobby.org\/noe\/wp-content\/uploads\/2017\/01\/cropped-Logo_Radlobby_Niederoesterreich_50-400px_quer-1.jpg","width":450,"height":124,"caption":"Radlobby Nieder\u00f6sterreich"},"image":{"@id":"https:\/\/www.radlobby.org\/noe\/#\/schema\/logo\/image\/"},"sameAs":["https:\/\/www.facebook.com\/groups\/radfahren.in.noe\/"]},{"@type":"Person","@id":"https:\/\/www.radlobby.org\/noe\/#\/schema\/person\/3d46d5baaa32e9fab65201812c570448","name":"Laura Kafka","image":{"@type":"ImageObject","inLanguage":"de","@id":"https:\/\/www.radlobby.org\/noe\/#\/schema\/person\/image\/","url":"https:\/\/secure.gravatar.com\/avatar\/141ec437f27b3084bc6c91857d881288555812a76d2e9c6af9f4ba5f626465e7?s=96&d=mm&r=g","contentUrl":"https:\/\/secure.gravatar.com\/avatar\/141ec437f27b3084bc6c91857d881288555812a76d2e9c6af9f4ba5f626465e7?s=96&d=mm&r=g","caption":"Laura Kafka"},"url":"https:\/\/www.radlobby.org\/noe\/author\/laura-kafka\/"}]}},"_links":{"self":[{"href":"https:\/\/www.radlobby.org\/noe\/wp-json\/wp\/v2\/posts\/38611","targetHints":{"allow":["GET"]}}],"collection":[{"href":"https:\/\/www.radlobby.org\/noe\/wp-json\/wp\/v2\/posts"}],"about":[{"href":"https:\/\/www.radlobby.org\/noe\/wp-json\/wp\/v2\/types\/post"}],"author":[{"embeddable":true,"href":"https:\/\/www.radlobby.org\/noe\/wp-json\/wp\/v2\/users\/65"}],"replies":[{"embeddable":true,"href":"https:\/\/www.radlobby.org\/noe\/wp-json\/wp\/v2\/comments?post=38611"}],"version-history":[{"count":14,"href":"https:\/\/www.radlobby.org\/noe\/wp-json\/wp\/v2\/posts\/38611\/revisions"}],"predecessor-version":[{"id":41589,"href":"https:\/\/www.radlobby.org\/noe\/wp-json\/wp\/v2\/posts\/38611\/revisions\/41589"}],"wp:featuredmedia":[{"embeddable":true,"href":"https:\/\/www.radlobby.org\/noe\/wp-json\/wp\/v2\/media\/38753"}],"wp:attachment":[{"href":"https:\/\/www.radlobby.org\/noe\/wp-json\/wp\/v2\/media?parent=38611"}],"wp:term":[{"taxonomy":"category","embeddable":true,"href":"https:\/\/www.radlobby.org\/noe\/wp-json\/wp\/v2\/categories?post=38611"},{"taxonomy":"post_tag","embeddable":true,"href":"https:\/\/www.radlobby.org\/noe\/wp-json\/wp\/v2\/tags?post=38611"}],"curies":[{"name":"wp","href":"https:\/\/api.w.org\/{rel}","templated":true}]}}