{"id":38425,"date":"2025-05-03T09:00:41","date_gmt":"2025-05-03T07:00:41","guid":{"rendered":"https:\/\/www.radlobby.org\/noe\/?p=38425"},"modified":"2025-05-24T23:11:03","modified_gmt":"2025-05-24T21:11:03","slug":"6-wolkersdorfer-radparade","status":"publish","type":"post","link":"https:\/\/www.radlobby.org\/noe\/6-wolkersdorfer-radparade\/","title":{"rendered":"6. Wolkersdorfer RADpaRADe"},"content":{"rendered":"<p>Setzen wir wieder gemeinsam ein Zeichen, dass der \u00f6ffentliche Raum \u2013 dazu z\u00e4hlen vor allem auch die Stra\u00dfen \u2013 uns allen geh\u00f6rt.<\/p>\n<h3>Start: 24. Mai 2025, 10 Uhr<br \/>\nHauptplatz Wolkersdorf<\/h3>\n<div class=\"gmail_default\">\n<p class=\"gmail_default\">Alle, die ein Fahrrad lenken k\u00f6nnen \u2013 egal, wie alt oder jung, gro\u00df oder klein \u2013 sind herzlich eingeladen, am 24.5.2025 um 10 Uhr mit ihren Fahrzeugen am Wolkersdorfer Hauptplatz zu kommen. Gemeinsam wollen wir wieder eine Rundfahrt durch Wolkersdorf und Obersdorf machen und ein Zeichen f\u00fcr klimafreundliche Mobilit\u00e4t setzen.<\/p>\n<h3 class=\"gmail_default\">Ziel ist der Schlossplatz<\/h3>\n<div class=\"gmail_default\">\n<div class=\"gmail_default\">\n<div class=\"gmail_default\">Die Rundfahrt wird ca. eine Stunde dauern und am Schlossplatz enden.<\/div>\n<div>Hier informieren wir gerne noch \u00fcber unsere Aktivit\u00e4ten und freuen uns \u00fcber einen Austausch mit euch.<\/div>\n<div>Es gibt Getr\u00e4nke und Knabbereien.<\/div>\n<div><\/div>\n<\/div>\n<\/div>\n<\/div>\n<div class=\"gmail_default\">\n<div class=\"gmail_default\">\n<div><strong>Die Strecke:<\/strong><\/div>\n<\/div>\n<\/div>\n<div>\n<p><iframe loading=\"lazy\" src=\"https:\/\/www.komoot.com\/de-de\/tour\/2060271236\/embed?share_token=aSJGrao8KL53G86XgRJSrbhViO6z3Rf68P2Yp2vq1ljG0xUDnH&amp;profile=1\" width=\"100%\" height=\"700\" frameborder=\"0\" scrolling=\"no\"><\/iframe><\/p>\n<p>Zur Einstimmung gibt\u00b4s hier Bilder von 2024 zu sehen:<\/p>\n<p><img loading=\"lazy\" decoding=\"async\" class=\"alignnone size-medium wp-image-35174\" src=\"https:\/\/www.radlobby.org\/noe\/wp-content\/uploads\/2024_Radfest_Wodo_30-225x300.jpg\" alt=\"\" width=\"225\" height=\"300\" srcset=\"https:\/\/www.radlobby.org\/noe\/wp-content\/uploads\/2024_Radfest_Wodo_30-225x300.jpg 225w, https:\/\/www.radlobby.org\/noe\/wp-content\/uploads\/2024_Radfest_Wodo_30-768x1024.jpg 768w, https:\/\/www.radlobby.org\/noe\/wp-content\/uploads\/2024_Radfest_Wodo_30-1152x1536.jpg 1152w, https:\/\/www.radlobby.org\/noe\/wp-content\/uploads\/2024_Radfest_Wodo_30-1536x2048.jpg 1536w, https:\/\/www.radlobby.org\/noe\/wp-content\/uploads\/2024_Radfest_Wodo_30-scaled.jpg 1920w\" sizes=\"auto, (max-width: 225px) 100vw, 225px\" \/> <img loading=\"lazy\" decoding=\"async\" class=\"alignnone size-medium wp-image-35157\" src=\"https:\/\/www.radlobby.org\/noe\/wp-content\/uploads\/2024_Radfest_Wodo_13-225x300.jpg\" alt=\"\" width=\"225\" height=\"300\" srcset=\"https:\/\/www.radlobby.org\/noe\/wp-content\/uploads\/2024_Radfest_Wodo_13-225x300.jpg 225w, https:\/\/www.radlobby.org\/noe\/wp-content\/uploads\/2024_Radfest_Wodo_13-768x1024.jpg 768w, https:\/\/www.radlobby.org\/noe\/wp-content\/uploads\/2024_Radfest_Wodo_13-1152x1536.jpg 1152w, https:\/\/www.radlobby.org\/noe\/wp-content\/uploads\/2024_Radfest_Wodo_13-1536x2048.jpg 1536w, https:\/\/www.radlobby.org\/noe\/wp-content\/uploads\/2024_Radfest_Wodo_13.jpg 1814w\" sizes=\"auto, (max-width: 225px) 100vw, 225px\" \/> <img loading=\"lazy\" decoding=\"async\" class=\"alignnone size-medium wp-image-35152\" src=\"https:\/\/www.radlobby.org\/noe\/wp-content\/uploads\/2024_Radfest_Wodo_08-230x300.jpg\" alt=\"\" width=\"230\" height=\"300\" srcset=\"https:\/\/www.radlobby.org\/noe\/wp-content\/uploads\/2024_Radfest_Wodo_08-230x300.jpg 230w, https:\/\/www.radlobby.org\/noe\/wp-content\/uploads\/2024_Radfest_Wodo_08-768x1003.jpg 768w, https:\/\/www.radlobby.org\/noe\/wp-content\/uploads\/2024_Radfest_Wodo_08-1176x1536.jpg 1176w, https:\/\/www.radlobby.org\/noe\/wp-content\/uploads\/2024_Radfest_Wodo_08.jpg 1372w\" sizes=\"auto, (max-width: 230px) 100vw, 230px\" \/>\u00a0 <img loading=\"lazy\" decoding=\"async\" class=\"alignnone size-medium wp-image-35149\" src=\"https:\/\/www.radlobby.org\/noe\/wp-content\/uploads\/2024_Radfest_Wodo_05-300x225.jpg\" alt=\"\" width=\"300\" height=\"225\" srcset=\"https:\/\/www.radlobby.org\/noe\/wp-content\/uploads\/2024_Radfest_Wodo_05-300x225.jpg 300w, https:\/\/www.radlobby.org\/noe\/wp-content\/uploads\/2024_Radfest_Wodo_05-768x576.jpg 768w, https:\/\/www.radlobby.org\/noe\/wp-content\/uploads\/2024_Radfest_Wodo_05-1536x1152.jpg 1536w, https:\/\/www.radlobby.org\/noe\/wp-content\/uploads\/2024_Radfest_Wodo_05-2048x1536.jpg 2048w\" sizes=\"auto, (max-width: 300px) 100vw, 300px\" \/><\/p>\n<\/div>\n","protected":false},"excerpt":{"rendered":"<p>Setzen wir wieder gemeinsam ein Zeichen, dass der \u00f6ffentliche Raum \u2013 dazu z\u00e4hlen vor allem auch die Stra\u00dfen \u2013 uns allen geh\u00f6rt. Start: 24. Mai 2025, 10 Uhr Hauptplatz Wolkersdorf Alle, die ein Fahrrad lenken k\u00f6nnen \u2013 egal, wie alt<\/p>\n","protected":false},"author":3,"featured_media":24204,"comment_status":"closed","ping_status":"closed","sticky":false,"template":"","format":"standard","meta":{"footnotes":""},"categories":[80,11,6,20,16],"tags":[30,79],"class_list":["post-38425","post","type-post","status-publish","format-standard","has-post-thumbnail","hentry","category-deutsch-wagram","category-korneuburg","category-mistelbach","category-niederoesterreich","category-wolkersdorf","tag-radparade","tag-wolkersdorf"],"yoast_head":"<!-- This site is optimized with the Yoast SEO plugin v26.9 - https:\/\/yoast.com\/product\/yoast-seo-wordpress\/ -->\n<title>6. Wolkersdorfer RADpaRADe - Radlobby Nieder\u00f6sterreich<\/title>\n<meta name=\"robots\" content=\"index, follow, max-snippet:-1, max-image-preview:large, max-video-preview:-1\" \/>\n<link rel=\"canonical\" href=\"https:\/\/www.radlobby.org\/noe\/6-wolkersdorfer-radparade\/\" \/>\n<meta property=\"og:locale\" content=\"de_DE\" \/>\n<meta property=\"og:type\" content=\"article\" \/>\n<meta property=\"og:title\" content=\"6. Wolkersdorfer RADpaRADe - Radlobby Nieder\u00f6sterreich\" \/>\n<meta property=\"og:description\" content=\"Setzen wir wieder gemeinsam ein Zeichen, dass der \u00f6ffentliche Raum \u2013 dazu z\u00e4hlen vor allem auch die Stra\u00dfen \u2013 uns allen geh\u00f6rt. Start: 24. Mai 2025, 10 Uhr Hauptplatz Wolkersdorf Alle, die ein Fahrrad lenken k\u00f6nnen \u2013 egal, wie alt\" \/>\n<meta property=\"og:url\" content=\"https:\/\/www.radlobby.org\/noe\/6-wolkersdorfer-radparade\/\" \/>\n<meta property=\"og:site_name\" content=\"Radlobby Nieder\u00f6sterreich\" \/>\n<meta property=\"article:publisher\" content=\"https:\/\/www.facebook.com\/groups\/radfahren.in.noe\/\" \/>\n<meta property=\"article:published_time\" content=\"2025-05-03T07:00:41+00:00\" \/>\n<meta property=\"article:modified_time\" content=\"2025-05-24T21:11:03+00:00\" \/>\n<meta property=\"og:image\" content=\"https:\/\/www.radlobby.org\/noe\/wp-content\/uploads\/2022_Radparade_68.jpg\" \/>\n\t<meta property=\"og:image:width\" content=\"799\" \/>\n\t<meta property=\"og:image:height\" content=\"530\" \/>\n\t<meta property=\"og:image:type\" content=\"image\/jpeg\" \/>\n<meta name=\"author\" content=\"Hermann Hiebner\" \/>\n<meta name=\"twitter:card\" content=\"summary_large_image\" \/>\n<meta name=\"twitter:label1\" content=\"Verfasst von\" \/>\n\t<meta name=\"twitter:data1\" content=\"Hermann Hiebner\" \/>\n\t<meta name=\"twitter:label2\" content=\"Gesch\u00e4tzte Lesezeit\" \/>\n\t<meta name=\"twitter:data2\" content=\"2\u00a0Minuten\" \/>\n<script type=\"application\/ld+json\" class=\"yoast-schema-graph\">{\"@context\":\"https:\/\/schema.org\",\"@graph\":[{\"@type\":\"Article\",\"@id\":\"https:\/\/www.radlobby.org\/noe\/6-wolkersdorfer-radparade\/#article\",\"isPartOf\":{\"@id\":\"https:\/\/www.radlobby.org\/noe\/6-wolkersdorfer-radparade\/\"},\"author\":{\"name\":\"Hermann Hiebner\",\"@id\":\"https:\/\/www.radlobby.org\/noe\/#\/schema\/person\/c91605b70aca449bea4cb27190b0dbe2\"},\"headline\":\"6. Wolkersdorfer RADpaRADe\",\"datePublished\":\"2025-05-03T07:00:41+00:00\",\"dateModified\":\"2025-05-24T21:11:03+00:00\",\"mainEntityOfPage\":{\"@id\":\"https:\/\/www.radlobby.org\/noe\/6-wolkersdorfer-radparade\/\"},\"wordCount\":128,\"publisher\":{\"@id\":\"https:\/\/www.radlobby.org\/noe\/#organization\"},\"image\":{\"@id\":\"https:\/\/www.radlobby.org\/noe\/6-wolkersdorfer-radparade\/#primaryimage\"},\"thumbnailUrl\":\"https:\/\/www.radlobby.org\/noe\/wp-content\/uploads\/2022_Radparade_68.jpg\",\"keywords\":[\"Radparade\",\"wolkersdorf\"],\"articleSection\":[\"Radlobby Deutsch-Wagram\",\"Radlobby Korneuburg\",\"Radlobby Mistelbach\",\"Radlobby Nieder\u00f6sterreich\",\"Radlobby Wolkersdorf\"],\"inLanguage\":\"de\"},{\"@type\":\"WebPage\",\"@id\":\"https:\/\/www.radlobby.org\/noe\/6-wolkersdorfer-radparade\/\",\"url\":\"https:\/\/www.radlobby.org\/noe\/6-wolkersdorfer-radparade\/\",\"name\":\"6. Wolkersdorfer RADpaRADe - Radlobby Nieder\u00f6sterreich\",\"isPartOf\":{\"@id\":\"https:\/\/www.radlobby.org\/noe\/#website\"},\"primaryImageOfPage\":{\"@id\":\"https:\/\/www.radlobby.org\/noe\/6-wolkersdorfer-radparade\/#primaryimage\"},\"image\":{\"@id\":\"https:\/\/www.radlobby.org\/noe\/6-wolkersdorfer-radparade\/#primaryimage\"},\"thumbnailUrl\":\"https:\/\/www.radlobby.org\/noe\/wp-content\/uploads\/2022_Radparade_68.jpg\",\"datePublished\":\"2025-05-03T07:00:41+00:00\",\"dateModified\":\"2025-05-24T21:11:03+00:00\",\"breadcrumb\":{\"@id\":\"https:\/\/www.radlobby.org\/noe\/6-wolkersdorfer-radparade\/#breadcrumb\"},\"inLanguage\":\"de\",\"potentialAction\":[{\"@type\":\"ReadAction\",\"target\":[\"https:\/\/www.radlobby.org\/noe\/6-wolkersdorfer-radparade\/\"]}]},{\"@type\":\"ImageObject\",\"inLanguage\":\"de\",\"@id\":\"https:\/\/www.radlobby.org\/noe\/6-wolkersdorfer-radparade\/#primaryimage\",\"url\":\"https:\/\/www.radlobby.org\/noe\/wp-content\/uploads\/2022_Radparade_68.jpg\",\"contentUrl\":\"https:\/\/www.radlobby.org\/noe\/wp-content\/uploads\/2022_Radparade_68.jpg\",\"width\":799,\"height\":530},{\"@type\":\"BreadcrumbList\",\"@id\":\"https:\/\/www.radlobby.org\/noe\/6-wolkersdorfer-radparade\/#breadcrumb\",\"itemListElement\":[{\"@type\":\"ListItem\",\"position\":1,\"name\":\"Startseite\",\"item\":\"https:\/\/www.radlobby.org\/noe\/\"},{\"@type\":\"ListItem\",\"position\":2,\"name\":\"6. Wolkersdorfer RADpaRADe\"}]},{\"@type\":\"WebSite\",\"@id\":\"https:\/\/www.radlobby.org\/noe\/#website\",\"url\":\"https:\/\/www.radlobby.org\/noe\/\",\"name\":\"Radlobby Nieder\u00f6sterreich\",\"description\":\"Radverkehr, Fahrrad, Radfahren, Radreisen, Radtouren, Radweg\",\"publisher\":{\"@id\":\"https:\/\/www.radlobby.org\/noe\/#organization\"},\"potentialAction\":[{\"@type\":\"SearchAction\",\"target\":{\"@type\":\"EntryPoint\",\"urlTemplate\":\"https:\/\/www.radlobby.org\/noe\/?s={search_term_string}\"},\"query-input\":{\"@type\":\"PropertyValueSpecification\",\"valueRequired\":true,\"valueName\":\"search_term_string\"}}],\"inLanguage\":\"de\"},{\"@type\":\"Organization\",\"@id\":\"https:\/\/www.radlobby.org\/noe\/#organization\",\"name\":\"Radlobby Nieder\u00f6sterreich\",\"url\":\"https:\/\/www.radlobby.org\/noe\/\",\"logo\":{\"@type\":\"ImageObject\",\"inLanguage\":\"de\",\"@id\":\"https:\/\/www.radlobby.org\/noe\/#\/schema\/logo\/image\/\",\"url\":\"https:\/\/www.radlobby.org\/noe\/wp-content\/uploads\/2017\/01\/cropped-Logo_Radlobby_Niederoesterreich_50-400px_quer-1.jpg\",\"contentUrl\":\"https:\/\/www.radlobby.org\/noe\/wp-content\/uploads\/2017\/01\/cropped-Logo_Radlobby_Niederoesterreich_50-400px_quer-1.jpg\",\"width\":450,\"height\":124,\"caption\":\"Radlobby Nieder\u00f6sterreich\"},\"image\":{\"@id\":\"https:\/\/www.radlobby.org\/noe\/#\/schema\/logo\/image\/\"},\"sameAs\":[\"https:\/\/www.facebook.com\/groups\/radfahren.in.noe\/\"]},{\"@type\":\"Person\",\"@id\":\"https:\/\/www.radlobby.org\/noe\/#\/schema\/person\/c91605b70aca449bea4cb27190b0dbe2\",\"name\":\"Hermann Hiebner\",\"image\":{\"@type\":\"ImageObject\",\"inLanguage\":\"de\",\"@id\":\"https:\/\/www.radlobby.org\/noe\/#\/schema\/person\/image\/\",\"url\":\"https:\/\/secure.gravatar.com\/avatar\/d9d442cd70d260be25a46bab5f85206043aabce00da594192c593e7d4fc65f72?s=96&d=mm&r=g\",\"contentUrl\":\"https:\/\/secure.gravatar.com\/avatar\/d9d442cd70d260be25a46bab5f85206043aabce00da594192c593e7d4fc65f72?s=96&d=mm&r=g\",\"caption\":\"Hermann Hiebner\"},\"url\":\"https:\/\/www.radlobby.org\/noe\/author\/hermannhiebner\/\"}]}<\/script>\n<!-- \/ Yoast SEO plugin. -->","yoast_head_json":{"title":"6. Wolkersdorfer RADpaRADe - Radlobby Nieder\u00f6sterreich","robots":{"index":"index","follow":"follow","max-snippet":"max-snippet:-1","max-image-preview":"max-image-preview:large","max-video-preview":"max-video-preview:-1"},"canonical":"https:\/\/www.radlobby.org\/noe\/6-wolkersdorfer-radparade\/","og_locale":"de_DE","og_type":"article","og_title":"6. Wolkersdorfer RADpaRADe - Radlobby Nieder\u00f6sterreich","og_description":"Setzen wir wieder gemeinsam ein Zeichen, dass der \u00f6ffentliche Raum \u2013 dazu z\u00e4hlen vor allem auch die Stra\u00dfen \u2013 uns allen geh\u00f6rt. Start: 24. Mai 2025, 10 Uhr Hauptplatz Wolkersdorf Alle, die ein Fahrrad lenken k\u00f6nnen \u2013 egal, wie alt","og_url":"https:\/\/www.radlobby.org\/noe\/6-wolkersdorfer-radparade\/","og_site_name":"Radlobby Nieder\u00f6sterreich","article_publisher":"https:\/\/www.facebook.com\/groups\/radfahren.in.noe\/","article_published_time":"2025-05-03T07:00:41+00:00","article_modified_time":"2025-05-24T21:11:03+00:00","og_image":[{"width":799,"height":530,"url":"https:\/\/www.radlobby.org\/noe\/wp-content\/uploads\/2022_Radparade_68.jpg","type":"image\/jpeg"}],"author":"Hermann Hiebner","twitter_card":"summary_large_image","twitter_misc":{"Verfasst von":"Hermann Hiebner","Gesch\u00e4tzte Lesezeit":"2\u00a0Minuten"},"schema":{"@context":"https:\/\/schema.org","@graph":[{"@type":"Article","@id":"https:\/\/www.radlobby.org\/noe\/6-wolkersdorfer-radparade\/#article","isPartOf":{"@id":"https:\/\/www.radlobby.org\/noe\/6-wolkersdorfer-radparade\/"},"author":{"name":"Hermann Hiebner","@id":"https:\/\/www.radlobby.org\/noe\/#\/schema\/person\/c91605b70aca449bea4cb27190b0dbe2"},"headline":"6. Wolkersdorfer RADpaRADe","datePublished":"2025-05-03T07:00:41+00:00","dateModified":"2025-05-24T21:11:03+00:00","mainEntityOfPage":{"@id":"https:\/\/www.radlobby.org\/noe\/6-wolkersdorfer-radparade\/"},"wordCount":128,"publisher":{"@id":"https:\/\/www.radlobby.org\/noe\/#organization"},"image":{"@id":"https:\/\/www.radlobby.org\/noe\/6-wolkersdorfer-radparade\/#primaryimage"},"thumbnailUrl":"https:\/\/www.radlobby.org\/noe\/wp-content\/uploads\/2022_Radparade_68.jpg","keywords":["Radparade","wolkersdorf"],"articleSection":["Radlobby Deutsch-Wagram","Radlobby Korneuburg","Radlobby Mistelbach","Radlobby Nieder\u00f6sterreich","Radlobby Wolkersdorf"],"inLanguage":"de"},{"@type":"WebPage","@id":"https:\/\/www.radlobby.org\/noe\/6-wolkersdorfer-radparade\/","url":"https:\/\/www.radlobby.org\/noe\/6-wolkersdorfer-radparade\/","name":"6. Wolkersdorfer RADpaRADe - Radlobby Nieder\u00f6sterreich","isPartOf":{"@id":"https:\/\/www.radlobby.org\/noe\/#website"},"primaryImageOfPage":{"@id":"https:\/\/www.radlobby.org\/noe\/6-wolkersdorfer-radparade\/#primaryimage"},"image":{"@id":"https:\/\/www.radlobby.org\/noe\/6-wolkersdorfer-radparade\/#primaryimage"},"thumbnailUrl":"https:\/\/www.radlobby.org\/noe\/wp-content\/uploads\/2022_Radparade_68.jpg","datePublished":"2025-05-03T07:00:41+00:00","dateModified":"2025-05-24T21:11:03+00:00","breadcrumb":{"@id":"https:\/\/www.radlobby.org\/noe\/6-wolkersdorfer-radparade\/#breadcrumb"},"inLanguage":"de","potentialAction":[{"@type":"ReadAction","target":["https:\/\/www.radlobby.org\/noe\/6-wolkersdorfer-radparade\/"]}]},{"@type":"ImageObject","inLanguage":"de","@id":"https:\/\/www.radlobby.org\/noe\/6-wolkersdorfer-radparade\/#primaryimage","url":"https:\/\/www.radlobby.org\/noe\/wp-content\/uploads\/2022_Radparade_68.jpg","contentUrl":"https:\/\/www.radlobby.org\/noe\/wp-content\/uploads\/2022_Radparade_68.jpg","width":799,"height":530},{"@type":"BreadcrumbList","@id":"https:\/\/www.radlobby.org\/noe\/6-wolkersdorfer-radparade\/#breadcrumb","itemListElement":[{"@type":"ListItem","position":1,"name":"Startseite","item":"https:\/\/www.radlobby.org\/noe\/"},{"@type":"ListItem","position":2,"name":"6. Wolkersdorfer RADpaRADe"}]},{"@type":"WebSite","@id":"https:\/\/www.radlobby.org\/noe\/#website","url":"https:\/\/www.radlobby.org\/noe\/","name":"Radlobby Nieder\u00f6sterreich","description":"Radverkehr, Fahrrad, Radfahren, Radreisen, Radtouren, Radweg","publisher":{"@id":"https:\/\/www.radlobby.org\/noe\/#organization"},"potentialAction":[{"@type":"SearchAction","target":{"@type":"EntryPoint","urlTemplate":"https:\/\/www.radlobby.org\/noe\/?s={search_term_string}"},"query-input":{"@type":"PropertyValueSpecification","valueRequired":true,"valueName":"search_term_string"}}],"inLanguage":"de"},{"@type":"Organization","@id":"https:\/\/www.radlobby.org\/noe\/#organization","name":"Radlobby Nieder\u00f6sterreich","url":"https:\/\/www.radlobby.org\/noe\/","logo":{"@type":"ImageObject","inLanguage":"de","@id":"https:\/\/www.radlobby.org\/noe\/#\/schema\/logo\/image\/","url":"https:\/\/www.radlobby.org\/noe\/wp-content\/uploads\/2017\/01\/cropped-Logo_Radlobby_Niederoesterreich_50-400px_quer-1.jpg","contentUrl":"https:\/\/www.radlobby.org\/noe\/wp-content\/uploads\/2017\/01\/cropped-Logo_Radlobby_Niederoesterreich_50-400px_quer-1.jpg","width":450,"height":124,"caption":"Radlobby Nieder\u00f6sterreich"},"image":{"@id":"https:\/\/www.radlobby.org\/noe\/#\/schema\/logo\/image\/"},"sameAs":["https:\/\/www.facebook.com\/groups\/radfahren.in.noe\/"]},{"@type":"Person","@id":"https:\/\/www.radlobby.org\/noe\/#\/schema\/person\/c91605b70aca449bea4cb27190b0dbe2","name":"Hermann Hiebner","image":{"@type":"ImageObject","inLanguage":"de","@id":"https:\/\/www.radlobby.org\/noe\/#\/schema\/person\/image\/","url":"https:\/\/secure.gravatar.com\/avatar\/d9d442cd70d260be25a46bab5f85206043aabce00da594192c593e7d4fc65f72?s=96&d=mm&r=g","contentUrl":"https:\/\/secure.gravatar.com\/avatar\/d9d442cd70d260be25a46bab5f85206043aabce00da594192c593e7d4fc65f72?s=96&d=mm&r=g","caption":"Hermann Hiebner"},"url":"https:\/\/www.radlobby.org\/noe\/author\/hermannhiebner\/"}]}},"_links":{"self":[{"href":"https:\/\/www.radlobby.org\/noe\/wp-json\/wp\/v2\/posts\/38425","targetHints":{"allow":["GET"]}}],"collection":[{"href":"https:\/\/www.radlobby.org\/noe\/wp-json\/wp\/v2\/posts"}],"about":[{"href":"https:\/\/www.radlobby.org\/noe\/wp-json\/wp\/v2\/types\/post"}],"author":[{"embeddable":true,"href":"https:\/\/www.radlobby.org\/noe\/wp-json\/wp\/v2\/users\/3"}],"replies":[{"embeddable":true,"href":"https:\/\/www.radlobby.org\/noe\/wp-json\/wp\/v2\/comments?post=38425"}],"version-history":[{"count":4,"href":"https:\/\/www.radlobby.org\/noe\/wp-json\/wp\/v2\/posts\/38425\/revisions"}],"predecessor-version":[{"id":38438,"href":"https:\/\/www.radlobby.org\/noe\/wp-json\/wp\/v2\/posts\/38425\/revisions\/38438"}],"wp:featuredmedia":[{"embeddable":true,"href":"https:\/\/www.radlobby.org\/noe\/wp-json\/wp\/v2\/media\/24204"}],"wp:attachment":[{"href":"https:\/\/www.radlobby.org\/noe\/wp-json\/wp\/v2\/media?parent=38425"}],"wp:term":[{"taxonomy":"category","embeddable":true,"href":"https:\/\/www.radlobby.org\/noe\/wp-json\/wp\/v2\/categories?post=38425"},{"taxonomy":"post_tag","embeddable":true,"href":"https:\/\/www.radlobby.org\/noe\/wp-json\/wp\/v2\/tags?post=38425"}],"curies":[{"name":"wp","href":"https:\/\/api.w.org\/{rel}","templated":true}]}}