{"id":38331,"date":"2025-03-16T23:27:15","date_gmt":"2025-03-16T22:27:15","guid":{"rendered":"https:\/\/www.radlobby.org\/noe\/?p=38331"},"modified":"2026-02-08T10:48:44","modified_gmt":"2026-02-08T09:48:44","slug":"kinder-eis-anradeln-2025","status":"publish","type":"post","link":"https:\/\/www.radlobby.org\/noe\/kinder-eis-anradeln-2025\/","title":{"rendered":"Kinder-Eis-Anradeln Klosterneuburg 2025"},"content":{"rendered":"<h3><a href=\"https:\/\/www.radlobby.org\/noe\/wp-content\/uploads\/eisanradeln_2025_v2.png\" data-src=\"https:\/\/www.radlobby.org\/noe\/wp-content\/uploads\/eisanradeln_2025_v2.png\" data-thumb=\"https:\/\/www.radlobby.org\/noe\/wp-content\/uploads\/eisanradeln_2025_v2.png\" class=\"ml-lightbox-enabled\"><img loading=\"lazy\" decoding=\"async\" class=\"aligncenter wp-image-38332\" src=\"https:\/\/www.radlobby.org\/noe\/wp-content\/uploads\/eisanradeln_2025_v2.png\" alt=\"\" width=\"426\" height=\"602\" \/><\/a><\/h3>\n<h3>R\u00e4der rausgeholt und flottgemacht &#8211; wir starten die Rad- und Eissaison am 22. M\u00e4rz!<\/h3>\n<p>Treffpunkt ist um 13:30 Uhr bei den Volksschulen bzw. beim Bahnhof Kritzendorf. Von dort radeln kleine Gruppen los und treffen weitere, bis alle bei der BMX-Bahn im Aupark beim Happyland ankommen. Dort erwartet alle mitfahrenden Kinder ein Gratis-Eis von Zuckero. Auch der Drache radelt wieder mit.<\/p>\n<p>\u201eWas gibt es Sch\u00f6neres, als einen sonnigen Tag mit Radfahren und Eisschlecken zu verbringen? Wir freuen uns auf eure Teilnahme und eine tolle gemeinsame Zeit\u201c, laden Elisabeth Cserny-Gutmann und Werner Palfinger im Namen von Radlobby Klosterneuburg und \u201eRadeln ohne Alter-Klosterneuburg\u201c Jung und Alt zum Mitmachen ein.<\/p>\n<p>&nbsp;<\/p>\n<p>&nbsp;<\/p>\n<p><a href=\"https:\/\/www.radlobby.org\/noe\/wp-content\/uploads\/Route.png\" data-src=\"https:\/\/www.radlobby.org\/noe\/wp-content\/uploads\/Route.png\" data-thumb=\"https:\/\/www.radlobby.org\/noe\/wp-content\/uploads\/Route-300x250.png\" class=\"ml-lightbox-enabled\"><img loading=\"lazy\" decoding=\"async\" class=\"wp-image-38333 aligncenter\" src=\"https:\/\/www.radlobby.org\/noe\/wp-content\/uploads\/Route-300x250.png\" alt=\"\" width=\"600\" height=\"500\" \/><\/a><\/p>\n<h5>Sicherheitshinweise<\/h5>\n<p>Es handelt sich um eine Privatveranstaltung, und es gilt die StVO. Bitte \u00fcberpr\u00fcft rechtzeitig Eure R\u00e4der und die der Kinder auf Stra\u00dfenverkehrstauglichkeit. Unsere Guides sorgen unterwegs an heiklen Bereichen f\u00fcr zus\u00e4tzliche Sicherheit. Die Teilnahme erfolgt jedoch auf eigene Gefahr.<\/p>\n<p><a href=\"https:\/\/www.radlobby.org\/noe\/wp-content\/uploads\/IMG_20240406_131414-crop-scaled.jpg\" data-src=\"https:\/\/www.radlobby.org\/noe\/wp-content\/uploads\/IMG_20240406_131414-crop-scaled.jpg\" data-thumb=\"https:\/\/www.radlobby.org\/noe\/wp-content\/uploads\/IMG_20240406_131414-crop-300x177.jpg\" class=\"ml-lightbox-enabled\"><img loading=\"lazy\" decoding=\"async\" class=\"alignnone size-medium wp-image-38344\" src=\"https:\/\/www.radlobby.org\/noe\/wp-content\/uploads\/IMG_20240406_131414-crop-300x177.jpg\" alt=\"\" width=\"300\" height=\"177\" srcset=\"https:\/\/www.radlobby.org\/noe\/wp-content\/uploads\/IMG_20240406_131414-crop-300x177.jpg 300w, https:\/\/www.radlobby.org\/noe\/wp-content\/uploads\/IMG_20240406_131414-crop-768x453.jpg 768w, https:\/\/www.radlobby.org\/noe\/wp-content\/uploads\/IMG_20240406_131414-crop-1536x906.jpg 1536w, https:\/\/www.radlobby.org\/noe\/wp-content\/uploads\/IMG_20240406_131414-crop-2048x1209.jpg 2048w\" sizes=\"auto, (max-width: 300px) 100vw, 300px\" \/><\/a><a href=\"https:\/\/www.radlobby.org\/noe\/wp-content\/uploads\/eisanradeln-panorama-scaled.jpg\" data-src=\"https:\/\/www.radlobby.org\/noe\/wp-content\/uploads\/eisanradeln-panorama-scaled.jpg\" data-thumb=\"https:\/\/www.radlobby.org\/noe\/wp-content\/uploads\/eisanradeln-panorama-300x160.jpg\" class=\"ml-lightbox-enabled\"><img loading=\"lazy\" decoding=\"async\" class=\"alignnone size-medium wp-image-38340\" src=\"https:\/\/www.radlobby.org\/noe\/wp-content\/uploads\/eisanradeln-panorama-300x160.jpg\" alt=\"\" width=\"300\" height=\"160\" srcset=\"https:\/\/www.radlobby.org\/noe\/wp-content\/uploads\/eisanradeln-panorama-300x160.jpg 300w, https:\/\/www.radlobby.org\/noe\/wp-content\/uploads\/eisanradeln-panorama-768x410.jpg 768w, https:\/\/www.radlobby.org\/noe\/wp-content\/uploads\/eisanradeln-panorama-1536x820.jpg 1536w, https:\/\/www.radlobby.org\/noe\/wp-content\/uploads\/eisanradeln-panorama-2048x1094.jpg 2048w\" sizes=\"auto, (max-width: 300px) 100vw, 300px\" \/><\/a><a href=\"https:\/\/www.radlobby.org\/noe\/wp-content\/uploads\/20240406_130634-1-scaled.jpg\" data-src=\"https:\/\/www.radlobby.org\/noe\/wp-content\/uploads\/20240406_130634-1-scaled.jpg\" data-thumb=\"https:\/\/www.radlobby.org\/noe\/wp-content\/uploads\/20240406_130634-1-300x225.jpg\" class=\"ml-lightbox-enabled\"><img loading=\"lazy\" decoding=\"async\" class=\"alignnone size-medium wp-image-38339\" src=\"https:\/\/www.radlobby.org\/noe\/wp-content\/uploads\/20240406_130634-1-300x225.jpg\" alt=\"\" width=\"300\" height=\"225\" srcset=\"https:\/\/www.radlobby.org\/noe\/wp-content\/uploads\/20240406_130634-1-300x225.jpg 300w, https:\/\/www.radlobby.org\/noe\/wp-content\/uploads\/20240406_130634-1-768x576.jpg 768w, https:\/\/www.radlobby.org\/noe\/wp-content\/uploads\/20240406_130634-1-1536x1152.jpg 1536w, https:\/\/www.radlobby.org\/noe\/wp-content\/uploads\/20240406_130634-1-2048x1536.jpg 2048w\" sizes=\"auto, (max-width: 300px) 100vw, 300px\" \/><\/a><a href=\"https:\/\/www.radlobby.org\/noe\/wp-content\/uploads\/IMG_20240406_145548-1-scaled.jpg\" data-src=\"https:\/\/www.radlobby.org\/noe\/wp-content\/uploads\/IMG_20240406_145548-1-scaled.jpg\" data-thumb=\"https:\/\/www.radlobby.org\/noe\/wp-content\/uploads\/IMG_20240406_145548-1-300x225.jpg\" class=\"ml-lightbox-enabled\"><img loading=\"lazy\" decoding=\"async\" class=\"alignnone size-medium wp-image-38342\" src=\"https:\/\/www.radlobby.org\/noe\/wp-content\/uploads\/IMG_20240406_145548-1-300x225.jpg\" alt=\"\" width=\"300\" height=\"225\" srcset=\"https:\/\/www.radlobby.org\/noe\/wp-content\/uploads\/IMG_20240406_145548-1-300x225.jpg 300w, https:\/\/www.radlobby.org\/noe\/wp-content\/uploads\/IMG_20240406_145548-1-768x576.jpg 768w, https:\/\/www.radlobby.org\/noe\/wp-content\/uploads\/IMG_20240406_145548-1-1536x1152.jpg 1536w, https:\/\/www.radlobby.org\/noe\/wp-content\/uploads\/IMG_20240406_145548-1-2048x1536.jpg 2048w\" sizes=\"auto, (max-width: 300px) 100vw, 300px\" \/><\/a><\/p>\n<p>\u00dcbrigens: Falls Ihr beim Radeln zu den Startpunkten die Fahrbahn mit Autos teilen m\u00fcsst, denkt an \u00a7 68 Abs. 2 StVO: \u201eBei der Begleitung eines Kindes unter 12 Jahren durch eine Person, die mindestens 16 Jahre alt ist, ist das Fahren neben dem Kind, ausgenommen auf Schienenstra\u00dfen, zul\u00e4ssig.\u201c<\/p>\n<p><iframe loading=\"lazy\" title=\"Kinder-Eis-Anradeln 2024\" width=\"750\" height=\"422\" src=\"https:\/\/www.youtube.com\/embed\/IxIiLzFY7k4?feature=oembed\" frameborder=\"0\" allow=\"accelerometer; autoplay; clipboard-write; encrypted-media; gyroscope; picture-in-picture; web-share\" referrerpolicy=\"strict-origin-when-cross-origin\" allowfullscreen><\/iframe><\/p>\n<h5>Downloads &amp; Links:<\/h5>\n<p><a href=\"https:\/\/www.radlobby.org\/noe\/wp-content\/uploads\/eisanradeln_2025_v2.pdf\">Plakat<\/a><\/p>\n<p>Pressefotos vom Kinder-Eis-Anradeln 2024: <a href=\"https:\/\/www.radlobby.org\/noe\/wp-content\/uploads\/20240406_130634-1.jpg\">Bild 1<\/a>, <a href=\"https:\/\/www.radlobby.org\/noe\/wp-content\/uploads\/IMG_20240406_131414-1.jpg\">Bild 2<\/a>, <a href=\"https:\/\/www.radlobby.org\/noe\/wp-content\/uploads\/eisanradeln-panorama.jpg\">Bild 3<\/a>, <a href=\"https:\/\/www.radlobby.org\/noe\/wp-content\/uploads\/IMG_20240406_145548-1.jpg\">Bild 4<\/a>. Bitte mit Fotocredit \u201eRadlobby Klosterneuburg\u201c ver\u00f6ffentlichen.<\/p>\n<p><a href=\"https:\/\/www.facebook.com\/radlobbyklbg\/videos\/kinder-eis-anradeln-2024\/825703372676430\/\">Video vom Kinder-Eis-Anradeln 2024<\/a><br \/>\n<a href=\"https:\/\/www.youtube.com\/watch?v=fCD_L-XvD78\">Video vom Kinder-Eis-Anradeln 2023<\/a><\/p>\n<p>&nbsp;<\/p>\n","protected":false},"excerpt":{"rendered":"<p>R\u00e4der rausgeholt und flottgemacht &#8211; wir starten die Rad- und Eissaison am 22. M\u00e4rz! Treffpunkt ist um 13:30 Uhr bei den Volksschulen bzw. beim Bahnhof Kritzendorf. Von dort radeln kleine Gruppen los und treffen weitere, bis alle bei der BMX-Bahn<\/p>\n","protected":false},"author":28,"featured_media":34450,"comment_status":"closed","ping_status":"closed","sticky":false,"template":"","format":"standard","meta":{"footnotes":""},"categories":[295,20],"tags":[],"class_list":["post-38331","post","type-post","status-publish","format-standard","has-post-thumbnail","hentry","category-klosterneuburg","category-niederoesterreich"],"yoast_head":"<!-- This site is optimized with the Yoast SEO plugin v26.9 - https:\/\/yoast.com\/product\/yoast-seo-wordpress\/ -->\n<title>Kinder-Eis-Anradeln Klosterneuburg 2025 - Radlobby Nieder\u00f6sterreich<\/title>\n<meta name=\"description\" content=\"Radlobby Klosterneuburg und Radeln ohne Alter Klosterneuburg laden zu einer Sternfahrt mit Gratis-Eis f\u00fcr mitfahrende Kinder.\" \/>\n<meta name=\"robots\" content=\"index, follow, max-snippet:-1, max-image-preview:large, max-video-preview:-1\" \/>\n<link rel=\"canonical\" href=\"https:\/\/www.radlobby.org\/noe\/kinder-eis-anradeln-2025\/\" \/>\n<meta property=\"og:locale\" content=\"de_DE\" \/>\n<meta property=\"og:type\" content=\"article\" \/>\n<meta property=\"og:title\" content=\"Kinder-Eis-Anradeln Klosterneuburg 2025 - Radlobby Nieder\u00f6sterreich\" \/>\n<meta property=\"og:description\" content=\"Radlobby Klosterneuburg und Radeln ohne Alter Klosterneuburg laden zu einer Sternfahrt mit Gratis-Eis f\u00fcr mitfahrende Kinder.\" \/>\n<meta property=\"og:url\" content=\"https:\/\/www.radlobby.org\/noe\/kinder-eis-anradeln-2025\/\" \/>\n<meta property=\"og:site_name\" content=\"Radlobby Nieder\u00f6sterreich\" \/>\n<meta property=\"article:publisher\" content=\"https:\/\/www.facebook.com\/groups\/radfahren.in.noe\/\" \/>\n<meta property=\"article:published_time\" content=\"2025-03-16T22:27:15+00:00\" \/>\n<meta property=\"article:modified_time\" content=\"2026-02-08T09:48:44+00:00\" \/>\n<meta property=\"og:image\" content=\"https:\/\/www.radlobby.org\/noe\/wp-content\/uploads\/eisanradeln_quer_2-scaled-e1711204442501.jpg\" \/>\n\t<meta property=\"og:image:width\" content=\"1898\" \/>\n\t<meta property=\"og:image:height\" content=\"1483\" \/>\n\t<meta property=\"og:image:type\" content=\"image\/jpeg\" \/>\n<meta name=\"author\" content=\"Werner Palfinger\" \/>\n<meta name=\"twitter:card\" content=\"summary_large_image\" \/>\n<meta name=\"twitter:label1\" content=\"Verfasst von\" \/>\n\t<meta name=\"twitter:data1\" content=\"Werner Palfinger\" \/>\n\t<meta name=\"twitter:label2\" content=\"Gesch\u00e4tzte Lesezeit\" \/>\n\t<meta name=\"twitter:data2\" content=\"3\u00a0Minuten\" \/>\n<script type=\"application\/ld+json\" class=\"yoast-schema-graph\">{\"@context\":\"https:\/\/schema.org\",\"@graph\":[{\"@type\":\"Article\",\"@id\":\"https:\/\/www.radlobby.org\/noe\/kinder-eis-anradeln-2025\/#article\",\"isPartOf\":{\"@id\":\"https:\/\/www.radlobby.org\/noe\/kinder-eis-anradeln-2025\/\"},\"author\":{\"name\":\"Werner Palfinger\",\"@id\":\"https:\/\/www.radlobby.org\/noe\/#\/schema\/person\/5a3b80d94c8748900f26aa4ca4326673\"},\"headline\":\"Kinder-Eis-Anradeln Klosterneuburg 2025\",\"datePublished\":\"2025-03-16T22:27:15+00:00\",\"dateModified\":\"2026-02-08T09:48:44+00:00\",\"mainEntityOfPage\":{\"@id\":\"https:\/\/www.radlobby.org\/noe\/kinder-eis-anradeln-2025\/\"},\"wordCount\":234,\"publisher\":{\"@id\":\"https:\/\/www.radlobby.org\/noe\/#organization\"},\"image\":{\"@id\":\"https:\/\/www.radlobby.org\/noe\/kinder-eis-anradeln-2025\/#primaryimage\"},\"thumbnailUrl\":\"https:\/\/www.radlobby.org\/noe\/wp-content\/uploads\/eisanradeln_quer_2-scaled-e1711204442501.jpg\",\"articleSection\":[\"Radlobby Klosterneuburg\",\"Radlobby Nieder\u00f6sterreich\"],\"inLanguage\":\"de\"},{\"@type\":\"WebPage\",\"@id\":\"https:\/\/www.radlobby.org\/noe\/kinder-eis-anradeln-2025\/\",\"url\":\"https:\/\/www.radlobby.org\/noe\/kinder-eis-anradeln-2025\/\",\"name\":\"Kinder-Eis-Anradeln Klosterneuburg 2025 - Radlobby Nieder\u00f6sterreich\",\"isPartOf\":{\"@id\":\"https:\/\/www.radlobby.org\/noe\/#website\"},\"primaryImageOfPage\":{\"@id\":\"https:\/\/www.radlobby.org\/noe\/kinder-eis-anradeln-2025\/#primaryimage\"},\"image\":{\"@id\":\"https:\/\/www.radlobby.org\/noe\/kinder-eis-anradeln-2025\/#primaryimage\"},\"thumbnailUrl\":\"https:\/\/www.radlobby.org\/noe\/wp-content\/uploads\/eisanradeln_quer_2-scaled-e1711204442501.jpg\",\"datePublished\":\"2025-03-16T22:27:15+00:00\",\"dateModified\":\"2026-02-08T09:48:44+00:00\",\"description\":\"Radlobby Klosterneuburg und Radeln ohne Alter Klosterneuburg laden zu einer Sternfahrt mit Gratis-Eis f\u00fcr mitfahrende Kinder.\",\"breadcrumb\":{\"@id\":\"https:\/\/www.radlobby.org\/noe\/kinder-eis-anradeln-2025\/#breadcrumb\"},\"inLanguage\":\"de\",\"potentialAction\":[{\"@type\":\"ReadAction\",\"target\":[\"https:\/\/www.radlobby.org\/noe\/kinder-eis-anradeln-2025\/\"]}]},{\"@type\":\"ImageObject\",\"inLanguage\":\"de\",\"@id\":\"https:\/\/www.radlobby.org\/noe\/kinder-eis-anradeln-2025\/#primaryimage\",\"url\":\"https:\/\/www.radlobby.org\/noe\/wp-content\/uploads\/eisanradeln_quer_2-scaled-e1711204442501.jpg\",\"contentUrl\":\"https:\/\/www.radlobby.org\/noe\/wp-content\/uploads\/eisanradeln_quer_2-scaled-e1711204442501.jpg\",\"width\":1898,\"height\":1483},{\"@type\":\"BreadcrumbList\",\"@id\":\"https:\/\/www.radlobby.org\/noe\/kinder-eis-anradeln-2025\/#breadcrumb\",\"itemListElement\":[{\"@type\":\"ListItem\",\"position\":1,\"name\":\"Startseite\",\"item\":\"https:\/\/www.radlobby.org\/noe\/\"},{\"@type\":\"ListItem\",\"position\":2,\"name\":\"Kinder-Eis-Anradeln Klosterneuburg 2025\"}]},{\"@type\":\"WebSite\",\"@id\":\"https:\/\/www.radlobby.org\/noe\/#website\",\"url\":\"https:\/\/www.radlobby.org\/noe\/\",\"name\":\"Radlobby Nieder\u00f6sterreich\",\"description\":\"Radverkehr, Fahrrad, Radfahren, Radreisen, Radtouren, Radweg\",\"publisher\":{\"@id\":\"https:\/\/www.radlobby.org\/noe\/#organization\"},\"potentialAction\":[{\"@type\":\"SearchAction\",\"target\":{\"@type\":\"EntryPoint\",\"urlTemplate\":\"https:\/\/www.radlobby.org\/noe\/?s={search_term_string}\"},\"query-input\":{\"@type\":\"PropertyValueSpecification\",\"valueRequired\":true,\"valueName\":\"search_term_string\"}}],\"inLanguage\":\"de\"},{\"@type\":\"Organization\",\"@id\":\"https:\/\/www.radlobby.org\/noe\/#organization\",\"name\":\"Radlobby Nieder\u00f6sterreich\",\"url\":\"https:\/\/www.radlobby.org\/noe\/\",\"logo\":{\"@type\":\"ImageObject\",\"inLanguage\":\"de\",\"@id\":\"https:\/\/www.radlobby.org\/noe\/#\/schema\/logo\/image\/\",\"url\":\"https:\/\/www.radlobby.org\/noe\/wp-content\/uploads\/2017\/01\/cropped-Logo_Radlobby_Niederoesterreich_50-400px_quer-1.jpg\",\"contentUrl\":\"https:\/\/www.radlobby.org\/noe\/wp-content\/uploads\/2017\/01\/cropped-Logo_Radlobby_Niederoesterreich_50-400px_quer-1.jpg\",\"width\":450,\"height\":124,\"caption\":\"Radlobby Nieder\u00f6sterreich\"},\"image\":{\"@id\":\"https:\/\/www.radlobby.org\/noe\/#\/schema\/logo\/image\/\"},\"sameAs\":[\"https:\/\/www.facebook.com\/groups\/radfahren.in.noe\/\"]},{\"@type\":\"Person\",\"@id\":\"https:\/\/www.radlobby.org\/noe\/#\/schema\/person\/5a3b80d94c8748900f26aa4ca4326673\",\"name\":\"Werner Palfinger\",\"image\":{\"@type\":\"ImageObject\",\"inLanguage\":\"de\",\"@id\":\"https:\/\/www.radlobby.org\/noe\/#\/schema\/person\/image\/\",\"url\":\"https:\/\/secure.gravatar.com\/avatar\/155cfbe28f1c1f04b8f9814b373cdb8906867ba73f092ee062f94289f00af149?s=96&d=mm&r=g\",\"contentUrl\":\"https:\/\/secure.gravatar.com\/avatar\/155cfbe28f1c1f04b8f9814b373cdb8906867ba73f092ee062f94289f00af149?s=96&d=mm&r=g\",\"caption\":\"Werner Palfinger\"},\"url\":\"https:\/\/www.radlobby.org\/noe\/author\/wernerpalfinger\/\"}]}<\/script>\n<!-- \/ Yoast SEO plugin. -->","yoast_head_json":{"title":"Kinder-Eis-Anradeln Klosterneuburg 2025 - Radlobby Nieder\u00f6sterreich","description":"Radlobby Klosterneuburg und Radeln ohne Alter Klosterneuburg laden zu einer Sternfahrt mit Gratis-Eis f\u00fcr mitfahrende Kinder.","robots":{"index":"index","follow":"follow","max-snippet":"max-snippet:-1","max-image-preview":"max-image-preview:large","max-video-preview":"max-video-preview:-1"},"canonical":"https:\/\/www.radlobby.org\/noe\/kinder-eis-anradeln-2025\/","og_locale":"de_DE","og_type":"article","og_title":"Kinder-Eis-Anradeln Klosterneuburg 2025 - Radlobby Nieder\u00f6sterreich","og_description":"Radlobby Klosterneuburg und Radeln ohne Alter Klosterneuburg laden zu einer Sternfahrt mit Gratis-Eis f\u00fcr mitfahrende Kinder.","og_url":"https:\/\/www.radlobby.org\/noe\/kinder-eis-anradeln-2025\/","og_site_name":"Radlobby Nieder\u00f6sterreich","article_publisher":"https:\/\/www.facebook.com\/groups\/radfahren.in.noe\/","article_published_time":"2025-03-16T22:27:15+00:00","article_modified_time":"2026-02-08T09:48:44+00:00","og_image":[{"width":1898,"height":1483,"url":"https:\/\/www.radlobby.org\/noe\/wp-content\/uploads\/eisanradeln_quer_2-scaled-e1711204442501.jpg","type":"image\/jpeg"}],"author":"Werner Palfinger","twitter_card":"summary_large_image","twitter_misc":{"Verfasst von":"Werner Palfinger","Gesch\u00e4tzte Lesezeit":"3\u00a0Minuten"},"schema":{"@context":"https:\/\/schema.org","@graph":[{"@type":"Article","@id":"https:\/\/www.radlobby.org\/noe\/kinder-eis-anradeln-2025\/#article","isPartOf":{"@id":"https:\/\/www.radlobby.org\/noe\/kinder-eis-anradeln-2025\/"},"author":{"name":"Werner Palfinger","@id":"https:\/\/www.radlobby.org\/noe\/#\/schema\/person\/5a3b80d94c8748900f26aa4ca4326673"},"headline":"Kinder-Eis-Anradeln Klosterneuburg 2025","datePublished":"2025-03-16T22:27:15+00:00","dateModified":"2026-02-08T09:48:44+00:00","mainEntityOfPage":{"@id":"https:\/\/www.radlobby.org\/noe\/kinder-eis-anradeln-2025\/"},"wordCount":234,"publisher":{"@id":"https:\/\/www.radlobby.org\/noe\/#organization"},"image":{"@id":"https:\/\/www.radlobby.org\/noe\/kinder-eis-anradeln-2025\/#primaryimage"},"thumbnailUrl":"https:\/\/www.radlobby.org\/noe\/wp-content\/uploads\/eisanradeln_quer_2-scaled-e1711204442501.jpg","articleSection":["Radlobby Klosterneuburg","Radlobby Nieder\u00f6sterreich"],"inLanguage":"de"},{"@type":"WebPage","@id":"https:\/\/www.radlobby.org\/noe\/kinder-eis-anradeln-2025\/","url":"https:\/\/www.radlobby.org\/noe\/kinder-eis-anradeln-2025\/","name":"Kinder-Eis-Anradeln Klosterneuburg 2025 - Radlobby Nieder\u00f6sterreich","isPartOf":{"@id":"https:\/\/www.radlobby.org\/noe\/#website"},"primaryImageOfPage":{"@id":"https:\/\/www.radlobby.org\/noe\/kinder-eis-anradeln-2025\/#primaryimage"},"image":{"@id":"https:\/\/www.radlobby.org\/noe\/kinder-eis-anradeln-2025\/#primaryimage"},"thumbnailUrl":"https:\/\/www.radlobby.org\/noe\/wp-content\/uploads\/eisanradeln_quer_2-scaled-e1711204442501.jpg","datePublished":"2025-03-16T22:27:15+00:00","dateModified":"2026-02-08T09:48:44+00:00","description":"Radlobby Klosterneuburg und Radeln ohne Alter Klosterneuburg laden zu einer Sternfahrt mit Gratis-Eis f\u00fcr mitfahrende Kinder.","breadcrumb":{"@id":"https:\/\/www.radlobby.org\/noe\/kinder-eis-anradeln-2025\/#breadcrumb"},"inLanguage":"de","potentialAction":[{"@type":"ReadAction","target":["https:\/\/www.radlobby.org\/noe\/kinder-eis-anradeln-2025\/"]}]},{"@type":"ImageObject","inLanguage":"de","@id":"https:\/\/www.radlobby.org\/noe\/kinder-eis-anradeln-2025\/#primaryimage","url":"https:\/\/www.radlobby.org\/noe\/wp-content\/uploads\/eisanradeln_quer_2-scaled-e1711204442501.jpg","contentUrl":"https:\/\/www.radlobby.org\/noe\/wp-content\/uploads\/eisanradeln_quer_2-scaled-e1711204442501.jpg","width":1898,"height":1483},{"@type":"BreadcrumbList","@id":"https:\/\/www.radlobby.org\/noe\/kinder-eis-anradeln-2025\/#breadcrumb","itemListElement":[{"@type":"ListItem","position":1,"name":"Startseite","item":"https:\/\/www.radlobby.org\/noe\/"},{"@type":"ListItem","position":2,"name":"Kinder-Eis-Anradeln Klosterneuburg 2025"}]},{"@type":"WebSite","@id":"https:\/\/www.radlobby.org\/noe\/#website","url":"https:\/\/www.radlobby.org\/noe\/","name":"Radlobby Nieder\u00f6sterreich","description":"Radverkehr, Fahrrad, Radfahren, Radreisen, Radtouren, Radweg","publisher":{"@id":"https:\/\/www.radlobby.org\/noe\/#organization"},"potentialAction":[{"@type":"SearchAction","target":{"@type":"EntryPoint","urlTemplate":"https:\/\/www.radlobby.org\/noe\/?s={search_term_string}"},"query-input":{"@type":"PropertyValueSpecification","valueRequired":true,"valueName":"search_term_string"}}],"inLanguage":"de"},{"@type":"Organization","@id":"https:\/\/www.radlobby.org\/noe\/#organization","name":"Radlobby Nieder\u00f6sterreich","url":"https:\/\/www.radlobby.org\/noe\/","logo":{"@type":"ImageObject","inLanguage":"de","@id":"https:\/\/www.radlobby.org\/noe\/#\/schema\/logo\/image\/","url":"https:\/\/www.radlobby.org\/noe\/wp-content\/uploads\/2017\/01\/cropped-Logo_Radlobby_Niederoesterreich_50-400px_quer-1.jpg","contentUrl":"https:\/\/www.radlobby.org\/noe\/wp-content\/uploads\/2017\/01\/cropped-Logo_Radlobby_Niederoesterreich_50-400px_quer-1.jpg","width":450,"height":124,"caption":"Radlobby Nieder\u00f6sterreich"},"image":{"@id":"https:\/\/www.radlobby.org\/noe\/#\/schema\/logo\/image\/"},"sameAs":["https:\/\/www.facebook.com\/groups\/radfahren.in.noe\/"]},{"@type":"Person","@id":"https:\/\/www.radlobby.org\/noe\/#\/schema\/person\/5a3b80d94c8748900f26aa4ca4326673","name":"Werner Palfinger","image":{"@type":"ImageObject","inLanguage":"de","@id":"https:\/\/www.radlobby.org\/noe\/#\/schema\/person\/image\/","url":"https:\/\/secure.gravatar.com\/avatar\/155cfbe28f1c1f04b8f9814b373cdb8906867ba73f092ee062f94289f00af149?s=96&d=mm&r=g","contentUrl":"https:\/\/secure.gravatar.com\/avatar\/155cfbe28f1c1f04b8f9814b373cdb8906867ba73f092ee062f94289f00af149?s=96&d=mm&r=g","caption":"Werner Palfinger"},"url":"https:\/\/www.radlobby.org\/noe\/author\/wernerpalfinger\/"}]}},"_links":{"self":[{"href":"https:\/\/www.radlobby.org\/noe\/wp-json\/wp\/v2\/posts\/38331","targetHints":{"allow":["GET"]}}],"collection":[{"href":"https:\/\/www.radlobby.org\/noe\/wp-json\/wp\/v2\/posts"}],"about":[{"href":"https:\/\/www.radlobby.org\/noe\/wp-json\/wp\/v2\/types\/post"}],"author":[{"embeddable":true,"href":"https:\/\/www.radlobby.org\/noe\/wp-json\/wp\/v2\/users\/28"}],"replies":[{"embeddable":true,"href":"https:\/\/www.radlobby.org\/noe\/wp-json\/wp\/v2\/comments?post=38331"}],"version-history":[{"count":14,"href":"https:\/\/www.radlobby.org\/noe\/wp-json\/wp\/v2\/posts\/38331\/revisions"}],"predecessor-version":[{"id":38365,"href":"https:\/\/www.radlobby.org\/noe\/wp-json\/wp\/v2\/posts\/38331\/revisions\/38365"}],"wp:featuredmedia":[{"embeddable":true,"href":"https:\/\/www.radlobby.org\/noe\/wp-json\/wp\/v2\/media\/34450"}],"wp:attachment":[{"href":"https:\/\/www.radlobby.org\/noe\/wp-json\/wp\/v2\/media?parent=38331"}],"wp:term":[{"taxonomy":"category","embeddable":true,"href":"https:\/\/www.radlobby.org\/noe\/wp-json\/wp\/v2\/categories?post=38331"},{"taxonomy":"post_tag","embeddable":true,"href":"https:\/\/www.radlobby.org\/noe\/wp-json\/wp\/v2\/tags?post=38331"}],"curies":[{"name":"wp","href":"https:\/\/api.w.org\/{rel}","templated":true}]}}