{"id":38325,"date":"2025-03-16T11:34:27","date_gmt":"2025-03-16T10:34:27","guid":{"rendered":"https:\/\/www.radlobby.org\/noe\/?p=38325"},"modified":"2026-04-01T12:34:14","modified_gmt":"2026-04-01T10:34:14","slug":"radlobby-bad-voeslau-fruehjahresputz-29-3-2025","status":"publish","type":"post","link":"https:\/\/www.radlobby.org\/noe\/radlobby-bad-voeslau-fruehjahresputz-29-3-2025\/","title":{"rendered":"Bad V\u00f6slau | Fr\u00fchjahrsputz 29.3.2025"},"content":{"rendered":"<div class=\"flex max-w-full flex-col flex-grow\">\n<div class=\"min-h-8 text-message relative flex w-full flex-col items-end gap-2 whitespace-normal break-words text-start [.text-message+&amp;]:mt-5\" dir=\"auto\" data-message-author-role=\"assistant\" data-message-id=\"5eafd15a-8b62-4c33-9016-498465b1608d\" data-message-model-slug=\"gpt-4o\">\n<div class=\"flex w-full flex-col gap-1 empty:hidden first:pt-[3px]\">\n<div class=\"markdown prose w-full break-words dark:prose-invert light\">\n<figure id=\"attachment_38327\" aria-describedby=\"caption-attachment-38327\" style=\"width: 212px\" class=\"wp-caption alignright\"><a href=\"https:\/\/www.radlobby.org\/noe\/wp-content\/uploads\/Fruehjahrsputz_2025-scaled.jpg\" data-src=\"https:\/\/www.radlobby.org\/noe\/wp-content\/uploads\/Fruehjahrsputz_2025-scaled.jpg\" data-thumb=\"https:\/\/www.radlobby.org\/noe\/wp-content\/uploads\/Fruehjahrsputz_2025-212x300.jpg\" class=\"ml-lightbox-enabled\"><img loading=\"lazy\" decoding=\"async\" class=\"wp-image-38327 size-medium\" src=\"https:\/\/www.radlobby.org\/noe\/wp-content\/uploads\/Fruehjahrsputz_2025-212x300.jpg\" alt=\"\" width=\"212\" height=\"300\" srcset=\"https:\/\/www.radlobby.org\/noe\/wp-content\/uploads\/Fruehjahrsputz_2025-212x300.jpg 212w, https:\/\/www.radlobby.org\/noe\/wp-content\/uploads\/Fruehjahrsputz_2025-768x1088.jpg 768w, https:\/\/www.radlobby.org\/noe\/wp-content\/uploads\/Fruehjahrsputz_2025-1085x1536.jpg 1085w, https:\/\/www.radlobby.org\/noe\/wp-content\/uploads\/Fruehjahrsputz_2025-1446x2048.jpg 1446w, https:\/\/www.radlobby.org\/noe\/wp-content\/uploads\/Fruehjahrsputz_2025-scaled.jpg 1808w\" sizes=\"auto, (max-width: 212px) 100vw, 212px\" \/><\/a><figcaption id=\"caption-attachment-38327\" class=\"wp-caption-text\">Bildrechte: Stadtgemeinde Bad V\u00f6slau<\/figcaption><\/figure>\n<p data-start=\"0\" data-end=\"36\"><strong data-start=\"0\" data-end=\"34\">Fr\u00fchjahrsputz \u2013 Wir waren dabei! &#x1f6b2;&#x1f331;<\/strong><\/p>\n<p data-start=\"38\" data-end=\"228\">Dieses Jahr war die <strong data-start=\"63\" data-end=\"86\">Radlobby Bad V\u00f6slau<\/strong> beim <strong data-start=\"92\" data-end=\"109\">Fr\u00fchjahrsputz<\/strong> dabei \u2013 und hat mit Erstaunen festgestellt, wie viel M\u00fcll sich am Stra\u00dfenrand ansammelt! Zu zweit haben wir innerhalb von 3 Stunden vier M\u00fclls\u00e4cke voll gemacht mit dem Anh\u00e4nger zum Bauhof gebracht. Wir waren beim Schlo\u00dfpark, Spielplatz und zwei Kinderg\u00e4rten. Erschreckenderweise\u00a0 konnten wir sehen, welcher M\u00fcll sich hier besonders h\u00e4ufig finden l\u00e4sst: Zigarettenstummel, Zuckerlpapiere und Schleckerst\u00e4ngel&#8230;<\/p>\n<p data-start=\"230\" data-end=\"402\">&#x1f4c5; <strong data-start=\"233\" data-end=\"256\">Samstag, 29.03.2025<\/strong><br data-start=\"256\" data-end=\"259\" \/>&#x1f558; <strong data-start=\"262\" data-end=\"282\">8:00 \u2013 11:30 Uhr<\/strong>, danach gemeinsames Mittagessen<br data-start=\"314\" data-end=\"317\" \/>&#x1f4cd; <strong data-start=\"320\" data-end=\"336\">Treffpunkte:<\/strong> Thermalbad V\u00f6slau | Volksschule Gainfarn | Feuerwehrhaus Gro\u00dfau<\/p>\n<p data-start=\"404\" data-end=\"552\"><strong data-start=\"404\" data-end=\"435\">Unser Beitrag als Radlobby:<\/strong> Wir sammeln M\u00fcll ein und transportieren die gef\u00fcllten M\u00fclls\u00e4cke mit unseren R\u00e4dern ab \u2013 also schnapp dir dein Rad und hilf mit! &#x1f6b4;&#x200d;&#x2642;&#xfe0f;&#x267b;&#xfe0f;<\/p>\n<p data-start=\"554\" data-end=\"624\" data-is-last-node=\"\" data-is-only-node=\"\">Unser Conclusio: Bitte schmei\u00dft den M\u00fcll in die M\u00fclltonnen &#8211; Eine saubere Stadt ist nicht f\u00fcr Tiere und Kleinkinder besonders wichtig! &#x1f49a;<\/p>\n<p data-start=\"554\" data-end=\"624\" data-is-last-node=\"\" data-is-only-node=\"\">Au\u00dferdem: Greifzangen sind ein hilfreiches Werkzeug beim Sammeln von M\u00fcll.<\/p>\n<p data-start=\"554\" data-end=\"624\" data-is-last-node=\"\" data-is-only-node=\"\">Und wir danken der Stadtgemeinde f\u00fcr die Aktion! In einer sauberen Stadt f\u00fchlen sich alle wohler \ud83d\ude42<\/p>\n<p data-start=\"554\" data-end=\"624\" data-is-last-node=\"\" data-is-only-node=\"\">Mehr Infos dazu in den Bezirksbl\u00e4ttern: <a href=\"https:\/\/www.meinbezirk.at\/baden\/c-regionauten-community\/stadtreinigungsaktion-bad-voeslau_a7231205\">Link<\/a>.<\/p>\n<\/div>\n<\/div>\n<\/div>\n<\/div>\n<div class=\"mb-2 flex gap-3 -ml-2\" tabindex=\"0\">\n<div class=\"flex items-center justify-start rounded-xl p-1\">\n<div>\n<div class=\"flex items-center transition-opacity group-hover\/turn:opacity-100 opacity-100\"><\/div>\n<\/div>\n<\/div>\n<\/div>\n","protected":false},"excerpt":{"rendered":"<p>Fr\u00fchjahrsputz \u2013 Wir waren dabei! &#x1f6b2;&#x1f331; Dieses Jahr war die Radlobby Bad V\u00f6slau beim Fr\u00fchjahrsputz dabei \u2013 und hat mit Erstaunen festgestellt, wie viel M\u00fcll sich am Stra\u00dfenrand ansammelt! Zu zweit haben wir innerhalb von 3 Stunden vier M\u00fclls\u00e4cke voll<\/p>\n","protected":false},"author":65,"featured_media":38326,"comment_status":"closed","ping_status":"closed","sticky":false,"template":"","format":"standard","meta":{"footnotes":""},"categories":[547],"tags":[],"class_list":["post-38325","post","type-post","status-publish","format-standard","has-post-thumbnail","hentry","category-badvoeslau"],"yoast_head":"<!-- This site is optimized with the Yoast SEO plugin v26.9 - https:\/\/yoast.com\/product\/yoast-seo-wordpress\/ -->\n<title>Bad V\u00f6slau | Fr\u00fchjahrsputz 29.3.2025 - Radlobby Nieder\u00f6sterreich<\/title>\n<meta name=\"robots\" content=\"index, follow, max-snippet:-1, max-image-preview:large, max-video-preview:-1\" \/>\n<link rel=\"canonical\" href=\"https:\/\/www.radlobby.org\/noe\/radlobby-bad-voeslau-fruehjahresputz-29-3-2025\/\" \/>\n<meta property=\"og:locale\" content=\"de_DE\" \/>\n<meta property=\"og:type\" content=\"article\" \/>\n<meta property=\"og:title\" content=\"Bad V\u00f6slau | Fr\u00fchjahrsputz 29.3.2025 - Radlobby Nieder\u00f6sterreich\" \/>\n<meta property=\"og:description\" content=\"Fr\u00fchjahrsputz \u2013 Wir waren dabei! &#x1f6b2;&#x1f331; Dieses Jahr war die Radlobby Bad V\u00f6slau beim Fr\u00fchjahrsputz dabei \u2013 und hat mit Erstaunen festgestellt, wie viel M\u00fcll sich am Stra\u00dfenrand ansammelt! Zu zweit haben wir innerhalb von 3 Stunden vier M\u00fclls\u00e4cke voll\" \/>\n<meta property=\"og:url\" content=\"https:\/\/www.radlobby.org\/noe\/radlobby-bad-voeslau-fruehjahresputz-29-3-2025\/\" \/>\n<meta property=\"og:site_name\" content=\"Radlobby Nieder\u00f6sterreich\" \/>\n<meta property=\"article:publisher\" content=\"https:\/\/www.facebook.com\/groups\/radfahren.in.noe\/\" \/>\n<meta property=\"article:published_time\" content=\"2025-03-16T10:34:27+00:00\" \/>\n<meta property=\"article:modified_time\" content=\"2026-04-01T10:34:14+00:00\" \/>\n<meta property=\"og:image\" content=\"https:\/\/www.radlobby.org\/noe\/wp-content\/uploads\/20200101-RLWN-Neujahrsaradeln-DSC_0105a_1900px-1.jpg\" \/>\n\t<meta property=\"og:image:width\" content=\"1900\" \/>\n\t<meta property=\"og:image:height\" content=\"770\" \/>\n\t<meta property=\"og:image:type\" content=\"image\/jpeg\" \/>\n<meta name=\"author\" content=\"Laura Kafka\" \/>\n<meta name=\"twitter:card\" content=\"summary_large_image\" \/>\n<meta name=\"twitter:label1\" content=\"Verfasst von\" \/>\n\t<meta name=\"twitter:data1\" content=\"Laura Kafka\" \/>\n\t<meta name=\"twitter:label2\" content=\"Gesch\u00e4tzte Lesezeit\" \/>\n\t<meta name=\"twitter:data2\" content=\"2\u00a0Minuten\" \/>\n<script type=\"application\/ld+json\" class=\"yoast-schema-graph\">{\"@context\":\"https:\/\/schema.org\",\"@graph\":[{\"@type\":\"Article\",\"@id\":\"https:\/\/www.radlobby.org\/noe\/radlobby-bad-voeslau-fruehjahresputz-29-3-2025\/#article\",\"isPartOf\":{\"@id\":\"https:\/\/www.radlobby.org\/noe\/radlobby-bad-voeslau-fruehjahresputz-29-3-2025\/\"},\"author\":{\"name\":\"Laura Kafka\",\"@id\":\"https:\/\/www.radlobby.org\/noe\/#\/schema\/person\/3d46d5baaa32e9fab65201812c570448\"},\"headline\":\"Bad V\u00f6slau | Fr\u00fchjahrsputz 29.3.2025\",\"datePublished\":\"2025-03-16T10:34:27+00:00\",\"dateModified\":\"2026-04-01T10:34:14+00:00\",\"mainEntityOfPage\":{\"@id\":\"https:\/\/www.radlobby.org\/noe\/radlobby-bad-voeslau-fruehjahresputz-29-3-2025\/\"},\"wordCount\":234,\"publisher\":{\"@id\":\"https:\/\/www.radlobby.org\/noe\/#organization\"},\"image\":{\"@id\":\"https:\/\/www.radlobby.org\/noe\/radlobby-bad-voeslau-fruehjahresputz-29-3-2025\/#primaryimage\"},\"thumbnailUrl\":\"https:\/\/www.radlobby.org\/noe\/wp-content\/uploads\/Fruehjahrsputz_2025-1-pdf.jpg\",\"articleSection\":[\"Radlobby Bad V\u00f6slau\"],\"inLanguage\":\"de\"},{\"@type\":\"WebPage\",\"@id\":\"https:\/\/www.radlobby.org\/noe\/radlobby-bad-voeslau-fruehjahresputz-29-3-2025\/\",\"url\":\"https:\/\/www.radlobby.org\/noe\/radlobby-bad-voeslau-fruehjahresputz-29-3-2025\/\",\"name\":\"Bad V\u00f6slau | Fr\u00fchjahrsputz 29.3.2025 - Radlobby Nieder\u00f6sterreich\",\"isPartOf\":{\"@id\":\"https:\/\/www.radlobby.org\/noe\/#website\"},\"primaryImageOfPage\":{\"@id\":\"https:\/\/www.radlobby.org\/noe\/radlobby-bad-voeslau-fruehjahresputz-29-3-2025\/#primaryimage\"},\"image\":{\"@id\":\"https:\/\/www.radlobby.org\/noe\/radlobby-bad-voeslau-fruehjahresputz-29-3-2025\/#primaryimage\"},\"thumbnailUrl\":\"https:\/\/www.radlobby.org\/noe\/wp-content\/uploads\/Fruehjahrsputz_2025-1-pdf.jpg\",\"datePublished\":\"2025-03-16T10:34:27+00:00\",\"dateModified\":\"2026-04-01T10:34:14+00:00\",\"breadcrumb\":{\"@id\":\"https:\/\/www.radlobby.org\/noe\/radlobby-bad-voeslau-fruehjahresputz-29-3-2025\/#breadcrumb\"},\"inLanguage\":\"de\",\"potentialAction\":[{\"@type\":\"ReadAction\",\"target\":[\"https:\/\/www.radlobby.org\/noe\/radlobby-bad-voeslau-fruehjahresputz-29-3-2025\/\"]}]},{\"@type\":\"ImageObject\",\"inLanguage\":\"de\",\"@id\":\"https:\/\/www.radlobby.org\/noe\/radlobby-bad-voeslau-fruehjahresputz-29-3-2025\/#primaryimage\",\"url\":\"https:\/\/www.radlobby.org\/noe\/wp-content\/uploads\/Fruehjahrsputz_2025-1-pdf.jpg\",\"contentUrl\":\"https:\/\/www.radlobby.org\/noe\/wp-content\/uploads\/Fruehjahrsputz_2025-1-pdf.jpg\"},{\"@type\":\"BreadcrumbList\",\"@id\":\"https:\/\/www.radlobby.org\/noe\/radlobby-bad-voeslau-fruehjahresputz-29-3-2025\/#breadcrumb\",\"itemListElement\":[{\"@type\":\"ListItem\",\"position\":1,\"name\":\"Startseite\",\"item\":\"https:\/\/www.radlobby.org\/noe\/\"},{\"@type\":\"ListItem\",\"position\":2,\"name\":\"Bad V\u00f6slau | Fr\u00fchjahrsputz 29.3.2025\"}]},{\"@type\":\"WebSite\",\"@id\":\"https:\/\/www.radlobby.org\/noe\/#website\",\"url\":\"https:\/\/www.radlobby.org\/noe\/\",\"name\":\"Radlobby Nieder\u00f6sterreich\",\"description\":\"Radverkehr, Fahrrad, Radfahren, Radreisen, Radtouren, Radweg\",\"publisher\":{\"@id\":\"https:\/\/www.radlobby.org\/noe\/#organization\"},\"potentialAction\":[{\"@type\":\"SearchAction\",\"target\":{\"@type\":\"EntryPoint\",\"urlTemplate\":\"https:\/\/www.radlobby.org\/noe\/?s={search_term_string}\"},\"query-input\":{\"@type\":\"PropertyValueSpecification\",\"valueRequired\":true,\"valueName\":\"search_term_string\"}}],\"inLanguage\":\"de\"},{\"@type\":\"Organization\",\"@id\":\"https:\/\/www.radlobby.org\/noe\/#organization\",\"name\":\"Radlobby Nieder\u00f6sterreich\",\"url\":\"https:\/\/www.radlobby.org\/noe\/\",\"logo\":{\"@type\":\"ImageObject\",\"inLanguage\":\"de\",\"@id\":\"https:\/\/www.radlobby.org\/noe\/#\/schema\/logo\/image\/\",\"url\":\"https:\/\/www.radlobby.org\/noe\/wp-content\/uploads\/2017\/01\/cropped-Logo_Radlobby_Niederoesterreich_50-400px_quer-1.jpg\",\"contentUrl\":\"https:\/\/www.radlobby.org\/noe\/wp-content\/uploads\/2017\/01\/cropped-Logo_Radlobby_Niederoesterreich_50-400px_quer-1.jpg\",\"width\":450,\"height\":124,\"caption\":\"Radlobby Nieder\u00f6sterreich\"},\"image\":{\"@id\":\"https:\/\/www.radlobby.org\/noe\/#\/schema\/logo\/image\/\"},\"sameAs\":[\"https:\/\/www.facebook.com\/groups\/radfahren.in.noe\/\"]},{\"@type\":\"Person\",\"@id\":\"https:\/\/www.radlobby.org\/noe\/#\/schema\/person\/3d46d5baaa32e9fab65201812c570448\",\"name\":\"Laura Kafka\",\"image\":{\"@type\":\"ImageObject\",\"inLanguage\":\"de\",\"@id\":\"https:\/\/www.radlobby.org\/noe\/#\/schema\/person\/image\/\",\"url\":\"https:\/\/secure.gravatar.com\/avatar\/141ec437f27b3084bc6c91857d881288555812a76d2e9c6af9f4ba5f626465e7?s=96&d=mm&r=g\",\"contentUrl\":\"https:\/\/secure.gravatar.com\/avatar\/141ec437f27b3084bc6c91857d881288555812a76d2e9c6af9f4ba5f626465e7?s=96&d=mm&r=g\",\"caption\":\"Laura Kafka\"},\"url\":\"https:\/\/www.radlobby.org\/noe\/author\/laura-kafka\/\"}]}<\/script>\n<!-- \/ Yoast SEO plugin. -->","yoast_head_json":{"title":"Bad V\u00f6slau | Fr\u00fchjahrsputz 29.3.2025 - Radlobby Nieder\u00f6sterreich","robots":{"index":"index","follow":"follow","max-snippet":"max-snippet:-1","max-image-preview":"max-image-preview:large","max-video-preview":"max-video-preview:-1"},"canonical":"https:\/\/www.radlobby.org\/noe\/radlobby-bad-voeslau-fruehjahresputz-29-3-2025\/","og_locale":"de_DE","og_type":"article","og_title":"Bad V\u00f6slau | Fr\u00fchjahrsputz 29.3.2025 - Radlobby Nieder\u00f6sterreich","og_description":"Fr\u00fchjahrsputz \u2013 Wir waren dabei! &#x1f6b2;&#x1f331; Dieses Jahr war die Radlobby Bad V\u00f6slau beim Fr\u00fchjahrsputz dabei \u2013 und hat mit Erstaunen festgestellt, wie viel M\u00fcll sich am Stra\u00dfenrand ansammelt! Zu zweit haben wir innerhalb von 3 Stunden vier M\u00fclls\u00e4cke voll","og_url":"https:\/\/www.radlobby.org\/noe\/radlobby-bad-voeslau-fruehjahresputz-29-3-2025\/","og_site_name":"Radlobby Nieder\u00f6sterreich","article_publisher":"https:\/\/www.facebook.com\/groups\/radfahren.in.noe\/","article_published_time":"2025-03-16T10:34:27+00:00","article_modified_time":"2026-04-01T10:34:14+00:00","og_image":[{"width":1900,"height":770,"url":"https:\/\/www.radlobby.org\/noe\/wp-content\/uploads\/20200101-RLWN-Neujahrsaradeln-DSC_0105a_1900px-1.jpg","type":"image\/jpeg"}],"author":"Laura Kafka","twitter_card":"summary_large_image","twitter_misc":{"Verfasst von":"Laura Kafka","Gesch\u00e4tzte Lesezeit":"2\u00a0Minuten"},"schema":{"@context":"https:\/\/schema.org","@graph":[{"@type":"Article","@id":"https:\/\/www.radlobby.org\/noe\/radlobby-bad-voeslau-fruehjahresputz-29-3-2025\/#article","isPartOf":{"@id":"https:\/\/www.radlobby.org\/noe\/radlobby-bad-voeslau-fruehjahresputz-29-3-2025\/"},"author":{"name":"Laura Kafka","@id":"https:\/\/www.radlobby.org\/noe\/#\/schema\/person\/3d46d5baaa32e9fab65201812c570448"},"headline":"Bad V\u00f6slau | Fr\u00fchjahrsputz 29.3.2025","datePublished":"2025-03-16T10:34:27+00:00","dateModified":"2026-04-01T10:34:14+00:00","mainEntityOfPage":{"@id":"https:\/\/www.radlobby.org\/noe\/radlobby-bad-voeslau-fruehjahresputz-29-3-2025\/"},"wordCount":234,"publisher":{"@id":"https:\/\/www.radlobby.org\/noe\/#organization"},"image":{"@id":"https:\/\/www.radlobby.org\/noe\/radlobby-bad-voeslau-fruehjahresputz-29-3-2025\/#primaryimage"},"thumbnailUrl":"https:\/\/www.radlobby.org\/noe\/wp-content\/uploads\/Fruehjahrsputz_2025-1-pdf.jpg","articleSection":["Radlobby Bad V\u00f6slau"],"inLanguage":"de"},{"@type":"WebPage","@id":"https:\/\/www.radlobby.org\/noe\/radlobby-bad-voeslau-fruehjahresputz-29-3-2025\/","url":"https:\/\/www.radlobby.org\/noe\/radlobby-bad-voeslau-fruehjahresputz-29-3-2025\/","name":"Bad V\u00f6slau | Fr\u00fchjahrsputz 29.3.2025 - Radlobby Nieder\u00f6sterreich","isPartOf":{"@id":"https:\/\/www.radlobby.org\/noe\/#website"},"primaryImageOfPage":{"@id":"https:\/\/www.radlobby.org\/noe\/radlobby-bad-voeslau-fruehjahresputz-29-3-2025\/#primaryimage"},"image":{"@id":"https:\/\/www.radlobby.org\/noe\/radlobby-bad-voeslau-fruehjahresputz-29-3-2025\/#primaryimage"},"thumbnailUrl":"https:\/\/www.radlobby.org\/noe\/wp-content\/uploads\/Fruehjahrsputz_2025-1-pdf.jpg","datePublished":"2025-03-16T10:34:27+00:00","dateModified":"2026-04-01T10:34:14+00:00","breadcrumb":{"@id":"https:\/\/www.radlobby.org\/noe\/radlobby-bad-voeslau-fruehjahresputz-29-3-2025\/#breadcrumb"},"inLanguage":"de","potentialAction":[{"@type":"ReadAction","target":["https:\/\/www.radlobby.org\/noe\/radlobby-bad-voeslau-fruehjahresputz-29-3-2025\/"]}]},{"@type":"ImageObject","inLanguage":"de","@id":"https:\/\/www.radlobby.org\/noe\/radlobby-bad-voeslau-fruehjahresputz-29-3-2025\/#primaryimage","url":"https:\/\/www.radlobby.org\/noe\/wp-content\/uploads\/Fruehjahrsputz_2025-1-pdf.jpg","contentUrl":"https:\/\/www.radlobby.org\/noe\/wp-content\/uploads\/Fruehjahrsputz_2025-1-pdf.jpg"},{"@type":"BreadcrumbList","@id":"https:\/\/www.radlobby.org\/noe\/radlobby-bad-voeslau-fruehjahresputz-29-3-2025\/#breadcrumb","itemListElement":[{"@type":"ListItem","position":1,"name":"Startseite","item":"https:\/\/www.radlobby.org\/noe\/"},{"@type":"ListItem","position":2,"name":"Bad V\u00f6slau | Fr\u00fchjahrsputz 29.3.2025"}]},{"@type":"WebSite","@id":"https:\/\/www.radlobby.org\/noe\/#website","url":"https:\/\/www.radlobby.org\/noe\/","name":"Radlobby Nieder\u00f6sterreich","description":"Radverkehr, Fahrrad, Radfahren, Radreisen, Radtouren, Radweg","publisher":{"@id":"https:\/\/www.radlobby.org\/noe\/#organization"},"potentialAction":[{"@type":"SearchAction","target":{"@type":"EntryPoint","urlTemplate":"https:\/\/www.radlobby.org\/noe\/?s={search_term_string}"},"query-input":{"@type":"PropertyValueSpecification","valueRequired":true,"valueName":"search_term_string"}}],"inLanguage":"de"},{"@type":"Organization","@id":"https:\/\/www.radlobby.org\/noe\/#organization","name":"Radlobby Nieder\u00f6sterreich","url":"https:\/\/www.radlobby.org\/noe\/","logo":{"@type":"ImageObject","inLanguage":"de","@id":"https:\/\/www.radlobby.org\/noe\/#\/schema\/logo\/image\/","url":"https:\/\/www.radlobby.org\/noe\/wp-content\/uploads\/2017\/01\/cropped-Logo_Radlobby_Niederoesterreich_50-400px_quer-1.jpg","contentUrl":"https:\/\/www.radlobby.org\/noe\/wp-content\/uploads\/2017\/01\/cropped-Logo_Radlobby_Niederoesterreich_50-400px_quer-1.jpg","width":450,"height":124,"caption":"Radlobby Nieder\u00f6sterreich"},"image":{"@id":"https:\/\/www.radlobby.org\/noe\/#\/schema\/logo\/image\/"},"sameAs":["https:\/\/www.facebook.com\/groups\/radfahren.in.noe\/"]},{"@type":"Person","@id":"https:\/\/www.radlobby.org\/noe\/#\/schema\/person\/3d46d5baaa32e9fab65201812c570448","name":"Laura Kafka","image":{"@type":"ImageObject","inLanguage":"de","@id":"https:\/\/www.radlobby.org\/noe\/#\/schema\/person\/image\/","url":"https:\/\/secure.gravatar.com\/avatar\/141ec437f27b3084bc6c91857d881288555812a76d2e9c6af9f4ba5f626465e7?s=96&d=mm&r=g","contentUrl":"https:\/\/secure.gravatar.com\/avatar\/141ec437f27b3084bc6c91857d881288555812a76d2e9c6af9f4ba5f626465e7?s=96&d=mm&r=g","caption":"Laura Kafka"},"url":"https:\/\/www.radlobby.org\/noe\/author\/laura-kafka\/"}]}},"_links":{"self":[{"href":"https:\/\/www.radlobby.org\/noe\/wp-json\/wp\/v2\/posts\/38325","targetHints":{"allow":["GET"]}}],"collection":[{"href":"https:\/\/www.radlobby.org\/noe\/wp-json\/wp\/v2\/posts"}],"about":[{"href":"https:\/\/www.radlobby.org\/noe\/wp-json\/wp\/v2\/types\/post"}],"author":[{"embeddable":true,"href":"https:\/\/www.radlobby.org\/noe\/wp-json\/wp\/v2\/users\/65"}],"replies":[{"embeddable":true,"href":"https:\/\/www.radlobby.org\/noe\/wp-json\/wp\/v2\/comments?post=38325"}],"version-history":[{"count":6,"href":"https:\/\/www.radlobby.org\/noe\/wp-json\/wp\/v2\/posts\/38325\/revisions"}],"predecessor-version":[{"id":41593,"href":"https:\/\/www.radlobby.org\/noe\/wp-json\/wp\/v2\/posts\/38325\/revisions\/41593"}],"wp:featuredmedia":[{"embeddable":true,"href":"https:\/\/www.radlobby.org\/noe\/wp-json\/wp\/v2\/media\/38326"}],"wp:attachment":[{"href":"https:\/\/www.radlobby.org\/noe\/wp-json\/wp\/v2\/media?parent=38325"}],"wp:term":[{"taxonomy":"category","embeddable":true,"href":"https:\/\/www.radlobby.org\/noe\/wp-json\/wp\/v2\/categories?post=38325"},{"taxonomy":"post_tag","embeddable":true,"href":"https:\/\/www.radlobby.org\/noe\/wp-json\/wp\/v2\/tags?post=38325"}],"curies":[{"name":"wp","href":"https:\/\/api.w.org\/{rel}","templated":true}]}}