{"id":38271,"date":"2025-03-20T21:13:43","date_gmt":"2025-03-20T20:13:43","guid":{"rendered":"https:\/\/www.radlobby.org\/noe\/?p=38271"},"modified":"2025-03-27T07:05:12","modified_gmt":"2025-03-27T06:05:12","slug":"wiener-neustadt-stadt-und-bezirk-fahrradboersen-2025","status":"publish","type":"post","link":"https:\/\/www.radlobby.org\/noe\/wiener-neustadt-stadt-und-bezirk-fahrradboersen-2025\/","title":{"rendered":"Wr. Neustadt Stadt+Bezirk: Fahrradb\u00f6rsen 2025"},"content":{"rendered":"<p>Die <strong>Gr\u00fcnen<\/strong> <a href=\"https:\/\/www.radlobby.org\/noe\/wp-content\/uploads\/20250426-Fahrradboerse.jpg\" data-src=\"https:\/\/www.radlobby.org\/noe\/wp-content\/uploads\/20250426-Fahrradboerse.jpg\" data-thumb=\"https:\/\/www.radlobby.org\/noe\/wp-content\/uploads\/20250426-Fahrradboerse-300x203.jpg\" class=\"ml-lightbox-enabled\"><img loading=\"lazy\" decoding=\"async\" class=\"size-medium wp-image-38272 alignright\" src=\"https:\/\/www.radlobby.org\/noe\/wp-content\/uploads\/20250426-Fahrradboerse-300x203.jpg\" alt=\"\" width=\"300\" height=\"203\" srcset=\"https:\/\/www.radlobby.org\/noe\/wp-content\/uploads\/20250426-Fahrradboerse-300x203.jpg 300w, https:\/\/www.radlobby.org\/noe\/wp-content\/uploads\/20250426-Fahrradboerse.jpg 605w\" sizes=\"auto, (max-width: 300px) 100vw, 300px\" \/><\/a>veranstalten zwischen 5. April und 17. Mai vier <strong>Fahrradb\u00f6rsen<\/strong>, die gr\u00f6\u00dfte in <a href=\"https:\/\/noe.gruene.at\/news\/20-4-24-radborse-wr-neustadt\/\" target=\"_blank\" rel=\"noopener\"><strong>Wiener Neustadt<\/strong> (Hauptplatz bei Wienerstra\u00dfe) am Samstag 26.4.<\/a><\/p>\n<p>Bereits am 5.April kann man in <strong>Bad Fischau<\/strong> am Hauptplatz Fahrr\u00e4der verkaufen und\/oder erstehen, am 10.Mai am <strong>Piesting<\/strong>er Marktplatz und am 17. Mai an der &#8220;Radlerrast&#8221; Wassergasse in <strong>Steinabr\u00fcckl<\/strong>.<\/p>\n<div class=\"col-span-8 xl:col-span-8 xl:col-start-5\">\n<div class=\"text-copy\">\n<p>Der jeweilige <strong>Zeitplan<\/strong>:<\/p>\n<p><strong>9:00 bis 10:00 Uhr: Annahme der Fahrr\u00e4der, Laufr\u00e4der usw.<br \/>\n<\/strong>Die Fahrr\u00e4der k\u00f6nnen kleine M\u00e4ngel aufweisen, m\u00fcssen aber funktionst\u00fcchtig sein. Den Verkaufspreis setzt Du selbst fest.<br \/>\nAus organisatorischen Gr\u00fcnden bitten wir dich, das Fahrrad bis sp\u00e4testens 10 Uhr vorbeizubringen!<\/p>\n<p><strong><a href=\"https:\/\/www.radlobby.org\/noe\/wp-content\/uploads\/20250405-Fahrradboerse@BadFischau.jpg\" data-src=\"https:\/\/www.radlobby.org\/noe\/wp-content\/uploads\/20250405-Fahrradboerse@BadFischau.jpg\" data-thumb=\"https:\/\/www.radlobby.org\/noe\/wp-content\/uploads\/20250405-Fahrradboerse@BadFischau-300x300.jpg\" class=\"ml-lightbox-enabled\"><img loading=\"lazy\" decoding=\"async\" class=\"alignleft size-medium wp-image-38281\" src=\"https:\/\/www.radlobby.org\/noe\/wp-content\/uploads\/20250405-Fahrradboerse@BadFischau-300x300.jpg\" alt=\"\" width=\"300\" height=\"300\" srcset=\"https:\/\/www.radlobby.org\/noe\/wp-content\/uploads\/20250405-Fahrradboerse@BadFischau-300x300.jpg 300w, https:\/\/www.radlobby.org\/noe\/wp-content\/uploads\/20250405-Fahrradboerse@BadFischau-150x150.jpg 150w, https:\/\/www.radlobby.org\/noe\/wp-content\/uploads\/20250405-Fahrradboerse@BadFischau-270x270.jpg 270w, https:\/\/www.radlobby.org\/noe\/wp-content\/uploads\/20250405-Fahrradboerse@BadFischau-230x230.jpg 230w, https:\/\/www.radlobby.org\/noe\/wp-content\/uploads\/20250405-Fahrradboerse@BadFischau.jpg 419w\" sizes=\"auto, (max-width: 300px) 100vw, 300px\" \/><\/a>10:00 bis 12:00 (Wr.N. bis 13:00) Uhr: Verkauf <\/strong>durch die Veranstalter:innen<\/p>\n<p><strong>12:00 bis 13:00 (Wr.N. bis 14:00) Uhr: Abholung <\/strong>der nicht verkauften Fahrr\u00e4der<strong> \/Auszahlung <\/strong>an die vorherigen Radbesitzer:innen<strong><br \/>\n<\/strong><\/p>\n<p>Als Radlobby sind wir froh und dankbar, dass uns diese fr\u00fchere Radlobby-Initiative abgenommen wurde.<\/p>\n<p>In Wr. Neustadt wird auch die <strong>Polizei Wiener Neustadt<\/strong> im Rahmen von &#8220;Gemeinsam Sicher&#8221; mit einem Informationsstand der Kriminalpr\u00e4vention vertreten sein!<br \/>\nWeitere Details siehe <a href=\"https:\/\/noe.gruene.at\/news\/20-4-24-radborse-wr-neustadt\/\" target=\"_blank\" rel=\"noopener\">noe.gruene.at\/news\/20-4-24-radborse-wr-neustadt<\/a><\/p>\n<\/div>\n<\/div>\n","protected":false},"excerpt":{"rendered":"<p>Die Gr\u00fcnen veranstalten zwischen 5. April und 17. Mai vier Fahrradb\u00f6rsen, die gr\u00f6\u00dfte in Wiener Neustadt (Hauptplatz bei Wienerstra\u00dfe) am Samstag 26.4. Bereits am 5.April kann man in Bad Fischau am Hauptplatz Fahrr\u00e4der verkaufen und\/oder erstehen, am 10.Mai am Piestinger<\/p>\n","protected":false},"author":74,"featured_media":38272,"comment_status":"closed","ping_status":"closed","sticky":false,"template":"","format":"standard","meta":{"footnotes":""},"categories":[7],"tags":[],"class_list":["post-38271","post","type-post","status-publish","format-standard","has-post-thumbnail","hentry","category-wiener-neustadt"],"yoast_head":"<!-- This site is optimized with the Yoast SEO plugin v26.9 - https:\/\/yoast.com\/product\/yoast-seo-wordpress\/ -->\n<title>Wr. Neustadt Stadt+Bezirk: Fahrradb\u00f6rsen 2025 - Radlobby Nieder\u00f6sterreich<\/title>\n<meta name=\"robots\" content=\"index, follow, max-snippet:-1, max-image-preview:large, max-video-preview:-1\" \/>\n<link rel=\"canonical\" href=\"https:\/\/www.radlobby.org\/noe\/wiener-neustadt-stadt-und-bezirk-fahrradboersen-2025\/\" \/>\n<meta property=\"og:locale\" content=\"de_DE\" \/>\n<meta property=\"og:type\" content=\"article\" \/>\n<meta property=\"og:title\" content=\"Wr. Neustadt Stadt+Bezirk: Fahrradb\u00f6rsen 2025 - Radlobby Nieder\u00f6sterreich\" \/>\n<meta property=\"og:description\" content=\"Die Gr\u00fcnen veranstalten zwischen 5. April und 17. Mai vier Fahrradb\u00f6rsen, die gr\u00f6\u00dfte in Wiener Neustadt (Hauptplatz bei Wienerstra\u00dfe) am Samstag 26.4. Bereits am 5.April kann man in Bad Fischau am Hauptplatz Fahrr\u00e4der verkaufen und\/oder erstehen, am 10.Mai am Piestinger\" \/>\n<meta property=\"og:url\" content=\"https:\/\/www.radlobby.org\/noe\/wiener-neustadt-stadt-und-bezirk-fahrradboersen-2025\/\" \/>\n<meta property=\"og:site_name\" content=\"Radlobby Nieder\u00f6sterreich\" \/>\n<meta property=\"article:publisher\" content=\"https:\/\/www.facebook.com\/groups\/radfahren.in.noe\/\" \/>\n<meta property=\"article:published_time\" content=\"2025-03-20T20:13:43+00:00\" \/>\n<meta property=\"article:modified_time\" content=\"2025-03-27T06:05:12+00:00\" \/>\n<meta property=\"og:image\" content=\"https:\/\/www.radlobby.org\/noe\/wp-content\/uploads\/20250426-Fahrradboerse.jpg\" \/>\n\t<meta property=\"og:image:width\" content=\"605\" \/>\n\t<meta property=\"og:image:height\" content=\"409\" \/>\n\t<meta property=\"og:image:type\" content=\"image\/jpeg\" \/>\n<meta name=\"author\" content=\"Friedrich Krajnik\" \/>\n<meta name=\"twitter:card\" content=\"summary_large_image\" \/>\n<meta name=\"twitter:label1\" content=\"Verfasst von\" \/>\n\t<meta name=\"twitter:data1\" content=\"Friedrich Krajnik\" \/>\n\t<meta name=\"twitter:label2\" content=\"Gesch\u00e4tzte Lesezeit\" \/>\n\t<meta name=\"twitter:data2\" content=\"2\u00a0Minuten\" \/>\n<script type=\"application\/ld+json\" class=\"yoast-schema-graph\">{\"@context\":\"https:\/\/schema.org\",\"@graph\":[{\"@type\":\"Article\",\"@id\":\"https:\/\/www.radlobby.org\/noe\/wiener-neustadt-stadt-und-bezirk-fahrradboersen-2025\/#article\",\"isPartOf\":{\"@id\":\"https:\/\/www.radlobby.org\/noe\/wiener-neustadt-stadt-und-bezirk-fahrradboersen-2025\/\"},\"author\":{\"name\":\"Friedrich Krajnik\",\"@id\":\"https:\/\/www.radlobby.org\/noe\/#\/schema\/person\/dbca712e586adfe2fa4af0a87d6fe141\"},\"headline\":\"Wr. Neustadt Stadt+Bezirk: Fahrradb\u00f6rsen 2025\",\"datePublished\":\"2025-03-20T20:13:43+00:00\",\"dateModified\":\"2025-03-27T06:05:12+00:00\",\"mainEntityOfPage\":{\"@id\":\"https:\/\/www.radlobby.org\/noe\/wiener-neustadt-stadt-und-bezirk-fahrradboersen-2025\/\"},\"wordCount\":181,\"publisher\":{\"@id\":\"https:\/\/www.radlobby.org\/noe\/#organization\"},\"image\":{\"@id\":\"https:\/\/www.radlobby.org\/noe\/wiener-neustadt-stadt-und-bezirk-fahrradboersen-2025\/#primaryimage\"},\"thumbnailUrl\":\"https:\/\/www.radlobby.org\/noe\/wp-content\/uploads\/20250426-Fahrradboerse.jpg\",\"articleSection\":[\"Radlobby Wiener Neustadt\"],\"inLanguage\":\"de\"},{\"@type\":\"WebPage\",\"@id\":\"https:\/\/www.radlobby.org\/noe\/wiener-neustadt-stadt-und-bezirk-fahrradboersen-2025\/\",\"url\":\"https:\/\/www.radlobby.org\/noe\/wiener-neustadt-stadt-und-bezirk-fahrradboersen-2025\/\",\"name\":\"Wr. Neustadt Stadt+Bezirk: Fahrradb\u00f6rsen 2025 - Radlobby Nieder\u00f6sterreich\",\"isPartOf\":{\"@id\":\"https:\/\/www.radlobby.org\/noe\/#website\"},\"primaryImageOfPage\":{\"@id\":\"https:\/\/www.radlobby.org\/noe\/wiener-neustadt-stadt-und-bezirk-fahrradboersen-2025\/#primaryimage\"},\"image\":{\"@id\":\"https:\/\/www.radlobby.org\/noe\/wiener-neustadt-stadt-und-bezirk-fahrradboersen-2025\/#primaryimage\"},\"thumbnailUrl\":\"https:\/\/www.radlobby.org\/noe\/wp-content\/uploads\/20250426-Fahrradboerse.jpg\",\"datePublished\":\"2025-03-20T20:13:43+00:00\",\"dateModified\":\"2025-03-27T06:05:12+00:00\",\"breadcrumb\":{\"@id\":\"https:\/\/www.radlobby.org\/noe\/wiener-neustadt-stadt-und-bezirk-fahrradboersen-2025\/#breadcrumb\"},\"inLanguage\":\"de\",\"potentialAction\":[{\"@type\":\"ReadAction\",\"target\":[\"https:\/\/www.radlobby.org\/noe\/wiener-neustadt-stadt-und-bezirk-fahrradboersen-2025\/\"]}]},{\"@type\":\"ImageObject\",\"inLanguage\":\"de\",\"@id\":\"https:\/\/www.radlobby.org\/noe\/wiener-neustadt-stadt-und-bezirk-fahrradboersen-2025\/#primaryimage\",\"url\":\"https:\/\/www.radlobby.org\/noe\/wp-content\/uploads\/20250426-Fahrradboerse.jpg\",\"contentUrl\":\"https:\/\/www.radlobby.org\/noe\/wp-content\/uploads\/20250426-Fahrradboerse.jpg\",\"width\":605,\"height\":409},{\"@type\":\"BreadcrumbList\",\"@id\":\"https:\/\/www.radlobby.org\/noe\/wiener-neustadt-stadt-und-bezirk-fahrradboersen-2025\/#breadcrumb\",\"itemListElement\":[{\"@type\":\"ListItem\",\"position\":1,\"name\":\"Startseite\",\"item\":\"https:\/\/www.radlobby.org\/noe\/\"},{\"@type\":\"ListItem\",\"position\":2,\"name\":\"Wr. Neustadt Stadt+Bezirk: Fahrradb\u00f6rsen 2025\"}]},{\"@type\":\"WebSite\",\"@id\":\"https:\/\/www.radlobby.org\/noe\/#website\",\"url\":\"https:\/\/www.radlobby.org\/noe\/\",\"name\":\"Radlobby Nieder\u00f6sterreich\",\"description\":\"Radverkehr, Fahrrad, Radfahren, Radreisen, Radtouren, Radweg\",\"publisher\":{\"@id\":\"https:\/\/www.radlobby.org\/noe\/#organization\"},\"potentialAction\":[{\"@type\":\"SearchAction\",\"target\":{\"@type\":\"EntryPoint\",\"urlTemplate\":\"https:\/\/www.radlobby.org\/noe\/?s={search_term_string}\"},\"query-input\":{\"@type\":\"PropertyValueSpecification\",\"valueRequired\":true,\"valueName\":\"search_term_string\"}}],\"inLanguage\":\"de\"},{\"@type\":\"Organization\",\"@id\":\"https:\/\/www.radlobby.org\/noe\/#organization\",\"name\":\"Radlobby Nieder\u00f6sterreich\",\"url\":\"https:\/\/www.radlobby.org\/noe\/\",\"logo\":{\"@type\":\"ImageObject\",\"inLanguage\":\"de\",\"@id\":\"https:\/\/www.radlobby.org\/noe\/#\/schema\/logo\/image\/\",\"url\":\"https:\/\/www.radlobby.org\/noe\/wp-content\/uploads\/2017\/01\/cropped-Logo_Radlobby_Niederoesterreich_50-400px_quer-1.jpg\",\"contentUrl\":\"https:\/\/www.radlobby.org\/noe\/wp-content\/uploads\/2017\/01\/cropped-Logo_Radlobby_Niederoesterreich_50-400px_quer-1.jpg\",\"width\":450,\"height\":124,\"caption\":\"Radlobby Nieder\u00f6sterreich\"},\"image\":{\"@id\":\"https:\/\/www.radlobby.org\/noe\/#\/schema\/logo\/image\/\"},\"sameAs\":[\"https:\/\/www.facebook.com\/groups\/radfahren.in.noe\/\"]},{\"@type\":\"Person\",\"@id\":\"https:\/\/www.radlobby.org\/noe\/#\/schema\/person\/dbca712e586adfe2fa4af0a87d6fe141\",\"name\":\"Friedrich Krajnik\",\"image\":{\"@type\":\"ImageObject\",\"inLanguage\":\"de\",\"@id\":\"https:\/\/www.radlobby.org\/noe\/#\/schema\/person\/image\/\",\"url\":\"https:\/\/secure.gravatar.com\/avatar\/4314641e3979399f9d9ee084ecc2dc7c2ffac8ca4300c5804789dad40efa3aee?s=96&d=mm&r=g\",\"contentUrl\":\"https:\/\/secure.gravatar.com\/avatar\/4314641e3979399f9d9ee084ecc2dc7c2ffac8ca4300c5804789dad40efa3aee?s=96&d=mm&r=g\",\"caption\":\"Friedrich Krajnik\"},\"url\":\"https:\/\/www.radlobby.org\/noe\/author\/friedrich-krajnik\/\"}]}<\/script>\n<!-- \/ Yoast SEO plugin. -->","yoast_head_json":{"title":"Wr. Neustadt Stadt+Bezirk: Fahrradb\u00f6rsen 2025 - Radlobby Nieder\u00f6sterreich","robots":{"index":"index","follow":"follow","max-snippet":"max-snippet:-1","max-image-preview":"max-image-preview:large","max-video-preview":"max-video-preview:-1"},"canonical":"https:\/\/www.radlobby.org\/noe\/wiener-neustadt-stadt-und-bezirk-fahrradboersen-2025\/","og_locale":"de_DE","og_type":"article","og_title":"Wr. Neustadt Stadt+Bezirk: Fahrradb\u00f6rsen 2025 - Radlobby Nieder\u00f6sterreich","og_description":"Die Gr\u00fcnen veranstalten zwischen 5. April und 17. Mai vier Fahrradb\u00f6rsen, die gr\u00f6\u00dfte in Wiener Neustadt (Hauptplatz bei Wienerstra\u00dfe) am Samstag 26.4. Bereits am 5.April kann man in Bad Fischau am Hauptplatz Fahrr\u00e4der verkaufen und\/oder erstehen, am 10.Mai am Piestinger","og_url":"https:\/\/www.radlobby.org\/noe\/wiener-neustadt-stadt-und-bezirk-fahrradboersen-2025\/","og_site_name":"Radlobby Nieder\u00f6sterreich","article_publisher":"https:\/\/www.facebook.com\/groups\/radfahren.in.noe\/","article_published_time":"2025-03-20T20:13:43+00:00","article_modified_time":"2025-03-27T06:05:12+00:00","og_image":[{"width":605,"height":409,"url":"https:\/\/www.radlobby.org\/noe\/wp-content\/uploads\/20250426-Fahrradboerse.jpg","type":"image\/jpeg"}],"author":"Friedrich Krajnik","twitter_card":"summary_large_image","twitter_misc":{"Verfasst von":"Friedrich Krajnik","Gesch\u00e4tzte Lesezeit":"2\u00a0Minuten"},"schema":{"@context":"https:\/\/schema.org","@graph":[{"@type":"Article","@id":"https:\/\/www.radlobby.org\/noe\/wiener-neustadt-stadt-und-bezirk-fahrradboersen-2025\/#article","isPartOf":{"@id":"https:\/\/www.radlobby.org\/noe\/wiener-neustadt-stadt-und-bezirk-fahrradboersen-2025\/"},"author":{"name":"Friedrich Krajnik","@id":"https:\/\/www.radlobby.org\/noe\/#\/schema\/person\/dbca712e586adfe2fa4af0a87d6fe141"},"headline":"Wr. Neustadt Stadt+Bezirk: Fahrradb\u00f6rsen 2025","datePublished":"2025-03-20T20:13:43+00:00","dateModified":"2025-03-27T06:05:12+00:00","mainEntityOfPage":{"@id":"https:\/\/www.radlobby.org\/noe\/wiener-neustadt-stadt-und-bezirk-fahrradboersen-2025\/"},"wordCount":181,"publisher":{"@id":"https:\/\/www.radlobby.org\/noe\/#organization"},"image":{"@id":"https:\/\/www.radlobby.org\/noe\/wiener-neustadt-stadt-und-bezirk-fahrradboersen-2025\/#primaryimage"},"thumbnailUrl":"https:\/\/www.radlobby.org\/noe\/wp-content\/uploads\/20250426-Fahrradboerse.jpg","articleSection":["Radlobby Wiener Neustadt"],"inLanguage":"de"},{"@type":"WebPage","@id":"https:\/\/www.radlobby.org\/noe\/wiener-neustadt-stadt-und-bezirk-fahrradboersen-2025\/","url":"https:\/\/www.radlobby.org\/noe\/wiener-neustadt-stadt-und-bezirk-fahrradboersen-2025\/","name":"Wr. Neustadt Stadt+Bezirk: Fahrradb\u00f6rsen 2025 - Radlobby Nieder\u00f6sterreich","isPartOf":{"@id":"https:\/\/www.radlobby.org\/noe\/#website"},"primaryImageOfPage":{"@id":"https:\/\/www.radlobby.org\/noe\/wiener-neustadt-stadt-und-bezirk-fahrradboersen-2025\/#primaryimage"},"image":{"@id":"https:\/\/www.radlobby.org\/noe\/wiener-neustadt-stadt-und-bezirk-fahrradboersen-2025\/#primaryimage"},"thumbnailUrl":"https:\/\/www.radlobby.org\/noe\/wp-content\/uploads\/20250426-Fahrradboerse.jpg","datePublished":"2025-03-20T20:13:43+00:00","dateModified":"2025-03-27T06:05:12+00:00","breadcrumb":{"@id":"https:\/\/www.radlobby.org\/noe\/wiener-neustadt-stadt-und-bezirk-fahrradboersen-2025\/#breadcrumb"},"inLanguage":"de","potentialAction":[{"@type":"ReadAction","target":["https:\/\/www.radlobby.org\/noe\/wiener-neustadt-stadt-und-bezirk-fahrradboersen-2025\/"]}]},{"@type":"ImageObject","inLanguage":"de","@id":"https:\/\/www.radlobby.org\/noe\/wiener-neustadt-stadt-und-bezirk-fahrradboersen-2025\/#primaryimage","url":"https:\/\/www.radlobby.org\/noe\/wp-content\/uploads\/20250426-Fahrradboerse.jpg","contentUrl":"https:\/\/www.radlobby.org\/noe\/wp-content\/uploads\/20250426-Fahrradboerse.jpg","width":605,"height":409},{"@type":"BreadcrumbList","@id":"https:\/\/www.radlobby.org\/noe\/wiener-neustadt-stadt-und-bezirk-fahrradboersen-2025\/#breadcrumb","itemListElement":[{"@type":"ListItem","position":1,"name":"Startseite","item":"https:\/\/www.radlobby.org\/noe\/"},{"@type":"ListItem","position":2,"name":"Wr. Neustadt Stadt+Bezirk: Fahrradb\u00f6rsen 2025"}]},{"@type":"WebSite","@id":"https:\/\/www.radlobby.org\/noe\/#website","url":"https:\/\/www.radlobby.org\/noe\/","name":"Radlobby Nieder\u00f6sterreich","description":"Radverkehr, Fahrrad, Radfahren, Radreisen, Radtouren, Radweg","publisher":{"@id":"https:\/\/www.radlobby.org\/noe\/#organization"},"potentialAction":[{"@type":"SearchAction","target":{"@type":"EntryPoint","urlTemplate":"https:\/\/www.radlobby.org\/noe\/?s={search_term_string}"},"query-input":{"@type":"PropertyValueSpecification","valueRequired":true,"valueName":"search_term_string"}}],"inLanguage":"de"},{"@type":"Organization","@id":"https:\/\/www.radlobby.org\/noe\/#organization","name":"Radlobby Nieder\u00f6sterreich","url":"https:\/\/www.radlobby.org\/noe\/","logo":{"@type":"ImageObject","inLanguage":"de","@id":"https:\/\/www.radlobby.org\/noe\/#\/schema\/logo\/image\/","url":"https:\/\/www.radlobby.org\/noe\/wp-content\/uploads\/2017\/01\/cropped-Logo_Radlobby_Niederoesterreich_50-400px_quer-1.jpg","contentUrl":"https:\/\/www.radlobby.org\/noe\/wp-content\/uploads\/2017\/01\/cropped-Logo_Radlobby_Niederoesterreich_50-400px_quer-1.jpg","width":450,"height":124,"caption":"Radlobby Nieder\u00f6sterreich"},"image":{"@id":"https:\/\/www.radlobby.org\/noe\/#\/schema\/logo\/image\/"},"sameAs":["https:\/\/www.facebook.com\/groups\/radfahren.in.noe\/"]},{"@type":"Person","@id":"https:\/\/www.radlobby.org\/noe\/#\/schema\/person\/dbca712e586adfe2fa4af0a87d6fe141","name":"Friedrich Krajnik","image":{"@type":"ImageObject","inLanguage":"de","@id":"https:\/\/www.radlobby.org\/noe\/#\/schema\/person\/image\/","url":"https:\/\/secure.gravatar.com\/avatar\/4314641e3979399f9d9ee084ecc2dc7c2ffac8ca4300c5804789dad40efa3aee?s=96&d=mm&r=g","contentUrl":"https:\/\/secure.gravatar.com\/avatar\/4314641e3979399f9d9ee084ecc2dc7c2ffac8ca4300c5804789dad40efa3aee?s=96&d=mm&r=g","caption":"Friedrich Krajnik"},"url":"https:\/\/www.radlobby.org\/noe\/author\/friedrich-krajnik\/"}]}},"_links":{"self":[{"href":"https:\/\/www.radlobby.org\/noe\/wp-json\/wp\/v2\/posts\/38271","targetHints":{"allow":["GET"]}}],"collection":[{"href":"https:\/\/www.radlobby.org\/noe\/wp-json\/wp\/v2\/posts"}],"about":[{"href":"https:\/\/www.radlobby.org\/noe\/wp-json\/wp\/v2\/types\/post"}],"author":[{"embeddable":true,"href":"https:\/\/www.radlobby.org\/noe\/wp-json\/wp\/v2\/users\/74"}],"replies":[{"embeddable":true,"href":"https:\/\/www.radlobby.org\/noe\/wp-json\/wp\/v2\/comments?post=38271"}],"version-history":[{"count":11,"href":"https:\/\/www.radlobby.org\/noe\/wp-json\/wp\/v2\/posts\/38271\/revisions"}],"predecessor-version":[{"id":38285,"href":"https:\/\/www.radlobby.org\/noe\/wp-json\/wp\/v2\/posts\/38271\/revisions\/38285"}],"wp:featuredmedia":[{"embeddable":true,"href":"https:\/\/www.radlobby.org\/noe\/wp-json\/wp\/v2\/media\/38272"}],"wp:attachment":[{"href":"https:\/\/www.radlobby.org\/noe\/wp-json\/wp\/v2\/media?parent=38271"}],"wp:term":[{"taxonomy":"category","embeddable":true,"href":"https:\/\/www.radlobby.org\/noe\/wp-json\/wp\/v2\/categories?post=38271"},{"taxonomy":"post_tag","embeddable":true,"href":"https:\/\/www.radlobby.org\/noe\/wp-json\/wp\/v2\/tags?post=38271"}],"curies":[{"name":"wp","href":"https:\/\/api.w.org\/{rel}","templated":true}]}}